{"id":5734,"date":"2025-03-09T03:17:12","date_gmt":"2025-03-09T02:17:12","guid":{"rendered":"https:\/\/vieassociative.be\/actualites\/3-1-victoire-as-eupen-reussit-dans-lexemption\/"},"modified":"2025-03-09T03:17:12","modified_gmt":"2025-03-09T02:17:12","slug":"3-1-victoire-as-eupen-reussit-dans-lexemption","status":"publish","type":"post","link":"https:\/\/vieassociative.be\/actualites\/3-1-victoire-as-eupen-reussit-dans-lexemption\/","title":{"rendered":"3: 1 Victoire &#8211; As Eupen r\u00e9ussit dans l&rsquo;exemption"},"content":{"rendered":"<p><strong>Le As Eupen a finalement pu remporter un match de championnat. La rencontre contre Francs Borains pour les h\u00f4tes avait commenc\u00e9 avec une horreur. Le noir et blanc a ensuite gagn\u00e9 3: 1 et a fait un grand pas vers la rel\u00e9gation.<\/strong><\/p>\n<p><span id=\"more-410852\"><\/span><\/p>\n<p>Il y a eu quelques changements dans l&rsquo;\u00e9quipe AS pour ce match contre Francs Borain. Renaud Emond a \u00e9t\u00e9 ferm\u00e9, d&rsquo;autres joueurs n&rsquo;\u00e9taient pas en forme \u00e0 100% en raison de la maladie. De plus, le moment \u00e9tait venu pour l&rsquo;entra\u00eeneur Mersad Selimbegovic pour donner une chance aux quatre nouveaux ajouts. Sinon maintenant, quand?<\/p>\n<p>Il y a \u00e9galement eu un changement dans l&rsquo;objectif: Tom Roufosse s&rsquo;est d\u00e9plac\u00e9 entre les postes pour la premi\u00e8re fois pour le Julian Renner malade. Le prince Carnival Samuel, j&rsquo;ai donn\u00e9 l&rsquo;impulsion \u00e0 cette rencontre qu&rsquo;Eupen voulait absolument gagner.<\/p>\n<p>L&rsquo;Eupen commence \u00e0 onze: Roufosse-Van Genecht, Paeshuyse, Gorenc, Kennedy-Plastun, Hendrickx, Pantovic, Charles-Cook-Ejike, Wedingo.<\/p>\n<div id=\"attachment_403611\" class=\"wp-caption alignleft\" style=\"max-width: 300px\"><img fetchpriority=\"high\" decoding=\"async\" class=\"wp-image-403611 size-medium\" src=\"https:\/\/vieassociative.be\/actualites\/wp-content\/uploads\/2024\/12\/1733689145_956_Defaite-23-AS-sest-embarrasse-face-a-la-derniere.jpg\" alt=\"\" width=\"300\" height=\"200\"  ><\/p>\n<p class=\"wp-caption-text\">Mersad Selimbegovic, entra\u00eeneur de l&rsquo;Eeupen. Photo: Belga<\/p>\n<\/div>\n<p>Le match a commenc\u00e9 pour le CATASTROPHIQUE, car apr\u00e8s une passe arri\u00e8re beaucoup trop faible de Plastun au gardien de but Roufosse, il n&rsquo;avait pas le choix que de l&rsquo;attaquant de Francs Borains dans la zone de p\u00e9nalit\u00e9. Heureusement, l&rsquo;arbitre a montr\u00e9 \u00e0 juste titre le carton jaune pour le point de p\u00e9nalit\u00e9 et Roufosse.<\/p>\n<p>Prunier a commenc\u00e9 et a mis le ballon sur le poteau ext\u00e9rieur. DUSEL pour le AS! <\/p>\n<p>\u00c0 la 7e minute, Eupen a eu la chance de prendre les devants, mais Gorenc et Plastun se sont d\u00e9sactiv\u00e9s dans la zone de p\u00e9nalit\u00e9 des invit\u00e9s, c&rsquo;est pourquoi le ballon a d\u00e9pass\u00e9 le but.<\/p>\n<p>Eupen a perdu le ballon trop rapidement dans la structure du jeu. Alors Pantovic est venu en possession du ballon. L&rsquo;ancien joueur de l&rsquo;Union Berlin a tent\u00e9 sa chance avec un tir long et a \u00e9t\u00e9 en fait chanceux parce que le ballon a \u00e9t\u00e9 l\u00e9g\u00e8rement d\u00e9vi\u00e9 et est entr\u00e9 dans le but, 1-0.<\/p>\n<p>En cons\u00e9quence, Francs Borains a tent\u00e9 d&rsquo;atteindre l&rsquo;\u00e9galisation d\u00e8s que possible. Le gardien de but Roufosse a \u00e9t\u00e9 contest\u00e9 plusieurs fois.<\/p>\n<p>Dans le temps d&rsquo;arr\u00eat de la premi\u00e8re mi-temps, Eupen est \u00e9tonnamment pass\u00e9 \u00e0 2-0 par Wedingo, qui n&rsquo;a laiss\u00e9 que deux joueurs sortir de Francs Borains, puis ont donn\u00e9 \u00e0 Gies Gies avec un tir pr\u00e9cis, 2-0. Cette fois, l&rsquo;entra\u00eeneur Selibegovic ne pouvait vraiment pas se plaindre du manque d&rsquo;efficacit\u00e9.<\/p>\n<\/p>\n<div id=\"attachment_401499\" class=\"wp-caption alignleft\" style=\"max-width: 300px\"><img decoding=\"async\" class=\"wp-image-401499 size-medium\" src=\"https:\/\/vieassociative.be\/actualites\/wp-content\/uploads\/2025\/01\/LAS-Eupen-perd-le-duel-des-relegues-contre-le-RWDM.jpg\" alt=\"\" width=\"300\" height=\"200\"><\/p>\n<p class=\"wp-caption-text\">Le \u00abcombat de combat\u00bb d&rsquo;Eupen J\u00e9r\u00f4me. Photo: Belga<\/p>\n<\/div>\n<p>En seconde p\u00e9riode, le As a laiss\u00e9 le ballon aux invit\u00e9s et s&rsquo;est principalement recul\u00e9 dans sa propre moiti\u00e9, ce qui n&rsquo;\u00e9tait pas sans risque. C&rsquo;est peut-\u00eatre pour cela que Selibegovic a amen\u00e9 D\u00e9om \u00e0 Plastun \u00e0 la 55e minute pour faire avancer plus de train. Ce sont aussi les d\u00e9testations qui ont eu une chance de marquer apr\u00e8s sa substitution. \u00c0 la 60e minute, un coup de vol\u00e9e de Pantovic est pass\u00e9 juste le but.<\/p>\n<p>\u00c0 la 64e minute, comme Keita est venue pour Hendrickx et Gedikli pour Ejike. Dans la phase finale, Francs Borains a tout mis sur une carte. Eupen \u00e9tait satisfait du contre-football. Dalla Costa est venue pour Pantovic et Caliskan pour Wedingo.<\/p>\n<p>\u00c0 la 83e minute, Francs Borain a de nouveau pris espoir, car apr\u00e8s un croisement dans la zone de p\u00e9nalit\u00e9 que la d\u00e9fense d&rsquo;Eupen n&rsquo;a pas pu clarifier, Massolin est venu au tir et r\u00e9duit \u00e0 2-1.<\/p>\n<p>Heureusement, il n&rsquo;y avait pas de tremblement pour les h\u00f4tes, car \u00e0 la 87e minute, Dalla Costa a conquis le cuir au milieu de terrain, a pris d&rsquo;assaut le but, a r\u00e9ussi courageusement et a marqu\u00e9 son premier but en tant que professionnel, 3-1.<\/p>\n<p>C&rsquo;\u00e9tait aussi le score final. L&rsquo;As Eupen, qui occupe d\u00e9sormais la 11e place, est \u00e9galement bon pour la victoire car une longue pause suit maintenant: le jeu \u00e0 Deinze n&rsquo;a pas lieu pour des raisons connues, puis il y a une interruption internationale. Le noir et blanc ne jouera \u00e0 nouveau leur prochain match que le 30 mars contre Club NXT, l&rsquo;U23 du FC Bruges. (Cre)<\/p>\n","protected":false},"excerpt":{"rendered":"<p>Le As Eupen a finalement pu remporter un match de championnat. La rencontre contre Francs Borains pour les h\u00f4tes avait commenc\u00e9 avec une horreur. Le<\/p>\n","protected":false},"author":1,"featured_media":5735,"comment_status":"","ping_status":"","sticky":false,"template":"","format":"standard","meta":{"footnotes":""},"categories":[298],"tags":[166,2329,5745,5744,784],"class_list":["post-5734","post","type-post","status-publish","format-standard","has-post-thumbnail","hentry","category-belgique","tag-dans","tag-eupen","tag-lexemption","tag-reussit","tag-victoire","generate-columns","tablet-grid-50","mobile-grid-100","grid-parent","grid-33"],"yoast_head":"<!-- This site is optimized with the Yoast SEO plugin v24.0 - https:\/\/yoast.com\/wordpress\/plugins\/seo\/ -->\n<title>3: 1 Victoire - As Eupen r\u00e9ussit dans l&#039;exemption | Vie Associative<\/title>\n<meta name=\"robots\" content=\"index, follow, max-snippet:-1, max-image-preview:large, max-video-preview:-1\" \/>\n<link rel=\"canonical\" href=\"https:\/\/vieassociative.be\/actualites\/3-1-victoire-as-eupen-reussit-dans-lexemption\/\" \/>\n<meta property=\"og:locale\" content=\"fr_FR\" \/>\n<meta property=\"og:type\" content=\"article\" \/>\n<meta property=\"og:title\" content=\"3: 1 Victoire - As Eupen r\u00e9ussit dans l&#039;exemption | Vie Associative\" \/>\n<meta property=\"og:description\" content=\"Le As Eupen a finalement pu remporter un match de championnat. La rencontre contre Francs Borains pour les h\u00f4tes avait commenc\u00e9 avec une horreur. Le\" \/>\n<meta property=\"og:url\" content=\"https:\/\/vieassociative.be\/actualites\/3-1-victoire-as-eupen-reussit-dans-lexemption\/\" \/>\n<meta property=\"og:site_name\" content=\"Vie Associative\" \/>\n<meta property=\"article:published_time\" content=\"2025-03-09T02:17:12+00:00\" \/>\n<meta property=\"og:image\" content=\"https:\/\/vieassociative.be\/actualites\/wp-content\/uploads\/2024\/09\/header_backgroundk-01-e1726694325946.png\" \/>\n\t<meta property=\"og:image:width\" content=\"279\" \/>\n\t<meta property=\"og:image:height\" content=\"92\" \/>\n\t<meta property=\"og:image:type\" content=\"image\/png\" \/>\n<meta name=\"author\" content=\"Julien\" \/>\n<meta name=\"twitter:card\" content=\"summary_large_image\" \/>\n<meta name=\"twitter:label1\" content=\"\u00c9crit par\" \/>\n\t<meta name=\"twitter:data1\" content=\"Julien\" \/>\n\t<meta name=\"twitter:label2\" content=\"Dur\u00e9e de lecture est.\" \/>\n\t<meta name=\"twitter:data2\" content=\"3 minutes\" \/>\n<script type=\"application\/ld+json\" class=\"yoast-schema-graph\">{\"@context\":\"https:\/\/schema.org\",\"@graph\":[{\"@type\":\"Article\",\"@id\":\"https:\/\/vieassociative.be\/actualites\/3-1-victoire-as-eupen-reussit-dans-lexemption\/#article\",\"isPartOf\":{\"@id\":\"https:\/\/vieassociative.be\/actualites\/3-1-victoire-as-eupen-reussit-dans-lexemption\/\"},\"author\":{\"name\":\"Julien\",\"@id\":\"https:\/\/vieassociative.be\/actualites\/#\/schema\/person\/b87ac4f82f9d4e7b7cec7395b679edc4\"},\"headline\":\"3: 1 Victoire &#8211; As Eupen r\u00e9ussit dans l&rsquo;exemption\",\"datePublished\":\"2025-03-09T02:17:12+00:00\",\"dateModified\":\"2025-03-09T02:17:12+00:00\",\"mainEntityOfPage\":{\"@id\":\"https:\/\/vieassociative.be\/actualites\/3-1-victoire-as-eupen-reussit-dans-lexemption\/\"},\"wordCount\":723,\"publisher\":{\"@id\":\"https:\/\/vieassociative.be\/actualites\/#organization\"},\"image\":{\"@id\":\"https:\/\/vieassociative.be\/actualites\/3-1-victoire-as-eupen-reussit-dans-lexemption\/#primaryimage\"},\"thumbnailUrl\":\"https:\/\/vieassociative.be\/actualites\/wp-content\/uploads\/2025\/03\/3-1-Victoire-As-Eupen-reussit-dans-lexemption.jpg\",\"keywords\":[\"dans\",\"Eupen\",\"lexemption\",\"r\u00e9ussit\",\"victoire\"],\"articleSection\":[\"Belgique\"],\"inLanguage\":\"fr-BE\"},{\"@type\":\"WebPage\",\"@id\":\"https:\/\/vieassociative.be\/actualites\/3-1-victoire-as-eupen-reussit-dans-lexemption\/\",\"url\":\"https:\/\/vieassociative.be\/actualites\/3-1-victoire-as-eupen-reussit-dans-lexemption\/\",\"name\":\"3: 1 Victoire - As Eupen r\u00e9ussit dans l'exemption | Vie Associative\",\"isPartOf\":{\"@id\":\"https:\/\/vieassociative.be\/actualites\/#website\"},\"primaryImageOfPage\":{\"@id\":\"https:\/\/vieassociative.be\/actualites\/3-1-victoire-as-eupen-reussit-dans-lexemption\/#primaryimage\"},\"image\":{\"@id\":\"https:\/\/vieassociative.be\/actualites\/3-1-victoire-as-eupen-reussit-dans-lexemption\/#primaryimage\"},\"thumbnailUrl\":\"https:\/\/vieassociative.be\/actualites\/wp-content\/uploads\/2025\/03\/3-1-Victoire-As-Eupen-reussit-dans-lexemption.jpg\",\"datePublished\":\"2025-03-09T02:17:12+00:00\",\"dateModified\":\"2025-03-09T02:17:12+00:00\",\"breadcrumb\":{\"@id\":\"https:\/\/vieassociative.be\/actualites\/3-1-victoire-as-eupen-reussit-dans-lexemption\/#breadcrumb\"},\"inLanguage\":\"fr-BE\",\"potentialAction\":[{\"@type\":\"ReadAction\",\"target\":[\"https:\/\/vieassociative.be\/actualites\/3-1-victoire-as-eupen-reussit-dans-lexemption\/\"]}]},{\"@type\":\"ImageObject\",\"inLanguage\":\"fr-BE\",\"@id\":\"https:\/\/vieassociative.be\/actualites\/3-1-victoire-as-eupen-reussit-dans-lexemption\/#primaryimage\",\"url\":\"https:\/\/vieassociative.be\/actualites\/wp-content\/uploads\/2025\/03\/3-1-Victoire-As-Eupen-reussit-dans-lexemption.jpg\",\"contentUrl\":\"https:\/\/vieassociative.be\/actualites\/wp-content\/uploads\/2025\/03\/3-1-Victoire-As-Eupen-reussit-dans-lexemption.jpg\",\"width\":1200,\"height\":800,\"caption\":\"3: 1 Victoire - As Eupen r\u00e9ussit dans l'exemption\"},{\"@type\":\"BreadcrumbList\",\"@id\":\"https:\/\/vieassociative.be\/actualites\/3-1-victoire-as-eupen-reussit-dans-lexemption\/#breadcrumb\",\"itemListElement\":[{\"@type\":\"ListItem\",\"position\":1,\"name\":\"Accueil\",\"item\":\"https:\/\/vieassociative.be\/actualites\/\"},{\"@type\":\"ListItem\",\"position\":2,\"name\":\"3: 1 Victoire &#8211; As Eupen r\u00e9ussit dans l&rsquo;exemption\"}]},{\"@type\":\"WebSite\",\"@id\":\"https:\/\/vieassociative.be\/actualites\/#website\",\"url\":\"https:\/\/vieassociative.be\/actualites\/\",\"name\":\"Vie Associative\",\"description\":\"\",\"publisher\":{\"@id\":\"https:\/\/vieassociative.be\/actualites\/#organization\"},\"potentialAction\":[{\"@type\":\"SearchAction\",\"target\":{\"@type\":\"EntryPoint\",\"urlTemplate\":\"https:\/\/vieassociative.be\/actualites\/?s={search_term_string}\"},\"query-input\":{\"@type\":\"PropertyValueSpecification\",\"valueRequired\":true,\"valueName\":\"search_term_string\"}}],\"inLanguage\":\"fr-BE\"},{\"@type\":\"Organization\",\"@id\":\"https:\/\/vieassociative.be\/actualites\/#organization\",\"name\":\"Vie Associative\",\"url\":\"https:\/\/vieassociative.be\/actualites\/\",\"logo\":{\"@type\":\"ImageObject\",\"inLanguage\":\"fr-BE\",\"@id\":\"https:\/\/vieassociative.be\/actualites\/#\/schema\/logo\/image\/\",\"url\":\"https:\/\/vieassociative.be\/actualites\/wp-content\/uploads\/2024\/09\/cropped-vieassociative_favicon.ico.png\",\"contentUrl\":\"https:\/\/vieassociative.be\/actualites\/wp-content\/uploads\/2024\/09\/cropped-vieassociative_favicon.ico.png\",\"width\":512,\"height\":512,\"caption\":\"Vie Associative\"},\"image\":{\"@id\":\"https:\/\/vieassociative.be\/actualites\/#\/schema\/logo\/image\/\"}},{\"@type\":\"Person\",\"@id\":\"https:\/\/vieassociative.be\/actualites\/#\/schema\/person\/b87ac4f82f9d4e7b7cec7395b679edc4\",\"name\":\"Julien\",\"image\":{\"@type\":\"ImageObject\",\"inLanguage\":\"fr-BE\",\"@id\":\"https:\/\/vieassociative.be\/actualites\/#\/schema\/person\/image\/\",\"url\":\"https:\/\/vieassociative.be\/actualites\/wp-content\/uploads\/2024\/09\/vie-associative-1-150x150.jpg\",\"contentUrl\":\"https:\/\/vieassociative.be\/actualites\/wp-content\/uploads\/2024\/09\/vie-associative-1-150x150.jpg\",\"caption\":\"Julien\"},\"description\":\"Je suis Julien, r\u00e9dacteur pour Vie Associative. Passionn\u00e9 par le monde associatif depuis plus de 10 ans, j'ai \u00e0 c\u0153ur de partager des histoires inspirantes et de mettre en lumi\u00e8re les initiatives locales. Mon objectif est de sensibiliser et d'encourager l'engagement communautaire \u00e0 travers mes articles.\",\"sameAs\":[\"https:\/\/vieassociative.be\/\"]}]}<\/script>\n<!-- \/ Yoast SEO plugin. -->","yoast_head_json":{"title":"3: 1 Victoire - As Eupen r\u00e9ussit dans l'exemption | Vie Associative","robots":{"index":"index","follow":"follow","max-snippet":"max-snippet:-1","max-image-preview":"max-image-preview:large","max-video-preview":"max-video-preview:-1"},"canonical":"https:\/\/vieassociative.be\/actualites\/3-1-victoire-as-eupen-reussit-dans-lexemption\/","og_locale":"fr_FR","og_type":"article","og_title":"3: 1 Victoire - As Eupen r\u00e9ussit dans l'exemption | Vie Associative","og_description":"Le As Eupen a finalement pu remporter un match de championnat. La rencontre contre Francs Borains pour les h\u00f4tes avait commenc\u00e9 avec une horreur. Le","og_url":"https:\/\/vieassociative.be\/actualites\/3-1-victoire-as-eupen-reussit-dans-lexemption\/","og_site_name":"Vie Associative","article_published_time":"2025-03-09T02:17:12+00:00","og_image":[{"width":279,"height":92,"url":"https:\/\/vieassociative.be\/actualites\/wp-content\/uploads\/2024\/09\/header_backgroundk-01-e1726694325946.png","type":"image\/png"}],"author":"Julien","twitter_card":"summary_large_image","twitter_misc":{"\u00c9crit par":"Julien","Dur\u00e9e de lecture est.":"3 minutes"},"schema":{"@context":"https:\/\/schema.org","@graph":[{"@type":"Article","@id":"https:\/\/vieassociative.be\/actualites\/3-1-victoire-as-eupen-reussit-dans-lexemption\/#article","isPartOf":{"@id":"https:\/\/vieassociative.be\/actualites\/3-1-victoire-as-eupen-reussit-dans-lexemption\/"},"author":{"name":"Julien","@id":"https:\/\/vieassociative.be\/actualites\/#\/schema\/person\/b87ac4f82f9d4e7b7cec7395b679edc4"},"headline":"3: 1 Victoire &#8211; As Eupen r\u00e9ussit dans l&rsquo;exemption","datePublished":"2025-03-09T02:17:12+00:00","dateModified":"2025-03-09T02:17:12+00:00","mainEntityOfPage":{"@id":"https:\/\/vieassociative.be\/actualites\/3-1-victoire-as-eupen-reussit-dans-lexemption\/"},"wordCount":723,"publisher":{"@id":"https:\/\/vieassociative.be\/actualites\/#organization"},"image":{"@id":"https:\/\/vieassociative.be\/actualites\/3-1-victoire-as-eupen-reussit-dans-lexemption\/#primaryimage"},"thumbnailUrl":"https:\/\/vieassociative.be\/actualites\/wp-content\/uploads\/2025\/03\/3-1-Victoire-As-Eupen-reussit-dans-lexemption.jpg","keywords":["dans","Eupen","lexemption","r\u00e9ussit","victoire"],"articleSection":["Belgique"],"inLanguage":"fr-BE"},{"@type":"WebPage","@id":"https:\/\/vieassociative.be\/actualites\/3-1-victoire-as-eupen-reussit-dans-lexemption\/","url":"https:\/\/vieassociative.be\/actualites\/3-1-victoire-as-eupen-reussit-dans-lexemption\/","name":"3: 1 Victoire - As Eupen r\u00e9ussit dans l'exemption | Vie Associative","isPartOf":{"@id":"https:\/\/vieassociative.be\/actualites\/#website"},"primaryImageOfPage":{"@id":"https:\/\/vieassociative.be\/actualites\/3-1-victoire-as-eupen-reussit-dans-lexemption\/#primaryimage"},"image":{"@id":"https:\/\/vieassociative.be\/actualites\/3-1-victoire-as-eupen-reussit-dans-lexemption\/#primaryimage"},"thumbnailUrl":"https:\/\/vieassociative.be\/actualites\/wp-content\/uploads\/2025\/03\/3-1-Victoire-As-Eupen-reussit-dans-lexemption.jpg","datePublished":"2025-03-09T02:17:12+00:00","dateModified":"2025-03-09T02:17:12+00:00","breadcrumb":{"@id":"https:\/\/vieassociative.be\/actualites\/3-1-victoire-as-eupen-reussit-dans-lexemption\/#breadcrumb"},"inLanguage":"fr-BE","potentialAction":[{"@type":"ReadAction","target":["https:\/\/vieassociative.be\/actualites\/3-1-victoire-as-eupen-reussit-dans-lexemption\/"]}]},{"@type":"ImageObject","inLanguage":"fr-BE","@id":"https:\/\/vieassociative.be\/actualites\/3-1-victoire-as-eupen-reussit-dans-lexemption\/#primaryimage","url":"https:\/\/vieassociative.be\/actualites\/wp-content\/uploads\/2025\/03\/3-1-Victoire-As-Eupen-reussit-dans-lexemption.jpg","contentUrl":"https:\/\/vieassociative.be\/actualites\/wp-content\/uploads\/2025\/03\/3-1-Victoire-As-Eupen-reussit-dans-lexemption.jpg","width":1200,"height":800,"caption":"3: 1 Victoire - As Eupen r\u00e9ussit dans l'exemption"},{"@type":"BreadcrumbList","@id":"https:\/\/vieassociative.be\/actualites\/3-1-victoire-as-eupen-reussit-dans-lexemption\/#breadcrumb","itemListElement":[{"@type":"ListItem","position":1,"name":"Accueil","item":"https:\/\/vieassociative.be\/actualites\/"},{"@type":"ListItem","position":2,"name":"3: 1 Victoire &#8211; As Eupen r\u00e9ussit dans l&rsquo;exemption"}]},{"@type":"WebSite","@id":"https:\/\/vieassociative.be\/actualites\/#website","url":"https:\/\/vieassociative.be\/actualites\/","name":"Vie Associative","description":"","publisher":{"@id":"https:\/\/vieassociative.be\/actualites\/#organization"},"potentialAction":[{"@type":"SearchAction","target":{"@type":"EntryPoint","urlTemplate":"https:\/\/vieassociative.be\/actualites\/?s={search_term_string}"},"query-input":{"@type":"PropertyValueSpecification","valueRequired":true,"valueName":"search_term_string"}}],"inLanguage":"fr-BE"},{"@type":"Organization","@id":"https:\/\/vieassociative.be\/actualites\/#organization","name":"Vie Associative","url":"https:\/\/vieassociative.be\/actualites\/","logo":{"@type":"ImageObject","inLanguage":"fr-BE","@id":"https:\/\/vieassociative.be\/actualites\/#\/schema\/logo\/image\/","url":"https:\/\/vieassociative.be\/actualites\/wp-content\/uploads\/2024\/09\/cropped-vieassociative_favicon.ico.png","contentUrl":"https:\/\/vieassociative.be\/actualites\/wp-content\/uploads\/2024\/09\/cropped-vieassociative_favicon.ico.png","width":512,"height":512,"caption":"Vie Associative"},"image":{"@id":"https:\/\/vieassociative.be\/actualites\/#\/schema\/logo\/image\/"}},{"@type":"Person","@id":"https:\/\/vieassociative.be\/actualites\/#\/schema\/person\/b87ac4f82f9d4e7b7cec7395b679edc4","name":"Julien","image":{"@type":"ImageObject","inLanguage":"fr-BE","@id":"https:\/\/vieassociative.be\/actualites\/#\/schema\/person\/image\/","url":"https:\/\/vieassociative.be\/actualites\/wp-content\/uploads\/2024\/09\/vie-associative-1-150x150.jpg","contentUrl":"https:\/\/vieassociative.be\/actualites\/wp-content\/uploads\/2024\/09\/vie-associative-1-150x150.jpg","caption":"Julien"},"description":"Je suis Julien, r\u00e9dacteur pour Vie Associative. Passionn\u00e9 par le monde associatif depuis plus de 10 ans, j'ai \u00e0 c\u0153ur de partager des histoires inspirantes et de mettre en lumi\u00e8re les initiatives locales. Mon objectif est de sensibiliser et d'encourager l'engagement communautaire \u00e0 travers mes articles.","sameAs":["https:\/\/vieassociative.be\/"]}]}},"_links":{"self":[{"href":"https:\/\/vieassociative.be\/actualites\/wp-json\/wp\/v2\/posts\/5734"}],"collection":[{"href":"https:\/\/vieassociative.be\/actualites\/wp-json\/wp\/v2\/posts"}],"about":[{"href":"https:\/\/vieassociative.be\/actualites\/wp-json\/wp\/v2\/types\/post"}],"author":[{"embeddable":true,"href":"https:\/\/vieassociative.be\/actualites\/wp-json\/wp\/v2\/users\/1"}],"replies":[{"embeddable":true,"href":"https:\/\/vieassociative.be\/actualites\/wp-json\/wp\/v2\/comments?post=5734"}],"version-history":[{"count":0,"href":"https:\/\/vieassociative.be\/actualites\/wp-json\/wp\/v2\/posts\/5734\/revisions"}],"wp:featuredmedia":[{"embeddable":true,"href":"https:\/\/vieassociative.be\/actualites\/wp-json\/wp\/v2\/media\/5735"}],"wp:attachment":[{"href":"https:\/\/vieassociative.be\/actualites\/wp-json\/wp\/v2\/media?parent=5734"}],"wp:term":[{"taxonomy":"category","embeddable":true,"href":"https:\/\/vieassociative.be\/actualites\/wp-json\/wp\/v2\/categories?post=5734"},{"taxonomy":"post_tag","embeddable":true,"href":"https:\/\/vieassociative.be\/actualites\/wp-json\/wp\/v2\/tags?post=5734"}],"curies":[{"name":"wp","href":"https:\/\/api.w.org\/{rel}","templated":true}]}}