{"id":573,"date":"2024-09-27T19:20:33","date_gmt":"2024-09-27T17:20:33","guid":{"rendered":"https:\/\/vieassociative.be\/actualites\/les-meilleurs-et-les-pires-jours-pour-voler-autour-de-thanksgiving\/"},"modified":"2024-09-27T19:20:33","modified_gmt":"2024-09-27T17:20:33","slug":"les-meilleurs-et-les-pires-jours-pour-voler-autour-de-thanksgiving","status":"publish","type":"post","link":"https:\/\/vieassociative.be\/actualites\/les-meilleurs-et-les-pires-jours-pour-voler-autour-de-thanksgiving\/","title":{"rendered":"Les meilleurs et les pires jours pour voler autour de Thanksgiving"},"content":{"rendered":"<div class=\"mt-4 leading-6 md:mb-8\">Voici quand \u00e9viter le pire des foules lorsque vous devez vous rendre en avion \u00e0 votre dinde.<\/div>\n<p><\/p>\n<p>M\u00eame si les gens se plaignent des tracas et des maux de t\u00eate li\u00e9s au fait de prendre un vol quelque part pour Thanksgiving, ils le font encore chaque ann\u00e9e. En fait, l\u2019ann\u00e9e derni\u00e8re, le dimanche apr\u00e8s Thanksgiving a battu le record existant du plus grand nombre de passagers contr\u00f4l\u00e9s en une seule journ\u00e9e par la Transportation Security Administration (TSA), avec plus de 2,9 millions de personnes \u2013 un record qui a dur\u00e9 jusqu\u2019au 7 juillet 2024, date \u00e0 laquelle la TSA a contr\u00f4l\u00e9 plus de trois millions de passagers. <\/p>\n<p>Alors que 2024 s&rsquo;annonce comme une grande ann\u00e9e pour le transport a\u00e9rien, il est pr\u00e9f\u00e9rable de planifier \u00e0 l&rsquo;avance la p\u00e9riode des f\u00eates et, si possible, de r\u00e9server des vols les jours o\u00f9 l&rsquo;a\u00e9roport ne sera pas aussi mouvement\u00e9. Pour nous aider \u00e0 d\u00e9terminer quand cela se produira, l&rsquo;\u00e9quipe de NerdWallet a analys\u00e9 les chiffres et identifi\u00e9 les meilleurs et les pires jours pour voler autour de Thanksgiving.<\/p>\n<h2 id=\"the-best-days-to-fly-for-thanksgiving\">Les meilleurs jours pour voler pour Thanksgiving<\/h2>\n<p>En utilisant les num\u00e9ros de voyage aux points de contr\u00f4le TSA de 2021 \u00e0 2023 pour la p\u00e9riode de deux semaines autour de Thanksgiving, du jeudi avant au jeudi apr\u00e8s les vacances, NerdWallet a d\u00e9termin\u00e9 que ce sont les meilleurs jours pour voler\u00a0:<\/p>\n<h3>Avant Thanksgiving<\/h3>\n<ul>\n<li>\n<p><strong>Meilleur jour pour voler\u00a0:<\/strong> Samedi 23 novembre<\/p>\n<\/li>\n<li>\n<p><strong>Meilleur suivant<\/strong>: lundi 25 novembre<\/p>\n<\/li>\n<li>\n<p><strong>Une autre bonne option<\/strong>: jeudi 21 novembre<\/p>\n<\/li>\n<\/ul>\n<h3>Apr\u00e8s Thanksgiving<\/h3>\n<ul>\n<li>\n<p><strong>Meilleur jour pour voler<\/strong>: mercredi 4 d\u00e9cembre <\/p>\n<\/li>\n<li>\n<p><strong>Meilleur suivant<\/strong>: mardi 3 d\u00e9cembre<\/p>\n<\/li>\n<li>\n<p><strong>Une autre bonne option<\/strong>: Black Friday, 29 novembre<\/p>\n<\/li>\n<\/ul>\n<h3>Jour de Thanksgiving<\/h3>\n<p>Si votre voyage ne se concentre pas sur un d\u00eener ayant lieu le jeudi 28 novembre, vous voudrez peut-\u00eatre envisager de prendre l&rsquo;avion le jour de Thanksgiving lui-m\u00eame, car c&rsquo;est le jour o\u00f9 les a\u00e9roports sont les moins fr\u00e9quent\u00e9s.<\/p>\n<p>\u00ab\u00a0Ce n&rsquo;est peut-\u00eatre pas id\u00e9al pour tout le monde, mais si vous pouvez r\u00e9server le premier vol de la journ\u00e9e, vous en b\u00e9n\u00e9ficierez pour deux raisons\u00a0\u00bb, d\u00e9clare Sally French, experte en voyages de NerdWallet et auteur du rapport. \u00ab\u00a0Vous vivrez une journ\u00e9e de voyage relativement l\u00e9g\u00e8re &#8211; et probablement des prix plus bas &#8211; (et) vous serez rassur\u00e9 de savoir que les vols du matin sont moins susceptibles d&rsquo;\u00eatre annul\u00e9s que les vols plus tard dans la journ\u00e9e.\u00a0\u00bb <\/p>\n<h2 id=\"the-worst-days-to-fly-for-thanksgiving\">Les pires jours pour prendre l&rsquo;avion pour Thanksgiving<\/h2>\n<p>Selon les donn\u00e9es des points de contr\u00f4le de la TSA, ce sont les pires jours pour prendre l&rsquo;avion pour Thanksgiving\u00a0:<\/p>\n<h3>Avant Thanksgiving<\/h3>\n<ul>\n<li>\n<p><strong>Le pire jour pour voler<\/strong>: mercredi 27 novembre<\/p>\n<\/li>\n<li>\n<p><strong>Evitez \u00e9galement<\/strong>: mardi 26 novembre<\/p>\n<\/li>\n<\/ul>\n<h3>Apr\u00e8s Thanksgiving<\/h3>\n<ul>\n<li>\n<p><strong>Le pire jour pour voler<\/strong>: dimanche 1er d\u00e9cembre<\/p>\n<\/li>\n<li>\n<p><strong>Evitez \u00e9galement<\/strong>: samedi 30 novembre<\/p>\n<\/li>\n<\/ul>\n<p>S&rsquo;il y a un jour en particulier tu devrais <em>vraiment<\/em> essayez d&rsquo;\u00e9viter, nous sommes le dimanche 1er d\u00e9cembre. \u00ab\u00a0Le dimanche apr\u00e8s Thanksgiving a, dans la plupart des ann\u00e9es, battu les records du jour de voyage le plus charg\u00e9 de toute l&rsquo;ann\u00e9e\u00a0\u00bb, dit French. <\/p>\n<h2 id=\"when-to-book-your-thanksgiving-flights\">Quand r\u00e9server vos vols pour Thanksgiving<\/h2>\n<p>Selon French, c&rsquo;est maintenant le meilleur moment pour r\u00e9server des vols pour Thanksgiving. \u00ab\u00a0Nous avons tendance \u00e0 voir les meilleures offres au d\u00e9but du mois d&rsquo;octobre, ce qui approche\u00a0\u00bb, dit-elle. <\/p>\n<p>Mais qu\u2019en est-il des offres de derni\u00e8re minute ? Cela ne s&rsquo;applique pas \u00e0 Thanksgiving, dit French, car tant de gens essaient de voler dans le m\u00eame court laps de temps, vous \u00eates donc en comp\u00e9tition pour les vols avec tout le monde. \u00ab\u00a0Vous ne voulez pas attendre un tarif moins cher pour d\u00e9couvrir que votre vol id\u00e9al finit par se vendre de toute fa\u00e7on\u00a0\u00bb, dit-elle.<\/p>\n","protected":false},"excerpt":{"rendered":"<p>Voici quand \u00e9viter le pire des foules lorsque vous devez vous rendre en avion \u00e0 votre dinde. M\u00eame si les gens se plaignent des tracas<\/p>\n","protected":false},"author":1,"featured_media":574,"comment_status":"","ping_status":"","sticky":false,"template":"","format":"standard","meta":{"footnotes":""},"categories":[12],"tags":[618,937,14,187,312,81,939,938],"class_list":["post-573","post","type-post","status-publish","format-standard","has-post-thumbnail","hentry","category-voyage","tag-autour","tag-jours","tag-les","tag-meilleurs","tag-pires","tag-pour","tag-thanksgiving","tag-voler","generate-columns","tablet-grid-50","mobile-grid-100","grid-parent","grid-33"],"yoast_head":"<!-- This site is optimized with the Yoast SEO plugin v24.0 - https:\/\/yoast.com\/wordpress\/plugins\/seo\/ -->\n<title>Les meilleurs et les pires jours pour voler autour de Thanksgiving | Vie Associative<\/title>\n<meta name=\"robots\" content=\"index, follow, max-snippet:-1, max-image-preview:large, max-video-preview:-1\" \/>\n<link rel=\"canonical\" href=\"https:\/\/vieassociative.be\/actualites\/les-meilleurs-et-les-pires-jours-pour-voler-autour-de-thanksgiving\/\" \/>\n<meta property=\"og:locale\" content=\"fr_FR\" \/>\n<meta property=\"og:type\" content=\"article\" \/>\n<meta property=\"og:title\" content=\"Les meilleurs et les pires jours pour voler autour de Thanksgiving | Vie Associative\" \/>\n<meta property=\"og:description\" content=\"Voici quand \u00e9viter le pire des foules lorsque vous devez vous rendre en avion \u00e0 votre dinde. M\u00eame si les gens se plaignent des tracas\" \/>\n<meta property=\"og:url\" content=\"https:\/\/vieassociative.be\/actualites\/les-meilleurs-et-les-pires-jours-pour-voler-autour-de-thanksgiving\/\" \/>\n<meta property=\"og:site_name\" content=\"Vie Associative\" \/>\n<meta property=\"article:published_time\" content=\"2024-09-27T17:20:33+00:00\" \/>\n<meta property=\"og:image\" content=\"https:\/\/vieassociative.be\/actualites\/wp-content\/uploads\/2024\/09\/header_backgroundk-01-e1726694325946.png\" \/>\n\t<meta property=\"og:image:width\" content=\"279\" \/>\n\t<meta property=\"og:image:height\" content=\"92\" \/>\n\t<meta property=\"og:image:type\" content=\"image\/png\" \/>\n<meta name=\"author\" content=\"Julien\" \/>\n<meta name=\"twitter:card\" content=\"summary_large_image\" \/>\n<meta name=\"twitter:label1\" content=\"\u00c9crit par\" \/>\n\t<meta name=\"twitter:data1\" content=\"Julien\" \/>\n\t<meta name=\"twitter:label2\" content=\"Dur\u00e9e de lecture est.\" \/>\n\t<meta name=\"twitter:data2\" content=\"3 minutes\" \/>\n<script type=\"application\/ld+json\" class=\"yoast-schema-graph\">{\"@context\":\"https:\/\/schema.org\",\"@graph\":[{\"@type\":\"Article\",\"@id\":\"https:\/\/vieassociative.be\/actualites\/les-meilleurs-et-les-pires-jours-pour-voler-autour-de-thanksgiving\/#article\",\"isPartOf\":{\"@id\":\"https:\/\/vieassociative.be\/actualites\/les-meilleurs-et-les-pires-jours-pour-voler-autour-de-thanksgiving\/\"},\"author\":{\"name\":\"Julien\",\"@id\":\"https:\/\/vieassociative.be\/actualites\/#\/schema\/person\/b87ac4f82f9d4e7b7cec7395b679edc4\"},\"headline\":\"Les meilleurs et les pires jours pour voler autour de Thanksgiving\",\"datePublished\":\"2024-09-27T17:20:33+00:00\",\"dateModified\":\"2024-09-27T17:20:33+00:00\",\"mainEntityOfPage\":{\"@id\":\"https:\/\/vieassociative.be\/actualites\/les-meilleurs-et-les-pires-jours-pour-voler-autour-de-thanksgiving\/\"},\"wordCount\":659,\"publisher\":{\"@id\":\"https:\/\/vieassociative.be\/actualites\/#organization\"},\"image\":{\"@id\":\"https:\/\/vieassociative.be\/actualites\/les-meilleurs-et-les-pires-jours-pour-voler-autour-de-thanksgiving\/#primaryimage\"},\"thumbnailUrl\":\"https:\/\/vieassociative.be\/actualites\/wp-content\/uploads\/2024\/09\/Les-meilleurs-et-les-pires-jours-pour-voler-autour-de.png\",\"keywords\":[\"Autour\",\"jours\",\"Les\",\"meilleurs\",\"pires\",\"pour\",\"Thanksgiving\",\"voler\"],\"articleSection\":[\"Voyage\"],\"inLanguage\":\"fr-BE\"},{\"@type\":\"WebPage\",\"@id\":\"https:\/\/vieassociative.be\/actualites\/les-meilleurs-et-les-pires-jours-pour-voler-autour-de-thanksgiving\/\",\"url\":\"https:\/\/vieassociative.be\/actualites\/les-meilleurs-et-les-pires-jours-pour-voler-autour-de-thanksgiving\/\",\"name\":\"Les meilleurs et les pires jours pour voler autour de Thanksgiving | Vie Associative\",\"isPartOf\":{\"@id\":\"https:\/\/vieassociative.be\/actualites\/#website\"},\"primaryImageOfPage\":{\"@id\":\"https:\/\/vieassociative.be\/actualites\/les-meilleurs-et-les-pires-jours-pour-voler-autour-de-thanksgiving\/#primaryimage\"},\"image\":{\"@id\":\"https:\/\/vieassociative.be\/actualites\/les-meilleurs-et-les-pires-jours-pour-voler-autour-de-thanksgiving\/#primaryimage\"},\"thumbnailUrl\":\"https:\/\/vieassociative.be\/actualites\/wp-content\/uploads\/2024\/09\/Les-meilleurs-et-les-pires-jours-pour-voler-autour-de.png\",\"datePublished\":\"2024-09-27T17:20:33+00:00\",\"dateModified\":\"2024-09-27T17:20:33+00:00\",\"breadcrumb\":{\"@id\":\"https:\/\/vieassociative.be\/actualites\/les-meilleurs-et-les-pires-jours-pour-voler-autour-de-thanksgiving\/#breadcrumb\"},\"inLanguage\":\"fr-BE\",\"potentialAction\":[{\"@type\":\"ReadAction\",\"target\":[\"https:\/\/vieassociative.be\/actualites\/les-meilleurs-et-les-pires-jours-pour-voler-autour-de-thanksgiving\/\"]}]},{\"@type\":\"ImageObject\",\"inLanguage\":\"fr-BE\",\"@id\":\"https:\/\/vieassociative.be\/actualites\/les-meilleurs-et-les-pires-jours-pour-voler-autour-de-thanksgiving\/#primaryimage\",\"url\":\"https:\/\/vieassociative.be\/actualites\/wp-content\/uploads\/2024\/09\/Les-meilleurs-et-les-pires-jours-pour-voler-autour-de.png\",\"contentUrl\":\"https:\/\/vieassociative.be\/actualites\/wp-content\/uploads\/2024\/09\/Les-meilleurs-et-les-pires-jours-pour-voler-autour-de.png\",\"width\":1200,\"height\":675,\"caption\":\"Les meilleurs et les pires jours pour voler autour de Thanksgiving\"},{\"@type\":\"BreadcrumbList\",\"@id\":\"https:\/\/vieassociative.be\/actualites\/les-meilleurs-et-les-pires-jours-pour-voler-autour-de-thanksgiving\/#breadcrumb\",\"itemListElement\":[{\"@type\":\"ListItem\",\"position\":1,\"name\":\"Accueil\",\"item\":\"https:\/\/vieassociative.be\/actualites\/\"},{\"@type\":\"ListItem\",\"position\":2,\"name\":\"Les meilleurs et les pires jours pour voler autour de Thanksgiving\"}]},{\"@type\":\"WebSite\",\"@id\":\"https:\/\/vieassociative.be\/actualites\/#website\",\"url\":\"https:\/\/vieassociative.be\/actualites\/\",\"name\":\"Vie Associative\",\"description\":\"\",\"publisher\":{\"@id\":\"https:\/\/vieassociative.be\/actualites\/#organization\"},\"potentialAction\":[{\"@type\":\"SearchAction\",\"target\":{\"@type\":\"EntryPoint\",\"urlTemplate\":\"https:\/\/vieassociative.be\/actualites\/?s={search_term_string}\"},\"query-input\":{\"@type\":\"PropertyValueSpecification\",\"valueRequired\":true,\"valueName\":\"search_term_string\"}}],\"inLanguage\":\"fr-BE\"},{\"@type\":\"Organization\",\"@id\":\"https:\/\/vieassociative.be\/actualites\/#organization\",\"name\":\"Vie Associative\",\"url\":\"https:\/\/vieassociative.be\/actualites\/\",\"logo\":{\"@type\":\"ImageObject\",\"inLanguage\":\"fr-BE\",\"@id\":\"https:\/\/vieassociative.be\/actualites\/#\/schema\/logo\/image\/\",\"url\":\"https:\/\/vieassociative.be\/actualites\/wp-content\/uploads\/2024\/09\/cropped-vieassociative_favicon.ico.png\",\"contentUrl\":\"https:\/\/vieassociative.be\/actualites\/wp-content\/uploads\/2024\/09\/cropped-vieassociative_favicon.ico.png\",\"width\":512,\"height\":512,\"caption\":\"Vie Associative\"},\"image\":{\"@id\":\"https:\/\/vieassociative.be\/actualites\/#\/schema\/logo\/image\/\"}},{\"@type\":\"Person\",\"@id\":\"https:\/\/vieassociative.be\/actualites\/#\/schema\/person\/b87ac4f82f9d4e7b7cec7395b679edc4\",\"name\":\"Julien\",\"image\":{\"@type\":\"ImageObject\",\"inLanguage\":\"fr-BE\",\"@id\":\"https:\/\/vieassociative.be\/actualites\/#\/schema\/person\/image\/\",\"url\":\"https:\/\/vieassociative.be\/actualites\/wp-content\/uploads\/2024\/09\/vie-associative-1-150x150.jpg\",\"contentUrl\":\"https:\/\/vieassociative.be\/actualites\/wp-content\/uploads\/2024\/09\/vie-associative-1-150x150.jpg\",\"caption\":\"Julien\"},\"description\":\"Je suis Julien, r\u00e9dacteur pour Vie Associative. Passionn\u00e9 par le monde associatif depuis plus de 10 ans, j'ai \u00e0 c\u0153ur de partager des histoires inspirantes et de mettre en lumi\u00e8re les initiatives locales. Mon objectif est de sensibiliser et d'encourager l'engagement communautaire \u00e0 travers mes articles.\",\"sameAs\":[\"https:\/\/vieassociative.be\/\"]}]}<\/script>\n<!-- \/ Yoast SEO plugin. -->","yoast_head_json":{"title":"Les meilleurs et les pires jours pour voler autour de Thanksgiving | Vie Associative","robots":{"index":"index","follow":"follow","max-snippet":"max-snippet:-1","max-image-preview":"max-image-preview:large","max-video-preview":"max-video-preview:-1"},"canonical":"https:\/\/vieassociative.be\/actualites\/les-meilleurs-et-les-pires-jours-pour-voler-autour-de-thanksgiving\/","og_locale":"fr_FR","og_type":"article","og_title":"Les meilleurs et les pires jours pour voler autour de Thanksgiving | Vie Associative","og_description":"Voici quand \u00e9viter le pire des foules lorsque vous devez vous rendre en avion \u00e0 votre dinde. M\u00eame si les gens se plaignent des tracas","og_url":"https:\/\/vieassociative.be\/actualites\/les-meilleurs-et-les-pires-jours-pour-voler-autour-de-thanksgiving\/","og_site_name":"Vie Associative","article_published_time":"2024-09-27T17:20:33+00:00","og_image":[{"width":279,"height":92,"url":"https:\/\/vieassociative.be\/actualites\/wp-content\/uploads\/2024\/09\/header_backgroundk-01-e1726694325946.png","type":"image\/png"}],"author":"Julien","twitter_card":"summary_large_image","twitter_misc":{"\u00c9crit par":"Julien","Dur\u00e9e de lecture est.":"3 minutes"},"schema":{"@context":"https:\/\/schema.org","@graph":[{"@type":"Article","@id":"https:\/\/vieassociative.be\/actualites\/les-meilleurs-et-les-pires-jours-pour-voler-autour-de-thanksgiving\/#article","isPartOf":{"@id":"https:\/\/vieassociative.be\/actualites\/les-meilleurs-et-les-pires-jours-pour-voler-autour-de-thanksgiving\/"},"author":{"name":"Julien","@id":"https:\/\/vieassociative.be\/actualites\/#\/schema\/person\/b87ac4f82f9d4e7b7cec7395b679edc4"},"headline":"Les meilleurs et les pires jours pour voler autour de Thanksgiving","datePublished":"2024-09-27T17:20:33+00:00","dateModified":"2024-09-27T17:20:33+00:00","mainEntityOfPage":{"@id":"https:\/\/vieassociative.be\/actualites\/les-meilleurs-et-les-pires-jours-pour-voler-autour-de-thanksgiving\/"},"wordCount":659,"publisher":{"@id":"https:\/\/vieassociative.be\/actualites\/#organization"},"image":{"@id":"https:\/\/vieassociative.be\/actualites\/les-meilleurs-et-les-pires-jours-pour-voler-autour-de-thanksgiving\/#primaryimage"},"thumbnailUrl":"https:\/\/vieassociative.be\/actualites\/wp-content\/uploads\/2024\/09\/Les-meilleurs-et-les-pires-jours-pour-voler-autour-de.png","keywords":["Autour","jours","Les","meilleurs","pires","pour","Thanksgiving","voler"],"articleSection":["Voyage"],"inLanguage":"fr-BE"},{"@type":"WebPage","@id":"https:\/\/vieassociative.be\/actualites\/les-meilleurs-et-les-pires-jours-pour-voler-autour-de-thanksgiving\/","url":"https:\/\/vieassociative.be\/actualites\/les-meilleurs-et-les-pires-jours-pour-voler-autour-de-thanksgiving\/","name":"Les meilleurs et les pires jours pour voler autour de Thanksgiving | Vie Associative","isPartOf":{"@id":"https:\/\/vieassociative.be\/actualites\/#website"},"primaryImageOfPage":{"@id":"https:\/\/vieassociative.be\/actualites\/les-meilleurs-et-les-pires-jours-pour-voler-autour-de-thanksgiving\/#primaryimage"},"image":{"@id":"https:\/\/vieassociative.be\/actualites\/les-meilleurs-et-les-pires-jours-pour-voler-autour-de-thanksgiving\/#primaryimage"},"thumbnailUrl":"https:\/\/vieassociative.be\/actualites\/wp-content\/uploads\/2024\/09\/Les-meilleurs-et-les-pires-jours-pour-voler-autour-de.png","datePublished":"2024-09-27T17:20:33+00:00","dateModified":"2024-09-27T17:20:33+00:00","breadcrumb":{"@id":"https:\/\/vieassociative.be\/actualites\/les-meilleurs-et-les-pires-jours-pour-voler-autour-de-thanksgiving\/#breadcrumb"},"inLanguage":"fr-BE","potentialAction":[{"@type":"ReadAction","target":["https:\/\/vieassociative.be\/actualites\/les-meilleurs-et-les-pires-jours-pour-voler-autour-de-thanksgiving\/"]}]},{"@type":"ImageObject","inLanguage":"fr-BE","@id":"https:\/\/vieassociative.be\/actualites\/les-meilleurs-et-les-pires-jours-pour-voler-autour-de-thanksgiving\/#primaryimage","url":"https:\/\/vieassociative.be\/actualites\/wp-content\/uploads\/2024\/09\/Les-meilleurs-et-les-pires-jours-pour-voler-autour-de.png","contentUrl":"https:\/\/vieassociative.be\/actualites\/wp-content\/uploads\/2024\/09\/Les-meilleurs-et-les-pires-jours-pour-voler-autour-de.png","width":1200,"height":675,"caption":"Les meilleurs et les pires jours pour voler autour de Thanksgiving"},{"@type":"BreadcrumbList","@id":"https:\/\/vieassociative.be\/actualites\/les-meilleurs-et-les-pires-jours-pour-voler-autour-de-thanksgiving\/#breadcrumb","itemListElement":[{"@type":"ListItem","position":1,"name":"Accueil","item":"https:\/\/vieassociative.be\/actualites\/"},{"@type":"ListItem","position":2,"name":"Les meilleurs et les pires jours pour voler autour de Thanksgiving"}]},{"@type":"WebSite","@id":"https:\/\/vieassociative.be\/actualites\/#website","url":"https:\/\/vieassociative.be\/actualites\/","name":"Vie Associative","description":"","publisher":{"@id":"https:\/\/vieassociative.be\/actualites\/#organization"},"potentialAction":[{"@type":"SearchAction","target":{"@type":"EntryPoint","urlTemplate":"https:\/\/vieassociative.be\/actualites\/?s={search_term_string}"},"query-input":{"@type":"PropertyValueSpecification","valueRequired":true,"valueName":"search_term_string"}}],"inLanguage":"fr-BE"},{"@type":"Organization","@id":"https:\/\/vieassociative.be\/actualites\/#organization","name":"Vie Associative","url":"https:\/\/vieassociative.be\/actualites\/","logo":{"@type":"ImageObject","inLanguage":"fr-BE","@id":"https:\/\/vieassociative.be\/actualites\/#\/schema\/logo\/image\/","url":"https:\/\/vieassociative.be\/actualites\/wp-content\/uploads\/2024\/09\/cropped-vieassociative_favicon.ico.png","contentUrl":"https:\/\/vieassociative.be\/actualites\/wp-content\/uploads\/2024\/09\/cropped-vieassociative_favicon.ico.png","width":512,"height":512,"caption":"Vie Associative"},"image":{"@id":"https:\/\/vieassociative.be\/actualites\/#\/schema\/logo\/image\/"}},{"@type":"Person","@id":"https:\/\/vieassociative.be\/actualites\/#\/schema\/person\/b87ac4f82f9d4e7b7cec7395b679edc4","name":"Julien","image":{"@type":"ImageObject","inLanguage":"fr-BE","@id":"https:\/\/vieassociative.be\/actualites\/#\/schema\/person\/image\/","url":"https:\/\/vieassociative.be\/actualites\/wp-content\/uploads\/2024\/09\/vie-associative-1-150x150.jpg","contentUrl":"https:\/\/vieassociative.be\/actualites\/wp-content\/uploads\/2024\/09\/vie-associative-1-150x150.jpg","caption":"Julien"},"description":"Je suis Julien, r\u00e9dacteur pour Vie Associative. Passionn\u00e9 par le monde associatif depuis plus de 10 ans, j'ai \u00e0 c\u0153ur de partager des histoires inspirantes et de mettre en lumi\u00e8re les initiatives locales. Mon objectif est de sensibiliser et d'encourager l'engagement communautaire \u00e0 travers mes articles.","sameAs":["https:\/\/vieassociative.be\/"]}]}},"_links":{"self":[{"href":"https:\/\/vieassociative.be\/actualites\/wp-json\/wp\/v2\/posts\/573"}],"collection":[{"href":"https:\/\/vieassociative.be\/actualites\/wp-json\/wp\/v2\/posts"}],"about":[{"href":"https:\/\/vieassociative.be\/actualites\/wp-json\/wp\/v2\/types\/post"}],"author":[{"embeddable":true,"href":"https:\/\/vieassociative.be\/actualites\/wp-json\/wp\/v2\/users\/1"}],"replies":[{"embeddable":true,"href":"https:\/\/vieassociative.be\/actualites\/wp-json\/wp\/v2\/comments?post=573"}],"version-history":[{"count":0,"href":"https:\/\/vieassociative.be\/actualites\/wp-json\/wp\/v2\/posts\/573\/revisions"}],"wp:featuredmedia":[{"embeddable":true,"href":"https:\/\/vieassociative.be\/actualites\/wp-json\/wp\/v2\/media\/574"}],"wp:attachment":[{"href":"https:\/\/vieassociative.be\/actualites\/wp-json\/wp\/v2\/media?parent=573"}],"wp:term":[{"taxonomy":"category","embeddable":true,"href":"https:\/\/vieassociative.be\/actualites\/wp-json\/wp\/v2\/categories?post=573"},{"taxonomy":"post_tag","embeddable":true,"href":"https:\/\/vieassociative.be\/actualites\/wp-json\/wp\/v2\/tags?post=573"}],"curies":[{"name":"wp","href":"https:\/\/api.w.org\/{rel}","templated":true}]}}