{"id":5726,"date":"2025-03-08T21:16:58","date_gmt":"2025-03-08T20:16:58","guid":{"rendered":"https:\/\/vieassociative.be\/actualites\/la-baviere-et-leverkusen-patzen-sont-tous-deux-dans-la-course-au-titre-wirtz-menace-la-pause-forcee-perd-egalement-dortmund\/"},"modified":"2025-03-08T21:16:58","modified_gmt":"2025-03-08T20:16:58","slug":"la-baviere-et-leverkusen-patzen-sont-tous-deux-dans-la-course-au-titre-wirtz-menace-la-pause-forcee-perd-egalement-dortmund","status":"publish","type":"post","link":"https:\/\/vieassociative.be\/actualites\/la-baviere-et-leverkusen-patzen-sont-tous-deux-dans-la-course-au-titre-wirtz-menace-la-pause-forcee-perd-egalement-dortmund\/","title":{"rendered":"La Bavi\u00e8re et Leverkusen Patzen sont tous deux dans la course au titre &#8211; Wirtz menace la pause forc\u00e9e &#8211; perd \u00e9galement Dortmund"},"content":{"rendered":"<p><strong>Le FC Bayern Munich et Bayer Leverkusen veulent sauver les forces avant leur deuxi\u00e8me duel en Ligue des champions. Cela va mal. Le Borussia Dortmund a \u00e9galement d\u00e9\u00e7u.<\/strong><\/p>\n<p><span id=\"more-410838\"><\/span>Trois jours avant le deuxi\u00e8me \u00e9tage de la Ligue des champions, le FC Bayern, le FC Bayern, et le champion en titre Bayer Leverkusen se sont affront\u00e9s dans la course en titre de la Bundesliga. <\/p>\n<p>Les documents de Munich fortement r\u00e9interpr\u00e9t\u00e9s apr\u00e8s 2-0 sont en t\u00eate \u00e0 domicile 2: 3 (2: 1) contre le candidat de la rel\u00e9gation VFL Bochum apr\u00e8s que Jo\u00e3o Palhina ait vu le carton rouge peu avant la pause.<\/p>\n<div id=\"attachment_410842\" class=\"wp-caption alignleft\" style=\"max-width: 300px\"><img fetchpriority=\"high\" decoding=\"async\" class=\"wp-image-410842 size-medium\" src=\"https:\/\/vieassociative.be\/actualites\/wp-content\/uploads\/2025\/03\/La-Baviere-et-Leverkusen-Patzen-sont-tous-deux-dans-la.jpg\" alt=\"\" width=\"300\" height=\"200\"><\/p>\n<p class=\"wp-caption-text\">08.03.2025, Rhin-Westphalie du Nord, Leverkusen: l&rsquo;entra\u00eeneur de Bayer Xabi Alonso (L) parle \u00e0 Florian Wirtz, qui est bless\u00e9 sur le terrain. Photo: Federico Gambarini \/ DPA<\/p>\n<\/div>\n<p>Persacre Leverkusen n&rsquo;a pas pu utiliser l&rsquo;erreur du Bayern et a perdu son match \u00e0 domicile contre Werder Bremen 0: 2 (0: 1). Cela signifie que le Werkelf est \u00e0 plus de huit points derri\u00e8re le champion de record. <\/p>\n<p>Pour le champion en titre, il est difficile de faire que la star du milieu de terrain Florian Wirtz s&rsquo;est bless\u00e9e au pied. La star de Bayer menace de sortir en Ligue des champions \u00e0 deuxi\u00e8me \u00e9tape contre le Bayern Munich.<\/p>\n<p>Le Wirtz, qui n&rsquo;a \u00e9t\u00e9 substitu\u00e9 qu&rsquo;au deuxi\u00e8me mi-temps, a contract\u00e9 la blessure \u00e0 une faute de Mitchell Weiser de Br\u00eame et a d\u00fb quitter le terrain apr\u00e8s seulement huit minutes. Il n&rsquo;y avait initialement aucun diagnostic exact. Il est au moins discutable si Wirtz peut participer au match \u00e0 domicile contre le Bayern du FC mardi prochain. Leverkusen doit rattraper un d\u00e9ficit de 0-3 de la premi\u00e8re \u00e9tape de la lutte pour entrer dans les quarts de finale.<\/p>\n<p>Le Borussia Dortmund a conc\u00e9d\u00e9 un autre revers \u00e0 0: 1 (0: 1) contre le FC Augsburg \u00e0 domicile et se rend au deuxi\u00e8me \u00e9tage de la Ligue des champions \u00e0 OSC Lille sans vent arri\u00e8re. (DPA)<\/p>\n","protected":false},"excerpt":{"rendered":"<p>Le FC Bayern Munich et Bayer Leverkusen veulent sauver les forces avant leur deuxi\u00e8me duel en Ligue des champions. Cela va mal. Le Borussia Dortmund<\/p>\n","protected":false},"author":1,"featured_media":5727,"comment_status":"","ping_status":"","sticky":false,"template":"","format":"standard","meta":{"footnotes":""},"categories":[298],"tags":[5359,166,114,2475,172,5740,2822,3396,5737,5739,3021,18,2504,546,5738],"class_list":["post-5726","post","type-post","status-publish","format-standard","has-post-thumbnail","hentry","category-belgique","tag-baviere","tag-dans","tag-deux","tag-dortmund","tag-egalement","tag-forcee","tag-leverkusen","tag-menace","tag-patzen","tag-pause","tag-perd","tag-sont","tag-titre","tag-tous","tag-wirtz","generate-columns","tablet-grid-50","mobile-grid-100","grid-parent","grid-33"],"yoast_head":"<!-- This site is optimized with the Yoast SEO plugin v24.0 - https:\/\/yoast.com\/wordpress\/plugins\/seo\/ -->\n<title>La Bavi\u00e8re et Leverkusen Patzen sont tous deux dans la course au titre - Wirtz menace la pause forc\u00e9e - perd \u00e9galement Dortmund | Vie Associative<\/title>\n<meta name=\"robots\" content=\"index, follow, max-snippet:-1, max-image-preview:large, max-video-preview:-1\" \/>\n<link rel=\"canonical\" href=\"https:\/\/vieassociative.be\/actualites\/la-baviere-et-leverkusen-patzen-sont-tous-deux-dans-la-course-au-titre-wirtz-menace-la-pause-forcee-perd-egalement-dortmund\/\" \/>\n<meta property=\"og:locale\" content=\"fr_FR\" \/>\n<meta property=\"og:type\" content=\"article\" \/>\n<meta property=\"og:title\" content=\"La Bavi\u00e8re et Leverkusen Patzen sont tous deux dans la course au titre - Wirtz menace la pause forc\u00e9e - perd \u00e9galement Dortmund | Vie Associative\" \/>\n<meta property=\"og:description\" content=\"Le FC Bayern Munich et Bayer Leverkusen veulent sauver les forces avant leur deuxi\u00e8me duel en Ligue des champions. Cela va mal. Le Borussia Dortmund\" \/>\n<meta property=\"og:url\" content=\"https:\/\/vieassociative.be\/actualites\/la-baviere-et-leverkusen-patzen-sont-tous-deux-dans-la-course-au-titre-wirtz-menace-la-pause-forcee-perd-egalement-dortmund\/\" \/>\n<meta property=\"og:site_name\" content=\"Vie Associative\" \/>\n<meta property=\"article:published_time\" content=\"2025-03-08T20:16:58+00:00\" \/>\n<meta property=\"og:image\" content=\"https:\/\/vieassociative.be\/actualites\/wp-content\/uploads\/2024\/09\/header_backgroundk-01-e1726694325946.png\" \/>\n\t<meta property=\"og:image:width\" content=\"279\" \/>\n\t<meta property=\"og:image:height\" content=\"92\" \/>\n\t<meta property=\"og:image:type\" content=\"image\/png\" \/>\n<meta name=\"author\" content=\"Julien\" \/>\n<meta name=\"twitter:card\" content=\"summary_large_image\" \/>\n<meta name=\"twitter:label1\" content=\"\u00c9crit par\" \/>\n\t<meta name=\"twitter:data1\" content=\"Julien\" \/>\n\t<meta name=\"twitter:label2\" content=\"Dur\u00e9e de lecture est.\" \/>\n\t<meta name=\"twitter:data2\" content=\"2 minutes\" \/>\n<script type=\"application\/ld+json\" class=\"yoast-schema-graph\">{\"@context\":\"https:\/\/schema.org\",\"@graph\":[{\"@type\":\"Article\",\"@id\":\"https:\/\/vieassociative.be\/actualites\/la-baviere-et-leverkusen-patzen-sont-tous-deux-dans-la-course-au-titre-wirtz-menace-la-pause-forcee-perd-egalement-dortmund\/#article\",\"isPartOf\":{\"@id\":\"https:\/\/vieassociative.be\/actualites\/la-baviere-et-leverkusen-patzen-sont-tous-deux-dans-la-course-au-titre-wirtz-menace-la-pause-forcee-perd-egalement-dortmund\/\"},\"author\":{\"name\":\"Julien\",\"@id\":\"https:\/\/vieassociative.be\/actualites\/#\/schema\/person\/b87ac4f82f9d4e7b7cec7395b679edc4\"},\"headline\":\"La Bavi\u00e8re et Leverkusen Patzen sont tous deux dans la course au titre &#8211; Wirtz menace la pause forc\u00e9e &#8211; perd \u00e9galement Dortmund\",\"datePublished\":\"2025-03-08T20:16:58+00:00\",\"dateModified\":\"2025-03-08T20:16:58+00:00\",\"mainEntityOfPage\":{\"@id\":\"https:\/\/vieassociative.be\/actualites\/la-baviere-et-leverkusen-patzen-sont-tous-deux-dans-la-course-au-titre-wirtz-menace-la-pause-forcee-perd-egalement-dortmund\/\"},\"wordCount\":355,\"publisher\":{\"@id\":\"https:\/\/vieassociative.be\/actualites\/#organization\"},\"image\":{\"@id\":\"https:\/\/vieassociative.be\/actualites\/la-baviere-et-leverkusen-patzen-sont-tous-deux-dans-la-course-au-titre-wirtz-menace-la-pause-forcee-perd-egalement-dortmund\/#primaryimage\"},\"thumbnailUrl\":\"https:\/\/vieassociative.be\/actualites\/wp-content\/uploads\/2025\/03\/1741465018_La-Baviere-et-Leverkusen-Patzen-sont-tous-deux-dans-la.jpg\",\"keywords\":[\"Bavi\u00e8re\",\"dans\",\"deux\",\"Dortmund\",\"\u00e9galement\",\"forc\u00e9e\",\"Leverkusen\",\"menac\u00e9\",\"Patzen\",\"pause\",\"perd\",\"sont\",\"titre\",\"tous\",\"Wirtz\"],\"articleSection\":[\"Belgique\"],\"inLanguage\":\"fr-BE\"},{\"@type\":\"WebPage\",\"@id\":\"https:\/\/vieassociative.be\/actualites\/la-baviere-et-leverkusen-patzen-sont-tous-deux-dans-la-course-au-titre-wirtz-menace-la-pause-forcee-perd-egalement-dortmund\/\",\"url\":\"https:\/\/vieassociative.be\/actualites\/la-baviere-et-leverkusen-patzen-sont-tous-deux-dans-la-course-au-titre-wirtz-menace-la-pause-forcee-perd-egalement-dortmund\/\",\"name\":\"La Bavi\u00e8re et Leverkusen Patzen sont tous deux dans la course au titre - Wirtz menace la pause forc\u00e9e - perd \u00e9galement Dortmund | Vie Associative\",\"isPartOf\":{\"@id\":\"https:\/\/vieassociative.be\/actualites\/#website\"},\"primaryImageOfPage\":{\"@id\":\"https:\/\/vieassociative.be\/actualites\/la-baviere-et-leverkusen-patzen-sont-tous-deux-dans-la-course-au-titre-wirtz-menace-la-pause-forcee-perd-egalement-dortmund\/#primaryimage\"},\"image\":{\"@id\":\"https:\/\/vieassociative.be\/actualites\/la-baviere-et-leverkusen-patzen-sont-tous-deux-dans-la-course-au-titre-wirtz-menace-la-pause-forcee-perd-egalement-dortmund\/#primaryimage\"},\"thumbnailUrl\":\"https:\/\/vieassociative.be\/actualites\/wp-content\/uploads\/2025\/03\/1741465018_La-Baviere-et-Leverkusen-Patzen-sont-tous-deux-dans-la.jpg\",\"datePublished\":\"2025-03-08T20:16:58+00:00\",\"dateModified\":\"2025-03-08T20:16:58+00:00\",\"breadcrumb\":{\"@id\":\"https:\/\/vieassociative.be\/actualites\/la-baviere-et-leverkusen-patzen-sont-tous-deux-dans-la-course-au-titre-wirtz-menace-la-pause-forcee-perd-egalement-dortmund\/#breadcrumb\"},\"inLanguage\":\"fr-BE\",\"potentialAction\":[{\"@type\":\"ReadAction\",\"target\":[\"https:\/\/vieassociative.be\/actualites\/la-baviere-et-leverkusen-patzen-sont-tous-deux-dans-la-course-au-titre-wirtz-menace-la-pause-forcee-perd-egalement-dortmund\/\"]}]},{\"@type\":\"ImageObject\",\"inLanguage\":\"fr-BE\",\"@id\":\"https:\/\/vieassociative.be\/actualites\/la-baviere-et-leverkusen-patzen-sont-tous-deux-dans-la-course-au-titre-wirtz-menace-la-pause-forcee-perd-egalement-dortmund\/#primaryimage\",\"url\":\"https:\/\/vieassociative.be\/actualites\/wp-content\/uploads\/2025\/03\/1741465018_La-Baviere-et-Leverkusen-Patzen-sont-tous-deux-dans-la.jpg\",\"contentUrl\":\"https:\/\/vieassociative.be\/actualites\/wp-content\/uploads\/2025\/03\/1741465018_La-Baviere-et-Leverkusen-Patzen-sont-tous-deux-dans-la.jpg\",\"width\":1200,\"height\":768,\"caption\":\"La Bavi\u00e8re et Leverkusen Patzen sont tous deux dans la course au titre - Wirtz menace la pause forc\u00e9e - perd \u00e9galement Dortmund\"},{\"@type\":\"BreadcrumbList\",\"@id\":\"https:\/\/vieassociative.be\/actualites\/la-baviere-et-leverkusen-patzen-sont-tous-deux-dans-la-course-au-titre-wirtz-menace-la-pause-forcee-perd-egalement-dortmund\/#breadcrumb\",\"itemListElement\":[{\"@type\":\"ListItem\",\"position\":1,\"name\":\"Accueil\",\"item\":\"https:\/\/vieassociative.be\/actualites\/\"},{\"@type\":\"ListItem\",\"position\":2,\"name\":\"La Bavi\u00e8re et Leverkusen Patzen sont tous deux dans la course au titre &#8211; Wirtz menace la pause forc\u00e9e &#8211; perd \u00e9galement Dortmund\"}]},{\"@type\":\"WebSite\",\"@id\":\"https:\/\/vieassociative.be\/actualites\/#website\",\"url\":\"https:\/\/vieassociative.be\/actualites\/\",\"name\":\"Vie Associative\",\"description\":\"\",\"publisher\":{\"@id\":\"https:\/\/vieassociative.be\/actualites\/#organization\"},\"potentialAction\":[{\"@type\":\"SearchAction\",\"target\":{\"@type\":\"EntryPoint\",\"urlTemplate\":\"https:\/\/vieassociative.be\/actualites\/?s={search_term_string}\"},\"query-input\":{\"@type\":\"PropertyValueSpecification\",\"valueRequired\":true,\"valueName\":\"search_term_string\"}}],\"inLanguage\":\"fr-BE\"},{\"@type\":\"Organization\",\"@id\":\"https:\/\/vieassociative.be\/actualites\/#organization\",\"name\":\"Vie Associative\",\"url\":\"https:\/\/vieassociative.be\/actualites\/\",\"logo\":{\"@type\":\"ImageObject\",\"inLanguage\":\"fr-BE\",\"@id\":\"https:\/\/vieassociative.be\/actualites\/#\/schema\/logo\/image\/\",\"url\":\"https:\/\/vieassociative.be\/actualites\/wp-content\/uploads\/2024\/09\/cropped-vieassociative_favicon.ico.png\",\"contentUrl\":\"https:\/\/vieassociative.be\/actualites\/wp-content\/uploads\/2024\/09\/cropped-vieassociative_favicon.ico.png\",\"width\":512,\"height\":512,\"caption\":\"Vie Associative\"},\"image\":{\"@id\":\"https:\/\/vieassociative.be\/actualites\/#\/schema\/logo\/image\/\"}},{\"@type\":\"Person\",\"@id\":\"https:\/\/vieassociative.be\/actualites\/#\/schema\/person\/b87ac4f82f9d4e7b7cec7395b679edc4\",\"name\":\"Julien\",\"image\":{\"@type\":\"ImageObject\",\"inLanguage\":\"fr-BE\",\"@id\":\"https:\/\/vieassociative.be\/actualites\/#\/schema\/person\/image\/\",\"url\":\"https:\/\/vieassociative.be\/actualites\/wp-content\/uploads\/2024\/09\/vie-associative-1-150x150.jpg\",\"contentUrl\":\"https:\/\/vieassociative.be\/actualites\/wp-content\/uploads\/2024\/09\/vie-associative-1-150x150.jpg\",\"caption\":\"Julien\"},\"description\":\"Je suis Julien, r\u00e9dacteur pour Vie Associative. Passionn\u00e9 par le monde associatif depuis plus de 10 ans, j'ai \u00e0 c\u0153ur de partager des histoires inspirantes et de mettre en lumi\u00e8re les initiatives locales. Mon objectif est de sensibiliser et d'encourager l'engagement communautaire \u00e0 travers mes articles.\",\"sameAs\":[\"https:\/\/vieassociative.be\/\"]}]}<\/script>\n<!-- \/ Yoast SEO plugin. -->","yoast_head_json":{"title":"La Bavi\u00e8re et Leverkusen Patzen sont tous deux dans la course au titre - Wirtz menace la pause forc\u00e9e - perd \u00e9galement Dortmund | Vie Associative","robots":{"index":"index","follow":"follow","max-snippet":"max-snippet:-1","max-image-preview":"max-image-preview:large","max-video-preview":"max-video-preview:-1"},"canonical":"https:\/\/vieassociative.be\/actualites\/la-baviere-et-leverkusen-patzen-sont-tous-deux-dans-la-course-au-titre-wirtz-menace-la-pause-forcee-perd-egalement-dortmund\/","og_locale":"fr_FR","og_type":"article","og_title":"La Bavi\u00e8re et Leverkusen Patzen sont tous deux dans la course au titre - Wirtz menace la pause forc\u00e9e - perd \u00e9galement Dortmund | Vie Associative","og_description":"Le FC Bayern Munich et Bayer Leverkusen veulent sauver les forces avant leur deuxi\u00e8me duel en Ligue des champions. Cela va mal. Le Borussia Dortmund","og_url":"https:\/\/vieassociative.be\/actualites\/la-baviere-et-leverkusen-patzen-sont-tous-deux-dans-la-course-au-titre-wirtz-menace-la-pause-forcee-perd-egalement-dortmund\/","og_site_name":"Vie Associative","article_published_time":"2025-03-08T20:16:58+00:00","og_image":[{"width":279,"height":92,"url":"https:\/\/vieassociative.be\/actualites\/wp-content\/uploads\/2024\/09\/header_backgroundk-01-e1726694325946.png","type":"image\/png"}],"author":"Julien","twitter_card":"summary_large_image","twitter_misc":{"\u00c9crit par":"Julien","Dur\u00e9e de lecture est.":"2 minutes"},"schema":{"@context":"https:\/\/schema.org","@graph":[{"@type":"Article","@id":"https:\/\/vieassociative.be\/actualites\/la-baviere-et-leverkusen-patzen-sont-tous-deux-dans-la-course-au-titre-wirtz-menace-la-pause-forcee-perd-egalement-dortmund\/#article","isPartOf":{"@id":"https:\/\/vieassociative.be\/actualites\/la-baviere-et-leverkusen-patzen-sont-tous-deux-dans-la-course-au-titre-wirtz-menace-la-pause-forcee-perd-egalement-dortmund\/"},"author":{"name":"Julien","@id":"https:\/\/vieassociative.be\/actualites\/#\/schema\/person\/b87ac4f82f9d4e7b7cec7395b679edc4"},"headline":"La Bavi\u00e8re et Leverkusen Patzen sont tous deux dans la course au titre &#8211; Wirtz menace la pause forc\u00e9e &#8211; perd \u00e9galement Dortmund","datePublished":"2025-03-08T20:16:58+00:00","dateModified":"2025-03-08T20:16:58+00:00","mainEntityOfPage":{"@id":"https:\/\/vieassociative.be\/actualites\/la-baviere-et-leverkusen-patzen-sont-tous-deux-dans-la-course-au-titre-wirtz-menace-la-pause-forcee-perd-egalement-dortmund\/"},"wordCount":355,"publisher":{"@id":"https:\/\/vieassociative.be\/actualites\/#organization"},"image":{"@id":"https:\/\/vieassociative.be\/actualites\/la-baviere-et-leverkusen-patzen-sont-tous-deux-dans-la-course-au-titre-wirtz-menace-la-pause-forcee-perd-egalement-dortmund\/#primaryimage"},"thumbnailUrl":"https:\/\/vieassociative.be\/actualites\/wp-content\/uploads\/2025\/03\/1741465018_La-Baviere-et-Leverkusen-Patzen-sont-tous-deux-dans-la.jpg","keywords":["Bavi\u00e8re","dans","deux","Dortmund","\u00e9galement","forc\u00e9e","Leverkusen","menac\u00e9","Patzen","pause","perd","sont","titre","tous","Wirtz"],"articleSection":["Belgique"],"inLanguage":"fr-BE"},{"@type":"WebPage","@id":"https:\/\/vieassociative.be\/actualites\/la-baviere-et-leverkusen-patzen-sont-tous-deux-dans-la-course-au-titre-wirtz-menace-la-pause-forcee-perd-egalement-dortmund\/","url":"https:\/\/vieassociative.be\/actualites\/la-baviere-et-leverkusen-patzen-sont-tous-deux-dans-la-course-au-titre-wirtz-menace-la-pause-forcee-perd-egalement-dortmund\/","name":"La Bavi\u00e8re et Leverkusen Patzen sont tous deux dans la course au titre - Wirtz menace la pause forc\u00e9e - perd \u00e9galement Dortmund | Vie Associative","isPartOf":{"@id":"https:\/\/vieassociative.be\/actualites\/#website"},"primaryImageOfPage":{"@id":"https:\/\/vieassociative.be\/actualites\/la-baviere-et-leverkusen-patzen-sont-tous-deux-dans-la-course-au-titre-wirtz-menace-la-pause-forcee-perd-egalement-dortmund\/#primaryimage"},"image":{"@id":"https:\/\/vieassociative.be\/actualites\/la-baviere-et-leverkusen-patzen-sont-tous-deux-dans-la-course-au-titre-wirtz-menace-la-pause-forcee-perd-egalement-dortmund\/#primaryimage"},"thumbnailUrl":"https:\/\/vieassociative.be\/actualites\/wp-content\/uploads\/2025\/03\/1741465018_La-Baviere-et-Leverkusen-Patzen-sont-tous-deux-dans-la.jpg","datePublished":"2025-03-08T20:16:58+00:00","dateModified":"2025-03-08T20:16:58+00:00","breadcrumb":{"@id":"https:\/\/vieassociative.be\/actualites\/la-baviere-et-leverkusen-patzen-sont-tous-deux-dans-la-course-au-titre-wirtz-menace-la-pause-forcee-perd-egalement-dortmund\/#breadcrumb"},"inLanguage":"fr-BE","potentialAction":[{"@type":"ReadAction","target":["https:\/\/vieassociative.be\/actualites\/la-baviere-et-leverkusen-patzen-sont-tous-deux-dans-la-course-au-titre-wirtz-menace-la-pause-forcee-perd-egalement-dortmund\/"]}]},{"@type":"ImageObject","inLanguage":"fr-BE","@id":"https:\/\/vieassociative.be\/actualites\/la-baviere-et-leverkusen-patzen-sont-tous-deux-dans-la-course-au-titre-wirtz-menace-la-pause-forcee-perd-egalement-dortmund\/#primaryimage","url":"https:\/\/vieassociative.be\/actualites\/wp-content\/uploads\/2025\/03\/1741465018_La-Baviere-et-Leverkusen-Patzen-sont-tous-deux-dans-la.jpg","contentUrl":"https:\/\/vieassociative.be\/actualites\/wp-content\/uploads\/2025\/03\/1741465018_La-Baviere-et-Leverkusen-Patzen-sont-tous-deux-dans-la.jpg","width":1200,"height":768,"caption":"La Bavi\u00e8re et Leverkusen Patzen sont tous deux dans la course au titre - Wirtz menace la pause forc\u00e9e - perd \u00e9galement Dortmund"},{"@type":"BreadcrumbList","@id":"https:\/\/vieassociative.be\/actualites\/la-baviere-et-leverkusen-patzen-sont-tous-deux-dans-la-course-au-titre-wirtz-menace-la-pause-forcee-perd-egalement-dortmund\/#breadcrumb","itemListElement":[{"@type":"ListItem","position":1,"name":"Accueil","item":"https:\/\/vieassociative.be\/actualites\/"},{"@type":"ListItem","position":2,"name":"La Bavi\u00e8re et Leverkusen Patzen sont tous deux dans la course au titre &#8211; Wirtz menace la pause forc\u00e9e &#8211; perd \u00e9galement Dortmund"}]},{"@type":"WebSite","@id":"https:\/\/vieassociative.be\/actualites\/#website","url":"https:\/\/vieassociative.be\/actualites\/","name":"Vie Associative","description":"","publisher":{"@id":"https:\/\/vieassociative.be\/actualites\/#organization"},"potentialAction":[{"@type":"SearchAction","target":{"@type":"EntryPoint","urlTemplate":"https:\/\/vieassociative.be\/actualites\/?s={search_term_string}"},"query-input":{"@type":"PropertyValueSpecification","valueRequired":true,"valueName":"search_term_string"}}],"inLanguage":"fr-BE"},{"@type":"Organization","@id":"https:\/\/vieassociative.be\/actualites\/#organization","name":"Vie Associative","url":"https:\/\/vieassociative.be\/actualites\/","logo":{"@type":"ImageObject","inLanguage":"fr-BE","@id":"https:\/\/vieassociative.be\/actualites\/#\/schema\/logo\/image\/","url":"https:\/\/vieassociative.be\/actualites\/wp-content\/uploads\/2024\/09\/cropped-vieassociative_favicon.ico.png","contentUrl":"https:\/\/vieassociative.be\/actualites\/wp-content\/uploads\/2024\/09\/cropped-vieassociative_favicon.ico.png","width":512,"height":512,"caption":"Vie Associative"},"image":{"@id":"https:\/\/vieassociative.be\/actualites\/#\/schema\/logo\/image\/"}},{"@type":"Person","@id":"https:\/\/vieassociative.be\/actualites\/#\/schema\/person\/b87ac4f82f9d4e7b7cec7395b679edc4","name":"Julien","image":{"@type":"ImageObject","inLanguage":"fr-BE","@id":"https:\/\/vieassociative.be\/actualites\/#\/schema\/person\/image\/","url":"https:\/\/vieassociative.be\/actualites\/wp-content\/uploads\/2024\/09\/vie-associative-1-150x150.jpg","contentUrl":"https:\/\/vieassociative.be\/actualites\/wp-content\/uploads\/2024\/09\/vie-associative-1-150x150.jpg","caption":"Julien"},"description":"Je suis Julien, r\u00e9dacteur pour Vie Associative. Passionn\u00e9 par le monde associatif depuis plus de 10 ans, j'ai \u00e0 c\u0153ur de partager des histoires inspirantes et de mettre en lumi\u00e8re les initiatives locales. Mon objectif est de sensibiliser et d'encourager l'engagement communautaire \u00e0 travers mes articles.","sameAs":["https:\/\/vieassociative.be\/"]}]}},"_links":{"self":[{"href":"https:\/\/vieassociative.be\/actualites\/wp-json\/wp\/v2\/posts\/5726"}],"collection":[{"href":"https:\/\/vieassociative.be\/actualites\/wp-json\/wp\/v2\/posts"}],"about":[{"href":"https:\/\/vieassociative.be\/actualites\/wp-json\/wp\/v2\/types\/post"}],"author":[{"embeddable":true,"href":"https:\/\/vieassociative.be\/actualites\/wp-json\/wp\/v2\/users\/1"}],"replies":[{"embeddable":true,"href":"https:\/\/vieassociative.be\/actualites\/wp-json\/wp\/v2\/comments?post=5726"}],"version-history":[{"count":0,"href":"https:\/\/vieassociative.be\/actualites\/wp-json\/wp\/v2\/posts\/5726\/revisions"}],"wp:featuredmedia":[{"embeddable":true,"href":"https:\/\/vieassociative.be\/actualites\/wp-json\/wp\/v2\/media\/5727"}],"wp:attachment":[{"href":"https:\/\/vieassociative.be\/actualites\/wp-json\/wp\/v2\/media?parent=5726"}],"wp:term":[{"taxonomy":"category","embeddable":true,"href":"https:\/\/vieassociative.be\/actualites\/wp-json\/wp\/v2\/categories?post=5726"},{"taxonomy":"post_tag","embeddable":true,"href":"https:\/\/vieassociative.be\/actualites\/wp-json\/wp\/v2\/tags?post=5726"}],"curies":[{"name":"wp","href":"https:\/\/api.w.org\/{rel}","templated":true}]}}