{"id":5719,"date":"2025-03-08T15:18:06","date_gmt":"2025-03-08T14:18:06","guid":{"rendered":"https:\/\/vieassociative.be\/actualites\/la-commission-de-lue-rencontre-de-nouvelles-regles-pour-le-loup-a-lavenir-la-protection-ne-se-protegeait-que-strictement-au-lieu-de-tres-strict\/"},"modified":"2025-03-08T15:18:06","modified_gmt":"2025-03-08T14:18:06","slug":"la-commission-de-lue-rencontre-de-nouvelles-regles-pour-le-loup-a-lavenir-la-protection-ne-se-protegeait-que-strictement-au-lieu-de-tres-strict","status":"publish","type":"post","link":"https:\/\/vieassociative.be\/actualites\/la-commission-de-lue-rencontre-de-nouvelles-regles-pour-le-loup-a-lavenir-la-protection-ne-se-protegeait-que-strictement-au-lieu-de-tres-strict\/","title":{"rendered":"La Commission de l&rsquo;UE rencontre de nouvelles r\u00e8gles pour le loup: \u00e0 l&rsquo;avenir, la protection ne se prot\u00e9geait que \u00ab\u00a0strictement\u00a0\u00bb au lieu de \u00ab\u00a0tr\u00e8s strict\u00a0\u00bb"},"content":{"rendered":"<p><strong>Quand un loup peut-il \u00eatre abattu? Cette question est discut\u00e9e avec chauff\u00e9e. Maintenant, les nouvelles r\u00e8gles sont cens\u00e9es adoucir sa protection.<\/strong><\/p>\n<p><span id=\"more-410824\"><\/span>La Commission de l&rsquo;UE souhaite permettre \u00e0 ses \u00c9tats membres d&rsquo;agir fortement contre les loups. Selon la volont\u00e9 de l&rsquo;autorit\u00e9 de Bruxelles, les loups ne devraient \u00eatre soumis qu&rsquo;\u00e0 une protection \u00ab\u00a0stricte\u00a0\u00bb et plus \u00ab\u00a0tr\u00e8s stricte\u00a0\u00bb, comme elle l&rsquo;a dit. <\/p>\n<p>Avec cela, les pays de l&rsquo;UE peuvent faciliter le tournage des animaux, mais n&rsquo;ont pas \u00e0 le faire. Le Parlement de l&rsquo;UE et les \u00c9tats membres doivent accepter la proposition de changement correspondant de la loi.<\/p>\n<div id=\"attachment_410829\" class=\"wp-caption alignleft\" style=\"max-width: 300px\"><img fetchpriority=\"high\" decoding=\"async\" class=\"wp-image-410829 size-medium\" src=\"https:\/\/vieassociative.be\/actualites\/wp-content\/uploads\/2025\/03\/La-Commission-de-lUE-rencontre-de-nouvelles-regles-pour-le.jpg\" alt=\"\" width=\"300\" height=\"200\"><\/p>\n<p class=\"wp-caption-text\">Un loup f\u00e9minin cultiv\u00e9 est dans son enceinte dans le zoo. Photo: Christian Charisius \/ DPA<\/p>\n<\/div>\n<p>\u00ab\u00a0La densit\u00e9 des packs de loups dans certaines r\u00e9gions europ\u00e9ennes est devenue un v\u00e9ritable danger, en particulier pour les animaux de la ferme\u00a0\u00bb, a d\u00e9clar\u00e9 le pr\u00e9sident de la commission Ursula von der Leyen, selon une notification pr\u00e9c\u00e9demment envoy\u00e9e. Dans une version publi\u00e9e plus tard sur la page d&rsquo;accueil de la Commission, il dit: \u00ab\u00a0Dans certaines r\u00e9gions europ\u00e9ennes, les packs de loups sont devenus un v\u00e9ritable danger pour les animaux de la ferme.\u00a0\u00bb Afin de rencontrer les autorit\u00e9s locales les plus actives, avait demand\u00e9 plus de pouvoirs depuis longtemps. La commission se conforme maintenant \u00e0 cela.<\/p>\n<p><strong>&#8211; Les loups ont \u00e9t\u00e9 \u00e9radiqu\u00e9s en Europe occidentale:<\/strong> Selon l&rsquo;Organisation de protection des esp\u00e8ces du WWF, le loup en Europe occidentale a \u00e9t\u00e9 \u00e9radiqu\u00e9 au milieu du 19e si\u00e8cle. Il n&rsquo;a surv\u00e9cu qu&rsquo;\u00e0 l&rsquo;est et au sud de l&rsquo;Europe. En revanche, les populations se sont r\u00e9tablies de mani\u00e8re significative ces derni\u00e8res ann\u00e9es.<\/p>\n<p>Selon l&rsquo;organisation non gouvernementale Nabu, les propri\u00e9taires d&rsquo;animaux ont cependant besoin d&rsquo;un soutien \u00e9conomique, entre autres, avec une protection contre le troupeau. Selon un message, le directeur du d\u00e9partement, Konstantin Kreiser, a d\u00e9clar\u00e9: \u00ab\u00a0La d\u00e9cision d&rsquo;aujourd&rsquo;hui de la Commission est une pure politique de client\u00e8le au d\u00e9triment de la nature &#8211; sans perspective que cela r\u00e9duira consid\u00e9rablement le nombre de fissures de loup.\u00a0\u00bb (DPA)<\/p>\n","protected":false},"excerpt":{"rendered":"<p>Quand un loup peut-il \u00eatre abattu? Cette question est discut\u00e9e avec chauff\u00e9e. Maintenant, les nouvelles r\u00e8gles sont cens\u00e9es adoucir sa protection. La Commission de l&rsquo;UE<\/p>\n","protected":false},"author":1,"featured_media":5720,"comment_status":"","ping_status":"","sticky":false,"template":"","format":"standard","meta":{"footnotes":""},"categories":[298],"tags":[3560,2274,1541,5728,3578,1215,81,3054,5729,226,1184,5731,5730,2493],"class_list":["post-5719","post","type-post","status-publish","format-standard","has-post-thumbnail","hentry","category-belgique","tag-commission","tag-lavenir","tag-lieu","tag-loup","tag-lue","tag-nouvelles","tag-pour","tag-protection","tag-protegeait","tag-regles","tag-rencontre","tag-strict","tag-strictement","tag-tres","generate-columns","tablet-grid-50","mobile-grid-100","grid-parent","grid-33"],"yoast_head":"<!-- This site is optimized with the Yoast SEO plugin v24.0 - https:\/\/yoast.com\/wordpress\/plugins\/seo\/ -->\n<title>La Commission de l&#039;UE rencontre de nouvelles r\u00e8gles pour le loup: \u00e0 l&#039;avenir, la protection ne se prot\u00e9geait que &quot;strictement&quot; au lieu de &quot;tr\u00e8s strict&quot; | Vie Associative<\/title>\n<meta name=\"robots\" content=\"index, follow, max-snippet:-1, max-image-preview:large, max-video-preview:-1\" \/>\n<link rel=\"canonical\" href=\"https:\/\/vieassociative.be\/actualites\/la-commission-de-lue-rencontre-de-nouvelles-regles-pour-le-loup-a-lavenir-la-protection-ne-se-protegeait-que-strictement-au-lieu-de-tres-strict\/\" \/>\n<meta property=\"og:locale\" content=\"fr_FR\" \/>\n<meta property=\"og:type\" content=\"article\" \/>\n<meta property=\"og:title\" content=\"La Commission de l&#039;UE rencontre de nouvelles r\u00e8gles pour le loup: \u00e0 l&#039;avenir, la protection ne se prot\u00e9geait que &quot;strictement&quot; au lieu de &quot;tr\u00e8s strict&quot; | Vie Associative\" \/>\n<meta property=\"og:description\" content=\"Quand un loup peut-il \u00eatre abattu? Cette question est discut\u00e9e avec chauff\u00e9e. Maintenant, les nouvelles r\u00e8gles sont cens\u00e9es adoucir sa protection. La Commission de l&rsquo;UE\" \/>\n<meta property=\"og:url\" content=\"https:\/\/vieassociative.be\/actualites\/la-commission-de-lue-rencontre-de-nouvelles-regles-pour-le-loup-a-lavenir-la-protection-ne-se-protegeait-que-strictement-au-lieu-de-tres-strict\/\" \/>\n<meta property=\"og:site_name\" content=\"Vie Associative\" \/>\n<meta property=\"article:published_time\" content=\"2025-03-08T14:18:06+00:00\" \/>\n<meta property=\"og:image\" content=\"https:\/\/vieassociative.be\/actualites\/wp-content\/uploads\/2024\/09\/header_backgroundk-01-e1726694325946.png\" \/>\n\t<meta property=\"og:image:width\" content=\"279\" \/>\n\t<meta property=\"og:image:height\" content=\"92\" \/>\n\t<meta property=\"og:image:type\" content=\"image\/png\" \/>\n<meta name=\"author\" content=\"Julien\" \/>\n<meta name=\"twitter:card\" content=\"summary_large_image\" \/>\n<meta name=\"twitter:label1\" content=\"\u00c9crit par\" \/>\n\t<meta name=\"twitter:data1\" content=\"Julien\" \/>\n\t<meta name=\"twitter:label2\" content=\"Dur\u00e9e de lecture est.\" \/>\n\t<meta name=\"twitter:data2\" content=\"2 minutes\" \/>\n<script type=\"application\/ld+json\" class=\"yoast-schema-graph\">{\"@context\":\"https:\/\/schema.org\",\"@graph\":[{\"@type\":\"Article\",\"@id\":\"https:\/\/vieassociative.be\/actualites\/la-commission-de-lue-rencontre-de-nouvelles-regles-pour-le-loup-a-lavenir-la-protection-ne-se-protegeait-que-strictement-au-lieu-de-tres-strict\/#article\",\"isPartOf\":{\"@id\":\"https:\/\/vieassociative.be\/actualites\/la-commission-de-lue-rencontre-de-nouvelles-regles-pour-le-loup-a-lavenir-la-protection-ne-se-protegeait-que-strictement-au-lieu-de-tres-strict\/\"},\"author\":{\"name\":\"Julien\",\"@id\":\"https:\/\/vieassociative.be\/actualites\/#\/schema\/person\/b87ac4f82f9d4e7b7cec7395b679edc4\"},\"headline\":\"La Commission de l&rsquo;UE rencontre de nouvelles r\u00e8gles pour le loup: \u00e0 l&rsquo;avenir, la protection ne se prot\u00e9geait que \u00ab\u00a0strictement\u00a0\u00bb au lieu de \u00ab\u00a0tr\u00e8s strict\u00a0\u00bb\",\"datePublished\":\"2025-03-08T14:18:06+00:00\",\"dateModified\":\"2025-03-08T14:18:06+00:00\",\"mainEntityOfPage\":{\"@id\":\"https:\/\/vieassociative.be\/actualites\/la-commission-de-lue-rencontre-de-nouvelles-regles-pour-le-loup-a-lavenir-la-protection-ne-se-protegeait-que-strictement-au-lieu-de-tres-strict\/\"},\"wordCount\":403,\"publisher\":{\"@id\":\"https:\/\/vieassociative.be\/actualites\/#organization\"},\"image\":{\"@id\":\"https:\/\/vieassociative.be\/actualites\/la-commission-de-lue-rencontre-de-nouvelles-regles-pour-le-loup-a-lavenir-la-protection-ne-se-protegeait-que-strictement-au-lieu-de-tres-strict\/#primaryimage\"},\"thumbnailUrl\":\"https:\/\/vieassociative.be\/actualites\/wp-content\/uploads\/2025\/03\/1741443487_La-Commission-de-lUE-rencontre-de-nouvelles-regles-pour-le.jpg\",\"keywords\":[\"Commission\",\"lavenir\",\"lieu\",\"loup\",\"LUE\",\"nouvelles\",\"pour\",\"protection\",\"prot\u00e9geait\",\"r\u00e8gles\",\"rencontre\",\"strict\",\"strictement\",\"tr\u00e8s\"],\"articleSection\":[\"Belgique\"],\"inLanguage\":\"fr-BE\"},{\"@type\":\"WebPage\",\"@id\":\"https:\/\/vieassociative.be\/actualites\/la-commission-de-lue-rencontre-de-nouvelles-regles-pour-le-loup-a-lavenir-la-protection-ne-se-protegeait-que-strictement-au-lieu-de-tres-strict\/\",\"url\":\"https:\/\/vieassociative.be\/actualites\/la-commission-de-lue-rencontre-de-nouvelles-regles-pour-le-loup-a-lavenir-la-protection-ne-se-protegeait-que-strictement-au-lieu-de-tres-strict\/\",\"name\":\"La Commission de l'UE rencontre de nouvelles r\u00e8gles pour le loup: \u00e0 l'avenir, la protection ne se prot\u00e9geait que \\\"strictement\\\" au lieu de \\\"tr\u00e8s strict\\\" | Vie Associative\",\"isPartOf\":{\"@id\":\"https:\/\/vieassociative.be\/actualites\/#website\"},\"primaryImageOfPage\":{\"@id\":\"https:\/\/vieassociative.be\/actualites\/la-commission-de-lue-rencontre-de-nouvelles-regles-pour-le-loup-a-lavenir-la-protection-ne-se-protegeait-que-strictement-au-lieu-de-tres-strict\/#primaryimage\"},\"image\":{\"@id\":\"https:\/\/vieassociative.be\/actualites\/la-commission-de-lue-rencontre-de-nouvelles-regles-pour-le-loup-a-lavenir-la-protection-ne-se-protegeait-que-strictement-au-lieu-de-tres-strict\/#primaryimage\"},\"thumbnailUrl\":\"https:\/\/vieassociative.be\/actualites\/wp-content\/uploads\/2025\/03\/1741443487_La-Commission-de-lUE-rencontre-de-nouvelles-regles-pour-le.jpg\",\"datePublished\":\"2025-03-08T14:18:06+00:00\",\"dateModified\":\"2025-03-08T14:18:06+00:00\",\"breadcrumb\":{\"@id\":\"https:\/\/vieassociative.be\/actualites\/la-commission-de-lue-rencontre-de-nouvelles-regles-pour-le-loup-a-lavenir-la-protection-ne-se-protegeait-que-strictement-au-lieu-de-tres-strict\/#breadcrumb\"},\"inLanguage\":\"fr-BE\",\"potentialAction\":[{\"@type\":\"ReadAction\",\"target\":[\"https:\/\/vieassociative.be\/actualites\/la-commission-de-lue-rencontre-de-nouvelles-regles-pour-le-loup-a-lavenir-la-protection-ne-se-protegeait-que-strictement-au-lieu-de-tres-strict\/\"]}]},{\"@type\":\"ImageObject\",\"inLanguage\":\"fr-BE\",\"@id\":\"https:\/\/vieassociative.be\/actualites\/la-commission-de-lue-rencontre-de-nouvelles-regles-pour-le-loup-a-lavenir-la-protection-ne-se-protegeait-que-strictement-au-lieu-de-tres-strict\/#primaryimage\",\"url\":\"https:\/\/vieassociative.be\/actualites\/wp-content\/uploads\/2025\/03\/1741443487_La-Commission-de-lUE-rencontre-de-nouvelles-regles-pour-le.jpg\",\"contentUrl\":\"https:\/\/vieassociative.be\/actualites\/wp-content\/uploads\/2025\/03\/1741443487_La-Commission-de-lUE-rencontre-de-nouvelles-regles-pour-le.jpg\",\"width\":1200,\"height\":819,\"caption\":\"La Commission de l'UE rencontre de nouvelles r\u00e8gles pour le loup: \u00e0 l'avenir, la protection ne se prot\u00e9geait que \\\"strictement\\\" au lieu de \\\"tr\u00e8s strict\\\"\"},{\"@type\":\"BreadcrumbList\",\"@id\":\"https:\/\/vieassociative.be\/actualites\/la-commission-de-lue-rencontre-de-nouvelles-regles-pour-le-loup-a-lavenir-la-protection-ne-se-protegeait-que-strictement-au-lieu-de-tres-strict\/#breadcrumb\",\"itemListElement\":[{\"@type\":\"ListItem\",\"position\":1,\"name\":\"Accueil\",\"item\":\"https:\/\/vieassociative.be\/actualites\/\"},{\"@type\":\"ListItem\",\"position\":2,\"name\":\"La Commission de l&rsquo;UE rencontre de nouvelles r\u00e8gles pour le loup: \u00e0 l&rsquo;avenir, la protection ne se prot\u00e9geait que \u00ab\u00a0strictement\u00a0\u00bb au lieu de \u00ab\u00a0tr\u00e8s strict\u00a0\u00bb\"}]},{\"@type\":\"WebSite\",\"@id\":\"https:\/\/vieassociative.be\/actualites\/#website\",\"url\":\"https:\/\/vieassociative.be\/actualites\/\",\"name\":\"Vie Associative\",\"description\":\"\",\"publisher\":{\"@id\":\"https:\/\/vieassociative.be\/actualites\/#organization\"},\"potentialAction\":[{\"@type\":\"SearchAction\",\"target\":{\"@type\":\"EntryPoint\",\"urlTemplate\":\"https:\/\/vieassociative.be\/actualites\/?s={search_term_string}\"},\"query-input\":{\"@type\":\"PropertyValueSpecification\",\"valueRequired\":true,\"valueName\":\"search_term_string\"}}],\"inLanguage\":\"fr-BE\"},{\"@type\":\"Organization\",\"@id\":\"https:\/\/vieassociative.be\/actualites\/#organization\",\"name\":\"Vie Associative\",\"url\":\"https:\/\/vieassociative.be\/actualites\/\",\"logo\":{\"@type\":\"ImageObject\",\"inLanguage\":\"fr-BE\",\"@id\":\"https:\/\/vieassociative.be\/actualites\/#\/schema\/logo\/image\/\",\"url\":\"https:\/\/vieassociative.be\/actualites\/wp-content\/uploads\/2024\/09\/cropped-vieassociative_favicon.ico.png\",\"contentUrl\":\"https:\/\/vieassociative.be\/actualites\/wp-content\/uploads\/2024\/09\/cropped-vieassociative_favicon.ico.png\",\"width\":512,\"height\":512,\"caption\":\"Vie Associative\"},\"image\":{\"@id\":\"https:\/\/vieassociative.be\/actualites\/#\/schema\/logo\/image\/\"}},{\"@type\":\"Person\",\"@id\":\"https:\/\/vieassociative.be\/actualites\/#\/schema\/person\/b87ac4f82f9d4e7b7cec7395b679edc4\",\"name\":\"Julien\",\"image\":{\"@type\":\"ImageObject\",\"inLanguage\":\"fr-BE\",\"@id\":\"https:\/\/vieassociative.be\/actualites\/#\/schema\/person\/image\/\",\"url\":\"https:\/\/vieassociative.be\/actualites\/wp-content\/uploads\/2024\/09\/vie-associative-1-150x150.jpg\",\"contentUrl\":\"https:\/\/vieassociative.be\/actualites\/wp-content\/uploads\/2024\/09\/vie-associative-1-150x150.jpg\",\"caption\":\"Julien\"},\"description\":\"Je suis Julien, r\u00e9dacteur pour Vie Associative. Passionn\u00e9 par le monde associatif depuis plus de 10 ans, j'ai \u00e0 c\u0153ur de partager des histoires inspirantes et de mettre en lumi\u00e8re les initiatives locales. Mon objectif est de sensibiliser et d'encourager l'engagement communautaire \u00e0 travers mes articles.\",\"sameAs\":[\"https:\/\/vieassociative.be\/\"]}]}<\/script>\n<!-- \/ Yoast SEO plugin. -->","yoast_head_json":{"title":"La Commission de l'UE rencontre de nouvelles r\u00e8gles pour le loup: \u00e0 l'avenir, la protection ne se prot\u00e9geait que \"strictement\" au lieu de \"tr\u00e8s strict\" | Vie Associative","robots":{"index":"index","follow":"follow","max-snippet":"max-snippet:-1","max-image-preview":"max-image-preview:large","max-video-preview":"max-video-preview:-1"},"canonical":"https:\/\/vieassociative.be\/actualites\/la-commission-de-lue-rencontre-de-nouvelles-regles-pour-le-loup-a-lavenir-la-protection-ne-se-protegeait-que-strictement-au-lieu-de-tres-strict\/","og_locale":"fr_FR","og_type":"article","og_title":"La Commission de l'UE rencontre de nouvelles r\u00e8gles pour le loup: \u00e0 l'avenir, la protection ne se prot\u00e9geait que \"strictement\" au lieu de \"tr\u00e8s strict\" | Vie Associative","og_description":"Quand un loup peut-il \u00eatre abattu? Cette question est discut\u00e9e avec chauff\u00e9e. Maintenant, les nouvelles r\u00e8gles sont cens\u00e9es adoucir sa protection. La Commission de l&rsquo;UE","og_url":"https:\/\/vieassociative.be\/actualites\/la-commission-de-lue-rencontre-de-nouvelles-regles-pour-le-loup-a-lavenir-la-protection-ne-se-protegeait-que-strictement-au-lieu-de-tres-strict\/","og_site_name":"Vie Associative","article_published_time":"2025-03-08T14:18:06+00:00","og_image":[{"width":279,"height":92,"url":"https:\/\/vieassociative.be\/actualites\/wp-content\/uploads\/2024\/09\/header_backgroundk-01-e1726694325946.png","type":"image\/png"}],"author":"Julien","twitter_card":"summary_large_image","twitter_misc":{"\u00c9crit par":"Julien","Dur\u00e9e de lecture est.":"2 minutes"},"schema":{"@context":"https:\/\/schema.org","@graph":[{"@type":"Article","@id":"https:\/\/vieassociative.be\/actualites\/la-commission-de-lue-rencontre-de-nouvelles-regles-pour-le-loup-a-lavenir-la-protection-ne-se-protegeait-que-strictement-au-lieu-de-tres-strict\/#article","isPartOf":{"@id":"https:\/\/vieassociative.be\/actualites\/la-commission-de-lue-rencontre-de-nouvelles-regles-pour-le-loup-a-lavenir-la-protection-ne-se-protegeait-que-strictement-au-lieu-de-tres-strict\/"},"author":{"name":"Julien","@id":"https:\/\/vieassociative.be\/actualites\/#\/schema\/person\/b87ac4f82f9d4e7b7cec7395b679edc4"},"headline":"La Commission de l&rsquo;UE rencontre de nouvelles r\u00e8gles pour le loup: \u00e0 l&rsquo;avenir, la protection ne se prot\u00e9geait que \u00ab\u00a0strictement\u00a0\u00bb au lieu de \u00ab\u00a0tr\u00e8s strict\u00a0\u00bb","datePublished":"2025-03-08T14:18:06+00:00","dateModified":"2025-03-08T14:18:06+00:00","mainEntityOfPage":{"@id":"https:\/\/vieassociative.be\/actualites\/la-commission-de-lue-rencontre-de-nouvelles-regles-pour-le-loup-a-lavenir-la-protection-ne-se-protegeait-que-strictement-au-lieu-de-tres-strict\/"},"wordCount":403,"publisher":{"@id":"https:\/\/vieassociative.be\/actualites\/#organization"},"image":{"@id":"https:\/\/vieassociative.be\/actualites\/la-commission-de-lue-rencontre-de-nouvelles-regles-pour-le-loup-a-lavenir-la-protection-ne-se-protegeait-que-strictement-au-lieu-de-tres-strict\/#primaryimage"},"thumbnailUrl":"https:\/\/vieassociative.be\/actualites\/wp-content\/uploads\/2025\/03\/1741443487_La-Commission-de-lUE-rencontre-de-nouvelles-regles-pour-le.jpg","keywords":["Commission","lavenir","lieu","loup","LUE","nouvelles","pour","protection","prot\u00e9geait","r\u00e8gles","rencontre","strict","strictement","tr\u00e8s"],"articleSection":["Belgique"],"inLanguage":"fr-BE"},{"@type":"WebPage","@id":"https:\/\/vieassociative.be\/actualites\/la-commission-de-lue-rencontre-de-nouvelles-regles-pour-le-loup-a-lavenir-la-protection-ne-se-protegeait-que-strictement-au-lieu-de-tres-strict\/","url":"https:\/\/vieassociative.be\/actualites\/la-commission-de-lue-rencontre-de-nouvelles-regles-pour-le-loup-a-lavenir-la-protection-ne-se-protegeait-que-strictement-au-lieu-de-tres-strict\/","name":"La Commission de l'UE rencontre de nouvelles r\u00e8gles pour le loup: \u00e0 l'avenir, la protection ne se prot\u00e9geait que \"strictement\" au lieu de \"tr\u00e8s strict\" | Vie Associative","isPartOf":{"@id":"https:\/\/vieassociative.be\/actualites\/#website"},"primaryImageOfPage":{"@id":"https:\/\/vieassociative.be\/actualites\/la-commission-de-lue-rencontre-de-nouvelles-regles-pour-le-loup-a-lavenir-la-protection-ne-se-protegeait-que-strictement-au-lieu-de-tres-strict\/#primaryimage"},"image":{"@id":"https:\/\/vieassociative.be\/actualites\/la-commission-de-lue-rencontre-de-nouvelles-regles-pour-le-loup-a-lavenir-la-protection-ne-se-protegeait-que-strictement-au-lieu-de-tres-strict\/#primaryimage"},"thumbnailUrl":"https:\/\/vieassociative.be\/actualites\/wp-content\/uploads\/2025\/03\/1741443487_La-Commission-de-lUE-rencontre-de-nouvelles-regles-pour-le.jpg","datePublished":"2025-03-08T14:18:06+00:00","dateModified":"2025-03-08T14:18:06+00:00","breadcrumb":{"@id":"https:\/\/vieassociative.be\/actualites\/la-commission-de-lue-rencontre-de-nouvelles-regles-pour-le-loup-a-lavenir-la-protection-ne-se-protegeait-que-strictement-au-lieu-de-tres-strict\/#breadcrumb"},"inLanguage":"fr-BE","potentialAction":[{"@type":"ReadAction","target":["https:\/\/vieassociative.be\/actualites\/la-commission-de-lue-rencontre-de-nouvelles-regles-pour-le-loup-a-lavenir-la-protection-ne-se-protegeait-que-strictement-au-lieu-de-tres-strict\/"]}]},{"@type":"ImageObject","inLanguage":"fr-BE","@id":"https:\/\/vieassociative.be\/actualites\/la-commission-de-lue-rencontre-de-nouvelles-regles-pour-le-loup-a-lavenir-la-protection-ne-se-protegeait-que-strictement-au-lieu-de-tres-strict\/#primaryimage","url":"https:\/\/vieassociative.be\/actualites\/wp-content\/uploads\/2025\/03\/1741443487_La-Commission-de-lUE-rencontre-de-nouvelles-regles-pour-le.jpg","contentUrl":"https:\/\/vieassociative.be\/actualites\/wp-content\/uploads\/2025\/03\/1741443487_La-Commission-de-lUE-rencontre-de-nouvelles-regles-pour-le.jpg","width":1200,"height":819,"caption":"La Commission de l'UE rencontre de nouvelles r\u00e8gles pour le loup: \u00e0 l'avenir, la protection ne se prot\u00e9geait que \"strictement\" au lieu de \"tr\u00e8s strict\""},{"@type":"BreadcrumbList","@id":"https:\/\/vieassociative.be\/actualites\/la-commission-de-lue-rencontre-de-nouvelles-regles-pour-le-loup-a-lavenir-la-protection-ne-se-protegeait-que-strictement-au-lieu-de-tres-strict\/#breadcrumb","itemListElement":[{"@type":"ListItem","position":1,"name":"Accueil","item":"https:\/\/vieassociative.be\/actualites\/"},{"@type":"ListItem","position":2,"name":"La Commission de l&rsquo;UE rencontre de nouvelles r\u00e8gles pour le loup: \u00e0 l&rsquo;avenir, la protection ne se prot\u00e9geait que \u00ab\u00a0strictement\u00a0\u00bb au lieu de \u00ab\u00a0tr\u00e8s strict\u00a0\u00bb"}]},{"@type":"WebSite","@id":"https:\/\/vieassociative.be\/actualites\/#website","url":"https:\/\/vieassociative.be\/actualites\/","name":"Vie Associative","description":"","publisher":{"@id":"https:\/\/vieassociative.be\/actualites\/#organization"},"potentialAction":[{"@type":"SearchAction","target":{"@type":"EntryPoint","urlTemplate":"https:\/\/vieassociative.be\/actualites\/?s={search_term_string}"},"query-input":{"@type":"PropertyValueSpecification","valueRequired":true,"valueName":"search_term_string"}}],"inLanguage":"fr-BE"},{"@type":"Organization","@id":"https:\/\/vieassociative.be\/actualites\/#organization","name":"Vie Associative","url":"https:\/\/vieassociative.be\/actualites\/","logo":{"@type":"ImageObject","inLanguage":"fr-BE","@id":"https:\/\/vieassociative.be\/actualites\/#\/schema\/logo\/image\/","url":"https:\/\/vieassociative.be\/actualites\/wp-content\/uploads\/2024\/09\/cropped-vieassociative_favicon.ico.png","contentUrl":"https:\/\/vieassociative.be\/actualites\/wp-content\/uploads\/2024\/09\/cropped-vieassociative_favicon.ico.png","width":512,"height":512,"caption":"Vie Associative"},"image":{"@id":"https:\/\/vieassociative.be\/actualites\/#\/schema\/logo\/image\/"}},{"@type":"Person","@id":"https:\/\/vieassociative.be\/actualites\/#\/schema\/person\/b87ac4f82f9d4e7b7cec7395b679edc4","name":"Julien","image":{"@type":"ImageObject","inLanguage":"fr-BE","@id":"https:\/\/vieassociative.be\/actualites\/#\/schema\/person\/image\/","url":"https:\/\/vieassociative.be\/actualites\/wp-content\/uploads\/2024\/09\/vie-associative-1-150x150.jpg","contentUrl":"https:\/\/vieassociative.be\/actualites\/wp-content\/uploads\/2024\/09\/vie-associative-1-150x150.jpg","caption":"Julien"},"description":"Je suis Julien, r\u00e9dacteur pour Vie Associative. Passionn\u00e9 par le monde associatif depuis plus de 10 ans, j'ai \u00e0 c\u0153ur de partager des histoires inspirantes et de mettre en lumi\u00e8re les initiatives locales. Mon objectif est de sensibiliser et d'encourager l'engagement communautaire \u00e0 travers mes articles.","sameAs":["https:\/\/vieassociative.be\/"]}]}},"_links":{"self":[{"href":"https:\/\/vieassociative.be\/actualites\/wp-json\/wp\/v2\/posts\/5719"}],"collection":[{"href":"https:\/\/vieassociative.be\/actualites\/wp-json\/wp\/v2\/posts"}],"about":[{"href":"https:\/\/vieassociative.be\/actualites\/wp-json\/wp\/v2\/types\/post"}],"author":[{"embeddable":true,"href":"https:\/\/vieassociative.be\/actualites\/wp-json\/wp\/v2\/users\/1"}],"replies":[{"embeddable":true,"href":"https:\/\/vieassociative.be\/actualites\/wp-json\/wp\/v2\/comments?post=5719"}],"version-history":[{"count":0,"href":"https:\/\/vieassociative.be\/actualites\/wp-json\/wp\/v2\/posts\/5719\/revisions"}],"wp:featuredmedia":[{"embeddable":true,"href":"https:\/\/vieassociative.be\/actualites\/wp-json\/wp\/v2\/media\/5720"}],"wp:attachment":[{"href":"https:\/\/vieassociative.be\/actualites\/wp-json\/wp\/v2\/media?parent=5719"}],"wp:term":[{"taxonomy":"category","embeddable":true,"href":"https:\/\/vieassociative.be\/actualites\/wp-json\/wp\/v2\/categories?post=5719"},{"taxonomy":"post_tag","embeddable":true,"href":"https:\/\/vieassociative.be\/actualites\/wp-json\/wp\/v2\/tags?post=5719"}],"curies":[{"name":"wp","href":"https:\/\/api.w.org\/{rel}","templated":true}]}}