{"id":5712,"date":"2025-03-08T08:17:24","date_gmt":"2025-03-08T07:17:24","guid":{"rendered":"https:\/\/vieassociative.be\/actualites\/les-quatre-premiers-parametres-a-modifier-sur-nimporte-quelle-tablette-boox-e-ink\/"},"modified":"2025-03-08T08:17:24","modified_gmt":"2025-03-08T07:17:24","slug":"les-quatre-premiers-parametres-a-modifier-sur-nimporte-quelle-tablette-boox-e-ink","status":"publish","type":"post","link":"https:\/\/vieassociative.be\/actualites\/les-quatre-premiers-parametres-a-modifier-sur-nimporte-quelle-tablette-boox-e-ink\/","title":{"rendered":"Les quatre premiers param\u00e8tres \u00e0 modifier sur n&rsquo;importe quelle tablette BOOX E-INK"},"content":{"rendered":"<div class=\"mt-4 leading-6 md:mb-8\">Rendez votre nouveau cahier num\u00e9rique cher un peu plus facile \u00e0 utiliser.<\/div>\n<p><\/p>\n<p>Bien qu&rsquo;ils n&rsquo;auront jamais la reconnaissance du nom de l&rsquo;Amazon Kindle, les appareils E-INK de la soci\u00e9t\u00e9 de technologie chinoise Onyx International &#8211; ont \u00e9t\u00e9 sous la marque l\u00e9g\u00e8rement stupide \u00ab\u00a0Boox\u00a0\u00bb &#8211; gagnent un culte aux \u00c9tats-Unis, j&rsquo;ai examin\u00e9 trois de ses lecteurs \u00e9lectroniques et cahiers num\u00e9riques au cours de la derni\u00e8re ann\u00e9e, et je suis un grand fan. Et si vous lisez cet article, vous l&rsquo;\u00eates probablement aussi (ou le sera bient\u00f4t).<\/p>\n<p>J&rsquo;adore les appareils BOOX non seulement parce qu&rsquo;ils sont bien construits et complets (bien que si vous voulez plus de mes pens\u00e9es l\u00e0-bas, consultez mes \u00e9valuations du Box Palma, Notez Max et Note Air 4C). Je ne peux pas non plus en avoir assez de leur personnalisation. Rien ne me rend plus fou que d&rsquo;essayer de faire quelque chose de simple avec un appareil, seulement pour \u00eatre bloqu\u00e9 en raison d&rsquo;un logiciel verrouill\u00e9 qui ne veut pas me laisser. Des livres de chargement lat\u00e9ral sur un Kindle \u00e0 faire &#8211; enfin, essentiellement tout ce qui n&rsquo;est pas autoris\u00e9 sur un iPad, les grandes entreprises semblent d\u00e9termin\u00e9es \u00e0 me laisser faire avec mes appareils ce qu&rsquo;ils veulent que je fasse.<\/p>\n<p>Les appareils BOOX sont diff\u00e9rents: ils fonctionnent sur une version ouverte d&rsquo;Android qui vous permet de faire \u00e0 peu pr\u00e8s ce que vous voulez. Vous pouvez t\u00e9l\u00e9charger n&rsquo;importe quelle application dans le Google Play Store, vous n&rsquo;\u00eates donc pas li\u00e9 \u00e0 une seule plate-forme de lecture. Si vous souhaitez relancer les applications, n&rsquo;h\u00e9sitez pas \u00e0: brancher l&rsquo;appareil sur votre ordinateur portable et il montera directement sur le bureau. Si vous \u00eates vraiment ambitieux, vous pouvez m\u00eame installer votre propre lanceur pour changer compl\u00e8tement les choses.<\/p>\n<p>Bien que toute cette libert\u00e9 soit agr\u00e9able, cela signifie \u00e9galement que les appareils BOOX ont un peu plus une courbe d&rsquo;apprentissage que, disons, un Kindle plug-and-lis. Donc, si vous \u00eates le nouveau propri\u00e9taire de l&rsquo;un de ces appareils fantastiques &#8211; que ce soit une lecture \u00e9lectronique ou un cahier num\u00e9rique \u00e0 part enti\u00e8re &#8211; il y a quatre param\u00e8tres que vous devez changer tout de suite pour en tirer le meilleur parti.<\/p>\n<h2 id=\"set-a-one-touch-refresh\">D\u00e9finissez un rafra\u00eechissement \u00e0 une touche<\/h2>\n<p>Comme toute tablette E-INK, les appareils BOOX souffrent de \u00abfant\u00f4mes\u00bb occasionnels ou d&rsquo;images apr\u00e8s les aboutissants une fois que vous avez tourn\u00e9 une page. Bien que l&rsquo;appareil se rafra\u00eechisse automatiquement apr\u00e8s un certain nombre de robinets (en touchant l&rsquo;\u00e9cran, essentiellement), j&rsquo;aime configurer un rafra\u00eechissement \u00e0 une touche que je peux d\u00e9clencher quand je le souhaite. Selon votre appareil, il existe plusieurs fa\u00e7ons de le faire: un bouton ou un geste. <\/p>\n<h3>D\u00e9finition d&rsquo;un rafra\u00eechissement manuel sur un appareil BOOX avec des boutons<\/h3>\n<div class=\"eloquent-imagery-image\">\n<div class=\"flex justify-center\">\n                    <img decoding=\"async\" class=\"border border-gray-100\" src=\"https:\/\/vieassociative.be\/actualites\/wp-content\/uploads\/2025\/03\/Les-quatre-premiers-parametres-a-modifier-sur-nimporte-quelle-tablette.png\" alt=\"Param\u00e8tres du bouton d'action sur BOOX PALMA 2\" width=\"2000\" height=\"1125\" loading=\"lazy\"  >\n            <\/div>\n<\/p><\/div>\n<p>Si vous avez un BOox Palma ou un autre appareil avec des boutons de virage \/ volume de page, vous pouvez cartographier l&rsquo;un d&rsquo;eux pour actualiser un \u00e9cran. Pour le Palma, il est le plus logique d&rsquo;utiliser le bouton intelligent pour cela &#8211; c&rsquo;est le bouton sur le c\u00f4t\u00e9 gauche de l&rsquo;appareil, qui peut faire diff\u00e9rentes choses en fonction de savoir si vous appuyez une fois, deux fois ou que vous le maintenez vers le bas. Sur mon propre appareil, j&rsquo;ai cartographi\u00e9 un rafra\u00eechissement manuel \u00e0 une seule appuye sur le bouton intelligent, car c&rsquo;est la chose que je me trouve le plus souvent (cela, ou le retour \u00e0 l&rsquo;\u00e9cran d&rsquo;accueil, qui est une autre des nombreuses options que vous pouvez choisir). Cela dit, vous pouvez \u00e9galement cartographier une actualisation aux boutons de volume si vous le souhaitez (bien que je pr\u00e9f\u00e8re les utiliser pour les virages de la page).<\/p>\n<p>Pour rem\u00e9dier \u00e0 votre bouton intelligent, ouvrez l&rsquo;application Param\u00e8tres et appuyez sur <strong>Bouton intelligent<\/strong>. Appuyez sur votre option pr\u00e9f\u00e9r\u00e9e (<strong>Fonction \u00e0 courte pression<\/strong>, <strong>Fonction de double-cliquez<\/strong>ou <strong>Fonction \u00e0 longue pression<\/strong>) et s\u00e9lectionner <strong>Plein rafra\u00eechissement<\/strong>.<\/p>\n<h3>D\u00e9finir un rafra\u00eechissement manuel avec un geste<\/h3>\n<div class=\"eloquent-imagery-image\">\n<div class=\"flex justify-center\">\n                    <img decoding=\"async\" class=\"border border-gray-100\" src=\"https:\/\/vieassociative.be\/actualites\/wp-content\/uploads\/2025\/03\/1741418244_623_Les-quatre-premiers-parametres-a-modifier-sur-nimporte-quelle-tablette.png\" alt=\"Menu Gentture sur BOOX Note max\" width=\"2000\" height=\"1125\" loading=\"lazy\"  >\n            <\/div>\n<\/p><\/div>\n<p>Tous les appareils BOOX n&rsquo;ont pas de boutons, donc si le v\u00f4tre ne le fait pas, vous devrez cartographier un rafra\u00eechissement manuel en geste. (Bien que vous puissiez \u00e9galement le faire sur le Palma, si vous le souhaitez.)<\/p>\n<p>Pour commencer, ouvrez les param\u00e8tres et faites d\u00e9filer vers le bas vers <strong>Navigation syst\u00e8me<\/strong>. Sous <strong>Navigation inf\u00e9rieure<\/strong>robinet <strong>Plus de param\u00e8tres<\/strong>. Choisissez la zone de l&rsquo;\u00e9cran que vous souhaitez cartographier le rafra\u00eechissement en faisant glisser entre les options de gauche, du centre ou du c\u00f4t\u00e9 droit. Robinet <strong>Coutume<\/strong> Et puis choisissez <strong>Plein rafra\u00eechissement<\/strong> \u00e0 partir de votre liste d&rsquo;options.<\/p>\n<h2 id=\"choose-your-cloud-storage-option\">Choisissez votre option de stockage cloud<\/h2>\n<p>Les p\u00e9riph\u00e9riques BOOX ont tendance \u00e0 avoir un stockage embarqu\u00e9 g\u00e9n\u00e9reux, mais vous en tirerez plus en liant votre service de stockage cloud pr\u00e9f\u00e9r\u00e9 au niveau du syst\u00e8me. Cela vous permettra de d\u00e9placer des fichiers sur et hors de l&rsquo;appareil sans avoir besoin de le brancher sur votre ordinateur.<\/p>\n<p>Pour commencer, ouvrir <strong>Param\u00e8tres<\/strong>alors <strong>Comptes<\/strong>. Robinet <strong>Passez au stockage cloud dans la biblioth\u00e8que<\/strong>puis s\u00e9lectionnez votre option pr\u00e9f\u00e9r\u00e9e dans la liste. Vous avez un tas de choix, y compris Dropbox et Google Drive. Appuyez sur celui que vous voulez, puis connectez-vous.<\/p>\n<h2 id=\"manage-your-sleep-settings-if-you-listen-to-audiobooks\">G\u00e9rez vos param\u00e8tres de sommeil (si vous \u00e9coutez des livres audio)<\/h2>\n<div class=\"eloquent-imagery-image\">\n<div class=\"flex justify-center\">\n                    <img decoding=\"async\" class=\"border border-gray-100\" src=\"https:\/\/vieassociative.be\/actualites\/wp-content\/uploads\/2025\/03\/1741418244_869_Les-quatre-premiers-parametres-a-modifier-sur-nimporte-quelle-tablette.png\" alt=\"Menu des param\u00e8tres de sommeil sur l'appareil BOOX\" width=\"2000\" height=\"1125\" loading=\"lazy\"  >\n            <\/div>\n<\/p><\/div>\n<p>Dans un effort pour utiliser moins mon t\u00e9l\u00e9phone, j&rsquo;ai \u00e9galement d\u00e9plac\u00e9 mes livres audio vers mon palma (les 128 Go de stockage sont utiles ici). Cependant, j&rsquo;\u00e9tais frustr\u00e9 par l&rsquo;appareil en tant que lecteur audio au d\u00e9but parce que j&rsquo;utilise une couverture de protection, et chaque fois que je le fermais, il irait dormir, \u00e9teindre mon audio. Je me suis retrouv\u00e9 maladroitement en essayant de le glisser dans une poche avec le couvercle repli\u00e9, sans toucher accidentellement l&rsquo;\u00e9cran.<\/p>\n<p>Ensuite, j&rsquo;ai d\u00e9couvert qu&rsquo;il y avait un param\u00e8tre pour r\u00e9soudre ce probl\u00e8me. Ouvrez les param\u00e8tres, faites d\u00e9filer vers le bas pour afficher et dix \u00e9teignez la bascule pour dormir ou r\u00e9veillez l&rsquo;appareil \u00e0 l&rsquo;aide de la couverture de protection. Maintenant, votre audio continuera de jouer m\u00eame apr\u00e8s avoir ferm\u00e9 le couvercle et le coller dans votre poche. Ouais!<\/p>\n<p>Pendant que vous y \u00eates, vous voudrez peut-\u00eatre \u00e9galement d\u00e9sactiver l&rsquo;option de sommeil automatique, car je trouve que l&rsquo;appareil ne semble pas toujours savoir si vous jouez audio en arri\u00e8re-plan et vous d\u00e9sactivez si vous ne l&rsquo;avez pas touch\u00e9 depuis un certain temps. Ouvrez les param\u00e8tres et appuyez sur l&rsquo;alimentation, puis le sommeil automatique. Vous pouvez choisir des options entre 3 minutes et une heure. (Si vous choisissez \u00ab\u00a0Never\u00a0\u00bb, le syst\u00e8me d&rsquo;exploitation vous avertira que cela r\u00e9duira la dur\u00e9e de vie de la batterie, mais \u00e0 moins que vous n&rsquo;utilisiez le WiFi ou le Bluetooth et que la lumi\u00e8re avant augmente, cela ne fera pas vraiment la diff\u00e9rence, car les \u00e9crans E-INK n&rsquo;utilisent la puissance que lorsqu&rsquo;ils se rafra\u00eechissent.) <\/p>\n<h2 id=\"change-your-lock-screen-image-and-screensaver\">Modifiez l&rsquo;image de votre \u00e9cran de verrouillage et l&rsquo;\u00e9conomie d&rsquo;\u00e9cran<\/h2>\n<div class=\"eloquent-imagery-image\">\n<div class=\"flex justify-center\">\n                    <img decoding=\"async\" class=\"border border-gray-100\" src=\"https:\/\/vieassociative.be\/actualites\/wp-content\/uploads\/2025\/03\/1741418244_121_Les-quatre-premiers-parametres-a-modifier-sur-nimporte-quelle-tablette.png\" alt=\"Un papier peint sur un Box Palma avec un dessin de ligne de Hobbes de Calvin et Hobbes\" width=\"2000\" height=\"1125\" loading=\"lazy\"  >\n            <\/div>\n<\/p><\/div>\n<p>Les appareils BOOX ont de belles images d&rsquo;\u00e9cran de verrouillage pr\u00e9d\u00e9finies, mais si vous souhaitez faire de l&rsquo;appareil votre propre, vous pouvez d\u00e9finir votre propre \u00e9conomiseur d&rsquo;\u00e9cran et votre papier peint. Celui-ci est assez simple: choisissez un bureau et un \u00e9conomiseur d&rsquo;\u00e9cran dans l&rsquo;application Param\u00e8tres, mais si vous voulez une image personnalis\u00e9e, vous devrez d&rsquo;abord le faire enregistrer au bon endroit. <\/p>\n<p>La fa\u00e7on la plus simple de le faire est de trouver une image que vous aimez tout en parcourant Internet \u00e0 l&rsquo;aide de votre appareil BOOX. Appuyez sur une longue pression dessus et choisissez <strong>T\u00e9l\u00e9charger<\/strong>qui l&rsquo;enregistrera dans votre dossier de t\u00e9l\u00e9chargements (naturellement). Ensuite, ouvrez le <strong>Galerie<\/strong> App, appuyez sur votre dossier de t\u00e9l\u00e9chargement, puis appuyez sur l&rsquo;image souhait\u00e9e. En bas \u00e0 droite, appuyez plus sur plus puis d\u00e9finissez As. Vous pouvez choisir de le d\u00e9finir comme le <strong>\u00c9conomiseur d&rsquo;\u00e9cran<\/strong>le <strong>Papier peint<\/strong>ou le <strong>Image de mise hors tension.<\/strong><\/p>\n<p>Alternativement, vous pouvez brancher l&rsquo;appareil sur un ordinateur et ajouter manuellement les images \u00e0 votre <strong>Photos <\/strong>dossier. De l\u00e0, vous pouvez modifier votre fond d&rsquo;\u00e9cran comme d\u00e9crit ci-dessus, ou tout simplement appuyer sur de longs sur l&rsquo;\u00e9cran d&rsquo;accueil et s\u00e9lectionner le <strong>Papier peint<\/strong> ic\u00f4ne en bas \u00e0 droite; robinet <strong>Locale<\/strong> Pour trouver des images enregistr\u00e9es dans votre dossier d&rsquo;images. (Et voici un autre indice utile: si vous souhaitez cr\u00e9er votre propre image de fond d&rsquo;\u00e9cran dans Photoshop ou Canva, les dimensions sont 824&#215;1648 pour le Boox Palma. Pour la note Max ou Note Air 4C, 1404 x 1872 devrait vous servir bien.)<\/p>\n","protected":false},"excerpt":{"rendered":"<p>Rendez votre nouveau cahier num\u00e9rique cher un peu plus facile \u00e0 utiliser. Bien qu&rsquo;ils n&rsquo;auront jamais la reconnaissance du nom de l&rsquo;Amazon Kindle, les appareils<\/p>\n","protected":false},"author":1,"featured_media":5713,"comment_status":"","ping_status":"","sticky":false,"template":"","format":"standard","meta":{"footnotes":""},"categories":[13],"tags":[5136,5722,14,1830,341,234,1400,1435,1411,33,3228],"class_list":["post-5712","post","type-post","status-publish","format-standard","has-post-thumbnail","hentry","category-technologie","tag-boox","tag-eink","tag-les","tag-modifier","tag-nimporte","tag-parametres","tag-premiers","tag-quatre","tag-quelle","tag-sur","tag-tablette","generate-columns","tablet-grid-50","mobile-grid-100","grid-parent","grid-33"],"yoast_head":"<!-- This site is optimized with the Yoast SEO plugin v24.0 - https:\/\/yoast.com\/wordpress\/plugins\/seo\/ -->\n<title>Les quatre premiers param\u00e8tres \u00e0 modifier sur n&#039;importe quelle tablette BOOX E-INK | Vie Associative<\/title>\n<meta name=\"robots\" content=\"index, follow, max-snippet:-1, max-image-preview:large, max-video-preview:-1\" \/>\n<link rel=\"canonical\" href=\"https:\/\/vieassociative.be\/actualites\/les-quatre-premiers-parametres-a-modifier-sur-nimporte-quelle-tablette-boox-e-ink\/\" \/>\n<meta property=\"og:locale\" content=\"fr_FR\" \/>\n<meta property=\"og:type\" content=\"article\" \/>\n<meta property=\"og:title\" content=\"Les quatre premiers param\u00e8tres \u00e0 modifier sur n&#039;importe quelle tablette BOOX E-INK | Vie Associative\" \/>\n<meta property=\"og:description\" content=\"Rendez votre nouveau cahier num\u00e9rique cher un peu plus facile \u00e0 utiliser. Bien qu&rsquo;ils n&rsquo;auront jamais la reconnaissance du nom de l&rsquo;Amazon Kindle, les appareils\" \/>\n<meta property=\"og:url\" content=\"https:\/\/vieassociative.be\/actualites\/les-quatre-premiers-parametres-a-modifier-sur-nimporte-quelle-tablette-boox-e-ink\/\" \/>\n<meta property=\"og:site_name\" content=\"Vie Associative\" \/>\n<meta property=\"article:published_time\" content=\"2025-03-08T07:17:24+00:00\" \/>\n<meta property=\"og:image\" content=\"https:\/\/vieassociative.be\/actualites\/wp-content\/uploads\/2025\/03\/Les-quatre-premiers-parametres-a-modifier-sur-nimporte-quelle-tablette.png\" \/>\n<meta name=\"author\" content=\"Julien\" \/>\n<meta name=\"twitter:card\" content=\"summary_large_image\" \/>\n<meta name=\"twitter:label1\" content=\"\u00c9crit par\" \/>\n\t<meta name=\"twitter:data1\" content=\"Julien\" \/>\n\t<meta name=\"twitter:label2\" content=\"Dur\u00e9e de lecture est.\" \/>\n\t<meta name=\"twitter:data2\" content=\"7 minutes\" \/>\n<script type=\"application\/ld+json\" class=\"yoast-schema-graph\">{\"@context\":\"https:\/\/schema.org\",\"@graph\":[{\"@type\":\"Article\",\"@id\":\"https:\/\/vieassociative.be\/actualites\/les-quatre-premiers-parametres-a-modifier-sur-nimporte-quelle-tablette-boox-e-ink\/#article\",\"isPartOf\":{\"@id\":\"https:\/\/vieassociative.be\/actualites\/les-quatre-premiers-parametres-a-modifier-sur-nimporte-quelle-tablette-boox-e-ink\/\"},\"author\":{\"name\":\"Julien\",\"@id\":\"https:\/\/vieassociative.be\/actualites\/#\/schema\/person\/b87ac4f82f9d4e7b7cec7395b679edc4\"},\"headline\":\"Les quatre premiers param\u00e8tres \u00e0 modifier sur n&rsquo;importe quelle tablette BOOX E-INK\",\"datePublished\":\"2025-03-08T07:17:24+00:00\",\"dateModified\":\"2025-03-08T07:17:24+00:00\",\"mainEntityOfPage\":{\"@id\":\"https:\/\/vieassociative.be\/actualites\/les-quatre-premiers-parametres-a-modifier-sur-nimporte-quelle-tablette-boox-e-ink\/\"},\"wordCount\":1535,\"publisher\":{\"@id\":\"https:\/\/vieassociative.be\/actualites\/#organization\"},\"image\":{\"@id\":\"https:\/\/vieassociative.be\/actualites\/les-quatre-premiers-parametres-a-modifier-sur-nimporte-quelle-tablette-boox-e-ink\/#primaryimage\"},\"thumbnailUrl\":\"https:\/\/vieassociative.be\/actualites\/wp-content\/uploads\/2025\/03\/1741418244_Les-quatre-premiers-parametres-a-modifier-sur-nimporte-quelle-tablette.png\",\"keywords\":[\"Boox\",\"EINK\",\"Les\",\"modifier\",\"nimporte\",\"param\u00e8tres\",\"premiers\",\"Quatre\",\"quelle\",\"sur\",\"tablette\"],\"articleSection\":[\"Technologie\"],\"inLanguage\":\"fr-BE\"},{\"@type\":\"WebPage\",\"@id\":\"https:\/\/vieassociative.be\/actualites\/les-quatre-premiers-parametres-a-modifier-sur-nimporte-quelle-tablette-boox-e-ink\/\",\"url\":\"https:\/\/vieassociative.be\/actualites\/les-quatre-premiers-parametres-a-modifier-sur-nimporte-quelle-tablette-boox-e-ink\/\",\"name\":\"Les quatre premiers param\u00e8tres \u00e0 modifier sur n'importe quelle tablette BOOX E-INK | Vie Associative\",\"isPartOf\":{\"@id\":\"https:\/\/vieassociative.be\/actualites\/#website\"},\"primaryImageOfPage\":{\"@id\":\"https:\/\/vieassociative.be\/actualites\/les-quatre-premiers-parametres-a-modifier-sur-nimporte-quelle-tablette-boox-e-ink\/#primaryimage\"},\"image\":{\"@id\":\"https:\/\/vieassociative.be\/actualites\/les-quatre-premiers-parametres-a-modifier-sur-nimporte-quelle-tablette-boox-e-ink\/#primaryimage\"},\"thumbnailUrl\":\"https:\/\/vieassociative.be\/actualites\/wp-content\/uploads\/2025\/03\/1741418244_Les-quatre-premiers-parametres-a-modifier-sur-nimporte-quelle-tablette.png\",\"datePublished\":\"2025-03-08T07:17:24+00:00\",\"dateModified\":\"2025-03-08T07:17:24+00:00\",\"breadcrumb\":{\"@id\":\"https:\/\/vieassociative.be\/actualites\/les-quatre-premiers-parametres-a-modifier-sur-nimporte-quelle-tablette-boox-e-ink\/#breadcrumb\"},\"inLanguage\":\"fr-BE\",\"potentialAction\":[{\"@type\":\"ReadAction\",\"target\":[\"https:\/\/vieassociative.be\/actualites\/les-quatre-premiers-parametres-a-modifier-sur-nimporte-quelle-tablette-boox-e-ink\/\"]}]},{\"@type\":\"ImageObject\",\"inLanguage\":\"fr-BE\",\"@id\":\"https:\/\/vieassociative.be\/actualites\/les-quatre-premiers-parametres-a-modifier-sur-nimporte-quelle-tablette-boox-e-ink\/#primaryimage\",\"url\":\"https:\/\/vieassociative.be\/actualites\/wp-content\/uploads\/2025\/03\/1741418244_Les-quatre-premiers-parametres-a-modifier-sur-nimporte-quelle-tablette.png\",\"contentUrl\":\"https:\/\/vieassociative.be\/actualites\/wp-content\/uploads\/2025\/03\/1741418244_Les-quatre-premiers-parametres-a-modifier-sur-nimporte-quelle-tablette.png\",\"width\":1200,\"height\":675,\"caption\":\"Les quatre premiers param\u00e8tres \u00e0 modifier sur n'importe quelle tablette BOOX E-INK\"},{\"@type\":\"BreadcrumbList\",\"@id\":\"https:\/\/vieassociative.be\/actualites\/les-quatre-premiers-parametres-a-modifier-sur-nimporte-quelle-tablette-boox-e-ink\/#breadcrumb\",\"itemListElement\":[{\"@type\":\"ListItem\",\"position\":1,\"name\":\"Accueil\",\"item\":\"https:\/\/vieassociative.be\/actualites\/\"},{\"@type\":\"ListItem\",\"position\":2,\"name\":\"Les quatre premiers param\u00e8tres \u00e0 modifier sur n&rsquo;importe quelle tablette BOOX E-INK\"}]},{\"@type\":\"WebSite\",\"@id\":\"https:\/\/vieassociative.be\/actualites\/#website\",\"url\":\"https:\/\/vieassociative.be\/actualites\/\",\"name\":\"Vie Associative\",\"description\":\"\",\"publisher\":{\"@id\":\"https:\/\/vieassociative.be\/actualites\/#organization\"},\"potentialAction\":[{\"@type\":\"SearchAction\",\"target\":{\"@type\":\"EntryPoint\",\"urlTemplate\":\"https:\/\/vieassociative.be\/actualites\/?s={search_term_string}\"},\"query-input\":{\"@type\":\"PropertyValueSpecification\",\"valueRequired\":true,\"valueName\":\"search_term_string\"}}],\"inLanguage\":\"fr-BE\"},{\"@type\":\"Organization\",\"@id\":\"https:\/\/vieassociative.be\/actualites\/#organization\",\"name\":\"Vie Associative\",\"url\":\"https:\/\/vieassociative.be\/actualites\/\",\"logo\":{\"@type\":\"ImageObject\",\"inLanguage\":\"fr-BE\",\"@id\":\"https:\/\/vieassociative.be\/actualites\/#\/schema\/logo\/image\/\",\"url\":\"https:\/\/vieassociative.be\/actualites\/wp-content\/uploads\/2024\/09\/cropped-vieassociative_favicon.ico.png\",\"contentUrl\":\"https:\/\/vieassociative.be\/actualites\/wp-content\/uploads\/2024\/09\/cropped-vieassociative_favicon.ico.png\",\"width\":512,\"height\":512,\"caption\":\"Vie Associative\"},\"image\":{\"@id\":\"https:\/\/vieassociative.be\/actualites\/#\/schema\/logo\/image\/\"}},{\"@type\":\"Person\",\"@id\":\"https:\/\/vieassociative.be\/actualites\/#\/schema\/person\/b87ac4f82f9d4e7b7cec7395b679edc4\",\"name\":\"Julien\",\"image\":{\"@type\":\"ImageObject\",\"inLanguage\":\"fr-BE\",\"@id\":\"https:\/\/vieassociative.be\/actualites\/#\/schema\/person\/image\/\",\"url\":\"https:\/\/vieassociative.be\/actualites\/wp-content\/uploads\/2024\/09\/vie-associative-1-150x150.jpg\",\"contentUrl\":\"https:\/\/vieassociative.be\/actualites\/wp-content\/uploads\/2024\/09\/vie-associative-1-150x150.jpg\",\"caption\":\"Julien\"},\"description\":\"Je suis Julien, r\u00e9dacteur pour Vie Associative. Passionn\u00e9 par le monde associatif depuis plus de 10 ans, j'ai \u00e0 c\u0153ur de partager des histoires inspirantes et de mettre en lumi\u00e8re les initiatives locales. Mon objectif est de sensibiliser et d'encourager l'engagement communautaire \u00e0 travers mes articles.\",\"sameAs\":[\"https:\/\/vieassociative.be\/\"]}]}<\/script>\n<!-- \/ Yoast SEO plugin. -->","yoast_head_json":{"title":"Les quatre premiers param\u00e8tres \u00e0 modifier sur n'importe quelle tablette BOOX E-INK | Vie Associative","robots":{"index":"index","follow":"follow","max-snippet":"max-snippet:-1","max-image-preview":"max-image-preview:large","max-video-preview":"max-video-preview:-1"},"canonical":"https:\/\/vieassociative.be\/actualites\/les-quatre-premiers-parametres-a-modifier-sur-nimporte-quelle-tablette-boox-e-ink\/","og_locale":"fr_FR","og_type":"article","og_title":"Les quatre premiers param\u00e8tres \u00e0 modifier sur n'importe quelle tablette BOOX E-INK | Vie Associative","og_description":"Rendez votre nouveau cahier num\u00e9rique cher un peu plus facile \u00e0 utiliser. Bien qu&rsquo;ils n&rsquo;auront jamais la reconnaissance du nom de l&rsquo;Amazon Kindle, les appareils","og_url":"https:\/\/vieassociative.be\/actualites\/les-quatre-premiers-parametres-a-modifier-sur-nimporte-quelle-tablette-boox-e-ink\/","og_site_name":"Vie Associative","article_published_time":"2025-03-08T07:17:24+00:00","og_image":[{"url":"https:\/\/vieassociative.be\/actualites\/wp-content\/uploads\/2025\/03\/Les-quatre-premiers-parametres-a-modifier-sur-nimporte-quelle-tablette.png","type":"","width":"","height":""}],"author":"Julien","twitter_card":"summary_large_image","twitter_misc":{"\u00c9crit par":"Julien","Dur\u00e9e de lecture est.":"7 minutes"},"schema":{"@context":"https:\/\/schema.org","@graph":[{"@type":"Article","@id":"https:\/\/vieassociative.be\/actualites\/les-quatre-premiers-parametres-a-modifier-sur-nimporte-quelle-tablette-boox-e-ink\/#article","isPartOf":{"@id":"https:\/\/vieassociative.be\/actualites\/les-quatre-premiers-parametres-a-modifier-sur-nimporte-quelle-tablette-boox-e-ink\/"},"author":{"name":"Julien","@id":"https:\/\/vieassociative.be\/actualites\/#\/schema\/person\/b87ac4f82f9d4e7b7cec7395b679edc4"},"headline":"Les quatre premiers param\u00e8tres \u00e0 modifier sur n&rsquo;importe quelle tablette BOOX E-INK","datePublished":"2025-03-08T07:17:24+00:00","dateModified":"2025-03-08T07:17:24+00:00","mainEntityOfPage":{"@id":"https:\/\/vieassociative.be\/actualites\/les-quatre-premiers-parametres-a-modifier-sur-nimporte-quelle-tablette-boox-e-ink\/"},"wordCount":1535,"publisher":{"@id":"https:\/\/vieassociative.be\/actualites\/#organization"},"image":{"@id":"https:\/\/vieassociative.be\/actualites\/les-quatre-premiers-parametres-a-modifier-sur-nimporte-quelle-tablette-boox-e-ink\/#primaryimage"},"thumbnailUrl":"https:\/\/vieassociative.be\/actualites\/wp-content\/uploads\/2025\/03\/1741418244_Les-quatre-premiers-parametres-a-modifier-sur-nimporte-quelle-tablette.png","keywords":["Boox","EINK","Les","modifier","nimporte","param\u00e8tres","premiers","Quatre","quelle","sur","tablette"],"articleSection":["Technologie"],"inLanguage":"fr-BE"},{"@type":"WebPage","@id":"https:\/\/vieassociative.be\/actualites\/les-quatre-premiers-parametres-a-modifier-sur-nimporte-quelle-tablette-boox-e-ink\/","url":"https:\/\/vieassociative.be\/actualites\/les-quatre-premiers-parametres-a-modifier-sur-nimporte-quelle-tablette-boox-e-ink\/","name":"Les quatre premiers param\u00e8tres \u00e0 modifier sur n'importe quelle tablette BOOX E-INK | Vie Associative","isPartOf":{"@id":"https:\/\/vieassociative.be\/actualites\/#website"},"primaryImageOfPage":{"@id":"https:\/\/vieassociative.be\/actualites\/les-quatre-premiers-parametres-a-modifier-sur-nimporte-quelle-tablette-boox-e-ink\/#primaryimage"},"image":{"@id":"https:\/\/vieassociative.be\/actualites\/les-quatre-premiers-parametres-a-modifier-sur-nimporte-quelle-tablette-boox-e-ink\/#primaryimage"},"thumbnailUrl":"https:\/\/vieassociative.be\/actualites\/wp-content\/uploads\/2025\/03\/1741418244_Les-quatre-premiers-parametres-a-modifier-sur-nimporte-quelle-tablette.png","datePublished":"2025-03-08T07:17:24+00:00","dateModified":"2025-03-08T07:17:24+00:00","breadcrumb":{"@id":"https:\/\/vieassociative.be\/actualites\/les-quatre-premiers-parametres-a-modifier-sur-nimporte-quelle-tablette-boox-e-ink\/#breadcrumb"},"inLanguage":"fr-BE","potentialAction":[{"@type":"ReadAction","target":["https:\/\/vieassociative.be\/actualites\/les-quatre-premiers-parametres-a-modifier-sur-nimporte-quelle-tablette-boox-e-ink\/"]}]},{"@type":"ImageObject","inLanguage":"fr-BE","@id":"https:\/\/vieassociative.be\/actualites\/les-quatre-premiers-parametres-a-modifier-sur-nimporte-quelle-tablette-boox-e-ink\/#primaryimage","url":"https:\/\/vieassociative.be\/actualites\/wp-content\/uploads\/2025\/03\/1741418244_Les-quatre-premiers-parametres-a-modifier-sur-nimporte-quelle-tablette.png","contentUrl":"https:\/\/vieassociative.be\/actualites\/wp-content\/uploads\/2025\/03\/1741418244_Les-quatre-premiers-parametres-a-modifier-sur-nimporte-quelle-tablette.png","width":1200,"height":675,"caption":"Les quatre premiers param\u00e8tres \u00e0 modifier sur n'importe quelle tablette BOOX E-INK"},{"@type":"BreadcrumbList","@id":"https:\/\/vieassociative.be\/actualites\/les-quatre-premiers-parametres-a-modifier-sur-nimporte-quelle-tablette-boox-e-ink\/#breadcrumb","itemListElement":[{"@type":"ListItem","position":1,"name":"Accueil","item":"https:\/\/vieassociative.be\/actualites\/"},{"@type":"ListItem","position":2,"name":"Les quatre premiers param\u00e8tres \u00e0 modifier sur n&rsquo;importe quelle tablette BOOX E-INK"}]},{"@type":"WebSite","@id":"https:\/\/vieassociative.be\/actualites\/#website","url":"https:\/\/vieassociative.be\/actualites\/","name":"Vie Associative","description":"","publisher":{"@id":"https:\/\/vieassociative.be\/actualites\/#organization"},"potentialAction":[{"@type":"SearchAction","target":{"@type":"EntryPoint","urlTemplate":"https:\/\/vieassociative.be\/actualites\/?s={search_term_string}"},"query-input":{"@type":"PropertyValueSpecification","valueRequired":true,"valueName":"search_term_string"}}],"inLanguage":"fr-BE"},{"@type":"Organization","@id":"https:\/\/vieassociative.be\/actualites\/#organization","name":"Vie Associative","url":"https:\/\/vieassociative.be\/actualites\/","logo":{"@type":"ImageObject","inLanguage":"fr-BE","@id":"https:\/\/vieassociative.be\/actualites\/#\/schema\/logo\/image\/","url":"https:\/\/vieassociative.be\/actualites\/wp-content\/uploads\/2024\/09\/cropped-vieassociative_favicon.ico.png","contentUrl":"https:\/\/vieassociative.be\/actualites\/wp-content\/uploads\/2024\/09\/cropped-vieassociative_favicon.ico.png","width":512,"height":512,"caption":"Vie Associative"},"image":{"@id":"https:\/\/vieassociative.be\/actualites\/#\/schema\/logo\/image\/"}},{"@type":"Person","@id":"https:\/\/vieassociative.be\/actualites\/#\/schema\/person\/b87ac4f82f9d4e7b7cec7395b679edc4","name":"Julien","image":{"@type":"ImageObject","inLanguage":"fr-BE","@id":"https:\/\/vieassociative.be\/actualites\/#\/schema\/person\/image\/","url":"https:\/\/vieassociative.be\/actualites\/wp-content\/uploads\/2024\/09\/vie-associative-1-150x150.jpg","contentUrl":"https:\/\/vieassociative.be\/actualites\/wp-content\/uploads\/2024\/09\/vie-associative-1-150x150.jpg","caption":"Julien"},"description":"Je suis Julien, r\u00e9dacteur pour Vie Associative. Passionn\u00e9 par le monde associatif depuis plus de 10 ans, j'ai \u00e0 c\u0153ur de partager des histoires inspirantes et de mettre en lumi\u00e8re les initiatives locales. Mon objectif est de sensibiliser et d'encourager l'engagement communautaire \u00e0 travers mes articles.","sameAs":["https:\/\/vieassociative.be\/"]}]}},"_links":{"self":[{"href":"https:\/\/vieassociative.be\/actualites\/wp-json\/wp\/v2\/posts\/5712"}],"collection":[{"href":"https:\/\/vieassociative.be\/actualites\/wp-json\/wp\/v2\/posts"}],"about":[{"href":"https:\/\/vieassociative.be\/actualites\/wp-json\/wp\/v2\/types\/post"}],"author":[{"embeddable":true,"href":"https:\/\/vieassociative.be\/actualites\/wp-json\/wp\/v2\/users\/1"}],"replies":[{"embeddable":true,"href":"https:\/\/vieassociative.be\/actualites\/wp-json\/wp\/v2\/comments?post=5712"}],"version-history":[{"count":0,"href":"https:\/\/vieassociative.be\/actualites\/wp-json\/wp\/v2\/posts\/5712\/revisions"}],"wp:featuredmedia":[{"embeddable":true,"href":"https:\/\/vieassociative.be\/actualites\/wp-json\/wp\/v2\/media\/5713"}],"wp:attachment":[{"href":"https:\/\/vieassociative.be\/actualites\/wp-json\/wp\/v2\/media?parent=5712"}],"wp:term":[{"taxonomy":"category","embeddable":true,"href":"https:\/\/vieassociative.be\/actualites\/wp-json\/wp\/v2\/categories?post=5712"},{"taxonomy":"post_tag","embeddable":true,"href":"https:\/\/vieassociative.be\/actualites\/wp-json\/wp\/v2\/tags?post=5712"}],"curies":[{"name":"wp","href":"https:\/\/api.w.org\/{rel}","templated":true}]}}