{"id":5703,"date":"2025-03-08T00:17:11","date_gmt":"2025-03-07T23:17:11","guid":{"rendered":"https:\/\/vieassociative.be\/actualites\/que-commencer-lensemencement-et-la-plantation-en-mars\/"},"modified":"2025-03-08T00:17:11","modified_gmt":"2025-03-07T23:17:11","slug":"que-commencer-lensemencement-et-la-plantation-en-mars","status":"publish","type":"post","link":"https:\/\/vieassociative.be\/actualites\/que-commencer-lensemencement-et-la-plantation-en-mars\/","title":{"rendered":"Que commencer l&rsquo;ensemencement et la plantation en mars"},"content":{"rendered":"<div class=\"mt-4 leading-6 md:mb-8\">Mars est enfin votre temps, les jardiniers &#8211; mais vous voulez toujours \u00eatre s\u00e9lectif sur ce que vous semenez aussi t\u00f4t.<\/div>\n<p><\/p>\n<p>Apr\u00e8s un long hiver de planification, de strat\u00e9gie et d&rsquo;achat de graines, vous pouvez enfin commencer \u00e0 planter ce mois-ci. La majeure partie de cette plantation se produira \u00e0 l&rsquo;int\u00e9rieur, en commen\u00e7ant les semis qui finiront par se d\u00e9placer dans votre jardin printemps et d&rsquo;\u00e9t\u00e9. Tous les outils de semis comme les plateaux et les tapis de chaleur sortent du stockage pour un nettoyage. Aussi excit\u00e9 que vous puissiez \u00eatre, il est important d&rsquo;exercer une certaine retenue: vous ne voulez pas commencer tous vos semis \u00e0 la fois. Ceci est un jeu de timing. Mars nous voit seulement commencer quelques semis de printemps, ainsi que certaines graines qui prennent beaucoup de temps. Tout le reste commencera le mois prochain. <\/p>\n<p>Une fois que vous commencez \u00e0 se placer par vous-m\u00eame, vous pouvez \u00e9galement vous appuyer sur la plantation de succession, ce qui signifie qu&rsquo;au lieu de tout planter \u00e0 la fois, puis de faire \u00e0 la fin de l&rsquo;\u00e9t\u00e9 &#8211; vous plantez tout au long du printemps et de l&rsquo;\u00e9t\u00e9, et vos r\u00e9coltes sont \u00e9chelonn\u00e9es. Par exemple, ce serait bien d&rsquo;avoir des radis pr\u00eats \u00e0 manger pendant plusieurs semaines, pas \u00e0 la fois tous \u00e0 la fois. Vous pouvez le faire avec de la laitue et des haricots et des fleurs et toutes sortes de cultures \u00ab\u00a0courtes\u00a0\u00bb (ainsi appel\u00e9es parce qu&rsquo;elles peuvent \u00eatre cultiv\u00e9es en moins de 90 jours). <\/p>\n<h2 id=\"onions-potatoes-and-asparagus\">Oignons, pommes de terre et asperges<\/h2>\n<p>Bien qu&rsquo;il puisse ne pas avoir l&rsquo;impression que ces articles sont li\u00e9s, ils sont de la mani\u00e8re la plus simple: vous ne mettrez pas <em>graines <\/em>dans le sol. Les oignons que vous ach\u00e8terez \u00e0 partir d&rsquo;une p\u00e9pini\u00e8re dans un paquet de 25 d\u00e9parts de cinq pouces, pr\u00eats \u00e0 entrer dans le sol. (Ce sont des oignons, pas des oignons verts.) Ils entrent dans le sol dans de longs creux que vous creusez dans la salet\u00e9. <\/p>\n<p>Les pommes de terre ressembleront, eh bien, aux pommes de terre, mais vous pouvez couper chaque pomme de terre en plusieurs morceaux, tant que chaque pi\u00e8ce a au moins un \u0153il. Coupez-les la nuit avant la plantation, puis laissez-les gu\u00e9rir en les laissant sur un plateau en plein air. Ces pi\u00e8ces sont plant\u00e9es dans votre lit de pommes de terre \u00e0 environ un pied de part, puis recouvertes de compost et de paillis. <\/p>\n<p>Les asperges viennent en couronnes de votre p\u00e9pini\u00e8re, qui ressemblent \u00e0 de tristes racines dess\u00e9ch\u00e9es lorsque vous les achetez. Mais rassurez-vous, ces racines, une fois plant\u00e9es, produisent des asperges r\u00e9elles. Vous les plantez dans une tranch\u00e9e, un peu comme les roses, et ils feront un lit p\u00e9renne, revenant le printemps apr\u00e8s le printemps. Les asperges ont besoin de trois ans de croissance avant de pouvoir r\u00e9colter des lances, donc pendant que vous <em>pourrait<\/em> cultiver cette plante \u00e0 partir de graines, acheter ces couronnes de deux ou trois ans vous donne un d\u00e9but de saut.<\/p>\n<h2 id=\"every-kind-of-pea\">Chaque type de pois<\/h2>\n<p>Si vous faites une chose ce mois-ci, il devrait \u00eatre de mettre des pois dans le sol. La meilleure nouvelle est que les pois sont incroyablement difficiles \u00e0 bousiller. Vous collez les graines (qui sont grandes et faciles \u00e0 travailler) dans le sol. Il y a deux types de pois \u00e0 consid\u00e9rer. Les pois doux, qui sont non comestibles et toxiques mais magnifiques et odorants, et leurs fr\u00e8res comestibles peuvent tous \u00eatre directement ensemenc\u00e9s \u00e0 l&rsquo;ext\u00e9rieur en ce moment. Plantez les deux, mais gardez-les s\u00e9par\u00e9s, afin que vous puissiez les distinguer. Pour les pois comestibles, assurez-vous de planter des pois \u00e0 bombardements, des pois et des pois et des pois de sucre. Vous pouvez, si vous le souhaitez, leur donner une longueur d&rsquo;avance par des d\u00e9parts de croissance \u00e0 l&rsquo;int\u00e9rieur, et ils seront g\u00e9n\u00e9ralement pr\u00eats \u00e0 planter dans deux semaines. Plantez un deuxi\u00e8me tas de pois deux semaines apr\u00e8s le premier afin que vous ayez une succession de printemps. Les pois ont besoin d&rsquo;une structure pour grimper, alors plantez-les sur une arche ou un treillis. Mieux encore, les pois comestibles et doux donnent \u00e0 votre jardin une couleur pr\u00e9coce. <\/p>\n<h2 id=\"fast-rotation-crops\">Cultures de rotation rapide<\/h2>\n<p>Il y a certaines cultures que j&rsquo;ai constamment toute la saison, comme les laitues, les radis, les oignons verts et les carottes. Je m&rsquo;assure que d\u00e8s que le sol est r\u00e9alisable, je publie une courte rang\u00e9e de radis et d&rsquo;oignons verts. J&rsquo;am\u00e8ne quelques laitues chaque semaine \u00e0 ce stade, et tout cela peut avoir lieu \u00e0 l&rsquo;ext\u00e9rieur. Les carottes ne sont pas rapides, mais vous pouvez obtenir un certain nombre de successions pendant l&rsquo;\u00e9t\u00e9, et ils germent plus facilement pendant que vous avez beaucoup de pluie. Obtenez une rang\u00e9e d&rsquo;entre eux dans toutes les quelques semaines, \u00e0 partir de maintenant. <\/p>\n<h2 id=\"strawberries\">Fraises<\/h2>\n<p>\u00c9treignez mon cri: vous n&rsquo;avez jamais, jamais besoin d&rsquo;acheter des plantes aux fraises. Ils se multiplient comme des tribus, et vous en avez probablement assez de l&rsquo;ann\u00e9e derni\u00e8re pour d\u00e9m\u00e9nager \u00e0 n&rsquo;importe quel endroit o\u00f9 vous en avez besoin cette ann\u00e9e. Vous devez quand m\u00eame les \u00e9claircir chaque ann\u00e9e afin que chacun ait au moins six \u00e0 huit pouces autour de lui. M\u00eame si vous n&rsquo;avez pas l&rsquo;offre, quelqu&rsquo;un dans votre quartier le fait. N&rsquo;oubliez pas que vous voulez \u00e0 la fois en juin, qui produit les baies les plus douces, mais seulement pour une courte p\u00e9riode, et en toujours plus, ce qui produit de plus grandes baies pour tout l&rsquo;\u00e9t\u00e9.<\/p>\n<h2 id=\"short-spring-crops\">Cultes de printemps courtes<\/h2>\n<p>\u00c0 l&rsquo;int\u00e9rieur, j&rsquo;enseigne le chou, le chou-fleur, le brocoli, le chou fris\u00e9, les \u00e9pinards, le kohlrabi et la bette \u00e0 carde pour sortir d\u00e8s qu&rsquo;ils sont pr\u00eats, car ils sont tous riches. Les \u00e9pinards, en particulier, aiment le froid.<strong> <\/strong>\u00c0 l&rsquo;ext\u00e9rieur, j&rsquo;enseigne les betteraves et plus de kohlrabi dans le sol. (Le kohlrabi que j&rsquo;ensemence \u00e0 l&rsquo;int\u00e9rieur sortira dans quelques semaines et aura une date de r\u00e9colte ult\u00e9rieure. C&rsquo;est un excellent exemple de plantation de succession.)<\/p>\n<h2 id=\"long-summer-crops\">Longues cultures d&rsquo;\u00e9t\u00e9<\/h2>\n<p>Deux cultures qui n&rsquo;obtiennent pas suffisamment d&rsquo;attention \u00e0 cette p\u00e9riode de l&rsquo;ann\u00e9e &#8211; mais doivent \u00eatre plant\u00e9es maintenant afin d&rsquo;avoir assez de temps pour m\u00fbrir en hiver &#8211; sont des parsnips et des germes de Bruxelles. Ces deux cultures prennent tout le printemps et l&rsquo;\u00e9t\u00e9 pour se d\u00e9velopper suffisamment pour \u00eatre pr\u00eats \u00e0 l&rsquo;automne. Plantez maintenant les graines de panais directement dans le sol \u00e0 l&rsquo;ext\u00e9rieur et ramassez la germe de Bruxelles \u00e0 la p\u00e9pini\u00e8re.<\/p>\n<h2 id=\"summer-crops\">Cultures d&rsquo;\u00e9t\u00e9<\/h2>\n<p>Certaines sp\u00e9cialit\u00e9s estivales n\u00e9cessitent une \u00e9tape de d\u00e9veloppement plus longue, comme les tomates, les poivrons et les aubergines. Mais vous ne pouvez absolument pas les mettre \u00e0 l&rsquo;ext\u00e9rieur sans protection comme l&rsquo;agribon ou une serre jusqu&rsquo;\u00e0 ce que les temp\u00e9ratures soient de 50 degr\u00e9s la nuit, et cela peut \u00eatre long \u00e0 partir de maintenant. Votre date de plantation sera d\u00e9termin\u00e9e par votre zone de croissance et la derni\u00e8re date de gel &#8211; toutes les choses que vous pouvez facilement sur Google. Vous devrez h\u00e9berger, nourrir et arroser ces b\u00e9b\u00e9s jusque-l\u00e0. Chaque instant ils sont \u00e0 votre charge, ils sont sensibles aux ravageurs, aux virus, aux champignons et aux interf\u00e9rences des animaux de compagnie de famille. Vous pouvez voir des professionnels obtenir leurs graines maintenant &#8211; je vais commencer le mien fin mars &#8211; mais j&rsquo;ai une serre pour les d\u00e9placer. Beaucoup de gens attendent avril et vous ne devriez pas vous sentir inquiet de le faire. <\/p>\n<p>Poivrons d&rsquo;abord, puis tomates et enfin aubergines. Ils iront dans des plateaux \u00e0 50 cellules pour commencer, deux graines par cellule. Au cours des premi\u00e8res semaines, j&rsquo;aurai impitoyablement couper les semis les plus faibles de chaque cellule afin que les semis plus forts puissent prosp\u00e9rer (n&rsquo;essayez pas de les s\u00e9parer pour les sauver tous les deux; apprenez \u00e0 l\u00e2cher prise) et les battront en pots de quatre pouces \u00e0 l&rsquo;\u00e2ge de six semaines. Je n&rsquo;am\u00e8ne pas d&rsquo;autres cultures d&rsquo;\u00e9t\u00e9 comme les citrouilles, le ma\u00efs ou les haricots jusqu&rsquo;\u00e0 la fin avril ou en mai. <\/p>\n<h2 id=\"flowers\">Fleurs<\/h2>\n<p>Ce que j&rsquo;essaie de commencer t\u00f4t maintenant, ce sont les fleurs. Je veux autant que possible, et aussi grand et sain que possible avant de les mettre dans le sol. Je commence avec les premi\u00e8res fleurs maintenant &#8211; Snapdragons, Coulettez, Bells of Ireland, Larkspur, Dianthus, Bachelor Buttons, Love-in-A-Mist et Celosia. Ce sont les plus t\u00eatus \u00e0 grandir et sont durables, donc le d\u00e9marrage pr\u00e9coce est justifi\u00e9. Vous pourrez les d\u00e9placer relativement t\u00f4t dans la saison pour faire de la place pour les Zinnias et les tournesols, qui seront ensemenc\u00e9es plus tard dans la saison. Je les plante dans des plateaux de 72 ou 128 cellules. <\/p>\n<p>Peu importe \u00e0 quel point vous \u00eates impatient de planter tout l&rsquo;hiver, lorsque mars arrive, vous avez souvent l&rsquo;impression d&rsquo;\u00eatre en retard. Je vous assure, vous avez le temps. Il est encore t\u00f4t, et si vous n&rsquo;avez pas le temps de semer, vous pourrez toujours acheter des commencements \u00e0 la p\u00e9pini\u00e8re.<\/p>\n","protected":false},"excerpt":{"rendered":"<p>Mars est enfin votre temps, les jardiniers &#8211; mais vous voulez toujours \u00eatre s\u00e9lectif sur ce que vous semenez aussi t\u00f4t. Apr\u00e8s un long hiver<\/p>\n","protected":false},"author":1,"featured_media":5704,"comment_status":"","ping_status":"","sticky":false,"template":"","format":"standard","meta":{"footnotes":""},"categories":[40],"tags":[1323,5716,3221,5717],"class_list":["post-5703","post","type-post","status-publish","format-standard","has-post-thumbnail","hentry","category-maison","tag-commencer","tag-lensemencement","tag-mars","tag-plantation","generate-columns","tablet-grid-50","mobile-grid-100","grid-parent","grid-33"],"yoast_head":"<!-- This site is optimized with the Yoast SEO plugin v24.0 - https:\/\/yoast.com\/wordpress\/plugins\/seo\/ -->\n<title>Que commencer l&#039;ensemencement et la plantation en mars | Vie Associative<\/title>\n<meta name=\"robots\" content=\"index, follow, max-snippet:-1, max-image-preview:large, max-video-preview:-1\" \/>\n<link rel=\"canonical\" href=\"https:\/\/vieassociative.be\/actualites\/que-commencer-lensemencement-et-la-plantation-en-mars\/\" \/>\n<meta property=\"og:locale\" content=\"fr_FR\" \/>\n<meta property=\"og:type\" content=\"article\" \/>\n<meta property=\"og:title\" content=\"Que commencer l&#039;ensemencement et la plantation en mars | Vie Associative\" \/>\n<meta property=\"og:description\" content=\"Mars est enfin votre temps, les jardiniers &#8211; mais vous voulez toujours \u00eatre s\u00e9lectif sur ce que vous semenez aussi t\u00f4t. Apr\u00e8s un long hiver\" \/>\n<meta property=\"og:url\" content=\"https:\/\/vieassociative.be\/actualites\/que-commencer-lensemencement-et-la-plantation-en-mars\/\" \/>\n<meta property=\"og:site_name\" content=\"Vie Associative\" \/>\n<meta property=\"article:published_time\" content=\"2025-03-07T23:17:11+00:00\" \/>\n<meta property=\"og:image\" content=\"https:\/\/vieassociative.be\/actualites\/wp-content\/uploads\/2024\/09\/header_backgroundk-01-e1726694325946.png\" \/>\n\t<meta property=\"og:image:width\" content=\"279\" \/>\n\t<meta property=\"og:image:height\" content=\"92\" \/>\n\t<meta property=\"og:image:type\" content=\"image\/png\" \/>\n<meta name=\"author\" content=\"Julien\" \/>\n<meta name=\"twitter:card\" content=\"summary_large_image\" \/>\n<meta name=\"twitter:label1\" content=\"\u00c9crit par\" \/>\n\t<meta name=\"twitter:data1\" content=\"Julien\" \/>\n\t<meta name=\"twitter:label2\" content=\"Dur\u00e9e de lecture est.\" \/>\n\t<meta name=\"twitter:data2\" content=\"8 minutes\" \/>\n<script type=\"application\/ld+json\" class=\"yoast-schema-graph\">{\"@context\":\"https:\/\/schema.org\",\"@graph\":[{\"@type\":\"Article\",\"@id\":\"https:\/\/vieassociative.be\/actualites\/que-commencer-lensemencement-et-la-plantation-en-mars\/#article\",\"isPartOf\":{\"@id\":\"https:\/\/vieassociative.be\/actualites\/que-commencer-lensemencement-et-la-plantation-en-mars\/\"},\"author\":{\"name\":\"Julien\",\"@id\":\"https:\/\/vieassociative.be\/actualites\/#\/schema\/person\/b87ac4f82f9d4e7b7cec7395b679edc4\"},\"headline\":\"Que commencer l&rsquo;ensemencement et la plantation en mars\",\"datePublished\":\"2025-03-07T23:17:11+00:00\",\"dateModified\":\"2025-03-07T23:17:11+00:00\",\"mainEntityOfPage\":{\"@id\":\"https:\/\/vieassociative.be\/actualites\/que-commencer-lensemencement-et-la-plantation-en-mars\/\"},\"wordCount\":1608,\"publisher\":{\"@id\":\"https:\/\/vieassociative.be\/actualites\/#organization\"},\"image\":{\"@id\":\"https:\/\/vieassociative.be\/actualites\/que-commencer-lensemencement-et-la-plantation-en-mars\/#primaryimage\"},\"thumbnailUrl\":\"https:\/\/vieassociative.be\/actualites\/wp-content\/uploads\/2025\/03\/Que-commencer-lensemencement-et-la-plantation-en-mars.png\",\"keywords\":[\"commencer\",\"lensemencement\",\"mars\",\"plantation\"],\"articleSection\":[\"Maison\"],\"inLanguage\":\"fr-BE\"},{\"@type\":\"WebPage\",\"@id\":\"https:\/\/vieassociative.be\/actualites\/que-commencer-lensemencement-et-la-plantation-en-mars\/\",\"url\":\"https:\/\/vieassociative.be\/actualites\/que-commencer-lensemencement-et-la-plantation-en-mars\/\",\"name\":\"Que commencer l'ensemencement et la plantation en mars | Vie Associative\",\"isPartOf\":{\"@id\":\"https:\/\/vieassociative.be\/actualites\/#website\"},\"primaryImageOfPage\":{\"@id\":\"https:\/\/vieassociative.be\/actualites\/que-commencer-lensemencement-et-la-plantation-en-mars\/#primaryimage\"},\"image\":{\"@id\":\"https:\/\/vieassociative.be\/actualites\/que-commencer-lensemencement-et-la-plantation-en-mars\/#primaryimage\"},\"thumbnailUrl\":\"https:\/\/vieassociative.be\/actualites\/wp-content\/uploads\/2025\/03\/Que-commencer-lensemencement-et-la-plantation-en-mars.png\",\"datePublished\":\"2025-03-07T23:17:11+00:00\",\"dateModified\":\"2025-03-07T23:17:11+00:00\",\"breadcrumb\":{\"@id\":\"https:\/\/vieassociative.be\/actualites\/que-commencer-lensemencement-et-la-plantation-en-mars\/#breadcrumb\"},\"inLanguage\":\"fr-BE\",\"potentialAction\":[{\"@type\":\"ReadAction\",\"target\":[\"https:\/\/vieassociative.be\/actualites\/que-commencer-lensemencement-et-la-plantation-en-mars\/\"]}]},{\"@type\":\"ImageObject\",\"inLanguage\":\"fr-BE\",\"@id\":\"https:\/\/vieassociative.be\/actualites\/que-commencer-lensemencement-et-la-plantation-en-mars\/#primaryimage\",\"url\":\"https:\/\/vieassociative.be\/actualites\/wp-content\/uploads\/2025\/03\/Que-commencer-lensemencement-et-la-plantation-en-mars.png\",\"contentUrl\":\"https:\/\/vieassociative.be\/actualites\/wp-content\/uploads\/2025\/03\/Que-commencer-lensemencement-et-la-plantation-en-mars.png\",\"width\":1200,\"height\":675,\"caption\":\"Que commencer l'ensemencement et la plantation en mars\"},{\"@type\":\"BreadcrumbList\",\"@id\":\"https:\/\/vieassociative.be\/actualites\/que-commencer-lensemencement-et-la-plantation-en-mars\/#breadcrumb\",\"itemListElement\":[{\"@type\":\"ListItem\",\"position\":1,\"name\":\"Accueil\",\"item\":\"https:\/\/vieassociative.be\/actualites\/\"},{\"@type\":\"ListItem\",\"position\":2,\"name\":\"Que commencer l&rsquo;ensemencement et la plantation en mars\"}]},{\"@type\":\"WebSite\",\"@id\":\"https:\/\/vieassociative.be\/actualites\/#website\",\"url\":\"https:\/\/vieassociative.be\/actualites\/\",\"name\":\"Vie Associative\",\"description\":\"\",\"publisher\":{\"@id\":\"https:\/\/vieassociative.be\/actualites\/#organization\"},\"potentialAction\":[{\"@type\":\"SearchAction\",\"target\":{\"@type\":\"EntryPoint\",\"urlTemplate\":\"https:\/\/vieassociative.be\/actualites\/?s={search_term_string}\"},\"query-input\":{\"@type\":\"PropertyValueSpecification\",\"valueRequired\":true,\"valueName\":\"search_term_string\"}}],\"inLanguage\":\"fr-BE\"},{\"@type\":\"Organization\",\"@id\":\"https:\/\/vieassociative.be\/actualites\/#organization\",\"name\":\"Vie Associative\",\"url\":\"https:\/\/vieassociative.be\/actualites\/\",\"logo\":{\"@type\":\"ImageObject\",\"inLanguage\":\"fr-BE\",\"@id\":\"https:\/\/vieassociative.be\/actualites\/#\/schema\/logo\/image\/\",\"url\":\"https:\/\/vieassociative.be\/actualites\/wp-content\/uploads\/2024\/09\/cropped-vieassociative_favicon.ico.png\",\"contentUrl\":\"https:\/\/vieassociative.be\/actualites\/wp-content\/uploads\/2024\/09\/cropped-vieassociative_favicon.ico.png\",\"width\":512,\"height\":512,\"caption\":\"Vie Associative\"},\"image\":{\"@id\":\"https:\/\/vieassociative.be\/actualites\/#\/schema\/logo\/image\/\"}},{\"@type\":\"Person\",\"@id\":\"https:\/\/vieassociative.be\/actualites\/#\/schema\/person\/b87ac4f82f9d4e7b7cec7395b679edc4\",\"name\":\"Julien\",\"image\":{\"@type\":\"ImageObject\",\"inLanguage\":\"fr-BE\",\"@id\":\"https:\/\/vieassociative.be\/actualites\/#\/schema\/person\/image\/\",\"url\":\"https:\/\/vieassociative.be\/actualites\/wp-content\/uploads\/2024\/09\/vie-associative-1-150x150.jpg\",\"contentUrl\":\"https:\/\/vieassociative.be\/actualites\/wp-content\/uploads\/2024\/09\/vie-associative-1-150x150.jpg\",\"caption\":\"Julien\"},\"description\":\"Je suis Julien, r\u00e9dacteur pour Vie Associative. Passionn\u00e9 par le monde associatif depuis plus de 10 ans, j'ai \u00e0 c\u0153ur de partager des histoires inspirantes et de mettre en lumi\u00e8re les initiatives locales. Mon objectif est de sensibiliser et d'encourager l'engagement communautaire \u00e0 travers mes articles.\",\"sameAs\":[\"https:\/\/vieassociative.be\/\"]}]}<\/script>\n<!-- \/ Yoast SEO plugin. -->","yoast_head_json":{"title":"Que commencer l'ensemencement et la plantation en mars | Vie Associative","robots":{"index":"index","follow":"follow","max-snippet":"max-snippet:-1","max-image-preview":"max-image-preview:large","max-video-preview":"max-video-preview:-1"},"canonical":"https:\/\/vieassociative.be\/actualites\/que-commencer-lensemencement-et-la-plantation-en-mars\/","og_locale":"fr_FR","og_type":"article","og_title":"Que commencer l'ensemencement et la plantation en mars | Vie Associative","og_description":"Mars est enfin votre temps, les jardiniers &#8211; mais vous voulez toujours \u00eatre s\u00e9lectif sur ce que vous semenez aussi t\u00f4t. Apr\u00e8s un long hiver","og_url":"https:\/\/vieassociative.be\/actualites\/que-commencer-lensemencement-et-la-plantation-en-mars\/","og_site_name":"Vie Associative","article_published_time":"2025-03-07T23:17:11+00:00","og_image":[{"width":279,"height":92,"url":"https:\/\/vieassociative.be\/actualites\/wp-content\/uploads\/2024\/09\/header_backgroundk-01-e1726694325946.png","type":"image\/png"}],"author":"Julien","twitter_card":"summary_large_image","twitter_misc":{"\u00c9crit par":"Julien","Dur\u00e9e de lecture est.":"8 minutes"},"schema":{"@context":"https:\/\/schema.org","@graph":[{"@type":"Article","@id":"https:\/\/vieassociative.be\/actualites\/que-commencer-lensemencement-et-la-plantation-en-mars\/#article","isPartOf":{"@id":"https:\/\/vieassociative.be\/actualites\/que-commencer-lensemencement-et-la-plantation-en-mars\/"},"author":{"name":"Julien","@id":"https:\/\/vieassociative.be\/actualites\/#\/schema\/person\/b87ac4f82f9d4e7b7cec7395b679edc4"},"headline":"Que commencer l&rsquo;ensemencement et la plantation en mars","datePublished":"2025-03-07T23:17:11+00:00","dateModified":"2025-03-07T23:17:11+00:00","mainEntityOfPage":{"@id":"https:\/\/vieassociative.be\/actualites\/que-commencer-lensemencement-et-la-plantation-en-mars\/"},"wordCount":1608,"publisher":{"@id":"https:\/\/vieassociative.be\/actualites\/#organization"},"image":{"@id":"https:\/\/vieassociative.be\/actualites\/que-commencer-lensemencement-et-la-plantation-en-mars\/#primaryimage"},"thumbnailUrl":"https:\/\/vieassociative.be\/actualites\/wp-content\/uploads\/2025\/03\/Que-commencer-lensemencement-et-la-plantation-en-mars.png","keywords":["commencer","lensemencement","mars","plantation"],"articleSection":["Maison"],"inLanguage":"fr-BE"},{"@type":"WebPage","@id":"https:\/\/vieassociative.be\/actualites\/que-commencer-lensemencement-et-la-plantation-en-mars\/","url":"https:\/\/vieassociative.be\/actualites\/que-commencer-lensemencement-et-la-plantation-en-mars\/","name":"Que commencer l'ensemencement et la plantation en mars | Vie Associative","isPartOf":{"@id":"https:\/\/vieassociative.be\/actualites\/#website"},"primaryImageOfPage":{"@id":"https:\/\/vieassociative.be\/actualites\/que-commencer-lensemencement-et-la-plantation-en-mars\/#primaryimage"},"image":{"@id":"https:\/\/vieassociative.be\/actualites\/que-commencer-lensemencement-et-la-plantation-en-mars\/#primaryimage"},"thumbnailUrl":"https:\/\/vieassociative.be\/actualites\/wp-content\/uploads\/2025\/03\/Que-commencer-lensemencement-et-la-plantation-en-mars.png","datePublished":"2025-03-07T23:17:11+00:00","dateModified":"2025-03-07T23:17:11+00:00","breadcrumb":{"@id":"https:\/\/vieassociative.be\/actualites\/que-commencer-lensemencement-et-la-plantation-en-mars\/#breadcrumb"},"inLanguage":"fr-BE","potentialAction":[{"@type":"ReadAction","target":["https:\/\/vieassociative.be\/actualites\/que-commencer-lensemencement-et-la-plantation-en-mars\/"]}]},{"@type":"ImageObject","inLanguage":"fr-BE","@id":"https:\/\/vieassociative.be\/actualites\/que-commencer-lensemencement-et-la-plantation-en-mars\/#primaryimage","url":"https:\/\/vieassociative.be\/actualites\/wp-content\/uploads\/2025\/03\/Que-commencer-lensemencement-et-la-plantation-en-mars.png","contentUrl":"https:\/\/vieassociative.be\/actualites\/wp-content\/uploads\/2025\/03\/Que-commencer-lensemencement-et-la-plantation-en-mars.png","width":1200,"height":675,"caption":"Que commencer l'ensemencement et la plantation en mars"},{"@type":"BreadcrumbList","@id":"https:\/\/vieassociative.be\/actualites\/que-commencer-lensemencement-et-la-plantation-en-mars\/#breadcrumb","itemListElement":[{"@type":"ListItem","position":1,"name":"Accueil","item":"https:\/\/vieassociative.be\/actualites\/"},{"@type":"ListItem","position":2,"name":"Que commencer l&rsquo;ensemencement et la plantation en mars"}]},{"@type":"WebSite","@id":"https:\/\/vieassociative.be\/actualites\/#website","url":"https:\/\/vieassociative.be\/actualites\/","name":"Vie Associative","description":"","publisher":{"@id":"https:\/\/vieassociative.be\/actualites\/#organization"},"potentialAction":[{"@type":"SearchAction","target":{"@type":"EntryPoint","urlTemplate":"https:\/\/vieassociative.be\/actualites\/?s={search_term_string}"},"query-input":{"@type":"PropertyValueSpecification","valueRequired":true,"valueName":"search_term_string"}}],"inLanguage":"fr-BE"},{"@type":"Organization","@id":"https:\/\/vieassociative.be\/actualites\/#organization","name":"Vie Associative","url":"https:\/\/vieassociative.be\/actualites\/","logo":{"@type":"ImageObject","inLanguage":"fr-BE","@id":"https:\/\/vieassociative.be\/actualites\/#\/schema\/logo\/image\/","url":"https:\/\/vieassociative.be\/actualites\/wp-content\/uploads\/2024\/09\/cropped-vieassociative_favicon.ico.png","contentUrl":"https:\/\/vieassociative.be\/actualites\/wp-content\/uploads\/2024\/09\/cropped-vieassociative_favicon.ico.png","width":512,"height":512,"caption":"Vie Associative"},"image":{"@id":"https:\/\/vieassociative.be\/actualites\/#\/schema\/logo\/image\/"}},{"@type":"Person","@id":"https:\/\/vieassociative.be\/actualites\/#\/schema\/person\/b87ac4f82f9d4e7b7cec7395b679edc4","name":"Julien","image":{"@type":"ImageObject","inLanguage":"fr-BE","@id":"https:\/\/vieassociative.be\/actualites\/#\/schema\/person\/image\/","url":"https:\/\/vieassociative.be\/actualites\/wp-content\/uploads\/2024\/09\/vie-associative-1-150x150.jpg","contentUrl":"https:\/\/vieassociative.be\/actualites\/wp-content\/uploads\/2024\/09\/vie-associative-1-150x150.jpg","caption":"Julien"},"description":"Je suis Julien, r\u00e9dacteur pour Vie Associative. Passionn\u00e9 par le monde associatif depuis plus de 10 ans, j'ai \u00e0 c\u0153ur de partager des histoires inspirantes et de mettre en lumi\u00e8re les initiatives locales. Mon objectif est de sensibiliser et d'encourager l'engagement communautaire \u00e0 travers mes articles.","sameAs":["https:\/\/vieassociative.be\/"]}]}},"_links":{"self":[{"href":"https:\/\/vieassociative.be\/actualites\/wp-json\/wp\/v2\/posts\/5703"}],"collection":[{"href":"https:\/\/vieassociative.be\/actualites\/wp-json\/wp\/v2\/posts"}],"about":[{"href":"https:\/\/vieassociative.be\/actualites\/wp-json\/wp\/v2\/types\/post"}],"author":[{"embeddable":true,"href":"https:\/\/vieassociative.be\/actualites\/wp-json\/wp\/v2\/users\/1"}],"replies":[{"embeddable":true,"href":"https:\/\/vieassociative.be\/actualites\/wp-json\/wp\/v2\/comments?post=5703"}],"version-history":[{"count":0,"href":"https:\/\/vieassociative.be\/actualites\/wp-json\/wp\/v2\/posts\/5703\/revisions"}],"wp:featuredmedia":[{"embeddable":true,"href":"https:\/\/vieassociative.be\/actualites\/wp-json\/wp\/v2\/media\/5704"}],"wp:attachment":[{"href":"https:\/\/vieassociative.be\/actualites\/wp-json\/wp\/v2\/media?parent=5703"}],"wp:term":[{"taxonomy":"category","embeddable":true,"href":"https:\/\/vieassociative.be\/actualites\/wp-json\/wp\/v2\/categories?post=5703"},{"taxonomy":"post_tag","embeddable":true,"href":"https:\/\/vieassociative.be\/actualites\/wp-json\/wp\/v2\/tags?post=5703"}],"curies":[{"name":"wp","href":"https:\/\/api.w.org\/{rel}","templated":true}]}}