{"id":5699,"date":"2025-03-07T21:17:11","date_gmt":"2025-03-07T20:17:11","guid":{"rendered":"https:\/\/vieassociative.be\/actualites\/demandes-de-groupes-vivants-commerce-local-au-lieu-dimportations-bon-marche-a-partir-de-la-proposition-de-resolution-chinoise\/"},"modified":"2025-03-07T21:17:11","modified_gmt":"2025-03-07T20:17:11","slug":"demandes-de-groupes-vivants-commerce-local-au-lieu-dimportations-bon-marche-a-partir-de-la-proposition-de-resolution-chinoise","status":"publish","type":"post","link":"https:\/\/vieassociative.be\/actualites\/demandes-de-groupes-vivants-commerce-local-au-lieu-dimportations-bon-marche-a-partir-de-la-proposition-de-resolution-chinoise\/","title":{"rendered":"Demandes de groupes vivants: commerce local au lieu d&rsquo;importations bon march\u00e9 \u00e0 partir de la proposition de r\u00e9solution chinoise"},"content":{"rendered":"<p><strong>Le groupe Vivant accueille les derni\u00e8res initiatives de la Commission europ\u00e9enne pour prendre des mesures contre les importations bon march\u00e9 dangereuses et dangereuses en provenance de Chine. Des plates-formes telles que Shein et Temu ont \u00e9t\u00e9 class\u00e9es comme \u00ab\u00a0de tr\u00e8s grandes plates-formes en ligne\u00a0\u00bb (VLOPS) et doivent d\u00e9sormais adh\u00e9rer \u00e0 des r\u00e9glementations plus strictes. Cependant, selon Vivant, la politique de l&rsquo;UE reste trop provisoire pour vraiment rendre justice aux d\u00e9fis de l&rsquo;inondation massive du package et des conditions concurrentielles d\u00e9loyales.<\/strong><\/p>\n<p><span id=\"more-410774\"><\/span>Avec sa nouvelle proposition de r\u00e9solution, le groupe Vivant appelle \u00e0 des mesures concr\u00e8tes et contraignantes pour mieux prot\u00e9ger les consommateurs europ\u00e9ens, les concessionnaires belges orientaux et l&rsquo;environnement. Le probl\u00e8me: concurrence d\u00e9loyale et manque de protection des consommateurs.<\/p>\n<p><strong>&#8211; Importations bon march\u00e9 incontr\u00f4l\u00e9es:<\/strong> Rien qu&rsquo;en 2024, 4,6 milliards de packages d&rsquo;une valeur inf\u00e9rieure \u00e0 150 euros ont \u00e9t\u00e9 import\u00e9s dans l&rsquo;UE, 91 produits provenaient de la Chine. Ces programmes b\u00e9n\u00e9ficient de fronti\u00e8res sans droit qui d\u00e9savantagent les concessionnaires europ\u00e9ens et provoquent une distorsion massive de la concurrence. L&rsquo;abolition pr\u00e9vue de la limite sans droit est une premi\u00e8re \u00e9tape, mais elle n&rsquo;est pas suffisante pour r\u00e9soudre les probl\u00e8mes structurels, explique Vivant.<\/p>\n<p><strong>&#8211; Contr\u00f4les de douane surcharg\u00e9s: <\/strong>L&rsquo;a\u00e9roport de Li\u00e8ge est maintenant un centre central pour les importations chinoises bon march\u00e9 en Europe. Plus d&rsquo;un million de colis y adoptent les contr\u00f4les douaniers tous les jours &#8211; beaucoup qui ne peuvent pas \u00eatre ma\u00eetris\u00e9s avec les capacit\u00e9s existantes.<\/p>\n<p><strong>&#8211; Les autorit\u00e9s douani\u00e8res n&rsquo;ont gu\u00e8re grandi:<\/strong> Seuls 0,005% des programmes sont en fait v\u00e9rifi\u00e9s \u00e0 l&rsquo;a\u00e9roport de Li\u00e8ge, de sorte que les produits dangereux et non conform\u00e9s continuent de se mettre sur le march\u00e9 sans entrave.<\/p>\n<div id=\"attachment_381538\" class=\"wp-caption alignnone\" style=\"max-width: 300px\"><img fetchpriority=\"high\" decoding=\"async\" class=\"size-medium wp-image-381538\" src=\"https:\/\/vieassociative.be\/actualites\/wp-content\/uploads\/2025\/03\/Demandes-de-groupes-vivants-commerce-local-au-lieu-dimportations-bon.jpg\" alt=\"\" width=\"300\" height=\"213\"><\/p>\n<p class=\"wp-caption-text\">04\/01\/2024, Chine, Yantai: v\u00e9hicules charg\u00e9s dans la r\u00e9gion de la baie de Zhifu du port de Yantai pour l&rsquo;exportation. Photo: Li Ziengeng \/ Xinhua \/ DPA<\/p>\n<\/div>\n<p><strong>&#8211; Influencer la Chine sur les ports europ\u00e9ens:<\/strong> La Chine a investi massivement dans des ports europ\u00e9ens ces derni\u00e8res ann\u00e9es. Le port belge de Zeebrugge appartient \u00e0 la soci\u00e9t\u00e9 d&rsquo;\u00c9tat chinoise Cosco. Le port d&rsquo;Anvers joue \u00e9galement un r\u00f4le cl\u00e9 dans le commerce en Chine, qui cr\u00e9e des d\u00e9pendances strat\u00e9giques et comporte des risques \u00e9conomiques et de s\u00e9curit\u00e9.<\/p>\n<p><strong>&#8211; Risques pour la sant\u00e9 \u00e0 travers des produits dangereux: <\/strong>Des \u00e9tudes de Testachs, de Greenpeace et des associations environnementales ont montr\u00e9 que 40% des v\u00eatements pour enfants test\u00e9s par Shein contient des produits chimiques nocifs &#8211; y compris les perturbateurs endocriniens, les phtalates, le nickel et le plomb. Certains produits ont d\u00e9pass\u00e9 les valeurs limites autoris\u00e9es pour le plomb de cinq fois et pour les phtalates de cent fois.<\/p>\n<p><strong>&#8211; Strat\u00e9gies de vente manipulatrices (\u00ab\u00a0mod\u00e8les sombres\u00a0\u00bb):<\/strong> Des plateformes telles que Shein et Temu s&rsquo;appuient d\u00e9lib\u00e9r\u00e9ment sur des strat\u00e9gies de vente psychologique pour tenter les utilisateurs \u00e0 acheter:<\/p>\n<p>\u2022 Faux r\u00e9ductions et incitations \u00e0 l&rsquo;achat artificielles<br \/>\n\u2022 Compulsion des achats psychologiques \u00e0 travers des d\u00e9lais ou des \u00ab\u00a0nombres limit\u00e9s\u00a0\u00bb<br \/>\n\u2022 R\u00e9compenser les syst\u00e8mes qui favorisent sp\u00e9cifiquement le comportement addictif.<\/p>\n<div id=\"attachment_410788\" class=\"wp-caption alignnone\" style=\"max-width: 300px\"><img decoding=\"async\" class=\"size-medium wp-image-410788\" src=\"https:\/\/vieassociative.be\/actualites\/wp-content\/uploads\/2025\/03\/1741378631_104_Demandes-de-groupes-vivants-commerce-local-au-lieu-dimportations-bon.jpg\" alt=\"\" width=\"300\" height=\"200\"><\/p>\n<p class=\"wp-caption-text\">Dans cette usine du Bangladesh, les produits destin\u00e9s \u00e0 l&rsquo;exportation vers l&rsquo;Europe sont produits. Photo: Shutterstock<\/p>\n<\/div>\n<p>Vivant consid\u00e8re que Fast Fashion est une industrie extr\u00eamement nocif. Alors que les entreprises europ\u00e9ennes doivent r\u00e9pondre aux exigences environnementales strictes, les marques bon march\u00e9 b\u00e9n\u00e9ficient de lacunes dans le syst\u00e8me. La France a tent\u00e9 de contrecarrer: une loi pour r\u00e9glementer la mode rapide a \u00e9t\u00e9 adopt\u00e9e par l&rsquo;Assembl\u00e9e nationale, mais a disparu de l&rsquo;agenda du S\u00e9nat.<\/p>\n<p><em>1) Les ventes de produits ill\u00e9gaux punissent constamment:<\/em> Amendes drastiques pour les plates-formes qui<br \/>\nOffrez des produits r\u00e9guliers dangereux, des restrictions d&rsquo;acc\u00e8s au march\u00e9 et intelligents,<br \/>\nCela viole \u00e0 plusieurs reprises les r\u00e8gles de l&rsquo;UE.<\/p>\n<p><em>2) Assurer la transparence du concessionnaire:<\/em> Introduction d&rsquo;un registre des concessionnaires \u00e0 l&rsquo;\u00e9chelle de l&rsquo;UE,<br \/>\nEngagement de tous les vendeurs \u00e0 divulguer leur si\u00e8ge d&rsquo;entreprise dans l&rsquo;UE.<\/p>\n<p><em>3) Renforcer les autorit\u00e9s douani\u00e8res:<\/em> Augmentation du personnel et syst\u00e8mes de contr\u00f4le automatis\u00e9,<br \/>\nAugmentation des contr\u00f4les des \u00e9chantillons, en particulier pour les programmes de r\u00e9gions \u00e0 haut risque.<\/p>\n<div id=\"attachment_410791\" class=\"wp-caption alignleft\" style=\"max-width: 300px\"><img decoding=\"async\" class=\"wp-image-410791 size-medium\" src=\"https:\/\/vieassociative.be\/actualites\/wp-content\/uploads\/2025\/03\/1741378631_20_Demandes-de-groupes-vivants-commerce-local-au-lieu-dimportations-bon.jpg\" alt=\"\" width=\"300\" height=\"200\"><\/p>\n<p class=\"wp-caption-text\">Un v\u00eatement \u00ab\u00a0Made in China\u00a0\u00bb. Photo: Shutterstock<\/p>\n<\/div>\n<p><em>4) Interdire les strat\u00e9gies de vente manipulatrices:<\/em> Interdiction stricte des \u00abmod\u00e8les sombres\u00bb et des m\u00e9canismes de vente psychologique, obligations de transparence pour les algorithmes de recommandation.<\/p>\n<p><em>5) Faire respecter les normes environnementales et sociales:<\/em> Introduction d&rsquo;un CO\u2082 et de pr\u00e9l\u00e8vement environnemental pour les produits non durables, obligation d&rsquo;identifier \u00e9cologiquement discutable<br \/>\nProduits.<\/p>\n<p><em>6) Augmenter la surveillance du march\u00e9 \u00e0 l&rsquo;\u00e9chelle de l&rsquo;UE:<\/em> \u00c9tablissement d&rsquo;un groupe de travail d&rsquo;Europe centrale pour v\u00e9rifier les march\u00e9s en ligne, l&rsquo;introduction d&rsquo;un syst\u00e8me d&rsquo;enregistrement \u00e0 l&rsquo;\u00e9chelle de l&rsquo;UE pour les produits dangereux.<\/p>\n<p><em>7) Resserrer la responsabilit\u00e9 des plates-formes:<\/em> Les plates-formes doivent \u00eatre responsables des produits non complices ou dangereux, pas seulement les concessionnaires.<\/p>\n<p><em>8) Promouvoir la clarification et la sensibilisation:<\/em> Campagnes \u00e0 l&rsquo;\u00e9chelle de l&rsquo;UE sur les dangers des importations bon march\u00e9, clarification des alternatives de consommation durables.<\/p>\n<p>Conclusion: Les mesures pr\u00e9c\u00e9dentes de l&rsquo;UE ne sont pas suffisantes. Par cons\u00e9quent, le groupe Vivant a \u00e9labor\u00e9 une proposition de r\u00e9solution qui s&rsquo;adresse \u00e0 la Commission de l&rsquo;UE et au gouvernement f\u00e9d\u00e9ral. (Cre)<\/p>\n","protected":false},"excerpt":{"rendered":"<p>Le groupe Vivant accueille les derni\u00e8res initiatives de la Commission europ\u00e9enne pour prendre des mesures contre les importations bon march\u00e9 dangereuses et dangereuses en provenance<\/p>\n","protected":false},"author":1,"featured_media":5700,"comment_status":"","ping_status":"","sticky":false,"template":"","format":"standard","meta":{"footnotes":""},"categories":[298],"tags":[1036,4729,5709,2918,5710,5707,1541,2535,1523,1591,5711,5712,5708],"class_list":["post-5699","post","type-post","status-publish","format-standard","has-post-thumbnail","hentry","category-belgique","tag-bon","tag-chinoise","tag-commerce","tag-demandes","tag-dimportations","tag-groupes","tag-lieu","tag-local","tag-marche","tag-partir","tag-proposition","tag-resolution","tag-vivants","generate-columns","tablet-grid-50","mobile-grid-100","grid-parent","grid-33"],"yoast_head":"<!-- This site is optimized with the Yoast SEO plugin v24.0 - https:\/\/yoast.com\/wordpress\/plugins\/seo\/ -->\n<title>Demandes de groupes vivants: commerce local au lieu d&#039;importations bon march\u00e9 \u00e0 partir de la proposition de r\u00e9solution chinoise | Vie Associative<\/title>\n<meta name=\"robots\" content=\"index, follow, max-snippet:-1, max-image-preview:large, max-video-preview:-1\" \/>\n<link rel=\"canonical\" href=\"https:\/\/vieassociative.be\/actualites\/demandes-de-groupes-vivants-commerce-local-au-lieu-dimportations-bon-marche-a-partir-de-la-proposition-de-resolution-chinoise\/\" \/>\n<meta property=\"og:locale\" content=\"fr_FR\" \/>\n<meta property=\"og:type\" content=\"article\" \/>\n<meta property=\"og:title\" content=\"Demandes de groupes vivants: commerce local au lieu d&#039;importations bon march\u00e9 \u00e0 partir de la proposition de r\u00e9solution chinoise | Vie Associative\" \/>\n<meta property=\"og:description\" content=\"Le groupe Vivant accueille les derni\u00e8res initiatives de la Commission europ\u00e9enne pour prendre des mesures contre les importations bon march\u00e9 dangereuses et dangereuses en provenance\" \/>\n<meta property=\"og:url\" content=\"https:\/\/vieassociative.be\/actualites\/demandes-de-groupes-vivants-commerce-local-au-lieu-dimportations-bon-marche-a-partir-de-la-proposition-de-resolution-chinoise\/\" \/>\n<meta property=\"og:site_name\" content=\"Vie Associative\" \/>\n<meta property=\"article:published_time\" content=\"2025-03-07T20:17:11+00:00\" \/>\n<meta property=\"og:image\" content=\"https:\/\/vieassociative.be\/actualites\/wp-content\/uploads\/2024\/09\/header_backgroundk-01-e1726694325946.png\" \/>\n\t<meta property=\"og:image:width\" content=\"279\" \/>\n\t<meta property=\"og:image:height\" content=\"92\" \/>\n\t<meta property=\"og:image:type\" content=\"image\/png\" \/>\n<meta name=\"author\" content=\"Julien\" \/>\n<meta name=\"twitter:card\" content=\"summary_large_image\" \/>\n<meta name=\"twitter:label1\" content=\"\u00c9crit par\" \/>\n\t<meta name=\"twitter:data1\" content=\"Julien\" \/>\n\t<meta name=\"twitter:label2\" content=\"Dur\u00e9e de lecture est.\" \/>\n\t<meta name=\"twitter:data2\" content=\"4 minutes\" \/>\n<script type=\"application\/ld+json\" class=\"yoast-schema-graph\">{\"@context\":\"https:\/\/schema.org\",\"@graph\":[{\"@type\":\"Article\",\"@id\":\"https:\/\/vieassociative.be\/actualites\/demandes-de-groupes-vivants-commerce-local-au-lieu-dimportations-bon-marche-a-partir-de-la-proposition-de-resolution-chinoise\/#article\",\"isPartOf\":{\"@id\":\"https:\/\/vieassociative.be\/actualites\/demandes-de-groupes-vivants-commerce-local-au-lieu-dimportations-bon-marche-a-partir-de-la-proposition-de-resolution-chinoise\/\"},\"author\":{\"name\":\"Julien\",\"@id\":\"https:\/\/vieassociative.be\/actualites\/#\/schema\/person\/b87ac4f82f9d4e7b7cec7395b679edc4\"},\"headline\":\"Demandes de groupes vivants: commerce local au lieu d&rsquo;importations bon march\u00e9 \u00e0 partir de la proposition de r\u00e9solution chinoise\",\"datePublished\":\"2025-03-07T20:17:11+00:00\",\"dateModified\":\"2025-03-07T20:17:11+00:00\",\"mainEntityOfPage\":{\"@id\":\"https:\/\/vieassociative.be\/actualites\/demandes-de-groupes-vivants-commerce-local-au-lieu-dimportations-bon-marche-a-partir-de-la-proposition-de-resolution-chinoise\/\"},\"wordCount\":958,\"publisher\":{\"@id\":\"https:\/\/vieassociative.be\/actualites\/#organization\"},\"image\":{\"@id\":\"https:\/\/vieassociative.be\/actualites\/demandes-de-groupes-vivants-commerce-local-au-lieu-dimportations-bon-marche-a-partir-de-la-proposition-de-resolution-chinoise\/#primaryimage\"},\"thumbnailUrl\":\"https:\/\/vieassociative.be\/actualites\/wp-content\/uploads\/2025\/03\/1741378632_Demandes-de-groupes-vivants-commerce-local-au-lieu-dimportations-bon.jpg\",\"keywords\":[\"bon\",\"chinoise\",\"commerce\",\"demandes\",\"dimportations\",\"groupes\",\"lieu\",\"local\",\"march\u00e9\",\"partir\",\"proposition\",\"r\u00e9solution\",\"vivants\"],\"articleSection\":[\"Belgique\"],\"inLanguage\":\"fr-BE\"},{\"@type\":\"WebPage\",\"@id\":\"https:\/\/vieassociative.be\/actualites\/demandes-de-groupes-vivants-commerce-local-au-lieu-dimportations-bon-marche-a-partir-de-la-proposition-de-resolution-chinoise\/\",\"url\":\"https:\/\/vieassociative.be\/actualites\/demandes-de-groupes-vivants-commerce-local-au-lieu-dimportations-bon-marche-a-partir-de-la-proposition-de-resolution-chinoise\/\",\"name\":\"Demandes de groupes vivants: commerce local au lieu d'importations bon march\u00e9 \u00e0 partir de la proposition de r\u00e9solution chinoise | Vie Associative\",\"isPartOf\":{\"@id\":\"https:\/\/vieassociative.be\/actualites\/#website\"},\"primaryImageOfPage\":{\"@id\":\"https:\/\/vieassociative.be\/actualites\/demandes-de-groupes-vivants-commerce-local-au-lieu-dimportations-bon-marche-a-partir-de-la-proposition-de-resolution-chinoise\/#primaryimage\"},\"image\":{\"@id\":\"https:\/\/vieassociative.be\/actualites\/demandes-de-groupes-vivants-commerce-local-au-lieu-dimportations-bon-marche-a-partir-de-la-proposition-de-resolution-chinoise\/#primaryimage\"},\"thumbnailUrl\":\"https:\/\/vieassociative.be\/actualites\/wp-content\/uploads\/2025\/03\/1741378632_Demandes-de-groupes-vivants-commerce-local-au-lieu-dimportations-bon.jpg\",\"datePublished\":\"2025-03-07T20:17:11+00:00\",\"dateModified\":\"2025-03-07T20:17:11+00:00\",\"breadcrumb\":{\"@id\":\"https:\/\/vieassociative.be\/actualites\/demandes-de-groupes-vivants-commerce-local-au-lieu-dimportations-bon-marche-a-partir-de-la-proposition-de-resolution-chinoise\/#breadcrumb\"},\"inLanguage\":\"fr-BE\",\"potentialAction\":[{\"@type\":\"ReadAction\",\"target\":[\"https:\/\/vieassociative.be\/actualites\/demandes-de-groupes-vivants-commerce-local-au-lieu-dimportations-bon-marche-a-partir-de-la-proposition-de-resolution-chinoise\/\"]}]},{\"@type\":\"ImageObject\",\"inLanguage\":\"fr-BE\",\"@id\":\"https:\/\/vieassociative.be\/actualites\/demandes-de-groupes-vivants-commerce-local-au-lieu-dimportations-bon-marche-a-partir-de-la-proposition-de-resolution-chinoise\/#primaryimage\",\"url\":\"https:\/\/vieassociative.be\/actualites\/wp-content\/uploads\/2025\/03\/1741378632_Demandes-de-groupes-vivants-commerce-local-au-lieu-dimportations-bon.jpg\",\"contentUrl\":\"https:\/\/vieassociative.be\/actualites\/wp-content\/uploads\/2025\/03\/1741378632_Demandes-de-groupes-vivants-commerce-local-au-lieu-dimportations-bon.jpg\",\"width\":1200,\"height\":488,\"caption\":\"Demandes de groupes vivants: commerce local au lieu d'importations bon march\u00e9 \u00e0 partir de la proposition de r\u00e9solution chinoise\"},{\"@type\":\"BreadcrumbList\",\"@id\":\"https:\/\/vieassociative.be\/actualites\/demandes-de-groupes-vivants-commerce-local-au-lieu-dimportations-bon-marche-a-partir-de-la-proposition-de-resolution-chinoise\/#breadcrumb\",\"itemListElement\":[{\"@type\":\"ListItem\",\"position\":1,\"name\":\"Accueil\",\"item\":\"https:\/\/vieassociative.be\/actualites\/\"},{\"@type\":\"ListItem\",\"position\":2,\"name\":\"Demandes de groupes vivants: commerce local au lieu d&rsquo;importations bon march\u00e9 \u00e0 partir de la proposition de r\u00e9solution chinoise\"}]},{\"@type\":\"WebSite\",\"@id\":\"https:\/\/vieassociative.be\/actualites\/#website\",\"url\":\"https:\/\/vieassociative.be\/actualites\/\",\"name\":\"Vie Associative\",\"description\":\"\",\"publisher\":{\"@id\":\"https:\/\/vieassociative.be\/actualites\/#organization\"},\"potentialAction\":[{\"@type\":\"SearchAction\",\"target\":{\"@type\":\"EntryPoint\",\"urlTemplate\":\"https:\/\/vieassociative.be\/actualites\/?s={search_term_string}\"},\"query-input\":{\"@type\":\"PropertyValueSpecification\",\"valueRequired\":true,\"valueName\":\"search_term_string\"}}],\"inLanguage\":\"fr-BE\"},{\"@type\":\"Organization\",\"@id\":\"https:\/\/vieassociative.be\/actualites\/#organization\",\"name\":\"Vie Associative\",\"url\":\"https:\/\/vieassociative.be\/actualites\/\",\"logo\":{\"@type\":\"ImageObject\",\"inLanguage\":\"fr-BE\",\"@id\":\"https:\/\/vieassociative.be\/actualites\/#\/schema\/logo\/image\/\",\"url\":\"https:\/\/vieassociative.be\/actualites\/wp-content\/uploads\/2024\/09\/cropped-vieassociative_favicon.ico.png\",\"contentUrl\":\"https:\/\/vieassociative.be\/actualites\/wp-content\/uploads\/2024\/09\/cropped-vieassociative_favicon.ico.png\",\"width\":512,\"height\":512,\"caption\":\"Vie Associative\"},\"image\":{\"@id\":\"https:\/\/vieassociative.be\/actualites\/#\/schema\/logo\/image\/\"}},{\"@type\":\"Person\",\"@id\":\"https:\/\/vieassociative.be\/actualites\/#\/schema\/person\/b87ac4f82f9d4e7b7cec7395b679edc4\",\"name\":\"Julien\",\"image\":{\"@type\":\"ImageObject\",\"inLanguage\":\"fr-BE\",\"@id\":\"https:\/\/vieassociative.be\/actualites\/#\/schema\/person\/image\/\",\"url\":\"https:\/\/vieassociative.be\/actualites\/wp-content\/uploads\/2024\/09\/vie-associative-1-150x150.jpg\",\"contentUrl\":\"https:\/\/vieassociative.be\/actualites\/wp-content\/uploads\/2024\/09\/vie-associative-1-150x150.jpg\",\"caption\":\"Julien\"},\"description\":\"Je suis Julien, r\u00e9dacteur pour Vie Associative. Passionn\u00e9 par le monde associatif depuis plus de 10 ans, j'ai \u00e0 c\u0153ur de partager des histoires inspirantes et de mettre en lumi\u00e8re les initiatives locales. Mon objectif est de sensibiliser et d'encourager l'engagement communautaire \u00e0 travers mes articles.\",\"sameAs\":[\"https:\/\/vieassociative.be\/\"]}]}<\/script>\n<!-- \/ Yoast SEO plugin. -->","yoast_head_json":{"title":"Demandes de groupes vivants: commerce local au lieu d'importations bon march\u00e9 \u00e0 partir de la proposition de r\u00e9solution chinoise | Vie Associative","robots":{"index":"index","follow":"follow","max-snippet":"max-snippet:-1","max-image-preview":"max-image-preview:large","max-video-preview":"max-video-preview:-1"},"canonical":"https:\/\/vieassociative.be\/actualites\/demandes-de-groupes-vivants-commerce-local-au-lieu-dimportations-bon-marche-a-partir-de-la-proposition-de-resolution-chinoise\/","og_locale":"fr_FR","og_type":"article","og_title":"Demandes de groupes vivants: commerce local au lieu d'importations bon march\u00e9 \u00e0 partir de la proposition de r\u00e9solution chinoise | Vie Associative","og_description":"Le groupe Vivant accueille les derni\u00e8res initiatives de la Commission europ\u00e9enne pour prendre des mesures contre les importations bon march\u00e9 dangereuses et dangereuses en provenance","og_url":"https:\/\/vieassociative.be\/actualites\/demandes-de-groupes-vivants-commerce-local-au-lieu-dimportations-bon-marche-a-partir-de-la-proposition-de-resolution-chinoise\/","og_site_name":"Vie Associative","article_published_time":"2025-03-07T20:17:11+00:00","og_image":[{"width":279,"height":92,"url":"https:\/\/vieassociative.be\/actualites\/wp-content\/uploads\/2024\/09\/header_backgroundk-01-e1726694325946.png","type":"image\/png"}],"author":"Julien","twitter_card":"summary_large_image","twitter_misc":{"\u00c9crit par":"Julien","Dur\u00e9e de lecture est.":"4 minutes"},"schema":{"@context":"https:\/\/schema.org","@graph":[{"@type":"Article","@id":"https:\/\/vieassociative.be\/actualites\/demandes-de-groupes-vivants-commerce-local-au-lieu-dimportations-bon-marche-a-partir-de-la-proposition-de-resolution-chinoise\/#article","isPartOf":{"@id":"https:\/\/vieassociative.be\/actualites\/demandes-de-groupes-vivants-commerce-local-au-lieu-dimportations-bon-marche-a-partir-de-la-proposition-de-resolution-chinoise\/"},"author":{"name":"Julien","@id":"https:\/\/vieassociative.be\/actualites\/#\/schema\/person\/b87ac4f82f9d4e7b7cec7395b679edc4"},"headline":"Demandes de groupes vivants: commerce local au lieu d&rsquo;importations bon march\u00e9 \u00e0 partir de la proposition de r\u00e9solution chinoise","datePublished":"2025-03-07T20:17:11+00:00","dateModified":"2025-03-07T20:17:11+00:00","mainEntityOfPage":{"@id":"https:\/\/vieassociative.be\/actualites\/demandes-de-groupes-vivants-commerce-local-au-lieu-dimportations-bon-marche-a-partir-de-la-proposition-de-resolution-chinoise\/"},"wordCount":958,"publisher":{"@id":"https:\/\/vieassociative.be\/actualites\/#organization"},"image":{"@id":"https:\/\/vieassociative.be\/actualites\/demandes-de-groupes-vivants-commerce-local-au-lieu-dimportations-bon-marche-a-partir-de-la-proposition-de-resolution-chinoise\/#primaryimage"},"thumbnailUrl":"https:\/\/vieassociative.be\/actualites\/wp-content\/uploads\/2025\/03\/1741378632_Demandes-de-groupes-vivants-commerce-local-au-lieu-dimportations-bon.jpg","keywords":["bon","chinoise","commerce","demandes","dimportations","groupes","lieu","local","march\u00e9","partir","proposition","r\u00e9solution","vivants"],"articleSection":["Belgique"],"inLanguage":"fr-BE"},{"@type":"WebPage","@id":"https:\/\/vieassociative.be\/actualites\/demandes-de-groupes-vivants-commerce-local-au-lieu-dimportations-bon-marche-a-partir-de-la-proposition-de-resolution-chinoise\/","url":"https:\/\/vieassociative.be\/actualites\/demandes-de-groupes-vivants-commerce-local-au-lieu-dimportations-bon-marche-a-partir-de-la-proposition-de-resolution-chinoise\/","name":"Demandes de groupes vivants: commerce local au lieu d'importations bon march\u00e9 \u00e0 partir de la proposition de r\u00e9solution chinoise | Vie Associative","isPartOf":{"@id":"https:\/\/vieassociative.be\/actualites\/#website"},"primaryImageOfPage":{"@id":"https:\/\/vieassociative.be\/actualites\/demandes-de-groupes-vivants-commerce-local-au-lieu-dimportations-bon-marche-a-partir-de-la-proposition-de-resolution-chinoise\/#primaryimage"},"image":{"@id":"https:\/\/vieassociative.be\/actualites\/demandes-de-groupes-vivants-commerce-local-au-lieu-dimportations-bon-marche-a-partir-de-la-proposition-de-resolution-chinoise\/#primaryimage"},"thumbnailUrl":"https:\/\/vieassociative.be\/actualites\/wp-content\/uploads\/2025\/03\/1741378632_Demandes-de-groupes-vivants-commerce-local-au-lieu-dimportations-bon.jpg","datePublished":"2025-03-07T20:17:11+00:00","dateModified":"2025-03-07T20:17:11+00:00","breadcrumb":{"@id":"https:\/\/vieassociative.be\/actualites\/demandes-de-groupes-vivants-commerce-local-au-lieu-dimportations-bon-marche-a-partir-de-la-proposition-de-resolution-chinoise\/#breadcrumb"},"inLanguage":"fr-BE","potentialAction":[{"@type":"ReadAction","target":["https:\/\/vieassociative.be\/actualites\/demandes-de-groupes-vivants-commerce-local-au-lieu-dimportations-bon-marche-a-partir-de-la-proposition-de-resolution-chinoise\/"]}]},{"@type":"ImageObject","inLanguage":"fr-BE","@id":"https:\/\/vieassociative.be\/actualites\/demandes-de-groupes-vivants-commerce-local-au-lieu-dimportations-bon-marche-a-partir-de-la-proposition-de-resolution-chinoise\/#primaryimage","url":"https:\/\/vieassociative.be\/actualites\/wp-content\/uploads\/2025\/03\/1741378632_Demandes-de-groupes-vivants-commerce-local-au-lieu-dimportations-bon.jpg","contentUrl":"https:\/\/vieassociative.be\/actualites\/wp-content\/uploads\/2025\/03\/1741378632_Demandes-de-groupes-vivants-commerce-local-au-lieu-dimportations-bon.jpg","width":1200,"height":488,"caption":"Demandes de groupes vivants: commerce local au lieu d'importations bon march\u00e9 \u00e0 partir de la proposition de r\u00e9solution chinoise"},{"@type":"BreadcrumbList","@id":"https:\/\/vieassociative.be\/actualites\/demandes-de-groupes-vivants-commerce-local-au-lieu-dimportations-bon-marche-a-partir-de-la-proposition-de-resolution-chinoise\/#breadcrumb","itemListElement":[{"@type":"ListItem","position":1,"name":"Accueil","item":"https:\/\/vieassociative.be\/actualites\/"},{"@type":"ListItem","position":2,"name":"Demandes de groupes vivants: commerce local au lieu d&rsquo;importations bon march\u00e9 \u00e0 partir de la proposition de r\u00e9solution chinoise"}]},{"@type":"WebSite","@id":"https:\/\/vieassociative.be\/actualites\/#website","url":"https:\/\/vieassociative.be\/actualites\/","name":"Vie Associative","description":"","publisher":{"@id":"https:\/\/vieassociative.be\/actualites\/#organization"},"potentialAction":[{"@type":"SearchAction","target":{"@type":"EntryPoint","urlTemplate":"https:\/\/vieassociative.be\/actualites\/?s={search_term_string}"},"query-input":{"@type":"PropertyValueSpecification","valueRequired":true,"valueName":"search_term_string"}}],"inLanguage":"fr-BE"},{"@type":"Organization","@id":"https:\/\/vieassociative.be\/actualites\/#organization","name":"Vie Associative","url":"https:\/\/vieassociative.be\/actualites\/","logo":{"@type":"ImageObject","inLanguage":"fr-BE","@id":"https:\/\/vieassociative.be\/actualites\/#\/schema\/logo\/image\/","url":"https:\/\/vieassociative.be\/actualites\/wp-content\/uploads\/2024\/09\/cropped-vieassociative_favicon.ico.png","contentUrl":"https:\/\/vieassociative.be\/actualites\/wp-content\/uploads\/2024\/09\/cropped-vieassociative_favicon.ico.png","width":512,"height":512,"caption":"Vie Associative"},"image":{"@id":"https:\/\/vieassociative.be\/actualites\/#\/schema\/logo\/image\/"}},{"@type":"Person","@id":"https:\/\/vieassociative.be\/actualites\/#\/schema\/person\/b87ac4f82f9d4e7b7cec7395b679edc4","name":"Julien","image":{"@type":"ImageObject","inLanguage":"fr-BE","@id":"https:\/\/vieassociative.be\/actualites\/#\/schema\/person\/image\/","url":"https:\/\/vieassociative.be\/actualites\/wp-content\/uploads\/2024\/09\/vie-associative-1-150x150.jpg","contentUrl":"https:\/\/vieassociative.be\/actualites\/wp-content\/uploads\/2024\/09\/vie-associative-1-150x150.jpg","caption":"Julien"},"description":"Je suis Julien, r\u00e9dacteur pour Vie Associative. Passionn\u00e9 par le monde associatif depuis plus de 10 ans, j'ai \u00e0 c\u0153ur de partager des histoires inspirantes et de mettre en lumi\u00e8re les initiatives locales. Mon objectif est de sensibiliser et d'encourager l'engagement communautaire \u00e0 travers mes articles.","sameAs":["https:\/\/vieassociative.be\/"]}]}},"_links":{"self":[{"href":"https:\/\/vieassociative.be\/actualites\/wp-json\/wp\/v2\/posts\/5699"}],"collection":[{"href":"https:\/\/vieassociative.be\/actualites\/wp-json\/wp\/v2\/posts"}],"about":[{"href":"https:\/\/vieassociative.be\/actualites\/wp-json\/wp\/v2\/types\/post"}],"author":[{"embeddable":true,"href":"https:\/\/vieassociative.be\/actualites\/wp-json\/wp\/v2\/users\/1"}],"replies":[{"embeddable":true,"href":"https:\/\/vieassociative.be\/actualites\/wp-json\/wp\/v2\/comments?post=5699"}],"version-history":[{"count":0,"href":"https:\/\/vieassociative.be\/actualites\/wp-json\/wp\/v2\/posts\/5699\/revisions"}],"wp:featuredmedia":[{"embeddable":true,"href":"https:\/\/vieassociative.be\/actualites\/wp-json\/wp\/v2\/media\/5700"}],"wp:attachment":[{"href":"https:\/\/vieassociative.be\/actualites\/wp-json\/wp\/v2\/media?parent=5699"}],"wp:term":[{"taxonomy":"category","embeddable":true,"href":"https:\/\/vieassociative.be\/actualites\/wp-json\/wp\/v2\/categories?post=5699"},{"taxonomy":"post_tag","embeddable":true,"href":"https:\/\/vieassociative.be\/actualites\/wp-json\/wp\/v2\/tags?post=5699"}],"curies":[{"name":"wp","href":"https:\/\/api.w.org\/{rel}","templated":true}]}}