{"id":5697,"date":"2025-03-07T20:17:24","date_gmt":"2025-03-07T19:17:24","guid":{"rendered":"https:\/\/vieassociative.be\/actualites\/cest-le-bon-moment-pour-acheter-un-macbook-de-la-serie-m-renovee\/"},"modified":"2025-03-07T20:17:24","modified_gmt":"2025-03-07T19:17:24","slug":"cest-le-bon-moment-pour-acheter-un-macbook-de-la-serie-m-renovee","status":"publish","type":"post","link":"https:\/\/vieassociative.be\/actualites\/cest-le-bon-moment-pour-acheter-un-macbook-de-la-serie-m-renovee\/","title":{"rendered":"C&rsquo;est le bon moment pour acheter un MacBook de la s\u00e9rie M r\u00e9nov\u00e9e"},"content":{"rendered":"<div class=\"mt-4 leading-6 md:mb-8\">\u00c9vitez la taxe Apple avec ces excellentes offres MacBook.<\/div>\n<p><\/p>\n<p>Apple a annonc\u00e9 avec d\u00e9sinvolture le nouveau M4 MacBook Air avec des ventes \u00e0 partir du 12 mars. Bien que ce soit une nouvelle passionnante pour tous ceux qui cherchent \u00e0 obtenir les appareils les plus r\u00e9cents et les plus grands, cela peut \u00e9galement \u00eatre une aubaine pour quiconque recherche des offres. Apr\u00e8s le lancement de nouveaux produits, il y a tendance \u00e0 y avoir de grandes r\u00e9ductions sur les mod\u00e8les ant\u00e9rieurs pour aider \u00e0 effacer l&rsquo;inventaire. Apple a malheureusement un march\u00e9 de vente assez contr\u00f4l\u00e9, donc trouver de nouvelles unit\u00e9s de mod\u00e8les ant\u00e9rieurs peut \u00eatre difficile. Mais si vous \u00eates familier et \u00e0 l&rsquo;aise avec le grand monde de produits r\u00e9nov\u00e9s, vous pouvez trouver d&rsquo;excellentes offres sur des MacBook un peu plus \u00e2g\u00e9s. Pour vous aider \u00e0 commencer votre recherche, j&rsquo;ai rassembl\u00e9 quelques options passionnantes sur le march\u00e9 r\u00e9nov\u00e9.<\/p>\n<h2 id=\"m1-pro-macbook-pro\">M1 Pro MacBook Pro<\/h2>\n<p>Ce M1 Pro MacBook Pro remis \u00e0 neuf rel\u00e8ve du nouveau MacBook Air \u00e0 999 $, mais offre des mises \u00e0 niveau. Il a plus de stockage qu&rsquo;un MacBook Air de base, correspond \u00e0 sa m\u00e9moire, dispose d&rsquo;un grand \u00e9cran de 16 pouces et est livr\u00e9 avec des ports suppl\u00e9mentaires. Ce mod\u00e8le g\u00e8re \u00e9galement une puce M1 Pro, qui est une version plus puissante de la puce M1 qui a \u00e9bloui tant dans la communaut\u00e9 technologique. <\/p>\n<div class=\"pogoClear mb-12 mt-10 rounded-md border-2 border-gray-100 py-7 shadow-xl md:py-6\">\n<div class=\"flex flex-wrap justify-between px-7 text-black no-underline md:flex-nowrap md:px-8\">\n<div class=\"order-1 mx-auto flex flex-col justify-center md:order-2 md:ml-4 md:w-full md:grow\">\n<div class=\"block cursor-pointer text-center font-akshar text-2xl font-medium leading-7 text-brand-green duration-200 ease-in-out hover:text-brand-green-700 md:text-left md:text-xl md:leading-6\">16 pouces M1 Pro MacBook Pro (16 Go de RAM, 512 Go de stockage)\n                <\/div>\n<div class=\"mt-4 hidden md:flex md:justify-between\">\n<div class=\"self-end\">\n<div class=\"mb-0 h-11 md:flex md:flex-col md:justify-center\">\n<div class=\" font-sans leading-4 text-black\">\n<div class=\"flex flex-wrap items-center justify-center gap-x-1 md:justify-start\">\n        <span class=\"font-bold\"><\/p>\n<p>            949,00 $<br \/>\n                            <span class=\"font-medium\">\u00e0 Amazon<\/span><br \/>\n                    <\/span>\n            <\/div>\n<div class=\"flex items-center justify-center gap-x-1 font-bold md:justify-start\">\n            <span class=\"text-sm line-through\">1 040,00 $<\/span><br \/>\n            <span class=\"text-sm text-brand-green\">\u00c9conomisez 91,00 $<\/span>\n        <\/div>\n<\/p><\/div>\n<\/p><\/div>\n<\/p><\/div>\n<div class=\"w-44 self-end\">\n                            <button class=\"flex justify-center items-center w-full bg-brand-green text-white text-base font-sans font-medium rounded-md hover:bg-brand-green-700 hover:cursor-pointer md:text-sm h-11\"><\/p>\n<p>    Conclure un accord<br \/>\n<\/button>\n                        <\/div>\n<\/p><\/div>\n<\/p><\/div>\n<div class=\"order-2 mt-5 h-auto w-full md:order-1 md:mt-0 md:hidden\">\n<div class=\"flex aspect-video items-center justify-center\">\n                                            <img decoding=\"async\" class=\"m-0 max-h-full max-w-full rounded-md\" src=\"https:\/\/vieassociative.be\/actualites\/wp-content\/uploads\/2025\/03\/Cest-le-bon-moment-pour-acheter-un-MacBook-de-la.jpg\" alt=\"Fin 2021 Apple MacBook Pro avec puce Apple M1 Pro (16 pouces, 16 Go de RAM, 512 Go SSD) Silver (renouvel\u00e9)\" width=\"auto\" height=\"auto\" loading=\"lazy\">\n                                    <\/div>\n<\/p><\/div>\n<div class=\"order-2 ml-2 hidden w-32 shrink-0 items-center md:order-1 md:ml-0 md:flex\">\n<div class=\"flex aspect-video items-center justify-center\">\n                                            <img decoding=\"async\" class=\"m-0 max-h-full max-w-full rounded-md\" src=\"https:\/\/vieassociative.be\/actualites\/wp-content\/uploads\/2025\/03\/Cest-le-bon-moment-pour-acheter-un-MacBook-de-la.jpg\" alt=\"Fin 2021 Apple MacBook Pro avec puce Apple M1 Pro (16 pouces, 16 Go de RAM, 512 Go SSD) Silver (renouvel\u00e9)\" width=\"auto\" height=\"auto\" loading=\"lazy\">\n                                    <\/div>\n<\/p><\/div>\n<div class=\"order-3 flex grow flex-wrap md:hidden md:grow-0\">\n<div class=\"mt-4 w-full\">\n                        <button class=\"flex justify-center items-center w-full bg-brand-green text-white text-base font-sans font-medium rounded-md hover:bg-brand-green-700 hover:cursor-pointer md:text-sm h-11\"><\/p>\n<p>    Conclure un accord<br \/>\n<\/button>\n                    <\/div>\n<div class=\"mx-2 mt-4 w-full\">\n<div class=\" font-sans leading-4 text-black\">\n<div class=\"flex flex-wrap items-center justify-center gap-x-1 md:justify-start\">\n        <span class=\"font-bold\"><\/p>\n<p>            949,00 $<br \/>\n                            <span class=\"font-medium\">\u00e0 Amazon<\/span><br \/>\n                    <\/span>\n            <\/div>\n<div class=\"flex items-center justify-center gap-x-1 font-bold md:justify-start\">\n            <span class=\"text-sm line-through\">1 040,00 $<\/span><br \/>\n            <span class=\"text-sm text-brand-green\">\u00c9conomisez 91,00 $<\/span>\n        <\/div>\n<\/p><\/div>\n<\/p><\/div>\n<\/p><\/div>\n<\/p><\/div>\n<\/div>\n<h2 id=\"m3-macbook-air\">M3 MacBook Air<\/h2>\n<p>Si vous n&rsquo;avez pas besoin du dernier processeur, le M3 MacBook Air pourrait bien vous servir. Cette remise d&rsquo;Amazon propose un nouveau M3 MacBook Air pour 200 $ de moins que le nouveau mod\u00e8le. Celui-ci est heureusement mis \u00e0 niveau vers 16 Go de m\u00e9moire, ce qui am\u00e9liore \u00e0 la fois la capacit\u00e9 de l&rsquo;appareil \u00e0 ex\u00e9cuter plusieurs t\u00e2ches \u00e0 la fois, ainsi que sa long\u00e9vit\u00e9 globale. <\/p>\n<div class=\"pogoClear mb-12 mt-10 rounded-md border-2 border-gray-100 py-7 shadow-xl md:py-6\">\n<div class=\"flex flex-wrap justify-between px-7 text-black no-underline md:flex-nowrap md:px-8\">\n<div class=\"order-1 mx-auto flex flex-col justify-center md:order-2 md:ml-4 md:w-full md:grow\">\n<div class=\"block cursor-pointer text-center font-akshar text-2xl font-medium leading-7 text-brand-green duration-200 ease-in-out hover:text-brand-green-700 md:text-left md:text-xl md:leading-6\">13 pouces M3 MacBook Air (16 Go de RAM, 256 Go de stockage)\n                <\/div>\n<div class=\"mt-4 hidden md:flex md:justify-between\">\n<div class=\"self-end\">\n<div class=\"mb-0 h-11 md:flex md:flex-col md:justify-center\">\n<div class=\" font-sans leading-4 text-black\">\n<div class=\"flex flex-wrap items-center justify-center gap-x-1 md:justify-start\">\n        <span class=\"font-bold\"><\/p>\n<p>            799,00 $<br \/>\n                            <span class=\"font-medium\">\u00e0 Amazon<\/span><br \/>\n                    <\/span><br \/>\n                    <img decoding=\"async\" class=\"mt-0 h-(15px)\" src=\"https:\/\/vieassociative.be\/actualites\/wp-content\/uploads\/2025\/03\/Cest-le-bon-moment-pour-acheter-un-MacBook-de-la.svg.svg+xml\" title=\"Amazon Prime\" alt=\"Amazon Prime\">\n            <\/div>\n<div class=\"flex items-center justify-center gap-x-1 font-bold md:justify-start\">\n            <span class=\"text-sm line-through\">1 099,00 $<\/span><br \/>\n            <span class=\"text-sm text-brand-green\">\u00c9conomisez 300,00 $<\/span>\n        <\/div>\n<\/p><\/div>\n<\/p><\/div>\n<\/p><\/div>\n<div class=\"w-44 self-end\">\n                            <button class=\"flex justify-center items-center w-full bg-brand-green text-white text-base font-sans font-medium rounded-md hover:bg-brand-green-700 hover:cursor-pointer md:text-sm h-11\"><\/p>\n<p>    Conclure un accord<br \/>\n<\/button>\n                        <\/div>\n<\/p><\/div>\n<\/p><\/div>\n<div class=\"order-2 mt-5 h-auto w-full md:order-1 md:mt-0 md:hidden\">\n<div class=\"flex aspect-video items-center justify-center\">\n                                            <img decoding=\"async\" class=\"m-0 max-h-full max-w-full rounded-md\" src=\"https:\/\/vieassociative.be\/actualites\/wp-content\/uploads\/2025\/03\/1741375044_75_Cest-le-bon-moment-pour-acheter-un-MacBook-de-la.jpg\" alt=\"APPLE 2024 MacBook Air 13 pouces ordinateur portable avec puce M3: Construit pour Apple Intelligence, Affichage de r\u00e9tine liquide de 13,6 pouces, m\u00e9moire unifi\u00e9e 16 Go, stockage SSD 256 Go, clavier r\u00e9tro-\u00e9clair\u00e9, id tactile; Lumi\u00e8re des \u00e9toiles\" width=\"auto\" height=\"auto\" loading=\"lazy\">\n                                    <\/div>\n<\/p><\/div>\n<div class=\"order-2 ml-2 hidden w-32 shrink-0 items-center md:order-1 md:ml-0 md:flex\">\n<div class=\"flex aspect-video items-center justify-center\">\n                                            <img decoding=\"async\" class=\"m-0 max-h-full max-w-full rounded-md\" src=\"https:\/\/vieassociative.be\/actualites\/wp-content\/uploads\/2025\/03\/1741375044_75_Cest-le-bon-moment-pour-acheter-un-MacBook-de-la.jpg\" alt=\"APPLE 2024 MacBook Air 13 pouces ordinateur portable avec puce M3: Construit pour Apple Intelligence, Affichage de r\u00e9tine liquide de 13,6 pouces, m\u00e9moire unifi\u00e9e 16 Go, stockage SSD 256 Go, clavier r\u00e9tro-\u00e9clair\u00e9, id tactile; Lumi\u00e8re des \u00e9toiles\" width=\"auto\" height=\"auto\" loading=\"lazy\">\n                                    <\/div>\n<\/p><\/div>\n<div class=\"order-3 flex grow flex-wrap md:hidden md:grow-0\">\n<div class=\"mt-4 w-full\">\n                        <button class=\"flex justify-center items-center w-full bg-brand-green text-white text-base font-sans font-medium rounded-md hover:bg-brand-green-700 hover:cursor-pointer md:text-sm h-11\"><\/p>\n<p>    Conclure un accord<br \/>\n<\/button>\n                    <\/div>\n<div class=\"mx-2 mt-4 w-full\">\n<div class=\" font-sans leading-4 text-black\">\n<div class=\"flex flex-wrap items-center justify-center gap-x-1 md:justify-start\">\n        <span class=\"font-bold\"><\/p>\n<p>            799,00 $<br \/>\n                            <span class=\"font-medium\">\u00e0 Amazon<\/span><br \/>\n                    <\/span><br \/>\n                    <img decoding=\"async\" class=\"mt-0 h-(15px)\" src=\"https:\/\/vieassociative.be\/actualites\/wp-content\/uploads\/2025\/03\/Cest-le-bon-moment-pour-acheter-un-MacBook-de-la.svg.svg+xml\" title=\"Amazon Prime\" alt=\"Amazon Prime\">\n            <\/div>\n<div class=\"flex items-center justify-center gap-x-1 font-bold md:justify-start\">\n            <span class=\"text-sm line-through\">1 099,00 $<\/span><br \/>\n            <span class=\"text-sm text-brand-green\">\u00c9conomisez 300,00 $<\/span>\n        <\/div>\n<\/p><\/div>\n<\/p><\/div>\n<\/p><\/div>\n<\/p><\/div>\n<\/div>\n<h2 id=\"m2-macbook-air\">M2 MacBook Air<\/h2>\n<p>Vous pouvez aller encore une autre g\u00e9n\u00e9ration et \u00e9conomiser encore plus sur un Mac. Ce M2 MacBook Air d&rsquo;Amazon est toujours dans un nouvel \u00e9tat et ne co\u00fbte que 699 $. Ce n&rsquo;est pas non plus un mod\u00e8le de base, exp\u00e9di\u00e9 avec la mise \u00e0 niveau de m\u00e9moire de 16 Go d&rsquo;importance trop importante pour l&rsquo;infirmi\u00e8re.<\/p>\n<div class=\"pogoClear mb-12 mt-10 rounded-md border-2 border-gray-100 py-7 shadow-xl md:py-6\">\n<div class=\"flex flex-wrap justify-between px-7 text-black no-underline md:flex-nowrap md:px-8\">\n<div class=\"order-1 mx-auto flex flex-col justify-center md:order-2 md:ml-4 md:w-full md:grow\">\n<div class=\"block cursor-pointer text-center font-akshar text-2xl font-medium leading-7 text-brand-green duration-200 ease-in-out hover:text-brand-green-700 md:text-left md:text-xl md:leading-6\">Macbook Air de 13 pouces (16 Go de RAM, 256 Go de stockage\n                <\/div>\n<div class=\"mt-4 hidden md:flex md:justify-between\">\n<div class=\"self-end\">\n<div class=\"mb-0 h-11 md:flex md:flex-col md:justify-center\">\n<div class=\" font-sans leading-4 text-black\">\n<div class=\"flex flex-wrap items-center justify-center gap-x-1 md:justify-start\">\n        <span class=\"font-bold\"><\/p>\n<p>            699,00 $<br \/>\n                            <span class=\"font-medium\">\u00e0 Amazon<\/span><br \/>\n                    <\/span><br \/>\n                    <img decoding=\"async\" class=\"mt-0 h-(15px)\" src=\"https:\/\/vieassociative.be\/actualites\/wp-content\/uploads\/2025\/03\/Cest-le-bon-moment-pour-acheter-un-MacBook-de-la.svg.svg+xml\" title=\"Amazon Prime\" alt=\"Amazon Prime\">\n            <\/div>\n<div class=\"flex items-center justify-center gap-x-1 font-bold md:justify-start\">\n            <span class=\"text-sm line-through\">999,00 $<\/span><br \/>\n            <span class=\"text-sm text-brand-green\">\u00c9conomisez 300,00 $<\/span>\n        <\/div>\n<\/p><\/div>\n<\/p><\/div>\n<\/p><\/div>\n<div class=\"w-44 self-end\">\n                            <button class=\"flex justify-center items-center w-full bg-brand-green text-white text-base font-sans font-medium rounded-md hover:bg-brand-green-700 hover:cursor-pointer md:text-sm h-11\"><\/p>\n<p>    Conclure un accord<br \/>\n<\/button>\n                        <\/div>\n<\/p><\/div>\n<\/p><\/div>\n<div class=\"order-2 mt-5 h-auto w-full md:order-1 md:mt-0 md:hidden\">\n<div class=\"flex aspect-video items-center justify-center\">\n                                            <img decoding=\"async\" class=\"m-0 max-h-full max-w-full rounded-md\" src=\"https:\/\/vieassociative.be\/actualites\/wp-content\/uploads\/2025\/03\/1741375044_997_Cest-le-bon-moment-pour-acheter-un-MacBook-de-la.jpg\" alt=\"APPLE 2022 MACBOOK AIR APLICATION avec puce M2: Construit pour Apple Intelligence, Affichage de r\u00e9tine liquide de 13,6 pouces, 16 Go de RAM, stockage SSD 256 Go, clavier r\u00e9tro-\u00e9clair\u00e9, appareil photo HD 1080p FaceTime; Espace gris\" width=\"auto\" height=\"auto\" loading=\"lazy\">\n                                    <\/div>\n<\/p><\/div>\n<div class=\"order-2 ml-2 hidden w-32 shrink-0 items-center md:order-1 md:ml-0 md:flex\">\n<div class=\"flex aspect-video items-center justify-center\">\n                                            <img decoding=\"async\" class=\"m-0 max-h-full max-w-full rounded-md\" src=\"https:\/\/vieassociative.be\/actualites\/wp-content\/uploads\/2025\/03\/1741375044_997_Cest-le-bon-moment-pour-acheter-un-MacBook-de-la.jpg\" alt=\"APPLE 2022 MACBOOK AIR APLICATION avec puce M2: Construit pour Apple Intelligence, Affichage de r\u00e9tine liquide de 13,6 pouces, 16 Go de RAM, stockage SSD 256 Go, clavier r\u00e9tro-\u00e9clair\u00e9, appareil photo HD 1080p FaceTime; Espace gris\" width=\"auto\" height=\"auto\" loading=\"lazy\">\n                                    <\/div>\n<\/p><\/div>\n<div class=\"order-3 flex grow flex-wrap md:hidden md:grow-0\">\n<div class=\"mt-4 w-full\">\n                        <button class=\"flex justify-center items-center w-full bg-brand-green text-white text-base font-sans font-medium rounded-md hover:bg-brand-green-700 hover:cursor-pointer md:text-sm h-11\"><\/p>\n<p>    Conclure un accord<br \/>\n<\/button>\n                    <\/div>\n<div class=\"mx-2 mt-4 w-full\">\n<div class=\" font-sans leading-4 text-black\">\n<div class=\"flex flex-wrap items-center justify-center gap-x-1 md:justify-start\">\n        <span class=\"font-bold\"><\/p>\n<p>            699,00 $<br \/>\n                            <span class=\"font-medium\">\u00e0 Amazon<\/span><br \/>\n                    <\/span><br \/>\n                    <img decoding=\"async\" class=\"mt-0 h-(15px)\" src=\"https:\/\/vieassociative.be\/actualites\/wp-content\/uploads\/2025\/03\/Cest-le-bon-moment-pour-acheter-un-MacBook-de-la.svg.svg+xml\" title=\"Amazon Prime\" alt=\"Amazon Prime\">\n            <\/div>\n<div class=\"flex items-center justify-center gap-x-1 font-bold md:justify-start\">\n            <span class=\"text-sm line-through\">999,00 $<\/span><br \/>\n            <span class=\"text-sm text-brand-green\">\u00c9conomisez 300,00 $<\/span>\n        <\/div>\n<\/p><\/div>\n<\/p><\/div>\n<\/p><\/div>\n<\/p><\/div>\n<\/div>\n<h2 id=\"m1-pro-macbook-pro\">M1 Pro MacBook Pro<\/h2>\n<p>Pour moins que le prix d&rsquo;un nouveau M4 MacBook Air, vous pouvez saisir ce M1 Pro MacBook Pro renforc\u00e9. Il est \u00e9galement livr\u00e9 avec 16 Go de m\u00e9moire, garantissant une meilleure long\u00e9vit\u00e9, et il comprend m\u00eame 512 Go de stockage. Cette unit\u00e9 est dans une condition \u00ab\u00a0excellente &#8211; r\u00e9nov\u00e9e\u00a0\u00bb, il devrait donc toujours ressembler et fonctionner comme neuf, et il obtient une garantie Allstate d&rsquo;un an. La m\u00eame configuration est \u00e9galement disponible sur Amazon pour 899 $.<\/p>\n<div class=\"pogoClear mb-12 mt-10 rounded-md border-2 border-gray-100 py-7 shadow-xl md:py-6\">\n<div class=\"flex flex-wrap justify-between px-7 text-black no-underline md:flex-nowrap md:px-8\">\n<div class=\"order-1 mx-auto flex flex-col justify-center md:order-2 md:ml-4 md:w-full md:grow\">\n<div class=\"block cursor-pointer text-center font-akshar text-2xl font-medium leading-7 text-brand-green duration-200 ease-in-out hover:text-brand-green-700 md:text-left md:text-xl md:leading-6\">14 pouces M1 Pro MacBook Pro (16 Go de RAM, 512 Go de stockage)\n                <\/div>\n<div class=\"mt-4 hidden md:flex md:justify-between\">\n<div class=\"self-end\">\n<div class=\"mb-0 h-11 md:flex md:flex-col md:justify-center\">\n<div class=\" font-sans leading-4 text-black\">\n<div class=\"flex flex-wrap items-center justify-center gap-x-1 md:justify-start\">\n        <span class=\"font-bold\"><\/p>\n<p>            889,72 $<br \/>\n                            <span class=\"font-medium\">\u00e0 Amazon<\/span><br \/>\n                    <\/span>\n            <\/div>\n<div class=\"flex items-center justify-center gap-x-1 font-bold md:justify-start\">\n            <span class=\"text-sm line-through\">978,00 $<\/span><br \/>\n            <span class=\"text-sm text-brand-green\">\u00c9conomisez 88,28 $<\/span>\n        <\/div>\n<\/p><\/div>\n<\/p><\/div>\n<\/p><\/div>\n<div class=\"w-44 self-end\">\n                            <button class=\"flex justify-center items-center w-full bg-brand-green text-white text-base font-sans font-medium rounded-md hover:bg-brand-green-700 hover:cursor-pointer md:text-sm h-11\"><\/p>\n<p>    Conclure un accord<br \/>\n<\/button>\n                        <\/div>\n<\/p><\/div>\n<\/p><\/div>\n<div class=\"order-2 mt-5 h-auto w-full md:order-1 md:mt-0 md:hidden\">\n<div class=\"flex aspect-video items-center justify-center\">\n                                            <img decoding=\"async\" class=\"m-0 max-h-full max-w-full rounded-md\" src=\"https:\/\/vieassociative.be\/actualites\/wp-content\/uploads\/2025\/03\/1741375044_777_Cest-le-bon-moment-pour-acheter-un-MacBook-de-la.jpg\" alt=\"2021 Apple MacBook Pro avec puce Apple M1 Pro (14 pouces, 16 Go de RAM, 512 Go SSD) - Space Gray (renouvel\u00e9)\" width=\"auto\" height=\"auto\" loading=\"lazy\">\n                                    <\/div>\n<\/p><\/div>\n<div class=\"order-2 ml-2 hidden w-32 shrink-0 items-center md:order-1 md:ml-0 md:flex\">\n<div class=\"flex aspect-video items-center justify-center\">\n                                            <img decoding=\"async\" class=\"m-0 max-h-full max-w-full rounded-md\" src=\"https:\/\/vieassociative.be\/actualites\/wp-content\/uploads\/2025\/03\/1741375044_777_Cest-le-bon-moment-pour-acheter-un-MacBook-de-la.jpg\" alt=\"2021 Apple MacBook Pro avec puce Apple M1 Pro (14 pouces, 16 Go de RAM, 512 Go SSD) - Space Gray (renouvel\u00e9)\" width=\"auto\" height=\"auto\" loading=\"lazy\">\n                                    <\/div>\n<\/p><\/div>\n<div class=\"order-3 flex grow flex-wrap md:hidden md:grow-0\">\n<div class=\"mt-4 w-full\">\n                        <button class=\"flex justify-center items-center w-full bg-brand-green text-white text-base font-sans font-medium rounded-md hover:bg-brand-green-700 hover:cursor-pointer md:text-sm h-11\"><\/p>\n<p>    Conclure un accord<br \/>\n<\/button>\n                    <\/div>\n<div class=\"mx-2 mt-4 w-full\">\n<div class=\" font-sans leading-4 text-black\">\n<div class=\"flex flex-wrap items-center justify-center gap-x-1 md:justify-start\">\n        <span class=\"font-bold\"><\/p>\n<p>            889,72 $<br \/>\n                            <span class=\"font-medium\">\u00e0 Amazon<\/span><br \/>\n                    <\/span>\n            <\/div>\n<div class=\"flex items-center justify-center gap-x-1 font-bold md:justify-start\">\n            <span class=\"text-sm line-through\">978,00 $<\/span><br \/>\n            <span class=\"text-sm text-brand-green\">\u00c9conomisez 88,28 $<\/span>\n        <\/div>\n<\/p><\/div>\n<\/p><\/div>\n<\/p><\/div>\n<\/p><\/div>\n<\/div>\n<h2 id=\"m3-pro-macbook-pro\">M3 Pro MacBook Pro<\/h2>\n<p>Ce MacBook Pro de 16 pouces est une remise importante \u00e0 c\u00f4t\u00e9 des mod\u00e8les M4 Pro qu&rsquo;Apple propose maintenant. eBay l&rsquo;offre actuellement pour 1 679,95 $, en baisse par rapport \u00e0 2 099,99 $. Les 18 Go de m\u00e9moire et le puissant processeur M3 Pro offrent un grand avantage sur les charges de travail informatiques lourdes et sont livr\u00e9es avec un affichage fantastique. Ce mod\u00e8le est r\u00e9nov\u00e9 certifi\u00e9 eBay, vous pouvez donc vous attendre \u00e0 une machine similaire et profiter d&rsquo;une garantie de deux ans soutenue par Allstate.<\/p>\n","protected":false},"excerpt":{"rendered":"<p>\u00c9vitez la taxe Apple avec ces excellentes offres MacBook. Apple a annonc\u00e9 avec d\u00e9sinvolture le nouveau M4 MacBook Air avec des ventes \u00e0 partir du<\/p>\n","protected":false},"author":1,"featured_media":5698,"comment_status":"","ping_status":"","sticky":false,"template":"","format":"standard","meta":{"footnotes":""},"categories":[13],"tags":[428,1036,362,686,1429,81,5706,606],"class_list":["post-5697","post","type-post","status-publish","format-standard","has-post-thumbnail","hentry","category-technologie","tag-acheter","tag-bon","tag-cest","tag-macbook","tag-moment","tag-pour","tag-renovee","tag-serie","generate-columns","tablet-grid-50","mobile-grid-100","grid-parent","grid-33"],"yoast_head":"<!-- This site is optimized with the Yoast SEO plugin v24.0 - https:\/\/yoast.com\/wordpress\/plugins\/seo\/ -->\n<title>C&#039;est le bon moment pour acheter un MacBook de la s\u00e9rie M r\u00e9nov\u00e9e | Vie Associative<\/title>\n<meta name=\"robots\" content=\"index, follow, max-snippet:-1, max-image-preview:large, max-video-preview:-1\" \/>\n<link rel=\"canonical\" href=\"https:\/\/vieassociative.be\/actualites\/cest-le-bon-moment-pour-acheter-un-macbook-de-la-serie-m-renovee\/\" \/>\n<meta property=\"og:locale\" content=\"fr_FR\" \/>\n<meta property=\"og:type\" content=\"article\" \/>\n<meta property=\"og:title\" content=\"C&#039;est le bon moment pour acheter un MacBook de la s\u00e9rie M r\u00e9nov\u00e9e | Vie Associative\" \/>\n<meta property=\"og:description\" content=\"\u00c9vitez la taxe Apple avec ces excellentes offres MacBook. Apple a annonc\u00e9 avec d\u00e9sinvolture le nouveau M4 MacBook Air avec des ventes \u00e0 partir du\" \/>\n<meta property=\"og:url\" content=\"https:\/\/vieassociative.be\/actualites\/cest-le-bon-moment-pour-acheter-un-macbook-de-la-serie-m-renovee\/\" \/>\n<meta property=\"og:site_name\" content=\"Vie Associative\" \/>\n<meta property=\"article:published_time\" content=\"2025-03-07T19:17:24+00:00\" \/>\n<meta property=\"og:image\" content=\"https:\/\/vieassociative.be\/actualites\/wp-content\/uploads\/2025\/03\/Cest-le-bon-moment-pour-acheter-un-MacBook-de-la.jpg\" \/>\n<meta name=\"author\" content=\"Julien\" \/>\n<meta name=\"twitter:card\" content=\"summary_large_image\" \/>\n<meta name=\"twitter:label1\" content=\"\u00c9crit par\" \/>\n\t<meta name=\"twitter:data1\" content=\"Julien\" \/>\n\t<meta name=\"twitter:label2\" content=\"Dur\u00e9e de lecture est.\" \/>\n\t<meta name=\"twitter:data2\" content=\"3 minutes\" \/>\n<script type=\"application\/ld+json\" class=\"yoast-schema-graph\">{\"@context\":\"https:\/\/schema.org\",\"@graph\":[{\"@type\":\"Article\",\"@id\":\"https:\/\/vieassociative.be\/actualites\/cest-le-bon-moment-pour-acheter-un-macbook-de-la-serie-m-renovee\/#article\",\"isPartOf\":{\"@id\":\"https:\/\/vieassociative.be\/actualites\/cest-le-bon-moment-pour-acheter-un-macbook-de-la-serie-m-renovee\/\"},\"author\":{\"name\":\"Julien\",\"@id\":\"https:\/\/vieassociative.be\/actualites\/#\/schema\/person\/b87ac4f82f9d4e7b7cec7395b679edc4\"},\"headline\":\"C&rsquo;est le bon moment pour acheter un MacBook de la s\u00e9rie M r\u00e9nov\u00e9e\",\"datePublished\":\"2025-03-07T19:17:24+00:00\",\"dateModified\":\"2025-03-07T19:17:24+00:00\",\"mainEntityOfPage\":{\"@id\":\"https:\/\/vieassociative.be\/actualites\/cest-le-bon-moment-pour-acheter-un-macbook-de-la-serie-m-renovee\/\"},\"wordCount\":652,\"publisher\":{\"@id\":\"https:\/\/vieassociative.be\/actualites\/#organization\"},\"image\":{\"@id\":\"https:\/\/vieassociative.be\/actualites\/cest-le-bon-moment-pour-acheter-un-macbook-de-la-serie-m-renovee\/#primaryimage\"},\"thumbnailUrl\":\"https:\/\/vieassociative.be\/actualites\/wp-content\/uploads\/2025\/03\/Cest-le-bon-moment-pour-acheter-un-MacBook-de-la.png\",\"keywords\":[\"acheter\",\"bon\",\"cest\",\"MacBook\",\"moment\",\"pour\",\"r\u00e9nov\u00e9e\",\"s\u00e9rie\"],\"articleSection\":[\"Technologie\"],\"inLanguage\":\"fr-BE\"},{\"@type\":\"WebPage\",\"@id\":\"https:\/\/vieassociative.be\/actualites\/cest-le-bon-moment-pour-acheter-un-macbook-de-la-serie-m-renovee\/\",\"url\":\"https:\/\/vieassociative.be\/actualites\/cest-le-bon-moment-pour-acheter-un-macbook-de-la-serie-m-renovee\/\",\"name\":\"C'est le bon moment pour acheter un MacBook de la s\u00e9rie M r\u00e9nov\u00e9e | Vie Associative\",\"isPartOf\":{\"@id\":\"https:\/\/vieassociative.be\/actualites\/#website\"},\"primaryImageOfPage\":{\"@id\":\"https:\/\/vieassociative.be\/actualites\/cest-le-bon-moment-pour-acheter-un-macbook-de-la-serie-m-renovee\/#primaryimage\"},\"image\":{\"@id\":\"https:\/\/vieassociative.be\/actualites\/cest-le-bon-moment-pour-acheter-un-macbook-de-la-serie-m-renovee\/#primaryimage\"},\"thumbnailUrl\":\"https:\/\/vieassociative.be\/actualites\/wp-content\/uploads\/2025\/03\/Cest-le-bon-moment-pour-acheter-un-MacBook-de-la.png\",\"datePublished\":\"2025-03-07T19:17:24+00:00\",\"dateModified\":\"2025-03-07T19:17:24+00:00\",\"breadcrumb\":{\"@id\":\"https:\/\/vieassociative.be\/actualites\/cest-le-bon-moment-pour-acheter-un-macbook-de-la-serie-m-renovee\/#breadcrumb\"},\"inLanguage\":\"fr-BE\",\"potentialAction\":[{\"@type\":\"ReadAction\",\"target\":[\"https:\/\/vieassociative.be\/actualites\/cest-le-bon-moment-pour-acheter-un-macbook-de-la-serie-m-renovee\/\"]}]},{\"@type\":\"ImageObject\",\"inLanguage\":\"fr-BE\",\"@id\":\"https:\/\/vieassociative.be\/actualites\/cest-le-bon-moment-pour-acheter-un-macbook-de-la-serie-m-renovee\/#primaryimage\",\"url\":\"https:\/\/vieassociative.be\/actualites\/wp-content\/uploads\/2025\/03\/Cest-le-bon-moment-pour-acheter-un-MacBook-de-la.png\",\"contentUrl\":\"https:\/\/vieassociative.be\/actualites\/wp-content\/uploads\/2025\/03\/Cest-le-bon-moment-pour-acheter-un-MacBook-de-la.png\",\"width\":1200,\"height\":675,\"caption\":\"C'est le bon moment pour acheter un MacBook de la s\u00e9rie M r\u00e9nov\u00e9e\"},{\"@type\":\"BreadcrumbList\",\"@id\":\"https:\/\/vieassociative.be\/actualites\/cest-le-bon-moment-pour-acheter-un-macbook-de-la-serie-m-renovee\/#breadcrumb\",\"itemListElement\":[{\"@type\":\"ListItem\",\"position\":1,\"name\":\"Accueil\",\"item\":\"https:\/\/vieassociative.be\/actualites\/\"},{\"@type\":\"ListItem\",\"position\":2,\"name\":\"C&rsquo;est le bon moment pour acheter un MacBook de la s\u00e9rie M r\u00e9nov\u00e9e\"}]},{\"@type\":\"WebSite\",\"@id\":\"https:\/\/vieassociative.be\/actualites\/#website\",\"url\":\"https:\/\/vieassociative.be\/actualites\/\",\"name\":\"Vie Associative\",\"description\":\"\",\"publisher\":{\"@id\":\"https:\/\/vieassociative.be\/actualites\/#organization\"},\"potentialAction\":[{\"@type\":\"SearchAction\",\"target\":{\"@type\":\"EntryPoint\",\"urlTemplate\":\"https:\/\/vieassociative.be\/actualites\/?s={search_term_string}\"},\"query-input\":{\"@type\":\"PropertyValueSpecification\",\"valueRequired\":true,\"valueName\":\"search_term_string\"}}],\"inLanguage\":\"fr-BE\"},{\"@type\":\"Organization\",\"@id\":\"https:\/\/vieassociative.be\/actualites\/#organization\",\"name\":\"Vie Associative\",\"url\":\"https:\/\/vieassociative.be\/actualites\/\",\"logo\":{\"@type\":\"ImageObject\",\"inLanguage\":\"fr-BE\",\"@id\":\"https:\/\/vieassociative.be\/actualites\/#\/schema\/logo\/image\/\",\"url\":\"https:\/\/vieassociative.be\/actualites\/wp-content\/uploads\/2024\/09\/cropped-vieassociative_favicon.ico.png\",\"contentUrl\":\"https:\/\/vieassociative.be\/actualites\/wp-content\/uploads\/2024\/09\/cropped-vieassociative_favicon.ico.png\",\"width\":512,\"height\":512,\"caption\":\"Vie Associative\"},\"image\":{\"@id\":\"https:\/\/vieassociative.be\/actualites\/#\/schema\/logo\/image\/\"}},{\"@type\":\"Person\",\"@id\":\"https:\/\/vieassociative.be\/actualites\/#\/schema\/person\/b87ac4f82f9d4e7b7cec7395b679edc4\",\"name\":\"Julien\",\"image\":{\"@type\":\"ImageObject\",\"inLanguage\":\"fr-BE\",\"@id\":\"https:\/\/vieassociative.be\/actualites\/#\/schema\/person\/image\/\",\"url\":\"https:\/\/vieassociative.be\/actualites\/wp-content\/uploads\/2024\/09\/vie-associative-1-150x150.jpg\",\"contentUrl\":\"https:\/\/vieassociative.be\/actualites\/wp-content\/uploads\/2024\/09\/vie-associative-1-150x150.jpg\",\"caption\":\"Julien\"},\"description\":\"Je suis Julien, r\u00e9dacteur pour Vie Associative. Passionn\u00e9 par le monde associatif depuis plus de 10 ans, j'ai \u00e0 c\u0153ur de partager des histoires inspirantes et de mettre en lumi\u00e8re les initiatives locales. Mon objectif est de sensibiliser et d'encourager l'engagement communautaire \u00e0 travers mes articles.\",\"sameAs\":[\"https:\/\/vieassociative.be\/\"]}]}<\/script>\n<!-- \/ Yoast SEO plugin. -->","yoast_head_json":{"title":"C'est le bon moment pour acheter un MacBook de la s\u00e9rie M r\u00e9nov\u00e9e | Vie Associative","robots":{"index":"index","follow":"follow","max-snippet":"max-snippet:-1","max-image-preview":"max-image-preview:large","max-video-preview":"max-video-preview:-1"},"canonical":"https:\/\/vieassociative.be\/actualites\/cest-le-bon-moment-pour-acheter-un-macbook-de-la-serie-m-renovee\/","og_locale":"fr_FR","og_type":"article","og_title":"C'est le bon moment pour acheter un MacBook de la s\u00e9rie M r\u00e9nov\u00e9e | Vie Associative","og_description":"\u00c9vitez la taxe Apple avec ces excellentes offres MacBook. Apple a annonc\u00e9 avec d\u00e9sinvolture le nouveau M4 MacBook Air avec des ventes \u00e0 partir du","og_url":"https:\/\/vieassociative.be\/actualites\/cest-le-bon-moment-pour-acheter-un-macbook-de-la-serie-m-renovee\/","og_site_name":"Vie Associative","article_published_time":"2025-03-07T19:17:24+00:00","og_image":[{"url":"https:\/\/vieassociative.be\/actualites\/wp-content\/uploads\/2025\/03\/Cest-le-bon-moment-pour-acheter-un-MacBook-de-la.jpg","type":"","width":"","height":""}],"author":"Julien","twitter_card":"summary_large_image","twitter_misc":{"\u00c9crit par":"Julien","Dur\u00e9e de lecture est.":"3 minutes"},"schema":{"@context":"https:\/\/schema.org","@graph":[{"@type":"Article","@id":"https:\/\/vieassociative.be\/actualites\/cest-le-bon-moment-pour-acheter-un-macbook-de-la-serie-m-renovee\/#article","isPartOf":{"@id":"https:\/\/vieassociative.be\/actualites\/cest-le-bon-moment-pour-acheter-un-macbook-de-la-serie-m-renovee\/"},"author":{"name":"Julien","@id":"https:\/\/vieassociative.be\/actualites\/#\/schema\/person\/b87ac4f82f9d4e7b7cec7395b679edc4"},"headline":"C&rsquo;est le bon moment pour acheter un MacBook de la s\u00e9rie M r\u00e9nov\u00e9e","datePublished":"2025-03-07T19:17:24+00:00","dateModified":"2025-03-07T19:17:24+00:00","mainEntityOfPage":{"@id":"https:\/\/vieassociative.be\/actualites\/cest-le-bon-moment-pour-acheter-un-macbook-de-la-serie-m-renovee\/"},"wordCount":652,"publisher":{"@id":"https:\/\/vieassociative.be\/actualites\/#organization"},"image":{"@id":"https:\/\/vieassociative.be\/actualites\/cest-le-bon-moment-pour-acheter-un-macbook-de-la-serie-m-renovee\/#primaryimage"},"thumbnailUrl":"https:\/\/vieassociative.be\/actualites\/wp-content\/uploads\/2025\/03\/Cest-le-bon-moment-pour-acheter-un-MacBook-de-la.png","keywords":["acheter","bon","cest","MacBook","moment","pour","r\u00e9nov\u00e9e","s\u00e9rie"],"articleSection":["Technologie"],"inLanguage":"fr-BE"},{"@type":"WebPage","@id":"https:\/\/vieassociative.be\/actualites\/cest-le-bon-moment-pour-acheter-un-macbook-de-la-serie-m-renovee\/","url":"https:\/\/vieassociative.be\/actualites\/cest-le-bon-moment-pour-acheter-un-macbook-de-la-serie-m-renovee\/","name":"C'est le bon moment pour acheter un MacBook de la s\u00e9rie M r\u00e9nov\u00e9e | Vie Associative","isPartOf":{"@id":"https:\/\/vieassociative.be\/actualites\/#website"},"primaryImageOfPage":{"@id":"https:\/\/vieassociative.be\/actualites\/cest-le-bon-moment-pour-acheter-un-macbook-de-la-serie-m-renovee\/#primaryimage"},"image":{"@id":"https:\/\/vieassociative.be\/actualites\/cest-le-bon-moment-pour-acheter-un-macbook-de-la-serie-m-renovee\/#primaryimage"},"thumbnailUrl":"https:\/\/vieassociative.be\/actualites\/wp-content\/uploads\/2025\/03\/Cest-le-bon-moment-pour-acheter-un-MacBook-de-la.png","datePublished":"2025-03-07T19:17:24+00:00","dateModified":"2025-03-07T19:17:24+00:00","breadcrumb":{"@id":"https:\/\/vieassociative.be\/actualites\/cest-le-bon-moment-pour-acheter-un-macbook-de-la-serie-m-renovee\/#breadcrumb"},"inLanguage":"fr-BE","potentialAction":[{"@type":"ReadAction","target":["https:\/\/vieassociative.be\/actualites\/cest-le-bon-moment-pour-acheter-un-macbook-de-la-serie-m-renovee\/"]}]},{"@type":"ImageObject","inLanguage":"fr-BE","@id":"https:\/\/vieassociative.be\/actualites\/cest-le-bon-moment-pour-acheter-un-macbook-de-la-serie-m-renovee\/#primaryimage","url":"https:\/\/vieassociative.be\/actualites\/wp-content\/uploads\/2025\/03\/Cest-le-bon-moment-pour-acheter-un-MacBook-de-la.png","contentUrl":"https:\/\/vieassociative.be\/actualites\/wp-content\/uploads\/2025\/03\/Cest-le-bon-moment-pour-acheter-un-MacBook-de-la.png","width":1200,"height":675,"caption":"C'est le bon moment pour acheter un MacBook de la s\u00e9rie M r\u00e9nov\u00e9e"},{"@type":"BreadcrumbList","@id":"https:\/\/vieassociative.be\/actualites\/cest-le-bon-moment-pour-acheter-un-macbook-de-la-serie-m-renovee\/#breadcrumb","itemListElement":[{"@type":"ListItem","position":1,"name":"Accueil","item":"https:\/\/vieassociative.be\/actualites\/"},{"@type":"ListItem","position":2,"name":"C&rsquo;est le bon moment pour acheter un MacBook de la s\u00e9rie M r\u00e9nov\u00e9e"}]},{"@type":"WebSite","@id":"https:\/\/vieassociative.be\/actualites\/#website","url":"https:\/\/vieassociative.be\/actualites\/","name":"Vie Associative","description":"","publisher":{"@id":"https:\/\/vieassociative.be\/actualites\/#organization"},"potentialAction":[{"@type":"SearchAction","target":{"@type":"EntryPoint","urlTemplate":"https:\/\/vieassociative.be\/actualites\/?s={search_term_string}"},"query-input":{"@type":"PropertyValueSpecification","valueRequired":true,"valueName":"search_term_string"}}],"inLanguage":"fr-BE"},{"@type":"Organization","@id":"https:\/\/vieassociative.be\/actualites\/#organization","name":"Vie Associative","url":"https:\/\/vieassociative.be\/actualites\/","logo":{"@type":"ImageObject","inLanguage":"fr-BE","@id":"https:\/\/vieassociative.be\/actualites\/#\/schema\/logo\/image\/","url":"https:\/\/vieassociative.be\/actualites\/wp-content\/uploads\/2024\/09\/cropped-vieassociative_favicon.ico.png","contentUrl":"https:\/\/vieassociative.be\/actualites\/wp-content\/uploads\/2024\/09\/cropped-vieassociative_favicon.ico.png","width":512,"height":512,"caption":"Vie Associative"},"image":{"@id":"https:\/\/vieassociative.be\/actualites\/#\/schema\/logo\/image\/"}},{"@type":"Person","@id":"https:\/\/vieassociative.be\/actualites\/#\/schema\/person\/b87ac4f82f9d4e7b7cec7395b679edc4","name":"Julien","image":{"@type":"ImageObject","inLanguage":"fr-BE","@id":"https:\/\/vieassociative.be\/actualites\/#\/schema\/person\/image\/","url":"https:\/\/vieassociative.be\/actualites\/wp-content\/uploads\/2024\/09\/vie-associative-1-150x150.jpg","contentUrl":"https:\/\/vieassociative.be\/actualites\/wp-content\/uploads\/2024\/09\/vie-associative-1-150x150.jpg","caption":"Julien"},"description":"Je suis Julien, r\u00e9dacteur pour Vie Associative. Passionn\u00e9 par le monde associatif depuis plus de 10 ans, j'ai \u00e0 c\u0153ur de partager des histoires inspirantes et de mettre en lumi\u00e8re les initiatives locales. Mon objectif est de sensibiliser et d'encourager l'engagement communautaire \u00e0 travers mes articles.","sameAs":["https:\/\/vieassociative.be\/"]}]}},"_links":{"self":[{"href":"https:\/\/vieassociative.be\/actualites\/wp-json\/wp\/v2\/posts\/5697"}],"collection":[{"href":"https:\/\/vieassociative.be\/actualites\/wp-json\/wp\/v2\/posts"}],"about":[{"href":"https:\/\/vieassociative.be\/actualites\/wp-json\/wp\/v2\/types\/post"}],"author":[{"embeddable":true,"href":"https:\/\/vieassociative.be\/actualites\/wp-json\/wp\/v2\/users\/1"}],"replies":[{"embeddable":true,"href":"https:\/\/vieassociative.be\/actualites\/wp-json\/wp\/v2\/comments?post=5697"}],"version-history":[{"count":0,"href":"https:\/\/vieassociative.be\/actualites\/wp-json\/wp\/v2\/posts\/5697\/revisions"}],"wp:featuredmedia":[{"embeddable":true,"href":"https:\/\/vieassociative.be\/actualites\/wp-json\/wp\/v2\/media\/5698"}],"wp:attachment":[{"href":"https:\/\/vieassociative.be\/actualites\/wp-json\/wp\/v2\/media?parent=5697"}],"wp:term":[{"taxonomy":"category","embeddable":true,"href":"https:\/\/vieassociative.be\/actualites\/wp-json\/wp\/v2\/categories?post=5697"},{"taxonomy":"post_tag","embeddable":true,"href":"https:\/\/vieassociative.be\/actualites\/wp-json\/wp\/v2\/tags?post=5697"}],"curies":[{"name":"wp","href":"https:\/\/api.w.org\/{rel}","templated":true}]}}