{"id":5692,"date":"2025-03-07T15:17:43","date_gmt":"2025-03-07T14:17:43","guid":{"rendered":"https:\/\/vieassociative.be\/actualites\/les-travailleurs-decedent-apres-leffondrement-dun-pont-pres-de-la-louviere\/"},"modified":"2025-03-07T15:17:43","modified_gmt":"2025-03-07T14:17:43","slug":"les-travailleurs-decedent-apres-leffondrement-dun-pont-pres-de-la-louviere","status":"publish","type":"post","link":"https:\/\/vieassociative.be\/actualites\/les-travailleurs-decedent-apres-leffondrement-dun-pont-pres-de-la-louviere\/","title":{"rendered":"Les travailleurs d\u00e9c\u00e8dent apr\u00e8s l&rsquo;effondrement d&rsquo;un pont pr\u00e8s de La Louvi\u00e8re"},"content":{"rendered":"<p><strong>Les photos rappellent l&rsquo;effondrement du pont Carola \u00e0 Dresde: dans la province de Hennegau, un pont d&rsquo;autoroute s&rsquo;effondre lorsqu&rsquo;ils travaillent. Cependant, il n&rsquo;est pas aussi lourdeur qu&rsquo;en Saxe.<\/strong><\/p>\n<p><span id=\"more-410770\"><\/span>Apr\u00e8s l&rsquo;effondrement partiel du pont de l&rsquo;autoroute, un homme est d\u00e9c\u00e9d\u00e9. Le pont sur une cha\u00eene de La Louvi\u00e8re avait p\u00e9n\u00e9tr\u00e9 le travail, comme le rapporte l&rsquo;agence de presse Belga. Quatre travailleurs ont \u00e9t\u00e9 initialement bless\u00e9s, l&rsquo;un d&rsquo;eux s\u00e9rieusement. Il a \u00e9t\u00e9 retrouv\u00e9 dans le canal apr\u00e8s une chute et a ensuite succomb\u00e9 \u00e0 ses blessures. 13 travailleurs \u00e9taient sur le pont. (DPA)<\/p>\n","protected":false},"excerpt":{"rendered":"<p>Les photos rappellent l&rsquo;effondrement du pont Carola \u00e0 Dresde: dans la province de Hennegau, un pont d&rsquo;autoroute s&rsquo;effondre lorsqu&rsquo;ils travaillent. Cependant, il n&rsquo;est pas aussi<\/p>\n","protected":false},"author":1,"featured_media":5693,"comment_status":"","ping_status":"","sticky":false,"template":"","format":"standard","meta":{"footnotes":""},"categories":[298],"tags":[472,5703,354,5704,14,3689,5012,1750,2946],"class_list":["post-5692","post","type-post","status-publish","format-standard","has-post-thumbnail","hentry","category-belgique","tag-apres","tag-decedent","tag-dun","tag-leffondrement","tag-les","tag-louviere","tag-pont","tag-pres","tag-travailleurs","generate-columns","tablet-grid-50","mobile-grid-100","grid-parent","grid-33"],"yoast_head":"<!-- This site is optimized with the Yoast SEO plugin v24.0 - https:\/\/yoast.com\/wordpress\/plugins\/seo\/ -->\n<title>Les travailleurs d\u00e9c\u00e8dent apr\u00e8s l&#039;effondrement d&#039;un pont pr\u00e8s de La Louvi\u00e8re | Vie Associative<\/title>\n<meta name=\"robots\" content=\"index, follow, max-snippet:-1, max-image-preview:large, max-video-preview:-1\" \/>\n<link rel=\"canonical\" href=\"https:\/\/vieassociative.be\/actualites\/les-travailleurs-decedent-apres-leffondrement-dun-pont-pres-de-la-louviere\/\" \/>\n<meta property=\"og:locale\" content=\"fr_FR\" \/>\n<meta property=\"og:type\" content=\"article\" \/>\n<meta property=\"og:title\" content=\"Les travailleurs d\u00e9c\u00e8dent apr\u00e8s l&#039;effondrement d&#039;un pont pr\u00e8s de La Louvi\u00e8re | Vie Associative\" \/>\n<meta property=\"og:description\" content=\"Les photos rappellent l&rsquo;effondrement du pont Carola \u00e0 Dresde: dans la province de Hennegau, un pont d&rsquo;autoroute s&rsquo;effondre lorsqu&rsquo;ils travaillent. Cependant, il n&rsquo;est pas aussi\" \/>\n<meta property=\"og:url\" content=\"https:\/\/vieassociative.be\/actualites\/les-travailleurs-decedent-apres-leffondrement-dun-pont-pres-de-la-louviere\/\" \/>\n<meta property=\"og:site_name\" content=\"Vie Associative\" \/>\n<meta property=\"article:published_time\" content=\"2025-03-07T14:17:43+00:00\" \/>\n<meta property=\"og:image\" content=\"https:\/\/vieassociative.be\/actualites\/wp-content\/uploads\/2024\/09\/header_backgroundk-01-e1726694325946.png\" \/>\n\t<meta property=\"og:image:width\" content=\"279\" \/>\n\t<meta property=\"og:image:height\" content=\"92\" \/>\n\t<meta property=\"og:image:type\" content=\"image\/png\" \/>\n<meta name=\"author\" content=\"Julien\" \/>\n<meta name=\"twitter:card\" content=\"summary_large_image\" \/>\n<meta name=\"twitter:label1\" content=\"\u00c9crit par\" \/>\n\t<meta name=\"twitter:data1\" content=\"Julien\" \/>\n<script type=\"application\/ld+json\" class=\"yoast-schema-graph\">{\"@context\":\"https:\/\/schema.org\",\"@graph\":[{\"@type\":\"Article\",\"@id\":\"https:\/\/vieassociative.be\/actualites\/les-travailleurs-decedent-apres-leffondrement-dun-pont-pres-de-la-louviere\/#article\",\"isPartOf\":{\"@id\":\"https:\/\/vieassociative.be\/actualites\/les-travailleurs-decedent-apres-leffondrement-dun-pont-pres-de-la-louviere\/\"},\"author\":{\"name\":\"Julien\",\"@id\":\"https:\/\/vieassociative.be\/actualites\/#\/schema\/person\/b87ac4f82f9d4e7b7cec7395b679edc4\"},\"headline\":\"Les travailleurs d\u00e9c\u00e8dent apr\u00e8s l&rsquo;effondrement d&rsquo;un pont pr\u00e8s de La Louvi\u00e8re\",\"datePublished\":\"2025-03-07T14:17:43+00:00\",\"dateModified\":\"2025-03-07T14:17:43+00:00\",\"mainEntityOfPage\":{\"@id\":\"https:\/\/vieassociative.be\/actualites\/les-travailleurs-decedent-apres-leffondrement-dun-pont-pres-de-la-louviere\/\"},\"wordCount\":127,\"publisher\":{\"@id\":\"https:\/\/vieassociative.be\/actualites\/#organization\"},\"image\":{\"@id\":\"https:\/\/vieassociative.be\/actualites\/les-travailleurs-decedent-apres-leffondrement-dun-pont-pres-de-la-louviere\/#primaryimage\"},\"thumbnailUrl\":\"https:\/\/vieassociative.be\/actualites\/wp-content\/uploads\/2025\/03\/Les-travailleurs-decedent-apres-leffondrement-dun-pont-pres-de-La.jpg\",\"keywords\":[\"Apr\u00e8s\",\"d\u00e9c\u00e8dent\",\"dun\",\"leffondrement\",\"Les\",\"Louvi\u00e8re\",\"pont\",\"pr\u00e8s\",\"travailleurs\"],\"articleSection\":[\"Belgique\"],\"inLanguage\":\"fr-BE\"},{\"@type\":\"WebPage\",\"@id\":\"https:\/\/vieassociative.be\/actualites\/les-travailleurs-decedent-apres-leffondrement-dun-pont-pres-de-la-louviere\/\",\"url\":\"https:\/\/vieassociative.be\/actualites\/les-travailleurs-decedent-apres-leffondrement-dun-pont-pres-de-la-louviere\/\",\"name\":\"Les travailleurs d\u00e9c\u00e8dent apr\u00e8s l'effondrement d'un pont pr\u00e8s de La Louvi\u00e8re | Vie Associative\",\"isPartOf\":{\"@id\":\"https:\/\/vieassociative.be\/actualites\/#website\"},\"primaryImageOfPage\":{\"@id\":\"https:\/\/vieassociative.be\/actualites\/les-travailleurs-decedent-apres-leffondrement-dun-pont-pres-de-la-louviere\/#primaryimage\"},\"image\":{\"@id\":\"https:\/\/vieassociative.be\/actualites\/les-travailleurs-decedent-apres-leffondrement-dun-pont-pres-de-la-louviere\/#primaryimage\"},\"thumbnailUrl\":\"https:\/\/vieassociative.be\/actualites\/wp-content\/uploads\/2025\/03\/Les-travailleurs-decedent-apres-leffondrement-dun-pont-pres-de-La.jpg\",\"datePublished\":\"2025-03-07T14:17:43+00:00\",\"dateModified\":\"2025-03-07T14:17:43+00:00\",\"breadcrumb\":{\"@id\":\"https:\/\/vieassociative.be\/actualites\/les-travailleurs-decedent-apres-leffondrement-dun-pont-pres-de-la-louviere\/#breadcrumb\"},\"inLanguage\":\"fr-BE\",\"potentialAction\":[{\"@type\":\"ReadAction\",\"target\":[\"https:\/\/vieassociative.be\/actualites\/les-travailleurs-decedent-apres-leffondrement-dun-pont-pres-de-la-louviere\/\"]}]},{\"@type\":\"ImageObject\",\"inLanguage\":\"fr-BE\",\"@id\":\"https:\/\/vieassociative.be\/actualites\/les-travailleurs-decedent-apres-leffondrement-dun-pont-pres-de-la-louviere\/#primaryimage\",\"url\":\"https:\/\/vieassociative.be\/actualites\/wp-content\/uploads\/2025\/03\/Les-travailleurs-decedent-apres-leffondrement-dun-pont-pres-de-La.jpg\",\"contentUrl\":\"https:\/\/vieassociative.be\/actualites\/wp-content\/uploads\/2025\/03\/Les-travailleurs-decedent-apres-leffondrement-dun-pont-pres-de-La.jpg\",\"width\":1200,\"height\":770,\"caption\":\"Les travailleurs d\u00e9c\u00e8dent apr\u00e8s l'effondrement d'un pont pr\u00e8s de La Louvi\u00e8re\"},{\"@type\":\"BreadcrumbList\",\"@id\":\"https:\/\/vieassociative.be\/actualites\/les-travailleurs-decedent-apres-leffondrement-dun-pont-pres-de-la-louviere\/#breadcrumb\",\"itemListElement\":[{\"@type\":\"ListItem\",\"position\":1,\"name\":\"Accueil\",\"item\":\"https:\/\/vieassociative.be\/actualites\/\"},{\"@type\":\"ListItem\",\"position\":2,\"name\":\"Les travailleurs d\u00e9c\u00e8dent apr\u00e8s l&rsquo;effondrement d&rsquo;un pont pr\u00e8s de La Louvi\u00e8re\"}]},{\"@type\":\"WebSite\",\"@id\":\"https:\/\/vieassociative.be\/actualites\/#website\",\"url\":\"https:\/\/vieassociative.be\/actualites\/\",\"name\":\"Vie Associative\",\"description\":\"\",\"publisher\":{\"@id\":\"https:\/\/vieassociative.be\/actualites\/#organization\"},\"potentialAction\":[{\"@type\":\"SearchAction\",\"target\":{\"@type\":\"EntryPoint\",\"urlTemplate\":\"https:\/\/vieassociative.be\/actualites\/?s={search_term_string}\"},\"query-input\":{\"@type\":\"PropertyValueSpecification\",\"valueRequired\":true,\"valueName\":\"search_term_string\"}}],\"inLanguage\":\"fr-BE\"},{\"@type\":\"Organization\",\"@id\":\"https:\/\/vieassociative.be\/actualites\/#organization\",\"name\":\"Vie Associative\",\"url\":\"https:\/\/vieassociative.be\/actualites\/\",\"logo\":{\"@type\":\"ImageObject\",\"inLanguage\":\"fr-BE\",\"@id\":\"https:\/\/vieassociative.be\/actualites\/#\/schema\/logo\/image\/\",\"url\":\"https:\/\/vieassociative.be\/actualites\/wp-content\/uploads\/2024\/09\/cropped-vieassociative_favicon.ico.png\",\"contentUrl\":\"https:\/\/vieassociative.be\/actualites\/wp-content\/uploads\/2024\/09\/cropped-vieassociative_favicon.ico.png\",\"width\":512,\"height\":512,\"caption\":\"Vie Associative\"},\"image\":{\"@id\":\"https:\/\/vieassociative.be\/actualites\/#\/schema\/logo\/image\/\"}},{\"@type\":\"Person\",\"@id\":\"https:\/\/vieassociative.be\/actualites\/#\/schema\/person\/b87ac4f82f9d4e7b7cec7395b679edc4\",\"name\":\"Julien\",\"image\":{\"@type\":\"ImageObject\",\"inLanguage\":\"fr-BE\",\"@id\":\"https:\/\/vieassociative.be\/actualites\/#\/schema\/person\/image\/\",\"url\":\"https:\/\/vieassociative.be\/actualites\/wp-content\/uploads\/2024\/09\/vie-associative-1-150x150.jpg\",\"contentUrl\":\"https:\/\/vieassociative.be\/actualites\/wp-content\/uploads\/2024\/09\/vie-associative-1-150x150.jpg\",\"caption\":\"Julien\"},\"description\":\"Je suis Julien, r\u00e9dacteur pour Vie Associative. Passionn\u00e9 par le monde associatif depuis plus de 10 ans, j'ai \u00e0 c\u0153ur de partager des histoires inspirantes et de mettre en lumi\u00e8re les initiatives locales. Mon objectif est de sensibiliser et d'encourager l'engagement communautaire \u00e0 travers mes articles.\",\"sameAs\":[\"https:\/\/vieassociative.be\/\"]}]}<\/script>\n<!-- \/ Yoast SEO plugin. -->","yoast_head_json":{"title":"Les travailleurs d\u00e9c\u00e8dent apr\u00e8s l'effondrement d'un pont pr\u00e8s de La Louvi\u00e8re | Vie Associative","robots":{"index":"index","follow":"follow","max-snippet":"max-snippet:-1","max-image-preview":"max-image-preview:large","max-video-preview":"max-video-preview:-1"},"canonical":"https:\/\/vieassociative.be\/actualites\/les-travailleurs-decedent-apres-leffondrement-dun-pont-pres-de-la-louviere\/","og_locale":"fr_FR","og_type":"article","og_title":"Les travailleurs d\u00e9c\u00e8dent apr\u00e8s l'effondrement d'un pont pr\u00e8s de La Louvi\u00e8re | Vie Associative","og_description":"Les photos rappellent l&rsquo;effondrement du pont Carola \u00e0 Dresde: dans la province de Hennegau, un pont d&rsquo;autoroute s&rsquo;effondre lorsqu&rsquo;ils travaillent. Cependant, il n&rsquo;est pas aussi","og_url":"https:\/\/vieassociative.be\/actualites\/les-travailleurs-decedent-apres-leffondrement-dun-pont-pres-de-la-louviere\/","og_site_name":"Vie Associative","article_published_time":"2025-03-07T14:17:43+00:00","og_image":[{"width":279,"height":92,"url":"https:\/\/vieassociative.be\/actualites\/wp-content\/uploads\/2024\/09\/header_backgroundk-01-e1726694325946.png","type":"image\/png"}],"author":"Julien","twitter_card":"summary_large_image","twitter_misc":{"\u00c9crit par":"Julien"},"schema":{"@context":"https:\/\/schema.org","@graph":[{"@type":"Article","@id":"https:\/\/vieassociative.be\/actualites\/les-travailleurs-decedent-apres-leffondrement-dun-pont-pres-de-la-louviere\/#article","isPartOf":{"@id":"https:\/\/vieassociative.be\/actualites\/les-travailleurs-decedent-apres-leffondrement-dun-pont-pres-de-la-louviere\/"},"author":{"name":"Julien","@id":"https:\/\/vieassociative.be\/actualites\/#\/schema\/person\/b87ac4f82f9d4e7b7cec7395b679edc4"},"headline":"Les travailleurs d\u00e9c\u00e8dent apr\u00e8s l&rsquo;effondrement d&rsquo;un pont pr\u00e8s de La Louvi\u00e8re","datePublished":"2025-03-07T14:17:43+00:00","dateModified":"2025-03-07T14:17:43+00:00","mainEntityOfPage":{"@id":"https:\/\/vieassociative.be\/actualites\/les-travailleurs-decedent-apres-leffondrement-dun-pont-pres-de-la-louviere\/"},"wordCount":127,"publisher":{"@id":"https:\/\/vieassociative.be\/actualites\/#organization"},"image":{"@id":"https:\/\/vieassociative.be\/actualites\/les-travailleurs-decedent-apres-leffondrement-dun-pont-pres-de-la-louviere\/#primaryimage"},"thumbnailUrl":"https:\/\/vieassociative.be\/actualites\/wp-content\/uploads\/2025\/03\/Les-travailleurs-decedent-apres-leffondrement-dun-pont-pres-de-La.jpg","keywords":["Apr\u00e8s","d\u00e9c\u00e8dent","dun","leffondrement","Les","Louvi\u00e8re","pont","pr\u00e8s","travailleurs"],"articleSection":["Belgique"],"inLanguage":"fr-BE"},{"@type":"WebPage","@id":"https:\/\/vieassociative.be\/actualites\/les-travailleurs-decedent-apres-leffondrement-dun-pont-pres-de-la-louviere\/","url":"https:\/\/vieassociative.be\/actualites\/les-travailleurs-decedent-apres-leffondrement-dun-pont-pres-de-la-louviere\/","name":"Les travailleurs d\u00e9c\u00e8dent apr\u00e8s l'effondrement d'un pont pr\u00e8s de La Louvi\u00e8re | Vie Associative","isPartOf":{"@id":"https:\/\/vieassociative.be\/actualites\/#website"},"primaryImageOfPage":{"@id":"https:\/\/vieassociative.be\/actualites\/les-travailleurs-decedent-apres-leffondrement-dun-pont-pres-de-la-louviere\/#primaryimage"},"image":{"@id":"https:\/\/vieassociative.be\/actualites\/les-travailleurs-decedent-apres-leffondrement-dun-pont-pres-de-la-louviere\/#primaryimage"},"thumbnailUrl":"https:\/\/vieassociative.be\/actualites\/wp-content\/uploads\/2025\/03\/Les-travailleurs-decedent-apres-leffondrement-dun-pont-pres-de-La.jpg","datePublished":"2025-03-07T14:17:43+00:00","dateModified":"2025-03-07T14:17:43+00:00","breadcrumb":{"@id":"https:\/\/vieassociative.be\/actualites\/les-travailleurs-decedent-apres-leffondrement-dun-pont-pres-de-la-louviere\/#breadcrumb"},"inLanguage":"fr-BE","potentialAction":[{"@type":"ReadAction","target":["https:\/\/vieassociative.be\/actualites\/les-travailleurs-decedent-apres-leffondrement-dun-pont-pres-de-la-louviere\/"]}]},{"@type":"ImageObject","inLanguage":"fr-BE","@id":"https:\/\/vieassociative.be\/actualites\/les-travailleurs-decedent-apres-leffondrement-dun-pont-pres-de-la-louviere\/#primaryimage","url":"https:\/\/vieassociative.be\/actualites\/wp-content\/uploads\/2025\/03\/Les-travailleurs-decedent-apres-leffondrement-dun-pont-pres-de-La.jpg","contentUrl":"https:\/\/vieassociative.be\/actualites\/wp-content\/uploads\/2025\/03\/Les-travailleurs-decedent-apres-leffondrement-dun-pont-pres-de-La.jpg","width":1200,"height":770,"caption":"Les travailleurs d\u00e9c\u00e8dent apr\u00e8s l'effondrement d'un pont pr\u00e8s de La Louvi\u00e8re"},{"@type":"BreadcrumbList","@id":"https:\/\/vieassociative.be\/actualites\/les-travailleurs-decedent-apres-leffondrement-dun-pont-pres-de-la-louviere\/#breadcrumb","itemListElement":[{"@type":"ListItem","position":1,"name":"Accueil","item":"https:\/\/vieassociative.be\/actualites\/"},{"@type":"ListItem","position":2,"name":"Les travailleurs d\u00e9c\u00e8dent apr\u00e8s l&rsquo;effondrement d&rsquo;un pont pr\u00e8s de La Louvi\u00e8re"}]},{"@type":"WebSite","@id":"https:\/\/vieassociative.be\/actualites\/#website","url":"https:\/\/vieassociative.be\/actualites\/","name":"Vie Associative","description":"","publisher":{"@id":"https:\/\/vieassociative.be\/actualites\/#organization"},"potentialAction":[{"@type":"SearchAction","target":{"@type":"EntryPoint","urlTemplate":"https:\/\/vieassociative.be\/actualites\/?s={search_term_string}"},"query-input":{"@type":"PropertyValueSpecification","valueRequired":true,"valueName":"search_term_string"}}],"inLanguage":"fr-BE"},{"@type":"Organization","@id":"https:\/\/vieassociative.be\/actualites\/#organization","name":"Vie Associative","url":"https:\/\/vieassociative.be\/actualites\/","logo":{"@type":"ImageObject","inLanguage":"fr-BE","@id":"https:\/\/vieassociative.be\/actualites\/#\/schema\/logo\/image\/","url":"https:\/\/vieassociative.be\/actualites\/wp-content\/uploads\/2024\/09\/cropped-vieassociative_favicon.ico.png","contentUrl":"https:\/\/vieassociative.be\/actualites\/wp-content\/uploads\/2024\/09\/cropped-vieassociative_favicon.ico.png","width":512,"height":512,"caption":"Vie Associative"},"image":{"@id":"https:\/\/vieassociative.be\/actualites\/#\/schema\/logo\/image\/"}},{"@type":"Person","@id":"https:\/\/vieassociative.be\/actualites\/#\/schema\/person\/b87ac4f82f9d4e7b7cec7395b679edc4","name":"Julien","image":{"@type":"ImageObject","inLanguage":"fr-BE","@id":"https:\/\/vieassociative.be\/actualites\/#\/schema\/person\/image\/","url":"https:\/\/vieassociative.be\/actualites\/wp-content\/uploads\/2024\/09\/vie-associative-1-150x150.jpg","contentUrl":"https:\/\/vieassociative.be\/actualites\/wp-content\/uploads\/2024\/09\/vie-associative-1-150x150.jpg","caption":"Julien"},"description":"Je suis Julien, r\u00e9dacteur pour Vie Associative. Passionn\u00e9 par le monde associatif depuis plus de 10 ans, j'ai \u00e0 c\u0153ur de partager des histoires inspirantes et de mettre en lumi\u00e8re les initiatives locales. Mon objectif est de sensibiliser et d'encourager l'engagement communautaire \u00e0 travers mes articles.","sameAs":["https:\/\/vieassociative.be\/"]}]}},"_links":{"self":[{"href":"https:\/\/vieassociative.be\/actualites\/wp-json\/wp\/v2\/posts\/5692"}],"collection":[{"href":"https:\/\/vieassociative.be\/actualites\/wp-json\/wp\/v2\/posts"}],"about":[{"href":"https:\/\/vieassociative.be\/actualites\/wp-json\/wp\/v2\/types\/post"}],"author":[{"embeddable":true,"href":"https:\/\/vieassociative.be\/actualites\/wp-json\/wp\/v2\/users\/1"}],"replies":[{"embeddable":true,"href":"https:\/\/vieassociative.be\/actualites\/wp-json\/wp\/v2\/comments?post=5692"}],"version-history":[{"count":0,"href":"https:\/\/vieassociative.be\/actualites\/wp-json\/wp\/v2\/posts\/5692\/revisions"}],"wp:featuredmedia":[{"embeddable":true,"href":"https:\/\/vieassociative.be\/actualites\/wp-json\/wp\/v2\/media\/5693"}],"wp:attachment":[{"href":"https:\/\/vieassociative.be\/actualites\/wp-json\/wp\/v2\/media?parent=5692"}],"wp:term":[{"taxonomy":"category","embeddable":true,"href":"https:\/\/vieassociative.be\/actualites\/wp-json\/wp\/v2\/categories?post=5692"},{"taxonomy":"post_tag","embeddable":true,"href":"https:\/\/vieassociative.be\/actualites\/wp-json\/wp\/v2\/tags?post=5692"}],"curies":[{"name":"wp","href":"https:\/\/api.w.org\/{rel}","templated":true}]}}