{"id":5688,"date":"2025-03-07T12:17:34","date_gmt":"2025-03-07T11:17:34","guid":{"rendered":"https:\/\/vieassociative.be\/actualites\/tout-ce-que-nous-pensons-que-nous-savons-sur-ios-19\/"},"modified":"2025-03-07T12:17:34","modified_gmt":"2025-03-07T11:17:34","slug":"tout-ce-que-nous-pensons-que-nous-savons-sur-ios-19","status":"publish","type":"post","link":"https:\/\/vieassociative.be\/actualites\/tout-ce-que-nous-pensons-que-nous-savons-sur-ios-19\/","title":{"rendered":"Tout ce que nous pensons que nous savons sur iOS 19"},"content":{"rendered":"<div class=\"mt-4 leading-6 md:mb-8\">Mises \u00e0 niveau de l&rsquo;intelligence d&rsquo;Apple, une refonte d&rsquo;application de cam\u00e9ra, et plus encore.<\/div>\n<p><\/p>\n<p>Avec l&rsquo;iOS 19 qui devrait \u00eatre d\u00e9voil\u00e9 en juin 2025 \u00e0 la conf\u00e9rence mondiale des d\u00e9veloppeurs d&rsquo;Apple (WWDC), des rumeurs sur ses caract\u00e9ristiques sont venues rapidement. Bien qu&rsquo;aucune de ces rumeurs ne puisse \u00eatre confirm\u00e9e pour le moment, elles nous donnent toujours une bonne id\u00e9e de ce qu&rsquo;Apple pourrait consid\u00e9rer dans les coulisses. \u00c9tant donn\u00e9 que l&rsquo;IA est la saveur du mois, les am\u00e9liorations de l&rsquo;intelligence d&rsquo;Apple sont attendues pour iOS 19, mais l&rsquo;application de la cam\u00e9ra pourrait \u00e9galement attirer l&rsquo;attention. Voici tout ce qui a \u00e9t\u00e9 divulgu\u00e9 jusqu&rsquo;\u00e0 pr\u00e9sent.<\/p>\n<h2 id=\"the-merging-of-siri-and-apple-intelligence\">La fusion de Siri et Apple Intelligence<\/h2>\n<p>Selon Mark Gurman de Bloomberg, Apple pr\u00e9voit de fusionner Siri avec Apple Intelligence au cours du cycle de patch iOS 19. Oui, l&rsquo;assistant est actuellement r\u00e9pertori\u00e9 comme faisant partie d&rsquo;Apple Intelligence, mais dans les coulisses, il aurait un nouveau LLM en cours qui unifierait son architecture actuellement divis\u00e9e et lui permettait de g\u00e9rer plus fr\u00e9quemment des demandes complexes. \u00c0 l&rsquo;heure actuelle, ses fonctionnalit\u00e9s d&rsquo;IA sont beaucoup plus limit\u00e9es, et la plupart des Siri n&rsquo;utilisent pas du tout l&rsquo;IA.<\/p>\n<p>Gurman dit qu&rsquo;il s&rsquo;attend \u00e0 ce que la fusion soit achev\u00e9e au printemps 2026 avec le lancement d&rsquo;iOS 19.4. Son rapport indique que, \u00e0 l&rsquo;origine, le plan d&rsquo;Apple \u00e9tait de lancer un Siri plus conversationnel dans la m\u00eame mise \u00e0 jour, mais cela a \u00e9t\u00e9 retard\u00e9 et ne devrait pas \u00eatre d\u00e9voil\u00e9 au WWDC 2025.<\/p>\n<p>Gurman indique \u00e9galement que parce qu&rsquo;Apple n&rsquo;a pas encore termin\u00e9 le d\u00e9ploiement de la fonctionnalit\u00e9 d&rsquo;Apple Intelligence de l&rsquo;ann\u00e9e derni\u00e8re, les fonctionnalit\u00e9s non encore innomb\u00e9es ne devraient pas \u00eatre attendues pendant un certain temps.<\/p>\n<h2 id=\"a-camera-app-redesign\">Une refonte d&rsquo;application de cam\u00e9ra<\/h2>\n<p>Il y a environ un mois, YouTuber FrontPageTech a r\u00e9v\u00e9l\u00e9 une refonte divulgu\u00e9e de l&rsquo;application de cam\u00e9ra de l&rsquo;iPhone. Il a affirm\u00e9 avoir vu une vid\u00e9o de la refonte des rumeurs et l&rsquo;a recr\u00e9\u00e9e pour une vid\u00e9o. Le rendu se concentre principalement sur le syst\u00e8me de contr\u00f4le. Au lieu de glisser \u00e0 gauche ou \u00e0 droite pour basculer entre les modes de cam\u00e9ra, cette fuite indique que nous pouvons voir seulement deux options lorsque nous ouvrons l&rsquo;application &#8211; les photos et les vid\u00e9os. Le balayage entre eux, tandis que le taraudage r\u00e9v\u00e8le plus d&rsquo;options telles que le panorama ou les vid\u00e9os spatiales. Vous pouvez \u00e9galement voir un viseur l\u00e9g\u00e8rement plus grand dans le rendu, mais tout cela doit \u00eatre pris avec une pinc\u00e9e de sel. M\u00eame si les sources sont cr\u00e9dibles et les informations exactes (les autres fuites ont dout\u00e9 avant FrontPageTech auparavant), beaucoup peuvent changer d&rsquo;ici \u00e0 la lib\u00e9ration. Les fonctionnalit\u00e9s sont d\u00e9plac\u00e9es tout le temps pendant le d\u00e9veloppement, et vous pouvez \u00e9galement vous y attendre avec iOS 19. <\/p>\n<h2 id=\"no-major-ui-changes\">Aucun changement d&rsquo;interface utilisateur majeur<\/h2>\n<p>La fuite de FrontPageTech sugg\u00e8re \u00e9galement qu&rsquo;Apple n&rsquo;apportera pas d&rsquo;autres changements d&rsquo;interface utilisateur majeurs dans iOS 19. Avec le d\u00e9veloppement d&rsquo;iOS 18 qui n&rsquo;est pas encore termin\u00e9 malgr\u00e9 le WWDC 2025 au coin de la rue, je dois convenir qu&rsquo;il semble peu probable que les changements d&rsquo;interface utilisateur suivent si t\u00f4t.<\/p>\n<h2 id=\"your-iphone-will-probably-run-ios-19\">Votre iPhone ex\u00e9cutera (probablement) iOS 19<\/h2>\n<p>En l&rsquo;absence de refonte d&rsquo;interface utilisateur majeure, il n&rsquo;y a aucune raison pour qu&rsquo;Apple ait hache plus de t\u00e9l\u00e9phones de la gamme de mise \u00e0 jour iOS 19. Citant une source dans Apple, le site Web fran\u00e7ais Iphonesoft.fr rapporte que tout t\u00e9l\u00e9phone qui ex\u00e9cute iOS 18 devrait \u00e9galement \u00eatre compatible avec iOS 19. Cependant, l&rsquo;iPad 7 ne sera pas aussi chanceux, car le site Web indique qu&rsquo;il ne sera pas inclus dans la mise \u00e0 jour de l&rsquo;iPados 19.<\/p>\n","protected":false},"excerpt":{"rendered":"<p>Mises \u00e0 niveau de l&rsquo;intelligence d&rsquo;Apple, une refonte d&rsquo;application de cam\u00e9ra, et plus encore. Avec l&rsquo;iOS 19 qui devrait \u00eatre d\u00e9voil\u00e9 en juin 2025 \u00e0<\/p>\n","protected":false},"author":1,"featured_media":5689,"comment_status":"","ping_status":"","sticky":false,"template":"","format":"standard","meta":{"footnotes":""},"categories":[13],"tags":[21,393,5701,4320,33,236],"class_list":["post-5688","post","type-post","status-publish","format-standard","has-post-thumbnail","hentry","category-technologie","tag-ios","tag-nous","tag-pensons","tag-savons","tag-sur","tag-tout","generate-columns","tablet-grid-50","mobile-grid-100","grid-parent","grid-33"],"yoast_head":"<!-- This site is optimized with the Yoast SEO plugin v24.0 - https:\/\/yoast.com\/wordpress\/plugins\/seo\/ -->\n<title>Tout ce que nous pensons que nous savons sur iOS 19 | Vie Associative<\/title>\n<meta name=\"robots\" content=\"index, follow, max-snippet:-1, max-image-preview:large, max-video-preview:-1\" \/>\n<link rel=\"canonical\" href=\"https:\/\/vieassociative.be\/actualites\/tout-ce-que-nous-pensons-que-nous-savons-sur-ios-19\/\" \/>\n<meta property=\"og:locale\" content=\"fr_FR\" \/>\n<meta property=\"og:type\" content=\"article\" \/>\n<meta property=\"og:title\" content=\"Tout ce que nous pensons que nous savons sur iOS 19 | Vie Associative\" \/>\n<meta property=\"og:description\" content=\"Mises \u00e0 niveau de l&rsquo;intelligence d&rsquo;Apple, une refonte d&rsquo;application de cam\u00e9ra, et plus encore. Avec l&rsquo;iOS 19 qui devrait \u00eatre d\u00e9voil\u00e9 en juin 2025 \u00e0\" \/>\n<meta property=\"og:url\" content=\"https:\/\/vieassociative.be\/actualites\/tout-ce-que-nous-pensons-que-nous-savons-sur-ios-19\/\" \/>\n<meta property=\"og:site_name\" content=\"Vie Associative\" \/>\n<meta property=\"article:published_time\" content=\"2025-03-07T11:17:34+00:00\" \/>\n<meta property=\"og:image\" content=\"https:\/\/vieassociative.be\/actualites\/wp-content\/uploads\/2024\/09\/header_backgroundk-01-e1726694325946.png\" \/>\n\t<meta property=\"og:image:width\" content=\"279\" \/>\n\t<meta property=\"og:image:height\" content=\"92\" \/>\n\t<meta property=\"og:image:type\" content=\"image\/png\" \/>\n<meta name=\"author\" content=\"Julien\" \/>\n<meta name=\"twitter:card\" content=\"summary_large_image\" \/>\n<meta name=\"twitter:label1\" content=\"\u00c9crit par\" \/>\n\t<meta name=\"twitter:data1\" content=\"Julien\" \/>\n\t<meta name=\"twitter:label2\" content=\"Dur\u00e9e de lecture est.\" \/>\n\t<meta name=\"twitter:data2\" content=\"3 minutes\" \/>\n<script type=\"application\/ld+json\" class=\"yoast-schema-graph\">{\"@context\":\"https:\/\/schema.org\",\"@graph\":[{\"@type\":\"Article\",\"@id\":\"https:\/\/vieassociative.be\/actualites\/tout-ce-que-nous-pensons-que-nous-savons-sur-ios-19\/#article\",\"isPartOf\":{\"@id\":\"https:\/\/vieassociative.be\/actualites\/tout-ce-que-nous-pensons-que-nous-savons-sur-ios-19\/\"},\"author\":{\"name\":\"Julien\",\"@id\":\"https:\/\/vieassociative.be\/actualites\/#\/schema\/person\/b87ac4f82f9d4e7b7cec7395b679edc4\"},\"headline\":\"Tout ce que nous pensons que nous savons sur iOS 19\",\"datePublished\":\"2025-03-07T11:17:34+00:00\",\"dateModified\":\"2025-03-07T11:17:34+00:00\",\"mainEntityOfPage\":{\"@id\":\"https:\/\/vieassociative.be\/actualites\/tout-ce-que-nous-pensons-que-nous-savons-sur-ios-19\/\"},\"wordCount\":688,\"publisher\":{\"@id\":\"https:\/\/vieassociative.be\/actualites\/#organization\"},\"image\":{\"@id\":\"https:\/\/vieassociative.be\/actualites\/tout-ce-que-nous-pensons-que-nous-savons-sur-ios-19\/#primaryimage\"},\"thumbnailUrl\":\"https:\/\/vieassociative.be\/actualites\/wp-content\/uploads\/2025\/03\/Tout-ce-que-nous-pensons-que-nous-savons-sur-iOS.png\",\"keywords\":[\"iOS\",\"nous\",\"pensons\",\"savons\",\"sur\",\"tout\"],\"articleSection\":[\"Technologie\"],\"inLanguage\":\"fr-BE\"},{\"@type\":\"WebPage\",\"@id\":\"https:\/\/vieassociative.be\/actualites\/tout-ce-que-nous-pensons-que-nous-savons-sur-ios-19\/\",\"url\":\"https:\/\/vieassociative.be\/actualites\/tout-ce-que-nous-pensons-que-nous-savons-sur-ios-19\/\",\"name\":\"Tout ce que nous pensons que nous savons sur iOS 19 | Vie Associative\",\"isPartOf\":{\"@id\":\"https:\/\/vieassociative.be\/actualites\/#website\"},\"primaryImageOfPage\":{\"@id\":\"https:\/\/vieassociative.be\/actualites\/tout-ce-que-nous-pensons-que-nous-savons-sur-ios-19\/#primaryimage\"},\"image\":{\"@id\":\"https:\/\/vieassociative.be\/actualites\/tout-ce-que-nous-pensons-que-nous-savons-sur-ios-19\/#primaryimage\"},\"thumbnailUrl\":\"https:\/\/vieassociative.be\/actualites\/wp-content\/uploads\/2025\/03\/Tout-ce-que-nous-pensons-que-nous-savons-sur-iOS.png\",\"datePublished\":\"2025-03-07T11:17:34+00:00\",\"dateModified\":\"2025-03-07T11:17:34+00:00\",\"breadcrumb\":{\"@id\":\"https:\/\/vieassociative.be\/actualites\/tout-ce-que-nous-pensons-que-nous-savons-sur-ios-19\/#breadcrumb\"},\"inLanguage\":\"fr-BE\",\"potentialAction\":[{\"@type\":\"ReadAction\",\"target\":[\"https:\/\/vieassociative.be\/actualites\/tout-ce-que-nous-pensons-que-nous-savons-sur-ios-19\/\"]}]},{\"@type\":\"ImageObject\",\"inLanguage\":\"fr-BE\",\"@id\":\"https:\/\/vieassociative.be\/actualites\/tout-ce-que-nous-pensons-que-nous-savons-sur-ios-19\/#primaryimage\",\"url\":\"https:\/\/vieassociative.be\/actualites\/wp-content\/uploads\/2025\/03\/Tout-ce-que-nous-pensons-que-nous-savons-sur-iOS.png\",\"contentUrl\":\"https:\/\/vieassociative.be\/actualites\/wp-content\/uploads\/2025\/03\/Tout-ce-que-nous-pensons-que-nous-savons-sur-iOS.png\",\"width\":1200,\"height\":675,\"caption\":\"Tout ce que nous pensons que nous savons sur iOS 19\"},{\"@type\":\"BreadcrumbList\",\"@id\":\"https:\/\/vieassociative.be\/actualites\/tout-ce-que-nous-pensons-que-nous-savons-sur-ios-19\/#breadcrumb\",\"itemListElement\":[{\"@type\":\"ListItem\",\"position\":1,\"name\":\"Accueil\",\"item\":\"https:\/\/vieassociative.be\/actualites\/\"},{\"@type\":\"ListItem\",\"position\":2,\"name\":\"Tout ce que nous pensons que nous savons sur iOS 19\"}]},{\"@type\":\"WebSite\",\"@id\":\"https:\/\/vieassociative.be\/actualites\/#website\",\"url\":\"https:\/\/vieassociative.be\/actualites\/\",\"name\":\"Vie Associative\",\"description\":\"\",\"publisher\":{\"@id\":\"https:\/\/vieassociative.be\/actualites\/#organization\"},\"potentialAction\":[{\"@type\":\"SearchAction\",\"target\":{\"@type\":\"EntryPoint\",\"urlTemplate\":\"https:\/\/vieassociative.be\/actualites\/?s={search_term_string}\"},\"query-input\":{\"@type\":\"PropertyValueSpecification\",\"valueRequired\":true,\"valueName\":\"search_term_string\"}}],\"inLanguage\":\"fr-BE\"},{\"@type\":\"Organization\",\"@id\":\"https:\/\/vieassociative.be\/actualites\/#organization\",\"name\":\"Vie Associative\",\"url\":\"https:\/\/vieassociative.be\/actualites\/\",\"logo\":{\"@type\":\"ImageObject\",\"inLanguage\":\"fr-BE\",\"@id\":\"https:\/\/vieassociative.be\/actualites\/#\/schema\/logo\/image\/\",\"url\":\"https:\/\/vieassociative.be\/actualites\/wp-content\/uploads\/2024\/09\/cropped-vieassociative_favicon.ico.png\",\"contentUrl\":\"https:\/\/vieassociative.be\/actualites\/wp-content\/uploads\/2024\/09\/cropped-vieassociative_favicon.ico.png\",\"width\":512,\"height\":512,\"caption\":\"Vie Associative\"},\"image\":{\"@id\":\"https:\/\/vieassociative.be\/actualites\/#\/schema\/logo\/image\/\"}},{\"@type\":\"Person\",\"@id\":\"https:\/\/vieassociative.be\/actualites\/#\/schema\/person\/b87ac4f82f9d4e7b7cec7395b679edc4\",\"name\":\"Julien\",\"image\":{\"@type\":\"ImageObject\",\"inLanguage\":\"fr-BE\",\"@id\":\"https:\/\/vieassociative.be\/actualites\/#\/schema\/person\/image\/\",\"url\":\"https:\/\/vieassociative.be\/actualites\/wp-content\/uploads\/2024\/09\/vie-associative-1-150x150.jpg\",\"contentUrl\":\"https:\/\/vieassociative.be\/actualites\/wp-content\/uploads\/2024\/09\/vie-associative-1-150x150.jpg\",\"caption\":\"Julien\"},\"description\":\"Je suis Julien, r\u00e9dacteur pour Vie Associative. Passionn\u00e9 par le monde associatif depuis plus de 10 ans, j'ai \u00e0 c\u0153ur de partager des histoires inspirantes et de mettre en lumi\u00e8re les initiatives locales. Mon objectif est de sensibiliser et d'encourager l'engagement communautaire \u00e0 travers mes articles.\",\"sameAs\":[\"https:\/\/vieassociative.be\/\"]}]}<\/script>\n<!-- \/ Yoast SEO plugin. -->","yoast_head_json":{"title":"Tout ce que nous pensons que nous savons sur iOS 19 | Vie Associative","robots":{"index":"index","follow":"follow","max-snippet":"max-snippet:-1","max-image-preview":"max-image-preview:large","max-video-preview":"max-video-preview:-1"},"canonical":"https:\/\/vieassociative.be\/actualites\/tout-ce-que-nous-pensons-que-nous-savons-sur-ios-19\/","og_locale":"fr_FR","og_type":"article","og_title":"Tout ce que nous pensons que nous savons sur iOS 19 | Vie Associative","og_description":"Mises \u00e0 niveau de l&rsquo;intelligence d&rsquo;Apple, une refonte d&rsquo;application de cam\u00e9ra, et plus encore. Avec l&rsquo;iOS 19 qui devrait \u00eatre d\u00e9voil\u00e9 en juin 2025 \u00e0","og_url":"https:\/\/vieassociative.be\/actualites\/tout-ce-que-nous-pensons-que-nous-savons-sur-ios-19\/","og_site_name":"Vie Associative","article_published_time":"2025-03-07T11:17:34+00:00","og_image":[{"width":279,"height":92,"url":"https:\/\/vieassociative.be\/actualites\/wp-content\/uploads\/2024\/09\/header_backgroundk-01-e1726694325946.png","type":"image\/png"}],"author":"Julien","twitter_card":"summary_large_image","twitter_misc":{"\u00c9crit par":"Julien","Dur\u00e9e de lecture est.":"3 minutes"},"schema":{"@context":"https:\/\/schema.org","@graph":[{"@type":"Article","@id":"https:\/\/vieassociative.be\/actualites\/tout-ce-que-nous-pensons-que-nous-savons-sur-ios-19\/#article","isPartOf":{"@id":"https:\/\/vieassociative.be\/actualites\/tout-ce-que-nous-pensons-que-nous-savons-sur-ios-19\/"},"author":{"name":"Julien","@id":"https:\/\/vieassociative.be\/actualites\/#\/schema\/person\/b87ac4f82f9d4e7b7cec7395b679edc4"},"headline":"Tout ce que nous pensons que nous savons sur iOS 19","datePublished":"2025-03-07T11:17:34+00:00","dateModified":"2025-03-07T11:17:34+00:00","mainEntityOfPage":{"@id":"https:\/\/vieassociative.be\/actualites\/tout-ce-que-nous-pensons-que-nous-savons-sur-ios-19\/"},"wordCount":688,"publisher":{"@id":"https:\/\/vieassociative.be\/actualites\/#organization"},"image":{"@id":"https:\/\/vieassociative.be\/actualites\/tout-ce-que-nous-pensons-que-nous-savons-sur-ios-19\/#primaryimage"},"thumbnailUrl":"https:\/\/vieassociative.be\/actualites\/wp-content\/uploads\/2025\/03\/Tout-ce-que-nous-pensons-que-nous-savons-sur-iOS.png","keywords":["iOS","nous","pensons","savons","sur","tout"],"articleSection":["Technologie"],"inLanguage":"fr-BE"},{"@type":"WebPage","@id":"https:\/\/vieassociative.be\/actualites\/tout-ce-que-nous-pensons-que-nous-savons-sur-ios-19\/","url":"https:\/\/vieassociative.be\/actualites\/tout-ce-que-nous-pensons-que-nous-savons-sur-ios-19\/","name":"Tout ce que nous pensons que nous savons sur iOS 19 | Vie Associative","isPartOf":{"@id":"https:\/\/vieassociative.be\/actualites\/#website"},"primaryImageOfPage":{"@id":"https:\/\/vieassociative.be\/actualites\/tout-ce-que-nous-pensons-que-nous-savons-sur-ios-19\/#primaryimage"},"image":{"@id":"https:\/\/vieassociative.be\/actualites\/tout-ce-que-nous-pensons-que-nous-savons-sur-ios-19\/#primaryimage"},"thumbnailUrl":"https:\/\/vieassociative.be\/actualites\/wp-content\/uploads\/2025\/03\/Tout-ce-que-nous-pensons-que-nous-savons-sur-iOS.png","datePublished":"2025-03-07T11:17:34+00:00","dateModified":"2025-03-07T11:17:34+00:00","breadcrumb":{"@id":"https:\/\/vieassociative.be\/actualites\/tout-ce-que-nous-pensons-que-nous-savons-sur-ios-19\/#breadcrumb"},"inLanguage":"fr-BE","potentialAction":[{"@type":"ReadAction","target":["https:\/\/vieassociative.be\/actualites\/tout-ce-que-nous-pensons-que-nous-savons-sur-ios-19\/"]}]},{"@type":"ImageObject","inLanguage":"fr-BE","@id":"https:\/\/vieassociative.be\/actualites\/tout-ce-que-nous-pensons-que-nous-savons-sur-ios-19\/#primaryimage","url":"https:\/\/vieassociative.be\/actualites\/wp-content\/uploads\/2025\/03\/Tout-ce-que-nous-pensons-que-nous-savons-sur-iOS.png","contentUrl":"https:\/\/vieassociative.be\/actualites\/wp-content\/uploads\/2025\/03\/Tout-ce-que-nous-pensons-que-nous-savons-sur-iOS.png","width":1200,"height":675,"caption":"Tout ce que nous pensons que nous savons sur iOS 19"},{"@type":"BreadcrumbList","@id":"https:\/\/vieassociative.be\/actualites\/tout-ce-que-nous-pensons-que-nous-savons-sur-ios-19\/#breadcrumb","itemListElement":[{"@type":"ListItem","position":1,"name":"Accueil","item":"https:\/\/vieassociative.be\/actualites\/"},{"@type":"ListItem","position":2,"name":"Tout ce que nous pensons que nous savons sur iOS 19"}]},{"@type":"WebSite","@id":"https:\/\/vieassociative.be\/actualites\/#website","url":"https:\/\/vieassociative.be\/actualites\/","name":"Vie Associative","description":"","publisher":{"@id":"https:\/\/vieassociative.be\/actualites\/#organization"},"potentialAction":[{"@type":"SearchAction","target":{"@type":"EntryPoint","urlTemplate":"https:\/\/vieassociative.be\/actualites\/?s={search_term_string}"},"query-input":{"@type":"PropertyValueSpecification","valueRequired":true,"valueName":"search_term_string"}}],"inLanguage":"fr-BE"},{"@type":"Organization","@id":"https:\/\/vieassociative.be\/actualites\/#organization","name":"Vie Associative","url":"https:\/\/vieassociative.be\/actualites\/","logo":{"@type":"ImageObject","inLanguage":"fr-BE","@id":"https:\/\/vieassociative.be\/actualites\/#\/schema\/logo\/image\/","url":"https:\/\/vieassociative.be\/actualites\/wp-content\/uploads\/2024\/09\/cropped-vieassociative_favicon.ico.png","contentUrl":"https:\/\/vieassociative.be\/actualites\/wp-content\/uploads\/2024\/09\/cropped-vieassociative_favicon.ico.png","width":512,"height":512,"caption":"Vie Associative"},"image":{"@id":"https:\/\/vieassociative.be\/actualites\/#\/schema\/logo\/image\/"}},{"@type":"Person","@id":"https:\/\/vieassociative.be\/actualites\/#\/schema\/person\/b87ac4f82f9d4e7b7cec7395b679edc4","name":"Julien","image":{"@type":"ImageObject","inLanguage":"fr-BE","@id":"https:\/\/vieassociative.be\/actualites\/#\/schema\/person\/image\/","url":"https:\/\/vieassociative.be\/actualites\/wp-content\/uploads\/2024\/09\/vie-associative-1-150x150.jpg","contentUrl":"https:\/\/vieassociative.be\/actualites\/wp-content\/uploads\/2024\/09\/vie-associative-1-150x150.jpg","caption":"Julien"},"description":"Je suis Julien, r\u00e9dacteur pour Vie Associative. Passionn\u00e9 par le monde associatif depuis plus de 10 ans, j'ai \u00e0 c\u0153ur de partager des histoires inspirantes et de mettre en lumi\u00e8re les initiatives locales. Mon objectif est de sensibiliser et d'encourager l'engagement communautaire \u00e0 travers mes articles.","sameAs":["https:\/\/vieassociative.be\/"]}]}},"_links":{"self":[{"href":"https:\/\/vieassociative.be\/actualites\/wp-json\/wp\/v2\/posts\/5688"}],"collection":[{"href":"https:\/\/vieassociative.be\/actualites\/wp-json\/wp\/v2\/posts"}],"about":[{"href":"https:\/\/vieassociative.be\/actualites\/wp-json\/wp\/v2\/types\/post"}],"author":[{"embeddable":true,"href":"https:\/\/vieassociative.be\/actualites\/wp-json\/wp\/v2\/users\/1"}],"replies":[{"embeddable":true,"href":"https:\/\/vieassociative.be\/actualites\/wp-json\/wp\/v2\/comments?post=5688"}],"version-history":[{"count":0,"href":"https:\/\/vieassociative.be\/actualites\/wp-json\/wp\/v2\/posts\/5688\/revisions"}],"wp:featuredmedia":[{"embeddable":true,"href":"https:\/\/vieassociative.be\/actualites\/wp-json\/wp\/v2\/media\/5689"}],"wp:attachment":[{"href":"https:\/\/vieassociative.be\/actualites\/wp-json\/wp\/v2\/media?parent=5688"}],"wp:term":[{"taxonomy":"category","embeddable":true,"href":"https:\/\/vieassociative.be\/actualites\/wp-json\/wp\/v2\/categories?post=5688"},{"taxonomy":"post_tag","embeddable":true,"href":"https:\/\/vieassociative.be\/actualites\/wp-json\/wp\/v2\/tags?post=5688"}],"curies":[{"name":"wp","href":"https:\/\/api.w.org\/{rel}","templated":true}]}}