{"id":5686,"date":"2025-03-07T11:17:48","date_gmt":"2025-03-07T10:17:48","guid":{"rendered":"https:\/\/vieassociative.be\/actualites\/quand-sont-les-prochains-jeux-olympiques\/"},"modified":"2025-03-07T11:17:48","modified_gmt":"2025-03-07T10:17:48","slug":"quand-sont-les-prochains-jeux-olympiques","status":"publish","type":"post","link":"https:\/\/vieassociative.be\/actualites\/quand-sont-les-prochains-jeux-olympiques\/","title":{"rendered":"Quand sont les prochains Jeux olympiques?"},"content":{"rendered":"<div class=\"mt-4 leading-6 md:mb-8\">Les Jeux olympiques de Paris me manquent d\u00e9j\u00e0, mais je regarde Milan et Los Angeles.<\/div>\n<p><\/p>\n<p>Le triomphe, le chagrin et les baguettes des Jeux de l&rsquo;Olympiade XXXIII ont ferm\u00e9 de fa\u00e7on spectaculaire olympique ce week-end avec le torche litt\u00e9ral qui se transmet \u00e0 Los Angeles, la prochaine ville h\u00f4te olympique. Avec Paris dans les livres de records et le r\u00e9troviseur culturel, il est temps de regarder vers l&rsquo;avenir et de commencer \u00e0 planifier le <em>suivant<\/em> Jeux olympiques.<\/p>\n<h2 id=\"the-next-olympic-games\">Les prochains Jeux olympiques<\/h2>\n<p>Les villes italiennes de Milan et de Cortina co-organiseront les prochains Jeux Olympiques en f\u00e9vrier 2026. Les Jeux olympiques d&rsquo;hiver XXV, \u00e9galement connus sous le nom de Milano Cortina 2026, sont pr\u00e9vus du 6 f\u00e9vrier au 22 f\u00e9vrier 2026.<\/p>\n<p>Les prochains Jeux olympiques de l&rsquo;\u00e9t\u00e9 se tiendront \u00e0 Los Angeles du 14 juillet au 30 juillet 2028. Los Angeles a pr\u00e9c\u00e9demment accueilli les Jeux en 1984 et 1932. <\/p>\n<p>Deux \u00e9v\u00e9nements olympiques de 2028 &#8211; Softball et Slalom en cano\u00eb &#8211; se tiendront \u00e0 Oklahoma City, \u00e0 1 300 miles du reste des matchs. Officiellement, cela fait partie d&rsquo;un effort pour utiliser uniquement les installations sportives existantes \u00e0 Los Angeles pour r\u00e9duire les co\u00fbts. <\/p>\n<h2 id=\"how-to-get-tickets-to-the-winter-olympics-in-2026\">Comment obtenir des billets pour les Jeux olympiques d&rsquo;hiver en 2026<\/h2>\n<p>Si vous allez \u00eatre en Italie en f\u00e9vrier 2026 et que vous aimeriez consulter une action des Jeux olympiques d&rsquo;hiver, vous pouvez vous inscrire au programme de loterie de r\u00e9servation de billets maintenant. Vous ne pouvez cependant pas acheter de billets pour les Jeux olympiques d&rsquo;hiver avant f\u00e9vrier 2025. L&rsquo;inscription au tirage ne signifie pas que vous vous \u00eates engag\u00e9 \u00e0 acheter des billets, donc s&rsquo;il y a m\u00eame une chance que vous alliez, il est logique de mettre votre nom.<\/p>\n<h2 id=\"how-to-get-tickets-to-the-summer-olympics-in-los-angeles-in-2028\">Comment obtenir des billets pour les Jeux olympiques d&rsquo;\u00e9t\u00e9 \u00e0 Los Angeles en 2028<\/h2>\n<p>Quatre ans sont un peu trop t\u00f4t pour des d\u00e9tails sp\u00e9cifiques sur les ventes de billets olympiques, mais si vous voulez conna\u00eetre les d\u00e9tails d\u00e8s qu&rsquo;ils sont disponibles, vous pouvez vous inscrire \u00e0 la liste de diffusion sur le site officiel des Jeux olympiques de Los Angeles.<\/p>\n<p>  Si vous voulez <em>vraiment<\/em> Planifiez \u00e0 l&rsquo;avance, consultez le site pour les jeux 2032 \u00e0 Brisbane. <\/p>\n<h2 id=\"what-we-can-expect-to-see-at-the-upcoming-winter-olympics\">Ce que nous pouvons nous attendre aux prochains Jeux olympiques d&rsquo;hiver<\/h2>\n<p>Les Jeux d&rsquo;hiver de 2026 comprendront 116 \u00e9v\u00e9nements dans ces 16 sports d&rsquo;hiver:<\/p>\n<ul>\n<li>\n<p>Ski de fond<\/p>\n<\/li>\n<li>\n<p>Hockey sur glace<\/p>\n<\/li>\n<li>\n<p>Ski libre<\/p>\n<\/li>\n<li>\n<p>Patication de vitesse de piste courte<\/p>\n<\/li>\n<li>\n<p>Patinage artistique<\/p>\n<\/li>\n<li>\n<p>Snowboard<\/p>\n<\/li>\n<li>\n<p>ski alpin<\/p>\n<\/li>\n<li>\n<p>Bobsleigh<\/p>\n<\/li>\n<li>\n<p>Squelette<\/p>\n<\/li>\n<li>\n<p>Luge<\/p>\n<\/li>\n<li>\n<p>Saut \u00e0 ski<\/p>\n<\/li>\n<li>\n<p>Curling<\/p>\n<\/li>\n<li>\n<p>Biathlon<\/p>\n<\/li>\n<li>\n<p>Patinage de vitesse<\/p>\n<\/li>\n<li>\n<p>Nordique combin\u00e9<\/p>\n<\/li>\n<li>\n<p>Alpinisme de ski<\/p>\n<\/li>\n<\/ul>\n<p>C&rsquo;est la premi\u00e8re fois que l&rsquo;alpinisme de ski sera pr\u00e9sent\u00e9 aux Jeux olympiques. \u00abSkimo\u00bb implique le ski des athl\u00e8tes <em>en haut<\/em> une montagne, puis skie. Il combine des \u00e9l\u00e9ments d&rsquo;escalade, de ski de fond et de ski de country en bas de l&rsquo;arri\u00e8re-pays. Je suis vendu. Voici une vid\u00e9o pour vous donner un go\u00fbt:<\/p>\n<div class=\"mx-auto mt-8 w-full max-w-4xl\">\n<div id=\"video-container-XpBtXZIhaEI\"><\/div>\n<\/div>\n<h2 id=\"what-we-can-expect-to-see-at-the-next-summer-olympics\">Ce que nous pouvons nous attendre aux Jeux olympiques de l&rsquo;\u00e9t\u00e9 prochain<\/h2>\n<p>Les Jeux olympiques d&rsquo;\u00e9t\u00e9 de 2028 devraient inclure au moins 35 sports, dont 27 sports \u00abCore\u00bb. Le skateboard, la surf et l&rsquo;escalade sportive ont \u00e9t\u00e9 promus des sports facultatifs aux sports de base en 2028. La boxe est actuellement sur la trajectoire oppos\u00e9e et peut \u00eatre enti\u00e8rement retir\u00e9e des jeux. Plus \u00e0 ce sujet ci-dessous. <\/p>\n<p>Les Jeux olympiques de LA Summer comprendront cinq nouveaux sports en option: baseball \/ softball, cricket, football drapeau, crosse et courge. Voici la liste compl\u00e8te des sports de 2028:<\/p>\n<ul>\n<li>\n<p>Aquatics (natation, plong\u00e9e, eau libre, natation synchronis\u00e9e et water-polo)<\/p>\n<\/li>\n<li>\n<p>Tir \u00e0 l&rsquo;archerie<\/p>\n<\/li>\n<li>\n<p>Badminton<\/p>\n<\/li>\n<li>\n<p>Baseball et softball<\/p>\n<\/li>\n<li>\n<p>Basket-ball<\/p>\n<\/li>\n<li>\n<p>Boxe*<\/p>\n<\/li>\n<li>\n<p>Cano\u00eb \/ kayak<\/p>\n<\/li>\n<li>\n<p>Cricket<\/p>\n<\/li>\n<li>\n<p>Cycling (piste, route, v\u00e9lo de montagne et BMX)<\/p>\n<\/li>\n<li>\n<p>\u00c9questre<\/p>\n<\/li>\n<li>\n<p>Escrime<\/p>\n<\/li>\n<li>\n<p>Flag de football<\/p>\n<\/li>\n<li>\n<p>Football<\/p>\n<\/li>\n<li>\n<p>Golf<\/p>\n<\/li>\n<li>\n<p>Gymnastique (artistique, rythmique et trampoline)<\/p>\n<\/li>\n<li>\n<p>Handball<\/p>\n<\/li>\n<li>\n<p>Hockey<\/p>\n<\/li>\n<li>\n<p>Judo<\/p>\n<\/li>\n<li>\n<p>Lacrosse<\/p>\n<\/li>\n<li>\n<p>Pentathlon moderne<\/p>\n<\/li>\n<li>\n<p>Aviron<\/p>\n<\/li>\n<li>\n<p>Rugby 7s<\/p>\n<\/li>\n<li>\n<p>Voile<\/p>\n<\/li>\n<li>\n<p>Tournage<\/p>\n<\/li>\n<li>\n<p>Skateboard (rue et parc)<\/p>\n<\/li>\n<li>\n<p>L&rsquo;escalade sportive (bloc, plomb et vitesse combin\u00e9e grimper)<\/p>\n<\/li>\n<li>\n<p>Squash<\/p>\n<\/li>\n<li>\n<p>Surf <\/p>\n<\/li>\n<li>\n<p>Tennis de table<\/p>\n<\/li>\n<li>\n<p>Taekwondo<\/p>\n<\/li>\n<li>\n<p>Tennis<\/p>\n<\/li>\n<li>\n<p>Voie<\/p>\n<\/li>\n<li>\n<p>Triathlon<\/p>\n<\/li>\n<li>\n<p>Volleyball (int\u00e9rieur et plage)<\/p>\n<\/li>\n<li>\n<p>L&rsquo;halt\u00e9rophilie<\/p>\n<\/li>\n<li>\n<p>Lutte (gr\u00e9co-romain et freestyle)<\/p>\n<\/li>\n<\/ul>\n<p>La boxe n&rsquo;est pas confirm\u00e9e pour LA 2028. Il n&rsquo;y a actuellement pas d&rsquo;organisme directeur approuv\u00e9 par les Jeux olympiques pour la boxe et, selon le CIO, si un nouvel organe directeur n&rsquo;intensifie pas, la boxe ne sera pas incluse dans le programme des Jeux olympiques.<\/p>\n","protected":false},"excerpt":{"rendered":"<p>Les Jeux olympiques de Paris me manquent d\u00e9j\u00e0, mais je regarde Milan et Los Angeles. Le triomphe, le chagrin et les baguettes des Jeux de<\/p>\n","protected":false},"author":1,"featured_media":5687,"comment_status":"","ping_status":"","sticky":false,"template":"","format":"standard","meta":{"footnotes":""},"categories":[36],"tags":[350,14,4661,5700,123,18],"class_list":["post-5686","post","type-post","status-publish","format-standard","has-post-thumbnail","hentry","category-divertissement","tag-jeux","tag-les","tag-olympiques","tag-prochains","tag-quand","tag-sont","generate-columns","tablet-grid-50","mobile-grid-100","grid-parent","grid-33"],"yoast_head":"<!-- This site is optimized with the Yoast SEO plugin v24.0 - https:\/\/yoast.com\/wordpress\/plugins\/seo\/ -->\n<title>Quand sont les prochains Jeux olympiques? | Vie Associative<\/title>\n<meta name=\"robots\" content=\"index, follow, max-snippet:-1, max-image-preview:large, max-video-preview:-1\" \/>\n<link rel=\"canonical\" href=\"https:\/\/vieassociative.be\/actualites\/quand-sont-les-prochains-jeux-olympiques\/\" \/>\n<meta property=\"og:locale\" content=\"fr_FR\" \/>\n<meta property=\"og:type\" content=\"article\" \/>\n<meta property=\"og:title\" content=\"Quand sont les prochains Jeux olympiques? | Vie Associative\" \/>\n<meta property=\"og:description\" content=\"Les Jeux olympiques de Paris me manquent d\u00e9j\u00e0, mais je regarde Milan et Los Angeles. Le triomphe, le chagrin et les baguettes des Jeux de\" \/>\n<meta property=\"og:url\" content=\"https:\/\/vieassociative.be\/actualites\/quand-sont-les-prochains-jeux-olympiques\/\" \/>\n<meta property=\"og:site_name\" content=\"Vie Associative\" \/>\n<meta property=\"article:published_time\" content=\"2025-03-07T10:17:48+00:00\" \/>\n<meta property=\"og:image\" content=\"https:\/\/vieassociative.be\/actualites\/wp-content\/uploads\/2024\/09\/header_backgroundk-01-e1726694325946.png\" \/>\n\t<meta property=\"og:image:width\" content=\"279\" \/>\n\t<meta property=\"og:image:height\" content=\"92\" \/>\n\t<meta property=\"og:image:type\" content=\"image\/png\" \/>\n<meta name=\"author\" content=\"Julien\" \/>\n<meta name=\"twitter:card\" content=\"summary_large_image\" \/>\n<meta name=\"twitter:label1\" content=\"\u00c9crit par\" \/>\n\t<meta name=\"twitter:data1\" content=\"Julien\" \/>\n\t<meta name=\"twitter:label2\" content=\"Dur\u00e9e de lecture est.\" \/>\n\t<meta name=\"twitter:data2\" content=\"3 minutes\" \/>\n<script type=\"application\/ld+json\" class=\"yoast-schema-graph\">{\"@context\":\"https:\/\/schema.org\",\"@graph\":[{\"@type\":\"Article\",\"@id\":\"https:\/\/vieassociative.be\/actualites\/quand-sont-les-prochains-jeux-olympiques\/#article\",\"isPartOf\":{\"@id\":\"https:\/\/vieassociative.be\/actualites\/quand-sont-les-prochains-jeux-olympiques\/\"},\"author\":{\"name\":\"Julien\",\"@id\":\"https:\/\/vieassociative.be\/actualites\/#\/schema\/person\/b87ac4f82f9d4e7b7cec7395b679edc4\"},\"headline\":\"Quand sont les prochains Jeux olympiques?\",\"datePublished\":\"2025-03-07T10:17:48+00:00\",\"dateModified\":\"2025-03-07T10:17:48+00:00\",\"mainEntityOfPage\":{\"@id\":\"https:\/\/vieassociative.be\/actualites\/quand-sont-les-prochains-jeux-olympiques\/\"},\"wordCount\":738,\"publisher\":{\"@id\":\"https:\/\/vieassociative.be\/actualites\/#organization\"},\"image\":{\"@id\":\"https:\/\/vieassociative.be\/actualites\/quand-sont-les-prochains-jeux-olympiques\/#primaryimage\"},\"thumbnailUrl\":\"https:\/\/vieassociative.be\/actualites\/wp-content\/uploads\/2025\/03\/Quand-sont-les-prochains-Jeux-olympiques.png\",\"keywords\":[\"jeux\",\"Les\",\"olympiques\",\"prochains\",\"Quand\",\"sont\"],\"articleSection\":[\"Divertissement\"],\"inLanguage\":\"fr-BE\"},{\"@type\":\"WebPage\",\"@id\":\"https:\/\/vieassociative.be\/actualites\/quand-sont-les-prochains-jeux-olympiques\/\",\"url\":\"https:\/\/vieassociative.be\/actualites\/quand-sont-les-prochains-jeux-olympiques\/\",\"name\":\"Quand sont les prochains Jeux olympiques? | Vie Associative\",\"isPartOf\":{\"@id\":\"https:\/\/vieassociative.be\/actualites\/#website\"},\"primaryImageOfPage\":{\"@id\":\"https:\/\/vieassociative.be\/actualites\/quand-sont-les-prochains-jeux-olympiques\/#primaryimage\"},\"image\":{\"@id\":\"https:\/\/vieassociative.be\/actualites\/quand-sont-les-prochains-jeux-olympiques\/#primaryimage\"},\"thumbnailUrl\":\"https:\/\/vieassociative.be\/actualites\/wp-content\/uploads\/2025\/03\/Quand-sont-les-prochains-Jeux-olympiques.png\",\"datePublished\":\"2025-03-07T10:17:48+00:00\",\"dateModified\":\"2025-03-07T10:17:48+00:00\",\"breadcrumb\":{\"@id\":\"https:\/\/vieassociative.be\/actualites\/quand-sont-les-prochains-jeux-olympiques\/#breadcrumb\"},\"inLanguage\":\"fr-BE\",\"potentialAction\":[{\"@type\":\"ReadAction\",\"target\":[\"https:\/\/vieassociative.be\/actualites\/quand-sont-les-prochains-jeux-olympiques\/\"]}]},{\"@type\":\"ImageObject\",\"inLanguage\":\"fr-BE\",\"@id\":\"https:\/\/vieassociative.be\/actualites\/quand-sont-les-prochains-jeux-olympiques\/#primaryimage\",\"url\":\"https:\/\/vieassociative.be\/actualites\/wp-content\/uploads\/2025\/03\/Quand-sont-les-prochains-Jeux-olympiques.png\",\"contentUrl\":\"https:\/\/vieassociative.be\/actualites\/wp-content\/uploads\/2025\/03\/Quand-sont-les-prochains-Jeux-olympiques.png\",\"width\":1200,\"height\":675,\"caption\":\"Quand sont les prochains Jeux olympiques?\"},{\"@type\":\"BreadcrumbList\",\"@id\":\"https:\/\/vieassociative.be\/actualites\/quand-sont-les-prochains-jeux-olympiques\/#breadcrumb\",\"itemListElement\":[{\"@type\":\"ListItem\",\"position\":1,\"name\":\"Accueil\",\"item\":\"https:\/\/vieassociative.be\/actualites\/\"},{\"@type\":\"ListItem\",\"position\":2,\"name\":\"Quand sont les prochains Jeux olympiques?\"}]},{\"@type\":\"WebSite\",\"@id\":\"https:\/\/vieassociative.be\/actualites\/#website\",\"url\":\"https:\/\/vieassociative.be\/actualites\/\",\"name\":\"Vie Associative\",\"description\":\"\",\"publisher\":{\"@id\":\"https:\/\/vieassociative.be\/actualites\/#organization\"},\"potentialAction\":[{\"@type\":\"SearchAction\",\"target\":{\"@type\":\"EntryPoint\",\"urlTemplate\":\"https:\/\/vieassociative.be\/actualites\/?s={search_term_string}\"},\"query-input\":{\"@type\":\"PropertyValueSpecification\",\"valueRequired\":true,\"valueName\":\"search_term_string\"}}],\"inLanguage\":\"fr-BE\"},{\"@type\":\"Organization\",\"@id\":\"https:\/\/vieassociative.be\/actualites\/#organization\",\"name\":\"Vie Associative\",\"url\":\"https:\/\/vieassociative.be\/actualites\/\",\"logo\":{\"@type\":\"ImageObject\",\"inLanguage\":\"fr-BE\",\"@id\":\"https:\/\/vieassociative.be\/actualites\/#\/schema\/logo\/image\/\",\"url\":\"https:\/\/vieassociative.be\/actualites\/wp-content\/uploads\/2024\/09\/cropped-vieassociative_favicon.ico.png\",\"contentUrl\":\"https:\/\/vieassociative.be\/actualites\/wp-content\/uploads\/2024\/09\/cropped-vieassociative_favicon.ico.png\",\"width\":512,\"height\":512,\"caption\":\"Vie Associative\"},\"image\":{\"@id\":\"https:\/\/vieassociative.be\/actualites\/#\/schema\/logo\/image\/\"}},{\"@type\":\"Person\",\"@id\":\"https:\/\/vieassociative.be\/actualites\/#\/schema\/person\/b87ac4f82f9d4e7b7cec7395b679edc4\",\"name\":\"Julien\",\"image\":{\"@type\":\"ImageObject\",\"inLanguage\":\"fr-BE\",\"@id\":\"https:\/\/vieassociative.be\/actualites\/#\/schema\/person\/image\/\",\"url\":\"https:\/\/vieassociative.be\/actualites\/wp-content\/uploads\/2024\/09\/vie-associative-1-150x150.jpg\",\"contentUrl\":\"https:\/\/vieassociative.be\/actualites\/wp-content\/uploads\/2024\/09\/vie-associative-1-150x150.jpg\",\"caption\":\"Julien\"},\"description\":\"Je suis Julien, r\u00e9dacteur pour Vie Associative. Passionn\u00e9 par le monde associatif depuis plus de 10 ans, j'ai \u00e0 c\u0153ur de partager des histoires inspirantes et de mettre en lumi\u00e8re les initiatives locales. Mon objectif est de sensibiliser et d'encourager l'engagement communautaire \u00e0 travers mes articles.\",\"sameAs\":[\"https:\/\/vieassociative.be\/\"]}]}<\/script>\n<!-- \/ Yoast SEO plugin. -->","yoast_head_json":{"title":"Quand sont les prochains Jeux olympiques? | Vie Associative","robots":{"index":"index","follow":"follow","max-snippet":"max-snippet:-1","max-image-preview":"max-image-preview:large","max-video-preview":"max-video-preview:-1"},"canonical":"https:\/\/vieassociative.be\/actualites\/quand-sont-les-prochains-jeux-olympiques\/","og_locale":"fr_FR","og_type":"article","og_title":"Quand sont les prochains Jeux olympiques? | Vie Associative","og_description":"Les Jeux olympiques de Paris me manquent d\u00e9j\u00e0, mais je regarde Milan et Los Angeles. Le triomphe, le chagrin et les baguettes des Jeux de","og_url":"https:\/\/vieassociative.be\/actualites\/quand-sont-les-prochains-jeux-olympiques\/","og_site_name":"Vie Associative","article_published_time":"2025-03-07T10:17:48+00:00","og_image":[{"width":279,"height":92,"url":"https:\/\/vieassociative.be\/actualites\/wp-content\/uploads\/2024\/09\/header_backgroundk-01-e1726694325946.png","type":"image\/png"}],"author":"Julien","twitter_card":"summary_large_image","twitter_misc":{"\u00c9crit par":"Julien","Dur\u00e9e de lecture est.":"3 minutes"},"schema":{"@context":"https:\/\/schema.org","@graph":[{"@type":"Article","@id":"https:\/\/vieassociative.be\/actualites\/quand-sont-les-prochains-jeux-olympiques\/#article","isPartOf":{"@id":"https:\/\/vieassociative.be\/actualites\/quand-sont-les-prochains-jeux-olympiques\/"},"author":{"name":"Julien","@id":"https:\/\/vieassociative.be\/actualites\/#\/schema\/person\/b87ac4f82f9d4e7b7cec7395b679edc4"},"headline":"Quand sont les prochains Jeux olympiques?","datePublished":"2025-03-07T10:17:48+00:00","dateModified":"2025-03-07T10:17:48+00:00","mainEntityOfPage":{"@id":"https:\/\/vieassociative.be\/actualites\/quand-sont-les-prochains-jeux-olympiques\/"},"wordCount":738,"publisher":{"@id":"https:\/\/vieassociative.be\/actualites\/#organization"},"image":{"@id":"https:\/\/vieassociative.be\/actualites\/quand-sont-les-prochains-jeux-olympiques\/#primaryimage"},"thumbnailUrl":"https:\/\/vieassociative.be\/actualites\/wp-content\/uploads\/2025\/03\/Quand-sont-les-prochains-Jeux-olympiques.png","keywords":["jeux","Les","olympiques","prochains","Quand","sont"],"articleSection":["Divertissement"],"inLanguage":"fr-BE"},{"@type":"WebPage","@id":"https:\/\/vieassociative.be\/actualites\/quand-sont-les-prochains-jeux-olympiques\/","url":"https:\/\/vieassociative.be\/actualites\/quand-sont-les-prochains-jeux-olympiques\/","name":"Quand sont les prochains Jeux olympiques? | Vie Associative","isPartOf":{"@id":"https:\/\/vieassociative.be\/actualites\/#website"},"primaryImageOfPage":{"@id":"https:\/\/vieassociative.be\/actualites\/quand-sont-les-prochains-jeux-olympiques\/#primaryimage"},"image":{"@id":"https:\/\/vieassociative.be\/actualites\/quand-sont-les-prochains-jeux-olympiques\/#primaryimage"},"thumbnailUrl":"https:\/\/vieassociative.be\/actualites\/wp-content\/uploads\/2025\/03\/Quand-sont-les-prochains-Jeux-olympiques.png","datePublished":"2025-03-07T10:17:48+00:00","dateModified":"2025-03-07T10:17:48+00:00","breadcrumb":{"@id":"https:\/\/vieassociative.be\/actualites\/quand-sont-les-prochains-jeux-olympiques\/#breadcrumb"},"inLanguage":"fr-BE","potentialAction":[{"@type":"ReadAction","target":["https:\/\/vieassociative.be\/actualites\/quand-sont-les-prochains-jeux-olympiques\/"]}]},{"@type":"ImageObject","inLanguage":"fr-BE","@id":"https:\/\/vieassociative.be\/actualites\/quand-sont-les-prochains-jeux-olympiques\/#primaryimage","url":"https:\/\/vieassociative.be\/actualites\/wp-content\/uploads\/2025\/03\/Quand-sont-les-prochains-Jeux-olympiques.png","contentUrl":"https:\/\/vieassociative.be\/actualites\/wp-content\/uploads\/2025\/03\/Quand-sont-les-prochains-Jeux-olympiques.png","width":1200,"height":675,"caption":"Quand sont les prochains Jeux olympiques?"},{"@type":"BreadcrumbList","@id":"https:\/\/vieassociative.be\/actualites\/quand-sont-les-prochains-jeux-olympiques\/#breadcrumb","itemListElement":[{"@type":"ListItem","position":1,"name":"Accueil","item":"https:\/\/vieassociative.be\/actualites\/"},{"@type":"ListItem","position":2,"name":"Quand sont les prochains Jeux olympiques?"}]},{"@type":"WebSite","@id":"https:\/\/vieassociative.be\/actualites\/#website","url":"https:\/\/vieassociative.be\/actualites\/","name":"Vie Associative","description":"","publisher":{"@id":"https:\/\/vieassociative.be\/actualites\/#organization"},"potentialAction":[{"@type":"SearchAction","target":{"@type":"EntryPoint","urlTemplate":"https:\/\/vieassociative.be\/actualites\/?s={search_term_string}"},"query-input":{"@type":"PropertyValueSpecification","valueRequired":true,"valueName":"search_term_string"}}],"inLanguage":"fr-BE"},{"@type":"Organization","@id":"https:\/\/vieassociative.be\/actualites\/#organization","name":"Vie Associative","url":"https:\/\/vieassociative.be\/actualites\/","logo":{"@type":"ImageObject","inLanguage":"fr-BE","@id":"https:\/\/vieassociative.be\/actualites\/#\/schema\/logo\/image\/","url":"https:\/\/vieassociative.be\/actualites\/wp-content\/uploads\/2024\/09\/cropped-vieassociative_favicon.ico.png","contentUrl":"https:\/\/vieassociative.be\/actualites\/wp-content\/uploads\/2024\/09\/cropped-vieassociative_favicon.ico.png","width":512,"height":512,"caption":"Vie Associative"},"image":{"@id":"https:\/\/vieassociative.be\/actualites\/#\/schema\/logo\/image\/"}},{"@type":"Person","@id":"https:\/\/vieassociative.be\/actualites\/#\/schema\/person\/b87ac4f82f9d4e7b7cec7395b679edc4","name":"Julien","image":{"@type":"ImageObject","inLanguage":"fr-BE","@id":"https:\/\/vieassociative.be\/actualites\/#\/schema\/person\/image\/","url":"https:\/\/vieassociative.be\/actualites\/wp-content\/uploads\/2024\/09\/vie-associative-1-150x150.jpg","contentUrl":"https:\/\/vieassociative.be\/actualites\/wp-content\/uploads\/2024\/09\/vie-associative-1-150x150.jpg","caption":"Julien"},"description":"Je suis Julien, r\u00e9dacteur pour Vie Associative. Passionn\u00e9 par le monde associatif depuis plus de 10 ans, j'ai \u00e0 c\u0153ur de partager des histoires inspirantes et de mettre en lumi\u00e8re les initiatives locales. Mon objectif est de sensibiliser et d'encourager l'engagement communautaire \u00e0 travers mes articles.","sameAs":["https:\/\/vieassociative.be\/"]}]}},"_links":{"self":[{"href":"https:\/\/vieassociative.be\/actualites\/wp-json\/wp\/v2\/posts\/5686"}],"collection":[{"href":"https:\/\/vieassociative.be\/actualites\/wp-json\/wp\/v2\/posts"}],"about":[{"href":"https:\/\/vieassociative.be\/actualites\/wp-json\/wp\/v2\/types\/post"}],"author":[{"embeddable":true,"href":"https:\/\/vieassociative.be\/actualites\/wp-json\/wp\/v2\/users\/1"}],"replies":[{"embeddable":true,"href":"https:\/\/vieassociative.be\/actualites\/wp-json\/wp\/v2\/comments?post=5686"}],"version-history":[{"count":0,"href":"https:\/\/vieassociative.be\/actualites\/wp-json\/wp\/v2\/posts\/5686\/revisions"}],"wp:featuredmedia":[{"embeddable":true,"href":"https:\/\/vieassociative.be\/actualites\/wp-json\/wp\/v2\/media\/5687"}],"wp:attachment":[{"href":"https:\/\/vieassociative.be\/actualites\/wp-json\/wp\/v2\/media?parent=5686"}],"wp:term":[{"taxonomy":"category","embeddable":true,"href":"https:\/\/vieassociative.be\/actualites\/wp-json\/wp\/v2\/categories?post=5686"},{"taxonomy":"post_tag","embeddable":true,"href":"https:\/\/vieassociative.be\/actualites\/wp-json\/wp\/v2\/tags?post=5686"}],"curies":[{"name":"wp","href":"https:\/\/api.w.org\/{rel}","templated":true}]}}