{"id":5684,"date":"2025-03-07T08:17:19","date_gmt":"2025-03-07T07:17:19","guid":{"rendered":"https:\/\/vieassociative.be\/actualites\/les-resumes-alimentes-par-lia-arrivent-egalement-a-lapp-store\/"},"modified":"2025-03-07T08:17:19","modified_gmt":"2025-03-07T07:17:19","slug":"les-resumes-alimentes-par-lia-arrivent-egalement-a-lapp-store","status":"publish","type":"post","link":"https:\/\/vieassociative.be\/actualites\/les-resumes-alimentes-par-lia-arrivent-egalement-a-lapp-store\/","title":{"rendered":"Les r\u00e9sum\u00e9s aliment\u00e9s par l&rsquo;IA arrivent \u00e9galement \u00e0 l&rsquo;App Store"},"content":{"rendered":"<div class=\"mt-4 leading-6 md:mb-8\">Plus de r\u00e9sum\u00e9s d&rsquo;IA! Hourra!<\/div>\n<p><\/p>\n<p>Il y a pr\u00e8s de deux millions d&rsquo;applications sur l&rsquo;App Store iOS, et beaucoup d&rsquo;entre elles ne valent pas votre temps. C&rsquo;est pourquoi beaucoup d&rsquo;entre nous, lorsque nous envisageons une nouvelle application, se tournent vers les critiques: vous voulez voir \u00e0 quoi ressemblaient les exp\u00e9riences des autres utilisateurs avec l&rsquo;application &#8211; qu&rsquo;ils aimaient, l&rsquo;aimaient ou le d\u00e9testent. <\/p>\n<p>Personnellement, le syst\u00e8me d&rsquo;examen actuel fonctionne bien pour moi. Je scanne quelques critiques et j&rsquo;ai g\u00e9n\u00e9ralement une id\u00e9e de la question de savoir si l&rsquo;application me convient. Si je me sens particuli\u00e8rement analytique, je vais m\u00eame ajuster les filtres, peut-\u00eatre pour voir quelles avis sont les plus critiques (donc ce n&rsquo;est pas seulement un tas de peluches) ou ceux qui sont les plus r\u00e9cents, pour voir ce que les clients pensaient de la derni\u00e8re version de l&rsquo;application. <\/p>\n<p>Mais c&rsquo;est 2025, ce qui signifie une chose: AI. Nous ne pouvons pas continuer \u00e0 vivre dans le pass\u00e9. Nous devons embrasser l&rsquo;avenir de l&rsquo;intelligence artificielle, alors dites les entreprises technologiques. Pourquoi 30 secondes de num\u00e9risation, alors que l&rsquo;IA peut r\u00e9duire ce travail \u00e0 20 secondes? Peut-\u00eatre m\u00eame 15?<\/p>\n<h2 id=\"apples-ai-app-store-review-summaries\">R\u00e9sum\u00e9 des r\u00e9sum\u00e9s de la r\u00e9vision de l&rsquo;App Store Apple&rsquo;s AI<\/h2>\n<p>Avec iOS 18.4, actuellement en version b\u00eata, Apple teste des r\u00e9sum\u00e9s g\u00e9n\u00e9r\u00e9s par l&rsquo;IA pour les avis dans l&rsquo;App Store. Selon Apple, ces r\u00e9sum\u00e9s retirent des \u00ab\u00a0points forts et des informations cl\u00e9s\u00a0\u00bb des avis sur les applications et les jeux et sont mis \u00e0 jour au moins une fois par semaine, si l&rsquo;application ou le jeu a suffisamment de critiques pour le prendre en charge. Ces r\u00e9sum\u00e9s appara\u00eetront directement sous la notation de l&rsquo;application ou du jeu, sous le \u00abR\u00e9sum\u00e9 des critiques\u00bb.<\/p>\n<p>Apple affirme que les r\u00e9sum\u00e9s de r\u00e9vision ne sont actuellement disponibles en anglais que pour un \u00ab\u00a0nombre limit\u00e9 d&rsquo;applications et de jeux\u00a0\u00bb aux \u00c9tats-Unis. L&rsquo;entreprise pr\u00e9voit d&rsquo;\u00e9tendre la fonctionnalit\u00e9 \u00e0 plus de pays et de langues au cours de l&rsquo;ann\u00e9e.<\/p>\n<p>Voici la chose \u00e0 propos des fonctionnalit\u00e9s comme celle-ci: ils sont largement ignorables. Si vous les aimez, super! Vous pouvez jeter un coup d&rsquo;\u0153il au r\u00e9sum\u00e9 g\u00e9n\u00e9r\u00e9 par l&rsquo;AI et d\u00e9cider par vous-m\u00eame si vous souhaitez lire les avis davantage. Si vous ne les aimez pas, aussi g\u00e9nial! Faites d\u00e9filer le pass\u00e9 vers les critiques.<\/p>\n<p>Cette derni\u00e8re approche est probablement celle que je prendrais. D&rsquo;une part, je ne fais pas confiance \u00e0 l&rsquo;IA pour obtenir l&rsquo;essentiel correct, m\u00eame si la situation est relativement bas. Mais, comme je l&rsquo;ai fait allusion plus t\u00f4t, je ne pense pas non plus que \u00e7a sauve <em>que<\/em> Beaucoup de temps pour lire un r\u00e9sum\u00e9 de l&rsquo;IA par rapport \u00e0 la num\u00e9risation des critiques vous-m\u00eame. Vous pourriez m\u00eame manquer des id\u00e9es int\u00e9ressantes que la pens\u00e9e de l&rsquo;IA n&rsquo;\u00e9tait pas assez importante pour faire la critique, ou voir des nuances qui ont pass\u00e9 en revue l&rsquo;IA, euh, \u00ab\u00a0t\u00eate\u00a0\u00bb. <\/p>\n<p>Apple est loin d&rsquo;\u00eatre la seule entreprise \u00e0 r\u00e9sumer les avis avec l&rsquo;IA. Google, Amazon, m\u00eame Newegg a tous essay\u00e9 cette pratique, donc ce n&rsquo;est pas comme si Apple brisait le moule ici. Mais cela me frotte l\u00e9g\u00e8rement dans le mauvais sens &#8211; si nous commen\u00e7ons \u00e0 compter sur l&rsquo;IA pour r\u00e9sumer du contenu comme celui-ci, pour qui est le contenu original pour r\u00e9diger? Des centaines, sinon des milliers de personnes r\u00e9digent des critiques de leur exp\u00e9rience, mais si vous ne lisez que le r\u00e9sum\u00e9, ces gens sont <em>vraiment<\/em> \u00c9crire leurs critiques pour l&rsquo;IA &#8211; pas d&rsquo;autres \u00eatres humains.<\/p>\n<p>iOS 18.4 devrait sortir en avril. Vous pouvez d\u00e9couvrir ces r\u00e9sum\u00e9s maintenant si vous installez la version b\u00eata, mais si vous pr\u00e9f\u00e9rez ne pas risquer d&rsquo;ex\u00e9cuter un logiciel capricieux sur votre iPhone, vous pouvez simplement attendre le mois prochain.  <\/p>\n","protected":false},"excerpt":{"rendered":"<p>Plus de r\u00e9sum\u00e9s d&rsquo;IA! Hourra! Il y a pr\u00e8s de deux millions d&rsquo;applications sur l&rsquo;App Store iOS, et beaucoup d&rsquo;entre elles ne valent pas votre<\/p>\n","protected":false},"author":1,"featured_media":5685,"comment_status":"","ping_status":"","sticky":false,"template":"","format":"standard","meta":{"footnotes":""},"categories":[13],"tags":[5699,32,172,5191,14,155,676,1759,5192],"class_list":["post-5684","post","type-post","status-publish","format-standard","has-post-thumbnail","hentry","category-technologie","tag-alimentes","tag-arrivent","tag-egalement","tag-lapp","tag-les","tag-lia","tag-par","tag-resumes","tag-store","generate-columns","tablet-grid-50","mobile-grid-100","grid-parent","grid-33"],"yoast_head":"<!-- This site is optimized with the Yoast SEO plugin v24.0 - https:\/\/yoast.com\/wordpress\/plugins\/seo\/ -->\n<title>Les r\u00e9sum\u00e9s aliment\u00e9s par l&#039;IA arrivent \u00e9galement \u00e0 l&#039;App Store | Vie Associative<\/title>\n<meta name=\"robots\" content=\"index, follow, max-snippet:-1, max-image-preview:large, max-video-preview:-1\" \/>\n<link rel=\"canonical\" href=\"https:\/\/vieassociative.be\/actualites\/les-resumes-alimentes-par-lia-arrivent-egalement-a-lapp-store\/\" \/>\n<meta property=\"og:locale\" content=\"fr_FR\" \/>\n<meta property=\"og:type\" content=\"article\" \/>\n<meta property=\"og:title\" content=\"Les r\u00e9sum\u00e9s aliment\u00e9s par l&#039;IA arrivent \u00e9galement \u00e0 l&#039;App Store | Vie Associative\" \/>\n<meta property=\"og:description\" content=\"Plus de r\u00e9sum\u00e9s d&rsquo;IA! Hourra! Il y a pr\u00e8s de deux millions d&rsquo;applications sur l&rsquo;App Store iOS, et beaucoup d&rsquo;entre elles ne valent pas votre\" \/>\n<meta property=\"og:url\" content=\"https:\/\/vieassociative.be\/actualites\/les-resumes-alimentes-par-lia-arrivent-egalement-a-lapp-store\/\" \/>\n<meta property=\"og:site_name\" content=\"Vie Associative\" \/>\n<meta property=\"article:published_time\" content=\"2025-03-07T07:17:19+00:00\" \/>\n<meta property=\"og:image\" content=\"https:\/\/vieassociative.be\/actualites\/wp-content\/uploads\/2024\/09\/header_backgroundk-01-e1726694325946.png\" \/>\n\t<meta property=\"og:image:width\" content=\"279\" \/>\n\t<meta property=\"og:image:height\" content=\"92\" \/>\n\t<meta property=\"og:image:type\" content=\"image\/png\" \/>\n<meta name=\"author\" content=\"Julien\" \/>\n<meta name=\"twitter:card\" content=\"summary_large_image\" \/>\n<meta name=\"twitter:label1\" content=\"\u00c9crit par\" \/>\n\t<meta name=\"twitter:data1\" content=\"Julien\" \/>\n\t<meta name=\"twitter:label2\" content=\"Dur\u00e9e de lecture est.\" \/>\n\t<meta name=\"twitter:data2\" content=\"3 minutes\" \/>\n<script type=\"application\/ld+json\" class=\"yoast-schema-graph\">{\"@context\":\"https:\/\/schema.org\",\"@graph\":[{\"@type\":\"Article\",\"@id\":\"https:\/\/vieassociative.be\/actualites\/les-resumes-alimentes-par-lia-arrivent-egalement-a-lapp-store\/#article\",\"isPartOf\":{\"@id\":\"https:\/\/vieassociative.be\/actualites\/les-resumes-alimentes-par-lia-arrivent-egalement-a-lapp-store\/\"},\"author\":{\"name\":\"Julien\",\"@id\":\"https:\/\/vieassociative.be\/actualites\/#\/schema\/person\/b87ac4f82f9d4e7b7cec7395b679edc4\"},\"headline\":\"Les r\u00e9sum\u00e9s aliment\u00e9s par l&rsquo;IA arrivent \u00e9galement \u00e0 l&rsquo;App Store\",\"datePublished\":\"2025-03-07T07:17:19+00:00\",\"dateModified\":\"2025-03-07T07:17:19+00:00\",\"mainEntityOfPage\":{\"@id\":\"https:\/\/vieassociative.be\/actualites\/les-resumes-alimentes-par-lia-arrivent-egalement-a-lapp-store\/\"},\"wordCount\":729,\"publisher\":{\"@id\":\"https:\/\/vieassociative.be\/actualites\/#organization\"},\"image\":{\"@id\":\"https:\/\/vieassociative.be\/actualites\/les-resumes-alimentes-par-lia-arrivent-egalement-a-lapp-store\/#primaryimage\"},\"thumbnailUrl\":\"https:\/\/vieassociative.be\/actualites\/wp-content\/uploads\/2025\/03\/Les-resumes-alimentes-par-lIA-arrivent-egalement-a-lApp-Store.png\",\"keywords\":[\"aliment\u00e9s\",\"arrivent\",\"\u00e9galement\",\"lApp\",\"Les\",\"lIA\",\"par\",\"r\u00e9sum\u00e9s\",\"Store\"],\"articleSection\":[\"Technologie\"],\"inLanguage\":\"fr-BE\"},{\"@type\":\"WebPage\",\"@id\":\"https:\/\/vieassociative.be\/actualites\/les-resumes-alimentes-par-lia-arrivent-egalement-a-lapp-store\/\",\"url\":\"https:\/\/vieassociative.be\/actualites\/les-resumes-alimentes-par-lia-arrivent-egalement-a-lapp-store\/\",\"name\":\"Les r\u00e9sum\u00e9s aliment\u00e9s par l'IA arrivent \u00e9galement \u00e0 l'App Store | Vie Associative\",\"isPartOf\":{\"@id\":\"https:\/\/vieassociative.be\/actualites\/#website\"},\"primaryImageOfPage\":{\"@id\":\"https:\/\/vieassociative.be\/actualites\/les-resumes-alimentes-par-lia-arrivent-egalement-a-lapp-store\/#primaryimage\"},\"image\":{\"@id\":\"https:\/\/vieassociative.be\/actualites\/les-resumes-alimentes-par-lia-arrivent-egalement-a-lapp-store\/#primaryimage\"},\"thumbnailUrl\":\"https:\/\/vieassociative.be\/actualites\/wp-content\/uploads\/2025\/03\/Les-resumes-alimentes-par-lIA-arrivent-egalement-a-lApp-Store.png\",\"datePublished\":\"2025-03-07T07:17:19+00:00\",\"dateModified\":\"2025-03-07T07:17:19+00:00\",\"breadcrumb\":{\"@id\":\"https:\/\/vieassociative.be\/actualites\/les-resumes-alimentes-par-lia-arrivent-egalement-a-lapp-store\/#breadcrumb\"},\"inLanguage\":\"fr-BE\",\"potentialAction\":[{\"@type\":\"ReadAction\",\"target\":[\"https:\/\/vieassociative.be\/actualites\/les-resumes-alimentes-par-lia-arrivent-egalement-a-lapp-store\/\"]}]},{\"@type\":\"ImageObject\",\"inLanguage\":\"fr-BE\",\"@id\":\"https:\/\/vieassociative.be\/actualites\/les-resumes-alimentes-par-lia-arrivent-egalement-a-lapp-store\/#primaryimage\",\"url\":\"https:\/\/vieassociative.be\/actualites\/wp-content\/uploads\/2025\/03\/Les-resumes-alimentes-par-lIA-arrivent-egalement-a-lApp-Store.png\",\"contentUrl\":\"https:\/\/vieassociative.be\/actualites\/wp-content\/uploads\/2025\/03\/Les-resumes-alimentes-par-lIA-arrivent-egalement-a-lApp-Store.png\",\"width\":1200,\"height\":675,\"caption\":\"Les r\u00e9sum\u00e9s aliment\u00e9s par l'IA arrivent \u00e9galement \u00e0 l'App Store\"},{\"@type\":\"BreadcrumbList\",\"@id\":\"https:\/\/vieassociative.be\/actualites\/les-resumes-alimentes-par-lia-arrivent-egalement-a-lapp-store\/#breadcrumb\",\"itemListElement\":[{\"@type\":\"ListItem\",\"position\":1,\"name\":\"Accueil\",\"item\":\"https:\/\/vieassociative.be\/actualites\/\"},{\"@type\":\"ListItem\",\"position\":2,\"name\":\"Les r\u00e9sum\u00e9s aliment\u00e9s par l&rsquo;IA arrivent \u00e9galement \u00e0 l&rsquo;App Store\"}]},{\"@type\":\"WebSite\",\"@id\":\"https:\/\/vieassociative.be\/actualites\/#website\",\"url\":\"https:\/\/vieassociative.be\/actualites\/\",\"name\":\"Vie Associative\",\"description\":\"\",\"publisher\":{\"@id\":\"https:\/\/vieassociative.be\/actualites\/#organization\"},\"potentialAction\":[{\"@type\":\"SearchAction\",\"target\":{\"@type\":\"EntryPoint\",\"urlTemplate\":\"https:\/\/vieassociative.be\/actualites\/?s={search_term_string}\"},\"query-input\":{\"@type\":\"PropertyValueSpecification\",\"valueRequired\":true,\"valueName\":\"search_term_string\"}}],\"inLanguage\":\"fr-BE\"},{\"@type\":\"Organization\",\"@id\":\"https:\/\/vieassociative.be\/actualites\/#organization\",\"name\":\"Vie Associative\",\"url\":\"https:\/\/vieassociative.be\/actualites\/\",\"logo\":{\"@type\":\"ImageObject\",\"inLanguage\":\"fr-BE\",\"@id\":\"https:\/\/vieassociative.be\/actualites\/#\/schema\/logo\/image\/\",\"url\":\"https:\/\/vieassociative.be\/actualites\/wp-content\/uploads\/2024\/09\/cropped-vieassociative_favicon.ico.png\",\"contentUrl\":\"https:\/\/vieassociative.be\/actualites\/wp-content\/uploads\/2024\/09\/cropped-vieassociative_favicon.ico.png\",\"width\":512,\"height\":512,\"caption\":\"Vie Associative\"},\"image\":{\"@id\":\"https:\/\/vieassociative.be\/actualites\/#\/schema\/logo\/image\/\"}},{\"@type\":\"Person\",\"@id\":\"https:\/\/vieassociative.be\/actualites\/#\/schema\/person\/b87ac4f82f9d4e7b7cec7395b679edc4\",\"name\":\"Julien\",\"image\":{\"@type\":\"ImageObject\",\"inLanguage\":\"fr-BE\",\"@id\":\"https:\/\/vieassociative.be\/actualites\/#\/schema\/person\/image\/\",\"url\":\"https:\/\/vieassociative.be\/actualites\/wp-content\/uploads\/2024\/09\/vie-associative-1-150x150.jpg\",\"contentUrl\":\"https:\/\/vieassociative.be\/actualites\/wp-content\/uploads\/2024\/09\/vie-associative-1-150x150.jpg\",\"caption\":\"Julien\"},\"description\":\"Je suis Julien, r\u00e9dacteur pour Vie Associative. Passionn\u00e9 par le monde associatif depuis plus de 10 ans, j'ai \u00e0 c\u0153ur de partager des histoires inspirantes et de mettre en lumi\u00e8re les initiatives locales. Mon objectif est de sensibiliser et d'encourager l'engagement communautaire \u00e0 travers mes articles.\",\"sameAs\":[\"https:\/\/vieassociative.be\/\"]}]}<\/script>\n<!-- \/ Yoast SEO plugin. -->","yoast_head_json":{"title":"Les r\u00e9sum\u00e9s aliment\u00e9s par l'IA arrivent \u00e9galement \u00e0 l'App Store | Vie Associative","robots":{"index":"index","follow":"follow","max-snippet":"max-snippet:-1","max-image-preview":"max-image-preview:large","max-video-preview":"max-video-preview:-1"},"canonical":"https:\/\/vieassociative.be\/actualites\/les-resumes-alimentes-par-lia-arrivent-egalement-a-lapp-store\/","og_locale":"fr_FR","og_type":"article","og_title":"Les r\u00e9sum\u00e9s aliment\u00e9s par l'IA arrivent \u00e9galement \u00e0 l'App Store | Vie Associative","og_description":"Plus de r\u00e9sum\u00e9s d&rsquo;IA! Hourra! Il y a pr\u00e8s de deux millions d&rsquo;applications sur l&rsquo;App Store iOS, et beaucoup d&rsquo;entre elles ne valent pas votre","og_url":"https:\/\/vieassociative.be\/actualites\/les-resumes-alimentes-par-lia-arrivent-egalement-a-lapp-store\/","og_site_name":"Vie Associative","article_published_time":"2025-03-07T07:17:19+00:00","og_image":[{"width":279,"height":92,"url":"https:\/\/vieassociative.be\/actualites\/wp-content\/uploads\/2024\/09\/header_backgroundk-01-e1726694325946.png","type":"image\/png"}],"author":"Julien","twitter_card":"summary_large_image","twitter_misc":{"\u00c9crit par":"Julien","Dur\u00e9e de lecture est.":"3 minutes"},"schema":{"@context":"https:\/\/schema.org","@graph":[{"@type":"Article","@id":"https:\/\/vieassociative.be\/actualites\/les-resumes-alimentes-par-lia-arrivent-egalement-a-lapp-store\/#article","isPartOf":{"@id":"https:\/\/vieassociative.be\/actualites\/les-resumes-alimentes-par-lia-arrivent-egalement-a-lapp-store\/"},"author":{"name":"Julien","@id":"https:\/\/vieassociative.be\/actualites\/#\/schema\/person\/b87ac4f82f9d4e7b7cec7395b679edc4"},"headline":"Les r\u00e9sum\u00e9s aliment\u00e9s par l&rsquo;IA arrivent \u00e9galement \u00e0 l&rsquo;App Store","datePublished":"2025-03-07T07:17:19+00:00","dateModified":"2025-03-07T07:17:19+00:00","mainEntityOfPage":{"@id":"https:\/\/vieassociative.be\/actualites\/les-resumes-alimentes-par-lia-arrivent-egalement-a-lapp-store\/"},"wordCount":729,"publisher":{"@id":"https:\/\/vieassociative.be\/actualites\/#organization"},"image":{"@id":"https:\/\/vieassociative.be\/actualites\/les-resumes-alimentes-par-lia-arrivent-egalement-a-lapp-store\/#primaryimage"},"thumbnailUrl":"https:\/\/vieassociative.be\/actualites\/wp-content\/uploads\/2025\/03\/Les-resumes-alimentes-par-lIA-arrivent-egalement-a-lApp-Store.png","keywords":["aliment\u00e9s","arrivent","\u00e9galement","lApp","Les","lIA","par","r\u00e9sum\u00e9s","Store"],"articleSection":["Technologie"],"inLanguage":"fr-BE"},{"@type":"WebPage","@id":"https:\/\/vieassociative.be\/actualites\/les-resumes-alimentes-par-lia-arrivent-egalement-a-lapp-store\/","url":"https:\/\/vieassociative.be\/actualites\/les-resumes-alimentes-par-lia-arrivent-egalement-a-lapp-store\/","name":"Les r\u00e9sum\u00e9s aliment\u00e9s par l'IA arrivent \u00e9galement \u00e0 l'App Store | Vie Associative","isPartOf":{"@id":"https:\/\/vieassociative.be\/actualites\/#website"},"primaryImageOfPage":{"@id":"https:\/\/vieassociative.be\/actualites\/les-resumes-alimentes-par-lia-arrivent-egalement-a-lapp-store\/#primaryimage"},"image":{"@id":"https:\/\/vieassociative.be\/actualites\/les-resumes-alimentes-par-lia-arrivent-egalement-a-lapp-store\/#primaryimage"},"thumbnailUrl":"https:\/\/vieassociative.be\/actualites\/wp-content\/uploads\/2025\/03\/Les-resumes-alimentes-par-lIA-arrivent-egalement-a-lApp-Store.png","datePublished":"2025-03-07T07:17:19+00:00","dateModified":"2025-03-07T07:17:19+00:00","breadcrumb":{"@id":"https:\/\/vieassociative.be\/actualites\/les-resumes-alimentes-par-lia-arrivent-egalement-a-lapp-store\/#breadcrumb"},"inLanguage":"fr-BE","potentialAction":[{"@type":"ReadAction","target":["https:\/\/vieassociative.be\/actualites\/les-resumes-alimentes-par-lia-arrivent-egalement-a-lapp-store\/"]}]},{"@type":"ImageObject","inLanguage":"fr-BE","@id":"https:\/\/vieassociative.be\/actualites\/les-resumes-alimentes-par-lia-arrivent-egalement-a-lapp-store\/#primaryimage","url":"https:\/\/vieassociative.be\/actualites\/wp-content\/uploads\/2025\/03\/Les-resumes-alimentes-par-lIA-arrivent-egalement-a-lApp-Store.png","contentUrl":"https:\/\/vieassociative.be\/actualites\/wp-content\/uploads\/2025\/03\/Les-resumes-alimentes-par-lIA-arrivent-egalement-a-lApp-Store.png","width":1200,"height":675,"caption":"Les r\u00e9sum\u00e9s aliment\u00e9s par l'IA arrivent \u00e9galement \u00e0 l'App Store"},{"@type":"BreadcrumbList","@id":"https:\/\/vieassociative.be\/actualites\/les-resumes-alimentes-par-lia-arrivent-egalement-a-lapp-store\/#breadcrumb","itemListElement":[{"@type":"ListItem","position":1,"name":"Accueil","item":"https:\/\/vieassociative.be\/actualites\/"},{"@type":"ListItem","position":2,"name":"Les r\u00e9sum\u00e9s aliment\u00e9s par l&rsquo;IA arrivent \u00e9galement \u00e0 l&rsquo;App Store"}]},{"@type":"WebSite","@id":"https:\/\/vieassociative.be\/actualites\/#website","url":"https:\/\/vieassociative.be\/actualites\/","name":"Vie Associative","description":"","publisher":{"@id":"https:\/\/vieassociative.be\/actualites\/#organization"},"potentialAction":[{"@type":"SearchAction","target":{"@type":"EntryPoint","urlTemplate":"https:\/\/vieassociative.be\/actualites\/?s={search_term_string}"},"query-input":{"@type":"PropertyValueSpecification","valueRequired":true,"valueName":"search_term_string"}}],"inLanguage":"fr-BE"},{"@type":"Organization","@id":"https:\/\/vieassociative.be\/actualites\/#organization","name":"Vie Associative","url":"https:\/\/vieassociative.be\/actualites\/","logo":{"@type":"ImageObject","inLanguage":"fr-BE","@id":"https:\/\/vieassociative.be\/actualites\/#\/schema\/logo\/image\/","url":"https:\/\/vieassociative.be\/actualites\/wp-content\/uploads\/2024\/09\/cropped-vieassociative_favicon.ico.png","contentUrl":"https:\/\/vieassociative.be\/actualites\/wp-content\/uploads\/2024\/09\/cropped-vieassociative_favicon.ico.png","width":512,"height":512,"caption":"Vie Associative"},"image":{"@id":"https:\/\/vieassociative.be\/actualites\/#\/schema\/logo\/image\/"}},{"@type":"Person","@id":"https:\/\/vieassociative.be\/actualites\/#\/schema\/person\/b87ac4f82f9d4e7b7cec7395b679edc4","name":"Julien","image":{"@type":"ImageObject","inLanguage":"fr-BE","@id":"https:\/\/vieassociative.be\/actualites\/#\/schema\/person\/image\/","url":"https:\/\/vieassociative.be\/actualites\/wp-content\/uploads\/2024\/09\/vie-associative-1-150x150.jpg","contentUrl":"https:\/\/vieassociative.be\/actualites\/wp-content\/uploads\/2024\/09\/vie-associative-1-150x150.jpg","caption":"Julien"},"description":"Je suis Julien, r\u00e9dacteur pour Vie Associative. Passionn\u00e9 par le monde associatif depuis plus de 10 ans, j'ai \u00e0 c\u0153ur de partager des histoires inspirantes et de mettre en lumi\u00e8re les initiatives locales. Mon objectif est de sensibiliser et d'encourager l'engagement communautaire \u00e0 travers mes articles.","sameAs":["https:\/\/vieassociative.be\/"]}]}},"_links":{"self":[{"href":"https:\/\/vieassociative.be\/actualites\/wp-json\/wp\/v2\/posts\/5684"}],"collection":[{"href":"https:\/\/vieassociative.be\/actualites\/wp-json\/wp\/v2\/posts"}],"about":[{"href":"https:\/\/vieassociative.be\/actualites\/wp-json\/wp\/v2\/types\/post"}],"author":[{"embeddable":true,"href":"https:\/\/vieassociative.be\/actualites\/wp-json\/wp\/v2\/users\/1"}],"replies":[{"embeddable":true,"href":"https:\/\/vieassociative.be\/actualites\/wp-json\/wp\/v2\/comments?post=5684"}],"version-history":[{"count":0,"href":"https:\/\/vieassociative.be\/actualites\/wp-json\/wp\/v2\/posts\/5684\/revisions"}],"wp:featuredmedia":[{"embeddable":true,"href":"https:\/\/vieassociative.be\/actualites\/wp-json\/wp\/v2\/media\/5685"}],"wp:attachment":[{"href":"https:\/\/vieassociative.be\/actualites\/wp-json\/wp\/v2\/media?parent=5684"}],"wp:term":[{"taxonomy":"category","embeddable":true,"href":"https:\/\/vieassociative.be\/actualites\/wp-json\/wp\/v2\/categories?post=5684"},{"taxonomy":"post_tag","embeddable":true,"href":"https:\/\/vieassociative.be\/actualites\/wp-json\/wp\/v2\/tags?post=5684"}],"curies":[{"name":"wp","href":"https:\/\/api.w.org\/{rel}","templated":true}]}}