{"id":5671,"date":"2025-03-06T21:16:58","date_gmt":"2025-03-06T20:16:58","guid":{"rendered":"https:\/\/vieassociative.be\/actualites\/leurope-lukraine-et-la-nouvelle-course-aux-armements\/"},"modified":"2025-03-06T21:16:58","modified_gmt":"2025-03-06T20:16:58","slug":"leurope-lukraine-et-la-nouvelle-course-aux-armements","status":"publish","type":"post","link":"https:\/\/vieassociative.be\/actualites\/leurope-lukraine-et-la-nouvelle-course-aux-armements\/","title":{"rendered":"L&rsquo;Europe, l&rsquo;Ukraine et la nouvelle course aux armements"},"content":{"rendered":"<p><strong>MISE \u00c0 JOUR &#8211; La politique \u00e9trang\u00e8re des \u00c9tats-Unis sous Trump m\u00e9lange l&rsquo;Europe. Lors d&rsquo;un sommet de crise, l&rsquo;UE conseille les cons\u00e9quences. Il s&rsquo;agit de milliards de montants, d&rsquo;armes et de strat\u00e9gie de porc-\u00e9pic.<\/strong><\/p>\n<p><span id=\"more-410692\"><\/span>Apr\u00e8s le scandale avec le pr\u00e9sident am\u00e9ricain Donald Trump \u00e0 la Maison Blanche, le pr\u00e9sident ukrainien Wolodymyr Selenskyj regarde en arri\u00e8re en Europe. La pr\u00e9sidente de la Commission de l&rsquo;UE, Ursula von der Leyen, l&rsquo;a assur\u00e9 de soutenir continu \u00e0 la \u00ab\u00a0lutte existentielle\u00a0\u00bb de l&rsquo;Ukraine pour sa souverainet\u00e9 et son int\u00e9grit\u00e9 territoriale au d\u00e9but du sommet de l&rsquo;UE \u00e0 Bruxelles.<\/p>\n<p>La r\u00e9union des 27 chefs d&rsquo;\u00c9tat et de gouvernement se pr\u00e9occupe principalement de la question de savoir comment l&rsquo;UE peut accro\u00eetre ses d\u00e9penses de d\u00e9fense afin de soutenir davantage l&rsquo;Ukraine et d&rsquo;am\u00e9liorer consid\u00e9rablement la capacit\u00e9 de d\u00e9fense europ\u00e9enne. Le temps exhorte que les \u00c9tats-Unis ont expos\u00e9 son aide aux armes pour le pays attaqu\u00e9 par la Russie et que les tranch\u00e9es entre Washington et Kiev sont devenues plus profondes.<\/p>\n<div id=\"attachment_410730\" class=\"wp-caption alignleft\" style=\"max-width: 300px\"><img fetchpriority=\"high\" decoding=\"async\" class=\"wp-image-410730 size-medium\" src=\"https:\/\/vieassociative.be\/actualites\/wp-content\/uploads\/2025\/03\/LEurope-lUkraine-et-la-nouvelle-course-aux-armements.jpg\" alt=\"\" width=\"300\" height=\"200\"><\/p>\n<p class=\"wp-caption-text\">06.03.2025, Belgique, Bruxelles: le Premier ministre polonais Donald Tusk parle aux repr\u00e9sentants des m\u00e9dias \u00e0 son arriv\u00e9e lors d&rsquo;un sommet de l&rsquo;UE dans la construction du Conseil europ\u00e9en \u00e0 Bruxelles. Photo: Harry Nakos \/ AP \/ DPA<\/p>\n<\/div>\n<p>Le Premier ministre polonais Donald Tusk a d\u00e9clar\u00e9 que l&rsquo;Europe devait accepter le d\u00e9fi des armes. \u00ab\u00a0L&rsquo;Europe dans son ensemble est en fait en mesure de gagner une confrontation avec la Russie &#8211; financi\u00e8rement, \u00e9conomiquement, militairement\u00a0\u00bb, a-t-il d\u00e9clar\u00e9. \u00ab\u00a0Nous sommes juste plus forts, nous devons juste commencer \u00e0 y croire, et aujourd&rsquo;hui cela arrive.\u00a0\u00bb<\/p>\n<p>Cependant, il \u00e9tait ouvert si l&rsquo;association d&rsquo;\u00c9tat r\u00e9ussit \u00e0 envoyer un signal conjoint apr\u00e8s les premi\u00e8res heures de sommet de l&rsquo;apr\u00e8s-midi. Cela est principalement d\u00fb \u00e0 un ami Trump dans le tour.<\/p>\n<p><strong>&#8211; Qu&rsquo;est-ce que le sommet?<\/strong><\/p>\n<p>Trump et son \u00e9quipe indiquent clairement depuis des semaines qu&rsquo;ils veulent forcer les n\u00e9gociations \u00e0 la fin de la guerre d&rsquo;attaque russe &#8211; cela co\u00fbte ce qu&rsquo;ils veulent. Jusqu&rsquo;\u00e0 pr\u00e9sent, cela a \u00e9t\u00e9 le cas que Trump a fait arr\u00eater d&rsquo;aide militaire aux \u00c9tats-Unis pour l&rsquo;Ukraine.<\/p>\n<p>Les Europ\u00e9ens doivent donc mettre \u00e0 niveau &#8211; et cela massivement et rapidement. Les services secrets supposent que la Russie devrait \u00eatre en mesure de commencer une nouvelle guerre au plus tard en 2030. Il ne peut en \u00eatre dissuad\u00e9 que si les pays de l&rsquo;UE \u00e9largissent consid\u00e9rablement leurs comp\u00e9tences militaires. \u00c0 l&rsquo;heure actuelle, de nombreuses forces arm\u00e9es sont dans un \u00e9tat assez m\u00e9diocre car les d\u00e9penses de d\u00e9fense ont \u00e9t\u00e9 abandonn\u00e9es dans les ann\u00e9es suivant la fin de la guerre froide.<\/p>\n<p>Les pays de l&rsquo;UE conviennent en grande partie que les d\u00e9penses de d\u00e9fense doivent \u00eatre consid\u00e9rablement augment\u00e9es. \u00ab\u00a0Am\u00e9liorer l&rsquo;Europe, d\u00e9penser en d\u00e9fense et dissuasion, d\u00e9penser, d\u00e9penser &#8211; c&rsquo;est le message le plus important\u00a0\u00bb, a d\u00e9clar\u00e9 le Premier ministre danois Mette Frederiksen \u00e0 son arriv\u00e9e \u00e0 la r\u00e9union.<\/p>\n<div id=\"attachment_410731\" class=\"wp-caption alignleft\" style=\"max-width: 300px\"><img decoding=\"async\" class=\"wp-image-410731 size-medium\" src=\"https:\/\/vieassociative.be\/actualites\/wp-content\/uploads\/2025\/03\/1741292218_457_LEurope-lUkraine-et-la-nouvelle-course-aux-armements.jpg\" alt=\"\" width=\"300\" height=\"200\"><\/p>\n<p class=\"wp-caption-text\">06.03.2025, Belgique, Bruxelles: le Premier ministre Hongrie Viktor Orban (L) parle au pr\u00e9sident du Conseil europ\u00e9en Antonio Costa lors d&rsquo;une table ronde lors d&rsquo;un sommet de l&rsquo;UE \u00e0 Bruxelles. Photo: Geert Vanden Wijngaert \/ AP \/ DPA<\/p>\n<\/div>\n<p>Pour de nombreux gouvernements, cependant, la question se pose de savoir o\u00f9 l&rsquo;argent devrait provenir, surtout, car l&rsquo;exigence d&rsquo;investissement suppl\u00e9mentaire de la Commission de l&rsquo;UE a r\u00e9cemment \u00e9t\u00e9 \u00e9valu\u00e9e \u00e0 un montant \u00e9lev\u00e9 de milliards de factures et des pays comme la France et l&rsquo;Italie sont d\u00e9j\u00e0 fortement redevables.<\/p>\n<p><strong>&#8211; Y a-t-il un plan?<\/strong><\/p>\n<p>La Commission de l&rsquo;UE responsable des propositions et des initiatives l\u00e9gislatives a cr\u00e9\u00e9 un plan appel\u00e9 \u00ab\u00a0Rearm Europe\u00a0\u00bb (comme la mise \u00e0 niveau de l&rsquo;Europe) et esp\u00e8re qu&rsquo;il recevra l&rsquo;approbation n\u00e9cessaire au sommet de l&rsquo;UE. Avec plusieurs mesures, un total de 800 milliards d&rsquo;euros pourraient \u00eatre mobilis\u00e9s, esp\u00e8re le pr\u00e9sident Ursula von Der Leyen.<\/p>\n<p>Selon l&rsquo;agence, il devrait y avoir un pr\u00eat de l&rsquo;UE jusqu&rsquo;\u00e0 150 milliards d&rsquo;euros, par exemple pour l&rsquo;achat de d\u00e9fense a\u00e9rienne et fus\u00e9e, de syst\u00e8mes d&rsquo;artillerie et de drones. Selon l&rsquo;autorit\u00e9, la Banque europ\u00e9enne d&rsquo;investissement (EIB) devrait \u00e9galement modifier ses r\u00e8gles de pr\u00eat de telle mani\u00e8re que les projets de purs Armaments peuvent \u00e9galement \u00eatre promus.<\/p>\n<p>La Commission sugg\u00e8re \u00e9galement que les \u00c9tats membres individuels peuvent utiliser une r\u00e8gle sp\u00e9ciale pour les r\u00e8gles de la dette de l&rsquo;UE pendant une p\u00e9riode de quatre ans dans les questions de d\u00e9fense. Cela pourrait faire de nouveaux pr\u00eats pour la mise \u00e0 niveau sans risquer une proc\u00e9dure de d\u00e9ficit de l&rsquo;UE<\/p>\n<p><strong>&#8211; Quelles difficult\u00e9s y a-t-il?<\/strong><\/p>\n<p>Il est difficile d&rsquo;affirmer un soutien de l&rsquo;UE \u00e0 l&rsquo;Ukraine que les d\u00e9cisions de grande envergure de la communaut\u00e9 des \u00c9tats doivent \u00eatre prises \u00e0 l&rsquo;unanimit\u00e9 et, en particulier, avec le Premier ministre Hongrie Viktor Orban, un politicien qui est enti\u00e8rement \u00e0 Trump.<\/p>\n<div id=\"attachment_410732\" class=\"wp-caption alignleft\" style=\"max-width: 300px\"><img decoding=\"async\" class=\"wp-image-410732 size-medium\" src=\"https:\/\/vieassociative.be\/actualites\/wp-content\/uploads\/2025\/03\/1741292218_947_LEurope-lUkraine-et-la-nouvelle-course-aux-armements.jpg\" alt=\"\" width=\"300\" height=\"200\"><\/p>\n<p class=\"wp-caption-text\">06.03.2025, Belgique, Bruxelles: le pr\u00e9sident ukrainien Wolodymyr Selenskyj (L), rencontre le pr\u00e9sident fran\u00e7ais Emmanuel Macron en marge du Conseil europ\u00e9en pour discuter du soutien ult\u00e9rieur \u00e0 l&rsquo;Ukraine et \u00e0 la d\u00e9fense europ\u00e9enne. Photo: Ludovic Marin \/ Pool AFP \/ AP \/ DPA<\/p>\n<\/div>\n<p>Orban a d\u00e9j\u00e0 annonc\u00e9 un blocage des d\u00e9cisions de soutien pour l&rsquo;Ukraine pour le sommet. Son homologue slovaque Robert Fico a \u00e9galement signal\u00e9 une r\u00e9sistance \u00e0 une d\u00e9claration de sommet conjointe en faveur de l&rsquo;Ukraine. Les deux soutiennent le cours de Trump dans le conflit ukrainien et maintiennent des relations \u00e9troites avec le pr\u00e9sident russe Vladimir Poutine.<\/p>\n<p><strong>&#8211; pourrait-il y avoir un autre soutien de l&rsquo;UE?<\/strong><\/p>\n<p>Entre autres choses, d&rsquo;autres engagements pour l&rsquo;aide militaire sont pr\u00e9vus, ce qui pourrait \u00e9galement \u00eatre donn\u00e9 sur une base volontaire en cas de veto de Hongrie. Tout d&rsquo;abord, il s&rsquo;agit du fait que l&rsquo;Ukraine n&rsquo;a pas \u00e0 entrer dans des conversations possibles avec la Russie dans une position de faiblesse &#8211; et elle est \u00e9galement pr\u00e9par\u00e9e \u00e0 la situation que Poutine ne veut pas vraiment n\u00e9gocier.<\/p>\n<p>En outre, dans l&rsquo;UE, il est conseill\u00e9 de savoir comment la Russie pourrait \u00eatre d\u00e9tenue apr\u00e8s un \u00e9ventuel cessez-le-feu d&rsquo;attaquer \u00e0 nouveau l&rsquo;Ukraine. En plus de la pr\u00e9sence internationale des troupes, qui est principalement consid\u00e9r\u00e9e par la France et la Grande-Bretagne, se trouve la strat\u00e9gie dite de porc-\u00e9pic (strat\u00e9gie de porc-\u00e9pic). Par exemple, cela signifierait fournir des syst\u00e8mes d&rsquo;armes ukrainiens avec lesquels il pourrait replier beaucoup plus en cas d&rsquo;agression nouvelle russe qu&rsquo;auparavant. Cela pourrait \u00e9galement inclure des avions allemands de marche Taurus, que le chancelier Scholz a toujours ni\u00e9 l&rsquo;Ukraine. (DPA)<\/p>\n","protected":false},"excerpt":{"rendered":"<p>MISE \u00c0 JOUR &#8211; La politique \u00e9trang\u00e8re des \u00c9tats-Unis sous Trump m\u00e9lange l&rsquo;Europe. Lors d&rsquo;un sommet de crise, l&rsquo;UE conseille les cons\u00e9quences. Il s&rsquo;agit de<\/p>\n","protected":false},"author":1,"featured_media":5672,"comment_status":"","ping_status":"","sticky":false,"template":"","format":"standard","meta":{"footnotes":""},"categories":[298],"tags":[5693,289,2785,3403,491],"class_list":["post-5671","post","type-post","status-publish","format-standard","has-post-thumbnail","hentry","category-belgique","tag-armements","tag-aux","tag-leurope","tag-lukraine","tag-nouvelle","generate-columns","tablet-grid-50","mobile-grid-100","grid-parent","grid-33"],"yoast_head":"<!-- This site is optimized with the Yoast SEO plugin v24.0 - https:\/\/yoast.com\/wordpress\/plugins\/seo\/ -->\n<title>L&#039;Europe, l&#039;Ukraine et la nouvelle course aux armements | Vie Associative<\/title>\n<meta name=\"robots\" content=\"index, follow, max-snippet:-1, max-image-preview:large, max-video-preview:-1\" \/>\n<link rel=\"canonical\" href=\"https:\/\/vieassociative.be\/actualites\/leurope-lukraine-et-la-nouvelle-course-aux-armements\/\" \/>\n<meta property=\"og:locale\" content=\"fr_FR\" \/>\n<meta property=\"og:type\" content=\"article\" \/>\n<meta property=\"og:title\" content=\"L&#039;Europe, l&#039;Ukraine et la nouvelle course aux armements | Vie Associative\" \/>\n<meta property=\"og:description\" content=\"MISE \u00c0 JOUR &#8211; La politique \u00e9trang\u00e8re des \u00c9tats-Unis sous Trump m\u00e9lange l&rsquo;Europe. Lors d&rsquo;un sommet de crise, l&rsquo;UE conseille les cons\u00e9quences. Il s&rsquo;agit de\" \/>\n<meta property=\"og:url\" content=\"https:\/\/vieassociative.be\/actualites\/leurope-lukraine-et-la-nouvelle-course-aux-armements\/\" \/>\n<meta property=\"og:site_name\" content=\"Vie Associative\" \/>\n<meta property=\"article:published_time\" content=\"2025-03-06T20:16:58+00:00\" \/>\n<meta property=\"og:image\" content=\"https:\/\/vieassociative.be\/actualites\/wp-content\/uploads\/2024\/09\/header_backgroundk-01-e1726694325946.png\" \/>\n\t<meta property=\"og:image:width\" content=\"279\" \/>\n\t<meta property=\"og:image:height\" content=\"92\" \/>\n\t<meta property=\"og:image:type\" content=\"image\/png\" \/>\n<meta name=\"author\" content=\"Julien\" \/>\n<meta name=\"twitter:card\" content=\"summary_large_image\" \/>\n<meta name=\"twitter:label1\" content=\"\u00c9crit par\" \/>\n\t<meta name=\"twitter:data1\" content=\"Julien\" \/>\n\t<meta name=\"twitter:label2\" content=\"Dur\u00e9e de lecture est.\" \/>\n\t<meta name=\"twitter:data2\" content=\"6 minutes\" \/>\n<script type=\"application\/ld+json\" class=\"yoast-schema-graph\">{\"@context\":\"https:\/\/schema.org\",\"@graph\":[{\"@type\":\"Article\",\"@id\":\"https:\/\/vieassociative.be\/actualites\/leurope-lukraine-et-la-nouvelle-course-aux-armements\/#article\",\"isPartOf\":{\"@id\":\"https:\/\/vieassociative.be\/actualites\/leurope-lukraine-et-la-nouvelle-course-aux-armements\/\"},\"author\":{\"name\":\"Julien\",\"@id\":\"https:\/\/vieassociative.be\/actualites\/#\/schema\/person\/b87ac4f82f9d4e7b7cec7395b679edc4\"},\"headline\":\"L&rsquo;Europe, l&rsquo;Ukraine et la nouvelle course aux armements\",\"datePublished\":\"2025-03-06T20:16:58+00:00\",\"dateModified\":\"2025-03-06T20:16:58+00:00\",\"mainEntityOfPage\":{\"@id\":\"https:\/\/vieassociative.be\/actualites\/leurope-lukraine-et-la-nouvelle-course-aux-armements\/\"},\"wordCount\":1197,\"publisher\":{\"@id\":\"https:\/\/vieassociative.be\/actualites\/#organization\"},\"image\":{\"@id\":\"https:\/\/vieassociative.be\/actualites\/leurope-lukraine-et-la-nouvelle-course-aux-armements\/#primaryimage\"},\"thumbnailUrl\":\"https:\/\/vieassociative.be\/actualites\/wp-content\/uploads\/2025\/03\/1741292218_LEurope-lUkraine-et-la-nouvelle-course-aux-armements.jpg\",\"keywords\":[\"armements\",\"aux\",\"lEurope\",\"lUkraine\",\"nouvelle\"],\"articleSection\":[\"Belgique\"],\"inLanguage\":\"fr-BE\"},{\"@type\":\"WebPage\",\"@id\":\"https:\/\/vieassociative.be\/actualites\/leurope-lukraine-et-la-nouvelle-course-aux-armements\/\",\"url\":\"https:\/\/vieassociative.be\/actualites\/leurope-lukraine-et-la-nouvelle-course-aux-armements\/\",\"name\":\"L'Europe, l'Ukraine et la nouvelle course aux armements | Vie Associative\",\"isPartOf\":{\"@id\":\"https:\/\/vieassociative.be\/actualites\/#website\"},\"primaryImageOfPage\":{\"@id\":\"https:\/\/vieassociative.be\/actualites\/leurope-lukraine-et-la-nouvelle-course-aux-armements\/#primaryimage\"},\"image\":{\"@id\":\"https:\/\/vieassociative.be\/actualites\/leurope-lukraine-et-la-nouvelle-course-aux-armements\/#primaryimage\"},\"thumbnailUrl\":\"https:\/\/vieassociative.be\/actualites\/wp-content\/uploads\/2025\/03\/1741292218_LEurope-lUkraine-et-la-nouvelle-course-aux-armements.jpg\",\"datePublished\":\"2025-03-06T20:16:58+00:00\",\"dateModified\":\"2025-03-06T20:16:58+00:00\",\"breadcrumb\":{\"@id\":\"https:\/\/vieassociative.be\/actualites\/leurope-lukraine-et-la-nouvelle-course-aux-armements\/#breadcrumb\"},\"inLanguage\":\"fr-BE\",\"potentialAction\":[{\"@type\":\"ReadAction\",\"target\":[\"https:\/\/vieassociative.be\/actualites\/leurope-lukraine-et-la-nouvelle-course-aux-armements\/\"]}]},{\"@type\":\"ImageObject\",\"inLanguage\":\"fr-BE\",\"@id\":\"https:\/\/vieassociative.be\/actualites\/leurope-lukraine-et-la-nouvelle-course-aux-armements\/#primaryimage\",\"url\":\"https:\/\/vieassociative.be\/actualites\/wp-content\/uploads\/2025\/03\/1741292218_LEurope-lUkraine-et-la-nouvelle-course-aux-armements.jpg\",\"contentUrl\":\"https:\/\/vieassociative.be\/actualites\/wp-content\/uploads\/2025\/03\/1741292218_LEurope-lUkraine-et-la-nouvelle-course-aux-armements.jpg\",\"width\":1200,\"height\":800,\"caption\":\"L'Europe, l'Ukraine et la nouvelle course aux armements\"},{\"@type\":\"BreadcrumbList\",\"@id\":\"https:\/\/vieassociative.be\/actualites\/leurope-lukraine-et-la-nouvelle-course-aux-armements\/#breadcrumb\",\"itemListElement\":[{\"@type\":\"ListItem\",\"position\":1,\"name\":\"Accueil\",\"item\":\"https:\/\/vieassociative.be\/actualites\/\"},{\"@type\":\"ListItem\",\"position\":2,\"name\":\"L&rsquo;Europe, l&rsquo;Ukraine et la nouvelle course aux armements\"}]},{\"@type\":\"WebSite\",\"@id\":\"https:\/\/vieassociative.be\/actualites\/#website\",\"url\":\"https:\/\/vieassociative.be\/actualites\/\",\"name\":\"Vie Associative\",\"description\":\"\",\"publisher\":{\"@id\":\"https:\/\/vieassociative.be\/actualites\/#organization\"},\"potentialAction\":[{\"@type\":\"SearchAction\",\"target\":{\"@type\":\"EntryPoint\",\"urlTemplate\":\"https:\/\/vieassociative.be\/actualites\/?s={search_term_string}\"},\"query-input\":{\"@type\":\"PropertyValueSpecification\",\"valueRequired\":true,\"valueName\":\"search_term_string\"}}],\"inLanguage\":\"fr-BE\"},{\"@type\":\"Organization\",\"@id\":\"https:\/\/vieassociative.be\/actualites\/#organization\",\"name\":\"Vie Associative\",\"url\":\"https:\/\/vieassociative.be\/actualites\/\",\"logo\":{\"@type\":\"ImageObject\",\"inLanguage\":\"fr-BE\",\"@id\":\"https:\/\/vieassociative.be\/actualites\/#\/schema\/logo\/image\/\",\"url\":\"https:\/\/vieassociative.be\/actualites\/wp-content\/uploads\/2024\/09\/cropped-vieassociative_favicon.ico.png\",\"contentUrl\":\"https:\/\/vieassociative.be\/actualites\/wp-content\/uploads\/2024\/09\/cropped-vieassociative_favicon.ico.png\",\"width\":512,\"height\":512,\"caption\":\"Vie Associative\"},\"image\":{\"@id\":\"https:\/\/vieassociative.be\/actualites\/#\/schema\/logo\/image\/\"}},{\"@type\":\"Person\",\"@id\":\"https:\/\/vieassociative.be\/actualites\/#\/schema\/person\/b87ac4f82f9d4e7b7cec7395b679edc4\",\"name\":\"Julien\",\"image\":{\"@type\":\"ImageObject\",\"inLanguage\":\"fr-BE\",\"@id\":\"https:\/\/vieassociative.be\/actualites\/#\/schema\/person\/image\/\",\"url\":\"https:\/\/vieassociative.be\/actualites\/wp-content\/uploads\/2024\/09\/vie-associative-1-150x150.jpg\",\"contentUrl\":\"https:\/\/vieassociative.be\/actualites\/wp-content\/uploads\/2024\/09\/vie-associative-1-150x150.jpg\",\"caption\":\"Julien\"},\"description\":\"Je suis Julien, r\u00e9dacteur pour Vie Associative. Passionn\u00e9 par le monde associatif depuis plus de 10 ans, j'ai \u00e0 c\u0153ur de partager des histoires inspirantes et de mettre en lumi\u00e8re les initiatives locales. Mon objectif est de sensibiliser et d'encourager l'engagement communautaire \u00e0 travers mes articles.\",\"sameAs\":[\"https:\/\/vieassociative.be\/\"]}]}<\/script>\n<!-- \/ Yoast SEO plugin. -->","yoast_head_json":{"title":"L'Europe, l'Ukraine et la nouvelle course aux armements | Vie Associative","robots":{"index":"index","follow":"follow","max-snippet":"max-snippet:-1","max-image-preview":"max-image-preview:large","max-video-preview":"max-video-preview:-1"},"canonical":"https:\/\/vieassociative.be\/actualites\/leurope-lukraine-et-la-nouvelle-course-aux-armements\/","og_locale":"fr_FR","og_type":"article","og_title":"L'Europe, l'Ukraine et la nouvelle course aux armements | Vie Associative","og_description":"MISE \u00c0 JOUR &#8211; La politique \u00e9trang\u00e8re des \u00c9tats-Unis sous Trump m\u00e9lange l&rsquo;Europe. Lors d&rsquo;un sommet de crise, l&rsquo;UE conseille les cons\u00e9quences. Il s&rsquo;agit de","og_url":"https:\/\/vieassociative.be\/actualites\/leurope-lukraine-et-la-nouvelle-course-aux-armements\/","og_site_name":"Vie Associative","article_published_time":"2025-03-06T20:16:58+00:00","og_image":[{"width":279,"height":92,"url":"https:\/\/vieassociative.be\/actualites\/wp-content\/uploads\/2024\/09\/header_backgroundk-01-e1726694325946.png","type":"image\/png"}],"author":"Julien","twitter_card":"summary_large_image","twitter_misc":{"\u00c9crit par":"Julien","Dur\u00e9e de lecture est.":"6 minutes"},"schema":{"@context":"https:\/\/schema.org","@graph":[{"@type":"Article","@id":"https:\/\/vieassociative.be\/actualites\/leurope-lukraine-et-la-nouvelle-course-aux-armements\/#article","isPartOf":{"@id":"https:\/\/vieassociative.be\/actualites\/leurope-lukraine-et-la-nouvelle-course-aux-armements\/"},"author":{"name":"Julien","@id":"https:\/\/vieassociative.be\/actualites\/#\/schema\/person\/b87ac4f82f9d4e7b7cec7395b679edc4"},"headline":"L&rsquo;Europe, l&rsquo;Ukraine et la nouvelle course aux armements","datePublished":"2025-03-06T20:16:58+00:00","dateModified":"2025-03-06T20:16:58+00:00","mainEntityOfPage":{"@id":"https:\/\/vieassociative.be\/actualites\/leurope-lukraine-et-la-nouvelle-course-aux-armements\/"},"wordCount":1197,"publisher":{"@id":"https:\/\/vieassociative.be\/actualites\/#organization"},"image":{"@id":"https:\/\/vieassociative.be\/actualites\/leurope-lukraine-et-la-nouvelle-course-aux-armements\/#primaryimage"},"thumbnailUrl":"https:\/\/vieassociative.be\/actualites\/wp-content\/uploads\/2025\/03\/1741292218_LEurope-lUkraine-et-la-nouvelle-course-aux-armements.jpg","keywords":["armements","aux","lEurope","lUkraine","nouvelle"],"articleSection":["Belgique"],"inLanguage":"fr-BE"},{"@type":"WebPage","@id":"https:\/\/vieassociative.be\/actualites\/leurope-lukraine-et-la-nouvelle-course-aux-armements\/","url":"https:\/\/vieassociative.be\/actualites\/leurope-lukraine-et-la-nouvelle-course-aux-armements\/","name":"L'Europe, l'Ukraine et la nouvelle course aux armements | Vie Associative","isPartOf":{"@id":"https:\/\/vieassociative.be\/actualites\/#website"},"primaryImageOfPage":{"@id":"https:\/\/vieassociative.be\/actualites\/leurope-lukraine-et-la-nouvelle-course-aux-armements\/#primaryimage"},"image":{"@id":"https:\/\/vieassociative.be\/actualites\/leurope-lukraine-et-la-nouvelle-course-aux-armements\/#primaryimage"},"thumbnailUrl":"https:\/\/vieassociative.be\/actualites\/wp-content\/uploads\/2025\/03\/1741292218_LEurope-lUkraine-et-la-nouvelle-course-aux-armements.jpg","datePublished":"2025-03-06T20:16:58+00:00","dateModified":"2025-03-06T20:16:58+00:00","breadcrumb":{"@id":"https:\/\/vieassociative.be\/actualites\/leurope-lukraine-et-la-nouvelle-course-aux-armements\/#breadcrumb"},"inLanguage":"fr-BE","potentialAction":[{"@type":"ReadAction","target":["https:\/\/vieassociative.be\/actualites\/leurope-lukraine-et-la-nouvelle-course-aux-armements\/"]}]},{"@type":"ImageObject","inLanguage":"fr-BE","@id":"https:\/\/vieassociative.be\/actualites\/leurope-lukraine-et-la-nouvelle-course-aux-armements\/#primaryimage","url":"https:\/\/vieassociative.be\/actualites\/wp-content\/uploads\/2025\/03\/1741292218_LEurope-lUkraine-et-la-nouvelle-course-aux-armements.jpg","contentUrl":"https:\/\/vieassociative.be\/actualites\/wp-content\/uploads\/2025\/03\/1741292218_LEurope-lUkraine-et-la-nouvelle-course-aux-armements.jpg","width":1200,"height":800,"caption":"L'Europe, l'Ukraine et la nouvelle course aux armements"},{"@type":"BreadcrumbList","@id":"https:\/\/vieassociative.be\/actualites\/leurope-lukraine-et-la-nouvelle-course-aux-armements\/#breadcrumb","itemListElement":[{"@type":"ListItem","position":1,"name":"Accueil","item":"https:\/\/vieassociative.be\/actualites\/"},{"@type":"ListItem","position":2,"name":"L&rsquo;Europe, l&rsquo;Ukraine et la nouvelle course aux armements"}]},{"@type":"WebSite","@id":"https:\/\/vieassociative.be\/actualites\/#website","url":"https:\/\/vieassociative.be\/actualites\/","name":"Vie Associative","description":"","publisher":{"@id":"https:\/\/vieassociative.be\/actualites\/#organization"},"potentialAction":[{"@type":"SearchAction","target":{"@type":"EntryPoint","urlTemplate":"https:\/\/vieassociative.be\/actualites\/?s={search_term_string}"},"query-input":{"@type":"PropertyValueSpecification","valueRequired":true,"valueName":"search_term_string"}}],"inLanguage":"fr-BE"},{"@type":"Organization","@id":"https:\/\/vieassociative.be\/actualites\/#organization","name":"Vie Associative","url":"https:\/\/vieassociative.be\/actualites\/","logo":{"@type":"ImageObject","inLanguage":"fr-BE","@id":"https:\/\/vieassociative.be\/actualites\/#\/schema\/logo\/image\/","url":"https:\/\/vieassociative.be\/actualites\/wp-content\/uploads\/2024\/09\/cropped-vieassociative_favicon.ico.png","contentUrl":"https:\/\/vieassociative.be\/actualites\/wp-content\/uploads\/2024\/09\/cropped-vieassociative_favicon.ico.png","width":512,"height":512,"caption":"Vie Associative"},"image":{"@id":"https:\/\/vieassociative.be\/actualites\/#\/schema\/logo\/image\/"}},{"@type":"Person","@id":"https:\/\/vieassociative.be\/actualites\/#\/schema\/person\/b87ac4f82f9d4e7b7cec7395b679edc4","name":"Julien","image":{"@type":"ImageObject","inLanguage":"fr-BE","@id":"https:\/\/vieassociative.be\/actualites\/#\/schema\/person\/image\/","url":"https:\/\/vieassociative.be\/actualites\/wp-content\/uploads\/2024\/09\/vie-associative-1-150x150.jpg","contentUrl":"https:\/\/vieassociative.be\/actualites\/wp-content\/uploads\/2024\/09\/vie-associative-1-150x150.jpg","caption":"Julien"},"description":"Je suis Julien, r\u00e9dacteur pour Vie Associative. Passionn\u00e9 par le monde associatif depuis plus de 10 ans, j'ai \u00e0 c\u0153ur de partager des histoires inspirantes et de mettre en lumi\u00e8re les initiatives locales. Mon objectif est de sensibiliser et d'encourager l'engagement communautaire \u00e0 travers mes articles.","sameAs":["https:\/\/vieassociative.be\/"]}]}},"_links":{"self":[{"href":"https:\/\/vieassociative.be\/actualites\/wp-json\/wp\/v2\/posts\/5671"}],"collection":[{"href":"https:\/\/vieassociative.be\/actualites\/wp-json\/wp\/v2\/posts"}],"about":[{"href":"https:\/\/vieassociative.be\/actualites\/wp-json\/wp\/v2\/types\/post"}],"author":[{"embeddable":true,"href":"https:\/\/vieassociative.be\/actualites\/wp-json\/wp\/v2\/users\/1"}],"replies":[{"embeddable":true,"href":"https:\/\/vieassociative.be\/actualites\/wp-json\/wp\/v2\/comments?post=5671"}],"version-history":[{"count":0,"href":"https:\/\/vieassociative.be\/actualites\/wp-json\/wp\/v2\/posts\/5671\/revisions"}],"wp:featuredmedia":[{"embeddable":true,"href":"https:\/\/vieassociative.be\/actualites\/wp-json\/wp\/v2\/media\/5672"}],"wp:attachment":[{"href":"https:\/\/vieassociative.be\/actualites\/wp-json\/wp\/v2\/media?parent=5671"}],"wp:term":[{"taxonomy":"category","embeddable":true,"href":"https:\/\/vieassociative.be\/actualites\/wp-json\/wp\/v2\/categories?post=5671"},{"taxonomy":"post_tag","embeddable":true,"href":"https:\/\/vieassociative.be\/actualites\/wp-json\/wp\/v2\/tags?post=5671"}],"curies":[{"name":"wp","href":"https:\/\/api.w.org\/{rel}","templated":true}]}}