{"id":5669,"date":"2025-03-06T20:17:06","date_gmt":"2025-03-06T19:17:06","guid":{"rendered":"https:\/\/vieassociative.be\/actualites\/six-des-mythes-fiscaux-les-plus-courants-en-2025\/"},"modified":"2025-03-06T20:17:06","modified_gmt":"2025-03-06T19:17:06","slug":"six-des-mythes-fiscaux-les-plus-courants-en-2025","status":"publish","type":"post","link":"https:\/\/vieassociative.be\/actualites\/six-des-mythes-fiscaux-les-plus-courants-en-2025\/","title":{"rendered":"Six des mythes fiscaux les plus courants en 2025"},"content":{"rendered":"<div class=\"mt-4 leading-6 md:mb-8\">\u00c9vitez les erreurs co\u00fbteuses dans les jours et les semaines avant le 15 avril.<\/div>\n<p><\/p>\n<p>\u00c0 l&rsquo;approche de la date limite de d\u00e9claration des revenus du 15 avril, il est important de s\u00e9parer les faits de la fiction lorsqu&rsquo;il s&rsquo;agit de pr\u00e9parer vos rendements. \u00ab\u00a0Les lois fiscales sont souvent r\u00e9sum\u00e9es pour (le) souci d&rsquo;expliquer rapidement un avantage potentiel &#8211; ou un conflit\u00a0\u00bb, explique Andy Phillips, vice-pr\u00e9sident de l&rsquo;Institut fiscal de H&#038;R Block. \u00ab\u00a0Lorsque les d\u00e9tails sont omis, il est facile de mal interpr\u00e9ter la loi ou de consid\u00e9rer les conseils d&rsquo;un ami de confiance plut\u00f4t que de prendre le temps de faire des recherches de premi\u00e8re main.\u00a0\u00bb Suivre \u00e0 l&rsquo;aveugle les mauvais conseils fiscaux de quelqu&rsquo;un d&rsquo;autre pourrait vous co\u00fbter un temps pr\u00e9cieux et de l&rsquo;argent. <\/p>\n<h2 id=\"i-can-file-my-tax-return-with-the-details-from-my-last-paycheck-stub\">\u00ab\u00a0Je peux produire ma d\u00e9claration de revenus avec les d\u00e9tails de mon dernier talon de ch\u00e8que de paie.\u00a0\u00bb  <\/h2>\n<p>Les chiffres \u00e9num\u00e9r\u00e9s sur votre dernier talon de ch\u00e8que de paie peuvent \u00eatre proches de ce qui sera publi\u00e9 sur votre W-2, mais il n&rsquo;est pas garanti que les chiffres sont toujours corrects. De plus, comme l&rsquo;explique Phillips, ce n&rsquo;est techniquement pas autoris\u00e9. \u00ab\u00a0Votre dernier talon salarial n&rsquo;est pas consid\u00e9r\u00e9 comme un document reconnu par l&rsquo;IRS pour le d\u00e9p\u00f4t. Il est courant que les calculs soient l\u00e9g\u00e8rement d\u00e9cal\u00e9s tout au long de l&rsquo;ann\u00e9e et ne soient pas comptabilis\u00e9s jusqu&rsquo;\u00e0 la fin de l&rsquo;ann\u00e9e. Des paiements tels que des bonus et des commissions peuvent facilement \u00eatre oubli\u00e9s, et personne ne b\u00e9n\u00e9ficie du processus de d\u00e9p\u00f4t d&rsquo;un rendement modifi\u00e9.\u00a0\u00bb <\/p>\n<p>Conseils de Phillips: attendez votre W-2 pr\u00e9par\u00e9 par votre employeur. Il ajoute que vous devriez \u00ab\u00a0se m\u00e9fier des pr\u00e9parateurs de retour qui annoncent le classement Paystub, ce qui est contraire aux r\u00e8gles\u00a0\u00bb. L&#8217;employeur aurait d\u00fb publier votre W-2 d&rsquo;ici le 31 janvier au plus tard.<\/p>\n<h2 id=\"being-unemployed-means-i-dont-have-to-pay-taxes\">\u00ab\u00a0\u00catre au ch\u00f4mage signifie que je n&rsquo;ai pas \u00e0 payer d&rsquo;imp\u00f4ts.\u00a0\u00bb  <\/h2>\n<p>Si vous recevez une forme d&rsquo;allocation de ch\u00f4mage de la ville, de l&rsquo;\u00c9tat ou du niveau f\u00e9d\u00e9ral, cela est consid\u00e9r\u00e9 comme un revenu. Tous les revenus doivent \u00eatre d\u00e9clar\u00e9s dans votre d\u00e9claration de revenus. Les allocations de ch\u00f4mage pay\u00e9es sont g\u00e9n\u00e9ralement signal\u00e9es avec un formulaire 1099-G. Ce formulaire fonctionne de la m\u00eame mani\u00e8re comme un W-2, d\u00e9crivant combien vous avez \u00e9t\u00e9 pay\u00e9 et si les taxes ont \u00e9t\u00e9 retenues. <\/p>\n<h2 id=\"any-money-that-i-give-counts-as-a-charitable-contribution\">\u00ab\u00a0Tout argent que je donne compte comme une contribution caritative.\u00a0\u00bb  <\/h2>\n<p>Bien s\u00fbr, donner sans s&rsquo;attendre \u00e0 un remboursement est un geste admirable. Cependant, Phillips note que seuls les dons de bienfaisance et les dons faits \u00e0 des institutions exon\u00e9r\u00e9es d&rsquo;imp\u00f4t sur le qualification de l&rsquo;IRS sont d\u00e9ductibles d&rsquo;imp\u00f4t. En r\u00e8gle g\u00e9n\u00e9rale, un re\u00e7u est fourni lorsqu&rsquo;un cadeau d\u00e9ductible d&rsquo;imp\u00f4t est re\u00e7u. Si vous avez r\u00e9cemment fait un don et que vous ne savez pas si votre don a \u00e9t\u00e9 fait \u00e0 une organisation \u00e9ligible, utilisez l&rsquo;outil de recherche d&rsquo;organisation exon\u00e9r\u00e9 d&rsquo;imp\u00f4t situ\u00e9 sur le site Web de l&rsquo;IRS. En outre, vous devez d\u00e9tacher des contributions de bienfaisance, ce qui signifie que ceux qui r\u00e9clament la d\u00e9duction standard ne sont pas en mesure de d\u00e9duire ces dons m\u00eame s&rsquo;ils sont faits \u00e0 une organisation qualifi\u00e9e.  <\/p>\n<h2 id=\"if-i-work-from-home-i-can-take-a-deduction-for-my-home-office\">\u00abSi je travaille \u00e0 la maison, je peux prendre une d\u00e9duction pour mon bureau \u00e0 domicile.\u00bb <\/h2>\n<p>Avec la mont\u00e9e en puissance des travaux \u00e0 distance au cours des derni\u00e8res ann\u00e9es, ceux qui travaillent \u00e0 domicile peuvent penser qu&rsquo;ils peuvent r\u00e9clamer la d\u00e9duction du bureau \u00e0 domicile. Malheureusement, comme l&rsquo;explique Phillips, si vous \u00eates un employ\u00e9, vous ne pouvez pas r\u00e9clamer la d\u00e9duction &#8211; la d\u00e9duction pour les d\u00e9penses commerciales des employ\u00e9s a \u00e9t\u00e9 suspendue \u00e0 partir de 2018. D&rsquo;un autre c\u00f4t\u00e9, si vous \u00eates ind\u00e9pendant et que vous avez un bureau \u00e0 domicile, il est probable que vous puissiez r\u00e9clamer la d\u00e9duction du bureau \u00e0 domicile.   <\/p>\n<h2 id=\"this-social-media-post-told-me-that-i-can-claim\">\u00ab\u00a0Ce message sur les r\u00e9seaux sociaux m&rsquo;a dit que je pouvais r\u00e9clamer &#8230;\u00a0\u00bb <\/h2>\n<p>Comme je l&rsquo;ai \u00e9crit la semaine derni\u00e8re, certaines \u00ab\u00a0lacunes\u00a0\u00bb fiscales peuvent devenir virales, mais cela ne signifie pas qu&rsquo;ils sont bons pour votre situation fiscale sp\u00e9cifique. Dans les m\u00e9dias sociaux, je vois des cr\u00e9ateurs dire aux gens qu&rsquo;ils peuvent revendiquer des avantages fiscaux qui sont soit inexistants, soit qu&rsquo;ils ne sont pas \u00e9ligibles. Philips est d&rsquo;accord: les contribuables devraient faire preuve de prudence lorsqu&rsquo;ils comptent sur les r\u00e9clamations faites sur les r\u00e9seaux sociaux et doivent s&rsquo;assurer qu&rsquo;ils n&rsquo;utilisent que des sources fiables lors de la prise de d\u00e9cisions fiscales.<\/p>\n<h2 id=\"a-tax-filing-extension-gives-me-more-time-to-pay-my-balance-due\">\u00ab\u00a0Une prolongation de d\u00e9claration de revenus me donne plus de temps pour payer mon solde \u00e0 \u00e9ch\u00e9ance.\u00a0\u00bb  <\/h2>\n<p>Malheureusement, une prolongation du d\u00e9lai de fichier ne vous donne pas plus de temps pour payer. Phillips dit que \u00ab\u00a0vous devriez faire de votre mieux pour payer votre solde estim\u00e9 d\u00fb lorsque vous demandez une prolongation.\u00a0\u00bb Si vous ne pouvez pas payer, le d\u00e9p\u00f4t d&rsquo;une d\u00e9claration de revenus est la premi\u00e8re \u00e9tape cruciale pour d\u00e9terminer votre \u00e9ligibilit\u00e9 \u00e0 vous inscrire \u00e0 un plan de paiement de versement approuv\u00e9 par l&rsquo;IRS. <\/p>\n<p>Comme l&rsquo;explique Phillips, la n\u00e9gligence de d\u00e9poser sur le temps vous soumet \u00e0 une p\u00e9nalit\u00e9 de d\u00e9faut de logement, qui commence \u00e0 5% de vos taxes non r\u00e9mun\u00e9r\u00e9es par mois, jusqu&rsquo;\u00e0 cinq mois. Si le retour est plus de 60 jours de retard, une p\u00e9nalit\u00e9 minimale s&rsquo;applique. Pour cette ann\u00e9e, la p\u00e9nalit\u00e9 minimale est la moindre 100% de la taxe impay\u00e9e ou 510 $.<\/p>\n<p>D&rsquo;un autre c\u00f4t\u00e9, la p\u00e9nalit\u00e9 pour le simple fait de ne pas payer n&rsquo;est que 0,5% des taxes impay\u00e9es pour chaque mois ou une partie d&rsquo;un mois, la taxe reste impay\u00e9e. <\/p>\n<p>\u00ab\u00a0C&rsquo;est pourquoi il est si important de produire une d\u00e9claration, m\u00eame si vous ne pouvez pas payer le montant total d\u00fb\u00a0\u00bb, exhorte Phillips. Tant que vous d\u00e9posiez, ces p\u00e9nalit\u00e9s combin\u00e9es ne d\u00e9passeront pas 25% de vos taxes impay\u00e9es. Phillips note \u00e9galement que l&rsquo;int\u00e9r\u00eat commence \u00e9galement \u00e0 s&rsquo;accumuler apr\u00e8s la date d&rsquo;\u00e9ch\u00e9ance sur le montant que vous devez IRS.  <\/p>\n<p>En \u00e9loignant ces mythes fiscaux courants, vous pouvez \u00e9viter les erreurs co\u00fbteuses et les maux de t\u00eate cette saison de classement. Comme toujours, il est pr\u00e9f\u00e9rable de consulter un professionnel qualifi\u00e9 qui peut examiner votre situation sp\u00e9cifique et vous donner des conseils l\u00e9gitimes et personnalis\u00e9s.<\/p>\n","protected":false},"excerpt":{"rendered":"<p>\u00c9vitez les erreurs co\u00fbteuses dans les jours et les semaines avant le 15 avril. \u00c0 l&rsquo;approche de la date limite de d\u00e9claration des revenus du<\/p>\n","protected":false},"author":1,"featured_media":5670,"comment_status":"","ping_status":"","sticky":false,"template":"","format":"standard","meta":{"footnotes":""},"categories":[41],"tags":[288,29,5692,14,1030],"class_list":["post-5669","post","type-post","status-publish","format-standard","has-post-thumbnail","hentry","category-argent","tag-courants","tag-des","tag-fiscaux","tag-les","tag-mythes","generate-columns","tablet-grid-50","mobile-grid-100","grid-parent","grid-33"],"yoast_head":"<!-- This site is optimized with the Yoast SEO plugin v24.0 - https:\/\/yoast.com\/wordpress\/plugins\/seo\/ -->\n<title>Six des mythes fiscaux les plus courants en 2025 | Vie Associative<\/title>\n<meta name=\"robots\" content=\"index, follow, max-snippet:-1, max-image-preview:large, max-video-preview:-1\" \/>\n<link rel=\"canonical\" href=\"https:\/\/vieassociative.be\/actualites\/six-des-mythes-fiscaux-les-plus-courants-en-2025\/\" \/>\n<meta property=\"og:locale\" content=\"fr_FR\" \/>\n<meta property=\"og:type\" content=\"article\" \/>\n<meta property=\"og:title\" content=\"Six des mythes fiscaux les plus courants en 2025 | Vie Associative\" \/>\n<meta property=\"og:description\" content=\"\u00c9vitez les erreurs co\u00fbteuses dans les jours et les semaines avant le 15 avril. \u00c0 l&rsquo;approche de la date limite de d\u00e9claration des revenus du\" \/>\n<meta property=\"og:url\" content=\"https:\/\/vieassociative.be\/actualites\/six-des-mythes-fiscaux-les-plus-courants-en-2025\/\" \/>\n<meta property=\"og:site_name\" content=\"Vie Associative\" \/>\n<meta property=\"article:published_time\" content=\"2025-03-06T19:17:06+00:00\" \/>\n<meta property=\"og:image\" content=\"https:\/\/vieassociative.be\/actualites\/wp-content\/uploads\/2024\/09\/header_backgroundk-01-e1726694325946.png\" \/>\n\t<meta property=\"og:image:width\" content=\"279\" \/>\n\t<meta property=\"og:image:height\" content=\"92\" \/>\n\t<meta property=\"og:image:type\" content=\"image\/png\" \/>\n<meta name=\"author\" content=\"Julien\" \/>\n<meta name=\"twitter:card\" content=\"summary_large_image\" \/>\n<meta name=\"twitter:label1\" content=\"\u00c9crit par\" \/>\n\t<meta name=\"twitter:data1\" content=\"Julien\" \/>\n\t<meta name=\"twitter:label2\" content=\"Dur\u00e9e de lecture est.\" \/>\n\t<meta name=\"twitter:data2\" content=\"6 minutes\" \/>\n<script type=\"application\/ld+json\" class=\"yoast-schema-graph\">{\"@context\":\"https:\/\/schema.org\",\"@graph\":[{\"@type\":\"Article\",\"@id\":\"https:\/\/vieassociative.be\/actualites\/six-des-mythes-fiscaux-les-plus-courants-en-2025\/#article\",\"isPartOf\":{\"@id\":\"https:\/\/vieassociative.be\/actualites\/six-des-mythes-fiscaux-les-plus-courants-en-2025\/\"},\"author\":{\"name\":\"Julien\",\"@id\":\"https:\/\/vieassociative.be\/actualites\/#\/schema\/person\/b87ac4f82f9d4e7b7cec7395b679edc4\"},\"headline\":\"Six des mythes fiscaux les plus courants en 2025\",\"datePublished\":\"2025-03-06T19:17:06+00:00\",\"dateModified\":\"2025-03-06T19:17:06+00:00\",\"mainEntityOfPage\":{\"@id\":\"https:\/\/vieassociative.be\/actualites\/six-des-mythes-fiscaux-les-plus-courants-en-2025\/\"},\"wordCount\":1181,\"publisher\":{\"@id\":\"https:\/\/vieassociative.be\/actualites\/#organization\"},\"image\":{\"@id\":\"https:\/\/vieassociative.be\/actualites\/six-des-mythes-fiscaux-les-plus-courants-en-2025\/#primaryimage\"},\"thumbnailUrl\":\"https:\/\/vieassociative.be\/actualites\/wp-content\/uploads\/2025\/03\/Six-des-mythes-fiscaux-les-plus-courants-en-2025.jpg\",\"keywords\":[\"courants\",\"Des\",\"fiscaux\",\"Les\",\"mythes\"],\"articleSection\":[\"Argent\"],\"inLanguage\":\"fr-BE\"},{\"@type\":\"WebPage\",\"@id\":\"https:\/\/vieassociative.be\/actualites\/six-des-mythes-fiscaux-les-plus-courants-en-2025\/\",\"url\":\"https:\/\/vieassociative.be\/actualites\/six-des-mythes-fiscaux-les-plus-courants-en-2025\/\",\"name\":\"Six des mythes fiscaux les plus courants en 2025 | Vie Associative\",\"isPartOf\":{\"@id\":\"https:\/\/vieassociative.be\/actualites\/#website\"},\"primaryImageOfPage\":{\"@id\":\"https:\/\/vieassociative.be\/actualites\/six-des-mythes-fiscaux-les-plus-courants-en-2025\/#primaryimage\"},\"image\":{\"@id\":\"https:\/\/vieassociative.be\/actualites\/six-des-mythes-fiscaux-les-plus-courants-en-2025\/#primaryimage\"},\"thumbnailUrl\":\"https:\/\/vieassociative.be\/actualites\/wp-content\/uploads\/2025\/03\/Six-des-mythes-fiscaux-les-plus-courants-en-2025.jpg\",\"datePublished\":\"2025-03-06T19:17:06+00:00\",\"dateModified\":\"2025-03-06T19:17:06+00:00\",\"breadcrumb\":{\"@id\":\"https:\/\/vieassociative.be\/actualites\/six-des-mythes-fiscaux-les-plus-courants-en-2025\/#breadcrumb\"},\"inLanguage\":\"fr-BE\",\"potentialAction\":[{\"@type\":\"ReadAction\",\"target\":[\"https:\/\/vieassociative.be\/actualites\/six-des-mythes-fiscaux-les-plus-courants-en-2025\/\"]}]},{\"@type\":\"ImageObject\",\"inLanguage\":\"fr-BE\",\"@id\":\"https:\/\/vieassociative.be\/actualites\/six-des-mythes-fiscaux-les-plus-courants-en-2025\/#primaryimage\",\"url\":\"https:\/\/vieassociative.be\/actualites\/wp-content\/uploads\/2025\/03\/Six-des-mythes-fiscaux-les-plus-courants-en-2025.jpg\",\"contentUrl\":\"https:\/\/vieassociative.be\/actualites\/wp-content\/uploads\/2025\/03\/Six-des-mythes-fiscaux-les-plus-courants-en-2025.jpg\",\"width\":1200,\"height\":675,\"caption\":\"Six des mythes fiscaux les plus courants en 2025\"},{\"@type\":\"BreadcrumbList\",\"@id\":\"https:\/\/vieassociative.be\/actualites\/six-des-mythes-fiscaux-les-plus-courants-en-2025\/#breadcrumb\",\"itemListElement\":[{\"@type\":\"ListItem\",\"position\":1,\"name\":\"Accueil\",\"item\":\"https:\/\/vieassociative.be\/actualites\/\"},{\"@type\":\"ListItem\",\"position\":2,\"name\":\"Six des mythes fiscaux les plus courants en 2025\"}]},{\"@type\":\"WebSite\",\"@id\":\"https:\/\/vieassociative.be\/actualites\/#website\",\"url\":\"https:\/\/vieassociative.be\/actualites\/\",\"name\":\"Vie Associative\",\"description\":\"\",\"publisher\":{\"@id\":\"https:\/\/vieassociative.be\/actualites\/#organization\"},\"potentialAction\":[{\"@type\":\"SearchAction\",\"target\":{\"@type\":\"EntryPoint\",\"urlTemplate\":\"https:\/\/vieassociative.be\/actualites\/?s={search_term_string}\"},\"query-input\":{\"@type\":\"PropertyValueSpecification\",\"valueRequired\":true,\"valueName\":\"search_term_string\"}}],\"inLanguage\":\"fr-BE\"},{\"@type\":\"Organization\",\"@id\":\"https:\/\/vieassociative.be\/actualites\/#organization\",\"name\":\"Vie Associative\",\"url\":\"https:\/\/vieassociative.be\/actualites\/\",\"logo\":{\"@type\":\"ImageObject\",\"inLanguage\":\"fr-BE\",\"@id\":\"https:\/\/vieassociative.be\/actualites\/#\/schema\/logo\/image\/\",\"url\":\"https:\/\/vieassociative.be\/actualites\/wp-content\/uploads\/2024\/09\/cropped-vieassociative_favicon.ico.png\",\"contentUrl\":\"https:\/\/vieassociative.be\/actualites\/wp-content\/uploads\/2024\/09\/cropped-vieassociative_favicon.ico.png\",\"width\":512,\"height\":512,\"caption\":\"Vie Associative\"},\"image\":{\"@id\":\"https:\/\/vieassociative.be\/actualites\/#\/schema\/logo\/image\/\"}},{\"@type\":\"Person\",\"@id\":\"https:\/\/vieassociative.be\/actualites\/#\/schema\/person\/b87ac4f82f9d4e7b7cec7395b679edc4\",\"name\":\"Julien\",\"image\":{\"@type\":\"ImageObject\",\"inLanguage\":\"fr-BE\",\"@id\":\"https:\/\/vieassociative.be\/actualites\/#\/schema\/person\/image\/\",\"url\":\"https:\/\/vieassociative.be\/actualites\/wp-content\/uploads\/2024\/09\/vie-associative-1-150x150.jpg\",\"contentUrl\":\"https:\/\/vieassociative.be\/actualites\/wp-content\/uploads\/2024\/09\/vie-associative-1-150x150.jpg\",\"caption\":\"Julien\"},\"description\":\"Je suis Julien, r\u00e9dacteur pour Vie Associative. Passionn\u00e9 par le monde associatif depuis plus de 10 ans, j'ai \u00e0 c\u0153ur de partager des histoires inspirantes et de mettre en lumi\u00e8re les initiatives locales. Mon objectif est de sensibiliser et d'encourager l'engagement communautaire \u00e0 travers mes articles.\",\"sameAs\":[\"https:\/\/vieassociative.be\/\"]}]}<\/script>\n<!-- \/ Yoast SEO plugin. -->","yoast_head_json":{"title":"Six des mythes fiscaux les plus courants en 2025 | Vie Associative","robots":{"index":"index","follow":"follow","max-snippet":"max-snippet:-1","max-image-preview":"max-image-preview:large","max-video-preview":"max-video-preview:-1"},"canonical":"https:\/\/vieassociative.be\/actualites\/six-des-mythes-fiscaux-les-plus-courants-en-2025\/","og_locale":"fr_FR","og_type":"article","og_title":"Six des mythes fiscaux les plus courants en 2025 | Vie Associative","og_description":"\u00c9vitez les erreurs co\u00fbteuses dans les jours et les semaines avant le 15 avril. \u00c0 l&rsquo;approche de la date limite de d\u00e9claration des revenus du","og_url":"https:\/\/vieassociative.be\/actualites\/six-des-mythes-fiscaux-les-plus-courants-en-2025\/","og_site_name":"Vie Associative","article_published_time":"2025-03-06T19:17:06+00:00","og_image":[{"width":279,"height":92,"url":"https:\/\/vieassociative.be\/actualites\/wp-content\/uploads\/2024\/09\/header_backgroundk-01-e1726694325946.png","type":"image\/png"}],"author":"Julien","twitter_card":"summary_large_image","twitter_misc":{"\u00c9crit par":"Julien","Dur\u00e9e de lecture est.":"6 minutes"},"schema":{"@context":"https:\/\/schema.org","@graph":[{"@type":"Article","@id":"https:\/\/vieassociative.be\/actualites\/six-des-mythes-fiscaux-les-plus-courants-en-2025\/#article","isPartOf":{"@id":"https:\/\/vieassociative.be\/actualites\/six-des-mythes-fiscaux-les-plus-courants-en-2025\/"},"author":{"name":"Julien","@id":"https:\/\/vieassociative.be\/actualites\/#\/schema\/person\/b87ac4f82f9d4e7b7cec7395b679edc4"},"headline":"Six des mythes fiscaux les plus courants en 2025","datePublished":"2025-03-06T19:17:06+00:00","dateModified":"2025-03-06T19:17:06+00:00","mainEntityOfPage":{"@id":"https:\/\/vieassociative.be\/actualites\/six-des-mythes-fiscaux-les-plus-courants-en-2025\/"},"wordCount":1181,"publisher":{"@id":"https:\/\/vieassociative.be\/actualites\/#organization"},"image":{"@id":"https:\/\/vieassociative.be\/actualites\/six-des-mythes-fiscaux-les-plus-courants-en-2025\/#primaryimage"},"thumbnailUrl":"https:\/\/vieassociative.be\/actualites\/wp-content\/uploads\/2025\/03\/Six-des-mythes-fiscaux-les-plus-courants-en-2025.jpg","keywords":["courants","Des","fiscaux","Les","mythes"],"articleSection":["Argent"],"inLanguage":"fr-BE"},{"@type":"WebPage","@id":"https:\/\/vieassociative.be\/actualites\/six-des-mythes-fiscaux-les-plus-courants-en-2025\/","url":"https:\/\/vieassociative.be\/actualites\/six-des-mythes-fiscaux-les-plus-courants-en-2025\/","name":"Six des mythes fiscaux les plus courants en 2025 | Vie Associative","isPartOf":{"@id":"https:\/\/vieassociative.be\/actualites\/#website"},"primaryImageOfPage":{"@id":"https:\/\/vieassociative.be\/actualites\/six-des-mythes-fiscaux-les-plus-courants-en-2025\/#primaryimage"},"image":{"@id":"https:\/\/vieassociative.be\/actualites\/six-des-mythes-fiscaux-les-plus-courants-en-2025\/#primaryimage"},"thumbnailUrl":"https:\/\/vieassociative.be\/actualites\/wp-content\/uploads\/2025\/03\/Six-des-mythes-fiscaux-les-plus-courants-en-2025.jpg","datePublished":"2025-03-06T19:17:06+00:00","dateModified":"2025-03-06T19:17:06+00:00","breadcrumb":{"@id":"https:\/\/vieassociative.be\/actualites\/six-des-mythes-fiscaux-les-plus-courants-en-2025\/#breadcrumb"},"inLanguage":"fr-BE","potentialAction":[{"@type":"ReadAction","target":["https:\/\/vieassociative.be\/actualites\/six-des-mythes-fiscaux-les-plus-courants-en-2025\/"]}]},{"@type":"ImageObject","inLanguage":"fr-BE","@id":"https:\/\/vieassociative.be\/actualites\/six-des-mythes-fiscaux-les-plus-courants-en-2025\/#primaryimage","url":"https:\/\/vieassociative.be\/actualites\/wp-content\/uploads\/2025\/03\/Six-des-mythes-fiscaux-les-plus-courants-en-2025.jpg","contentUrl":"https:\/\/vieassociative.be\/actualites\/wp-content\/uploads\/2025\/03\/Six-des-mythes-fiscaux-les-plus-courants-en-2025.jpg","width":1200,"height":675,"caption":"Six des mythes fiscaux les plus courants en 2025"},{"@type":"BreadcrumbList","@id":"https:\/\/vieassociative.be\/actualites\/six-des-mythes-fiscaux-les-plus-courants-en-2025\/#breadcrumb","itemListElement":[{"@type":"ListItem","position":1,"name":"Accueil","item":"https:\/\/vieassociative.be\/actualites\/"},{"@type":"ListItem","position":2,"name":"Six des mythes fiscaux les plus courants en 2025"}]},{"@type":"WebSite","@id":"https:\/\/vieassociative.be\/actualites\/#website","url":"https:\/\/vieassociative.be\/actualites\/","name":"Vie Associative","description":"","publisher":{"@id":"https:\/\/vieassociative.be\/actualites\/#organization"},"potentialAction":[{"@type":"SearchAction","target":{"@type":"EntryPoint","urlTemplate":"https:\/\/vieassociative.be\/actualites\/?s={search_term_string}"},"query-input":{"@type":"PropertyValueSpecification","valueRequired":true,"valueName":"search_term_string"}}],"inLanguage":"fr-BE"},{"@type":"Organization","@id":"https:\/\/vieassociative.be\/actualites\/#organization","name":"Vie Associative","url":"https:\/\/vieassociative.be\/actualites\/","logo":{"@type":"ImageObject","inLanguage":"fr-BE","@id":"https:\/\/vieassociative.be\/actualites\/#\/schema\/logo\/image\/","url":"https:\/\/vieassociative.be\/actualites\/wp-content\/uploads\/2024\/09\/cropped-vieassociative_favicon.ico.png","contentUrl":"https:\/\/vieassociative.be\/actualites\/wp-content\/uploads\/2024\/09\/cropped-vieassociative_favicon.ico.png","width":512,"height":512,"caption":"Vie Associative"},"image":{"@id":"https:\/\/vieassociative.be\/actualites\/#\/schema\/logo\/image\/"}},{"@type":"Person","@id":"https:\/\/vieassociative.be\/actualites\/#\/schema\/person\/b87ac4f82f9d4e7b7cec7395b679edc4","name":"Julien","image":{"@type":"ImageObject","inLanguage":"fr-BE","@id":"https:\/\/vieassociative.be\/actualites\/#\/schema\/person\/image\/","url":"https:\/\/vieassociative.be\/actualites\/wp-content\/uploads\/2024\/09\/vie-associative-1-150x150.jpg","contentUrl":"https:\/\/vieassociative.be\/actualites\/wp-content\/uploads\/2024\/09\/vie-associative-1-150x150.jpg","caption":"Julien"},"description":"Je suis Julien, r\u00e9dacteur pour Vie Associative. Passionn\u00e9 par le monde associatif depuis plus de 10 ans, j'ai \u00e0 c\u0153ur de partager des histoires inspirantes et de mettre en lumi\u00e8re les initiatives locales. Mon objectif est de sensibiliser et d'encourager l'engagement communautaire \u00e0 travers mes articles.","sameAs":["https:\/\/vieassociative.be\/"]}]}},"_links":{"self":[{"href":"https:\/\/vieassociative.be\/actualites\/wp-json\/wp\/v2\/posts\/5669"}],"collection":[{"href":"https:\/\/vieassociative.be\/actualites\/wp-json\/wp\/v2\/posts"}],"about":[{"href":"https:\/\/vieassociative.be\/actualites\/wp-json\/wp\/v2\/types\/post"}],"author":[{"embeddable":true,"href":"https:\/\/vieassociative.be\/actualites\/wp-json\/wp\/v2\/users\/1"}],"replies":[{"embeddable":true,"href":"https:\/\/vieassociative.be\/actualites\/wp-json\/wp\/v2\/comments?post=5669"}],"version-history":[{"count":0,"href":"https:\/\/vieassociative.be\/actualites\/wp-json\/wp\/v2\/posts\/5669\/revisions"}],"wp:featuredmedia":[{"embeddable":true,"href":"https:\/\/vieassociative.be\/actualites\/wp-json\/wp\/v2\/media\/5670"}],"wp:attachment":[{"href":"https:\/\/vieassociative.be\/actualites\/wp-json\/wp\/v2\/media?parent=5669"}],"wp:term":[{"taxonomy":"category","embeddable":true,"href":"https:\/\/vieassociative.be\/actualites\/wp-json\/wp\/v2\/categories?post=5669"},{"taxonomy":"post_tag","embeddable":true,"href":"https:\/\/vieassociative.be\/actualites\/wp-json\/wp\/v2\/tags?post=5669"}],"curies":[{"name":"wp","href":"https:\/\/api.w.org\/{rel}","templated":true}]}}