{"id":5667,"date":"2025-03-06T19:17:00","date_gmt":"2025-03-06T18:17:00","guid":{"rendered":"https:\/\/vieassociative.be\/actualites\/toutes-les-taches-de-jardinage-a-aborder-en-mars\/"},"modified":"2025-03-06T19:17:00","modified_gmt":"2025-03-06T18:17:00","slug":"toutes-les-taches-de-jardinage-a-aborder-en-mars","status":"publish","type":"post","link":"https:\/\/vieassociative.be\/actualites\/toutes-les-taches-de-jardinage-a-aborder-en-mars\/","title":{"rendered":"Toutes les t\u00e2ches de jardinage \u00e0 aborder en mars"},"content":{"rendered":"<div class=\"mt-4 leading-6 md:mb-8\">Il est temps de nettoyer, de tester, de tailler et de planter.<\/div>\n<p><\/p>\n<p>Il y a deux semaines, il y avait une couverture de neige dans la majeure partie du pays. Cela a fondu dans ce qui ressemble au d\u00e9but du printemps, avec des jours occasionnellement clairs et un temps chaud (ish). Les iris et les tulipes ont commenc\u00e9 \u00e0 \u00e9merger dans certaines r\u00e9gions, le signe le plus s\u00fbr que la saison de plantation approche. C&rsquo;est le moment de s&rsquo;organiser et de se pr\u00e9parer, car au moment o\u00f9 nous parlons \u00e0 nouveau en avril, nous serons<em> en elle. <\/em>  <\/p>\n<h2 id=\"start-garden-and-lawn-cleanup-in-march\">D\u00e9marrer le nettoyage du jardin et de la pelouse en mars<\/h2>\n<p>Il est maintenant temps de sortir et de commencer votre nettoyage de printemps. Vous ne voulez pas vous d\u00e9barrasser des feuilles &#8211; il y a encore des insectes en sommeil, et ils seront jusqu&rsquo;\u00e0 ce que les temp\u00e9ratures de printemps atteignent. Mais vous pouvez les ras\u00e9s doucement dans des lits et effacer votre pelouse. Prenez vos pruniers et d\u00e9barrassez-vous du bois mort que vous voyez autour de vous sur des arbustes. Si vous n&rsquo;avez pas frapp\u00e9 vos cannes de baies auparavant, c&rsquo;est votre derni\u00e8re chance d&rsquo;\u00e9liminer le bois mort. Vos bleuets sont \u00e9galement pr\u00eats \u00e0 obtenir une bonne \u00e9lagage structurel. Donnez \u00e0 vos grands arbustes et petits arbres une taille finale; Nous sommes \u00e0 la fin du moment o\u00f9 il est acceptable de le faire. Pour les arbres, retirez les branches vis\u00e9es vers l&rsquo;int\u00e9rieur ou celles qui traversent une autre branche. Vous souhaitez cr\u00e9er un flux d&rsquo;air. Il en va de m\u00eame pour vos arbustes: si vous avez permis \u00e0 vos hortensias et aux lilas de devenir bois\u00e9s, c&rsquo;est le bon moment pour les \u00e9claircir en \u00e9liminant les branches int\u00e9rieures et celles qui visent \u00e0 l&rsquo;int\u00e9rieur, traversent d&rsquo;autres branches, ou sont trop proches de la maison. <\/p>\n<p>Nettoyez vos caract\u00e9ristiques d&rsquo;eau comme les \u00e9tangs et les bulles. Ils pourraient avoir des algues ou trop d&rsquo;azote des feuilles. Consid\u00e9rez les dunks des moustiques pour \u00e9viter un probl\u00e8me plus tard cet \u00e9t\u00e9. <\/p>\n<p>Videz vos bo\u00eetes \u00e0 oiseaux; Les oiseaux n&rsquo;aiment pas un espace d&rsquo;occasion. Faites un nettoyage en profondeur de tous vos mangeoires d&rsquo;oiseaux, afin que vous ne r\u00e9pandiez pas la maladie locale, en particulier cette ann\u00e9e, compte tenu de l&rsquo;\u00e9tat de la grippe des oiseaux. <\/p>\n<p>Bien que je sois un converti Ecolawn, il est temps de raviver l&rsquo;espace vert, que ce soit du tr\u00e8fle ou de l&rsquo;herbe. D\u00e9couvrez-le et envisagez de l&rsquo;a\u00e9rer avec un a\u00e9rateur, que vous pouvez louer ou emprunter. Ensuite, fertilisez la pelouse, et d\u00e8s qu&rsquo;il fait suffisamment chaud, il l&rsquo;a sur\u00e9valu\u00e9. Pour les graines de gazon, vous avez besoin de temp\u00e9ratures au sol \u00e0 50 degr\u00e9s; Pour les tr\u00e8fles, vous avez besoin de 40 degr\u00e9s. <\/p>\n<h2 id=\"divide-tubers-and-plan-your-bulbs\">Divisez les tubercules et planifiez vos ampoules<\/h2>\n<p>Maintenant que vos iris et autres tubercules devraient envoyer de petites pousses, vous pouvez voir pr\u00e9cis\u00e9ment o\u00f9 ils se trouvent et, si n\u00e9cessaire, les briser. Les tubercules (racine de gingembre sont un tubercule, et il ressemble exactement \u00e0 des tubercules d&rsquo;iris et \u00e0 d&rsquo;autres) sont tr\u00e8s difficiles \u00e0 tuer. Vous pouvez les d\u00e9terrer et les s\u00e9parer, ou leur enlever une b\u00eache (poussez-le \u00e0 travers le tubercule pour le diviser). Je suis connu pour prendre un couteau \u00e0 pain dentel\u00e9 dans le jardin, le pousser dans la salet\u00e9 et scir des tubercules, mais une bonne hori hori dentel\u00e9e fera \u00e9galement le travail. M\u00eame un petit morceau peut \u00eatre replant\u00e9. Vous ne devriez vraiment jamais avoir besoin d&rsquo;acheter plus d&rsquo;iris; Vous avez la capacit\u00e9 de propager autant que vous en avez besoin. <\/p>\n<p>\u00c0 l&rsquo;exception de quelques fleurs comme Ranunculus, il est trop tard pour planter la plupart des ampoules d&rsquo;automne \/ fleuriage de printemps, comme des tulipes. Mais consid\u00e9rez que lorsque vous plantez des tulipes \u00e0 l&rsquo;automne, vous n&rsquo;avez aucune id\u00e9e de ce \u00e0 quoi ressemble votre jardin au printemps. Pendant cette p\u00e9riode de l&rsquo;ann\u00e9e, je prends des photos chaque semaine de la plupart de ma cour et j&rsquo;essaie de faire attention \u00e0 l&rsquo;endroit o\u00f9 j&rsquo;ai besoin de plus d&rsquo;ampoules, quels types de bulbes, quelles couleurs, etc. Je prends beaucoup de notes que je peux r\u00e9f\u00e9rencer \u00e0 l&rsquo;automne lorsque je commande des ampoules et de la plante. <\/p>\n<p>Vous pouvez planter Ranunculus, qui est une ampoule d&rsquo;automne, mais est tr\u00e8s indulgent la plantation du d\u00e9but du printemps. \u00ab\u00a0Ranuncs\u00a0\u00bb, comme ils sont mentionn\u00e9s par les jardiniers, sont comme de petites pivoines et viennent dans des couleurs fantastiques. Leurs minuscules bornes en forme d&rsquo;araign\u00e9e (comme les ampoules) sont faciles \u00e0 planter; Ils n&rsquo;ont pas besoin de beaucoup de profondeur, et comme vous les plantez maintenant, vous pouvez les mettre exactement o\u00f9 vous en avez besoin pour fleurir. Faites-les tremper dans de l&rsquo;eau \u00e0 temp\u00e9rature ambiante pendant la nuit avant la plantation, puis placez-les avec les racines orient\u00e9es vers le bas. <\/p>\n<h2 id=\"prep-the-garden-beds\">Pr\u00e9parer les lits de jardin<\/h2>\n<p>Il existe de nombreuses fa\u00e7ons de pr\u00e9parer des lits de jardin pour le printemps s&rsquo;ils ne sont pas utilis\u00e9s avec votre jardin d&rsquo;hiver. Tout d&rsquo;abord, nettoyez les lits. Hachez toutes vos cultures mortes, mais laissez les racines en place pour composer si vous le pouvez. Le nettoyage des lits, que ce soit des feuilles ou des branches, signifiera moins de nourriture pour les limaces et les escargots, car c&rsquo;est \u00e0 ce moment que vous \u00eates le plus susceptible de les attraper avant de repeupler. Allez Ham on Slug Traps d\u00e8s maintenant. Ils n&rsquo;ont pas besoin d&rsquo;\u00eatre compliqu\u00e9s &#8211; les plats de bi\u00e8re de la bi\u00e8re fonctionnent tr\u00e8s bien. <\/p>\n<p>D\u00e9barrassez-vous aussi des mauvaises herbes avant de se multiplier. Cela ne fera qu&#8217;empirer \u00e0 partir de maintenant. Assurez-vous de les retirer enti\u00e8rement, peu importe leur taille. Vous n&rsquo;avez pas \u00e0 remonter tout votre lit; En fait, beaucoup de gens pensent que cela ne fait que les graines de mauvaises herbes \u00e0 la surface. Vous pouvez utiliser une fourchette pour briser le sol juste assez pour permettre \u00e0 vos plantes de pousser des racines saines, sans d\u00e9truire les structures qui ont d\u00e9j\u00e0 \u00e9t\u00e9 \u00e9tablies dans le sol, comme des mycorhizes sains. En parlant de cela, vous pouvez ajouter des mycorhizes \u00e0 vos lits pour aider \u00e0 cr\u00e9er une meilleure sant\u00e9 et une meilleure structure, et ce serait maintenant le bon moment pour le faire. <\/p>\n<p>Si vous n&rsquo;avez jamais test\u00e9 votre sol, faites-le maintenant. Parlez \u00e0 votre p\u00e9pini\u00e8re locale, \u00e0 votre bureau de vulgarisation ou \u00e0 votre magasin de ferme. Vous collectez un peu de salet\u00e9, l&rsquo;envoyez et ils vous feront savoir ce dont votre sol a besoin. De fa\u00e7on r\u00e9aliste, la chose la plus efficace que vous puissiez faire dans votre jardin est d&rsquo;avoir un sol vraiment sain avec le moins de mauvaises herbes possible. <\/p>\n<p>Une fois que les lits sont propres et pr\u00eats, consid\u00e9rez deux t\u00e2ches suppl\u00e9mentaires. Premi\u00e8rement: paillis. Le paillis est id\u00e9al pour arr\u00eater les mauvaises herbes, mais il prot\u00e8ge \u00e9galement les racines des plantes pour les garder humides et insult\u00e9es du temps. Vous pouvez \u00e9galement envisager de faire monter les tunnels bas \u00e0 ce stade afin que vous puissiez commencer t\u00f4t la saison. <\/p>\n<h2 id=\"plant-or-prune-roses\">Roses de plante (ou de tailler)<\/h2>\n<p>Si vous avez \u00e9tabli des roses, c&rsquo;est le temps d&rsquo;\u00e9lagage. Si vous ne le faites pas, nous venons de commencer la saison des plantations de roses et des roses Bareroot de toutes les grandes maisons de roses comme David Austin frappent maintenant les p\u00e9pini\u00e8res. Faites attention aux instructions de la p\u00e9pini\u00e8re pour planter des roses Bareroot: ces amis \u00e0 froufrous ont besoin d&rsquo;engrais, de bonne pr\u00e9paration de trou de plantation et pour \u00eatre plant\u00e9s correctement afin de prosp\u00e9rer. <\/p>\n<h2 id=\"fertilize-these-shrubs\">Fertiliser ces arbustes <\/h2>\n<p>Les cam\u00e9lias sont sur le point de fleurir (le mien a d\u00e9j\u00e0 commenc\u00e9), et d&rsquo;autres grands arbustes comme les azal\u00e9es et les rhododendrons ne sont pas loin derri\u00e8re. Ils b\u00e9n\u00e9ficient de l&rsquo;engrais Ericacous, et c&rsquo;est le moment de les en habiller. Vous pouvez ramasser cet engrais acide \u00e0 la p\u00e9pini\u00e8re locale. <\/p>\n<h2 id=\"plant-spring-crops-as-soon-as-the-ground-is-workable\">Planter les cultures de printemps d\u00e8s que le sol est r\u00e9alisable<\/h2>\n<p>Il est difficile de croire que le temps est l\u00e0, mais si la p\u00e9pini\u00e8re a des cultures de printemps, vous pouvez commencer \u00e0 les ajouter \u00e0 votre jardin. Le brocoli, le chou-fleur, le chou fris\u00e9, les \u00e9pinards, la laitue et le radicchio sont bons pour y aller une fois que le risque de gel dur est pass\u00e9. Les graines de pois peuvent entrer et les pois doux peuvent \u00eatre plant\u00e9s. <\/p>\n<p>J&rsquo;ai vu plusieurs amis esquisser leur jardin d&rsquo;\u00e9t\u00e9 la semaine derni\u00e8re. Il peut encore \u00eatre froid dehors, mais la saison est bient\u00f4t sur nous. Sortez \u00e0 l&rsquo;ext\u00e9rieur et commencez \u00e0 creuser; Ce sera l\u00e0 en un rien de temps. <\/p>\n","protected":false},"excerpt":{"rendered":"<p>Il est temps de nettoyer, de tester, de tailler et de planter. Il y a deux semaines, il y avait une couverture de neige dans<\/p>\n","protected":false},"author":1,"featured_media":5668,"comment_status":"","ping_status":"","sticky":false,"template":"","format":"standard","meta":{"footnotes":""},"categories":[40],"tags":[5691,5690,14,3221,2830,62],"class_list":["post-5667","post","type-post","status-publish","format-standard","has-post-thumbnail","hentry","category-maison","tag-aborder","tag-jardinage","tag-les","tag-mars","tag-taches","tag-toutes","generate-columns","tablet-grid-50","mobile-grid-100","grid-parent","grid-33"],"yoast_head":"<!-- This site is optimized with the Yoast SEO plugin v24.0 - https:\/\/yoast.com\/wordpress\/plugins\/seo\/ -->\n<title>Toutes les t\u00e2ches de jardinage \u00e0 aborder en mars | Vie Associative<\/title>\n<meta name=\"robots\" content=\"index, follow, max-snippet:-1, max-image-preview:large, max-video-preview:-1\" \/>\n<link rel=\"canonical\" href=\"https:\/\/vieassociative.be\/actualites\/toutes-les-taches-de-jardinage-a-aborder-en-mars\/\" \/>\n<meta property=\"og:locale\" content=\"fr_FR\" \/>\n<meta property=\"og:type\" content=\"article\" \/>\n<meta property=\"og:title\" content=\"Toutes les t\u00e2ches de jardinage \u00e0 aborder en mars | Vie Associative\" \/>\n<meta property=\"og:description\" content=\"Il est temps de nettoyer, de tester, de tailler et de planter. Il y a deux semaines, il y avait une couverture de neige dans\" \/>\n<meta property=\"og:url\" content=\"https:\/\/vieassociative.be\/actualites\/toutes-les-taches-de-jardinage-a-aborder-en-mars\/\" \/>\n<meta property=\"og:site_name\" content=\"Vie Associative\" \/>\n<meta property=\"article:published_time\" content=\"2025-03-06T18:17:00+00:00\" \/>\n<meta property=\"og:image\" content=\"https:\/\/vieassociative.be\/actualites\/wp-content\/uploads\/2024\/09\/header_backgroundk-01-e1726694325946.png\" \/>\n\t<meta property=\"og:image:width\" content=\"279\" \/>\n\t<meta property=\"og:image:height\" content=\"92\" \/>\n\t<meta property=\"og:image:type\" content=\"image\/png\" \/>\n<meta name=\"author\" content=\"Julien\" \/>\n<meta name=\"twitter:card\" content=\"summary_large_image\" \/>\n<meta name=\"twitter:label1\" content=\"\u00c9crit par\" \/>\n\t<meta name=\"twitter:data1\" content=\"Julien\" \/>\n\t<meta name=\"twitter:label2\" content=\"Dur\u00e9e de lecture est.\" \/>\n\t<meta name=\"twitter:data2\" content=\"7 minutes\" \/>\n<script type=\"application\/ld+json\" class=\"yoast-schema-graph\">{\"@context\":\"https:\/\/schema.org\",\"@graph\":[{\"@type\":\"Article\",\"@id\":\"https:\/\/vieassociative.be\/actualites\/toutes-les-taches-de-jardinage-a-aborder-en-mars\/#article\",\"isPartOf\":{\"@id\":\"https:\/\/vieassociative.be\/actualites\/toutes-les-taches-de-jardinage-a-aborder-en-mars\/\"},\"author\":{\"name\":\"Julien\",\"@id\":\"https:\/\/vieassociative.be\/actualites\/#\/schema\/person\/b87ac4f82f9d4e7b7cec7395b679edc4\"},\"headline\":\"Toutes les t\u00e2ches de jardinage \u00e0 aborder en mars\",\"datePublished\":\"2025-03-06T18:17:00+00:00\",\"dateModified\":\"2025-03-06T18:17:00+00:00\",\"mainEntityOfPage\":{\"@id\":\"https:\/\/vieassociative.be\/actualites\/toutes-les-taches-de-jardinage-a-aborder-en-mars\/\"},\"wordCount\":1555,\"publisher\":{\"@id\":\"https:\/\/vieassociative.be\/actualites\/#organization\"},\"image\":{\"@id\":\"https:\/\/vieassociative.be\/actualites\/toutes-les-taches-de-jardinage-a-aborder-en-mars\/#primaryimage\"},\"thumbnailUrl\":\"https:\/\/vieassociative.be\/actualites\/wp-content\/uploads\/2025\/03\/Toutes-les-taches-de-jardinage-a-aborder-en-mars.png\",\"keywords\":[\"aborder\",\"jardinage\",\"Les\",\"mars\",\"t\u00e2ches\",\"toutes\"],\"articleSection\":[\"Maison\"],\"inLanguage\":\"fr-BE\"},{\"@type\":\"WebPage\",\"@id\":\"https:\/\/vieassociative.be\/actualites\/toutes-les-taches-de-jardinage-a-aborder-en-mars\/\",\"url\":\"https:\/\/vieassociative.be\/actualites\/toutes-les-taches-de-jardinage-a-aborder-en-mars\/\",\"name\":\"Toutes les t\u00e2ches de jardinage \u00e0 aborder en mars | Vie Associative\",\"isPartOf\":{\"@id\":\"https:\/\/vieassociative.be\/actualites\/#website\"},\"primaryImageOfPage\":{\"@id\":\"https:\/\/vieassociative.be\/actualites\/toutes-les-taches-de-jardinage-a-aborder-en-mars\/#primaryimage\"},\"image\":{\"@id\":\"https:\/\/vieassociative.be\/actualites\/toutes-les-taches-de-jardinage-a-aborder-en-mars\/#primaryimage\"},\"thumbnailUrl\":\"https:\/\/vieassociative.be\/actualites\/wp-content\/uploads\/2025\/03\/Toutes-les-taches-de-jardinage-a-aborder-en-mars.png\",\"datePublished\":\"2025-03-06T18:17:00+00:00\",\"dateModified\":\"2025-03-06T18:17:00+00:00\",\"breadcrumb\":{\"@id\":\"https:\/\/vieassociative.be\/actualites\/toutes-les-taches-de-jardinage-a-aborder-en-mars\/#breadcrumb\"},\"inLanguage\":\"fr-BE\",\"potentialAction\":[{\"@type\":\"ReadAction\",\"target\":[\"https:\/\/vieassociative.be\/actualites\/toutes-les-taches-de-jardinage-a-aborder-en-mars\/\"]}]},{\"@type\":\"ImageObject\",\"inLanguage\":\"fr-BE\",\"@id\":\"https:\/\/vieassociative.be\/actualites\/toutes-les-taches-de-jardinage-a-aborder-en-mars\/#primaryimage\",\"url\":\"https:\/\/vieassociative.be\/actualites\/wp-content\/uploads\/2025\/03\/Toutes-les-taches-de-jardinage-a-aborder-en-mars.png\",\"contentUrl\":\"https:\/\/vieassociative.be\/actualites\/wp-content\/uploads\/2025\/03\/Toutes-les-taches-de-jardinage-a-aborder-en-mars.png\",\"width\":1200,\"height\":675,\"caption\":\"Toutes les t\u00e2ches de jardinage \u00e0 aborder en mars\"},{\"@type\":\"BreadcrumbList\",\"@id\":\"https:\/\/vieassociative.be\/actualites\/toutes-les-taches-de-jardinage-a-aborder-en-mars\/#breadcrumb\",\"itemListElement\":[{\"@type\":\"ListItem\",\"position\":1,\"name\":\"Accueil\",\"item\":\"https:\/\/vieassociative.be\/actualites\/\"},{\"@type\":\"ListItem\",\"position\":2,\"name\":\"Toutes les t\u00e2ches de jardinage \u00e0 aborder en mars\"}]},{\"@type\":\"WebSite\",\"@id\":\"https:\/\/vieassociative.be\/actualites\/#website\",\"url\":\"https:\/\/vieassociative.be\/actualites\/\",\"name\":\"Vie Associative\",\"description\":\"\",\"publisher\":{\"@id\":\"https:\/\/vieassociative.be\/actualites\/#organization\"},\"potentialAction\":[{\"@type\":\"SearchAction\",\"target\":{\"@type\":\"EntryPoint\",\"urlTemplate\":\"https:\/\/vieassociative.be\/actualites\/?s={search_term_string}\"},\"query-input\":{\"@type\":\"PropertyValueSpecification\",\"valueRequired\":true,\"valueName\":\"search_term_string\"}}],\"inLanguage\":\"fr-BE\"},{\"@type\":\"Organization\",\"@id\":\"https:\/\/vieassociative.be\/actualites\/#organization\",\"name\":\"Vie Associative\",\"url\":\"https:\/\/vieassociative.be\/actualites\/\",\"logo\":{\"@type\":\"ImageObject\",\"inLanguage\":\"fr-BE\",\"@id\":\"https:\/\/vieassociative.be\/actualites\/#\/schema\/logo\/image\/\",\"url\":\"https:\/\/vieassociative.be\/actualites\/wp-content\/uploads\/2024\/09\/cropped-vieassociative_favicon.ico.png\",\"contentUrl\":\"https:\/\/vieassociative.be\/actualites\/wp-content\/uploads\/2024\/09\/cropped-vieassociative_favicon.ico.png\",\"width\":512,\"height\":512,\"caption\":\"Vie Associative\"},\"image\":{\"@id\":\"https:\/\/vieassociative.be\/actualites\/#\/schema\/logo\/image\/\"}},{\"@type\":\"Person\",\"@id\":\"https:\/\/vieassociative.be\/actualites\/#\/schema\/person\/b87ac4f82f9d4e7b7cec7395b679edc4\",\"name\":\"Julien\",\"image\":{\"@type\":\"ImageObject\",\"inLanguage\":\"fr-BE\",\"@id\":\"https:\/\/vieassociative.be\/actualites\/#\/schema\/person\/image\/\",\"url\":\"https:\/\/vieassociative.be\/actualites\/wp-content\/uploads\/2024\/09\/vie-associative-1-150x150.jpg\",\"contentUrl\":\"https:\/\/vieassociative.be\/actualites\/wp-content\/uploads\/2024\/09\/vie-associative-1-150x150.jpg\",\"caption\":\"Julien\"},\"description\":\"Je suis Julien, r\u00e9dacteur pour Vie Associative. Passionn\u00e9 par le monde associatif depuis plus de 10 ans, j'ai \u00e0 c\u0153ur de partager des histoires inspirantes et de mettre en lumi\u00e8re les initiatives locales. Mon objectif est de sensibiliser et d'encourager l'engagement communautaire \u00e0 travers mes articles.\",\"sameAs\":[\"https:\/\/vieassociative.be\/\"]}]}<\/script>\n<!-- \/ Yoast SEO plugin. -->","yoast_head_json":{"title":"Toutes les t\u00e2ches de jardinage \u00e0 aborder en mars | Vie Associative","robots":{"index":"index","follow":"follow","max-snippet":"max-snippet:-1","max-image-preview":"max-image-preview:large","max-video-preview":"max-video-preview:-1"},"canonical":"https:\/\/vieassociative.be\/actualites\/toutes-les-taches-de-jardinage-a-aborder-en-mars\/","og_locale":"fr_FR","og_type":"article","og_title":"Toutes les t\u00e2ches de jardinage \u00e0 aborder en mars | Vie Associative","og_description":"Il est temps de nettoyer, de tester, de tailler et de planter. Il y a deux semaines, il y avait une couverture de neige dans","og_url":"https:\/\/vieassociative.be\/actualites\/toutes-les-taches-de-jardinage-a-aborder-en-mars\/","og_site_name":"Vie Associative","article_published_time":"2025-03-06T18:17:00+00:00","og_image":[{"width":279,"height":92,"url":"https:\/\/vieassociative.be\/actualites\/wp-content\/uploads\/2024\/09\/header_backgroundk-01-e1726694325946.png","type":"image\/png"}],"author":"Julien","twitter_card":"summary_large_image","twitter_misc":{"\u00c9crit par":"Julien","Dur\u00e9e de lecture est.":"7 minutes"},"schema":{"@context":"https:\/\/schema.org","@graph":[{"@type":"Article","@id":"https:\/\/vieassociative.be\/actualites\/toutes-les-taches-de-jardinage-a-aborder-en-mars\/#article","isPartOf":{"@id":"https:\/\/vieassociative.be\/actualites\/toutes-les-taches-de-jardinage-a-aborder-en-mars\/"},"author":{"name":"Julien","@id":"https:\/\/vieassociative.be\/actualites\/#\/schema\/person\/b87ac4f82f9d4e7b7cec7395b679edc4"},"headline":"Toutes les t\u00e2ches de jardinage \u00e0 aborder en mars","datePublished":"2025-03-06T18:17:00+00:00","dateModified":"2025-03-06T18:17:00+00:00","mainEntityOfPage":{"@id":"https:\/\/vieassociative.be\/actualites\/toutes-les-taches-de-jardinage-a-aborder-en-mars\/"},"wordCount":1555,"publisher":{"@id":"https:\/\/vieassociative.be\/actualites\/#organization"},"image":{"@id":"https:\/\/vieassociative.be\/actualites\/toutes-les-taches-de-jardinage-a-aborder-en-mars\/#primaryimage"},"thumbnailUrl":"https:\/\/vieassociative.be\/actualites\/wp-content\/uploads\/2025\/03\/Toutes-les-taches-de-jardinage-a-aborder-en-mars.png","keywords":["aborder","jardinage","Les","mars","t\u00e2ches","toutes"],"articleSection":["Maison"],"inLanguage":"fr-BE"},{"@type":"WebPage","@id":"https:\/\/vieassociative.be\/actualites\/toutes-les-taches-de-jardinage-a-aborder-en-mars\/","url":"https:\/\/vieassociative.be\/actualites\/toutes-les-taches-de-jardinage-a-aborder-en-mars\/","name":"Toutes les t\u00e2ches de jardinage \u00e0 aborder en mars | Vie Associative","isPartOf":{"@id":"https:\/\/vieassociative.be\/actualites\/#website"},"primaryImageOfPage":{"@id":"https:\/\/vieassociative.be\/actualites\/toutes-les-taches-de-jardinage-a-aborder-en-mars\/#primaryimage"},"image":{"@id":"https:\/\/vieassociative.be\/actualites\/toutes-les-taches-de-jardinage-a-aborder-en-mars\/#primaryimage"},"thumbnailUrl":"https:\/\/vieassociative.be\/actualites\/wp-content\/uploads\/2025\/03\/Toutes-les-taches-de-jardinage-a-aborder-en-mars.png","datePublished":"2025-03-06T18:17:00+00:00","dateModified":"2025-03-06T18:17:00+00:00","breadcrumb":{"@id":"https:\/\/vieassociative.be\/actualites\/toutes-les-taches-de-jardinage-a-aborder-en-mars\/#breadcrumb"},"inLanguage":"fr-BE","potentialAction":[{"@type":"ReadAction","target":["https:\/\/vieassociative.be\/actualites\/toutes-les-taches-de-jardinage-a-aborder-en-mars\/"]}]},{"@type":"ImageObject","inLanguage":"fr-BE","@id":"https:\/\/vieassociative.be\/actualites\/toutes-les-taches-de-jardinage-a-aborder-en-mars\/#primaryimage","url":"https:\/\/vieassociative.be\/actualites\/wp-content\/uploads\/2025\/03\/Toutes-les-taches-de-jardinage-a-aborder-en-mars.png","contentUrl":"https:\/\/vieassociative.be\/actualites\/wp-content\/uploads\/2025\/03\/Toutes-les-taches-de-jardinage-a-aborder-en-mars.png","width":1200,"height":675,"caption":"Toutes les t\u00e2ches de jardinage \u00e0 aborder en mars"},{"@type":"BreadcrumbList","@id":"https:\/\/vieassociative.be\/actualites\/toutes-les-taches-de-jardinage-a-aborder-en-mars\/#breadcrumb","itemListElement":[{"@type":"ListItem","position":1,"name":"Accueil","item":"https:\/\/vieassociative.be\/actualites\/"},{"@type":"ListItem","position":2,"name":"Toutes les t\u00e2ches de jardinage \u00e0 aborder en mars"}]},{"@type":"WebSite","@id":"https:\/\/vieassociative.be\/actualites\/#website","url":"https:\/\/vieassociative.be\/actualites\/","name":"Vie Associative","description":"","publisher":{"@id":"https:\/\/vieassociative.be\/actualites\/#organization"},"potentialAction":[{"@type":"SearchAction","target":{"@type":"EntryPoint","urlTemplate":"https:\/\/vieassociative.be\/actualites\/?s={search_term_string}"},"query-input":{"@type":"PropertyValueSpecification","valueRequired":true,"valueName":"search_term_string"}}],"inLanguage":"fr-BE"},{"@type":"Organization","@id":"https:\/\/vieassociative.be\/actualites\/#organization","name":"Vie Associative","url":"https:\/\/vieassociative.be\/actualites\/","logo":{"@type":"ImageObject","inLanguage":"fr-BE","@id":"https:\/\/vieassociative.be\/actualites\/#\/schema\/logo\/image\/","url":"https:\/\/vieassociative.be\/actualites\/wp-content\/uploads\/2024\/09\/cropped-vieassociative_favicon.ico.png","contentUrl":"https:\/\/vieassociative.be\/actualites\/wp-content\/uploads\/2024\/09\/cropped-vieassociative_favicon.ico.png","width":512,"height":512,"caption":"Vie Associative"},"image":{"@id":"https:\/\/vieassociative.be\/actualites\/#\/schema\/logo\/image\/"}},{"@type":"Person","@id":"https:\/\/vieassociative.be\/actualites\/#\/schema\/person\/b87ac4f82f9d4e7b7cec7395b679edc4","name":"Julien","image":{"@type":"ImageObject","inLanguage":"fr-BE","@id":"https:\/\/vieassociative.be\/actualites\/#\/schema\/person\/image\/","url":"https:\/\/vieassociative.be\/actualites\/wp-content\/uploads\/2024\/09\/vie-associative-1-150x150.jpg","contentUrl":"https:\/\/vieassociative.be\/actualites\/wp-content\/uploads\/2024\/09\/vie-associative-1-150x150.jpg","caption":"Julien"},"description":"Je suis Julien, r\u00e9dacteur pour Vie Associative. Passionn\u00e9 par le monde associatif depuis plus de 10 ans, j'ai \u00e0 c\u0153ur de partager des histoires inspirantes et de mettre en lumi\u00e8re les initiatives locales. Mon objectif est de sensibiliser et d'encourager l'engagement communautaire \u00e0 travers mes articles.","sameAs":["https:\/\/vieassociative.be\/"]}]}},"_links":{"self":[{"href":"https:\/\/vieassociative.be\/actualites\/wp-json\/wp\/v2\/posts\/5667"}],"collection":[{"href":"https:\/\/vieassociative.be\/actualites\/wp-json\/wp\/v2\/posts"}],"about":[{"href":"https:\/\/vieassociative.be\/actualites\/wp-json\/wp\/v2\/types\/post"}],"author":[{"embeddable":true,"href":"https:\/\/vieassociative.be\/actualites\/wp-json\/wp\/v2\/users\/1"}],"replies":[{"embeddable":true,"href":"https:\/\/vieassociative.be\/actualites\/wp-json\/wp\/v2\/comments?post=5667"}],"version-history":[{"count":0,"href":"https:\/\/vieassociative.be\/actualites\/wp-json\/wp\/v2\/posts\/5667\/revisions"}],"wp:featuredmedia":[{"embeddable":true,"href":"https:\/\/vieassociative.be\/actualites\/wp-json\/wp\/v2\/media\/5668"}],"wp:attachment":[{"href":"https:\/\/vieassociative.be\/actualites\/wp-json\/wp\/v2\/media?parent=5667"}],"wp:term":[{"taxonomy":"category","embeddable":true,"href":"https:\/\/vieassociative.be\/actualites\/wp-json\/wp\/v2\/categories?post=5667"},{"taxonomy":"post_tag","embeddable":true,"href":"https:\/\/vieassociative.be\/actualites\/wp-json\/wp\/v2\/tags?post=5667"}],"curies":[{"name":"wp","href":"https:\/\/api.w.org\/{rel}","templated":true}]}}