{"id":5661,"date":"2025-03-06T15:18:17","date_gmt":"2025-03-06T14:18:17","guid":{"rendered":"https:\/\/vieassociative.be\/actualites\/le-pape-est-a-lhopital-depuis-trois-semaines-lauteur-freddy-des-elections-ecrit-un-poeme-pour-franziskus\/"},"modified":"2025-03-06T15:18:17","modified_gmt":"2025-03-06T14:18:17","slug":"le-pape-est-a-lhopital-depuis-trois-semaines-lauteur-freddy-des-elections-ecrit-un-poeme-pour-franziskus","status":"publish","type":"post","link":"https:\/\/vieassociative.be\/actualites\/le-pape-est-a-lhopital-depuis-trois-semaines-lauteur-freddy-des-elections-ecrit-un-poeme-pour-franziskus\/","title":{"rendered":"Le pape est \u00e0 l&rsquo;h\u00f4pital depuis trois semaines &#8211; l&rsquo;auteur Freddy des \u00e9lections \u00e9crit un po\u00e8me: \u00ab\u00a0Pour Franziskus\u00a0\u00bb"},"content":{"rendered":"<p><strong>Francis est \u00e0 l&rsquo;h\u00f4pital depuis pr\u00e8s de trois semaines. Le pape souffrant de pneumonie est d\u00e9sormais presque continu avec de l&rsquo;oxyg\u00e8ne suppl\u00e9mentaire &#8211; soit par un masque respiratoire, soit par des canules. L&rsquo;\u00e9crivain Eupen Freddy Der \u00e9lection (79) consacre le chef de l&rsquo;\u00e9glise \u00e0 un po\u00e8me: \u00ab\u00a0pour Francis\u00a0\u00bb (voir ci-dessous).<\/strong><\/p>\n<p><span id=\"more-410714\"><\/span>Le pape de 88 ans porte maintenant un masque sur la bouche et le nez \u00e0 l&rsquo;h\u00f4pital avec lequel il est ventil\u00e9 m\u00e9caniquement. Pendant la journ\u00e9e, il est g\u00e9n\u00e9ralement fourni avec un tuyau sur son nez, comme dit dans son environnement.<\/p>\n<div id=\"attachment_410719\" class=\"wp-caption alignleft\" style=\"max-width: 300px\"><img fetchpriority=\"high\" decoding=\"async\" class=\"wp-image-410719 size-medium\" src=\"https:\/\/vieassociative.be\/actualites\/wp-content\/uploads\/2025\/03\/Le-pape-est-a-lhopital-depuis-trois-semaines-lauteur.jpg\" alt=\"\" width=\"300\" height=\"200\"><\/p>\n<p class=\"wp-caption-text\">05.03.2025, Italie, Rome: Le peintre mexicain Roberto Marquez cr\u00e9e un tableau du pape Fran\u00e7ois qu&rsquo;il a peint devant l&rsquo;h\u00f4pital Agostino Gemelli de Rome. Photo: Gregorio Borgia \/ AP \/ DPA<\/p>\n<\/div>\n<p>Ce vendredi, le chef de l&rsquo;\u00e9glise catholique est \u00e0 l&rsquo;h\u00f4pital Gemelli de Rome depuis trois semaines, aussi longtemps qu&rsquo;auparavant. Apr\u00e8s plusieurs attaques d&rsquo;haleine au cours des derniers jours, selon des informations officielles, il a pass\u00e9 une nuit sans complications. \u00ab\u00a0La nuit s&rsquo;est d\u00e9roul\u00e9e calmement, le pape se repose toujours\u00a0\u00bb, a-t-il d\u00e9clar\u00e9 dans un message serr\u00e9 de la chaise sainte.<\/p>\n<p>L&rsquo;Argentin natif souffre d&rsquo;une pneumonie s\u00e9v\u00e8re qui a captur\u00e9 les deux poumons. Francis avait une p\u00e9nurie respiratoire au moins quatre fois dans la clinique, qui \u00e9tait en partie associ\u00e9e aux crampes et aux vomissements. Ensuite, il a \u00e9galement re\u00e7u un masque de ventilation m\u00e9canique pendant la journ\u00e9e. Il est soulign\u00e9 dans son environnement qu&rsquo;il n&rsquo;est pas ventil\u00e9 artificiellement.<\/p>\n<p>Avec une pr\u00e9vision pour le cours suppl\u00e9mentaire, les m\u00e9decins se retiennent. Francis est \u00e0 la t\u00eate de 1,4 milliard de catholiques dans le monde depuis mars 2013. \u00c0 88 ans, il est le deuxi\u00e8me pape le plus ancien de l&rsquo;histoire. (DPA)<\/p>\n<h3>Pour le pape Fran\u00e7ois<\/h3>\n<p><em>Vous vous signalez parfois pour le souffle<\/em><br \/>\n<em>Comment est-il entour\u00e9 de m\u00e9decins<\/em><br \/>\n<em>Peut-\u00eatre que vous \u00eates le plus dur les jours et les nuits<\/em><br \/>\n<em>Lorsque le couvercle &#8211; les conseillent derri\u00e8re les murs du Vatican<\/em><\/p>\n<p><em>Quand tu es venu, tu ne dis que \u00ab\u00a0Buona Sera\u00a0\u00bb<\/em><br \/>\n<em>Un flaneur de la chapelle Sixtine<\/em><br \/>\n<em>Seuls j\u00e9suites puis les papiles rapidement<\/em><br \/>\n<em>Compl\u00e8tement inconnu dans la demande dans le monde entier<\/em><\/p>\n<p><em>Et si les jeunes s\u0153urs te touchent<\/em><br \/>\n<em>N&rsquo;est pas enfin une main de consolation<\/em><br \/>\n<em>Notre monsieur n&rsquo;a jamais \u00e9t\u00e9 en col\u00e8re<\/em><br \/>\n<em>Son c\u0153ur pouvait le sentir avec gratitude<\/em><\/p>\n<p><em>Si vous voyagez d\u00e9j\u00e0 avec les anges<\/em><br \/>\n<em>Exempt de foires commerciales pontificales<\/em><br \/>\n<em>Votre premi\u00e8re b\u00e9n\u00e9diction reste inoubliable<\/em><br \/>\n<em>Le Saint-Esprit r\u00e9gule le reste<\/em><\/p>\n<p><em><strong>Freddy de l&rsquo;\u00e9lection, Stockem en f\u00e9vrier 2025<\/strong><\/em><\/p>\n","protected":false},"excerpt":{"rendered":"<p>Francis est \u00e0 l&rsquo;h\u00f4pital depuis pr\u00e8s de trois semaines. Le pape souffrant de pneumonie est d\u00e9sormais presque continu avec de l&rsquo;oxyg\u00e8ne suppl\u00e9mentaire &#8211; soit par<\/p>\n","protected":false},"author":1,"featured_media":5662,"comment_status":"","ping_status":"","sticky":false,"template":"","format":"standard","meta":{"footnotes":""},"categories":[298],"tags":[1824,29,4966,2569,76,5688,4912,5686,5048,4201,5687,81,3098,771],"class_list":["post-5661","post","type-post","status-publish","format-standard","has-post-thumbnail","hentry","category-belgique","tag-depuis","tag-des","tag-ecrit","tag-elections","tag-est","tag-franziskus","tag-freddy","tag-lauteur","tag-lhopital","tag-pape","tag-poeme","tag-pour","tag-semaines","tag-trois","generate-columns","tablet-grid-50","mobile-grid-100","grid-parent","grid-33"],"yoast_head":"<!-- This site is optimized with the Yoast SEO plugin v24.0 - https:\/\/yoast.com\/wordpress\/plugins\/seo\/ -->\n<title>Le pape est \u00e0 l&#039;h\u00f4pital depuis trois semaines - l&#039;auteur Freddy des \u00e9lections \u00e9crit un po\u00e8me: &quot;Pour Franziskus&quot; | Vie Associative<\/title>\n<meta name=\"robots\" content=\"index, follow, max-snippet:-1, max-image-preview:large, max-video-preview:-1\" \/>\n<link rel=\"canonical\" href=\"https:\/\/vieassociative.be\/actualites\/le-pape-est-a-lhopital-depuis-trois-semaines-lauteur-freddy-des-elections-ecrit-un-poeme-pour-franziskus\/\" \/>\n<meta property=\"og:locale\" content=\"fr_FR\" \/>\n<meta property=\"og:type\" content=\"article\" \/>\n<meta property=\"og:title\" content=\"Le pape est \u00e0 l&#039;h\u00f4pital depuis trois semaines - l&#039;auteur Freddy des \u00e9lections \u00e9crit un po\u00e8me: &quot;Pour Franziskus&quot; | Vie Associative\" \/>\n<meta property=\"og:description\" content=\"Francis est \u00e0 l&rsquo;h\u00f4pital depuis pr\u00e8s de trois semaines. Le pape souffrant de pneumonie est d\u00e9sormais presque continu avec de l&rsquo;oxyg\u00e8ne suppl\u00e9mentaire &#8211; soit par\" \/>\n<meta property=\"og:url\" content=\"https:\/\/vieassociative.be\/actualites\/le-pape-est-a-lhopital-depuis-trois-semaines-lauteur-freddy-des-elections-ecrit-un-poeme-pour-franziskus\/\" \/>\n<meta property=\"og:site_name\" content=\"Vie Associative\" \/>\n<meta property=\"article:published_time\" content=\"2025-03-06T14:18:17+00:00\" \/>\n<meta property=\"og:image\" content=\"https:\/\/vieassociative.be\/actualites\/wp-content\/uploads\/2024\/09\/header_backgroundk-01-e1726694325946.png\" \/>\n\t<meta property=\"og:image:width\" content=\"279\" \/>\n\t<meta property=\"og:image:height\" content=\"92\" \/>\n\t<meta property=\"og:image:type\" content=\"image\/png\" \/>\n<meta name=\"author\" content=\"Julien\" \/>\n<meta name=\"twitter:card\" content=\"summary_large_image\" \/>\n<meta name=\"twitter:label1\" content=\"\u00c9crit par\" \/>\n\t<meta name=\"twitter:data1\" content=\"Julien\" \/>\n\t<meta name=\"twitter:label2\" content=\"Dur\u00e9e de lecture est.\" \/>\n\t<meta name=\"twitter:data2\" content=\"2 minutes\" \/>\n<script type=\"application\/ld+json\" class=\"yoast-schema-graph\">{\"@context\":\"https:\/\/schema.org\",\"@graph\":[{\"@type\":\"Article\",\"@id\":\"https:\/\/vieassociative.be\/actualites\/le-pape-est-a-lhopital-depuis-trois-semaines-lauteur-freddy-des-elections-ecrit-un-poeme-pour-franziskus\/#article\",\"isPartOf\":{\"@id\":\"https:\/\/vieassociative.be\/actualites\/le-pape-est-a-lhopital-depuis-trois-semaines-lauteur-freddy-des-elections-ecrit-un-poeme-pour-franziskus\/\"},\"author\":{\"name\":\"Julien\",\"@id\":\"https:\/\/vieassociative.be\/actualites\/#\/schema\/person\/b87ac4f82f9d4e7b7cec7395b679edc4\"},\"headline\":\"Le pape est \u00e0 l&rsquo;h\u00f4pital depuis trois semaines &#8211; l&rsquo;auteur Freddy des \u00e9lections \u00e9crit un po\u00e8me: \u00ab\u00a0Pour Franziskus\u00a0\u00bb\",\"datePublished\":\"2025-03-06T14:18:17+00:00\",\"dateModified\":\"2025-03-06T14:18:17+00:00\",\"mainEntityOfPage\":{\"@id\":\"https:\/\/vieassociative.be\/actualites\/le-pape-est-a-lhopital-depuis-trois-semaines-lauteur-freddy-des-elections-ecrit-un-poeme-pour-franziskus\/\"},\"wordCount\":478,\"publisher\":{\"@id\":\"https:\/\/vieassociative.be\/actualites\/#organization\"},\"image\":{\"@id\":\"https:\/\/vieassociative.be\/actualites\/le-pape-est-a-lhopital-depuis-trois-semaines-lauteur-freddy-des-elections-ecrit-un-poeme-pour-franziskus\/#primaryimage\"},\"thumbnailUrl\":\"https:\/\/vieassociative.be\/actualites\/wp-content\/uploads\/2025\/03\/1741270697_Le-pape-est-a-lhopital-depuis-trois-semaines-lauteur.jpg\",\"keywords\":[\"depuis\",\"Des\",\"\u00e9crit\",\"\u00e9lections\",\"est\",\"Franziskus\",\"Freddy\",\"lauteur\",\"lh\u00f4pital\",\"pape\",\"po\u00e8me\",\"pour\",\"semaines\",\"trois\"],\"articleSection\":[\"Belgique\"],\"inLanguage\":\"fr-BE\"},{\"@type\":\"WebPage\",\"@id\":\"https:\/\/vieassociative.be\/actualites\/le-pape-est-a-lhopital-depuis-trois-semaines-lauteur-freddy-des-elections-ecrit-un-poeme-pour-franziskus\/\",\"url\":\"https:\/\/vieassociative.be\/actualites\/le-pape-est-a-lhopital-depuis-trois-semaines-lauteur-freddy-des-elections-ecrit-un-poeme-pour-franziskus\/\",\"name\":\"Le pape est \u00e0 l'h\u00f4pital depuis trois semaines - l'auteur Freddy des \u00e9lections \u00e9crit un po\u00e8me: \\\"Pour Franziskus\\\" | Vie Associative\",\"isPartOf\":{\"@id\":\"https:\/\/vieassociative.be\/actualites\/#website\"},\"primaryImageOfPage\":{\"@id\":\"https:\/\/vieassociative.be\/actualites\/le-pape-est-a-lhopital-depuis-trois-semaines-lauteur-freddy-des-elections-ecrit-un-poeme-pour-franziskus\/#primaryimage\"},\"image\":{\"@id\":\"https:\/\/vieassociative.be\/actualites\/le-pape-est-a-lhopital-depuis-trois-semaines-lauteur-freddy-des-elections-ecrit-un-poeme-pour-franziskus\/#primaryimage\"},\"thumbnailUrl\":\"https:\/\/vieassociative.be\/actualites\/wp-content\/uploads\/2025\/03\/1741270697_Le-pape-est-a-lhopital-depuis-trois-semaines-lauteur.jpg\",\"datePublished\":\"2025-03-06T14:18:17+00:00\",\"dateModified\":\"2025-03-06T14:18:17+00:00\",\"breadcrumb\":{\"@id\":\"https:\/\/vieassociative.be\/actualites\/le-pape-est-a-lhopital-depuis-trois-semaines-lauteur-freddy-des-elections-ecrit-un-poeme-pour-franziskus\/#breadcrumb\"},\"inLanguage\":\"fr-BE\",\"potentialAction\":[{\"@type\":\"ReadAction\",\"target\":[\"https:\/\/vieassociative.be\/actualites\/le-pape-est-a-lhopital-depuis-trois-semaines-lauteur-freddy-des-elections-ecrit-un-poeme-pour-franziskus\/\"]}]},{\"@type\":\"ImageObject\",\"inLanguage\":\"fr-BE\",\"@id\":\"https:\/\/vieassociative.be\/actualites\/le-pape-est-a-lhopital-depuis-trois-semaines-lauteur-freddy-des-elections-ecrit-un-poeme-pour-franziskus\/#primaryimage\",\"url\":\"https:\/\/vieassociative.be\/actualites\/wp-content\/uploads\/2025\/03\/1741270697_Le-pape-est-a-lhopital-depuis-trois-semaines-lauteur.jpg\",\"contentUrl\":\"https:\/\/vieassociative.be\/actualites\/wp-content\/uploads\/2025\/03\/1741270697_Le-pape-est-a-lhopital-depuis-trois-semaines-lauteur.jpg\",\"width\":1463,\"height\":975,\"caption\":\"Le pape est \u00e0 l'h\u00f4pital depuis trois semaines - l'auteur Freddy des \u00e9lections \u00e9crit un po\u00e8me: \\\"Pour Franziskus\\\"\"},{\"@type\":\"BreadcrumbList\",\"@id\":\"https:\/\/vieassociative.be\/actualites\/le-pape-est-a-lhopital-depuis-trois-semaines-lauteur-freddy-des-elections-ecrit-un-poeme-pour-franziskus\/#breadcrumb\",\"itemListElement\":[{\"@type\":\"ListItem\",\"position\":1,\"name\":\"Accueil\",\"item\":\"https:\/\/vieassociative.be\/actualites\/\"},{\"@type\":\"ListItem\",\"position\":2,\"name\":\"Le pape est \u00e0 l&rsquo;h\u00f4pital depuis trois semaines &#8211; l&rsquo;auteur Freddy des \u00e9lections \u00e9crit un po\u00e8me: \u00ab\u00a0Pour Franziskus\u00a0\u00bb\"}]},{\"@type\":\"WebSite\",\"@id\":\"https:\/\/vieassociative.be\/actualites\/#website\",\"url\":\"https:\/\/vieassociative.be\/actualites\/\",\"name\":\"Vie Associative\",\"description\":\"\",\"publisher\":{\"@id\":\"https:\/\/vieassociative.be\/actualites\/#organization\"},\"potentialAction\":[{\"@type\":\"SearchAction\",\"target\":{\"@type\":\"EntryPoint\",\"urlTemplate\":\"https:\/\/vieassociative.be\/actualites\/?s={search_term_string}\"},\"query-input\":{\"@type\":\"PropertyValueSpecification\",\"valueRequired\":true,\"valueName\":\"search_term_string\"}}],\"inLanguage\":\"fr-BE\"},{\"@type\":\"Organization\",\"@id\":\"https:\/\/vieassociative.be\/actualites\/#organization\",\"name\":\"Vie Associative\",\"url\":\"https:\/\/vieassociative.be\/actualites\/\",\"logo\":{\"@type\":\"ImageObject\",\"inLanguage\":\"fr-BE\",\"@id\":\"https:\/\/vieassociative.be\/actualites\/#\/schema\/logo\/image\/\",\"url\":\"https:\/\/vieassociative.be\/actualites\/wp-content\/uploads\/2024\/09\/cropped-vieassociative_favicon.ico.png\",\"contentUrl\":\"https:\/\/vieassociative.be\/actualites\/wp-content\/uploads\/2024\/09\/cropped-vieassociative_favicon.ico.png\",\"width\":512,\"height\":512,\"caption\":\"Vie Associative\"},\"image\":{\"@id\":\"https:\/\/vieassociative.be\/actualites\/#\/schema\/logo\/image\/\"}},{\"@type\":\"Person\",\"@id\":\"https:\/\/vieassociative.be\/actualites\/#\/schema\/person\/b87ac4f82f9d4e7b7cec7395b679edc4\",\"name\":\"Julien\",\"image\":{\"@type\":\"ImageObject\",\"inLanguage\":\"fr-BE\",\"@id\":\"https:\/\/vieassociative.be\/actualites\/#\/schema\/person\/image\/\",\"url\":\"https:\/\/vieassociative.be\/actualites\/wp-content\/uploads\/2024\/09\/vie-associative-1-150x150.jpg\",\"contentUrl\":\"https:\/\/vieassociative.be\/actualites\/wp-content\/uploads\/2024\/09\/vie-associative-1-150x150.jpg\",\"caption\":\"Julien\"},\"description\":\"Je suis Julien, r\u00e9dacteur pour Vie Associative. Passionn\u00e9 par le monde associatif depuis plus de 10 ans, j'ai \u00e0 c\u0153ur de partager des histoires inspirantes et de mettre en lumi\u00e8re les initiatives locales. Mon objectif est de sensibiliser et d'encourager l'engagement communautaire \u00e0 travers mes articles.\",\"sameAs\":[\"https:\/\/vieassociative.be\/\"]}]}<\/script>\n<!-- \/ Yoast SEO plugin. -->","yoast_head_json":{"title":"Le pape est \u00e0 l'h\u00f4pital depuis trois semaines - l'auteur Freddy des \u00e9lections \u00e9crit un po\u00e8me: \"Pour Franziskus\" | Vie Associative","robots":{"index":"index","follow":"follow","max-snippet":"max-snippet:-1","max-image-preview":"max-image-preview:large","max-video-preview":"max-video-preview:-1"},"canonical":"https:\/\/vieassociative.be\/actualites\/le-pape-est-a-lhopital-depuis-trois-semaines-lauteur-freddy-des-elections-ecrit-un-poeme-pour-franziskus\/","og_locale":"fr_FR","og_type":"article","og_title":"Le pape est \u00e0 l'h\u00f4pital depuis trois semaines - l'auteur Freddy des \u00e9lections \u00e9crit un po\u00e8me: \"Pour Franziskus\" | Vie Associative","og_description":"Francis est \u00e0 l&rsquo;h\u00f4pital depuis pr\u00e8s de trois semaines. Le pape souffrant de pneumonie est d\u00e9sormais presque continu avec de l&rsquo;oxyg\u00e8ne suppl\u00e9mentaire &#8211; soit par","og_url":"https:\/\/vieassociative.be\/actualites\/le-pape-est-a-lhopital-depuis-trois-semaines-lauteur-freddy-des-elections-ecrit-un-poeme-pour-franziskus\/","og_site_name":"Vie Associative","article_published_time":"2025-03-06T14:18:17+00:00","og_image":[{"width":279,"height":92,"url":"https:\/\/vieassociative.be\/actualites\/wp-content\/uploads\/2024\/09\/header_backgroundk-01-e1726694325946.png","type":"image\/png"}],"author":"Julien","twitter_card":"summary_large_image","twitter_misc":{"\u00c9crit par":"Julien","Dur\u00e9e de lecture est.":"2 minutes"},"schema":{"@context":"https:\/\/schema.org","@graph":[{"@type":"Article","@id":"https:\/\/vieassociative.be\/actualites\/le-pape-est-a-lhopital-depuis-trois-semaines-lauteur-freddy-des-elections-ecrit-un-poeme-pour-franziskus\/#article","isPartOf":{"@id":"https:\/\/vieassociative.be\/actualites\/le-pape-est-a-lhopital-depuis-trois-semaines-lauteur-freddy-des-elections-ecrit-un-poeme-pour-franziskus\/"},"author":{"name":"Julien","@id":"https:\/\/vieassociative.be\/actualites\/#\/schema\/person\/b87ac4f82f9d4e7b7cec7395b679edc4"},"headline":"Le pape est \u00e0 l&rsquo;h\u00f4pital depuis trois semaines &#8211; l&rsquo;auteur Freddy des \u00e9lections \u00e9crit un po\u00e8me: \u00ab\u00a0Pour Franziskus\u00a0\u00bb","datePublished":"2025-03-06T14:18:17+00:00","dateModified":"2025-03-06T14:18:17+00:00","mainEntityOfPage":{"@id":"https:\/\/vieassociative.be\/actualites\/le-pape-est-a-lhopital-depuis-trois-semaines-lauteur-freddy-des-elections-ecrit-un-poeme-pour-franziskus\/"},"wordCount":478,"publisher":{"@id":"https:\/\/vieassociative.be\/actualites\/#organization"},"image":{"@id":"https:\/\/vieassociative.be\/actualites\/le-pape-est-a-lhopital-depuis-trois-semaines-lauteur-freddy-des-elections-ecrit-un-poeme-pour-franziskus\/#primaryimage"},"thumbnailUrl":"https:\/\/vieassociative.be\/actualites\/wp-content\/uploads\/2025\/03\/1741270697_Le-pape-est-a-lhopital-depuis-trois-semaines-lauteur.jpg","keywords":["depuis","Des","\u00e9crit","\u00e9lections","est","Franziskus","Freddy","lauteur","lh\u00f4pital","pape","po\u00e8me","pour","semaines","trois"],"articleSection":["Belgique"],"inLanguage":"fr-BE"},{"@type":"WebPage","@id":"https:\/\/vieassociative.be\/actualites\/le-pape-est-a-lhopital-depuis-trois-semaines-lauteur-freddy-des-elections-ecrit-un-poeme-pour-franziskus\/","url":"https:\/\/vieassociative.be\/actualites\/le-pape-est-a-lhopital-depuis-trois-semaines-lauteur-freddy-des-elections-ecrit-un-poeme-pour-franziskus\/","name":"Le pape est \u00e0 l'h\u00f4pital depuis trois semaines - l'auteur Freddy des \u00e9lections \u00e9crit un po\u00e8me: \"Pour Franziskus\" | Vie Associative","isPartOf":{"@id":"https:\/\/vieassociative.be\/actualites\/#website"},"primaryImageOfPage":{"@id":"https:\/\/vieassociative.be\/actualites\/le-pape-est-a-lhopital-depuis-trois-semaines-lauteur-freddy-des-elections-ecrit-un-poeme-pour-franziskus\/#primaryimage"},"image":{"@id":"https:\/\/vieassociative.be\/actualites\/le-pape-est-a-lhopital-depuis-trois-semaines-lauteur-freddy-des-elections-ecrit-un-poeme-pour-franziskus\/#primaryimage"},"thumbnailUrl":"https:\/\/vieassociative.be\/actualites\/wp-content\/uploads\/2025\/03\/1741270697_Le-pape-est-a-lhopital-depuis-trois-semaines-lauteur.jpg","datePublished":"2025-03-06T14:18:17+00:00","dateModified":"2025-03-06T14:18:17+00:00","breadcrumb":{"@id":"https:\/\/vieassociative.be\/actualites\/le-pape-est-a-lhopital-depuis-trois-semaines-lauteur-freddy-des-elections-ecrit-un-poeme-pour-franziskus\/#breadcrumb"},"inLanguage":"fr-BE","potentialAction":[{"@type":"ReadAction","target":["https:\/\/vieassociative.be\/actualites\/le-pape-est-a-lhopital-depuis-trois-semaines-lauteur-freddy-des-elections-ecrit-un-poeme-pour-franziskus\/"]}]},{"@type":"ImageObject","inLanguage":"fr-BE","@id":"https:\/\/vieassociative.be\/actualites\/le-pape-est-a-lhopital-depuis-trois-semaines-lauteur-freddy-des-elections-ecrit-un-poeme-pour-franziskus\/#primaryimage","url":"https:\/\/vieassociative.be\/actualites\/wp-content\/uploads\/2025\/03\/1741270697_Le-pape-est-a-lhopital-depuis-trois-semaines-lauteur.jpg","contentUrl":"https:\/\/vieassociative.be\/actualites\/wp-content\/uploads\/2025\/03\/1741270697_Le-pape-est-a-lhopital-depuis-trois-semaines-lauteur.jpg","width":1463,"height":975,"caption":"Le pape est \u00e0 l'h\u00f4pital depuis trois semaines - l'auteur Freddy des \u00e9lections \u00e9crit un po\u00e8me: \"Pour Franziskus\""},{"@type":"BreadcrumbList","@id":"https:\/\/vieassociative.be\/actualites\/le-pape-est-a-lhopital-depuis-trois-semaines-lauteur-freddy-des-elections-ecrit-un-poeme-pour-franziskus\/#breadcrumb","itemListElement":[{"@type":"ListItem","position":1,"name":"Accueil","item":"https:\/\/vieassociative.be\/actualites\/"},{"@type":"ListItem","position":2,"name":"Le pape est \u00e0 l&rsquo;h\u00f4pital depuis trois semaines &#8211; l&rsquo;auteur Freddy des \u00e9lections \u00e9crit un po\u00e8me: \u00ab\u00a0Pour Franziskus\u00a0\u00bb"}]},{"@type":"WebSite","@id":"https:\/\/vieassociative.be\/actualites\/#website","url":"https:\/\/vieassociative.be\/actualites\/","name":"Vie Associative","description":"","publisher":{"@id":"https:\/\/vieassociative.be\/actualites\/#organization"},"potentialAction":[{"@type":"SearchAction","target":{"@type":"EntryPoint","urlTemplate":"https:\/\/vieassociative.be\/actualites\/?s={search_term_string}"},"query-input":{"@type":"PropertyValueSpecification","valueRequired":true,"valueName":"search_term_string"}}],"inLanguage":"fr-BE"},{"@type":"Organization","@id":"https:\/\/vieassociative.be\/actualites\/#organization","name":"Vie Associative","url":"https:\/\/vieassociative.be\/actualites\/","logo":{"@type":"ImageObject","inLanguage":"fr-BE","@id":"https:\/\/vieassociative.be\/actualites\/#\/schema\/logo\/image\/","url":"https:\/\/vieassociative.be\/actualites\/wp-content\/uploads\/2024\/09\/cropped-vieassociative_favicon.ico.png","contentUrl":"https:\/\/vieassociative.be\/actualites\/wp-content\/uploads\/2024\/09\/cropped-vieassociative_favicon.ico.png","width":512,"height":512,"caption":"Vie Associative"},"image":{"@id":"https:\/\/vieassociative.be\/actualites\/#\/schema\/logo\/image\/"}},{"@type":"Person","@id":"https:\/\/vieassociative.be\/actualites\/#\/schema\/person\/b87ac4f82f9d4e7b7cec7395b679edc4","name":"Julien","image":{"@type":"ImageObject","inLanguage":"fr-BE","@id":"https:\/\/vieassociative.be\/actualites\/#\/schema\/person\/image\/","url":"https:\/\/vieassociative.be\/actualites\/wp-content\/uploads\/2024\/09\/vie-associative-1-150x150.jpg","contentUrl":"https:\/\/vieassociative.be\/actualites\/wp-content\/uploads\/2024\/09\/vie-associative-1-150x150.jpg","caption":"Julien"},"description":"Je suis Julien, r\u00e9dacteur pour Vie Associative. Passionn\u00e9 par le monde associatif depuis plus de 10 ans, j'ai \u00e0 c\u0153ur de partager des histoires inspirantes et de mettre en lumi\u00e8re les initiatives locales. Mon objectif est de sensibiliser et d'encourager l'engagement communautaire \u00e0 travers mes articles.","sameAs":["https:\/\/vieassociative.be\/"]}]}},"_links":{"self":[{"href":"https:\/\/vieassociative.be\/actualites\/wp-json\/wp\/v2\/posts\/5661"}],"collection":[{"href":"https:\/\/vieassociative.be\/actualites\/wp-json\/wp\/v2\/posts"}],"about":[{"href":"https:\/\/vieassociative.be\/actualites\/wp-json\/wp\/v2\/types\/post"}],"author":[{"embeddable":true,"href":"https:\/\/vieassociative.be\/actualites\/wp-json\/wp\/v2\/users\/1"}],"replies":[{"embeddable":true,"href":"https:\/\/vieassociative.be\/actualites\/wp-json\/wp\/v2\/comments?post=5661"}],"version-history":[{"count":0,"href":"https:\/\/vieassociative.be\/actualites\/wp-json\/wp\/v2\/posts\/5661\/revisions"}],"wp:featuredmedia":[{"embeddable":true,"href":"https:\/\/vieassociative.be\/actualites\/wp-json\/wp\/v2\/media\/5662"}],"wp:attachment":[{"href":"https:\/\/vieassociative.be\/actualites\/wp-json\/wp\/v2\/media?parent=5661"}],"wp:term":[{"taxonomy":"category","embeddable":true,"href":"https:\/\/vieassociative.be\/actualites\/wp-json\/wp\/v2\/categories?post=5661"},{"taxonomy":"post_tag","embeddable":true,"href":"https:\/\/vieassociative.be\/actualites\/wp-json\/wp\/v2\/tags?post=5661"}],"curies":[{"name":"wp","href":"https:\/\/api.w.org\/{rel}","templated":true}]}}