{"id":566,"date":"2024-09-27T15:25:35","date_gmt":"2024-09-27T13:25:35","guid":{"rendered":"https:\/\/vieassociative.be\/actualites\/officiel-hannes-wolf-devient-nouvel-entraineur-au-krc-genk\/"},"modified":"2024-09-27T15:25:38","modified_gmt":"2024-09-27T13:25:38","slug":"officiel-hannes-wolf-devient-nouvel-entraineur-au-krc-genk","status":"publish","type":"post","link":"https:\/\/vieassociative.be\/actualites\/officiel-hannes-wolf-devient-nouvel-entraineur-au-krc-genk\/","title":{"rendered":"Officiel : Hannes Wolf devient nouvel entra\u00eeneur au KRC Genk"},"content":{"rendered":"<p><\/p>\n<p class=\"font-sans font-medium\">  L&rsquo;ancien entra\u00eeneur des jeunes de Dortmund a un nouvel emploi en Belgique. Schon am Samstag s&rsquo;assoit l\u00e0 d&rsquo;abord sur la rive.<\/p>\n<aside class=\"h-ad-280+text lg:h-0 \" data-slot-id=\"pos1_sm\" data-breakpoint=\"sm\" data-hide-ad-text=\"false\" data-module-id=\"SparkAdSlotModule\"><\/aside>\n<p>Hannes Wolf, ancien entra\u00eeneur de chefs de Stuttgart et de hamburgers, est heureux de devenir entra\u00eeneur du Belgian Fu\u00dfball-Meisters KRC Genk. Dies gab der Klub am Dienstag bekannt. Les 38 ans apr\u00e8s la mort de Felice Mazzu. <\/p>\n<p>Wolf jouera le premier match samedi (20h30) avec le Royal Excel Mouscron sous la direction de l&rsquo;entra\u00eeneur Bernd Hollerbach. Bereits am Dienstag leitetete Wolf das first Training \u00e0 Genk. Le nouvel entra\u00eeneur du KRC a apport\u00e9 des signaux aux assistants Miguel Moreira apr\u00e8s la Belgique.<\/p>\n<div id=\"piano-reco-widget\" class=\"mb-4 block\"><\/div>\n<div id=\"piano-banner-kampagne\" class=\"mb-4 block\"><\/div>\n<p>Mazzu \u00e9tait la premi\u00e8re fois que la saison de Genk durait longtemps. En championnat, le KRC aura perdu 0:2 contre le KAA Gent et occupera le nouveau terrain avec 20 points. Dans le groupe E de la Ligue des champions se trouve Genk avec un Punkt en quatre matchs du Letzter. Gegner dans la K\u00f6nigsklasse-Gruppenphase depuis le Titelverteidiger FC Liverpool, le SSC Neapel et le Red Bull Salzburg.<\/p>\n","protected":false},"excerpt":{"rendered":"<p>L&rsquo;ancien entra\u00eeneur des jeunes de Dortmund a un nouvel emploi en Belgique. Schon am Samstag s&rsquo;assoit l\u00e0 d&rsquo;abord sur la rive. Hannes Wolf, ancien entra\u00eeneur<\/p>\n","protected":false},"author":1,"featured_media":567,"comment_status":"closed","ping_status":"","sticky":false,"template":"","format":"standard","meta":{"footnotes":""},"categories":[298],"tags":[928,930,932,926,931,929,925,927],"class_list":["post-566","post","type-post","status-publish","format-standard","has-post-thumbnail","hentry","category-belgique","tag-devient","tag-entraineur","tag-genk","tag-hannes","tag-krc","tag-nouvel","tag-officiel","tag-wolf","generate-columns","tablet-grid-50","mobile-grid-100","grid-parent","grid-33"],"yoast_head":"<!-- This site is optimized with the Yoast SEO plugin v24.0 - https:\/\/yoast.com\/wordpress\/plugins\/seo\/ -->\n<title>Officiel : Hannes Wolf devient nouvel entra\u00eeneur au KRC Genk | Vie Associative<\/title>\n<meta name=\"robots\" content=\"index, follow, max-snippet:-1, max-image-preview:large, max-video-preview:-1\" \/>\n<link rel=\"canonical\" href=\"https:\/\/vieassociative.be\/actualites\/officiel-hannes-wolf-devient-nouvel-entraineur-au-krc-genk\/\" \/>\n<meta property=\"og:locale\" content=\"fr_FR\" \/>\n<meta property=\"og:type\" content=\"article\" \/>\n<meta property=\"og:title\" content=\"Officiel : Hannes Wolf devient nouvel entra\u00eeneur au KRC Genk | Vie Associative\" \/>\n<meta property=\"og:description\" content=\"L&rsquo;ancien entra\u00eeneur des jeunes de Dortmund a un nouvel emploi en Belgique. Schon am Samstag s&rsquo;assoit l\u00e0 d&rsquo;abord sur la rive. Hannes Wolf, ancien entra\u00eeneur\" \/>\n<meta property=\"og:url\" content=\"https:\/\/vieassociative.be\/actualites\/officiel-hannes-wolf-devient-nouvel-entraineur-au-krc-genk\/\" \/>\n<meta property=\"og:site_name\" content=\"Vie Associative\" \/>\n<meta property=\"article:published_time\" content=\"2024-09-27T13:25:35+00:00\" \/>\n<meta property=\"article:modified_time\" content=\"2024-09-27T13:25:38+00:00\" \/>\n<meta property=\"og:image\" content=\"https:\/\/vieassociative.be\/actualites\/wp-content\/uploads\/2024\/09\/1727443536_Officiel-Hannes-Wolf-devient-nouvel-entraineur-au-KRC-Genk.jpeg\" \/>\n\t<meta property=\"og:image:width\" content=\"1600\" \/>\n\t<meta property=\"og:image:height\" content=\"900\" \/>\n\t<meta property=\"og:image:type\" content=\"image\/jpeg\" \/>\n<meta name=\"author\" content=\"Julien\" \/>\n<meta name=\"twitter:card\" content=\"summary_large_image\" \/>\n<meta name=\"twitter:label1\" content=\"\u00c9crit par\" \/>\n\t<meta name=\"twitter:data1\" content=\"Julien\" \/>\n\t<meta name=\"twitter:label2\" content=\"Dur\u00e9e de lecture est.\" \/>\n\t<meta name=\"twitter:data2\" content=\"1 minute\" \/>\n<script type=\"application\/ld+json\" class=\"yoast-schema-graph\">{\"@context\":\"https:\/\/schema.org\",\"@graph\":[{\"@type\":\"Article\",\"@id\":\"https:\/\/vieassociative.be\/actualites\/officiel-hannes-wolf-devient-nouvel-entraineur-au-krc-genk\/#article\",\"isPartOf\":{\"@id\":\"https:\/\/vieassociative.be\/actualites\/officiel-hannes-wolf-devient-nouvel-entraineur-au-krc-genk\/\"},\"author\":{\"name\":\"Julien\",\"@id\":\"https:\/\/vieassociative.be\/actualites\/#\/schema\/person\/b87ac4f82f9d4e7b7cec7395b679edc4\"},\"headline\":\"Officiel : Hannes Wolf devient nouvel entra\u00eeneur au KRC Genk\",\"datePublished\":\"2024-09-27T13:25:35+00:00\",\"dateModified\":\"2024-09-27T13:25:38+00:00\",\"mainEntityOfPage\":{\"@id\":\"https:\/\/vieassociative.be\/actualites\/officiel-hannes-wolf-devient-nouvel-entraineur-au-krc-genk\/\"},\"wordCount\":191,\"publisher\":{\"@id\":\"https:\/\/vieassociative.be\/actualites\/#organization\"},\"image\":{\"@id\":\"https:\/\/vieassociative.be\/actualites\/officiel-hannes-wolf-devient-nouvel-entraineur-au-krc-genk\/#primaryimage\"},\"thumbnailUrl\":\"https:\/\/vieassociative.be\/actualites\/wp-content\/uploads\/2024\/09\/1727443536_Officiel-Hannes-Wolf-devient-nouvel-entraineur-au-KRC-Genk.jpeg\",\"keywords\":[\"devient\",\"entra\u00eeneur\",\"Genk\",\"Hannes\",\"KRC\",\"nouvel\",\"Officiel\",\"Wolf\"],\"articleSection\":[\"Belgique\"],\"inLanguage\":\"fr-BE\"},{\"@type\":\"WebPage\",\"@id\":\"https:\/\/vieassociative.be\/actualites\/officiel-hannes-wolf-devient-nouvel-entraineur-au-krc-genk\/\",\"url\":\"https:\/\/vieassociative.be\/actualites\/officiel-hannes-wolf-devient-nouvel-entraineur-au-krc-genk\/\",\"name\":\"Officiel : Hannes Wolf devient nouvel entra\u00eeneur au KRC Genk | Vie Associative\",\"isPartOf\":{\"@id\":\"https:\/\/vieassociative.be\/actualites\/#website\"},\"primaryImageOfPage\":{\"@id\":\"https:\/\/vieassociative.be\/actualites\/officiel-hannes-wolf-devient-nouvel-entraineur-au-krc-genk\/#primaryimage\"},\"image\":{\"@id\":\"https:\/\/vieassociative.be\/actualites\/officiel-hannes-wolf-devient-nouvel-entraineur-au-krc-genk\/#primaryimage\"},\"thumbnailUrl\":\"https:\/\/vieassociative.be\/actualites\/wp-content\/uploads\/2024\/09\/1727443536_Officiel-Hannes-Wolf-devient-nouvel-entraineur-au-KRC-Genk.jpeg\",\"datePublished\":\"2024-09-27T13:25:35+00:00\",\"dateModified\":\"2024-09-27T13:25:38+00:00\",\"breadcrumb\":{\"@id\":\"https:\/\/vieassociative.be\/actualites\/officiel-hannes-wolf-devient-nouvel-entraineur-au-krc-genk\/#breadcrumb\"},\"inLanguage\":\"fr-BE\",\"potentialAction\":[{\"@type\":\"ReadAction\",\"target\":[\"https:\/\/vieassociative.be\/actualites\/officiel-hannes-wolf-devient-nouvel-entraineur-au-krc-genk\/\"]}]},{\"@type\":\"ImageObject\",\"inLanguage\":\"fr-BE\",\"@id\":\"https:\/\/vieassociative.be\/actualites\/officiel-hannes-wolf-devient-nouvel-entraineur-au-krc-genk\/#primaryimage\",\"url\":\"https:\/\/vieassociative.be\/actualites\/wp-content\/uploads\/2024\/09\/1727443536_Officiel-Hannes-Wolf-devient-nouvel-entraineur-au-KRC-Genk.jpeg\",\"contentUrl\":\"https:\/\/vieassociative.be\/actualites\/wp-content\/uploads\/2024\/09\/1727443536_Officiel-Hannes-Wolf-devient-nouvel-entraineur-au-KRC-Genk.jpeg\",\"width\":1600,\"height\":900,\"caption\":\"Officiel : Hannes Wolf devient nouvel entra\u00eeneur au KRC Genk\"},{\"@type\":\"BreadcrumbList\",\"@id\":\"https:\/\/vieassociative.be\/actualites\/officiel-hannes-wolf-devient-nouvel-entraineur-au-krc-genk\/#breadcrumb\",\"itemListElement\":[{\"@type\":\"ListItem\",\"position\":1,\"name\":\"Accueil\",\"item\":\"https:\/\/vieassociative.be\/actualites\/\"},{\"@type\":\"ListItem\",\"position\":2,\"name\":\"Officiel : Hannes Wolf devient nouvel entra\u00eeneur au KRC Genk\"}]},{\"@type\":\"WebSite\",\"@id\":\"https:\/\/vieassociative.be\/actualites\/#website\",\"url\":\"https:\/\/vieassociative.be\/actualites\/\",\"name\":\"Vie Associative\",\"description\":\"\",\"publisher\":{\"@id\":\"https:\/\/vieassociative.be\/actualites\/#organization\"},\"potentialAction\":[{\"@type\":\"SearchAction\",\"target\":{\"@type\":\"EntryPoint\",\"urlTemplate\":\"https:\/\/vieassociative.be\/actualites\/?s={search_term_string}\"},\"query-input\":{\"@type\":\"PropertyValueSpecification\",\"valueRequired\":true,\"valueName\":\"search_term_string\"}}],\"inLanguage\":\"fr-BE\"},{\"@type\":\"Organization\",\"@id\":\"https:\/\/vieassociative.be\/actualites\/#organization\",\"name\":\"Vie Associative\",\"url\":\"https:\/\/vieassociative.be\/actualites\/\",\"logo\":{\"@type\":\"ImageObject\",\"inLanguage\":\"fr-BE\",\"@id\":\"https:\/\/vieassociative.be\/actualites\/#\/schema\/logo\/image\/\",\"url\":\"https:\/\/vieassociative.be\/actualites\/wp-content\/uploads\/2024\/09\/cropped-vieassociative_favicon.ico.png\",\"contentUrl\":\"https:\/\/vieassociative.be\/actualites\/wp-content\/uploads\/2024\/09\/cropped-vieassociative_favicon.ico.png\",\"width\":512,\"height\":512,\"caption\":\"Vie Associative\"},\"image\":{\"@id\":\"https:\/\/vieassociative.be\/actualites\/#\/schema\/logo\/image\/\"}},{\"@type\":\"Person\",\"@id\":\"https:\/\/vieassociative.be\/actualites\/#\/schema\/person\/b87ac4f82f9d4e7b7cec7395b679edc4\",\"name\":\"Julien\",\"image\":{\"@type\":\"ImageObject\",\"inLanguage\":\"fr-BE\",\"@id\":\"https:\/\/vieassociative.be\/actualites\/#\/schema\/person\/image\/\",\"url\":\"https:\/\/vieassociative.be\/actualites\/wp-content\/uploads\/2024\/09\/vie-associative-1-150x150.jpg\",\"contentUrl\":\"https:\/\/vieassociative.be\/actualites\/wp-content\/uploads\/2024\/09\/vie-associative-1-150x150.jpg\",\"caption\":\"Julien\"},\"description\":\"Je suis Julien, r\u00e9dacteur pour Vie Associative. Passionn\u00e9 par le monde associatif depuis plus de 10 ans, j'ai \u00e0 c\u0153ur de partager des histoires inspirantes et de mettre en lumi\u00e8re les initiatives locales. Mon objectif est de sensibiliser et d'encourager l'engagement communautaire \u00e0 travers mes articles.\",\"sameAs\":[\"https:\/\/vieassociative.be\/\"]}]}<\/script>\n<!-- \/ Yoast SEO plugin. -->","yoast_head_json":{"title":"Officiel : Hannes Wolf devient nouvel entra\u00eeneur au KRC Genk | Vie Associative","robots":{"index":"index","follow":"follow","max-snippet":"max-snippet:-1","max-image-preview":"max-image-preview:large","max-video-preview":"max-video-preview:-1"},"canonical":"https:\/\/vieassociative.be\/actualites\/officiel-hannes-wolf-devient-nouvel-entraineur-au-krc-genk\/","og_locale":"fr_FR","og_type":"article","og_title":"Officiel : Hannes Wolf devient nouvel entra\u00eeneur au KRC Genk | Vie Associative","og_description":"L&rsquo;ancien entra\u00eeneur des jeunes de Dortmund a un nouvel emploi en Belgique. Schon am Samstag s&rsquo;assoit l\u00e0 d&rsquo;abord sur la rive. Hannes Wolf, ancien entra\u00eeneur","og_url":"https:\/\/vieassociative.be\/actualites\/officiel-hannes-wolf-devient-nouvel-entraineur-au-krc-genk\/","og_site_name":"Vie Associative","article_published_time":"2024-09-27T13:25:35+00:00","article_modified_time":"2024-09-27T13:25:38+00:00","og_image":[{"width":1600,"height":900,"url":"https:\/\/vieassociative.be\/actualites\/wp-content\/uploads\/2024\/09\/1727443536_Officiel-Hannes-Wolf-devient-nouvel-entraineur-au-KRC-Genk.jpeg","type":"image\/jpeg"}],"author":"Julien","twitter_card":"summary_large_image","twitter_misc":{"\u00c9crit par":"Julien","Dur\u00e9e de lecture est.":"1 minute"},"schema":{"@context":"https:\/\/schema.org","@graph":[{"@type":"Article","@id":"https:\/\/vieassociative.be\/actualites\/officiel-hannes-wolf-devient-nouvel-entraineur-au-krc-genk\/#article","isPartOf":{"@id":"https:\/\/vieassociative.be\/actualites\/officiel-hannes-wolf-devient-nouvel-entraineur-au-krc-genk\/"},"author":{"name":"Julien","@id":"https:\/\/vieassociative.be\/actualites\/#\/schema\/person\/b87ac4f82f9d4e7b7cec7395b679edc4"},"headline":"Officiel : Hannes Wolf devient nouvel entra\u00eeneur au KRC Genk","datePublished":"2024-09-27T13:25:35+00:00","dateModified":"2024-09-27T13:25:38+00:00","mainEntityOfPage":{"@id":"https:\/\/vieassociative.be\/actualites\/officiel-hannes-wolf-devient-nouvel-entraineur-au-krc-genk\/"},"wordCount":191,"publisher":{"@id":"https:\/\/vieassociative.be\/actualites\/#organization"},"image":{"@id":"https:\/\/vieassociative.be\/actualites\/officiel-hannes-wolf-devient-nouvel-entraineur-au-krc-genk\/#primaryimage"},"thumbnailUrl":"https:\/\/vieassociative.be\/actualites\/wp-content\/uploads\/2024\/09\/1727443536_Officiel-Hannes-Wolf-devient-nouvel-entraineur-au-KRC-Genk.jpeg","keywords":["devient","entra\u00eeneur","Genk","Hannes","KRC","nouvel","Officiel","Wolf"],"articleSection":["Belgique"],"inLanguage":"fr-BE"},{"@type":"WebPage","@id":"https:\/\/vieassociative.be\/actualites\/officiel-hannes-wolf-devient-nouvel-entraineur-au-krc-genk\/","url":"https:\/\/vieassociative.be\/actualites\/officiel-hannes-wolf-devient-nouvel-entraineur-au-krc-genk\/","name":"Officiel : Hannes Wolf devient nouvel entra\u00eeneur au KRC Genk | Vie Associative","isPartOf":{"@id":"https:\/\/vieassociative.be\/actualites\/#website"},"primaryImageOfPage":{"@id":"https:\/\/vieassociative.be\/actualites\/officiel-hannes-wolf-devient-nouvel-entraineur-au-krc-genk\/#primaryimage"},"image":{"@id":"https:\/\/vieassociative.be\/actualites\/officiel-hannes-wolf-devient-nouvel-entraineur-au-krc-genk\/#primaryimage"},"thumbnailUrl":"https:\/\/vieassociative.be\/actualites\/wp-content\/uploads\/2024\/09\/1727443536_Officiel-Hannes-Wolf-devient-nouvel-entraineur-au-KRC-Genk.jpeg","datePublished":"2024-09-27T13:25:35+00:00","dateModified":"2024-09-27T13:25:38+00:00","breadcrumb":{"@id":"https:\/\/vieassociative.be\/actualites\/officiel-hannes-wolf-devient-nouvel-entraineur-au-krc-genk\/#breadcrumb"},"inLanguage":"fr-BE","potentialAction":[{"@type":"ReadAction","target":["https:\/\/vieassociative.be\/actualites\/officiel-hannes-wolf-devient-nouvel-entraineur-au-krc-genk\/"]}]},{"@type":"ImageObject","inLanguage":"fr-BE","@id":"https:\/\/vieassociative.be\/actualites\/officiel-hannes-wolf-devient-nouvel-entraineur-au-krc-genk\/#primaryimage","url":"https:\/\/vieassociative.be\/actualites\/wp-content\/uploads\/2024\/09\/1727443536_Officiel-Hannes-Wolf-devient-nouvel-entraineur-au-KRC-Genk.jpeg","contentUrl":"https:\/\/vieassociative.be\/actualites\/wp-content\/uploads\/2024\/09\/1727443536_Officiel-Hannes-Wolf-devient-nouvel-entraineur-au-KRC-Genk.jpeg","width":1600,"height":900,"caption":"Officiel : Hannes Wolf devient nouvel entra\u00eeneur au KRC Genk"},{"@type":"BreadcrumbList","@id":"https:\/\/vieassociative.be\/actualites\/officiel-hannes-wolf-devient-nouvel-entraineur-au-krc-genk\/#breadcrumb","itemListElement":[{"@type":"ListItem","position":1,"name":"Accueil","item":"https:\/\/vieassociative.be\/actualites\/"},{"@type":"ListItem","position":2,"name":"Officiel : Hannes Wolf devient nouvel entra\u00eeneur au KRC Genk"}]},{"@type":"WebSite","@id":"https:\/\/vieassociative.be\/actualites\/#website","url":"https:\/\/vieassociative.be\/actualites\/","name":"Vie Associative","description":"","publisher":{"@id":"https:\/\/vieassociative.be\/actualites\/#organization"},"potentialAction":[{"@type":"SearchAction","target":{"@type":"EntryPoint","urlTemplate":"https:\/\/vieassociative.be\/actualites\/?s={search_term_string}"},"query-input":{"@type":"PropertyValueSpecification","valueRequired":true,"valueName":"search_term_string"}}],"inLanguage":"fr-BE"},{"@type":"Organization","@id":"https:\/\/vieassociative.be\/actualites\/#organization","name":"Vie Associative","url":"https:\/\/vieassociative.be\/actualites\/","logo":{"@type":"ImageObject","inLanguage":"fr-BE","@id":"https:\/\/vieassociative.be\/actualites\/#\/schema\/logo\/image\/","url":"https:\/\/vieassociative.be\/actualites\/wp-content\/uploads\/2024\/09\/cropped-vieassociative_favicon.ico.png","contentUrl":"https:\/\/vieassociative.be\/actualites\/wp-content\/uploads\/2024\/09\/cropped-vieassociative_favicon.ico.png","width":512,"height":512,"caption":"Vie Associative"},"image":{"@id":"https:\/\/vieassociative.be\/actualites\/#\/schema\/logo\/image\/"}},{"@type":"Person","@id":"https:\/\/vieassociative.be\/actualites\/#\/schema\/person\/b87ac4f82f9d4e7b7cec7395b679edc4","name":"Julien","image":{"@type":"ImageObject","inLanguage":"fr-BE","@id":"https:\/\/vieassociative.be\/actualites\/#\/schema\/person\/image\/","url":"https:\/\/vieassociative.be\/actualites\/wp-content\/uploads\/2024\/09\/vie-associative-1-150x150.jpg","contentUrl":"https:\/\/vieassociative.be\/actualites\/wp-content\/uploads\/2024\/09\/vie-associative-1-150x150.jpg","caption":"Julien"},"description":"Je suis Julien, r\u00e9dacteur pour Vie Associative. Passionn\u00e9 par le monde associatif depuis plus de 10 ans, j'ai \u00e0 c\u0153ur de partager des histoires inspirantes et de mettre en lumi\u00e8re les initiatives locales. Mon objectif est de sensibiliser et d'encourager l'engagement communautaire \u00e0 travers mes articles.","sameAs":["https:\/\/vieassociative.be\/"]}]}},"_links":{"self":[{"href":"https:\/\/vieassociative.be\/actualites\/wp-json\/wp\/v2\/posts\/566"}],"collection":[{"href":"https:\/\/vieassociative.be\/actualites\/wp-json\/wp\/v2\/posts"}],"about":[{"href":"https:\/\/vieassociative.be\/actualites\/wp-json\/wp\/v2\/types\/post"}],"author":[{"embeddable":true,"href":"https:\/\/vieassociative.be\/actualites\/wp-json\/wp\/v2\/users\/1"}],"replies":[{"embeddable":true,"href":"https:\/\/vieassociative.be\/actualites\/wp-json\/wp\/v2\/comments?post=566"}],"version-history":[{"count":1,"href":"https:\/\/vieassociative.be\/actualites\/wp-json\/wp\/v2\/posts\/566\/revisions"}],"predecessor-version":[{"id":568,"href":"https:\/\/vieassociative.be\/actualites\/wp-json\/wp\/v2\/posts\/566\/revisions\/568"}],"wp:featuredmedia":[{"embeddable":true,"href":"https:\/\/vieassociative.be\/actualites\/wp-json\/wp\/v2\/media\/567"}],"wp:attachment":[{"href":"https:\/\/vieassociative.be\/actualites\/wp-json\/wp\/v2\/media?parent=566"}],"wp:term":[{"taxonomy":"category","embeddable":true,"href":"https:\/\/vieassociative.be\/actualites\/wp-json\/wp\/v2\/categories?post=566"},{"taxonomy":"post_tag","embeddable":true,"href":"https:\/\/vieassociative.be\/actualites\/wp-json\/wp\/v2\/tags?post=566"}],"curies":[{"name":"wp","href":"https:\/\/api.w.org\/{rel}","templated":true}]}}