{"id":5659,"date":"2025-03-06T14:19:57","date_gmt":"2025-03-06T13:19:57","guid":{"rendered":"https:\/\/vieassociative.be\/actualites\/mon-amazon-de-la-journee-preferee-le-haut-parleur-de-karaoke-portable-ikara-shell-s1\/"},"modified":"2025-03-06T14:19:57","modified_gmt":"2025-03-06T13:19:57","slug":"mon-amazon-de-la-journee-preferee-le-haut-parleur-de-karaoke-portable-ikara-shell-s1","status":"publish","type":"post","link":"https:\/\/vieassociative.be\/actualites\/mon-amazon-de-la-journee-preferee-le-haut-parleur-de-karaoke-portable-ikara-shell-s1\/","title":{"rendered":"Mon Amazon de la journ\u00e9e pr\u00e9f\u00e9r\u00e9e: le haut-parleur de karaoke portable Ikara Shell S1"},"content":{"rendered":"<div class=\"mt-4 leading-6 md:mb-8\">Ce haut-parleur Bluetooth portable avec deux microphones et une tablette \u00e0 \u00e9cran tactile pour le karaok\u00e9 sont de 100 $ de rabais.<\/div>\n<p><\/p>\n<p>Tester le conf\u00e9rencier du karaok\u00e9 Ikarao Shell S1 lors de mon examen a \u00e9t\u00e9 l&rsquo;un des points forts de mon travail en tant que r\u00e9viseur de technologie. Maintenant que c&rsquo;est 100 $ de r\u00e9duction, atteignant le prix de <strong>249,99 $<\/strong> (\u00e0 l&rsquo;origine 349,99 $) Apr\u00e8s le coupon sur la page, il est \u00e0 son prix le plus bas de tous les temps, selon les outils de suivi des prix. Bien que vous n&rsquo;ayez jamais entendu parler de la marque auparavant, je peux attester que cet haut-parleur est de qualit\u00e9, et maintenant, c&rsquo;est une bonne affaire pour son prix.<\/p>\n<div class=\"pogoClear mb-12 mt-10 rounded-md border-2 border-gray-100 py-7 shadow-xl md:py-6\">\n<div class=\"flex flex-wrap justify-between px-7 text-black no-underline md:flex-nowrap md:px-8\">\n<div class=\"order-1 mx-auto flex flex-col justify-center md:order-2 md:ml-4 md:w-full md:grow\">\n<div class=\"block cursor-pointer text-center font-akshar text-2xl font-medium leading-7 text-brand-green duration-200 ease-in-out hover:text-brand-green-700 md:text-left md:text-xl md:leading-6\">Ikarao Shell S1 Smart Karaoke Conf\u00e9rencier\n                <\/div>\n<div class=\"mt-4 hidden md:flex md:justify-between\">\n<div class=\"self-end\">\n<div class=\"mb-0 h-11 md:flex md:flex-col md:justify-center\">\n<div class=\" font-sans leading-4 text-black\">\n<div class=\"flex flex-wrap items-center justify-center gap-x-1 md:justify-start\">\n        <span class=\"font-bold\"><\/p>\n<p>            349,99 $<br \/>\n                            <span class=\"font-medium\">\u00e0 Amazon<\/span><br \/>\n                    <\/span>\n            <\/div>\n<\/p><\/div>\n<\/p><\/div>\n<\/p><\/div>\n<div class=\"w-44 self-end\">\n                            <button class=\"flex justify-center items-center w-full bg-brand-green text-white text-base font-sans font-medium rounded-md hover:bg-brand-green-700 hover:cursor-pointer md:text-sm h-11\"><\/p>\n<p>    Conclure un accord<br \/>\n<\/button>\n                        <\/div>\n<\/p><\/div>\n<\/p><\/div>\n<div class=\"order-2 mt-5 h-auto w-full md:order-1 md:mt-0 md:hidden\">\n<div class=\"flex aspect-video items-center justify-center\">\n                                            <img decoding=\"async\" class=\"m-0 max-h-full max-w-full rounded-md\" src=\"https:\/\/vieassociative.be\/actualites\/wp-content\/uploads\/2025\/03\/Mon-Amazon-de-la-journee-preferee-le-haut-parleur-de-karaoke.jpg\" alt=\"Ikarao Shell S1 Smart Karaoke Conf\u00e9rencier\" width=\"auto\" height=\"auto\" loading=\"lazy\">\n                                    <\/div>\n<\/p><\/div>\n<div class=\"order-2 ml-2 hidden w-32 shrink-0 items-center md:order-1 md:ml-0 md:flex\">\n<div class=\"flex aspect-video items-center justify-center\">\n                                            <img decoding=\"async\" class=\"m-0 max-h-full max-w-full rounded-md\" src=\"https:\/\/vieassociative.be\/actualites\/wp-content\/uploads\/2025\/03\/Mon-Amazon-de-la-journee-preferee-le-haut-parleur-de-karaoke.jpg\" alt=\"Ikarao Shell S1 Smart Karaoke Conf\u00e9rencier\" width=\"auto\" height=\"auto\" loading=\"lazy\">\n                                    <\/div>\n<\/p><\/div>\n<div class=\"order-3 flex grow flex-wrap md:hidden md:grow-0\">\n<div class=\"mt-4 w-full\">\n                        <button class=\"flex justify-center items-center w-full bg-brand-green text-white text-base font-sans font-medium rounded-md hover:bg-brand-green-700 hover:cursor-pointer md:text-sm h-11\"><\/p>\n<p>    Conclure un accord<br \/>\n<\/button>\n                    <\/div>\n<div class=\"mx-2 mt-4 w-full\">\n<div class=\" font-sans leading-4 text-black\">\n<div class=\"flex flex-wrap items-center justify-center gap-x-1 md:justify-start\">\n        <span class=\"font-bold\"><\/p>\n<p>            349,99 $<br \/>\n                            <span class=\"font-medium\">\u00e0 Amazon<\/span><br \/>\n                    <\/span>\n            <\/div>\n<\/p><\/div>\n<\/p><\/div>\n<\/p><\/div>\n<\/p><\/div>\n<\/div>\n<p>Cela me d\u00e9range pourquoi aucune entreprise avant de penser \u00e0 faire ce que Ikarao a fait avec la coquille S1: combinez une tablette \u00e0 \u00e9cran tactile, deux microphones Bluetooth et un son puissant sur un petit haut-parleur portable. Aucune de ces choses n&rsquo;est de nouvelles technologies, mais il a fallu jusqu&rsquo;\u00e0 ce qu&rsquo;Ikarao y pense pour y arriver. <\/p>\n<p>Le Shell S1 est leur conf\u00e9rencier de karaok\u00e9 le plus r\u00e9cent et le plus abordable. Et il est assez fort pour organiser une f\u00eate \u00e0 la maison avec son haut-parleur st\u00e9r\u00e9o de 104 dB (il remplit ma maison enti\u00e8re de 1 300 pieds carr\u00e9s avec un son assez fort pour faire une f\u00eate). Les deux microphones sans fil ont une dur\u00e9e de vie de la batterie rechargeable de 20 heures tandis que le haut-parleur lui-m\u00eame dure environ neuf heures si vous utilisez l&rsquo;\u00e9cran. L&rsquo;\u00e9cran est une tablette \u00e0 \u00e9cran tactile de 10,1 pouces qui vous permet de contr\u00f4ler la musique. Il est livr\u00e9 avec une application Spotify int\u00e9gr\u00e9e mais malheureusement pas d&rsquo;application YouTube (il a un lien direct vers celui-ci \u00e0 l&rsquo;aide d&rsquo;un navigateur Web).<\/p>\n<p>Vous pouvez connecter le haut-parleur \u00e0 un t\u00e9l\u00e9viseur pour que plus de gens chantent avec vous, mais vous devrez connecter un c\u00e2ble HDMI. Il y a une option de casting mais cela se fait via une application tierce que vous devez t\u00e9l\u00e9charger. Ce n&rsquo;est pas aussi simple que l&rsquo;a\u00e9r\u00e9at ou la connexion d&rsquo;un c\u00e2ble HDMI. <\/p>\n<p>Si vous recherchez une machine de karaok\u00e9 fiable et compacte que vous pouvez vous connecter \u00e0 votre t\u00e9l\u00e9viseur et jouer pendant des heures, la Shell S1 \u00e0 250 $ est la meilleure que vous puissiez obtenir maintenant.<\/p>\n","protected":false},"excerpt":{"rendered":"<p>Ce haut-parleur Bluetooth portable avec deux microphones et une tablette \u00e0 \u00e9cran tactile pour le karaok\u00e9 sont de 100 $ de rabais. Tester le conf\u00e9rencier<\/p>\n","protected":false},"author":1,"featured_media":5660,"comment_status":"","ping_status":"","sticky":false,"template":"","format":"standard","meta":{"footnotes":""},"categories":[13],"tags":[51,3545,5685,2877,4212,49,170,52,4210],"class_list":["post-5659","post","type-post","status-publish","format-standard","has-post-thumbnail","hentry","category-technologie","tag-amazon","tag-hautparleur","tag-ikara","tag-journee","tag-karaoke","tag-mon","tag-portable","tag-preferee","tag-shell","generate-columns","tablet-grid-50","mobile-grid-100","grid-parent","grid-33"],"yoast_head":"<!-- This site is optimized with the Yoast SEO plugin v24.0 - https:\/\/yoast.com\/wordpress\/plugins\/seo\/ -->\n<title>Mon Amazon de la journ\u00e9e pr\u00e9f\u00e9r\u00e9e: le haut-parleur de karaoke portable Ikara Shell S1 | Vie Associative<\/title>\n<meta name=\"robots\" content=\"index, follow, max-snippet:-1, max-image-preview:large, max-video-preview:-1\" \/>\n<link rel=\"canonical\" href=\"https:\/\/vieassociative.be\/actualites\/mon-amazon-de-la-journee-preferee-le-haut-parleur-de-karaoke-portable-ikara-shell-s1\/\" \/>\n<meta property=\"og:locale\" content=\"fr_FR\" \/>\n<meta property=\"og:type\" content=\"article\" \/>\n<meta property=\"og:title\" content=\"Mon Amazon de la journ\u00e9e pr\u00e9f\u00e9r\u00e9e: le haut-parleur de karaoke portable Ikara Shell S1 | Vie Associative\" \/>\n<meta property=\"og:description\" content=\"Ce haut-parleur Bluetooth portable avec deux microphones et une tablette \u00e0 \u00e9cran tactile pour le karaok\u00e9 sont de 100 $ de rabais. Tester le conf\u00e9rencier\" \/>\n<meta property=\"og:url\" content=\"https:\/\/vieassociative.be\/actualites\/mon-amazon-de-la-journee-preferee-le-haut-parleur-de-karaoke-portable-ikara-shell-s1\/\" \/>\n<meta property=\"og:site_name\" content=\"Vie Associative\" \/>\n<meta property=\"article:published_time\" content=\"2025-03-06T13:19:57+00:00\" \/>\n<meta property=\"og:image\" content=\"https:\/\/vieassociative.be\/actualites\/wp-content\/uploads\/2025\/03\/Mon-Amazon-de-la-journee-preferee-le-haut-parleur-de-karaoke.jpg\" \/>\n<meta name=\"author\" content=\"Julien\" \/>\n<meta name=\"twitter:card\" content=\"summary_large_image\" \/>\n<meta name=\"twitter:label1\" content=\"\u00c9crit par\" \/>\n\t<meta name=\"twitter:data1\" content=\"Julien\" \/>\n\t<meta name=\"twitter:label2\" content=\"Dur\u00e9e de lecture est.\" \/>\n\t<meta name=\"twitter:data2\" content=\"2 minutes\" \/>\n<script type=\"application\/ld+json\" class=\"yoast-schema-graph\">{\"@context\":\"https:\/\/schema.org\",\"@graph\":[{\"@type\":\"Article\",\"@id\":\"https:\/\/vieassociative.be\/actualites\/mon-amazon-de-la-journee-preferee-le-haut-parleur-de-karaoke-portable-ikara-shell-s1\/#article\",\"isPartOf\":{\"@id\":\"https:\/\/vieassociative.be\/actualites\/mon-amazon-de-la-journee-preferee-le-haut-parleur-de-karaoke-portable-ikara-shell-s1\/\"},\"author\":{\"name\":\"Julien\",\"@id\":\"https:\/\/vieassociative.be\/actualites\/#\/schema\/person\/b87ac4f82f9d4e7b7cec7395b679edc4\"},\"headline\":\"Mon Amazon de la journ\u00e9e pr\u00e9f\u00e9r\u00e9e: le haut-parleur de karaoke portable Ikara Shell S1\",\"datePublished\":\"2025-03-06T13:19:57+00:00\",\"dateModified\":\"2025-03-06T13:19:57+00:00\",\"mainEntityOfPage\":{\"@id\":\"https:\/\/vieassociative.be\/actualites\/mon-amazon-de-la-journee-preferee-le-haut-parleur-de-karaoke-portable-ikara-shell-s1\/\"},\"wordCount\":445,\"publisher\":{\"@id\":\"https:\/\/vieassociative.be\/actualites\/#organization\"},\"image\":{\"@id\":\"https:\/\/vieassociative.be\/actualites\/mon-amazon-de-la-journee-preferee-le-haut-parleur-de-karaoke-portable-ikara-shell-s1\/#primaryimage\"},\"thumbnailUrl\":\"https:\/\/vieassociative.be\/actualites\/wp-content\/uploads\/2025\/03\/Mon-Amazon-de-la-journee-preferee-le-haut-parleur-de-karaoke.png\",\"keywords\":[\"Amazon\",\"hautparleur\",\"Ikara\",\"journ\u00e9e\",\"karaok\u00e9\",\"Mon\",\"portable\",\"pr\u00e9f\u00e9r\u00e9e\",\"Shell\"],\"articleSection\":[\"Technologie\"],\"inLanguage\":\"fr-BE\"},{\"@type\":\"WebPage\",\"@id\":\"https:\/\/vieassociative.be\/actualites\/mon-amazon-de-la-journee-preferee-le-haut-parleur-de-karaoke-portable-ikara-shell-s1\/\",\"url\":\"https:\/\/vieassociative.be\/actualites\/mon-amazon-de-la-journee-preferee-le-haut-parleur-de-karaoke-portable-ikara-shell-s1\/\",\"name\":\"Mon Amazon de la journ\u00e9e pr\u00e9f\u00e9r\u00e9e: le haut-parleur de karaoke portable Ikara Shell S1 | Vie Associative\",\"isPartOf\":{\"@id\":\"https:\/\/vieassociative.be\/actualites\/#website\"},\"primaryImageOfPage\":{\"@id\":\"https:\/\/vieassociative.be\/actualites\/mon-amazon-de-la-journee-preferee-le-haut-parleur-de-karaoke-portable-ikara-shell-s1\/#primaryimage\"},\"image\":{\"@id\":\"https:\/\/vieassociative.be\/actualites\/mon-amazon-de-la-journee-preferee-le-haut-parleur-de-karaoke-portable-ikara-shell-s1\/#primaryimage\"},\"thumbnailUrl\":\"https:\/\/vieassociative.be\/actualites\/wp-content\/uploads\/2025\/03\/Mon-Amazon-de-la-journee-preferee-le-haut-parleur-de-karaoke.png\",\"datePublished\":\"2025-03-06T13:19:57+00:00\",\"dateModified\":\"2025-03-06T13:19:57+00:00\",\"breadcrumb\":{\"@id\":\"https:\/\/vieassociative.be\/actualites\/mon-amazon-de-la-journee-preferee-le-haut-parleur-de-karaoke-portable-ikara-shell-s1\/#breadcrumb\"},\"inLanguage\":\"fr-BE\",\"potentialAction\":[{\"@type\":\"ReadAction\",\"target\":[\"https:\/\/vieassociative.be\/actualites\/mon-amazon-de-la-journee-preferee-le-haut-parleur-de-karaoke-portable-ikara-shell-s1\/\"]}]},{\"@type\":\"ImageObject\",\"inLanguage\":\"fr-BE\",\"@id\":\"https:\/\/vieassociative.be\/actualites\/mon-amazon-de-la-journee-preferee-le-haut-parleur-de-karaoke-portable-ikara-shell-s1\/#primaryimage\",\"url\":\"https:\/\/vieassociative.be\/actualites\/wp-content\/uploads\/2025\/03\/Mon-Amazon-de-la-journee-preferee-le-haut-parleur-de-karaoke.png\",\"contentUrl\":\"https:\/\/vieassociative.be\/actualites\/wp-content\/uploads\/2025\/03\/Mon-Amazon-de-la-journee-preferee-le-haut-parleur-de-karaoke.png\",\"width\":1200,\"height\":675,\"caption\":\"Mon Amazon de la journ\u00e9e pr\u00e9f\u00e9r\u00e9e: le haut-parleur de karaoke portable Ikara Shell S1\"},{\"@type\":\"BreadcrumbList\",\"@id\":\"https:\/\/vieassociative.be\/actualites\/mon-amazon-de-la-journee-preferee-le-haut-parleur-de-karaoke-portable-ikara-shell-s1\/#breadcrumb\",\"itemListElement\":[{\"@type\":\"ListItem\",\"position\":1,\"name\":\"Accueil\",\"item\":\"https:\/\/vieassociative.be\/actualites\/\"},{\"@type\":\"ListItem\",\"position\":2,\"name\":\"Mon Amazon de la journ\u00e9e pr\u00e9f\u00e9r\u00e9e: le haut-parleur de karaoke portable Ikara Shell S1\"}]},{\"@type\":\"WebSite\",\"@id\":\"https:\/\/vieassociative.be\/actualites\/#website\",\"url\":\"https:\/\/vieassociative.be\/actualites\/\",\"name\":\"Vie Associative\",\"description\":\"\",\"publisher\":{\"@id\":\"https:\/\/vieassociative.be\/actualites\/#organization\"},\"potentialAction\":[{\"@type\":\"SearchAction\",\"target\":{\"@type\":\"EntryPoint\",\"urlTemplate\":\"https:\/\/vieassociative.be\/actualites\/?s={search_term_string}\"},\"query-input\":{\"@type\":\"PropertyValueSpecification\",\"valueRequired\":true,\"valueName\":\"search_term_string\"}}],\"inLanguage\":\"fr-BE\"},{\"@type\":\"Organization\",\"@id\":\"https:\/\/vieassociative.be\/actualites\/#organization\",\"name\":\"Vie Associative\",\"url\":\"https:\/\/vieassociative.be\/actualites\/\",\"logo\":{\"@type\":\"ImageObject\",\"inLanguage\":\"fr-BE\",\"@id\":\"https:\/\/vieassociative.be\/actualites\/#\/schema\/logo\/image\/\",\"url\":\"https:\/\/vieassociative.be\/actualites\/wp-content\/uploads\/2024\/09\/cropped-vieassociative_favicon.ico.png\",\"contentUrl\":\"https:\/\/vieassociative.be\/actualites\/wp-content\/uploads\/2024\/09\/cropped-vieassociative_favicon.ico.png\",\"width\":512,\"height\":512,\"caption\":\"Vie Associative\"},\"image\":{\"@id\":\"https:\/\/vieassociative.be\/actualites\/#\/schema\/logo\/image\/\"}},{\"@type\":\"Person\",\"@id\":\"https:\/\/vieassociative.be\/actualites\/#\/schema\/person\/b87ac4f82f9d4e7b7cec7395b679edc4\",\"name\":\"Julien\",\"image\":{\"@type\":\"ImageObject\",\"inLanguage\":\"fr-BE\",\"@id\":\"https:\/\/vieassociative.be\/actualites\/#\/schema\/person\/image\/\",\"url\":\"https:\/\/vieassociative.be\/actualites\/wp-content\/uploads\/2024\/09\/vie-associative-1-150x150.jpg\",\"contentUrl\":\"https:\/\/vieassociative.be\/actualites\/wp-content\/uploads\/2024\/09\/vie-associative-1-150x150.jpg\",\"caption\":\"Julien\"},\"description\":\"Je suis Julien, r\u00e9dacteur pour Vie Associative. Passionn\u00e9 par le monde associatif depuis plus de 10 ans, j'ai \u00e0 c\u0153ur de partager des histoires inspirantes et de mettre en lumi\u00e8re les initiatives locales. Mon objectif est de sensibiliser et d'encourager l'engagement communautaire \u00e0 travers mes articles.\",\"sameAs\":[\"https:\/\/vieassociative.be\/\"]}]}<\/script>\n<!-- \/ Yoast SEO plugin. -->","yoast_head_json":{"title":"Mon Amazon de la journ\u00e9e pr\u00e9f\u00e9r\u00e9e: le haut-parleur de karaoke portable Ikara Shell S1 | Vie Associative","robots":{"index":"index","follow":"follow","max-snippet":"max-snippet:-1","max-image-preview":"max-image-preview:large","max-video-preview":"max-video-preview:-1"},"canonical":"https:\/\/vieassociative.be\/actualites\/mon-amazon-de-la-journee-preferee-le-haut-parleur-de-karaoke-portable-ikara-shell-s1\/","og_locale":"fr_FR","og_type":"article","og_title":"Mon Amazon de la journ\u00e9e pr\u00e9f\u00e9r\u00e9e: le haut-parleur de karaoke portable Ikara Shell S1 | Vie Associative","og_description":"Ce haut-parleur Bluetooth portable avec deux microphones et une tablette \u00e0 \u00e9cran tactile pour le karaok\u00e9 sont de 100 $ de rabais. Tester le conf\u00e9rencier","og_url":"https:\/\/vieassociative.be\/actualites\/mon-amazon-de-la-journee-preferee-le-haut-parleur-de-karaoke-portable-ikara-shell-s1\/","og_site_name":"Vie Associative","article_published_time":"2025-03-06T13:19:57+00:00","og_image":[{"url":"https:\/\/vieassociative.be\/actualites\/wp-content\/uploads\/2025\/03\/Mon-Amazon-de-la-journee-preferee-le-haut-parleur-de-karaoke.jpg","type":"","width":"","height":""}],"author":"Julien","twitter_card":"summary_large_image","twitter_misc":{"\u00c9crit par":"Julien","Dur\u00e9e de lecture est.":"2 minutes"},"schema":{"@context":"https:\/\/schema.org","@graph":[{"@type":"Article","@id":"https:\/\/vieassociative.be\/actualites\/mon-amazon-de-la-journee-preferee-le-haut-parleur-de-karaoke-portable-ikara-shell-s1\/#article","isPartOf":{"@id":"https:\/\/vieassociative.be\/actualites\/mon-amazon-de-la-journee-preferee-le-haut-parleur-de-karaoke-portable-ikara-shell-s1\/"},"author":{"name":"Julien","@id":"https:\/\/vieassociative.be\/actualites\/#\/schema\/person\/b87ac4f82f9d4e7b7cec7395b679edc4"},"headline":"Mon Amazon de la journ\u00e9e pr\u00e9f\u00e9r\u00e9e: le haut-parleur de karaoke portable Ikara Shell S1","datePublished":"2025-03-06T13:19:57+00:00","dateModified":"2025-03-06T13:19:57+00:00","mainEntityOfPage":{"@id":"https:\/\/vieassociative.be\/actualites\/mon-amazon-de-la-journee-preferee-le-haut-parleur-de-karaoke-portable-ikara-shell-s1\/"},"wordCount":445,"publisher":{"@id":"https:\/\/vieassociative.be\/actualites\/#organization"},"image":{"@id":"https:\/\/vieassociative.be\/actualites\/mon-amazon-de-la-journee-preferee-le-haut-parleur-de-karaoke-portable-ikara-shell-s1\/#primaryimage"},"thumbnailUrl":"https:\/\/vieassociative.be\/actualites\/wp-content\/uploads\/2025\/03\/Mon-Amazon-de-la-journee-preferee-le-haut-parleur-de-karaoke.png","keywords":["Amazon","hautparleur","Ikara","journ\u00e9e","karaok\u00e9","Mon","portable","pr\u00e9f\u00e9r\u00e9e","Shell"],"articleSection":["Technologie"],"inLanguage":"fr-BE"},{"@type":"WebPage","@id":"https:\/\/vieassociative.be\/actualites\/mon-amazon-de-la-journee-preferee-le-haut-parleur-de-karaoke-portable-ikara-shell-s1\/","url":"https:\/\/vieassociative.be\/actualites\/mon-amazon-de-la-journee-preferee-le-haut-parleur-de-karaoke-portable-ikara-shell-s1\/","name":"Mon Amazon de la journ\u00e9e pr\u00e9f\u00e9r\u00e9e: le haut-parleur de karaoke portable Ikara Shell S1 | Vie Associative","isPartOf":{"@id":"https:\/\/vieassociative.be\/actualites\/#website"},"primaryImageOfPage":{"@id":"https:\/\/vieassociative.be\/actualites\/mon-amazon-de-la-journee-preferee-le-haut-parleur-de-karaoke-portable-ikara-shell-s1\/#primaryimage"},"image":{"@id":"https:\/\/vieassociative.be\/actualites\/mon-amazon-de-la-journee-preferee-le-haut-parleur-de-karaoke-portable-ikara-shell-s1\/#primaryimage"},"thumbnailUrl":"https:\/\/vieassociative.be\/actualites\/wp-content\/uploads\/2025\/03\/Mon-Amazon-de-la-journee-preferee-le-haut-parleur-de-karaoke.png","datePublished":"2025-03-06T13:19:57+00:00","dateModified":"2025-03-06T13:19:57+00:00","breadcrumb":{"@id":"https:\/\/vieassociative.be\/actualites\/mon-amazon-de-la-journee-preferee-le-haut-parleur-de-karaoke-portable-ikara-shell-s1\/#breadcrumb"},"inLanguage":"fr-BE","potentialAction":[{"@type":"ReadAction","target":["https:\/\/vieassociative.be\/actualites\/mon-amazon-de-la-journee-preferee-le-haut-parleur-de-karaoke-portable-ikara-shell-s1\/"]}]},{"@type":"ImageObject","inLanguage":"fr-BE","@id":"https:\/\/vieassociative.be\/actualites\/mon-amazon-de-la-journee-preferee-le-haut-parleur-de-karaoke-portable-ikara-shell-s1\/#primaryimage","url":"https:\/\/vieassociative.be\/actualites\/wp-content\/uploads\/2025\/03\/Mon-Amazon-de-la-journee-preferee-le-haut-parleur-de-karaoke.png","contentUrl":"https:\/\/vieassociative.be\/actualites\/wp-content\/uploads\/2025\/03\/Mon-Amazon-de-la-journee-preferee-le-haut-parleur-de-karaoke.png","width":1200,"height":675,"caption":"Mon Amazon de la journ\u00e9e pr\u00e9f\u00e9r\u00e9e: le haut-parleur de karaoke portable Ikara Shell S1"},{"@type":"BreadcrumbList","@id":"https:\/\/vieassociative.be\/actualites\/mon-amazon-de-la-journee-preferee-le-haut-parleur-de-karaoke-portable-ikara-shell-s1\/#breadcrumb","itemListElement":[{"@type":"ListItem","position":1,"name":"Accueil","item":"https:\/\/vieassociative.be\/actualites\/"},{"@type":"ListItem","position":2,"name":"Mon Amazon de la journ\u00e9e pr\u00e9f\u00e9r\u00e9e: le haut-parleur de karaoke portable Ikara Shell S1"}]},{"@type":"WebSite","@id":"https:\/\/vieassociative.be\/actualites\/#website","url":"https:\/\/vieassociative.be\/actualites\/","name":"Vie Associative","description":"","publisher":{"@id":"https:\/\/vieassociative.be\/actualites\/#organization"},"potentialAction":[{"@type":"SearchAction","target":{"@type":"EntryPoint","urlTemplate":"https:\/\/vieassociative.be\/actualites\/?s={search_term_string}"},"query-input":{"@type":"PropertyValueSpecification","valueRequired":true,"valueName":"search_term_string"}}],"inLanguage":"fr-BE"},{"@type":"Organization","@id":"https:\/\/vieassociative.be\/actualites\/#organization","name":"Vie Associative","url":"https:\/\/vieassociative.be\/actualites\/","logo":{"@type":"ImageObject","inLanguage":"fr-BE","@id":"https:\/\/vieassociative.be\/actualites\/#\/schema\/logo\/image\/","url":"https:\/\/vieassociative.be\/actualites\/wp-content\/uploads\/2024\/09\/cropped-vieassociative_favicon.ico.png","contentUrl":"https:\/\/vieassociative.be\/actualites\/wp-content\/uploads\/2024\/09\/cropped-vieassociative_favicon.ico.png","width":512,"height":512,"caption":"Vie Associative"},"image":{"@id":"https:\/\/vieassociative.be\/actualites\/#\/schema\/logo\/image\/"}},{"@type":"Person","@id":"https:\/\/vieassociative.be\/actualites\/#\/schema\/person\/b87ac4f82f9d4e7b7cec7395b679edc4","name":"Julien","image":{"@type":"ImageObject","inLanguage":"fr-BE","@id":"https:\/\/vieassociative.be\/actualites\/#\/schema\/person\/image\/","url":"https:\/\/vieassociative.be\/actualites\/wp-content\/uploads\/2024\/09\/vie-associative-1-150x150.jpg","contentUrl":"https:\/\/vieassociative.be\/actualites\/wp-content\/uploads\/2024\/09\/vie-associative-1-150x150.jpg","caption":"Julien"},"description":"Je suis Julien, r\u00e9dacteur pour Vie Associative. Passionn\u00e9 par le monde associatif depuis plus de 10 ans, j'ai \u00e0 c\u0153ur de partager des histoires inspirantes et de mettre en lumi\u00e8re les initiatives locales. Mon objectif est de sensibiliser et d'encourager l'engagement communautaire \u00e0 travers mes articles.","sameAs":["https:\/\/vieassociative.be\/"]}]}},"_links":{"self":[{"href":"https:\/\/vieassociative.be\/actualites\/wp-json\/wp\/v2\/posts\/5659"}],"collection":[{"href":"https:\/\/vieassociative.be\/actualites\/wp-json\/wp\/v2\/posts"}],"about":[{"href":"https:\/\/vieassociative.be\/actualites\/wp-json\/wp\/v2\/types\/post"}],"author":[{"embeddable":true,"href":"https:\/\/vieassociative.be\/actualites\/wp-json\/wp\/v2\/users\/1"}],"replies":[{"embeddable":true,"href":"https:\/\/vieassociative.be\/actualites\/wp-json\/wp\/v2\/comments?post=5659"}],"version-history":[{"count":0,"href":"https:\/\/vieassociative.be\/actualites\/wp-json\/wp\/v2\/posts\/5659\/revisions"}],"wp:featuredmedia":[{"embeddable":true,"href":"https:\/\/vieassociative.be\/actualites\/wp-json\/wp\/v2\/media\/5660"}],"wp:attachment":[{"href":"https:\/\/vieassociative.be\/actualites\/wp-json\/wp\/v2\/media?parent=5659"}],"wp:term":[{"taxonomy":"category","embeddable":true,"href":"https:\/\/vieassociative.be\/actualites\/wp-json\/wp\/v2\/categories?post=5659"},{"taxonomy":"post_tag","embeddable":true,"href":"https:\/\/vieassociative.be\/actualites\/wp-json\/wp\/v2\/tags?post=5659"}],"curies":[{"name":"wp","href":"https:\/\/api.w.org\/{rel}","templated":true}]}}