{"id":5654,"date":"2025-03-06T09:17:02","date_gmt":"2025-03-06T08:17:02","guid":{"rendered":"https:\/\/vieassociative.be\/actualites\/le-cote-conducteur-a-probablement-gratte-a-laide-dune-cle\/"},"modified":"2025-03-06T09:17:02","modified_gmt":"2025-03-06T08:17:02","slug":"le-cote-conducteur-a-probablement-gratte-a-laide-dune-cle","status":"publish","type":"post","link":"https:\/\/vieassociative.be\/actualites\/le-cote-conducteur-a-probablement-gratte-a-laide-dune-cle\/","title":{"rendered":"Le c\u00f4t\u00e9 conducteur a probablement gratt\u00e9 \u00e0 l&rsquo;aide d&rsquo;une cl\u00e9"},"content":{"rendered":"<p><strong>La zone de police de Weser-G\u00f6hl rapporte plusieurs missions dans son rapport \u00e0 partir du mardi 04\/03.<\/strong><\/p>\n<p><span id=\"more-410536\"><\/span>&#8211; <strong>Accident de la circulation avec des camions \u00e0 Eynatten: <\/strong>Le 3 mars vers 10h30, la zone de police de Weser-G\u00f6hl a \u00e9t\u00e9 signal\u00e9e \u00e0 un accident de la circulation \u00e0 Eynatten. Un conducteur de Raeren voulait quitter le parking de l&rsquo;Eynattenner Delhaize vers Aix-un. En conduisant \u00e0 Aachener Stra\u00dfe, il ne pouvait pas freiner davantage \u00e0 temps lorsqu&rsquo;il a remarqu\u00e9 un camion qui approchait qui \u00e9tait \u00e9galement en direction d&rsquo;Aix-un. La voiture s&rsquo;est \u00e9cras\u00e9e dans le camion avec l&rsquo;avant du passager et a subi un d\u00e9g\u00e2t total. Le camion a \u00e9t\u00e9 endommag\u00e9 \u00e0 l&rsquo;avant.<\/p>\n<p>Le liquide de refroidissement a atteint la route en raison de l&rsquo;accident. Les pompiers ont repris le r\u00e8glement du trafic car il y avait un handicap du trafic. Les deux conducteurs ont \u00e9t\u00e9 examin\u00e9s par des services d&rsquo;urgence sur place. Le chauffeur de camion, n\u00e9 en France, s&rsquo;est plaint d&rsquo;une l\u00e9g\u00e8re douleur dans le bras et a \u00e9t\u00e9 amen\u00e9e \u00e0 l&rsquo;h\u00f4pital Eupen pour un examen plus approfondi. Une revue a montr\u00e9 qu&rsquo;aucun des chauffeurs n&rsquo;\u00e9tait sous l&rsquo;influence de l&rsquo;alcool.<\/p>\n<\/p>\n<div id=\"attachment_396327\" class=\"wp-caption alignleft\" style=\"max-width: 300px\"><img fetchpriority=\"high\" decoding=\"async\" class=\"wp-image-396327 size-medium\" src=\"https:\/\/vieassociative.be\/actualites\/wp-content\/uploads\/2024\/12\/Un-differend-entre-conducteur-et-pieton-a-Kelmis-se-termine.jpeg\" alt=\"\" width=\"300\" height=\"200\"  ><\/p>\n<p class=\"wp-caption-text\">Un v\u00e9hicule d&rsquo;urgence de la police d&rsquo;Eupen (photo d&rsquo;illustration).<\/p>\n<\/div>\n<p><strong>&#8211; Accident de la circulation avec vol conducteur:<\/strong><br \/>\n Le 3 mars \u00e0 18 h, les services de la zone de police de Weser-G\u00f6hl seront signal\u00e9s \u00e0 un accident de la circulation avec un vol de conducteur \u00e0 Stendrich. Un homme de Veviers a d&rsquo;abord endommag\u00e9 le v\u00e9hicule d&rsquo;un Eupener, puis a conduit une borne. <\/p>\n<p>Un t\u00e9moin a pris des photos et le propri\u00e9taire du v\u00e9hicule pourrait donc \u00eatre identifi\u00e9. \u00c9tant donn\u00e9 que cela semblait \u00eatre alcoolis\u00e9, des responsables de la zone de police concern\u00e9s ont rendu le contr\u00f4le \u00e0 sa r\u00e9sidence et ont examin\u00e9 le v\u00e9hicule. Le test d&rsquo;alcool avait une valeur sup\u00e9rieure au niveau d&rsquo;alcool autoris\u00e9, de sorte que plusieurs protocoles ont \u00e9t\u00e9 cr\u00e9\u00e9s aux d\u00e9pens de la personne.<\/p>\n<p><strong>&#8211; Dommages aux v\u00e9hicules:<\/strong> En d\u00e9but de soir\u00e9e du 3 mars, un homme a signal\u00e9 aux services de police que sa voiture avait probablement \u00e9t\u00e9 ray\u00e9e du c\u00f4t\u00e9 conducteur avec l&rsquo;aide d&rsquo;une cl\u00e9. Le v\u00e9hicule stationn\u00e9 au parking \u00abBushof\u00bb \u00e0 Eupen devait \u00eatre endommag\u00e9 entre 15 h 45.<\/p>\n<p><strong>&#8211; Cambriolage:<\/strong> Le 3 mars \u00e0 21 h 10, un homme de la zone de police de Weser-G\u00f6hl a rapport\u00e9 que son v\u00e9hicule avait \u00e9t\u00e9 endommag\u00e9 en son absence. La voiture \u00e9tait dans le parking de son appartement dans une cour arri\u00e8re \u00e0 Parkstrasse \u00e0 Kelmis. Les auteurs inconnus ont frapp\u00e9 la lunette arri\u00e8re du v\u00e9hicule.<\/p>\n<p><strong>&#8211; Cambriolage avec vol dans le v\u00e9hicule:<\/strong> T\u00f4t le matin du 4 mars, une alarme a \u00e9t\u00e9 d\u00e9clench\u00e9e dans un commerce de v\u00e9hicules sur Neutralstrasse dans l&rsquo;herbesthal. \u00c0 l&rsquo;arriv\u00e9e des services de la zone de police de Weser-G\u00f6hl, il a \u00e9t\u00e9 constat\u00e9 que plusieurs cycles crois\u00e9s et de l&rsquo;argent \u00e9taient vol\u00e9s.<\/p>\n<p>L&rsquo;auteur (s) a endommag\u00e9 la porte devant le parking et a frapp\u00e9 une vitrine. Le laboratoire a \u00e9t\u00e9 amen\u00e9. La police a commenc\u00e9 l&rsquo;enqu\u00eate.<\/p>\n","protected":false},"excerpt":{"rendered":"<p>La zone de police de Weser-G\u00f6hl rapporte plusieurs missions dans son rapport \u00e0 partir du mardi 04\/03. &#8211; Accident de la circulation avec des camions<\/p>\n","protected":false},"author":1,"featured_media":5655,"comment_status":"","ping_status":"","sticky":false,"template":"","format":"standard","meta":{"footnotes":""},"categories":[298],"tags":[1502,2646,511,698,5684,1289,419],"class_list":["post-5654","post","type-post","status-publish","format-standard","has-post-thumbnail","hentry","category-belgique","tag-cle","tag-conducteur","tag-cote","tag-dune","tag-gratte","tag-laide","tag-probablement","generate-columns","tablet-grid-50","mobile-grid-100","grid-parent","grid-33"],"yoast_head":"<!-- This site is optimized with the Yoast SEO plugin v24.0 - https:\/\/yoast.com\/wordpress\/plugins\/seo\/ -->\n<title>Le c\u00f4t\u00e9 conducteur a probablement gratt\u00e9 \u00e0 l&#039;aide d&#039;une cl\u00e9 | Vie Associative<\/title>\n<meta name=\"robots\" content=\"index, follow, max-snippet:-1, max-image-preview:large, max-video-preview:-1\" \/>\n<link rel=\"canonical\" href=\"https:\/\/vieassociative.be\/actualites\/le-cote-conducteur-a-probablement-gratte-a-laide-dune-cle\/\" \/>\n<meta property=\"og:locale\" content=\"fr_FR\" \/>\n<meta property=\"og:type\" content=\"article\" \/>\n<meta property=\"og:title\" content=\"Le c\u00f4t\u00e9 conducteur a probablement gratt\u00e9 \u00e0 l&#039;aide d&#039;une cl\u00e9 | Vie Associative\" \/>\n<meta property=\"og:description\" content=\"La zone de police de Weser-G\u00f6hl rapporte plusieurs missions dans son rapport \u00e0 partir du mardi 04\/03. &#8211; Accident de la circulation avec des camions\" \/>\n<meta property=\"og:url\" content=\"https:\/\/vieassociative.be\/actualites\/le-cote-conducteur-a-probablement-gratte-a-laide-dune-cle\/\" \/>\n<meta property=\"og:site_name\" content=\"Vie Associative\" \/>\n<meta property=\"article:published_time\" content=\"2025-03-06T08:17:02+00:00\" \/>\n<meta property=\"og:image\" content=\"https:\/\/vieassociative.be\/actualites\/wp-content\/uploads\/2024\/09\/header_backgroundk-01-e1726694325946.png\" \/>\n\t<meta property=\"og:image:width\" content=\"279\" \/>\n\t<meta property=\"og:image:height\" content=\"92\" \/>\n\t<meta property=\"og:image:type\" content=\"image\/png\" \/>\n<meta name=\"author\" content=\"Julien\" \/>\n<meta name=\"twitter:card\" content=\"summary_large_image\" \/>\n<meta name=\"twitter:label1\" content=\"\u00c9crit par\" \/>\n\t<meta name=\"twitter:data1\" content=\"Julien\" \/>\n\t<meta name=\"twitter:label2\" content=\"Dur\u00e9e de lecture est.\" \/>\n\t<meta name=\"twitter:data2\" content=\"3 minutes\" \/>\n<script type=\"application\/ld+json\" class=\"yoast-schema-graph\">{\"@context\":\"https:\/\/schema.org\",\"@graph\":[{\"@type\":\"Article\",\"@id\":\"https:\/\/vieassociative.be\/actualites\/le-cote-conducteur-a-probablement-gratte-a-laide-dune-cle\/#article\",\"isPartOf\":{\"@id\":\"https:\/\/vieassociative.be\/actualites\/le-cote-conducteur-a-probablement-gratte-a-laide-dune-cle\/\"},\"author\":{\"name\":\"Julien\",\"@id\":\"https:\/\/vieassociative.be\/actualites\/#\/schema\/person\/b87ac4f82f9d4e7b7cec7395b679edc4\"},\"headline\":\"Le c\u00f4t\u00e9 conducteur a probablement gratt\u00e9 \u00e0 l&rsquo;aide d&rsquo;une cl\u00e9\",\"datePublished\":\"2025-03-06T08:17:02+00:00\",\"dateModified\":\"2025-03-06T08:17:02+00:00\",\"mainEntityOfPage\":{\"@id\":\"https:\/\/vieassociative.be\/actualites\/le-cote-conducteur-a-probablement-gratte-a-laide-dune-cle\/\"},\"wordCount\":560,\"publisher\":{\"@id\":\"https:\/\/vieassociative.be\/actualites\/#organization\"},\"image\":{\"@id\":\"https:\/\/vieassociative.be\/actualites\/le-cote-conducteur-a-probablement-gratte-a-laide-dune-cle\/#primaryimage\"},\"thumbnailUrl\":\"https:\/\/vieassociative.be\/actualites\/wp-content\/uploads\/2025\/03\/Le-cote-conducteur-a-probablement-gratte-a-laide-dune-cle.jpg\",\"keywords\":[\"cl\u00e9\",\"conducteur\",\"cote\",\"dune\",\"gratt\u00e9\",\"laide\",\"probablement\"],\"articleSection\":[\"Belgique\"],\"inLanguage\":\"fr-BE\"},{\"@type\":\"WebPage\",\"@id\":\"https:\/\/vieassociative.be\/actualites\/le-cote-conducteur-a-probablement-gratte-a-laide-dune-cle\/\",\"url\":\"https:\/\/vieassociative.be\/actualites\/le-cote-conducteur-a-probablement-gratte-a-laide-dune-cle\/\",\"name\":\"Le c\u00f4t\u00e9 conducteur a probablement gratt\u00e9 \u00e0 l'aide d'une cl\u00e9 | Vie Associative\",\"isPartOf\":{\"@id\":\"https:\/\/vieassociative.be\/actualites\/#website\"},\"primaryImageOfPage\":{\"@id\":\"https:\/\/vieassociative.be\/actualites\/le-cote-conducteur-a-probablement-gratte-a-laide-dune-cle\/#primaryimage\"},\"image\":{\"@id\":\"https:\/\/vieassociative.be\/actualites\/le-cote-conducteur-a-probablement-gratte-a-laide-dune-cle\/#primaryimage\"},\"thumbnailUrl\":\"https:\/\/vieassociative.be\/actualites\/wp-content\/uploads\/2025\/03\/Le-cote-conducteur-a-probablement-gratte-a-laide-dune-cle.jpg\",\"datePublished\":\"2025-03-06T08:17:02+00:00\",\"dateModified\":\"2025-03-06T08:17:02+00:00\",\"breadcrumb\":{\"@id\":\"https:\/\/vieassociative.be\/actualites\/le-cote-conducteur-a-probablement-gratte-a-laide-dune-cle\/#breadcrumb\"},\"inLanguage\":\"fr-BE\",\"potentialAction\":[{\"@type\":\"ReadAction\",\"target\":[\"https:\/\/vieassociative.be\/actualites\/le-cote-conducteur-a-probablement-gratte-a-laide-dune-cle\/\"]}]},{\"@type\":\"ImageObject\",\"inLanguage\":\"fr-BE\",\"@id\":\"https:\/\/vieassociative.be\/actualites\/le-cote-conducteur-a-probablement-gratte-a-laide-dune-cle\/#primaryimage\",\"url\":\"https:\/\/vieassociative.be\/actualites\/wp-content\/uploads\/2025\/03\/Le-cote-conducteur-a-probablement-gratte-a-laide-dune-cle.jpg\",\"contentUrl\":\"https:\/\/vieassociative.be\/actualites\/wp-content\/uploads\/2025\/03\/Le-cote-conducteur-a-probablement-gratte-a-laide-dune-cle.jpg\",\"width\":2560,\"height\":1707,\"caption\":\"Le c\u00f4t\u00e9 conducteur a probablement gratt\u00e9 \u00e0 l'aide d'une cl\u00e9\"},{\"@type\":\"BreadcrumbList\",\"@id\":\"https:\/\/vieassociative.be\/actualites\/le-cote-conducteur-a-probablement-gratte-a-laide-dune-cle\/#breadcrumb\",\"itemListElement\":[{\"@type\":\"ListItem\",\"position\":1,\"name\":\"Accueil\",\"item\":\"https:\/\/vieassociative.be\/actualites\/\"},{\"@type\":\"ListItem\",\"position\":2,\"name\":\"Le c\u00f4t\u00e9 conducteur a probablement gratt\u00e9 \u00e0 l&rsquo;aide d&rsquo;une cl\u00e9\"}]},{\"@type\":\"WebSite\",\"@id\":\"https:\/\/vieassociative.be\/actualites\/#website\",\"url\":\"https:\/\/vieassociative.be\/actualites\/\",\"name\":\"Vie Associative\",\"description\":\"\",\"publisher\":{\"@id\":\"https:\/\/vieassociative.be\/actualites\/#organization\"},\"potentialAction\":[{\"@type\":\"SearchAction\",\"target\":{\"@type\":\"EntryPoint\",\"urlTemplate\":\"https:\/\/vieassociative.be\/actualites\/?s={search_term_string}\"},\"query-input\":{\"@type\":\"PropertyValueSpecification\",\"valueRequired\":true,\"valueName\":\"search_term_string\"}}],\"inLanguage\":\"fr-BE\"},{\"@type\":\"Organization\",\"@id\":\"https:\/\/vieassociative.be\/actualites\/#organization\",\"name\":\"Vie Associative\",\"url\":\"https:\/\/vieassociative.be\/actualites\/\",\"logo\":{\"@type\":\"ImageObject\",\"inLanguage\":\"fr-BE\",\"@id\":\"https:\/\/vieassociative.be\/actualites\/#\/schema\/logo\/image\/\",\"url\":\"https:\/\/vieassociative.be\/actualites\/wp-content\/uploads\/2024\/09\/cropped-vieassociative_favicon.ico.png\",\"contentUrl\":\"https:\/\/vieassociative.be\/actualites\/wp-content\/uploads\/2024\/09\/cropped-vieassociative_favicon.ico.png\",\"width\":512,\"height\":512,\"caption\":\"Vie Associative\"},\"image\":{\"@id\":\"https:\/\/vieassociative.be\/actualites\/#\/schema\/logo\/image\/\"}},{\"@type\":\"Person\",\"@id\":\"https:\/\/vieassociative.be\/actualites\/#\/schema\/person\/b87ac4f82f9d4e7b7cec7395b679edc4\",\"name\":\"Julien\",\"image\":{\"@type\":\"ImageObject\",\"inLanguage\":\"fr-BE\",\"@id\":\"https:\/\/vieassociative.be\/actualites\/#\/schema\/person\/image\/\",\"url\":\"https:\/\/vieassociative.be\/actualites\/wp-content\/uploads\/2024\/09\/vie-associative-1-150x150.jpg\",\"contentUrl\":\"https:\/\/vieassociative.be\/actualites\/wp-content\/uploads\/2024\/09\/vie-associative-1-150x150.jpg\",\"caption\":\"Julien\"},\"description\":\"Je suis Julien, r\u00e9dacteur pour Vie Associative. Passionn\u00e9 par le monde associatif depuis plus de 10 ans, j'ai \u00e0 c\u0153ur de partager des histoires inspirantes et de mettre en lumi\u00e8re les initiatives locales. Mon objectif est de sensibiliser et d'encourager l'engagement communautaire \u00e0 travers mes articles.\",\"sameAs\":[\"https:\/\/vieassociative.be\/\"]}]}<\/script>\n<!-- \/ Yoast SEO plugin. -->","yoast_head_json":{"title":"Le c\u00f4t\u00e9 conducteur a probablement gratt\u00e9 \u00e0 l'aide d'une cl\u00e9 | Vie Associative","robots":{"index":"index","follow":"follow","max-snippet":"max-snippet:-1","max-image-preview":"max-image-preview:large","max-video-preview":"max-video-preview:-1"},"canonical":"https:\/\/vieassociative.be\/actualites\/le-cote-conducteur-a-probablement-gratte-a-laide-dune-cle\/","og_locale":"fr_FR","og_type":"article","og_title":"Le c\u00f4t\u00e9 conducteur a probablement gratt\u00e9 \u00e0 l'aide d'une cl\u00e9 | Vie Associative","og_description":"La zone de police de Weser-G\u00f6hl rapporte plusieurs missions dans son rapport \u00e0 partir du mardi 04\/03. &#8211; Accident de la circulation avec des camions","og_url":"https:\/\/vieassociative.be\/actualites\/le-cote-conducteur-a-probablement-gratte-a-laide-dune-cle\/","og_site_name":"Vie Associative","article_published_time":"2025-03-06T08:17:02+00:00","og_image":[{"width":279,"height":92,"url":"https:\/\/vieassociative.be\/actualites\/wp-content\/uploads\/2024\/09\/header_backgroundk-01-e1726694325946.png","type":"image\/png"}],"author":"Julien","twitter_card":"summary_large_image","twitter_misc":{"\u00c9crit par":"Julien","Dur\u00e9e de lecture est.":"3 minutes"},"schema":{"@context":"https:\/\/schema.org","@graph":[{"@type":"Article","@id":"https:\/\/vieassociative.be\/actualites\/le-cote-conducteur-a-probablement-gratte-a-laide-dune-cle\/#article","isPartOf":{"@id":"https:\/\/vieassociative.be\/actualites\/le-cote-conducteur-a-probablement-gratte-a-laide-dune-cle\/"},"author":{"name":"Julien","@id":"https:\/\/vieassociative.be\/actualites\/#\/schema\/person\/b87ac4f82f9d4e7b7cec7395b679edc4"},"headline":"Le c\u00f4t\u00e9 conducteur a probablement gratt\u00e9 \u00e0 l&rsquo;aide d&rsquo;une cl\u00e9","datePublished":"2025-03-06T08:17:02+00:00","dateModified":"2025-03-06T08:17:02+00:00","mainEntityOfPage":{"@id":"https:\/\/vieassociative.be\/actualites\/le-cote-conducteur-a-probablement-gratte-a-laide-dune-cle\/"},"wordCount":560,"publisher":{"@id":"https:\/\/vieassociative.be\/actualites\/#organization"},"image":{"@id":"https:\/\/vieassociative.be\/actualites\/le-cote-conducteur-a-probablement-gratte-a-laide-dune-cle\/#primaryimage"},"thumbnailUrl":"https:\/\/vieassociative.be\/actualites\/wp-content\/uploads\/2025\/03\/Le-cote-conducteur-a-probablement-gratte-a-laide-dune-cle.jpg","keywords":["cl\u00e9","conducteur","cote","dune","gratt\u00e9","laide","probablement"],"articleSection":["Belgique"],"inLanguage":"fr-BE"},{"@type":"WebPage","@id":"https:\/\/vieassociative.be\/actualites\/le-cote-conducteur-a-probablement-gratte-a-laide-dune-cle\/","url":"https:\/\/vieassociative.be\/actualites\/le-cote-conducteur-a-probablement-gratte-a-laide-dune-cle\/","name":"Le c\u00f4t\u00e9 conducteur a probablement gratt\u00e9 \u00e0 l'aide d'une cl\u00e9 | Vie Associative","isPartOf":{"@id":"https:\/\/vieassociative.be\/actualites\/#website"},"primaryImageOfPage":{"@id":"https:\/\/vieassociative.be\/actualites\/le-cote-conducteur-a-probablement-gratte-a-laide-dune-cle\/#primaryimage"},"image":{"@id":"https:\/\/vieassociative.be\/actualites\/le-cote-conducteur-a-probablement-gratte-a-laide-dune-cle\/#primaryimage"},"thumbnailUrl":"https:\/\/vieassociative.be\/actualites\/wp-content\/uploads\/2025\/03\/Le-cote-conducteur-a-probablement-gratte-a-laide-dune-cle.jpg","datePublished":"2025-03-06T08:17:02+00:00","dateModified":"2025-03-06T08:17:02+00:00","breadcrumb":{"@id":"https:\/\/vieassociative.be\/actualites\/le-cote-conducteur-a-probablement-gratte-a-laide-dune-cle\/#breadcrumb"},"inLanguage":"fr-BE","potentialAction":[{"@type":"ReadAction","target":["https:\/\/vieassociative.be\/actualites\/le-cote-conducteur-a-probablement-gratte-a-laide-dune-cle\/"]}]},{"@type":"ImageObject","inLanguage":"fr-BE","@id":"https:\/\/vieassociative.be\/actualites\/le-cote-conducteur-a-probablement-gratte-a-laide-dune-cle\/#primaryimage","url":"https:\/\/vieassociative.be\/actualites\/wp-content\/uploads\/2025\/03\/Le-cote-conducteur-a-probablement-gratte-a-laide-dune-cle.jpg","contentUrl":"https:\/\/vieassociative.be\/actualites\/wp-content\/uploads\/2025\/03\/Le-cote-conducteur-a-probablement-gratte-a-laide-dune-cle.jpg","width":2560,"height":1707,"caption":"Le c\u00f4t\u00e9 conducteur a probablement gratt\u00e9 \u00e0 l'aide d'une cl\u00e9"},{"@type":"BreadcrumbList","@id":"https:\/\/vieassociative.be\/actualites\/le-cote-conducteur-a-probablement-gratte-a-laide-dune-cle\/#breadcrumb","itemListElement":[{"@type":"ListItem","position":1,"name":"Accueil","item":"https:\/\/vieassociative.be\/actualites\/"},{"@type":"ListItem","position":2,"name":"Le c\u00f4t\u00e9 conducteur a probablement gratt\u00e9 \u00e0 l&rsquo;aide d&rsquo;une cl\u00e9"}]},{"@type":"WebSite","@id":"https:\/\/vieassociative.be\/actualites\/#website","url":"https:\/\/vieassociative.be\/actualites\/","name":"Vie Associative","description":"","publisher":{"@id":"https:\/\/vieassociative.be\/actualites\/#organization"},"potentialAction":[{"@type":"SearchAction","target":{"@type":"EntryPoint","urlTemplate":"https:\/\/vieassociative.be\/actualites\/?s={search_term_string}"},"query-input":{"@type":"PropertyValueSpecification","valueRequired":true,"valueName":"search_term_string"}}],"inLanguage":"fr-BE"},{"@type":"Organization","@id":"https:\/\/vieassociative.be\/actualites\/#organization","name":"Vie Associative","url":"https:\/\/vieassociative.be\/actualites\/","logo":{"@type":"ImageObject","inLanguage":"fr-BE","@id":"https:\/\/vieassociative.be\/actualites\/#\/schema\/logo\/image\/","url":"https:\/\/vieassociative.be\/actualites\/wp-content\/uploads\/2024\/09\/cropped-vieassociative_favicon.ico.png","contentUrl":"https:\/\/vieassociative.be\/actualites\/wp-content\/uploads\/2024\/09\/cropped-vieassociative_favicon.ico.png","width":512,"height":512,"caption":"Vie Associative"},"image":{"@id":"https:\/\/vieassociative.be\/actualites\/#\/schema\/logo\/image\/"}},{"@type":"Person","@id":"https:\/\/vieassociative.be\/actualites\/#\/schema\/person\/b87ac4f82f9d4e7b7cec7395b679edc4","name":"Julien","image":{"@type":"ImageObject","inLanguage":"fr-BE","@id":"https:\/\/vieassociative.be\/actualites\/#\/schema\/person\/image\/","url":"https:\/\/vieassociative.be\/actualites\/wp-content\/uploads\/2024\/09\/vie-associative-1-150x150.jpg","contentUrl":"https:\/\/vieassociative.be\/actualites\/wp-content\/uploads\/2024\/09\/vie-associative-1-150x150.jpg","caption":"Julien"},"description":"Je suis Julien, r\u00e9dacteur pour Vie Associative. Passionn\u00e9 par le monde associatif depuis plus de 10 ans, j'ai \u00e0 c\u0153ur de partager des histoires inspirantes et de mettre en lumi\u00e8re les initiatives locales. Mon objectif est de sensibiliser et d'encourager l'engagement communautaire \u00e0 travers mes articles.","sameAs":["https:\/\/vieassociative.be\/"]}]}},"_links":{"self":[{"href":"https:\/\/vieassociative.be\/actualites\/wp-json\/wp\/v2\/posts\/5654"}],"collection":[{"href":"https:\/\/vieassociative.be\/actualites\/wp-json\/wp\/v2\/posts"}],"about":[{"href":"https:\/\/vieassociative.be\/actualites\/wp-json\/wp\/v2\/types\/post"}],"author":[{"embeddable":true,"href":"https:\/\/vieassociative.be\/actualites\/wp-json\/wp\/v2\/users\/1"}],"replies":[{"embeddable":true,"href":"https:\/\/vieassociative.be\/actualites\/wp-json\/wp\/v2\/comments?post=5654"}],"version-history":[{"count":0,"href":"https:\/\/vieassociative.be\/actualites\/wp-json\/wp\/v2\/posts\/5654\/revisions"}],"wp:featuredmedia":[{"embeddable":true,"href":"https:\/\/vieassociative.be\/actualites\/wp-json\/wp\/v2\/media\/5655"}],"wp:attachment":[{"href":"https:\/\/vieassociative.be\/actualites\/wp-json\/wp\/v2\/media?parent=5654"}],"wp:term":[{"taxonomy":"category","embeddable":true,"href":"https:\/\/vieassociative.be\/actualites\/wp-json\/wp\/v2\/categories?post=5654"},{"taxonomy":"post_tag","embeddable":true,"href":"https:\/\/vieassociative.be\/actualites\/wp-json\/wp\/v2\/tags?post=5654"}],"curies":[{"name":"wp","href":"https:\/\/api.w.org\/{rel}","templated":true}]}}