{"id":5646,"date":"2025-03-06T03:18:33","date_gmt":"2025-03-06T02:18:33","guid":{"rendered":"https:\/\/vieassociative.be\/actualites\/3-0-demonstration-du-pouvoir-de-la-baviere-contre-bayer\/"},"modified":"2025-03-06T03:18:33","modified_gmt":"2025-03-06T02:18:33","slug":"3-0-demonstration-du-pouvoir-de-la-baviere-contre-bayer","status":"publish","type":"post","link":"https:\/\/vieassociative.be\/actualites\/3-0-demonstration-du-pouvoir-de-la-baviere-contre-bayer\/","title":{"rendered":"3-0 &#8211; d\u00e9monstration du pouvoir de la Bavi\u00e8re contre Bayer"},"content":{"rendered":"<p><strong>Le Bayern domine un match turbulent contre Bayer. Manuel Neuer doit \u00eatre bless\u00e9. Mais rien ne peut arr\u00eater le Munich lors de la victoire 3-0 en huiti\u00e8mes de finale de la Ligue des champions contre le Werkelf.<\/strong><\/p>\n<p><span id=\"more-410679\"><\/span>\u00c9norme avantage et triomphe FC Bayern! Apr\u00e8s la meilleure performance de la saison et trois buts des stars offensives Harry Kane et Jamal Musiala, les quarts de finale ne sont qu&rsquo;une question de forme lors du coup de Ligue des champions allemand contre le nouveau rival Bayer Leverkusen. Ce 3: 0 (1-0) \u00e9tait une d\u00e9monstration de pouvoir.<\/p>\n<p>Le champion des records de football a c\u00e9l\u00e9br\u00e9 la premi\u00e8re victoire contre le ma\u00eetre entra\u00eeneur de Leverkusen, Xabi Alonso, 87 jours avant la finale \u00e0 domicile tant attendu. Ce fut \u00e9galement un grand succ\u00e8s pour l&rsquo;entra\u00eeneur Vincent Kompany. Bayer a agi devant 75 000 spectateurs et n&rsquo;a eu aucune chance.<\/p>\n<div id=\"attachment_410689\" class=\"wp-caption alignleft\" style=\"max-width: 300px\"><img fetchpriority=\"high\" decoding=\"async\" class=\"wp-image-410689 size-medium\" src=\"https:\/\/vieassociative.be\/actualites\/wp-content\/uploads\/2025\/03\/3-0-demonstration-du-pouvoir-de-la-Baviere-contre-Bayer.jpg\" alt=\"\" width=\"300\" height=\"200\"><\/p>\n<p class=\"wp-caption-text\">05.03.2025, Bavi\u00e8re, Munich: Harry Kane (L) du FC Bayern c\u00e9l\u00e8bre apr\u00e8s son objectif \u00e0 1-0. Photo: Sven Hoppe \/ DPA<\/p>\n<\/div>\n<p>Kane a men\u00e9 la Bavi\u00e8re nette et agressive \u00e0 la 9e minute avec une t\u00eate plac\u00e9e sur la route gagnante. Une erreur approximative du gardien de Bayer Matej Kovar a permis \u00e0 Musiala Tor le num\u00e9ro deux (54e). Kane a augment\u00e9 \u00e0 la 75e minute avec son nouveau but de saison dans la classe de premier plan d&rsquo;un point de p\u00e9nalit\u00e9 \u00e0 3: 0. Les invit\u00e9s de l&rsquo;Allianz Arena ont \u00e9t\u00e9 en inf\u00e9riorit\u00e9 num\u00e9rique apr\u00e8s la carte jaune-rouge de Nordi Mukiele (62e) dans le quatri\u00e8me duel Saisond.<\/p>\n<p><strong>&#8211; Wirtz presque inefficace:<\/strong> Les astuces tactiques d&rsquo;Alonso n&rsquo;ont pas fonctionn\u00e9 pour la premi\u00e8re fois mercredi soir. Les Bavariens \u00e9taient plus agressifs et plus d\u00e9termin\u00e9s. Les forces des invit\u00e9s avec la star offensive presque inefficace Florian Wirtz ne sont pas devenues sans son propre attaquant Patrik Schick, qui n&rsquo;\u00e9tait sur le banc que pendant longtemps. Lors du match retour mardi prochain \u00e0 Leverkusen, un miracle. Ensuite, le gardien de but Manuel Neuer pourrait \u00eatre absent du Bayern, qui a d\u00fb sortir du terrain \u00e0 la 58e minute.<\/p>\n<p>Pas d&rsquo;attente, pas de tactiques, le coup de pied -off a commenc\u00e9 rapidement. Apr\u00e8s un duel avec Jeremie Frimpong, le d\u00e9fenseur du Bayern Minjae Kim est rest\u00e9 sur la pelouse. Apr\u00e8s 180 secondes, l&rsquo;attaquant bavarois est tomb\u00e9 sur le pied gauche du sud-cor\u00e9en, qui a pu continuer apr\u00e8s un court traitement.<\/p>\n<p>L&rsquo;entra\u00eeneur de Bayer Xabi Alonso a de nouveau \u00e9vit\u00e9 un v\u00e9ritable avantage central. Patrik Schick \u00e9tait initialement assis sur le banc, \u00e0 c\u00f4t\u00e9 de Frimpong, Amine Adli a form\u00e9 le premier plan, juste derri\u00e8re Florian Wirtz, qui a \u00e9t\u00e9 sp\u00e9cul\u00e9 sur l&rsquo;avenir imm\u00e9diatement avant le coup de pied. Lorsqu&rsquo;on lui a demand\u00e9 si le directeur sportif du Bayern, Eberl, l&rsquo;avait d\u00e9j\u00e0 officiellement appel\u00e9 \u00e0 cause de Wirtz, le directeur sportif de Leverkusen, Simon Rolfes, a r\u00e9pondu: \u00ab\u00a0Non, non, non.\u00a0\u00bb<\/p>\n<div id=\"attachment_410684\" class=\"wp-caption alignleft\" style=\"max-width: 300px\"><img decoding=\"async\" class=\"wp-image-410684 size-medium\" src=\"https:\/\/vieassociative.be\/actualites\/wp-content\/uploads\/2025\/03\/1741227513_597_3-0-demonstration-du-pouvoir-de-la-Baviere-contre-Bayer.jpg\" alt=\"\" width=\"300\" height=\"200\"><\/p>\n<p class=\"wp-caption-text\">05.03.2025, Bavi\u00e8re, Munich: l&rsquo;entra\u00eeneur du Bayern Vincent Kompany c\u00e9l\u00e8bre son \u00e9quipe. Photo: Tom Weller \/ DPA<\/p>\n<\/div>\n<p>Les deux ne voulaient pas trop parler du sujet, sur la place, les joueurs devraient laisser les joueurs parler. Et surtout, le Bayern, qui avait \u00e9chou\u00e9 en huiti\u00e8mes de finale en huiti\u00e8mes de finale de la Coupe DFB dans l&rsquo;\u00e9quipe Alonso \u00e0 domicile en huiti\u00e8mes de finale (0-1).<\/p>\n<p>Apr\u00e8s un beau flanc de Michael Olise, Kane a \u00e9quilibr\u00e9 le ballon dans le but des invit\u00e9s. Kompany a parl\u00e9 les poings sur la touche, l&rsquo;ancien Boss Karl-Heinz Rummenigge et Uli Hoene\u00df ont applaudi avec un sourire dans les tribunes.<\/p>\n<p>Pour Kane, c&rsquo;\u00e9tait aussi un objectif avec une signification personnelle: il a \u00e9t\u00e9 directement impliqu\u00e9 dans 47 buts en Ligue des champions \u00e0 l&rsquo;\u00e9poque &#8211; 37 buts et 10 mod\u00e8les. Il \u00e9tait assimil\u00e9 \u00e0 Wayne Rooney. Selon le fournisseur de donn\u00e9es Opta, seul David Beckham a affich\u00e9 plus de points de marqueur dans la premi\u00e8re classe (52) parmi tous les anglais.<\/p>\n<p><strong>&#8211; Nagelsmann et V\u00f6ller voient \u00e9galement la forte Bavi\u00e8re:<\/strong> Cette fois, les Bavariens ont tout fait directement contre les Werkself. Kimmich, qui avait d\u00fb faire une pause pour la derni\u00e8re fois dans la Bundesliga, a clairement domin\u00e9 le milieu de terrain avec Leon Goretzka, Musiala \u00e9tait \u00e9galement bien meilleure dans le jeu sous les yeux de l&rsquo;entra\u00eeneur national Julian Nagelsmann et du directeur sportif de DFB Rudi V\u00f6ller, qui a \u00e9galement d\u00fb \u00eatre trait\u00e9 peu de temps avant la pause. Apr\u00e8s un coin vif de Kimmich, Musiala a presque r\u00e9ussi en 2-0 avec en t\u00eate, mais le ballon s&rsquo;est \u00e9cras\u00e9 dans la barre transversale (22e).<\/p>\n<p><strong>&#8211; Reposez-vous dans les rangs \u00e0 cause d&rsquo;un m\u00e9decin d&rsquo;urgence:<\/strong> Les Leverkuseners pourraient \u00eatre heureux d&rsquo;entrer dans la pause avec un seul but. Mukiele en particulier \u00e9tait un facteur d&rsquo;incertitude dans la d\u00e9fensive de Bayer. Dans l&rsquo;attaque, ils ne sont venus pratiquement qu&rsquo;une fois vraiment dangereux dans le but du Bayern. Avec un r\u00e9flexe, l&rsquo;ancien champion du monde Manuel Neuer a sauv\u00e9 le ballon lors de son 150e match de la Ligue des champions contre Frimpong (14e), le d\u00e9fenseur du Bayern Dayot Upamecano.<\/p>\n<div id=\"attachment_410685\" class=\"wp-caption alignleft\" style=\"max-width: 300px\"><img decoding=\"async\" class=\"wp-image-410685 size-medium\" src=\"https:\/\/vieassociative.be\/actualites\/wp-content\/uploads\/2025\/03\/1741227513_448_3-0-demonstration-du-pouvoir-de-la-Baviere-contre-Bayer.jpg\" alt=\"\" width=\"300\" height=\"200\"><\/p>\n<p class=\"wp-caption-text\">05.03.2025, Bavi\u00e8re, Munich: Jamal Musiala (R) du FC Bayern a applaudi son objectif \u00e0 2-0. Le gardien de but de Leverkusen, Matej Kovar, est battu sur le terrain. Photo: Tom Weller \/ DPA<\/p>\n<\/div>\n<p>Dans les rangs, il est devenu silencieux en raison d&rsquo;un m\u00e9decin d&rsquo;urgence apr\u00e8s la pause. Sur le carr\u00e9, il a continu\u00e9 avec une forte intensit\u00e9 et aussi une bonne dose de toxicit\u00e9 et de Bavi\u00e8re dominante. Apr\u00e8s une croix de Kimmich, Musiala a d\u00e9poussi\u00e9r\u00e9. Le gardien de Leverkusen, Kovar, avait d\u00e9j\u00e0 laiss\u00e9 tomber le ballon.<\/p>\n<p>Mais la joie \u00e9tait imm\u00e9diatement assombrie. Soudain, Neuer s&rsquo;est assis sur le sol et a d\u00fb \u00eatre trait\u00e9. Il l&rsquo;a essay\u00e9, a secou\u00e9 la t\u00eate et a d\u00fb sortir. Jonas Urbig a d\u00fb entrer dans le but du froid. Ce n&rsquo;est que fin janvier que le Bayern a amen\u00e9 le joueur de 21 ans du 1er FC K\u00f6ln de la deuxi\u00e8me division.<\/p>\n<p>Bon pour Bayer? Le Werkself s&rsquo;est endommag\u00e9. L&rsquo;expression d&rsquo;Alonso s&rsquo;est fortement saisie. Surtout lorsque Kane a \u00e9t\u00e9 tenu dans la zone de sanction d&rsquo;ici peu avant, de sorte qu&rsquo;il y a eu une p\u00e9nalit\u00e9 selon des preuves vid\u00e9o.<\/p>\n<p>Et l&rsquo;Anglais ne s&rsquo;est pas laiss\u00e9 demander longtemps et a tir\u00e9 le ballon dans le coin. M\u00eame une d\u00e9monstration de puissance dans une soir\u00e9e qui n&rsquo;aurait pas pu mieux courir pour la Bavi\u00e8re, tandis que le Wirtz remplac\u00e9 \u00e9tait frustr\u00e9 et maudit devant le visage. (DPA)<\/p>\n<p><em><strong>Sur le sujet, voir \u00e9galement l&rsquo;article suivant sur OD:<\/strong><\/em><\/p>\n<div class=\"responsive-embed widescreen\">\n<blockquote class=\"wp-embedded-content\" data-secret=\"aK4bQWFaDI\">\n<p>Le propre objectif et la p\u00e9nalit\u00e9 co\u00fbtent cher \u00e0 Bruges &#8211; 1: 3 en huiti\u00e8mes de finale contre Aston Villa<\/p>\n<\/blockquote>\n<p><iframe loading=\"lazy\" class=\"wp-embedded-content\" sandbox=\"allow-scripts\" security=\"restricted\" style=\"position: absolute; visibility: hidden;\" title=\"\u201eEigentor und Elfmeter kommen Br\u00fcgge teuer zu stehen \u2013 1:3 im Achtelfinale gegen Aston Villa\u201c \u2014 Ostbelgien Direkt\" src=\"https:\/\/ostbelgiendirekt.be\/about:blank\" data-secret=\"aK4bQWFaDI\" width=\"500\" height=\"282\" frameborder=\"0\" marginwidth=\"0\" marginheight=\"0\" scrolling=\"no\" data-rocket-lazyload=\"fitvidscompatible\" data-lazy-src=\"https:\/\/ostbelgiendirekt.be\/13-gegen-aston-villa-410599\/embed#?secret=ZDqObjJE2q#?secret=aK4bQWFaDI\"><\/iframe><noscript><iframe class=\"wp-embedded-content\" sandbox=\"allow-scripts\" security=\"restricted\" style=\"position: absolute; visibility: hidden;\" title=\"\u201eEigentor und Elfmeter kommen Br\u00fcgge teuer zu stehen \u2013 1:3 im Achtelfinale gegen Aston Villa\u201c \u2014 Ostbelgien Direkt\" src=\"https:\/\/ostbelgiendirekt.be\/13-gegen-aston-villa-410599\/embed#?secret=ZDqObjJE2q#?secret=aK4bQWFaDI\" data-secret=\"aK4bQWFaDI\" width=\"500\" height=\"282\" frameborder=\"0\" marginwidth=\"0\" marginheight=\"0\" scrolling=\"no\"><\/iframe><\/noscript><\/p>\n<\/div>\n","protected":false},"excerpt":{"rendered":"<p>Le Bayern domine un match turbulent contre Bayer. Manuel Neuer doit \u00eatre bless\u00e9. Mais rien ne peut arr\u00eater le Munich lors de la victoire 3-0<\/p>\n","protected":false},"author":1,"featured_media":5647,"comment_status":"","ping_status":"","sticky":false,"template":"","format":"standard","meta":{"footnotes":""},"categories":[298],"tags":[5359,2821,796,5681,3860],"class_list":["post-5646","post","type-post","status-publish","format-standard","has-post-thumbnail","hentry","category-belgique","tag-baviere","tag-bayer","tag-contre","tag-demonstration","tag-pouvoir","generate-columns","tablet-grid-50","mobile-grid-100","grid-parent","grid-33"],"yoast_head":"<!-- This site is optimized with the Yoast SEO plugin v24.0 - https:\/\/yoast.com\/wordpress\/plugins\/seo\/ -->\n<title>3-0 - d\u00e9monstration du pouvoir de la Bavi\u00e8re contre Bayer | Vie Associative<\/title>\n<meta name=\"robots\" content=\"index, follow, max-snippet:-1, max-image-preview:large, max-video-preview:-1\" \/>\n<link rel=\"canonical\" href=\"https:\/\/vieassociative.be\/actualites\/3-0-demonstration-du-pouvoir-de-la-baviere-contre-bayer\/\" \/>\n<meta property=\"og:locale\" content=\"fr_FR\" \/>\n<meta property=\"og:type\" content=\"article\" \/>\n<meta property=\"og:title\" content=\"3-0 - d\u00e9monstration du pouvoir de la Bavi\u00e8re contre Bayer | Vie Associative\" \/>\n<meta property=\"og:description\" content=\"Le Bayern domine un match turbulent contre Bayer. Manuel Neuer doit \u00eatre bless\u00e9. Mais rien ne peut arr\u00eater le Munich lors de la victoire 3-0\" \/>\n<meta property=\"og:url\" content=\"https:\/\/vieassociative.be\/actualites\/3-0-demonstration-du-pouvoir-de-la-baviere-contre-bayer\/\" \/>\n<meta property=\"og:site_name\" content=\"Vie Associative\" \/>\n<meta property=\"article:published_time\" content=\"2025-03-06T02:18:33+00:00\" \/>\n<meta property=\"og:image\" content=\"https:\/\/vieassociative.be\/actualites\/wp-content\/uploads\/2024\/09\/header_backgroundk-01-e1726694325946.png\" \/>\n\t<meta property=\"og:image:width\" content=\"279\" \/>\n\t<meta property=\"og:image:height\" content=\"92\" \/>\n\t<meta property=\"og:image:type\" content=\"image\/png\" \/>\n<meta name=\"author\" content=\"Julien\" \/>\n<meta name=\"twitter:card\" content=\"summary_large_image\" \/>\n<meta name=\"twitter:label1\" content=\"\u00c9crit par\" \/>\n\t<meta name=\"twitter:data1\" content=\"Julien\" \/>\n\t<meta name=\"twitter:label2\" content=\"Dur\u00e9e de lecture est.\" \/>\n\t<meta name=\"twitter:data2\" content=\"6 minutes\" \/>\n<script type=\"application\/ld+json\" class=\"yoast-schema-graph\">{\"@context\":\"https:\/\/schema.org\",\"@graph\":[{\"@type\":\"Article\",\"@id\":\"https:\/\/vieassociative.be\/actualites\/3-0-demonstration-du-pouvoir-de-la-baviere-contre-bayer\/#article\",\"isPartOf\":{\"@id\":\"https:\/\/vieassociative.be\/actualites\/3-0-demonstration-du-pouvoir-de-la-baviere-contre-bayer\/\"},\"author\":{\"name\":\"Julien\",\"@id\":\"https:\/\/vieassociative.be\/actualites\/#\/schema\/person\/b87ac4f82f9d4e7b7cec7395b679edc4\"},\"headline\":\"3-0 &#8211; d\u00e9monstration du pouvoir de la Bavi\u00e8re contre Bayer\",\"datePublished\":\"2025-03-06T02:18:33+00:00\",\"dateModified\":\"2025-03-06T02:18:33+00:00\",\"mainEntityOfPage\":{\"@id\":\"https:\/\/vieassociative.be\/actualites\/3-0-demonstration-du-pouvoir-de-la-baviere-contre-bayer\/\"},\"wordCount\":1189,\"publisher\":{\"@id\":\"https:\/\/vieassociative.be\/actualites\/#organization\"},\"image\":{\"@id\":\"https:\/\/vieassociative.be\/actualites\/3-0-demonstration-du-pouvoir-de-la-baviere-contre-bayer\/#primaryimage\"},\"thumbnailUrl\":\"https:\/\/vieassociative.be\/actualites\/wp-content\/uploads\/2025\/03\/1741227513_3-0-demonstration-du-pouvoir-de-la-Baviere-contre-Bayer.jpg\",\"keywords\":[\"Bavi\u00e8re\",\"Bayer\",\"contre\",\"d\u00e9monstration\",\"pouvoir\"],\"articleSection\":[\"Belgique\"],\"inLanguage\":\"fr-BE\"},{\"@type\":\"WebPage\",\"@id\":\"https:\/\/vieassociative.be\/actualites\/3-0-demonstration-du-pouvoir-de-la-baviere-contre-bayer\/\",\"url\":\"https:\/\/vieassociative.be\/actualites\/3-0-demonstration-du-pouvoir-de-la-baviere-contre-bayer\/\",\"name\":\"3-0 - d\u00e9monstration du pouvoir de la Bavi\u00e8re contre Bayer | Vie Associative\",\"isPartOf\":{\"@id\":\"https:\/\/vieassociative.be\/actualites\/#website\"},\"primaryImageOfPage\":{\"@id\":\"https:\/\/vieassociative.be\/actualites\/3-0-demonstration-du-pouvoir-de-la-baviere-contre-bayer\/#primaryimage\"},\"image\":{\"@id\":\"https:\/\/vieassociative.be\/actualites\/3-0-demonstration-du-pouvoir-de-la-baviere-contre-bayer\/#primaryimage\"},\"thumbnailUrl\":\"https:\/\/vieassociative.be\/actualites\/wp-content\/uploads\/2025\/03\/1741227513_3-0-demonstration-du-pouvoir-de-la-Baviere-contre-Bayer.jpg\",\"datePublished\":\"2025-03-06T02:18:33+00:00\",\"dateModified\":\"2025-03-06T02:18:33+00:00\",\"breadcrumb\":{\"@id\":\"https:\/\/vieassociative.be\/actualites\/3-0-demonstration-du-pouvoir-de-la-baviere-contre-bayer\/#breadcrumb\"},\"inLanguage\":\"fr-BE\",\"potentialAction\":[{\"@type\":\"ReadAction\",\"target\":[\"https:\/\/vieassociative.be\/actualites\/3-0-demonstration-du-pouvoir-de-la-baviere-contre-bayer\/\"]}]},{\"@type\":\"ImageObject\",\"inLanguage\":\"fr-BE\",\"@id\":\"https:\/\/vieassociative.be\/actualites\/3-0-demonstration-du-pouvoir-de-la-baviere-contre-bayer\/#primaryimage\",\"url\":\"https:\/\/vieassociative.be\/actualites\/wp-content\/uploads\/2025\/03\/1741227513_3-0-demonstration-du-pouvoir-de-la-Baviere-contre-Bayer.jpg\",\"contentUrl\":\"https:\/\/vieassociative.be\/actualites\/wp-content\/uploads\/2025\/03\/1741227513_3-0-demonstration-du-pouvoir-de-la-Baviere-contre-Bayer.jpg\",\"width\":1200,\"height\":800,\"caption\":\"3-0 - d\u00e9monstration du pouvoir de la Bavi\u00e8re contre Bayer\"},{\"@type\":\"BreadcrumbList\",\"@id\":\"https:\/\/vieassociative.be\/actualites\/3-0-demonstration-du-pouvoir-de-la-baviere-contre-bayer\/#breadcrumb\",\"itemListElement\":[{\"@type\":\"ListItem\",\"position\":1,\"name\":\"Accueil\",\"item\":\"https:\/\/vieassociative.be\/actualites\/\"},{\"@type\":\"ListItem\",\"position\":2,\"name\":\"3-0 &#8211; d\u00e9monstration du pouvoir de la Bavi\u00e8re contre Bayer\"}]},{\"@type\":\"WebSite\",\"@id\":\"https:\/\/vieassociative.be\/actualites\/#website\",\"url\":\"https:\/\/vieassociative.be\/actualites\/\",\"name\":\"Vie Associative\",\"description\":\"\",\"publisher\":{\"@id\":\"https:\/\/vieassociative.be\/actualites\/#organization\"},\"potentialAction\":[{\"@type\":\"SearchAction\",\"target\":{\"@type\":\"EntryPoint\",\"urlTemplate\":\"https:\/\/vieassociative.be\/actualites\/?s={search_term_string}\"},\"query-input\":{\"@type\":\"PropertyValueSpecification\",\"valueRequired\":true,\"valueName\":\"search_term_string\"}}],\"inLanguage\":\"fr-BE\"},{\"@type\":\"Organization\",\"@id\":\"https:\/\/vieassociative.be\/actualites\/#organization\",\"name\":\"Vie Associative\",\"url\":\"https:\/\/vieassociative.be\/actualites\/\",\"logo\":{\"@type\":\"ImageObject\",\"inLanguage\":\"fr-BE\",\"@id\":\"https:\/\/vieassociative.be\/actualites\/#\/schema\/logo\/image\/\",\"url\":\"https:\/\/vieassociative.be\/actualites\/wp-content\/uploads\/2024\/09\/cropped-vieassociative_favicon.ico.png\",\"contentUrl\":\"https:\/\/vieassociative.be\/actualites\/wp-content\/uploads\/2024\/09\/cropped-vieassociative_favicon.ico.png\",\"width\":512,\"height\":512,\"caption\":\"Vie Associative\"},\"image\":{\"@id\":\"https:\/\/vieassociative.be\/actualites\/#\/schema\/logo\/image\/\"}},{\"@type\":\"Person\",\"@id\":\"https:\/\/vieassociative.be\/actualites\/#\/schema\/person\/b87ac4f82f9d4e7b7cec7395b679edc4\",\"name\":\"Julien\",\"image\":{\"@type\":\"ImageObject\",\"inLanguage\":\"fr-BE\",\"@id\":\"https:\/\/vieassociative.be\/actualites\/#\/schema\/person\/image\/\",\"url\":\"https:\/\/vieassociative.be\/actualites\/wp-content\/uploads\/2024\/09\/vie-associative-1-150x150.jpg\",\"contentUrl\":\"https:\/\/vieassociative.be\/actualites\/wp-content\/uploads\/2024\/09\/vie-associative-1-150x150.jpg\",\"caption\":\"Julien\"},\"description\":\"Je suis Julien, r\u00e9dacteur pour Vie Associative. Passionn\u00e9 par le monde associatif depuis plus de 10 ans, j'ai \u00e0 c\u0153ur de partager des histoires inspirantes et de mettre en lumi\u00e8re les initiatives locales. Mon objectif est de sensibiliser et d'encourager l'engagement communautaire \u00e0 travers mes articles.\",\"sameAs\":[\"https:\/\/vieassociative.be\/\"]}]}<\/script>\n<!-- \/ Yoast SEO plugin. -->","yoast_head_json":{"title":"3-0 - d\u00e9monstration du pouvoir de la Bavi\u00e8re contre Bayer | Vie Associative","robots":{"index":"index","follow":"follow","max-snippet":"max-snippet:-1","max-image-preview":"max-image-preview:large","max-video-preview":"max-video-preview:-1"},"canonical":"https:\/\/vieassociative.be\/actualites\/3-0-demonstration-du-pouvoir-de-la-baviere-contre-bayer\/","og_locale":"fr_FR","og_type":"article","og_title":"3-0 - d\u00e9monstration du pouvoir de la Bavi\u00e8re contre Bayer | Vie Associative","og_description":"Le Bayern domine un match turbulent contre Bayer. Manuel Neuer doit \u00eatre bless\u00e9. Mais rien ne peut arr\u00eater le Munich lors de la victoire 3-0","og_url":"https:\/\/vieassociative.be\/actualites\/3-0-demonstration-du-pouvoir-de-la-baviere-contre-bayer\/","og_site_name":"Vie Associative","article_published_time":"2025-03-06T02:18:33+00:00","og_image":[{"width":279,"height":92,"url":"https:\/\/vieassociative.be\/actualites\/wp-content\/uploads\/2024\/09\/header_backgroundk-01-e1726694325946.png","type":"image\/png"}],"author":"Julien","twitter_card":"summary_large_image","twitter_misc":{"\u00c9crit par":"Julien","Dur\u00e9e de lecture est.":"6 minutes"},"schema":{"@context":"https:\/\/schema.org","@graph":[{"@type":"Article","@id":"https:\/\/vieassociative.be\/actualites\/3-0-demonstration-du-pouvoir-de-la-baviere-contre-bayer\/#article","isPartOf":{"@id":"https:\/\/vieassociative.be\/actualites\/3-0-demonstration-du-pouvoir-de-la-baviere-contre-bayer\/"},"author":{"name":"Julien","@id":"https:\/\/vieassociative.be\/actualites\/#\/schema\/person\/b87ac4f82f9d4e7b7cec7395b679edc4"},"headline":"3-0 &#8211; d\u00e9monstration du pouvoir de la Bavi\u00e8re contre Bayer","datePublished":"2025-03-06T02:18:33+00:00","dateModified":"2025-03-06T02:18:33+00:00","mainEntityOfPage":{"@id":"https:\/\/vieassociative.be\/actualites\/3-0-demonstration-du-pouvoir-de-la-baviere-contre-bayer\/"},"wordCount":1189,"publisher":{"@id":"https:\/\/vieassociative.be\/actualites\/#organization"},"image":{"@id":"https:\/\/vieassociative.be\/actualites\/3-0-demonstration-du-pouvoir-de-la-baviere-contre-bayer\/#primaryimage"},"thumbnailUrl":"https:\/\/vieassociative.be\/actualites\/wp-content\/uploads\/2025\/03\/1741227513_3-0-demonstration-du-pouvoir-de-la-Baviere-contre-Bayer.jpg","keywords":["Bavi\u00e8re","Bayer","contre","d\u00e9monstration","pouvoir"],"articleSection":["Belgique"],"inLanguage":"fr-BE"},{"@type":"WebPage","@id":"https:\/\/vieassociative.be\/actualites\/3-0-demonstration-du-pouvoir-de-la-baviere-contre-bayer\/","url":"https:\/\/vieassociative.be\/actualites\/3-0-demonstration-du-pouvoir-de-la-baviere-contre-bayer\/","name":"3-0 - d\u00e9monstration du pouvoir de la Bavi\u00e8re contre Bayer | Vie Associative","isPartOf":{"@id":"https:\/\/vieassociative.be\/actualites\/#website"},"primaryImageOfPage":{"@id":"https:\/\/vieassociative.be\/actualites\/3-0-demonstration-du-pouvoir-de-la-baviere-contre-bayer\/#primaryimage"},"image":{"@id":"https:\/\/vieassociative.be\/actualites\/3-0-demonstration-du-pouvoir-de-la-baviere-contre-bayer\/#primaryimage"},"thumbnailUrl":"https:\/\/vieassociative.be\/actualites\/wp-content\/uploads\/2025\/03\/1741227513_3-0-demonstration-du-pouvoir-de-la-Baviere-contre-Bayer.jpg","datePublished":"2025-03-06T02:18:33+00:00","dateModified":"2025-03-06T02:18:33+00:00","breadcrumb":{"@id":"https:\/\/vieassociative.be\/actualites\/3-0-demonstration-du-pouvoir-de-la-baviere-contre-bayer\/#breadcrumb"},"inLanguage":"fr-BE","potentialAction":[{"@type":"ReadAction","target":["https:\/\/vieassociative.be\/actualites\/3-0-demonstration-du-pouvoir-de-la-baviere-contre-bayer\/"]}]},{"@type":"ImageObject","inLanguage":"fr-BE","@id":"https:\/\/vieassociative.be\/actualites\/3-0-demonstration-du-pouvoir-de-la-baviere-contre-bayer\/#primaryimage","url":"https:\/\/vieassociative.be\/actualites\/wp-content\/uploads\/2025\/03\/1741227513_3-0-demonstration-du-pouvoir-de-la-Baviere-contre-Bayer.jpg","contentUrl":"https:\/\/vieassociative.be\/actualites\/wp-content\/uploads\/2025\/03\/1741227513_3-0-demonstration-du-pouvoir-de-la-Baviere-contre-Bayer.jpg","width":1200,"height":800,"caption":"3-0 - d\u00e9monstration du pouvoir de la Bavi\u00e8re contre Bayer"},{"@type":"BreadcrumbList","@id":"https:\/\/vieassociative.be\/actualites\/3-0-demonstration-du-pouvoir-de-la-baviere-contre-bayer\/#breadcrumb","itemListElement":[{"@type":"ListItem","position":1,"name":"Accueil","item":"https:\/\/vieassociative.be\/actualites\/"},{"@type":"ListItem","position":2,"name":"3-0 &#8211; d\u00e9monstration du pouvoir de la Bavi\u00e8re contre Bayer"}]},{"@type":"WebSite","@id":"https:\/\/vieassociative.be\/actualites\/#website","url":"https:\/\/vieassociative.be\/actualites\/","name":"Vie Associative","description":"","publisher":{"@id":"https:\/\/vieassociative.be\/actualites\/#organization"},"potentialAction":[{"@type":"SearchAction","target":{"@type":"EntryPoint","urlTemplate":"https:\/\/vieassociative.be\/actualites\/?s={search_term_string}"},"query-input":{"@type":"PropertyValueSpecification","valueRequired":true,"valueName":"search_term_string"}}],"inLanguage":"fr-BE"},{"@type":"Organization","@id":"https:\/\/vieassociative.be\/actualites\/#organization","name":"Vie Associative","url":"https:\/\/vieassociative.be\/actualites\/","logo":{"@type":"ImageObject","inLanguage":"fr-BE","@id":"https:\/\/vieassociative.be\/actualites\/#\/schema\/logo\/image\/","url":"https:\/\/vieassociative.be\/actualites\/wp-content\/uploads\/2024\/09\/cropped-vieassociative_favicon.ico.png","contentUrl":"https:\/\/vieassociative.be\/actualites\/wp-content\/uploads\/2024\/09\/cropped-vieassociative_favicon.ico.png","width":512,"height":512,"caption":"Vie Associative"},"image":{"@id":"https:\/\/vieassociative.be\/actualites\/#\/schema\/logo\/image\/"}},{"@type":"Person","@id":"https:\/\/vieassociative.be\/actualites\/#\/schema\/person\/b87ac4f82f9d4e7b7cec7395b679edc4","name":"Julien","image":{"@type":"ImageObject","inLanguage":"fr-BE","@id":"https:\/\/vieassociative.be\/actualites\/#\/schema\/person\/image\/","url":"https:\/\/vieassociative.be\/actualites\/wp-content\/uploads\/2024\/09\/vie-associative-1-150x150.jpg","contentUrl":"https:\/\/vieassociative.be\/actualites\/wp-content\/uploads\/2024\/09\/vie-associative-1-150x150.jpg","caption":"Julien"},"description":"Je suis Julien, r\u00e9dacteur pour Vie Associative. Passionn\u00e9 par le monde associatif depuis plus de 10 ans, j'ai \u00e0 c\u0153ur de partager des histoires inspirantes et de mettre en lumi\u00e8re les initiatives locales. Mon objectif est de sensibiliser et d'encourager l'engagement communautaire \u00e0 travers mes articles.","sameAs":["https:\/\/vieassociative.be\/"]}]}},"_links":{"self":[{"href":"https:\/\/vieassociative.be\/actualites\/wp-json\/wp\/v2\/posts\/5646"}],"collection":[{"href":"https:\/\/vieassociative.be\/actualites\/wp-json\/wp\/v2\/posts"}],"about":[{"href":"https:\/\/vieassociative.be\/actualites\/wp-json\/wp\/v2\/types\/post"}],"author":[{"embeddable":true,"href":"https:\/\/vieassociative.be\/actualites\/wp-json\/wp\/v2\/users\/1"}],"replies":[{"embeddable":true,"href":"https:\/\/vieassociative.be\/actualites\/wp-json\/wp\/v2\/comments?post=5646"}],"version-history":[{"count":0,"href":"https:\/\/vieassociative.be\/actualites\/wp-json\/wp\/v2\/posts\/5646\/revisions"}],"wp:featuredmedia":[{"embeddable":true,"href":"https:\/\/vieassociative.be\/actualites\/wp-json\/wp\/v2\/media\/5647"}],"wp:attachment":[{"href":"https:\/\/vieassociative.be\/actualites\/wp-json\/wp\/v2\/media?parent=5646"}],"wp:term":[{"taxonomy":"category","embeddable":true,"href":"https:\/\/vieassociative.be\/actualites\/wp-json\/wp\/v2\/categories?post=5646"},{"taxonomy":"post_tag","embeddable":true,"href":"https:\/\/vieassociative.be\/actualites\/wp-json\/wp\/v2\/tags?post=5646"}],"curies":[{"name":"wp","href":"https:\/\/api.w.org\/{rel}","templated":true}]}}