{"id":5637,"date":"2025-03-05T21:17:24","date_gmt":"2025-03-05T20:17:24","guid":{"rendered":"https:\/\/vieassociative.be\/actualites\/la-chaine-de-magasin-casa-rapporte-faillite-la-succursale-deupen-baelen-a-egalement-du-fermer\/"},"modified":"2025-03-05T21:17:24","modified_gmt":"2025-03-05T20:17:24","slug":"la-chaine-de-magasin-casa-rapporte-faillite-la-succursale-deupen-baelen-a-egalement-du-fermer","status":"publish","type":"post","link":"https:\/\/vieassociative.be\/actualites\/la-chaine-de-magasin-casa-rapporte-faillite-la-succursale-deupen-baelen-a-egalement-du-fermer\/","title":{"rendered":"La cha\u00eene de magasin CASA rapporte faillite &#8211; La succursale d&rsquo;Eupen \/ Baelen a \u00e9galement d\u00fb fermer"},"content":{"rendered":"<p><strong>CASA International et Casa Logistics ont demand\u00e9 la faillite le mercredi 5 mars 2025, devant le tribunal de l&rsquo;entreprise en vigueur. La cha\u00eene compte actuellement 63 magasins et emploie 544 employ\u00e9s en Belgique.<\/strong><\/p>\n<p><span id=\"more-410659\"><\/span>La soci\u00e9t\u00e9 affirme qu&rsquo;elle ne peut plus payer ses dettes. En cons\u00e9quence, non seulement 63 magasins, mais aussi le centre de vente et le quartier g\u00e9n\u00e9ral d&rsquo;Olen (province d&rsquo;Anvers) sont ferm\u00e9s, comme l&rsquo;a indiqu\u00e9 la soci\u00e9t\u00e9 dans un communiqu\u00e9 de presse.<\/p>\n<p><strong>&#8211; La tentative de sauvegarde de l&rsquo;entreprise a \u00e9chou\u00e9:<\/strong> Comme beaucoup d&rsquo;autres cha\u00eenes de d\u00e9tail, CASA a eu des difficult\u00e9s financi\u00e8res ces derni\u00e8res ann\u00e9es. La soci\u00e9t\u00e9 a tent\u00e9 d&rsquo;augmenter ses revenus et de maintenir des fonds suppl\u00e9mentaires, a ferm\u00e9 des affaires non rentables et a r\u00e9organis\u00e9 son si\u00e8ge social. Cependant, en raison du d\u00e9veloppement d\u00e9favorable du march\u00e9 de d\u00e9tail europ\u00e9en pour les \u00abproduits Home &#038; Deco\u00bb, les probl\u00e8mes ont augment\u00e9.<\/p>\n<div id=\"attachment_410665\" class=\"wp-caption alignleft\" style=\"max-width: 300px\"><img fetchpriority=\"high\" decoding=\"async\" class=\"wp-image-410665 size-medium\" src=\"https:\/\/vieassociative.be\/actualites\/wp-content\/uploads\/2025\/03\/La-chaine-de-magasin-CASA-rapporte-faillite-La-succursale.jpg\" alt=\"\" width=\"300\" height=\"200\"  ><\/p>\n<p class=\"wp-caption-text\">La succursale de Baelen sur Neutralstrasse est \u00e9galement affect\u00e9e. Photo: OD<\/p>\n<\/div>\n<p>\u00abCasa International recherche depuis longtemps des revenus et des fonds suppl\u00e9mentaires pour nettoyer la situation financi\u00e8re difficile. Les efforts intensifs pour se d\u00e9chirer autour du gouvernail n&rsquo;ont pas conduit au r\u00e9sultat souhait\u00e9 \u00bb, a d\u00e9clar\u00e9 la soci\u00e9t\u00e9 bas\u00e9e \u00e0 Olen.<\/p>\n<p>\u00ab\u00a0La cha\u00eene d&rsquo;installations int\u00e9rieures de la CASA est le grand perdant de la comp\u00e9tition contre les achats en ligne et les nouveaux concurrents bon march\u00e9 tels que Action et Temu\u00a0\u00bb, est cit\u00e9 Gino Van Ossel, professeur de vente au d\u00e9tail \u00e0 la Vlerick Business School, est cit\u00e9 dans la presse domestique. L&rsquo;entr\u00e9e dans le secteur en ligne \u00e9tait trop tard et beaucoup trop h\u00e9sitante. De plus, CASA ne s&rsquo;\u00e9tait pas retir\u00e9e de la gamme de produits de la concurrence.<\/p>\n<p>La succursale de Casa sur la p\u00e9riph\u00e9rie d&rsquo;Eupen dans la r\u00e9gion de la municipalit\u00e9 de Baelen est \u00e9galement affect\u00e9e par la faillite. L\u00e0, les clients ont \u00e9t\u00e9 inform\u00e9s mercredi par avis que l&rsquo;entreprise resterait ferm\u00e9e. \u00ab\u00a0Au cours des prochaines semaines, le directeur de la faillite d\u00e9cidera si l&rsquo;entreprise est rouverte ou ferm\u00e9e dans le cadre du concours.\u00a0\u00bb (Cre)<\/p>\n","protected":false},"excerpt":{"rendered":"<p>CASA International et Casa Logistics ont demand\u00e9 la faillite le mercredi 5 mars 2025, devant le tribunal de l&rsquo;entreprise en vigueur. La cha\u00eene compte actuellement<\/p>\n","protected":false},"author":1,"featured_media":5638,"comment_status":"","ping_status":"","sticky":false,"template":"","format":"standard","meta":{"footnotes":""},"categories":[298],"tags":[5677,5675,5674,2403,4894,172,3947,1221,769,5506,5676],"class_list":["post-5637","post","type-post","status-publish","format-standard","has-post-thumbnail","hentry","category-belgique","tag-baelen","tag-casa","tag-chaine","tag-deupen","tag-du","tag-egalement","tag-faillite","tag-fermer","tag-magasin","tag-rapporte","tag-succursale","generate-columns","tablet-grid-50","mobile-grid-100","grid-parent","grid-33"],"yoast_head":"<!-- This site is optimized with the Yoast SEO plugin v24.0 - https:\/\/yoast.com\/wordpress\/plugins\/seo\/ -->\n<title>La cha\u00eene de magasin CASA rapporte faillite - La succursale d&#039;Eupen \/ Baelen a \u00e9galement d\u00fb fermer | Vie Associative<\/title>\n<meta name=\"robots\" content=\"index, follow, max-snippet:-1, max-image-preview:large, max-video-preview:-1\" \/>\n<link rel=\"canonical\" href=\"https:\/\/vieassociative.be\/actualites\/la-chaine-de-magasin-casa-rapporte-faillite-la-succursale-deupen-baelen-a-egalement-du-fermer\/\" \/>\n<meta property=\"og:locale\" content=\"fr_FR\" \/>\n<meta property=\"og:type\" content=\"article\" \/>\n<meta property=\"og:title\" content=\"La cha\u00eene de magasin CASA rapporte faillite - La succursale d&#039;Eupen \/ Baelen a \u00e9galement d\u00fb fermer | Vie Associative\" \/>\n<meta property=\"og:description\" content=\"CASA International et Casa Logistics ont demand\u00e9 la faillite le mercredi 5 mars 2025, devant le tribunal de l&rsquo;entreprise en vigueur. La cha\u00eene compte actuellement\" \/>\n<meta property=\"og:url\" content=\"https:\/\/vieassociative.be\/actualites\/la-chaine-de-magasin-casa-rapporte-faillite-la-succursale-deupen-baelen-a-egalement-du-fermer\/\" \/>\n<meta property=\"og:site_name\" content=\"Vie Associative\" \/>\n<meta property=\"article:published_time\" content=\"2025-03-05T20:17:24+00:00\" \/>\n<meta property=\"og:image\" content=\"https:\/\/vieassociative.be\/actualites\/wp-content\/uploads\/2024\/09\/header_backgroundk-01-e1726694325946.png\" \/>\n\t<meta property=\"og:image:width\" content=\"279\" \/>\n\t<meta property=\"og:image:height\" content=\"92\" \/>\n\t<meta property=\"og:image:type\" content=\"image\/png\" \/>\n<meta name=\"author\" content=\"Julien\" \/>\n<meta name=\"twitter:card\" content=\"summary_large_image\" \/>\n<meta name=\"twitter:label1\" content=\"\u00c9crit par\" \/>\n\t<meta name=\"twitter:data1\" content=\"Julien\" \/>\n\t<meta name=\"twitter:label2\" content=\"Dur\u00e9e de lecture est.\" \/>\n\t<meta name=\"twitter:data2\" content=\"2 minutes\" \/>\n<script type=\"application\/ld+json\" class=\"yoast-schema-graph\">{\"@context\":\"https:\/\/schema.org\",\"@graph\":[{\"@type\":\"Article\",\"@id\":\"https:\/\/vieassociative.be\/actualites\/la-chaine-de-magasin-casa-rapporte-faillite-la-succursale-deupen-baelen-a-egalement-du-fermer\/#article\",\"isPartOf\":{\"@id\":\"https:\/\/vieassociative.be\/actualites\/la-chaine-de-magasin-casa-rapporte-faillite-la-succursale-deupen-baelen-a-egalement-du-fermer\/\"},\"author\":{\"name\":\"Julien\",\"@id\":\"https:\/\/vieassociative.be\/actualites\/#\/schema\/person\/b87ac4f82f9d4e7b7cec7395b679edc4\"},\"headline\":\"La cha\u00eene de magasin CASA rapporte faillite &#8211; La succursale d&rsquo;Eupen \/ Baelen a \u00e9galement d\u00fb fermer\",\"datePublished\":\"2025-03-05T20:17:24+00:00\",\"dateModified\":\"2025-03-05T20:17:24+00:00\",\"mainEntityOfPage\":{\"@id\":\"https:\/\/vieassociative.be\/actualites\/la-chaine-de-magasin-casa-rapporte-faillite-la-succursale-deupen-baelen-a-egalement-du-fermer\/\"},\"wordCount\":402,\"publisher\":{\"@id\":\"https:\/\/vieassociative.be\/actualites\/#organization\"},\"image\":{\"@id\":\"https:\/\/vieassociative.be\/actualites\/la-chaine-de-magasin-casa-rapporte-faillite-la-succursale-deupen-baelen-a-egalement-du-fermer\/#primaryimage\"},\"thumbnailUrl\":\"https:\/\/vieassociative.be\/actualites\/wp-content\/uploads\/2025\/03\/1741205844_La-chaine-de-magasin-CASA-rapporte-faillite-La-succursale.jpg\",\"keywords\":[\"Baelen\",\"CASA\",\"cha\u00eene\",\"dEupen\",\"d\u00fb\",\"\u00e9galement\",\"faillite\",\"fermer\",\"magasin\",\"rapporte\",\"succursale\"],\"articleSection\":[\"Belgique\"],\"inLanguage\":\"fr-BE\"},{\"@type\":\"WebPage\",\"@id\":\"https:\/\/vieassociative.be\/actualites\/la-chaine-de-magasin-casa-rapporte-faillite-la-succursale-deupen-baelen-a-egalement-du-fermer\/\",\"url\":\"https:\/\/vieassociative.be\/actualites\/la-chaine-de-magasin-casa-rapporte-faillite-la-succursale-deupen-baelen-a-egalement-du-fermer\/\",\"name\":\"La cha\u00eene de magasin CASA rapporte faillite - La succursale d'Eupen \/ Baelen a \u00e9galement d\u00fb fermer | Vie Associative\",\"isPartOf\":{\"@id\":\"https:\/\/vieassociative.be\/actualites\/#website\"},\"primaryImageOfPage\":{\"@id\":\"https:\/\/vieassociative.be\/actualites\/la-chaine-de-magasin-casa-rapporte-faillite-la-succursale-deupen-baelen-a-egalement-du-fermer\/#primaryimage\"},\"image\":{\"@id\":\"https:\/\/vieassociative.be\/actualites\/la-chaine-de-magasin-casa-rapporte-faillite-la-succursale-deupen-baelen-a-egalement-du-fermer\/#primaryimage\"},\"thumbnailUrl\":\"https:\/\/vieassociative.be\/actualites\/wp-content\/uploads\/2025\/03\/1741205844_La-chaine-de-magasin-CASA-rapporte-faillite-La-succursale.jpg\",\"datePublished\":\"2025-03-05T20:17:24+00:00\",\"dateModified\":\"2025-03-05T20:17:24+00:00\",\"breadcrumb\":{\"@id\":\"https:\/\/vieassociative.be\/actualites\/la-chaine-de-magasin-casa-rapporte-faillite-la-succursale-deupen-baelen-a-egalement-du-fermer\/#breadcrumb\"},\"inLanguage\":\"fr-BE\",\"potentialAction\":[{\"@type\":\"ReadAction\",\"target\":[\"https:\/\/vieassociative.be\/actualites\/la-chaine-de-magasin-casa-rapporte-faillite-la-succursale-deupen-baelen-a-egalement-du-fermer\/\"]}]},{\"@type\":\"ImageObject\",\"inLanguage\":\"fr-BE\",\"@id\":\"https:\/\/vieassociative.be\/actualites\/la-chaine-de-magasin-casa-rapporte-faillite-la-succursale-deupen-baelen-a-egalement-du-fermer\/#primaryimage\",\"url\":\"https:\/\/vieassociative.be\/actualites\/wp-content\/uploads\/2025\/03\/1741205844_La-chaine-de-magasin-CASA-rapporte-faillite-La-succursale.jpg\",\"contentUrl\":\"https:\/\/vieassociative.be\/actualites\/wp-content\/uploads\/2025\/03\/1741205844_La-chaine-de-magasin-CASA-rapporte-faillite-La-succursale.jpg\",\"width\":1200,\"height\":800,\"caption\":\"La cha\u00eene de magasin CASA rapporte faillite - La succursale d'Eupen \/ Baelen a \u00e9galement d\u00fb fermer\"},{\"@type\":\"BreadcrumbList\",\"@id\":\"https:\/\/vieassociative.be\/actualites\/la-chaine-de-magasin-casa-rapporte-faillite-la-succursale-deupen-baelen-a-egalement-du-fermer\/#breadcrumb\",\"itemListElement\":[{\"@type\":\"ListItem\",\"position\":1,\"name\":\"Accueil\",\"item\":\"https:\/\/vieassociative.be\/actualites\/\"},{\"@type\":\"ListItem\",\"position\":2,\"name\":\"La cha\u00eene de magasin CASA rapporte faillite &#8211; La succursale d&rsquo;Eupen \/ Baelen a \u00e9galement d\u00fb fermer\"}]},{\"@type\":\"WebSite\",\"@id\":\"https:\/\/vieassociative.be\/actualites\/#website\",\"url\":\"https:\/\/vieassociative.be\/actualites\/\",\"name\":\"Vie Associative\",\"description\":\"\",\"publisher\":{\"@id\":\"https:\/\/vieassociative.be\/actualites\/#organization\"},\"potentialAction\":[{\"@type\":\"SearchAction\",\"target\":{\"@type\":\"EntryPoint\",\"urlTemplate\":\"https:\/\/vieassociative.be\/actualites\/?s={search_term_string}\"},\"query-input\":{\"@type\":\"PropertyValueSpecification\",\"valueRequired\":true,\"valueName\":\"search_term_string\"}}],\"inLanguage\":\"fr-BE\"},{\"@type\":\"Organization\",\"@id\":\"https:\/\/vieassociative.be\/actualites\/#organization\",\"name\":\"Vie Associative\",\"url\":\"https:\/\/vieassociative.be\/actualites\/\",\"logo\":{\"@type\":\"ImageObject\",\"inLanguage\":\"fr-BE\",\"@id\":\"https:\/\/vieassociative.be\/actualites\/#\/schema\/logo\/image\/\",\"url\":\"https:\/\/vieassociative.be\/actualites\/wp-content\/uploads\/2024\/09\/cropped-vieassociative_favicon.ico.png\",\"contentUrl\":\"https:\/\/vieassociative.be\/actualites\/wp-content\/uploads\/2024\/09\/cropped-vieassociative_favicon.ico.png\",\"width\":512,\"height\":512,\"caption\":\"Vie Associative\"},\"image\":{\"@id\":\"https:\/\/vieassociative.be\/actualites\/#\/schema\/logo\/image\/\"}},{\"@type\":\"Person\",\"@id\":\"https:\/\/vieassociative.be\/actualites\/#\/schema\/person\/b87ac4f82f9d4e7b7cec7395b679edc4\",\"name\":\"Julien\",\"image\":{\"@type\":\"ImageObject\",\"inLanguage\":\"fr-BE\",\"@id\":\"https:\/\/vieassociative.be\/actualites\/#\/schema\/person\/image\/\",\"url\":\"https:\/\/vieassociative.be\/actualites\/wp-content\/uploads\/2024\/09\/vie-associative-1-150x150.jpg\",\"contentUrl\":\"https:\/\/vieassociative.be\/actualites\/wp-content\/uploads\/2024\/09\/vie-associative-1-150x150.jpg\",\"caption\":\"Julien\"},\"description\":\"Je suis Julien, r\u00e9dacteur pour Vie Associative. Passionn\u00e9 par le monde associatif depuis plus de 10 ans, j'ai \u00e0 c\u0153ur de partager des histoires inspirantes et de mettre en lumi\u00e8re les initiatives locales. Mon objectif est de sensibiliser et d'encourager l'engagement communautaire \u00e0 travers mes articles.\",\"sameAs\":[\"https:\/\/vieassociative.be\/\"]}]}<\/script>\n<!-- \/ Yoast SEO plugin. -->","yoast_head_json":{"title":"La cha\u00eene de magasin CASA rapporte faillite - La succursale d'Eupen \/ Baelen a \u00e9galement d\u00fb fermer | Vie Associative","robots":{"index":"index","follow":"follow","max-snippet":"max-snippet:-1","max-image-preview":"max-image-preview:large","max-video-preview":"max-video-preview:-1"},"canonical":"https:\/\/vieassociative.be\/actualites\/la-chaine-de-magasin-casa-rapporte-faillite-la-succursale-deupen-baelen-a-egalement-du-fermer\/","og_locale":"fr_FR","og_type":"article","og_title":"La cha\u00eene de magasin CASA rapporte faillite - La succursale d'Eupen \/ Baelen a \u00e9galement d\u00fb fermer | Vie Associative","og_description":"CASA International et Casa Logistics ont demand\u00e9 la faillite le mercredi 5 mars 2025, devant le tribunal de l&rsquo;entreprise en vigueur. La cha\u00eene compte actuellement","og_url":"https:\/\/vieassociative.be\/actualites\/la-chaine-de-magasin-casa-rapporte-faillite-la-succursale-deupen-baelen-a-egalement-du-fermer\/","og_site_name":"Vie Associative","article_published_time":"2025-03-05T20:17:24+00:00","og_image":[{"width":279,"height":92,"url":"https:\/\/vieassociative.be\/actualites\/wp-content\/uploads\/2024\/09\/header_backgroundk-01-e1726694325946.png","type":"image\/png"}],"author":"Julien","twitter_card":"summary_large_image","twitter_misc":{"\u00c9crit par":"Julien","Dur\u00e9e de lecture est.":"2 minutes"},"schema":{"@context":"https:\/\/schema.org","@graph":[{"@type":"Article","@id":"https:\/\/vieassociative.be\/actualites\/la-chaine-de-magasin-casa-rapporte-faillite-la-succursale-deupen-baelen-a-egalement-du-fermer\/#article","isPartOf":{"@id":"https:\/\/vieassociative.be\/actualites\/la-chaine-de-magasin-casa-rapporte-faillite-la-succursale-deupen-baelen-a-egalement-du-fermer\/"},"author":{"name":"Julien","@id":"https:\/\/vieassociative.be\/actualites\/#\/schema\/person\/b87ac4f82f9d4e7b7cec7395b679edc4"},"headline":"La cha\u00eene de magasin CASA rapporte faillite &#8211; La succursale d&rsquo;Eupen \/ Baelen a \u00e9galement d\u00fb fermer","datePublished":"2025-03-05T20:17:24+00:00","dateModified":"2025-03-05T20:17:24+00:00","mainEntityOfPage":{"@id":"https:\/\/vieassociative.be\/actualites\/la-chaine-de-magasin-casa-rapporte-faillite-la-succursale-deupen-baelen-a-egalement-du-fermer\/"},"wordCount":402,"publisher":{"@id":"https:\/\/vieassociative.be\/actualites\/#organization"},"image":{"@id":"https:\/\/vieassociative.be\/actualites\/la-chaine-de-magasin-casa-rapporte-faillite-la-succursale-deupen-baelen-a-egalement-du-fermer\/#primaryimage"},"thumbnailUrl":"https:\/\/vieassociative.be\/actualites\/wp-content\/uploads\/2025\/03\/1741205844_La-chaine-de-magasin-CASA-rapporte-faillite-La-succursale.jpg","keywords":["Baelen","CASA","cha\u00eene","dEupen","d\u00fb","\u00e9galement","faillite","fermer","magasin","rapporte","succursale"],"articleSection":["Belgique"],"inLanguage":"fr-BE"},{"@type":"WebPage","@id":"https:\/\/vieassociative.be\/actualites\/la-chaine-de-magasin-casa-rapporte-faillite-la-succursale-deupen-baelen-a-egalement-du-fermer\/","url":"https:\/\/vieassociative.be\/actualites\/la-chaine-de-magasin-casa-rapporte-faillite-la-succursale-deupen-baelen-a-egalement-du-fermer\/","name":"La cha\u00eene de magasin CASA rapporte faillite - La succursale d'Eupen \/ Baelen a \u00e9galement d\u00fb fermer | Vie Associative","isPartOf":{"@id":"https:\/\/vieassociative.be\/actualites\/#website"},"primaryImageOfPage":{"@id":"https:\/\/vieassociative.be\/actualites\/la-chaine-de-magasin-casa-rapporte-faillite-la-succursale-deupen-baelen-a-egalement-du-fermer\/#primaryimage"},"image":{"@id":"https:\/\/vieassociative.be\/actualites\/la-chaine-de-magasin-casa-rapporte-faillite-la-succursale-deupen-baelen-a-egalement-du-fermer\/#primaryimage"},"thumbnailUrl":"https:\/\/vieassociative.be\/actualites\/wp-content\/uploads\/2025\/03\/1741205844_La-chaine-de-magasin-CASA-rapporte-faillite-La-succursale.jpg","datePublished":"2025-03-05T20:17:24+00:00","dateModified":"2025-03-05T20:17:24+00:00","breadcrumb":{"@id":"https:\/\/vieassociative.be\/actualites\/la-chaine-de-magasin-casa-rapporte-faillite-la-succursale-deupen-baelen-a-egalement-du-fermer\/#breadcrumb"},"inLanguage":"fr-BE","potentialAction":[{"@type":"ReadAction","target":["https:\/\/vieassociative.be\/actualites\/la-chaine-de-magasin-casa-rapporte-faillite-la-succursale-deupen-baelen-a-egalement-du-fermer\/"]}]},{"@type":"ImageObject","inLanguage":"fr-BE","@id":"https:\/\/vieassociative.be\/actualites\/la-chaine-de-magasin-casa-rapporte-faillite-la-succursale-deupen-baelen-a-egalement-du-fermer\/#primaryimage","url":"https:\/\/vieassociative.be\/actualites\/wp-content\/uploads\/2025\/03\/1741205844_La-chaine-de-magasin-CASA-rapporte-faillite-La-succursale.jpg","contentUrl":"https:\/\/vieassociative.be\/actualites\/wp-content\/uploads\/2025\/03\/1741205844_La-chaine-de-magasin-CASA-rapporte-faillite-La-succursale.jpg","width":1200,"height":800,"caption":"La cha\u00eene de magasin CASA rapporte faillite - La succursale d'Eupen \/ Baelen a \u00e9galement d\u00fb fermer"},{"@type":"BreadcrumbList","@id":"https:\/\/vieassociative.be\/actualites\/la-chaine-de-magasin-casa-rapporte-faillite-la-succursale-deupen-baelen-a-egalement-du-fermer\/#breadcrumb","itemListElement":[{"@type":"ListItem","position":1,"name":"Accueil","item":"https:\/\/vieassociative.be\/actualites\/"},{"@type":"ListItem","position":2,"name":"La cha\u00eene de magasin CASA rapporte faillite &#8211; La succursale d&rsquo;Eupen \/ Baelen a \u00e9galement d\u00fb fermer"}]},{"@type":"WebSite","@id":"https:\/\/vieassociative.be\/actualites\/#website","url":"https:\/\/vieassociative.be\/actualites\/","name":"Vie Associative","description":"","publisher":{"@id":"https:\/\/vieassociative.be\/actualites\/#organization"},"potentialAction":[{"@type":"SearchAction","target":{"@type":"EntryPoint","urlTemplate":"https:\/\/vieassociative.be\/actualites\/?s={search_term_string}"},"query-input":{"@type":"PropertyValueSpecification","valueRequired":true,"valueName":"search_term_string"}}],"inLanguage":"fr-BE"},{"@type":"Organization","@id":"https:\/\/vieassociative.be\/actualites\/#organization","name":"Vie Associative","url":"https:\/\/vieassociative.be\/actualites\/","logo":{"@type":"ImageObject","inLanguage":"fr-BE","@id":"https:\/\/vieassociative.be\/actualites\/#\/schema\/logo\/image\/","url":"https:\/\/vieassociative.be\/actualites\/wp-content\/uploads\/2024\/09\/cropped-vieassociative_favicon.ico.png","contentUrl":"https:\/\/vieassociative.be\/actualites\/wp-content\/uploads\/2024\/09\/cropped-vieassociative_favicon.ico.png","width":512,"height":512,"caption":"Vie Associative"},"image":{"@id":"https:\/\/vieassociative.be\/actualites\/#\/schema\/logo\/image\/"}},{"@type":"Person","@id":"https:\/\/vieassociative.be\/actualites\/#\/schema\/person\/b87ac4f82f9d4e7b7cec7395b679edc4","name":"Julien","image":{"@type":"ImageObject","inLanguage":"fr-BE","@id":"https:\/\/vieassociative.be\/actualites\/#\/schema\/person\/image\/","url":"https:\/\/vieassociative.be\/actualites\/wp-content\/uploads\/2024\/09\/vie-associative-1-150x150.jpg","contentUrl":"https:\/\/vieassociative.be\/actualites\/wp-content\/uploads\/2024\/09\/vie-associative-1-150x150.jpg","caption":"Julien"},"description":"Je suis Julien, r\u00e9dacteur pour Vie Associative. Passionn\u00e9 par le monde associatif depuis plus de 10 ans, j'ai \u00e0 c\u0153ur de partager des histoires inspirantes et de mettre en lumi\u00e8re les initiatives locales. Mon objectif est de sensibiliser et d'encourager l'engagement communautaire \u00e0 travers mes articles.","sameAs":["https:\/\/vieassociative.be\/"]}]}},"_links":{"self":[{"href":"https:\/\/vieassociative.be\/actualites\/wp-json\/wp\/v2\/posts\/5637"}],"collection":[{"href":"https:\/\/vieassociative.be\/actualites\/wp-json\/wp\/v2\/posts"}],"about":[{"href":"https:\/\/vieassociative.be\/actualites\/wp-json\/wp\/v2\/types\/post"}],"author":[{"embeddable":true,"href":"https:\/\/vieassociative.be\/actualites\/wp-json\/wp\/v2\/users\/1"}],"replies":[{"embeddable":true,"href":"https:\/\/vieassociative.be\/actualites\/wp-json\/wp\/v2\/comments?post=5637"}],"version-history":[{"count":0,"href":"https:\/\/vieassociative.be\/actualites\/wp-json\/wp\/v2\/posts\/5637\/revisions"}],"wp:featuredmedia":[{"embeddable":true,"href":"https:\/\/vieassociative.be\/actualites\/wp-json\/wp\/v2\/media\/5638"}],"wp:attachment":[{"href":"https:\/\/vieassociative.be\/actualites\/wp-json\/wp\/v2\/media?parent=5637"}],"wp:term":[{"taxonomy":"category","embeddable":true,"href":"https:\/\/vieassociative.be\/actualites\/wp-json\/wp\/v2\/categories?post=5637"},{"taxonomy":"post_tag","embeddable":true,"href":"https:\/\/vieassociative.be\/actualites\/wp-json\/wp\/v2\/tags?post=5637"}],"curies":[{"name":"wp","href":"https:\/\/api.w.org\/{rel}","templated":true}]}}