{"id":5635,"date":"2025-03-05T20:25:30","date_gmt":"2025-03-05T19:25:30","guid":{"rendered":"https:\/\/vieassociative.be\/actualites\/le-moyen-le-plus-simple-de-liberer-de-lespace-disque-sur-votre-mac\/"},"modified":"2025-03-05T20:25:30","modified_gmt":"2025-03-05T19:25:30","slug":"le-moyen-le-plus-simple-de-liberer-de-lespace-disque-sur-votre-mac","status":"publish","type":"post","link":"https:\/\/vieassociative.be\/actualites\/le-moyen-le-plus-simple-de-liberer-de-lespace-disque-sur-votre-mac\/","title":{"rendered":"Le moyen le plus simple de lib\u00e9rer de l&rsquo;espace disque sur votre Mac"},"content":{"rendered":"<div class=\"mt-4 leading-6 md:mb-8\">Effacez rapidement toutes les ordures de votre Mac.<\/div>\n<p><\/p>\n<p>Si votre Mac est pr\u00e8s de manquer d&rsquo;espace, n&rsquo;ignorez pas le probl\u00e8me. Ces machines peuvent rencontrer des probl\u00e8mes lorsque leur stockage est complet \u00e0 100%: les mises \u00e0 jour peuvent avoir du mal \u00e0 installer; La machine peut ralentir; Les applications peuvent ne pas bien fonctionner; Et vous remarquerez peut-\u00eatre que certains cessent \u00e9galement de sauvegarder leurs donn\u00e9es vers le cloud. Pour \u00e9viter tous ces probl\u00e8mes, lib\u00e9rez de l&rsquo;espace. Ce n&rsquo;est pas aussi intimidant qu&rsquo;il y para\u00eet.<\/p>\n<h2 id=\"use-built-in-tools-to-free-up-space-on-your-mac\">Utilisez des outils int\u00e9gr\u00e9s pour lib\u00e9rer de l&rsquo;espace sur votre Mac<\/h2>\n<div class=\"eloquent-imagery-image\">\n<div class=\"flex justify-center\">\n                    <img decoding=\"async\" class=\"border border-gray-100\" src=\"https:\/\/vieassociative.be\/actualites\/wp-content\/uploads\/2025\/03\/Le-moyen-le-plus-simple-de-liberer-de-lespace-disque.jpg\" alt=\"Effacer les \u00e9missions de t\u00e9l\u00e9vision t\u00e9l\u00e9charg\u00e9es de l'application TV pour lib\u00e9rer l'espace sur un Mac.\" width=\"2000\" height=\"1125\" loading=\"lazy\"  >\n            <\/div>\n<\/p><\/div>\n<p>Apple vous offre de nombreux outils faciles pour commencer \u00e0 effacer les fichiers ind\u00e9sirables de votre ordinateur. Pour commencer, vous devez identifier o\u00f9 se trouve le probl\u00e8me. Cliquez sur le logo Apple dans le coin sup\u00e9rieur gauche de l&rsquo;\u00e9cran de votre Mac et allez \u00e0 <strong>Param\u00e8tres du syst\u00e8me> G\u00e9n\u00e9ral> Stockage<\/strong>. Attendez que tous les panneaux de chargement disparaissent et vous verrez pourquoi votre Mac est \u00e0 court d&rsquo;espace. La section Recommandations offre un moyen facile de d\u00e9marrer le processus de nettoyage. Ici, vous pouvez rapidement d\u00e9charger des applications inutilis\u00e9es, supprimer des copies locales des fichiers stock\u00e9s dans iCloud, supprimer automatiquement les anciens fichiers de la poubelle en un clic, entre autres fonctions utiles. <\/p>\n<p>Une fois que vous avez suivi ces \u00e9tapes, vous devriez avoir un peu de marge de respiration, mais vous pouvez aller encore plus loin en cliquant sur le <strong>je<\/strong> boutons \u00e0 c\u00f4t\u00e9 de chaque \u00e9l\u00e9ment de la liste ci-dessous la section Recommandations. Par exemple, vous pouvez cliquer sur le <strong>je<\/strong> Bouton \u00e0 c\u00f4t\u00e9 des applications pour voir une liste compl\u00e8te des applications install\u00e9es tri\u00e9es par taille et supprimer rapidement les applications que vous n&rsquo;utilisez pas. Une fois que vous avez fini avec cela, vous auriez d\u00fb r\u00e9cup\u00e9rer beaucoup d&rsquo;espace.<\/p>\n<h2 id=\"use-daisydisk-to-clean-up-your-mac\">Utilisez Daisydisk pour nettoyer votre Mac<\/h2>\n<div class=\"eloquent-imagery-image\">\n<div class=\"flex justify-center\">\n                    <img decoding=\"async\" class=\"border border-gray-100\" src=\"https:\/\/vieassociative.be\/actualites\/wp-content\/uploads\/2025\/03\/1741202730_388_Le-moyen-le-plus-simple-de-liberer-de-lespace-disque.jpg\" alt=\"Daisydisk montrant 137 Go d'espace occup\u00e9 sur un Mac et 7,2 Go dans le chariot de suppression ci-dessous.\" width=\"2000\" height=\"1125\" loading=\"lazy\"  >\n            <\/div>\n<\/p><\/div>\n<p>La m\u00e9thode int\u00e9gr\u00e9e d&rsquo;Apple est g\u00e9n\u00e9ralement assez bonne pour vous faire d\u00e9marrer, mais si vous souhaitez obtenir chaque derni\u00e8re partie de donn\u00e9es ind\u00e9sirables de votre Mac, envisagez d&rsquo;utiliser l&rsquo;excellente Daisydisk (10 $). Cette application existe depuis plus d&rsquo;une d\u00e9cennie et s&rsquo;est acquise pour faciliter la lib\u00e9ration de l&rsquo;espace. Une fois que vous avez ouvert l&rsquo;application, vous pouvez ex\u00e9cuter une analyse pour voir quelles applications occupent un espace de stockage. Une fois cela fait, vous pouvez facilement parcourir divers dossiers et laisser tomber les choses dans la zone des collectionneurs, ce qui est comme un panier pour les choses que vous souhaitez supprimer. DaisyDisk r\u00e9pertorie tous vos dossiers par taille et trouve des fichiers que l&rsquo;outil int\u00e9gr\u00e9 manque. Dans mon cas, j&rsquo;ai d\u00e9couvert 80 Go de donn\u00e9es dans WhatsApp &#8211; des fichiers partag\u00e9s dans un grand groupe que j&rsquo;avais att\u00e9nu\u00e9 il y a longtemps et oubli\u00e9. <\/p>\n<p>Une fois tous les fichiers collect\u00e9s, vous pouvez cliquer sur le <strong>Supprimer<\/strong> bouton pour les effacer rapidement. <\/p>\n<h2 id=\"try-hyperspace-to-clear-out-the-stragglers\">Essayez l&rsquo;hyperspace pour \u00e9liminer les retardataires<\/h2>\n<div class=\"eloquent-imagery-image\">\n<div class=\"flex justify-center\">\n                    <img decoding=\"async\" class=\"border border-gray-100\" src=\"https:\/\/vieassociative.be\/actualites\/wp-content\/uploads\/2025\/03\/1741202730_880_Le-moyen-le-plus-simple-de-liberer-de-lespace-disque.jpg\" alt=\"Hyperspace montre qu'il peut r\u00e9cup\u00e9rer 36 Mo d'espace dans le dossier num\u00e9ris\u00e9.\" width=\"2000\" height=\"1124\" loading=\"lazy\"  >\n            <\/div>\n<\/p><\/div>\n<p>L&rsquo;hyperspace devrait \u00eatre le dernier arr\u00eat de votre processus de nettoyage Mac. Il \u00e9limine l&rsquo;espace de stockage <em>sans supprimer aucun fichier<\/em>. Voici comment cela fonctionne.<\/p>\n<p>Apple FileSystem (APFS) a une fonctionnalit\u00e9 de sauvegarde d&rsquo;espace soign\u00e9e qui permet \u00e0 plusieurs fichiers de partager une seule copie des donn\u00e9es. Par exemple, si vous dupliquez un fichier de 1 Go sur macOS, vous remarquerez qu&rsquo;une copie est cr\u00e9\u00e9e instantan\u00e9ment. Essayez de copier le m\u00eame fichier sur un lecteur externe et quelle que soit la vitesse \u00e0 laquelle le lecteur est, cela prendra un certain temps pour le copier. Cela se produit parce que les APF cr\u00e9e simplement un nouveau fichier avec de nouvelles m\u00e9tadonn\u00e9es et ne cr\u00e9ent pas r\u00e9ellement une deuxi\u00e8me copie des donn\u00e9es en dessous. Cela vous fait \u00e9conomiser beaucoup d&rsquo;espace.<\/p>\n<p>Hyperspace utilise cette fonction APFS pour localiser des fichiers identiques et les convertit en clones les uns des autres. Cela signifie que vous continuerez \u00e0 voir le m\u00eame nombre de fichiers dans les m\u00eames emplacements d&rsquo;origine, mais l&rsquo;application utilisera la fonction APFS pour lib\u00e9rer de l&rsquo;espace. <\/p>\n<p>L&rsquo;explication est l\u00e9g\u00e8rement complexe, mais cette application semble fonctionner. Hyperspace est un t\u00e9l\u00e9chargement gratuit et vous pouvez \u00e9galement scanner vos dossiers sans payer. Si ces analyses affichent que l&rsquo;application peut vous faire \u00e9conomiser une quantit\u00e9 importante d&rsquo;espace, vous pouvez alors payer pour effacer ces fichiers. L&rsquo;application co\u00fbte 10 $ par mois, 20 $ par an ou un achat unique de 50 $.<\/p>\n","protected":false},"excerpt":{"rendered":"<p>Effacez rapidement toutes les ordures de votre Mac. Si votre Mac est pr\u00e8s de manquer d&rsquo;espace, n&rsquo;ignorez pas le probl\u00e8me. Ces machines peuvent rencontrer des<\/p>\n","protected":false},"author":1,"featured_media":5636,"comment_status":"","ping_status":"","sticky":false,"template":"","format":"standard","meta":{"footnotes":""},"categories":[13],"tags":[5034,1013,5673,1112,1338,1730,33,8],"class_list":["post-5635","post","type-post","status-publish","format-standard","has-post-thumbnail","hentry","category-technologie","tag-disque","tag-lespace","tag-liberer","tag-mac","tag-moyen","tag-simple","tag-sur","tag-votre","generate-columns","tablet-grid-50","mobile-grid-100","grid-parent","grid-33"],"yoast_head":"<!-- This site is optimized with the Yoast SEO plugin v24.0 - https:\/\/yoast.com\/wordpress\/plugins\/seo\/ -->\n<title>Le moyen le plus simple de lib\u00e9rer de l&#039;espace disque sur votre Mac | Vie Associative<\/title>\n<meta name=\"robots\" content=\"index, follow, max-snippet:-1, max-image-preview:large, max-video-preview:-1\" \/>\n<link rel=\"canonical\" href=\"https:\/\/vieassociative.be\/actualites\/le-moyen-le-plus-simple-de-liberer-de-lespace-disque-sur-votre-mac\/\" \/>\n<meta property=\"og:locale\" content=\"fr_FR\" \/>\n<meta property=\"og:type\" content=\"article\" \/>\n<meta property=\"og:title\" content=\"Le moyen le plus simple de lib\u00e9rer de l&#039;espace disque sur votre Mac | Vie Associative\" \/>\n<meta property=\"og:description\" content=\"Effacez rapidement toutes les ordures de votre Mac. Si votre Mac est pr\u00e8s de manquer d&rsquo;espace, n&rsquo;ignorez pas le probl\u00e8me. Ces machines peuvent rencontrer des\" \/>\n<meta property=\"og:url\" content=\"https:\/\/vieassociative.be\/actualites\/le-moyen-le-plus-simple-de-liberer-de-lespace-disque-sur-votre-mac\/\" \/>\n<meta property=\"og:site_name\" content=\"Vie Associative\" \/>\n<meta property=\"article:published_time\" content=\"2025-03-05T19:25:30+00:00\" \/>\n<meta property=\"og:image\" content=\"https:\/\/vieassociative.be\/actualites\/wp-content\/uploads\/2025\/03\/Le-moyen-le-plus-simple-de-liberer-de-lespace-disque.jpg\" \/>\n<meta name=\"author\" content=\"Julien\" \/>\n<meta name=\"twitter:card\" content=\"summary_large_image\" \/>\n<meta name=\"twitter:label1\" content=\"\u00c9crit par\" \/>\n\t<meta name=\"twitter:data1\" content=\"Julien\" \/>\n\t<meta name=\"twitter:label2\" content=\"Dur\u00e9e de lecture est.\" \/>\n\t<meta name=\"twitter:data2\" content=\"4 minutes\" \/>\n<script type=\"application\/ld+json\" class=\"yoast-schema-graph\">{\"@context\":\"https:\/\/schema.org\",\"@graph\":[{\"@type\":\"Article\",\"@id\":\"https:\/\/vieassociative.be\/actualites\/le-moyen-le-plus-simple-de-liberer-de-lespace-disque-sur-votre-mac\/#article\",\"isPartOf\":{\"@id\":\"https:\/\/vieassociative.be\/actualites\/le-moyen-le-plus-simple-de-liberer-de-lespace-disque-sur-votre-mac\/\"},\"author\":{\"name\":\"Julien\",\"@id\":\"https:\/\/vieassociative.be\/actualites\/#\/schema\/person\/b87ac4f82f9d4e7b7cec7395b679edc4\"},\"headline\":\"Le moyen le plus simple de lib\u00e9rer de l&rsquo;espace disque sur votre Mac\",\"datePublished\":\"2025-03-05T19:25:30+00:00\",\"dateModified\":\"2025-03-05T19:25:30+00:00\",\"mainEntityOfPage\":{\"@id\":\"https:\/\/vieassociative.be\/actualites\/le-moyen-le-plus-simple-de-liberer-de-lespace-disque-sur-votre-mac\/\"},\"wordCount\":805,\"publisher\":{\"@id\":\"https:\/\/vieassociative.be\/actualites\/#organization\"},\"image\":{\"@id\":\"https:\/\/vieassociative.be\/actualites\/le-moyen-le-plus-simple-de-liberer-de-lespace-disque-sur-votre-mac\/#primaryimage\"},\"thumbnailUrl\":\"https:\/\/vieassociative.be\/actualites\/wp-content\/uploads\/2025\/03\/1741202730_Le-moyen-le-plus-simple-de-liberer-de-lespace-disque.jpg\",\"keywords\":[\"disque\",\"lespace\",\"lib\u00e9rer\",\"Mac\",\"moyen\",\"simple\",\"sur\",\"votre\"],\"articleSection\":[\"Technologie\"],\"inLanguage\":\"fr-BE\"},{\"@type\":\"WebPage\",\"@id\":\"https:\/\/vieassociative.be\/actualites\/le-moyen-le-plus-simple-de-liberer-de-lespace-disque-sur-votre-mac\/\",\"url\":\"https:\/\/vieassociative.be\/actualites\/le-moyen-le-plus-simple-de-liberer-de-lespace-disque-sur-votre-mac\/\",\"name\":\"Le moyen le plus simple de lib\u00e9rer de l'espace disque sur votre Mac | Vie Associative\",\"isPartOf\":{\"@id\":\"https:\/\/vieassociative.be\/actualites\/#website\"},\"primaryImageOfPage\":{\"@id\":\"https:\/\/vieassociative.be\/actualites\/le-moyen-le-plus-simple-de-liberer-de-lespace-disque-sur-votre-mac\/#primaryimage\"},\"image\":{\"@id\":\"https:\/\/vieassociative.be\/actualites\/le-moyen-le-plus-simple-de-liberer-de-lespace-disque-sur-votre-mac\/#primaryimage\"},\"thumbnailUrl\":\"https:\/\/vieassociative.be\/actualites\/wp-content\/uploads\/2025\/03\/1741202730_Le-moyen-le-plus-simple-de-liberer-de-lespace-disque.jpg\",\"datePublished\":\"2025-03-05T19:25:30+00:00\",\"dateModified\":\"2025-03-05T19:25:30+00:00\",\"breadcrumb\":{\"@id\":\"https:\/\/vieassociative.be\/actualites\/le-moyen-le-plus-simple-de-liberer-de-lespace-disque-sur-votre-mac\/#breadcrumb\"},\"inLanguage\":\"fr-BE\",\"potentialAction\":[{\"@type\":\"ReadAction\",\"target\":[\"https:\/\/vieassociative.be\/actualites\/le-moyen-le-plus-simple-de-liberer-de-lespace-disque-sur-votre-mac\/\"]}]},{\"@type\":\"ImageObject\",\"inLanguage\":\"fr-BE\",\"@id\":\"https:\/\/vieassociative.be\/actualites\/le-moyen-le-plus-simple-de-liberer-de-lespace-disque-sur-votre-mac\/#primaryimage\",\"url\":\"https:\/\/vieassociative.be\/actualites\/wp-content\/uploads\/2025\/03\/1741202730_Le-moyen-le-plus-simple-de-liberer-de-lespace-disque.jpg\",\"contentUrl\":\"https:\/\/vieassociative.be\/actualites\/wp-content\/uploads\/2025\/03\/1741202730_Le-moyen-le-plus-simple-de-liberer-de-lespace-disque.jpg\",\"width\":1200,\"height\":675,\"caption\":\"Le moyen le plus simple de lib\u00e9rer de l'espace disque sur votre Mac\"},{\"@type\":\"BreadcrumbList\",\"@id\":\"https:\/\/vieassociative.be\/actualites\/le-moyen-le-plus-simple-de-liberer-de-lespace-disque-sur-votre-mac\/#breadcrumb\",\"itemListElement\":[{\"@type\":\"ListItem\",\"position\":1,\"name\":\"Accueil\",\"item\":\"https:\/\/vieassociative.be\/actualites\/\"},{\"@type\":\"ListItem\",\"position\":2,\"name\":\"Le moyen le plus simple de lib\u00e9rer de l&rsquo;espace disque sur votre Mac\"}]},{\"@type\":\"WebSite\",\"@id\":\"https:\/\/vieassociative.be\/actualites\/#website\",\"url\":\"https:\/\/vieassociative.be\/actualites\/\",\"name\":\"Vie Associative\",\"description\":\"\",\"publisher\":{\"@id\":\"https:\/\/vieassociative.be\/actualites\/#organization\"},\"potentialAction\":[{\"@type\":\"SearchAction\",\"target\":{\"@type\":\"EntryPoint\",\"urlTemplate\":\"https:\/\/vieassociative.be\/actualites\/?s={search_term_string}\"},\"query-input\":{\"@type\":\"PropertyValueSpecification\",\"valueRequired\":true,\"valueName\":\"search_term_string\"}}],\"inLanguage\":\"fr-BE\"},{\"@type\":\"Organization\",\"@id\":\"https:\/\/vieassociative.be\/actualites\/#organization\",\"name\":\"Vie Associative\",\"url\":\"https:\/\/vieassociative.be\/actualites\/\",\"logo\":{\"@type\":\"ImageObject\",\"inLanguage\":\"fr-BE\",\"@id\":\"https:\/\/vieassociative.be\/actualites\/#\/schema\/logo\/image\/\",\"url\":\"https:\/\/vieassociative.be\/actualites\/wp-content\/uploads\/2024\/09\/cropped-vieassociative_favicon.ico.png\",\"contentUrl\":\"https:\/\/vieassociative.be\/actualites\/wp-content\/uploads\/2024\/09\/cropped-vieassociative_favicon.ico.png\",\"width\":512,\"height\":512,\"caption\":\"Vie Associative\"},\"image\":{\"@id\":\"https:\/\/vieassociative.be\/actualites\/#\/schema\/logo\/image\/\"}},{\"@type\":\"Person\",\"@id\":\"https:\/\/vieassociative.be\/actualites\/#\/schema\/person\/b87ac4f82f9d4e7b7cec7395b679edc4\",\"name\":\"Julien\",\"image\":{\"@type\":\"ImageObject\",\"inLanguage\":\"fr-BE\",\"@id\":\"https:\/\/vieassociative.be\/actualites\/#\/schema\/person\/image\/\",\"url\":\"https:\/\/vieassociative.be\/actualites\/wp-content\/uploads\/2024\/09\/vie-associative-1-150x150.jpg\",\"contentUrl\":\"https:\/\/vieassociative.be\/actualites\/wp-content\/uploads\/2024\/09\/vie-associative-1-150x150.jpg\",\"caption\":\"Julien\"},\"description\":\"Je suis Julien, r\u00e9dacteur pour Vie Associative. Passionn\u00e9 par le monde associatif depuis plus de 10 ans, j'ai \u00e0 c\u0153ur de partager des histoires inspirantes et de mettre en lumi\u00e8re les initiatives locales. Mon objectif est de sensibiliser et d'encourager l'engagement communautaire \u00e0 travers mes articles.\",\"sameAs\":[\"https:\/\/vieassociative.be\/\"]}]}<\/script>\n<!-- \/ Yoast SEO plugin. -->","yoast_head_json":{"title":"Le moyen le plus simple de lib\u00e9rer de l'espace disque sur votre Mac | Vie Associative","robots":{"index":"index","follow":"follow","max-snippet":"max-snippet:-1","max-image-preview":"max-image-preview:large","max-video-preview":"max-video-preview:-1"},"canonical":"https:\/\/vieassociative.be\/actualites\/le-moyen-le-plus-simple-de-liberer-de-lespace-disque-sur-votre-mac\/","og_locale":"fr_FR","og_type":"article","og_title":"Le moyen le plus simple de lib\u00e9rer de l'espace disque sur votre Mac | Vie Associative","og_description":"Effacez rapidement toutes les ordures de votre Mac. Si votre Mac est pr\u00e8s de manquer d&rsquo;espace, n&rsquo;ignorez pas le probl\u00e8me. Ces machines peuvent rencontrer des","og_url":"https:\/\/vieassociative.be\/actualites\/le-moyen-le-plus-simple-de-liberer-de-lespace-disque-sur-votre-mac\/","og_site_name":"Vie Associative","article_published_time":"2025-03-05T19:25:30+00:00","og_image":[{"url":"https:\/\/vieassociative.be\/actualites\/wp-content\/uploads\/2025\/03\/Le-moyen-le-plus-simple-de-liberer-de-lespace-disque.jpg","type":"","width":"","height":""}],"author":"Julien","twitter_card":"summary_large_image","twitter_misc":{"\u00c9crit par":"Julien","Dur\u00e9e de lecture est.":"4 minutes"},"schema":{"@context":"https:\/\/schema.org","@graph":[{"@type":"Article","@id":"https:\/\/vieassociative.be\/actualites\/le-moyen-le-plus-simple-de-liberer-de-lespace-disque-sur-votre-mac\/#article","isPartOf":{"@id":"https:\/\/vieassociative.be\/actualites\/le-moyen-le-plus-simple-de-liberer-de-lespace-disque-sur-votre-mac\/"},"author":{"name":"Julien","@id":"https:\/\/vieassociative.be\/actualites\/#\/schema\/person\/b87ac4f82f9d4e7b7cec7395b679edc4"},"headline":"Le moyen le plus simple de lib\u00e9rer de l&rsquo;espace disque sur votre Mac","datePublished":"2025-03-05T19:25:30+00:00","dateModified":"2025-03-05T19:25:30+00:00","mainEntityOfPage":{"@id":"https:\/\/vieassociative.be\/actualites\/le-moyen-le-plus-simple-de-liberer-de-lespace-disque-sur-votre-mac\/"},"wordCount":805,"publisher":{"@id":"https:\/\/vieassociative.be\/actualites\/#organization"},"image":{"@id":"https:\/\/vieassociative.be\/actualites\/le-moyen-le-plus-simple-de-liberer-de-lespace-disque-sur-votre-mac\/#primaryimage"},"thumbnailUrl":"https:\/\/vieassociative.be\/actualites\/wp-content\/uploads\/2025\/03\/1741202730_Le-moyen-le-plus-simple-de-liberer-de-lespace-disque.jpg","keywords":["disque","lespace","lib\u00e9rer","Mac","moyen","simple","sur","votre"],"articleSection":["Technologie"],"inLanguage":"fr-BE"},{"@type":"WebPage","@id":"https:\/\/vieassociative.be\/actualites\/le-moyen-le-plus-simple-de-liberer-de-lespace-disque-sur-votre-mac\/","url":"https:\/\/vieassociative.be\/actualites\/le-moyen-le-plus-simple-de-liberer-de-lespace-disque-sur-votre-mac\/","name":"Le moyen le plus simple de lib\u00e9rer de l'espace disque sur votre Mac | Vie Associative","isPartOf":{"@id":"https:\/\/vieassociative.be\/actualites\/#website"},"primaryImageOfPage":{"@id":"https:\/\/vieassociative.be\/actualites\/le-moyen-le-plus-simple-de-liberer-de-lespace-disque-sur-votre-mac\/#primaryimage"},"image":{"@id":"https:\/\/vieassociative.be\/actualites\/le-moyen-le-plus-simple-de-liberer-de-lespace-disque-sur-votre-mac\/#primaryimage"},"thumbnailUrl":"https:\/\/vieassociative.be\/actualites\/wp-content\/uploads\/2025\/03\/1741202730_Le-moyen-le-plus-simple-de-liberer-de-lespace-disque.jpg","datePublished":"2025-03-05T19:25:30+00:00","dateModified":"2025-03-05T19:25:30+00:00","breadcrumb":{"@id":"https:\/\/vieassociative.be\/actualites\/le-moyen-le-plus-simple-de-liberer-de-lespace-disque-sur-votre-mac\/#breadcrumb"},"inLanguage":"fr-BE","potentialAction":[{"@type":"ReadAction","target":["https:\/\/vieassociative.be\/actualites\/le-moyen-le-plus-simple-de-liberer-de-lespace-disque-sur-votre-mac\/"]}]},{"@type":"ImageObject","inLanguage":"fr-BE","@id":"https:\/\/vieassociative.be\/actualites\/le-moyen-le-plus-simple-de-liberer-de-lespace-disque-sur-votre-mac\/#primaryimage","url":"https:\/\/vieassociative.be\/actualites\/wp-content\/uploads\/2025\/03\/1741202730_Le-moyen-le-plus-simple-de-liberer-de-lespace-disque.jpg","contentUrl":"https:\/\/vieassociative.be\/actualites\/wp-content\/uploads\/2025\/03\/1741202730_Le-moyen-le-plus-simple-de-liberer-de-lespace-disque.jpg","width":1200,"height":675,"caption":"Le moyen le plus simple de lib\u00e9rer de l'espace disque sur votre Mac"},{"@type":"BreadcrumbList","@id":"https:\/\/vieassociative.be\/actualites\/le-moyen-le-plus-simple-de-liberer-de-lespace-disque-sur-votre-mac\/#breadcrumb","itemListElement":[{"@type":"ListItem","position":1,"name":"Accueil","item":"https:\/\/vieassociative.be\/actualites\/"},{"@type":"ListItem","position":2,"name":"Le moyen le plus simple de lib\u00e9rer de l&rsquo;espace disque sur votre Mac"}]},{"@type":"WebSite","@id":"https:\/\/vieassociative.be\/actualites\/#website","url":"https:\/\/vieassociative.be\/actualites\/","name":"Vie Associative","description":"","publisher":{"@id":"https:\/\/vieassociative.be\/actualites\/#organization"},"potentialAction":[{"@type":"SearchAction","target":{"@type":"EntryPoint","urlTemplate":"https:\/\/vieassociative.be\/actualites\/?s={search_term_string}"},"query-input":{"@type":"PropertyValueSpecification","valueRequired":true,"valueName":"search_term_string"}}],"inLanguage":"fr-BE"},{"@type":"Organization","@id":"https:\/\/vieassociative.be\/actualites\/#organization","name":"Vie Associative","url":"https:\/\/vieassociative.be\/actualites\/","logo":{"@type":"ImageObject","inLanguage":"fr-BE","@id":"https:\/\/vieassociative.be\/actualites\/#\/schema\/logo\/image\/","url":"https:\/\/vieassociative.be\/actualites\/wp-content\/uploads\/2024\/09\/cropped-vieassociative_favicon.ico.png","contentUrl":"https:\/\/vieassociative.be\/actualites\/wp-content\/uploads\/2024\/09\/cropped-vieassociative_favicon.ico.png","width":512,"height":512,"caption":"Vie Associative"},"image":{"@id":"https:\/\/vieassociative.be\/actualites\/#\/schema\/logo\/image\/"}},{"@type":"Person","@id":"https:\/\/vieassociative.be\/actualites\/#\/schema\/person\/b87ac4f82f9d4e7b7cec7395b679edc4","name":"Julien","image":{"@type":"ImageObject","inLanguage":"fr-BE","@id":"https:\/\/vieassociative.be\/actualites\/#\/schema\/person\/image\/","url":"https:\/\/vieassociative.be\/actualites\/wp-content\/uploads\/2024\/09\/vie-associative-1-150x150.jpg","contentUrl":"https:\/\/vieassociative.be\/actualites\/wp-content\/uploads\/2024\/09\/vie-associative-1-150x150.jpg","caption":"Julien"},"description":"Je suis Julien, r\u00e9dacteur pour Vie Associative. Passionn\u00e9 par le monde associatif depuis plus de 10 ans, j'ai \u00e0 c\u0153ur de partager des histoires inspirantes et de mettre en lumi\u00e8re les initiatives locales. Mon objectif est de sensibiliser et d'encourager l'engagement communautaire \u00e0 travers mes articles.","sameAs":["https:\/\/vieassociative.be\/"]}]}},"_links":{"self":[{"href":"https:\/\/vieassociative.be\/actualites\/wp-json\/wp\/v2\/posts\/5635"}],"collection":[{"href":"https:\/\/vieassociative.be\/actualites\/wp-json\/wp\/v2\/posts"}],"about":[{"href":"https:\/\/vieassociative.be\/actualites\/wp-json\/wp\/v2\/types\/post"}],"author":[{"embeddable":true,"href":"https:\/\/vieassociative.be\/actualites\/wp-json\/wp\/v2\/users\/1"}],"replies":[{"embeddable":true,"href":"https:\/\/vieassociative.be\/actualites\/wp-json\/wp\/v2\/comments?post=5635"}],"version-history":[{"count":0,"href":"https:\/\/vieassociative.be\/actualites\/wp-json\/wp\/v2\/posts\/5635\/revisions"}],"wp:featuredmedia":[{"embeddable":true,"href":"https:\/\/vieassociative.be\/actualites\/wp-json\/wp\/v2\/media\/5636"}],"wp:attachment":[{"href":"https:\/\/vieassociative.be\/actualites\/wp-json\/wp\/v2\/media?parent=5635"}],"wp:term":[{"taxonomy":"category","embeddable":true,"href":"https:\/\/vieassociative.be\/actualites\/wp-json\/wp\/v2\/categories?post=5635"},{"taxonomy":"post_tag","embeddable":true,"href":"https:\/\/vieassociative.be\/actualites\/wp-json\/wp\/v2\/tags?post=5635"}],"curies":[{"name":"wp","href":"https:\/\/api.w.org\/{rel}","templated":true}]}}