{"id":5628,"date":"2025-03-05T15:17:16","date_gmt":"2025-03-05T14:17:16","guid":{"rendered":"https:\/\/vieassociative.be\/actualites\/donald-trump-avant-le-congres-americain-lamerique-est-de-retour\/"},"modified":"2025-03-05T15:17:16","modified_gmt":"2025-03-05T14:17:16","slug":"donald-trump-avant-le-congres-americain-lamerique-est-de-retour","status":"publish","type":"post","link":"https:\/\/vieassociative.be\/actualites\/donald-trump-avant-le-congres-americain-lamerique-est-de-retour\/","title":{"rendered":"Donald Trump avant le Congr\u00e8s am\u00e9ricain: \u00ab\u00a0L&rsquo;Am\u00e9rique est de retour\u00a0\u00bb"},"content":{"rendered":"<p><strong>Environ 100 minutes Trump &#8211; un discours comme une apparition de campagne. Le pr\u00e9sident am\u00e9ricain reste fid\u00e8le et utilise la nomination traditionnelle au Congr\u00e8s pour les attaques, les \u00e9loges et les paroles conciliques.<\/strong><\/p>\n<p><span id=\"more-410639\"><\/span>Le pr\u00e9sident am\u00e9ricain Donald Trump a frapp\u00e9 un ton inacceptable six semaines apr\u00e8s avoir pris ses fonctions dans un discours devant le Congr\u00e8s am\u00e9ricain et a engag\u00e9 le pays dans son cours de confrontation.<\/p>\n<p>\u00ab\u00a0Nous venons de commencer\u00a0\u00bb, Prophe Times que les r\u00e9publicains ont pr\u00e9dit dans le plus long discours pr\u00e9sidentiel devant le Parlement de l&rsquo;histoire des \u00c9tats-Unis moderne. Le discours de Trump a \u00e9t\u00e9 parsem\u00e9 d&rsquo;attaques contre son pr\u00e9d\u00e9cesseur au pouvoir, Joe Biden, et les d\u00e9mocrates. Ces signes ont soulev\u00e9 des signes pour protester contre la politique de Trump.<\/p>\n<p>Le discours d&rsquo;environ 100 minutes de Trump rappelait une apparition de campagne. Les pr\u00e9sidents am\u00e9ricains utilisent souvent le premier discours apr\u00e8s avoir pris ses fonctions devant le Congr\u00e8s pour serrer la main d&rsquo;adversaires politiques. Pas si Trump.<\/p>\n<div id=\"attachment_410642\" class=\"wp-caption alignleft\" style=\"max-width: 300px\"><img fetchpriority=\"high\" decoding=\"async\" class=\"wp-image-410642 size-medium\" src=\"https:\/\/vieassociative.be\/actualites\/wp-content\/uploads\/2025\/03\/Donald-Trump-avant-le-Congres-americain-LAmerique-est-de-retour.jpg\" alt=\"\" width=\"300\" height=\"200\"><\/p>\n<p class=\"wp-caption-text\">04.03.2025, \u00c9tats-Unis, Washington: le pr\u00e9sident Donald Trump (M) accueille les l\u00e9gislateurs lorsqu&rsquo;il quitte la salle pl\u00e9ni\u00e8re apr\u00e8s avoir parl\u00e9 \u00e0 Washington avant une r\u00e9union conjointe du Congr\u00e8s. Photo: Gagnez McNamee \/ Pool Getty Images \/ AP \/ DPA<\/p>\n<\/div>\n<p>Contrairement au contraire, lorsque le r\u00e9publicain appara\u00eet, l&rsquo;homme de 78 ans a sembl\u00e9 s&rsquo;en tenir au script et a largement lu le discours pr\u00e9par\u00e9 du t\u00e9l\u00e9prompteur. Des sujets internationaux importants tels que la guerre d&rsquo;attaque russe contre l&rsquo;Ukraine ou le diff\u00e9rend sur les douanes avec les pays voisins du Canada et du Mexique ne sont apparus que marginalement.<\/p>\n<p>\u00ab\u00a0L&rsquo;Am\u00e9rique est de retour\u00a0\u00bb, a d\u00e9clar\u00e9 Trump au d\u00e9but de son discours. Ses r\u00e9publicains ont appel\u00e9 \u00ab\u00a0USA, USA\u00a0\u00bb et ont applaudi avec enthousiasme. Le d\u00e9put\u00e9 d\u00e9mocrate Al Green a \u00e9t\u00e9 conduit hors de la salle dans une \u00e9tape inhabituelle quelques minutes seulement apr\u00e8s que Trump ait commenc\u00e9 \u00e0 parler. Trump a salu\u00e9 son propre travail comme un succ\u00e8s sans pr\u00e9c\u00e9dent au cours des premi\u00e8res semaines et n&rsquo;a pas s\u00e9par\u00e9 les superlatifs. \u00ab\u00a0Notre pays fait face \u00e0 un retour que le monde n&rsquo;a jamais vu auparavant et ne peut jamais le revoir\u00a0\u00bb, a-t-il d\u00e9clar\u00e9.<\/p>\n<p>Il s&rsquo;est vant\u00e9 qu&rsquo;il y en avait \u00abbeaucoup\u00bb qui d\u00e9crivaient le premier mois de sa pr\u00e9sidence comme le plus r\u00e9ussi de l&rsquo;histoire du pays. Seulement \u00e0 la deuxi\u00e8me place George Washington, premier pr\u00e9sident des \u00c9tats-Unis. \u00ab\u00a0Comment est-ce que c&rsquo;est?\u00a0\u00bb Comme d&rsquo;habitude, le r\u00e9publicain ne l&rsquo;a pas toujours pris exactement avec la v\u00e9rit\u00e9.<\/p>\n<p><strong>&#8211; L&rsquo;adversaire pr\u00e9f\u00e9r\u00e9 reste Joe Biden:<\/strong> Contre son pr\u00e9d\u00e9cesseur Biden, il a partag\u00e9 violemment dans plusieurs endroits de son discours. Le d\u00e9mocrate \u00e9tait le \u00ab\u00a0pire pr\u00e9sident de l&rsquo;histoire am\u00e9ricaine\u00a0\u00bb, s&rsquo;est plaint Trump. Biden avait effectu\u00e9 une politique de migration \u00ab\u00a0folle et tr\u00e8s dangereuse\u00a0\u00bb. Il s&rsquo;est \u00e9galement plaint que les soumissionnaires \u00e9taient \u00e0 bl\u00e2mer que les prix des \u0153ufs aux \u00c9tats-Unis sont d\u00e9sormais \u00ab\u00a0hors de contr\u00f4le\u00a0\u00bb. Les \u0153ufs sont actuellement rares aux \u00c9tats-Unis &#8211; et donc beaucoup plus chers que d&rsquo;habitude. L&rsquo;arri\u00e8re-plan est la derni\u00e8re \u00e9pid\u00e9mie de grippe oiseau.<\/p>\n<p>Trump a utilis\u00e9 l&rsquo;apparence pour &#8211; comme d&rsquo;habitude &#8211; contre les migrants et les minorit\u00e9s telles que les personnes trans. Il a f\u00e9licit\u00e9 le milliardaire technologique Elon Musk pour sa gestion du comit\u00e9 de r\u00e9duction des co\u00fbts du DOGE.<\/p>\n<div id=\"attachment_410643\" class=\"wp-caption alignleft\" style=\"max-width: 300px\"><img decoding=\"async\" class=\"wp-image-410643 size-medium\" src=\"https:\/\/vieassociative.be\/actualites\/wp-content\/uploads\/2025\/03\/1741184236_670_Donald-Trump-avant-le-Congres-americain-LAmerique-est-de-retour.jpg\" alt=\"\" width=\"300\" height=\"203\"><\/p>\n<p class=\"wp-caption-text\">04.03.2025, \u00c9tats-Unis, Washington: Elon Musk applaudit, tandis que le pr\u00e9sident am\u00e9ricain Trump parle \u00e0 Washington avant une r\u00e9union conjointe du Congr\u00e8s. Photo: Gagnez McNamee \/ Pool Getty Images \/ AP \/ DPA<\/p>\n<\/div>\n<p>L&rsquo;entrepreneur difficile entra\u00eene la conversion de l&rsquo;appareil d&rsquo;\u00c9tat et des licenciements de masse. Comme de nombreux pr\u00e9sidents devant Trump, le r\u00e9publicain s&rsquo;est concentr\u00e9 principalement sur la politique int\u00e9rieure dans le discours traditionnel. \u00abL&rsquo;\u00e2ge d&rsquo;or de l&rsquo;Am\u00e9rique vient de commencer. Il n&rsquo;y aura rien \u00e0 comparer \u00e0 ce qu&rsquo;il y a jamais eu \u00bb, a-t-il d\u00e9clar\u00e9.<\/p>\n<p><strong>&#8211; Politique \u00e9trang\u00e8re plut\u00f4t une note marginale:<\/strong> Aux \u00c9tats-Unis, l&rsquo;Eklat de la Maison Blanche a \u00e9galement d\u00e9termin\u00e9 les gros titres lors de la visite du pr\u00e9sident ukrainien Wolodymyr Selenskyj. Cependant, Trump a largement sauv\u00e9 le sujet. Il a accueilli l&rsquo;approche de Selenskyj. Il a re\u00e7u une lettre du pr\u00e9sident ukrainien dans lequel il a d\u00e9clar\u00e9 que l&rsquo;Ukraine \u00e9tait pr\u00eate pour les n\u00e9gociations de paix. \u00ab\u00a0J&rsquo;appr\u00e9cie cela\u00a0\u00bb, a d\u00e9clar\u00e9 Trump. Le pr\u00e9sident am\u00e9ricain n&rsquo;avait pas de message en Europe.<\/p>\n<p>Dans le m\u00eame temps, il a d\u00e9fendu sa politique de douane, qui, selon les \u00e9conomistes, est susceptible d&rsquo;augmenter les prix \u00e0 la consommation aux \u00c9tats-Unis, et les march\u00e9s boursiers se sont d\u00e9j\u00e0 effondr\u00e9s. \u00ab\u00a0Les douanes consistent \u00e0 rendre l&rsquo;Am\u00e9rique riche et \u00e0 rendre l&rsquo;Am\u00e9rique \u00e0 nouveau grande\u00a0\u00bb, a d\u00e9clar\u00e9 le r\u00e9publicain. \u00abEt cela se produit et \u00e7a ira assez rapidement. Il y aura un peu de troubles, mais \u00e7a va pour nous. \u00ab\u00a0<\/p>\n<p>Au d\u00e9but de la semaine, des tarifs de grande envergure pour les marchandises des pays voisins du Canada et du Mexique sont entr\u00e9s en vigueur. Trump n&rsquo;a envoy\u00e9 aucun signal de conciliation aux voisins, bien que son ministre du Commerce ait pr\u00e9c\u00e9demment indiqu\u00e9 un accord.<\/p>\n<p><strong>&#8211; Trump vise \u00e0 nouveau le Groenland:<\/strong> Trump a \u00e9galement r\u00e9p\u00e9t\u00e9 sa menace d&rsquo;incorporer le Groenland et de nouveau verbalement concernant une vaste politique \u00e9trang\u00e8re. \u00ab\u00a0Je pense que nous l&rsquo;obtiendrons dans les deux sens, nous l&rsquo;obtiendrons\u00a0\u00bb, a d\u00e9clar\u00e9 le r\u00e9publicain avec une vue de la plus grande \u00eele du monde. Il a donn\u00e9 la s\u00e9curit\u00e9 nationale et internationale comme raison.<\/p>\n<p>Le gouvernement du Groenland a soulign\u00e9 \u00e0 plusieurs reprises qu&rsquo;il travaillait sur une \u00e9ventuelle ind\u00e9pendance du Royaume du Danemark, mais ne voulait pas faire partie des \u00c9tats-Unis. Trump a comment\u00e9 de la m\u00eame mani\u00e8re avec une vue du canal de Panama.<\/p>\n<div id=\"attachment_410644\" class=\"wp-caption alignleft\" style=\"max-width: 300px\"><img decoding=\"async\" class=\"wp-image-410644 size-medium\" src=\"https:\/\/vieassociative.be\/actualites\/wp-content\/uploads\/2025\/03\/1741184236_249_Donald-Trump-avant-le-Congres-americain-LAmerique-est-de-retour.jpg\" alt=\"\" width=\"300\" height=\"200\"><\/p>\n<p class=\"wp-caption-text\">04.03.2025, \u00c9tats-Unis, Washington: le pr\u00e9sident am\u00e9ricain Donald Trump arrive \u00e0 une r\u00e9union conjointe du Congr\u00e8s, tandis que la d\u00e9put\u00e9e Melanie Stansbury d\u00e9tient un signe avec l&rsquo;inscription \u00ab\u00a0Ce n&rsquo;est pas normal\u00a0\u00bb dans le Capitole \u00e0 Washington. Photo: Gagnez McNamee \/ Pool Getty Images \/ AP \/ DPA<\/p>\n<\/div>\n<p>Trump a produit peu de nouvelles importantes dans son discours. Cependant, il a d\u00e9clar\u00e9 que les \u00c9tats-Unis auraient attrap\u00e9 le cerveau de l&rsquo;attaque d\u00e9vastatrice \u00e0 l&rsquo;a\u00e9roport de Kaboul lorsque les troupes am\u00e9ricaines ont \u00e9t\u00e9 retir\u00e9es en ao\u00fbt 2021. L&rsquo;homme est en route pour les \u00c9tats-Unis, a d\u00e9clar\u00e9 le pr\u00e9sident. \u00c0 cette \u00e9poque, 170 civils afghans et 13 soldats am\u00e9ricains ont \u00e9t\u00e9 tu\u00e9s dans l&rsquo;attaque explosive.<\/p>\n<p><strong>&#8211; Premi\u00e8re Dame Melania \u00e9galement au Congr\u00e8s:<\/strong> Trump a pr\u00eat\u00e9 serment le 20 janvier en tant que 47e pr\u00e9sident des \u00c9tats-Unis. Depuis lors, il a rompu avec d&rsquo;innombrables conventions politiques et a gard\u00e9 l&rsquo;Am\u00e9rique et le monde avec un certain nombre de d\u00e9cisions tr\u00e8s controvers\u00e9es.<\/p>\n<p>La s\u00e9natrice d\u00e9mocrate Elissa Slotkin du Michigan a donn\u00e9 le contre-discours officiel au discours de Trump pour les d\u00e9mocrates. Elle a accus\u00e9 Trump de vouloir s&#8217;embarrasser avec des dictateurs comme le pr\u00e9sident russe Vladimir Poutine et d&rsquo;offenser les amis des \u00c9tats-Unis comme les Canadiens.<\/p>\n<p>Trump \u00e9tait accompagn\u00e9 de sa femme Melania. Depuis son entr\u00e9e dans la Maison Blanche, elle ne s&rsquo;est produite qu&rsquo;occasionnellement du c\u00f4t\u00e9 de Trump. La premi\u00e8re dame de 54 ans avait traditionnellement invit\u00e9 de nombreux invit\u00e9s. Parmi eux se trouvait Marc Fogel, qui avait \u00e9t\u00e9 condamn\u00e9 \u00e0 une longue peine de prison en Russie pour trafic de drogue. Il a \u00e9t\u00e9 transport\u00e9 par un envoy\u00e9 Trump de Moscou \u00e0 la mi-f\u00e9vrier. La famille du pompier Corey Comperatore, qui a \u00e9t\u00e9 tu\u00e9e dans l&rsquo;\u00e9chec de l&rsquo;attaque contre Trump \u00e0 Butler, en Pennsylvanie, en juillet 2024. (DPA)<\/p>\n<p><em><strong>Sur le sujet, voir \u00e9galement l&rsquo;article suivant sur OD:<\/strong><\/em><\/p>\n<div class=\"responsive-embed widescreen\">\n<blockquote class=\"wp-embedded-content\" data-secret=\"BHwbVU3vIn\">\n<p>Le gouvernement Trump arr\u00eate l&rsquo;aide militaire pour l&rsquo;Ukraine<\/p>\n<\/blockquote>\n<p><iframe loading=\"lazy\" class=\"wp-embedded-content\" sandbox=\"allow-scripts\" security=\"restricted\" style=\"position: absolute; visibility: hidden;\" title=\"\u201eTrump-Regierung stoppt Milit\u00e4rhilfe f\u00fcr die Ukraine\u201c \u2014 Ostbelgien Direkt\" src=\"https:\/\/ostbelgiendirekt.be\/about:blank\" data-secret=\"BHwbVU3vIn\" width=\"500\" height=\"282\" frameborder=\"0\" marginwidth=\"0\" marginheight=\"0\" scrolling=\"no\" data-rocket-lazyload=\"fitvidscompatible\" data-lazy-src=\"https:\/\/ostbelgiendirekt.be\/westliche-spitzenpolitiker-in-london-409563\/embed#?secret=BMpC0vj1J7#?secret=BHwbVU3vIn\"><\/iframe><noscript><iframe class=\"wp-embedded-content\" sandbox=\"allow-scripts\" security=\"restricted\" style=\"position: absolute; visibility: hidden;\" title=\"\u201eTrump-Regierung stoppt Milit\u00e4rhilfe f\u00fcr die Ukraine\u201c \u2014 Ostbelgien Direkt\" src=\"https:\/\/ostbelgiendirekt.be\/westliche-spitzenpolitiker-in-london-409563\/embed#?secret=BMpC0vj1J7#?secret=BHwbVU3vIn\" data-secret=\"BHwbVU3vIn\" width=\"500\" height=\"282\" frameborder=\"0\" marginwidth=\"0\" marginheight=\"0\" scrolling=\"no\"><\/iframe><\/noscript><\/p>\n<\/div>\n<div class=\"responsive-embed widescreen\">\n<blockquote class=\"wp-embedded-content\" data-secret=\"XvXIULaQXA\">\n<p>Scandale historique devant les cam\u00e9ras \u00e0 la Maison Blanche: Trump humilie Selenskyj avec des tirades grondantes<\/p>\n<\/blockquote>\n<p><iframe loading=\"lazy\" class=\"wp-embedded-content\" sandbox=\"allow-scripts\" security=\"restricted\" style=\"position: absolute; visibility: hidden;\" title=\"\u201eHistorischer Eklat vor laufenden Kameras im Wei\u00dfen Haus: Trump dem\u00fctigt Selenskyj mit Schimpftiraden\u201c \u2014 Ostbelgien Direkt\" src=\"https:\/\/ostbelgiendirekt.be\/about:blank\" data-secret=\"XvXIULaQXA\" width=\"500\" height=\"282\" frameborder=\"0\" marginwidth=\"0\" marginheight=\"0\" scrolling=\"no\" data-rocket-lazyload=\"fitvidscompatible\" data-lazy-src=\"https:\/\/ostbelgiendirekt.be\/usa-und-ukraine-rohstoffdeal-409087\/embed#?secret=xoZMXYacMt#?secret=XvXIULaQXA\"><\/iframe><noscript><iframe class=\"wp-embedded-content\" sandbox=\"allow-scripts\" security=\"restricted\" style=\"position: absolute; visibility: hidden;\" title=\"\u201eHistorischer Eklat vor laufenden Kameras im Wei\u00dfen Haus: Trump dem\u00fctigt Selenskyj mit Schimpftiraden\u201c \u2014 Ostbelgien Direkt\" src=\"https:\/\/ostbelgiendirekt.be\/usa-und-ukraine-rohstoffdeal-409087\/embed#?secret=xoZMXYacMt#?secret=XvXIULaQXA\" data-secret=\"XvXIULaQXA\" width=\"500\" height=\"282\" frameborder=\"0\" marginwidth=\"0\" marginheight=\"0\" scrolling=\"no\"><\/iframe><\/noscript><\/p>\n<\/div>\n","protected":false},"excerpt":{"rendered":"<p>Environ 100 minutes Trump &#8211; un discours comme une apparition de campagne. Le pr\u00e9sident am\u00e9ricain reste fid\u00e8le et utilise la nomination traditionnelle au Congr\u00e8s pour<\/p>\n","protected":false},"author":1,"featured_media":5629,"comment_status":"","ping_status":"","sticky":false,"template":"","format":"standard","meta":{"footnotes":""},"categories":[298],"tags":[10,142,5672,2424,76,5446,787,2425],"class_list":["post-5628","post","type-post","status-publish","format-standard","has-post-thumbnail","hentry","category-belgique","tag-americain","tag-avant","tag-congres","tag-donald","tag-est","tag-lamerique","tag-retour","tag-trump","generate-columns","tablet-grid-50","mobile-grid-100","grid-parent","grid-33"],"yoast_head":"<!-- This site is optimized with the Yoast SEO plugin v24.0 - https:\/\/yoast.com\/wordpress\/plugins\/seo\/ -->\n<title>Donald Trump avant le Congr\u00e8s am\u00e9ricain: &quot;L&#039;Am\u00e9rique est de retour&quot; | Vie Associative<\/title>\n<meta name=\"robots\" content=\"index, follow, max-snippet:-1, max-image-preview:large, max-video-preview:-1\" \/>\n<link rel=\"canonical\" href=\"https:\/\/vieassociative.be\/actualites\/donald-trump-avant-le-congres-americain-lamerique-est-de-retour\/\" \/>\n<meta property=\"og:locale\" content=\"fr_FR\" \/>\n<meta property=\"og:type\" content=\"article\" \/>\n<meta property=\"og:title\" content=\"Donald Trump avant le Congr\u00e8s am\u00e9ricain: &quot;L&#039;Am\u00e9rique est de retour&quot; | Vie Associative\" \/>\n<meta property=\"og:description\" content=\"Environ 100 minutes Trump &#8211; un discours comme une apparition de campagne. Le pr\u00e9sident am\u00e9ricain reste fid\u00e8le et utilise la nomination traditionnelle au Congr\u00e8s pour\" \/>\n<meta property=\"og:url\" content=\"https:\/\/vieassociative.be\/actualites\/donald-trump-avant-le-congres-americain-lamerique-est-de-retour\/\" \/>\n<meta property=\"og:site_name\" content=\"Vie Associative\" \/>\n<meta property=\"article:published_time\" content=\"2025-03-05T14:17:16+00:00\" \/>\n<meta property=\"og:image\" content=\"https:\/\/vieassociative.be\/actualites\/wp-content\/uploads\/2024\/09\/header_backgroundk-01-e1726694325946.png\" \/>\n\t<meta property=\"og:image:width\" content=\"279\" \/>\n\t<meta property=\"og:image:height\" content=\"92\" \/>\n\t<meta property=\"og:image:type\" content=\"image\/png\" \/>\n<meta name=\"author\" content=\"Julien\" \/>\n<meta name=\"twitter:card\" content=\"summary_large_image\" \/>\n<meta name=\"twitter:label1\" content=\"\u00c9crit par\" \/>\n\t<meta name=\"twitter:data1\" content=\"Julien\" \/>\n\t<meta name=\"twitter:label2\" content=\"Dur\u00e9e de lecture est.\" \/>\n\t<meta name=\"twitter:data2\" content=\"7 minutes\" \/>\n<script type=\"application\/ld+json\" class=\"yoast-schema-graph\">{\"@context\":\"https:\/\/schema.org\",\"@graph\":[{\"@type\":\"Article\",\"@id\":\"https:\/\/vieassociative.be\/actualites\/donald-trump-avant-le-congres-americain-lamerique-est-de-retour\/#article\",\"isPartOf\":{\"@id\":\"https:\/\/vieassociative.be\/actualites\/donald-trump-avant-le-congres-americain-lamerique-est-de-retour\/\"},\"author\":{\"name\":\"Julien\",\"@id\":\"https:\/\/vieassociative.be\/actualites\/#\/schema\/person\/b87ac4f82f9d4e7b7cec7395b679edc4\"},\"headline\":\"Donald Trump avant le Congr\u00e8s am\u00e9ricain: \u00ab\u00a0L&rsquo;Am\u00e9rique est de retour\u00a0\u00bb\",\"datePublished\":\"2025-03-05T14:17:16+00:00\",\"dateModified\":\"2025-03-05T14:17:16+00:00\",\"mainEntityOfPage\":{\"@id\":\"https:\/\/vieassociative.be\/actualites\/donald-trump-avant-le-congres-americain-lamerique-est-de-retour\/\"},\"wordCount\":1425,\"publisher\":{\"@id\":\"https:\/\/vieassociative.be\/actualites\/#organization\"},\"image\":{\"@id\":\"https:\/\/vieassociative.be\/actualites\/donald-trump-avant-le-congres-americain-lamerique-est-de-retour\/#primaryimage\"},\"thumbnailUrl\":\"https:\/\/vieassociative.be\/actualites\/wp-content\/uploads\/2025\/03\/1741184237_Donald-Trump-avant-le-Congres-americain-LAmerique-est-de-retour.jpg\",\"keywords\":[\"am\u00e9ricain\",\"avant\",\"Congr\u00e8s\",\"Donald\",\"est\",\"LAm\u00e9rique\",\"retour\",\"Trump\"],\"articleSection\":[\"Belgique\"],\"inLanguage\":\"fr-BE\"},{\"@type\":\"WebPage\",\"@id\":\"https:\/\/vieassociative.be\/actualites\/donald-trump-avant-le-congres-americain-lamerique-est-de-retour\/\",\"url\":\"https:\/\/vieassociative.be\/actualites\/donald-trump-avant-le-congres-americain-lamerique-est-de-retour\/\",\"name\":\"Donald Trump avant le Congr\u00e8s am\u00e9ricain: \\\"L'Am\u00e9rique est de retour\\\" | Vie Associative\",\"isPartOf\":{\"@id\":\"https:\/\/vieassociative.be\/actualites\/#website\"},\"primaryImageOfPage\":{\"@id\":\"https:\/\/vieassociative.be\/actualites\/donald-trump-avant-le-congres-americain-lamerique-est-de-retour\/#primaryimage\"},\"image\":{\"@id\":\"https:\/\/vieassociative.be\/actualites\/donald-trump-avant-le-congres-americain-lamerique-est-de-retour\/#primaryimage\"},\"thumbnailUrl\":\"https:\/\/vieassociative.be\/actualites\/wp-content\/uploads\/2025\/03\/1741184237_Donald-Trump-avant-le-Congres-americain-LAmerique-est-de-retour.jpg\",\"datePublished\":\"2025-03-05T14:17:16+00:00\",\"dateModified\":\"2025-03-05T14:17:16+00:00\",\"breadcrumb\":{\"@id\":\"https:\/\/vieassociative.be\/actualites\/donald-trump-avant-le-congres-americain-lamerique-est-de-retour\/#breadcrumb\"},\"inLanguage\":\"fr-BE\",\"potentialAction\":[{\"@type\":\"ReadAction\",\"target\":[\"https:\/\/vieassociative.be\/actualites\/donald-trump-avant-le-congres-americain-lamerique-est-de-retour\/\"]}]},{\"@type\":\"ImageObject\",\"inLanguage\":\"fr-BE\",\"@id\":\"https:\/\/vieassociative.be\/actualites\/donald-trump-avant-le-congres-americain-lamerique-est-de-retour\/#primaryimage\",\"url\":\"https:\/\/vieassociative.be\/actualites\/wp-content\/uploads\/2025\/03\/1741184237_Donald-Trump-avant-le-Congres-americain-LAmerique-est-de-retour.jpg\",\"contentUrl\":\"https:\/\/vieassociative.be\/actualites\/wp-content\/uploads\/2025\/03\/1741184237_Donald-Trump-avant-le-Congres-americain-LAmerique-est-de-retour.jpg\",\"width\":1200,\"height\":852,\"caption\":\"Donald Trump avant le Congr\u00e8s am\u00e9ricain: \\\"L'Am\u00e9rique est de retour\\\"\"},{\"@type\":\"BreadcrumbList\",\"@id\":\"https:\/\/vieassociative.be\/actualites\/donald-trump-avant-le-congres-americain-lamerique-est-de-retour\/#breadcrumb\",\"itemListElement\":[{\"@type\":\"ListItem\",\"position\":1,\"name\":\"Accueil\",\"item\":\"https:\/\/vieassociative.be\/actualites\/\"},{\"@type\":\"ListItem\",\"position\":2,\"name\":\"Donald Trump avant le Congr\u00e8s am\u00e9ricain: \u00ab\u00a0L&rsquo;Am\u00e9rique est de retour\u00a0\u00bb\"}]},{\"@type\":\"WebSite\",\"@id\":\"https:\/\/vieassociative.be\/actualites\/#website\",\"url\":\"https:\/\/vieassociative.be\/actualites\/\",\"name\":\"Vie Associative\",\"description\":\"\",\"publisher\":{\"@id\":\"https:\/\/vieassociative.be\/actualites\/#organization\"},\"potentialAction\":[{\"@type\":\"SearchAction\",\"target\":{\"@type\":\"EntryPoint\",\"urlTemplate\":\"https:\/\/vieassociative.be\/actualites\/?s={search_term_string}\"},\"query-input\":{\"@type\":\"PropertyValueSpecification\",\"valueRequired\":true,\"valueName\":\"search_term_string\"}}],\"inLanguage\":\"fr-BE\"},{\"@type\":\"Organization\",\"@id\":\"https:\/\/vieassociative.be\/actualites\/#organization\",\"name\":\"Vie Associative\",\"url\":\"https:\/\/vieassociative.be\/actualites\/\",\"logo\":{\"@type\":\"ImageObject\",\"inLanguage\":\"fr-BE\",\"@id\":\"https:\/\/vieassociative.be\/actualites\/#\/schema\/logo\/image\/\",\"url\":\"https:\/\/vieassociative.be\/actualites\/wp-content\/uploads\/2024\/09\/cropped-vieassociative_favicon.ico.png\",\"contentUrl\":\"https:\/\/vieassociative.be\/actualites\/wp-content\/uploads\/2024\/09\/cropped-vieassociative_favicon.ico.png\",\"width\":512,\"height\":512,\"caption\":\"Vie Associative\"},\"image\":{\"@id\":\"https:\/\/vieassociative.be\/actualites\/#\/schema\/logo\/image\/\"}},{\"@type\":\"Person\",\"@id\":\"https:\/\/vieassociative.be\/actualites\/#\/schema\/person\/b87ac4f82f9d4e7b7cec7395b679edc4\",\"name\":\"Julien\",\"image\":{\"@type\":\"ImageObject\",\"inLanguage\":\"fr-BE\",\"@id\":\"https:\/\/vieassociative.be\/actualites\/#\/schema\/person\/image\/\",\"url\":\"https:\/\/vieassociative.be\/actualites\/wp-content\/uploads\/2024\/09\/vie-associative-1-150x150.jpg\",\"contentUrl\":\"https:\/\/vieassociative.be\/actualites\/wp-content\/uploads\/2024\/09\/vie-associative-1-150x150.jpg\",\"caption\":\"Julien\"},\"description\":\"Je suis Julien, r\u00e9dacteur pour Vie Associative. Passionn\u00e9 par le monde associatif depuis plus de 10 ans, j'ai \u00e0 c\u0153ur de partager des histoires inspirantes et de mettre en lumi\u00e8re les initiatives locales. Mon objectif est de sensibiliser et d'encourager l'engagement communautaire \u00e0 travers mes articles.\",\"sameAs\":[\"https:\/\/vieassociative.be\/\"]}]}<\/script>\n<!-- \/ Yoast SEO plugin. -->","yoast_head_json":{"title":"Donald Trump avant le Congr\u00e8s am\u00e9ricain: \"L'Am\u00e9rique est de retour\" | Vie Associative","robots":{"index":"index","follow":"follow","max-snippet":"max-snippet:-1","max-image-preview":"max-image-preview:large","max-video-preview":"max-video-preview:-1"},"canonical":"https:\/\/vieassociative.be\/actualites\/donald-trump-avant-le-congres-americain-lamerique-est-de-retour\/","og_locale":"fr_FR","og_type":"article","og_title":"Donald Trump avant le Congr\u00e8s am\u00e9ricain: \"L'Am\u00e9rique est de retour\" | Vie Associative","og_description":"Environ 100 minutes Trump &#8211; un discours comme une apparition de campagne. Le pr\u00e9sident am\u00e9ricain reste fid\u00e8le et utilise la nomination traditionnelle au Congr\u00e8s pour","og_url":"https:\/\/vieassociative.be\/actualites\/donald-trump-avant-le-congres-americain-lamerique-est-de-retour\/","og_site_name":"Vie Associative","article_published_time":"2025-03-05T14:17:16+00:00","og_image":[{"width":279,"height":92,"url":"https:\/\/vieassociative.be\/actualites\/wp-content\/uploads\/2024\/09\/header_backgroundk-01-e1726694325946.png","type":"image\/png"}],"author":"Julien","twitter_card":"summary_large_image","twitter_misc":{"\u00c9crit par":"Julien","Dur\u00e9e de lecture est.":"7 minutes"},"schema":{"@context":"https:\/\/schema.org","@graph":[{"@type":"Article","@id":"https:\/\/vieassociative.be\/actualites\/donald-trump-avant-le-congres-americain-lamerique-est-de-retour\/#article","isPartOf":{"@id":"https:\/\/vieassociative.be\/actualites\/donald-trump-avant-le-congres-americain-lamerique-est-de-retour\/"},"author":{"name":"Julien","@id":"https:\/\/vieassociative.be\/actualites\/#\/schema\/person\/b87ac4f82f9d4e7b7cec7395b679edc4"},"headline":"Donald Trump avant le Congr\u00e8s am\u00e9ricain: \u00ab\u00a0L&rsquo;Am\u00e9rique est de retour\u00a0\u00bb","datePublished":"2025-03-05T14:17:16+00:00","dateModified":"2025-03-05T14:17:16+00:00","mainEntityOfPage":{"@id":"https:\/\/vieassociative.be\/actualites\/donald-trump-avant-le-congres-americain-lamerique-est-de-retour\/"},"wordCount":1425,"publisher":{"@id":"https:\/\/vieassociative.be\/actualites\/#organization"},"image":{"@id":"https:\/\/vieassociative.be\/actualites\/donald-trump-avant-le-congres-americain-lamerique-est-de-retour\/#primaryimage"},"thumbnailUrl":"https:\/\/vieassociative.be\/actualites\/wp-content\/uploads\/2025\/03\/1741184237_Donald-Trump-avant-le-Congres-americain-LAmerique-est-de-retour.jpg","keywords":["am\u00e9ricain","avant","Congr\u00e8s","Donald","est","LAm\u00e9rique","retour","Trump"],"articleSection":["Belgique"],"inLanguage":"fr-BE"},{"@type":"WebPage","@id":"https:\/\/vieassociative.be\/actualites\/donald-trump-avant-le-congres-americain-lamerique-est-de-retour\/","url":"https:\/\/vieassociative.be\/actualites\/donald-trump-avant-le-congres-americain-lamerique-est-de-retour\/","name":"Donald Trump avant le Congr\u00e8s am\u00e9ricain: \"L'Am\u00e9rique est de retour\" | Vie Associative","isPartOf":{"@id":"https:\/\/vieassociative.be\/actualites\/#website"},"primaryImageOfPage":{"@id":"https:\/\/vieassociative.be\/actualites\/donald-trump-avant-le-congres-americain-lamerique-est-de-retour\/#primaryimage"},"image":{"@id":"https:\/\/vieassociative.be\/actualites\/donald-trump-avant-le-congres-americain-lamerique-est-de-retour\/#primaryimage"},"thumbnailUrl":"https:\/\/vieassociative.be\/actualites\/wp-content\/uploads\/2025\/03\/1741184237_Donald-Trump-avant-le-Congres-americain-LAmerique-est-de-retour.jpg","datePublished":"2025-03-05T14:17:16+00:00","dateModified":"2025-03-05T14:17:16+00:00","breadcrumb":{"@id":"https:\/\/vieassociative.be\/actualites\/donald-trump-avant-le-congres-americain-lamerique-est-de-retour\/#breadcrumb"},"inLanguage":"fr-BE","potentialAction":[{"@type":"ReadAction","target":["https:\/\/vieassociative.be\/actualites\/donald-trump-avant-le-congres-americain-lamerique-est-de-retour\/"]}]},{"@type":"ImageObject","inLanguage":"fr-BE","@id":"https:\/\/vieassociative.be\/actualites\/donald-trump-avant-le-congres-americain-lamerique-est-de-retour\/#primaryimage","url":"https:\/\/vieassociative.be\/actualites\/wp-content\/uploads\/2025\/03\/1741184237_Donald-Trump-avant-le-Congres-americain-LAmerique-est-de-retour.jpg","contentUrl":"https:\/\/vieassociative.be\/actualites\/wp-content\/uploads\/2025\/03\/1741184237_Donald-Trump-avant-le-Congres-americain-LAmerique-est-de-retour.jpg","width":1200,"height":852,"caption":"Donald Trump avant le Congr\u00e8s am\u00e9ricain: \"L'Am\u00e9rique est de retour\""},{"@type":"BreadcrumbList","@id":"https:\/\/vieassociative.be\/actualites\/donald-trump-avant-le-congres-americain-lamerique-est-de-retour\/#breadcrumb","itemListElement":[{"@type":"ListItem","position":1,"name":"Accueil","item":"https:\/\/vieassociative.be\/actualites\/"},{"@type":"ListItem","position":2,"name":"Donald Trump avant le Congr\u00e8s am\u00e9ricain: \u00ab\u00a0L&rsquo;Am\u00e9rique est de retour\u00a0\u00bb"}]},{"@type":"WebSite","@id":"https:\/\/vieassociative.be\/actualites\/#website","url":"https:\/\/vieassociative.be\/actualites\/","name":"Vie Associative","description":"","publisher":{"@id":"https:\/\/vieassociative.be\/actualites\/#organization"},"potentialAction":[{"@type":"SearchAction","target":{"@type":"EntryPoint","urlTemplate":"https:\/\/vieassociative.be\/actualites\/?s={search_term_string}"},"query-input":{"@type":"PropertyValueSpecification","valueRequired":true,"valueName":"search_term_string"}}],"inLanguage":"fr-BE"},{"@type":"Organization","@id":"https:\/\/vieassociative.be\/actualites\/#organization","name":"Vie Associative","url":"https:\/\/vieassociative.be\/actualites\/","logo":{"@type":"ImageObject","inLanguage":"fr-BE","@id":"https:\/\/vieassociative.be\/actualites\/#\/schema\/logo\/image\/","url":"https:\/\/vieassociative.be\/actualites\/wp-content\/uploads\/2024\/09\/cropped-vieassociative_favicon.ico.png","contentUrl":"https:\/\/vieassociative.be\/actualites\/wp-content\/uploads\/2024\/09\/cropped-vieassociative_favicon.ico.png","width":512,"height":512,"caption":"Vie Associative"},"image":{"@id":"https:\/\/vieassociative.be\/actualites\/#\/schema\/logo\/image\/"}},{"@type":"Person","@id":"https:\/\/vieassociative.be\/actualites\/#\/schema\/person\/b87ac4f82f9d4e7b7cec7395b679edc4","name":"Julien","image":{"@type":"ImageObject","inLanguage":"fr-BE","@id":"https:\/\/vieassociative.be\/actualites\/#\/schema\/person\/image\/","url":"https:\/\/vieassociative.be\/actualites\/wp-content\/uploads\/2024\/09\/vie-associative-1-150x150.jpg","contentUrl":"https:\/\/vieassociative.be\/actualites\/wp-content\/uploads\/2024\/09\/vie-associative-1-150x150.jpg","caption":"Julien"},"description":"Je suis Julien, r\u00e9dacteur pour Vie Associative. Passionn\u00e9 par le monde associatif depuis plus de 10 ans, j'ai \u00e0 c\u0153ur de partager des histoires inspirantes et de mettre en lumi\u00e8re les initiatives locales. Mon objectif est de sensibiliser et d'encourager l'engagement communautaire \u00e0 travers mes articles.","sameAs":["https:\/\/vieassociative.be\/"]}]}},"_links":{"self":[{"href":"https:\/\/vieassociative.be\/actualites\/wp-json\/wp\/v2\/posts\/5628"}],"collection":[{"href":"https:\/\/vieassociative.be\/actualites\/wp-json\/wp\/v2\/posts"}],"about":[{"href":"https:\/\/vieassociative.be\/actualites\/wp-json\/wp\/v2\/types\/post"}],"author":[{"embeddable":true,"href":"https:\/\/vieassociative.be\/actualites\/wp-json\/wp\/v2\/users\/1"}],"replies":[{"embeddable":true,"href":"https:\/\/vieassociative.be\/actualites\/wp-json\/wp\/v2\/comments?post=5628"}],"version-history":[{"count":0,"href":"https:\/\/vieassociative.be\/actualites\/wp-json\/wp\/v2\/posts\/5628\/revisions"}],"wp:featuredmedia":[{"embeddable":true,"href":"https:\/\/vieassociative.be\/actualites\/wp-json\/wp\/v2\/media\/5629"}],"wp:attachment":[{"href":"https:\/\/vieassociative.be\/actualites\/wp-json\/wp\/v2\/media?parent=5628"}],"wp:term":[{"taxonomy":"category","embeddable":true,"href":"https:\/\/vieassociative.be\/actualites\/wp-json\/wp\/v2\/categories?post=5628"},{"taxonomy":"post_tag","embeddable":true,"href":"https:\/\/vieassociative.be\/actualites\/wp-json\/wp\/v2\/tags?post=5628"}],"curies":[{"name":"wp","href":"https:\/\/api.w.org\/{rel}","templated":true}]}}