{"id":5622,"date":"2025-03-05T09:17:53","date_gmt":"2025-03-05T08:17:53","guid":{"rendered":"https:\/\/vieassociative.be\/actualites\/photos-de-la-fete-apres-leupener-werthplatz-a-rosenmontagszug-galerie-de-photos\/"},"modified":"2025-03-05T09:17:53","modified_gmt":"2025-03-05T08:17:53","slug":"photos-de-la-fete-apres-leupener-werthplatz-a-rosenmontagszug-galerie-de-photos","status":"publish","type":"post","link":"https:\/\/vieassociative.be\/actualites\/photos-de-la-fete-apres-leupener-werthplatz-a-rosenmontagszug-galerie-de-photos\/","title":{"rendered":"Photos de la f\u00eate apr\u00e8s l&rsquo;Eupener Werthplatz \u00e0 Rosenmontagszug (galerie de photos)"},"content":{"rendered":"<p><b>L&rsquo;apr\u00e8s-f\u00eate apr\u00e8s l&rsquo;Eupen Rosenmontagszug fait d\u00e9sormais partie int\u00e9grante du carnaval d&rsquo;Eupen. Le nouveau format a fait ses preuves depuis lors.<\/b><\/p>\n<p><span id=\"more-410341\"><\/span>Malgr\u00e9 les jambes fatigu\u00e9es apr\u00e8s le mouvement intense dans la ville, les jeunes imb\u00e9ciles n&rsquo;ont pas manqu\u00e9 l&rsquo;occasion de mettre fin au \u00ab\u00a0jour le plus sombres de l&rsquo;ann\u00e9e\u00a0\u00bb avec une visite \u00e0 la f\u00eate \u00e0 la valeur.<\/p>\n<p>Avec la musique techno et carnaval &#8211; en fonction du go\u00fbt personnel &#8211; les carnavalistes pour la plupart des jeunes l&rsquo;avaient vraiment \u00e9cras\u00e9 apr\u00e8s le Rosenmontagszug. Le diff\u00e9rend de 2013 est oubli\u00e9, en tant que visiteur et repr\u00e9sentant de la communaut\u00e9 du travail Karneval Eupen-Chains (AGK) en raison de l&rsquo;interdiction de la musique techno.<\/p>\n<\/p>\n<div id=\"attachment_410574\" class=\"wp-caption alignleft\" style=\"max-width: 300px\"><img fetchpriority=\"high\" decoding=\"async\" class=\"wp-image-410574 size-medium\" src=\"https:\/\/vieassociative.be\/actualites\/wp-content\/uploads\/2025\/03\/Photos-de-la-fete-apres-lEupener-Werthplatz-a-Rosenmontagszug-galerie.jpg\" alt=\"\" width=\"300\" height=\"199\"  ><\/p>\n<p class=\"wp-caption-text\">Photo: Helmut Koch<\/p>\n<\/div>\n<p>Le petit alcoolique \u00e9tait en fait ivre ce lundi, du moins il semblait. Ce fut une coexistence harmonieuse apr\u00e8s un jour du jour. En principe, il n&rsquo;y avait qu&rsquo;un seul DJ, donc il n&rsquo;y avait pas d&rsquo;extraits musicaux.<\/p>\n<p>La s\u00e9curit\u00e9 \u00e9tait pr\u00e9sente avec plusieurs personnes dans la zone de d\u00e9fense. Il y avait une pr\u00e9sence \u00e9tonnamment importante de la police autour de la place. Les entr\u00e9es de la zone de d\u00e9fense ont \u00e9t\u00e9 s\u00e9curis\u00e9es.<\/p>\n<p><b><i>Vous trouverez ci-dessous une galerie de photos avec des photos de notre photographe Helmut Koch de l&rsquo;after-party au Werthplatz apr\u00e8s l&rsquo;Eupener Rosenmontagszug. Cliquez sur l&rsquo;image pour agrandir. Pour passer d&rsquo;une photo \u00e0 une autre, un clic sur la fl\u00e8che sur le bord droit de l&rsquo;image suffit:<\/i><\/b><\/p>\n<div class=\"wp-gallery row\">\n<figure class=\"column small-6 medium-3 end\"><img decoding=\"async\" src=\"https:\/\/vieassociative.be\/actualites\/wp-content\/uploads\/2025\/03\/1741162672_264_Photos-de-la-fete-apres-lEupener-Werthplatz-a-Rosenmontagszug-galerie.jpg\" width=\"159\" height=\"159\" alt=\"\"><\/figure>\n<figure class=\"column small-6 medium-3 end\"><img decoding=\"async\" src=\"https:\/\/vieassociative.be\/actualites\/wp-content\/uploads\/2025\/03\/1741162672_697_Photos-de-la-fete-apres-lEupener-Werthplatz-a-Rosenmontagszug-galerie.jpg\" width=\"159\" height=\"159\" alt=\"\"><\/figure>\n<figure class=\"column small-6 medium-3 end\"><img loading=\"lazy\" decoding=\"async\" src=\"https:\/\/vieassociative.be\/actualites\/wp-content\/uploads\/2025\/03\/1741162672_502_Photos-de-la-fete-apres-lEupener-Werthplatz-a-Rosenmontagszug-galerie.jpg\" width=\"159\" height=\"159\" alt=\"\"><\/figure>\n<figure class=\"column small-6 medium-3 end\"><img loading=\"lazy\" decoding=\"async\" src=\"https:\/\/vieassociative.be\/actualites\/wp-content\/uploads\/2025\/03\/1741162672_34_Photos-de-la-fete-apres-lEupener-Werthplatz-a-Rosenmontagszug-galerie.jpg\" width=\"159\" height=\"159\" alt=\"\"><\/figure>\n<figure class=\"column small-6 medium-3 end\"><img loading=\"lazy\" decoding=\"async\" src=\"https:\/\/vieassociative.be\/actualites\/wp-content\/uploads\/2025\/03\/1741162672_452_Photos-de-la-fete-apres-lEupener-Werthplatz-a-Rosenmontagszug-galerie.jpg\" width=\"159\" height=\"159\" alt=\"\"><\/figure>\n<figure class=\"column small-6 medium-3 end\"><img loading=\"lazy\" decoding=\"async\" src=\"https:\/\/vieassociative.be\/actualites\/wp-content\/uploads\/2025\/03\/1741162672_333_Photos-de-la-fete-apres-lEupener-Werthplatz-a-Rosenmontagszug-galerie.jpg\" width=\"159\" height=\"159\" alt=\"\"><\/figure>\n<figure class=\"column small-6 medium-3 end\"><img loading=\"lazy\" decoding=\"async\" src=\"https:\/\/vieassociative.be\/actualites\/wp-content\/uploads\/2025\/03\/1741162672_53_Photos-de-la-fete-apres-lEupener-Werthplatz-a-Rosenmontagszug-galerie.jpg\" width=\"159\" height=\"159\" alt=\"\"><\/figure>\n<figure class=\"column small-6 medium-3 end\"><img loading=\"lazy\" decoding=\"async\" src=\"https:\/\/vieassociative.be\/actualites\/wp-content\/uploads\/2025\/03\/1741162672_283_Photos-de-la-fete-apres-lEupener-Werthplatz-a-Rosenmontagszug-galerie.jpg\" width=\"159\" height=\"159\" alt=\"\"><\/figure>\n<figure class=\"column small-6 medium-3 end\"><img loading=\"lazy\" decoding=\"async\" src=\"https:\/\/vieassociative.be\/actualites\/wp-content\/uploads\/2025\/03\/1741162672_755_Photos-de-la-fete-apres-lEupener-Werthplatz-a-Rosenmontagszug-galerie.jpg\" width=\"159\" height=\"159\" alt=\"\"><\/figure>\n<figure class=\"column small-6 medium-3 end\"><img loading=\"lazy\" decoding=\"async\" src=\"https:\/\/vieassociative.be\/actualites\/wp-content\/uploads\/2025\/03\/1741162672_255_Photos-de-la-fete-apres-lEupener-Werthplatz-a-Rosenmontagszug-galerie.jpg\" width=\"159\" height=\"159\" alt=\"\"><\/figure>\n<figure class=\"column small-6 medium-3 end\"><img loading=\"lazy\" decoding=\"async\" src=\"https:\/\/vieassociative.be\/actualites\/wp-content\/uploads\/2025\/03\/1741162672_941_Photos-de-la-fete-apres-lEupener-Werthplatz-a-Rosenmontagszug-galerie.jpg\" width=\"159\" height=\"159\" alt=\"\"><\/figure>\n<figure class=\"column small-6 medium-3 end\"><img loading=\"lazy\" decoding=\"async\" src=\"https:\/\/vieassociative.be\/actualites\/wp-content\/uploads\/2025\/03\/1741162672_94_Photos-de-la-fete-apres-lEupener-Werthplatz-a-Rosenmontagszug-galerie.jpg\" width=\"159\" height=\"159\" alt=\"\"><\/figure>\n<figure class=\"column small-6 medium-3 end\"><img loading=\"lazy\" decoding=\"async\" src=\"https:\/\/vieassociative.be\/actualites\/wp-content\/uploads\/2025\/03\/1741162672_325_Photos-de-la-fete-apres-lEupener-Werthplatz-a-Rosenmontagszug-galerie.jpg\" width=\"159\" height=\"159\" alt=\"\"><\/figure>\n<figure class=\"column small-6 medium-3 end\"><img loading=\"lazy\" decoding=\"async\" src=\"https:\/\/vieassociative.be\/actualites\/wp-content\/uploads\/2025\/03\/1741162672_774_Photos-de-la-fete-apres-lEupener-Werthplatz-a-Rosenmontagszug-galerie.jpg\" width=\"159\" height=\"159\" alt=\"\"><\/figure>\n<figure class=\"column small-6 medium-3 end\"><img loading=\"lazy\" decoding=\"async\" src=\"https:\/\/vieassociative.be\/actualites\/wp-content\/uploads\/2025\/03\/1741162672_340_Photos-de-la-fete-apres-lEupener-Werthplatz-a-Rosenmontagszug-galerie.jpg\" width=\"159\" height=\"159\" alt=\"\"><\/figure>\n<figure class=\"column small-6 medium-3 end\"><img loading=\"lazy\" decoding=\"async\" src=\"https:\/\/vieassociative.be\/actualites\/wp-content\/uploads\/2025\/03\/1741162672_269_Photos-de-la-fete-apres-lEupener-Werthplatz-a-Rosenmontagszug-galerie.jpg\" width=\"159\" height=\"159\" alt=\"\"><\/figure>\n<figure class=\"column small-6 medium-3 end\"><img loading=\"lazy\" decoding=\"async\" src=\"https:\/\/vieassociative.be\/actualites\/wp-content\/uploads\/2025\/03\/1741162672_456_Photos-de-la-fete-apres-lEupener-Werthplatz-a-Rosenmontagszug-galerie.jpg\" width=\"159\" height=\"159\" alt=\"\"><\/figure>\n<figure class=\"column small-6 medium-3 end\"><img loading=\"lazy\" decoding=\"async\" src=\"https:\/\/vieassociative.be\/actualites\/wp-content\/uploads\/2025\/03\/1741162672_514_Photos-de-la-fete-apres-lEupener-Werthplatz-a-Rosenmontagszug-galerie.jpg\" width=\"159\" height=\"159\" alt=\"\"><\/figure>\n<figure class=\"column small-6 medium-3 end\"><img loading=\"lazy\" decoding=\"async\" src=\"https:\/\/vieassociative.be\/actualites\/wp-content\/uploads\/2025\/03\/1741162672_189_Photos-de-la-fete-apres-lEupener-Werthplatz-a-Rosenmontagszug-galerie.jpg\" width=\"159\" height=\"159\" alt=\"\"><\/figure>\n<figure class=\"column small-6 medium-3 end\"><img loading=\"lazy\" decoding=\"async\" src=\"https:\/\/vieassociative.be\/actualites\/wp-content\/uploads\/2025\/03\/1741162672_656_Photos-de-la-fete-apres-lEupener-Werthplatz-a-Rosenmontagszug-galerie.jpg\" width=\"159\" height=\"159\" alt=\"\"><\/figure>\n<figure class=\"column small-6 medium-3 end\"><img loading=\"lazy\" decoding=\"async\" src=\"https:\/\/vieassociative.be\/actualites\/wp-content\/uploads\/2025\/03\/1741162672_676_Photos-de-la-fete-apres-lEupener-Werthplatz-a-Rosenmontagszug-galerie.jpg\" width=\"159\" height=\"159\" alt=\"\"><\/figure>\n<figure class=\"column small-6 medium-3 end\"><img loading=\"lazy\" decoding=\"async\" src=\"https:\/\/vieassociative.be\/actualites\/wp-content\/uploads\/2025\/03\/1741162672_37_Photos-de-la-fete-apres-lEupener-Werthplatz-a-Rosenmontagszug-galerie.jpg\" width=\"159\" height=\"159\" alt=\"\"><\/figure>\n<figure class=\"column small-6 medium-3 end\"><img loading=\"lazy\" decoding=\"async\" src=\"https:\/\/vieassociative.be\/actualites\/wp-content\/uploads\/2025\/03\/1741162672_427_Photos-de-la-fete-apres-lEupener-Werthplatz-a-Rosenmontagszug-galerie.jpg\" width=\"159\" height=\"159\" alt=\"\"><\/figure>\n<figure class=\"column small-6 medium-3 end\"><img loading=\"lazy\" decoding=\"async\" src=\"https:\/\/vieassociative.be\/actualites\/wp-content\/uploads\/2025\/03\/1741162672_134_Photos-de-la-fete-apres-lEupener-Werthplatz-a-Rosenmontagszug-galerie.jpg\" width=\"159\" height=\"159\" alt=\"\"><\/figure>\n<figure class=\"column small-6 medium-3 end\"><img loading=\"lazy\" decoding=\"async\" src=\"https:\/\/vieassociative.be\/actualites\/wp-content\/uploads\/2025\/03\/1741162673_82_Photos-de-la-fete-apres-lEupener-Werthplatz-a-Rosenmontagszug-galerie.jpg\" width=\"159\" height=\"159\" alt=\"\"><\/figure>\n<figure class=\"column small-6 medium-3 end\"><img loading=\"lazy\" decoding=\"async\" src=\"https:\/\/vieassociative.be\/actualites\/wp-content\/uploads\/2025\/03\/1741162673_833_Photos-de-la-fete-apres-lEupener-Werthplatz-a-Rosenmontagszug-galerie.jpg\" width=\"159\" height=\"159\" alt=\"\"><\/figure>\n<figure class=\"column small-6 medium-3 end\"><img loading=\"lazy\" decoding=\"async\" src=\"https:\/\/vieassociative.be\/actualites\/wp-content\/uploads\/2025\/03\/1741162673_87_Photos-de-la-fete-apres-lEupener-Werthplatz-a-Rosenmontagszug-galerie.jpg\" width=\"159\" height=\"159\" alt=\"\"><\/figure>\n<figure class=\"column small-6 medium-3 end\"><img loading=\"lazy\" decoding=\"async\" src=\"https:\/\/vieassociative.be\/actualites\/wp-content\/uploads\/2025\/03\/1741162673_803_Photos-de-la-fete-apres-lEupener-Werthplatz-a-Rosenmontagszug-galerie.jpg\" width=\"159\" height=\"159\" alt=\"\"><\/figure>\n<\/div>\n","protected":false},"excerpt":{"rendered":"<p>L&rsquo;apr\u00e8s-f\u00eate apr\u00e8s l&rsquo;Eupen Rosenmontagszug fait d\u00e9sormais partie int\u00e9grante du carnaval d&rsquo;Eupen. Le nouveau format a fait ses preuves depuis lors. Malgr\u00e9 les jambes fatigu\u00e9es apr\u00e8s<\/p>\n","protected":false},"author":1,"featured_media":5623,"comment_status":"","ping_status":"","sticky":false,"template":"","format":"standard","meta":{"footnotes":""},"categories":[298],"tags":[472,1485,3257,5670,283,5655,5671],"class_list":["post-5622","post","type-post","status-publish","format-standard","has-post-thumbnail","hentry","category-belgique","tag-apres","tag-fete","tag-galerie","tag-leupener","tag-photos","tag-rosenmontagszug","tag-werthplatz","generate-columns","tablet-grid-50","mobile-grid-100","grid-parent","grid-33"],"yoast_head":"<!-- This site is optimized with the Yoast SEO plugin v24.0 - https:\/\/yoast.com\/wordpress\/plugins\/seo\/ -->\n<title>Photos de la f\u00eate apr\u00e8s l&#039;Eupener Werthplatz \u00e0 Rosenmontagszug (galerie de photos) | Vie Associative<\/title>\n<meta name=\"robots\" content=\"index, follow, max-snippet:-1, max-image-preview:large, max-video-preview:-1\" \/>\n<link rel=\"canonical\" href=\"https:\/\/vieassociative.be\/actualites\/photos-de-la-fete-apres-leupener-werthplatz-a-rosenmontagszug-galerie-de-photos\/\" \/>\n<meta property=\"og:locale\" content=\"fr_FR\" \/>\n<meta property=\"og:type\" content=\"article\" \/>\n<meta property=\"og:title\" content=\"Photos de la f\u00eate apr\u00e8s l&#039;Eupener Werthplatz \u00e0 Rosenmontagszug (galerie de photos) | Vie Associative\" \/>\n<meta property=\"og:description\" content=\"L&rsquo;apr\u00e8s-f\u00eate apr\u00e8s l&rsquo;Eupen Rosenmontagszug fait d\u00e9sormais partie int\u00e9grante du carnaval d&rsquo;Eupen. Le nouveau format a fait ses preuves depuis lors. Malgr\u00e9 les jambes fatigu\u00e9es apr\u00e8s\" \/>\n<meta property=\"og:url\" content=\"https:\/\/vieassociative.be\/actualites\/photos-de-la-fete-apres-leupener-werthplatz-a-rosenmontagszug-galerie-de-photos\/\" \/>\n<meta property=\"og:site_name\" content=\"Vie Associative\" \/>\n<meta property=\"article:published_time\" content=\"2025-03-05T08:17:53+00:00\" \/>\n<meta property=\"og:image\" content=\"https:\/\/vieassociative.be\/actualites\/wp-content\/uploads\/2024\/09\/header_backgroundk-01-e1726694325946.png\" \/>\n\t<meta property=\"og:image:width\" content=\"279\" \/>\n\t<meta property=\"og:image:height\" content=\"92\" \/>\n\t<meta property=\"og:image:type\" content=\"image\/png\" \/>\n<meta name=\"author\" content=\"Julien\" \/>\n<meta name=\"twitter:card\" content=\"summary_large_image\" \/>\n<meta name=\"twitter:label1\" content=\"\u00c9crit par\" \/>\n\t<meta name=\"twitter:data1\" content=\"Julien\" \/>\n\t<meta name=\"twitter:label2\" content=\"Dur\u00e9e de lecture est.\" \/>\n\t<meta name=\"twitter:data2\" content=\"1 minute\" \/>\n<script type=\"application\/ld+json\" class=\"yoast-schema-graph\">{\"@context\":\"https:\/\/schema.org\",\"@graph\":[{\"@type\":\"Article\",\"@id\":\"https:\/\/vieassociative.be\/actualites\/photos-de-la-fete-apres-leupener-werthplatz-a-rosenmontagszug-galerie-de-photos\/#article\",\"isPartOf\":{\"@id\":\"https:\/\/vieassociative.be\/actualites\/photos-de-la-fete-apres-leupener-werthplatz-a-rosenmontagszug-galerie-de-photos\/\"},\"author\":{\"name\":\"Julien\",\"@id\":\"https:\/\/vieassociative.be\/actualites\/#\/schema\/person\/b87ac4f82f9d4e7b7cec7395b679edc4\"},\"headline\":\"Photos de la f\u00eate apr\u00e8s l&rsquo;Eupener Werthplatz \u00e0 Rosenmontagszug (galerie de photos)\",\"datePublished\":\"2025-03-05T08:17:53+00:00\",\"dateModified\":\"2025-03-05T08:17:53+00:00\",\"mainEntityOfPage\":{\"@id\":\"https:\/\/vieassociative.be\/actualites\/photos-de-la-fete-apres-leupener-werthplatz-a-rosenmontagszug-galerie-de-photos\/\"},\"wordCount\":286,\"publisher\":{\"@id\":\"https:\/\/vieassociative.be\/actualites\/#organization\"},\"image\":{\"@id\":\"https:\/\/vieassociative.be\/actualites\/photos-de-la-fete-apres-leupener-werthplatz-a-rosenmontagszug-galerie-de-photos\/#primaryimage\"},\"thumbnailUrl\":\"https:\/\/vieassociative.be\/actualites\/wp-content\/uploads\/2025\/03\/1741162673_Photos-de-la-fete-apres-lEupener-Werthplatz-a-Rosenmontagszug-galerie.jpg\",\"keywords\":[\"Apr\u00e8s\",\"f\u00eate\",\"galerie\",\"lEupener\",\"Photos\",\"Rosenmontagszug\",\"Werthplatz\"],\"articleSection\":[\"Belgique\"],\"inLanguage\":\"fr-BE\"},{\"@type\":\"WebPage\",\"@id\":\"https:\/\/vieassociative.be\/actualites\/photos-de-la-fete-apres-leupener-werthplatz-a-rosenmontagszug-galerie-de-photos\/\",\"url\":\"https:\/\/vieassociative.be\/actualites\/photos-de-la-fete-apres-leupener-werthplatz-a-rosenmontagszug-galerie-de-photos\/\",\"name\":\"Photos de la f\u00eate apr\u00e8s l'Eupener Werthplatz \u00e0 Rosenmontagszug (galerie de photos) | Vie Associative\",\"isPartOf\":{\"@id\":\"https:\/\/vieassociative.be\/actualites\/#website\"},\"primaryImageOfPage\":{\"@id\":\"https:\/\/vieassociative.be\/actualites\/photos-de-la-fete-apres-leupener-werthplatz-a-rosenmontagszug-galerie-de-photos\/#primaryimage\"},\"image\":{\"@id\":\"https:\/\/vieassociative.be\/actualites\/photos-de-la-fete-apres-leupener-werthplatz-a-rosenmontagszug-galerie-de-photos\/#primaryimage\"},\"thumbnailUrl\":\"https:\/\/vieassociative.be\/actualites\/wp-content\/uploads\/2025\/03\/1741162673_Photos-de-la-fete-apres-lEupener-Werthplatz-a-Rosenmontagszug-galerie.jpg\",\"datePublished\":\"2025-03-05T08:17:53+00:00\",\"dateModified\":\"2025-03-05T08:17:53+00:00\",\"breadcrumb\":{\"@id\":\"https:\/\/vieassociative.be\/actualites\/photos-de-la-fete-apres-leupener-werthplatz-a-rosenmontagszug-galerie-de-photos\/#breadcrumb\"},\"inLanguage\":\"fr-BE\",\"potentialAction\":[{\"@type\":\"ReadAction\",\"target\":[\"https:\/\/vieassociative.be\/actualites\/photos-de-la-fete-apres-leupener-werthplatz-a-rosenmontagszug-galerie-de-photos\/\"]}]},{\"@type\":\"ImageObject\",\"inLanguage\":\"fr-BE\",\"@id\":\"https:\/\/vieassociative.be\/actualites\/photos-de-la-fete-apres-leupener-werthplatz-a-rosenmontagszug-galerie-de-photos\/#primaryimage\",\"url\":\"https:\/\/vieassociative.be\/actualites\/wp-content\/uploads\/2025\/03\/1741162673_Photos-de-la-fete-apres-lEupener-Werthplatz-a-Rosenmontagszug-galerie.jpg\",\"contentUrl\":\"https:\/\/vieassociative.be\/actualites\/wp-content\/uploads\/2025\/03\/1741162673_Photos-de-la-fete-apres-lEupener-Werthplatz-a-Rosenmontagszug-galerie.jpg\",\"width\":1200,\"height\":795,\"caption\":\"Photos de la f\u00eate apr\u00e8s l'Eupener Werthplatz \u00e0 Rosenmontagszug (galerie de photos)\"},{\"@type\":\"BreadcrumbList\",\"@id\":\"https:\/\/vieassociative.be\/actualites\/photos-de-la-fete-apres-leupener-werthplatz-a-rosenmontagszug-galerie-de-photos\/#breadcrumb\",\"itemListElement\":[{\"@type\":\"ListItem\",\"position\":1,\"name\":\"Accueil\",\"item\":\"https:\/\/vieassociative.be\/actualites\/\"},{\"@type\":\"ListItem\",\"position\":2,\"name\":\"Photos de la f\u00eate apr\u00e8s l&rsquo;Eupener Werthplatz \u00e0 Rosenmontagszug (galerie de photos)\"}]},{\"@type\":\"WebSite\",\"@id\":\"https:\/\/vieassociative.be\/actualites\/#website\",\"url\":\"https:\/\/vieassociative.be\/actualites\/\",\"name\":\"Vie Associative\",\"description\":\"\",\"publisher\":{\"@id\":\"https:\/\/vieassociative.be\/actualites\/#organization\"},\"potentialAction\":[{\"@type\":\"SearchAction\",\"target\":{\"@type\":\"EntryPoint\",\"urlTemplate\":\"https:\/\/vieassociative.be\/actualites\/?s={search_term_string}\"},\"query-input\":{\"@type\":\"PropertyValueSpecification\",\"valueRequired\":true,\"valueName\":\"search_term_string\"}}],\"inLanguage\":\"fr-BE\"},{\"@type\":\"Organization\",\"@id\":\"https:\/\/vieassociative.be\/actualites\/#organization\",\"name\":\"Vie Associative\",\"url\":\"https:\/\/vieassociative.be\/actualites\/\",\"logo\":{\"@type\":\"ImageObject\",\"inLanguage\":\"fr-BE\",\"@id\":\"https:\/\/vieassociative.be\/actualites\/#\/schema\/logo\/image\/\",\"url\":\"https:\/\/vieassociative.be\/actualites\/wp-content\/uploads\/2024\/09\/cropped-vieassociative_favicon.ico.png\",\"contentUrl\":\"https:\/\/vieassociative.be\/actualites\/wp-content\/uploads\/2024\/09\/cropped-vieassociative_favicon.ico.png\",\"width\":512,\"height\":512,\"caption\":\"Vie Associative\"},\"image\":{\"@id\":\"https:\/\/vieassociative.be\/actualites\/#\/schema\/logo\/image\/\"}},{\"@type\":\"Person\",\"@id\":\"https:\/\/vieassociative.be\/actualites\/#\/schema\/person\/b87ac4f82f9d4e7b7cec7395b679edc4\",\"name\":\"Julien\",\"image\":{\"@type\":\"ImageObject\",\"inLanguage\":\"fr-BE\",\"@id\":\"https:\/\/vieassociative.be\/actualites\/#\/schema\/person\/image\/\",\"url\":\"https:\/\/vieassociative.be\/actualites\/wp-content\/uploads\/2024\/09\/vie-associative-1-150x150.jpg\",\"contentUrl\":\"https:\/\/vieassociative.be\/actualites\/wp-content\/uploads\/2024\/09\/vie-associative-1-150x150.jpg\",\"caption\":\"Julien\"},\"description\":\"Je suis Julien, r\u00e9dacteur pour Vie Associative. Passionn\u00e9 par le monde associatif depuis plus de 10 ans, j'ai \u00e0 c\u0153ur de partager des histoires inspirantes et de mettre en lumi\u00e8re les initiatives locales. Mon objectif est de sensibiliser et d'encourager l'engagement communautaire \u00e0 travers mes articles.\",\"sameAs\":[\"https:\/\/vieassociative.be\/\"]}]}<\/script>\n<!-- \/ Yoast SEO plugin. -->","yoast_head_json":{"title":"Photos de la f\u00eate apr\u00e8s l'Eupener Werthplatz \u00e0 Rosenmontagszug (galerie de photos) | Vie Associative","robots":{"index":"index","follow":"follow","max-snippet":"max-snippet:-1","max-image-preview":"max-image-preview:large","max-video-preview":"max-video-preview:-1"},"canonical":"https:\/\/vieassociative.be\/actualites\/photos-de-la-fete-apres-leupener-werthplatz-a-rosenmontagszug-galerie-de-photos\/","og_locale":"fr_FR","og_type":"article","og_title":"Photos de la f\u00eate apr\u00e8s l'Eupener Werthplatz \u00e0 Rosenmontagszug (galerie de photos) | Vie Associative","og_description":"L&rsquo;apr\u00e8s-f\u00eate apr\u00e8s l&rsquo;Eupen Rosenmontagszug fait d\u00e9sormais partie int\u00e9grante du carnaval d&rsquo;Eupen. Le nouveau format a fait ses preuves depuis lors. Malgr\u00e9 les jambes fatigu\u00e9es apr\u00e8s","og_url":"https:\/\/vieassociative.be\/actualites\/photos-de-la-fete-apres-leupener-werthplatz-a-rosenmontagszug-galerie-de-photos\/","og_site_name":"Vie Associative","article_published_time":"2025-03-05T08:17:53+00:00","og_image":[{"width":279,"height":92,"url":"https:\/\/vieassociative.be\/actualites\/wp-content\/uploads\/2024\/09\/header_backgroundk-01-e1726694325946.png","type":"image\/png"}],"author":"Julien","twitter_card":"summary_large_image","twitter_misc":{"\u00c9crit par":"Julien","Dur\u00e9e de lecture est.":"1 minute"},"schema":{"@context":"https:\/\/schema.org","@graph":[{"@type":"Article","@id":"https:\/\/vieassociative.be\/actualites\/photos-de-la-fete-apres-leupener-werthplatz-a-rosenmontagszug-galerie-de-photos\/#article","isPartOf":{"@id":"https:\/\/vieassociative.be\/actualites\/photos-de-la-fete-apres-leupener-werthplatz-a-rosenmontagszug-galerie-de-photos\/"},"author":{"name":"Julien","@id":"https:\/\/vieassociative.be\/actualites\/#\/schema\/person\/b87ac4f82f9d4e7b7cec7395b679edc4"},"headline":"Photos de la f\u00eate apr\u00e8s l&rsquo;Eupener Werthplatz \u00e0 Rosenmontagszug (galerie de photos)","datePublished":"2025-03-05T08:17:53+00:00","dateModified":"2025-03-05T08:17:53+00:00","mainEntityOfPage":{"@id":"https:\/\/vieassociative.be\/actualites\/photos-de-la-fete-apres-leupener-werthplatz-a-rosenmontagszug-galerie-de-photos\/"},"wordCount":286,"publisher":{"@id":"https:\/\/vieassociative.be\/actualites\/#organization"},"image":{"@id":"https:\/\/vieassociative.be\/actualites\/photos-de-la-fete-apres-leupener-werthplatz-a-rosenmontagszug-galerie-de-photos\/#primaryimage"},"thumbnailUrl":"https:\/\/vieassociative.be\/actualites\/wp-content\/uploads\/2025\/03\/1741162673_Photos-de-la-fete-apres-lEupener-Werthplatz-a-Rosenmontagszug-galerie.jpg","keywords":["Apr\u00e8s","f\u00eate","galerie","lEupener","Photos","Rosenmontagszug","Werthplatz"],"articleSection":["Belgique"],"inLanguage":"fr-BE"},{"@type":"WebPage","@id":"https:\/\/vieassociative.be\/actualites\/photos-de-la-fete-apres-leupener-werthplatz-a-rosenmontagszug-galerie-de-photos\/","url":"https:\/\/vieassociative.be\/actualites\/photos-de-la-fete-apres-leupener-werthplatz-a-rosenmontagszug-galerie-de-photos\/","name":"Photos de la f\u00eate apr\u00e8s l'Eupener Werthplatz \u00e0 Rosenmontagszug (galerie de photos) | Vie Associative","isPartOf":{"@id":"https:\/\/vieassociative.be\/actualites\/#website"},"primaryImageOfPage":{"@id":"https:\/\/vieassociative.be\/actualites\/photos-de-la-fete-apres-leupener-werthplatz-a-rosenmontagszug-galerie-de-photos\/#primaryimage"},"image":{"@id":"https:\/\/vieassociative.be\/actualites\/photos-de-la-fete-apres-leupener-werthplatz-a-rosenmontagszug-galerie-de-photos\/#primaryimage"},"thumbnailUrl":"https:\/\/vieassociative.be\/actualites\/wp-content\/uploads\/2025\/03\/1741162673_Photos-de-la-fete-apres-lEupener-Werthplatz-a-Rosenmontagszug-galerie.jpg","datePublished":"2025-03-05T08:17:53+00:00","dateModified":"2025-03-05T08:17:53+00:00","breadcrumb":{"@id":"https:\/\/vieassociative.be\/actualites\/photos-de-la-fete-apres-leupener-werthplatz-a-rosenmontagszug-galerie-de-photos\/#breadcrumb"},"inLanguage":"fr-BE","potentialAction":[{"@type":"ReadAction","target":["https:\/\/vieassociative.be\/actualites\/photos-de-la-fete-apres-leupener-werthplatz-a-rosenmontagszug-galerie-de-photos\/"]}]},{"@type":"ImageObject","inLanguage":"fr-BE","@id":"https:\/\/vieassociative.be\/actualites\/photos-de-la-fete-apres-leupener-werthplatz-a-rosenmontagszug-galerie-de-photos\/#primaryimage","url":"https:\/\/vieassociative.be\/actualites\/wp-content\/uploads\/2025\/03\/1741162673_Photos-de-la-fete-apres-lEupener-Werthplatz-a-Rosenmontagszug-galerie.jpg","contentUrl":"https:\/\/vieassociative.be\/actualites\/wp-content\/uploads\/2025\/03\/1741162673_Photos-de-la-fete-apres-lEupener-Werthplatz-a-Rosenmontagszug-galerie.jpg","width":1200,"height":795,"caption":"Photos de la f\u00eate apr\u00e8s l'Eupener Werthplatz \u00e0 Rosenmontagszug (galerie de photos)"},{"@type":"BreadcrumbList","@id":"https:\/\/vieassociative.be\/actualites\/photos-de-la-fete-apres-leupener-werthplatz-a-rosenmontagszug-galerie-de-photos\/#breadcrumb","itemListElement":[{"@type":"ListItem","position":1,"name":"Accueil","item":"https:\/\/vieassociative.be\/actualites\/"},{"@type":"ListItem","position":2,"name":"Photos de la f\u00eate apr\u00e8s l&rsquo;Eupener Werthplatz \u00e0 Rosenmontagszug (galerie de photos)"}]},{"@type":"WebSite","@id":"https:\/\/vieassociative.be\/actualites\/#website","url":"https:\/\/vieassociative.be\/actualites\/","name":"Vie Associative","description":"","publisher":{"@id":"https:\/\/vieassociative.be\/actualites\/#organization"},"potentialAction":[{"@type":"SearchAction","target":{"@type":"EntryPoint","urlTemplate":"https:\/\/vieassociative.be\/actualites\/?s={search_term_string}"},"query-input":{"@type":"PropertyValueSpecification","valueRequired":true,"valueName":"search_term_string"}}],"inLanguage":"fr-BE"},{"@type":"Organization","@id":"https:\/\/vieassociative.be\/actualites\/#organization","name":"Vie Associative","url":"https:\/\/vieassociative.be\/actualites\/","logo":{"@type":"ImageObject","inLanguage":"fr-BE","@id":"https:\/\/vieassociative.be\/actualites\/#\/schema\/logo\/image\/","url":"https:\/\/vieassociative.be\/actualites\/wp-content\/uploads\/2024\/09\/cropped-vieassociative_favicon.ico.png","contentUrl":"https:\/\/vieassociative.be\/actualites\/wp-content\/uploads\/2024\/09\/cropped-vieassociative_favicon.ico.png","width":512,"height":512,"caption":"Vie Associative"},"image":{"@id":"https:\/\/vieassociative.be\/actualites\/#\/schema\/logo\/image\/"}},{"@type":"Person","@id":"https:\/\/vieassociative.be\/actualites\/#\/schema\/person\/b87ac4f82f9d4e7b7cec7395b679edc4","name":"Julien","image":{"@type":"ImageObject","inLanguage":"fr-BE","@id":"https:\/\/vieassociative.be\/actualites\/#\/schema\/person\/image\/","url":"https:\/\/vieassociative.be\/actualites\/wp-content\/uploads\/2024\/09\/vie-associative-1-150x150.jpg","contentUrl":"https:\/\/vieassociative.be\/actualites\/wp-content\/uploads\/2024\/09\/vie-associative-1-150x150.jpg","caption":"Julien"},"description":"Je suis Julien, r\u00e9dacteur pour Vie Associative. Passionn\u00e9 par le monde associatif depuis plus de 10 ans, j'ai \u00e0 c\u0153ur de partager des histoires inspirantes et de mettre en lumi\u00e8re les initiatives locales. Mon objectif est de sensibiliser et d'encourager l'engagement communautaire \u00e0 travers mes articles.","sameAs":["https:\/\/vieassociative.be\/"]}]}},"_links":{"self":[{"href":"https:\/\/vieassociative.be\/actualites\/wp-json\/wp\/v2\/posts\/5622"}],"collection":[{"href":"https:\/\/vieassociative.be\/actualites\/wp-json\/wp\/v2\/posts"}],"about":[{"href":"https:\/\/vieassociative.be\/actualites\/wp-json\/wp\/v2\/types\/post"}],"author":[{"embeddable":true,"href":"https:\/\/vieassociative.be\/actualites\/wp-json\/wp\/v2\/users\/1"}],"replies":[{"embeddable":true,"href":"https:\/\/vieassociative.be\/actualites\/wp-json\/wp\/v2\/comments?post=5622"}],"version-history":[{"count":0,"href":"https:\/\/vieassociative.be\/actualites\/wp-json\/wp\/v2\/posts\/5622\/revisions"}],"wp:featuredmedia":[{"embeddable":true,"href":"https:\/\/vieassociative.be\/actualites\/wp-json\/wp\/v2\/media\/5623"}],"wp:attachment":[{"href":"https:\/\/vieassociative.be\/actualites\/wp-json\/wp\/v2\/media?parent=5622"}],"wp:term":[{"taxonomy":"category","embeddable":true,"href":"https:\/\/vieassociative.be\/actualites\/wp-json\/wp\/v2\/categories?post=5622"},{"taxonomy":"post_tag","embeddable":true,"href":"https:\/\/vieassociative.be\/actualites\/wp-json\/wp\/v2\/tags?post=5622"}],"curies":[{"name":"wp","href":"https:\/\/api.w.org\/{rel}","templated":true}]}}