{"id":5613,"date":"2025-03-05T03:19:33","date_gmt":"2025-03-05T02:19:33","guid":{"rendered":"https:\/\/vieassociative.be\/actualites\/carnaval-2025-en-photos\/"},"modified":"2025-03-05T03:19:33","modified_gmt":"2025-03-05T02:19:33","slug":"carnaval-2025-en-photos","status":"publish","type":"post","link":"https:\/\/vieassociative.be\/actualites\/carnaval-2025-en-photos\/","title":{"rendered":"Carnaval 2025 en photos"},"content":{"rendered":"<p><strong>Cette ann\u00e9e aussi, \u00abl&rsquo;est de la Belgique directement\u00bb propose des galeries de photos avec des photos des c\u00e9l\u00e9brations du carnaval \u00e0 Eupen, Raeren, St. Vith et Kelmis.<\/strong><\/p>\n<ul>\n<li><span id=\"more-409607\"><\/span>Cela a commenc\u00e9 peu de temps apr\u00e8s le tournant de l&rsquo;ann\u00e9e avec la proclamation du prince \u00e0 Eupen:<\/li>\n<\/ul>\n<p><u>Samuel I. (Deneffe) Le nouveau souverain du fou d&rsquo;Eupen: la proclamation du prince en photos (galerie de photos)<\/u><\/p>\n<ul>\n<li>Plus tard, la proclamation du prince pour enfants pour les cha\u00eenes d&rsquo;Eupen a suivi:<\/li>\n<\/ul>\n<p><u>Le prince pour enfants Tom II r\u00eave de devenir une footballeur professionnel de la proclamation (galerie de photos)<\/u><\/p>\n<ul>\n<li>Le jour de la vieille journ\u00e9e des femmes, il y avait des galeries de photos du d\u00e9fil\u00e9 d&rsquo;Eupener Altweiber et de la f\u00eate du carnaval jeudi apr\u00e8s-midi sur la place du march\u00e9 Eupen:<\/li>\n<\/ul>\n<p><u>Le d\u00e9fil\u00e9 d&rsquo;Eupener Altweiber en photos (galerie de photos)<\/u><\/p>\n<p><u>Photos de la f\u00eate Altweiber au march\u00e9 Eupen jeudi apr\u00e8s-midi (galerie de photos)<\/u><\/p>\n<ul>\n<li>Dimanche, Rose lundi et mardi, il y avait des photos avec des photos des trains de carnaval \u00e0 Raeren, St. Vith, Eupen et Kelmis:<\/li>\n<\/ul>\n<p><u>Dimanche au Raeren Carnival Train, le Jecken a ri avec le soleil autour du pari (galerie de photos)<\/u><\/p>\n<p><u>Un monde d&rsquo;imagination tr\u00e8s sp\u00e9cial dans le train dimanche dans les rues de St. Vith (galerie de photos)<\/u><\/p>\n<p><u>Gais, bonne ambiance et visages lumineux \u00e0 l&rsquo;Eupen Rosenmontagszug (galerie de photos)<\/u><\/p>\n<p><u>Jeune et vieille dans\u00e9 dans les rues &#8211; Kamelle a plu au train de carnaval \u00e0 Kelmis (galerie de photos)<\/u><\/p>\n<p><u>Photos de la f\u00eate apr\u00e8s l&rsquo;Eupener Werthplatz \u00e0 Rosenmontagszug (galerie de photos)<\/u><\/p>\n<p><em><strong>Note-Une derni\u00e8re galerie de photos suit Middle Fast (dimanche 30 mars) avec des photos du d\u00e9fil\u00e9 de Laetare \u00e0 Welkenraedt (Wehelo)<\/strong><\/em><\/p>\n","protected":false},"excerpt":{"rendered":"<p>Cette ann\u00e9e aussi, \u00abl&rsquo;est de la Belgique directement\u00bb propose des galeries de photos avec des photos des c\u00e9l\u00e9brations du carnaval \u00e0 Eupen, Raeren, St. Vith<\/p>\n","protected":false},"author":1,"featured_media":5614,"comment_status":"","ping_status":"","sticky":false,"template":"","format":"standard","meta":{"footnotes":""},"categories":[298],"tags":[3049,283],"class_list":["post-5613","post","type-post","status-publish","format-standard","has-post-thumbnail","hentry","category-belgique","tag-carnaval","tag-photos","generate-columns","tablet-grid-50","mobile-grid-100","grid-parent","grid-33"],"yoast_head":"<!-- This site is optimized with the Yoast SEO plugin v24.0 - https:\/\/yoast.com\/wordpress\/plugins\/seo\/ -->\n<title>Carnaval 2025 en photos | Vie Associative<\/title>\n<meta name=\"robots\" content=\"index, follow, max-snippet:-1, max-image-preview:large, max-video-preview:-1\" \/>\n<link rel=\"canonical\" href=\"https:\/\/vieassociative.be\/actualites\/carnaval-2025-en-photos\/\" \/>\n<meta property=\"og:locale\" content=\"fr_FR\" \/>\n<meta property=\"og:type\" content=\"article\" \/>\n<meta property=\"og:title\" content=\"Carnaval 2025 en photos | Vie Associative\" \/>\n<meta property=\"og:description\" content=\"Cette ann\u00e9e aussi, \u00abl&rsquo;est de la Belgique directement\u00bb propose des galeries de photos avec des photos des c\u00e9l\u00e9brations du carnaval \u00e0 Eupen, Raeren, St. Vith\" \/>\n<meta property=\"og:url\" content=\"https:\/\/vieassociative.be\/actualites\/carnaval-2025-en-photos\/\" \/>\n<meta property=\"og:site_name\" content=\"Vie Associative\" \/>\n<meta property=\"article:published_time\" content=\"2025-03-05T02:19:33+00:00\" \/>\n<meta property=\"og:image\" content=\"https:\/\/vieassociative.be\/actualites\/wp-content\/uploads\/2024\/09\/header_backgroundk-01-e1726694325946.png\" \/>\n\t<meta property=\"og:image:width\" content=\"279\" \/>\n\t<meta property=\"og:image:height\" content=\"92\" \/>\n\t<meta property=\"og:image:type\" content=\"image\/png\" \/>\n<meta name=\"author\" content=\"Julien\" \/>\n<meta name=\"twitter:card\" content=\"summary_large_image\" \/>\n<meta name=\"twitter:label1\" content=\"\u00c9crit par\" \/>\n\t<meta name=\"twitter:data1\" content=\"Julien\" \/>\n\t<meta name=\"twitter:label2\" content=\"Dur\u00e9e de lecture est.\" \/>\n\t<meta name=\"twitter:data2\" content=\"1 minute\" \/>\n<script type=\"application\/ld+json\" class=\"yoast-schema-graph\">{\"@context\":\"https:\/\/schema.org\",\"@graph\":[{\"@type\":\"Article\",\"@id\":\"https:\/\/vieassociative.be\/actualites\/carnaval-2025-en-photos\/#article\",\"isPartOf\":{\"@id\":\"https:\/\/vieassociative.be\/actualites\/carnaval-2025-en-photos\/\"},\"author\":{\"name\":\"Julien\",\"@id\":\"https:\/\/vieassociative.be\/actualites\/#\/schema\/person\/b87ac4f82f9d4e7b7cec7395b679edc4\"},\"headline\":\"Carnaval 2025 en photos\",\"datePublished\":\"2025-03-05T02:19:33+00:00\",\"dateModified\":\"2025-03-05T02:19:33+00:00\",\"mainEntityOfPage\":{\"@id\":\"https:\/\/vieassociative.be\/actualites\/carnaval-2025-en-photos\/\"},\"wordCount\":299,\"publisher\":{\"@id\":\"https:\/\/vieassociative.be\/actualites\/#organization\"},\"image\":{\"@id\":\"https:\/\/vieassociative.be\/actualites\/carnaval-2025-en-photos\/#primaryimage\"},\"thumbnailUrl\":\"https:\/\/vieassociative.be\/actualites\/wp-content\/uploads\/2025\/03\/Carnaval-2025-en-photos.jpg\",\"keywords\":[\"carnaval\",\"Photos\"],\"articleSection\":[\"Belgique\"],\"inLanguage\":\"fr-BE\"},{\"@type\":\"WebPage\",\"@id\":\"https:\/\/vieassociative.be\/actualites\/carnaval-2025-en-photos\/\",\"url\":\"https:\/\/vieassociative.be\/actualites\/carnaval-2025-en-photos\/\",\"name\":\"Carnaval 2025 en photos | Vie Associative\",\"isPartOf\":{\"@id\":\"https:\/\/vieassociative.be\/actualites\/#website\"},\"primaryImageOfPage\":{\"@id\":\"https:\/\/vieassociative.be\/actualites\/carnaval-2025-en-photos\/#primaryimage\"},\"image\":{\"@id\":\"https:\/\/vieassociative.be\/actualites\/carnaval-2025-en-photos\/#primaryimage\"},\"thumbnailUrl\":\"https:\/\/vieassociative.be\/actualites\/wp-content\/uploads\/2025\/03\/Carnaval-2025-en-photos.jpg\",\"datePublished\":\"2025-03-05T02:19:33+00:00\",\"dateModified\":\"2025-03-05T02:19:33+00:00\",\"breadcrumb\":{\"@id\":\"https:\/\/vieassociative.be\/actualites\/carnaval-2025-en-photos\/#breadcrumb\"},\"inLanguage\":\"fr-BE\",\"potentialAction\":[{\"@type\":\"ReadAction\",\"target\":[\"https:\/\/vieassociative.be\/actualites\/carnaval-2025-en-photos\/\"]}]},{\"@type\":\"ImageObject\",\"inLanguage\":\"fr-BE\",\"@id\":\"https:\/\/vieassociative.be\/actualites\/carnaval-2025-en-photos\/#primaryimage\",\"url\":\"https:\/\/vieassociative.be\/actualites\/wp-content\/uploads\/2025\/03\/Carnaval-2025-en-photos.jpg\",\"contentUrl\":\"https:\/\/vieassociative.be\/actualites\/wp-content\/uploads\/2025\/03\/Carnaval-2025-en-photos.jpg\",\"width\":1200,\"height\":900,\"caption\":\"Carnaval 2025 en photos\"},{\"@type\":\"BreadcrumbList\",\"@id\":\"https:\/\/vieassociative.be\/actualites\/carnaval-2025-en-photos\/#breadcrumb\",\"itemListElement\":[{\"@type\":\"ListItem\",\"position\":1,\"name\":\"Accueil\",\"item\":\"https:\/\/vieassociative.be\/actualites\/\"},{\"@type\":\"ListItem\",\"position\":2,\"name\":\"Carnaval 2025 en photos\"}]},{\"@type\":\"WebSite\",\"@id\":\"https:\/\/vieassociative.be\/actualites\/#website\",\"url\":\"https:\/\/vieassociative.be\/actualites\/\",\"name\":\"Vie Associative\",\"description\":\"\",\"publisher\":{\"@id\":\"https:\/\/vieassociative.be\/actualites\/#organization\"},\"potentialAction\":[{\"@type\":\"SearchAction\",\"target\":{\"@type\":\"EntryPoint\",\"urlTemplate\":\"https:\/\/vieassociative.be\/actualites\/?s={search_term_string}\"},\"query-input\":{\"@type\":\"PropertyValueSpecification\",\"valueRequired\":true,\"valueName\":\"search_term_string\"}}],\"inLanguage\":\"fr-BE\"},{\"@type\":\"Organization\",\"@id\":\"https:\/\/vieassociative.be\/actualites\/#organization\",\"name\":\"Vie Associative\",\"url\":\"https:\/\/vieassociative.be\/actualites\/\",\"logo\":{\"@type\":\"ImageObject\",\"inLanguage\":\"fr-BE\",\"@id\":\"https:\/\/vieassociative.be\/actualites\/#\/schema\/logo\/image\/\",\"url\":\"https:\/\/vieassociative.be\/actualites\/wp-content\/uploads\/2024\/09\/cropped-vieassociative_favicon.ico.png\",\"contentUrl\":\"https:\/\/vieassociative.be\/actualites\/wp-content\/uploads\/2024\/09\/cropped-vieassociative_favicon.ico.png\",\"width\":512,\"height\":512,\"caption\":\"Vie Associative\"},\"image\":{\"@id\":\"https:\/\/vieassociative.be\/actualites\/#\/schema\/logo\/image\/\"}},{\"@type\":\"Person\",\"@id\":\"https:\/\/vieassociative.be\/actualites\/#\/schema\/person\/b87ac4f82f9d4e7b7cec7395b679edc4\",\"name\":\"Julien\",\"image\":{\"@type\":\"ImageObject\",\"inLanguage\":\"fr-BE\",\"@id\":\"https:\/\/vieassociative.be\/actualites\/#\/schema\/person\/image\/\",\"url\":\"https:\/\/vieassociative.be\/actualites\/wp-content\/uploads\/2024\/09\/vie-associative-1-150x150.jpg\",\"contentUrl\":\"https:\/\/vieassociative.be\/actualites\/wp-content\/uploads\/2024\/09\/vie-associative-1-150x150.jpg\",\"caption\":\"Julien\"},\"description\":\"Je suis Julien, r\u00e9dacteur pour Vie Associative. Passionn\u00e9 par le monde associatif depuis plus de 10 ans, j'ai \u00e0 c\u0153ur de partager des histoires inspirantes et de mettre en lumi\u00e8re les initiatives locales. Mon objectif est de sensibiliser et d'encourager l'engagement communautaire \u00e0 travers mes articles.\",\"sameAs\":[\"https:\/\/vieassociative.be\/\"]}]}<\/script>\n<!-- \/ Yoast SEO plugin. -->","yoast_head_json":{"title":"Carnaval 2025 en photos | Vie Associative","robots":{"index":"index","follow":"follow","max-snippet":"max-snippet:-1","max-image-preview":"max-image-preview:large","max-video-preview":"max-video-preview:-1"},"canonical":"https:\/\/vieassociative.be\/actualites\/carnaval-2025-en-photos\/","og_locale":"fr_FR","og_type":"article","og_title":"Carnaval 2025 en photos | Vie Associative","og_description":"Cette ann\u00e9e aussi, \u00abl&rsquo;est de la Belgique directement\u00bb propose des galeries de photos avec des photos des c\u00e9l\u00e9brations du carnaval \u00e0 Eupen, Raeren, St. Vith","og_url":"https:\/\/vieassociative.be\/actualites\/carnaval-2025-en-photos\/","og_site_name":"Vie Associative","article_published_time":"2025-03-05T02:19:33+00:00","og_image":[{"width":279,"height":92,"url":"https:\/\/vieassociative.be\/actualites\/wp-content\/uploads\/2024\/09\/header_backgroundk-01-e1726694325946.png","type":"image\/png"}],"author":"Julien","twitter_card":"summary_large_image","twitter_misc":{"\u00c9crit par":"Julien","Dur\u00e9e de lecture est.":"1 minute"},"schema":{"@context":"https:\/\/schema.org","@graph":[{"@type":"Article","@id":"https:\/\/vieassociative.be\/actualites\/carnaval-2025-en-photos\/#article","isPartOf":{"@id":"https:\/\/vieassociative.be\/actualites\/carnaval-2025-en-photos\/"},"author":{"name":"Julien","@id":"https:\/\/vieassociative.be\/actualites\/#\/schema\/person\/b87ac4f82f9d4e7b7cec7395b679edc4"},"headline":"Carnaval 2025 en photos","datePublished":"2025-03-05T02:19:33+00:00","dateModified":"2025-03-05T02:19:33+00:00","mainEntityOfPage":{"@id":"https:\/\/vieassociative.be\/actualites\/carnaval-2025-en-photos\/"},"wordCount":299,"publisher":{"@id":"https:\/\/vieassociative.be\/actualites\/#organization"},"image":{"@id":"https:\/\/vieassociative.be\/actualites\/carnaval-2025-en-photos\/#primaryimage"},"thumbnailUrl":"https:\/\/vieassociative.be\/actualites\/wp-content\/uploads\/2025\/03\/Carnaval-2025-en-photos.jpg","keywords":["carnaval","Photos"],"articleSection":["Belgique"],"inLanguage":"fr-BE"},{"@type":"WebPage","@id":"https:\/\/vieassociative.be\/actualites\/carnaval-2025-en-photos\/","url":"https:\/\/vieassociative.be\/actualites\/carnaval-2025-en-photos\/","name":"Carnaval 2025 en photos | Vie Associative","isPartOf":{"@id":"https:\/\/vieassociative.be\/actualites\/#website"},"primaryImageOfPage":{"@id":"https:\/\/vieassociative.be\/actualites\/carnaval-2025-en-photos\/#primaryimage"},"image":{"@id":"https:\/\/vieassociative.be\/actualites\/carnaval-2025-en-photos\/#primaryimage"},"thumbnailUrl":"https:\/\/vieassociative.be\/actualites\/wp-content\/uploads\/2025\/03\/Carnaval-2025-en-photos.jpg","datePublished":"2025-03-05T02:19:33+00:00","dateModified":"2025-03-05T02:19:33+00:00","breadcrumb":{"@id":"https:\/\/vieassociative.be\/actualites\/carnaval-2025-en-photos\/#breadcrumb"},"inLanguage":"fr-BE","potentialAction":[{"@type":"ReadAction","target":["https:\/\/vieassociative.be\/actualites\/carnaval-2025-en-photos\/"]}]},{"@type":"ImageObject","inLanguage":"fr-BE","@id":"https:\/\/vieassociative.be\/actualites\/carnaval-2025-en-photos\/#primaryimage","url":"https:\/\/vieassociative.be\/actualites\/wp-content\/uploads\/2025\/03\/Carnaval-2025-en-photos.jpg","contentUrl":"https:\/\/vieassociative.be\/actualites\/wp-content\/uploads\/2025\/03\/Carnaval-2025-en-photos.jpg","width":1200,"height":900,"caption":"Carnaval 2025 en photos"},{"@type":"BreadcrumbList","@id":"https:\/\/vieassociative.be\/actualites\/carnaval-2025-en-photos\/#breadcrumb","itemListElement":[{"@type":"ListItem","position":1,"name":"Accueil","item":"https:\/\/vieassociative.be\/actualites\/"},{"@type":"ListItem","position":2,"name":"Carnaval 2025 en photos"}]},{"@type":"WebSite","@id":"https:\/\/vieassociative.be\/actualites\/#website","url":"https:\/\/vieassociative.be\/actualites\/","name":"Vie Associative","description":"","publisher":{"@id":"https:\/\/vieassociative.be\/actualites\/#organization"},"potentialAction":[{"@type":"SearchAction","target":{"@type":"EntryPoint","urlTemplate":"https:\/\/vieassociative.be\/actualites\/?s={search_term_string}"},"query-input":{"@type":"PropertyValueSpecification","valueRequired":true,"valueName":"search_term_string"}}],"inLanguage":"fr-BE"},{"@type":"Organization","@id":"https:\/\/vieassociative.be\/actualites\/#organization","name":"Vie Associative","url":"https:\/\/vieassociative.be\/actualites\/","logo":{"@type":"ImageObject","inLanguage":"fr-BE","@id":"https:\/\/vieassociative.be\/actualites\/#\/schema\/logo\/image\/","url":"https:\/\/vieassociative.be\/actualites\/wp-content\/uploads\/2024\/09\/cropped-vieassociative_favicon.ico.png","contentUrl":"https:\/\/vieassociative.be\/actualites\/wp-content\/uploads\/2024\/09\/cropped-vieassociative_favicon.ico.png","width":512,"height":512,"caption":"Vie Associative"},"image":{"@id":"https:\/\/vieassociative.be\/actualites\/#\/schema\/logo\/image\/"}},{"@type":"Person","@id":"https:\/\/vieassociative.be\/actualites\/#\/schema\/person\/b87ac4f82f9d4e7b7cec7395b679edc4","name":"Julien","image":{"@type":"ImageObject","inLanguage":"fr-BE","@id":"https:\/\/vieassociative.be\/actualites\/#\/schema\/person\/image\/","url":"https:\/\/vieassociative.be\/actualites\/wp-content\/uploads\/2024\/09\/vie-associative-1-150x150.jpg","contentUrl":"https:\/\/vieassociative.be\/actualites\/wp-content\/uploads\/2024\/09\/vie-associative-1-150x150.jpg","caption":"Julien"},"description":"Je suis Julien, r\u00e9dacteur pour Vie Associative. Passionn\u00e9 par le monde associatif depuis plus de 10 ans, j'ai \u00e0 c\u0153ur de partager des histoires inspirantes et de mettre en lumi\u00e8re les initiatives locales. Mon objectif est de sensibiliser et d'encourager l'engagement communautaire \u00e0 travers mes articles.","sameAs":["https:\/\/vieassociative.be\/"]}]}},"_links":{"self":[{"href":"https:\/\/vieassociative.be\/actualites\/wp-json\/wp\/v2\/posts\/5613"}],"collection":[{"href":"https:\/\/vieassociative.be\/actualites\/wp-json\/wp\/v2\/posts"}],"about":[{"href":"https:\/\/vieassociative.be\/actualites\/wp-json\/wp\/v2\/types\/post"}],"author":[{"embeddable":true,"href":"https:\/\/vieassociative.be\/actualites\/wp-json\/wp\/v2\/users\/1"}],"replies":[{"embeddable":true,"href":"https:\/\/vieassociative.be\/actualites\/wp-json\/wp\/v2\/comments?post=5613"}],"version-history":[{"count":0,"href":"https:\/\/vieassociative.be\/actualites\/wp-json\/wp\/v2\/posts\/5613\/revisions"}],"wp:featuredmedia":[{"embeddable":true,"href":"https:\/\/vieassociative.be\/actualites\/wp-json\/wp\/v2\/media\/5614"}],"wp:attachment":[{"href":"https:\/\/vieassociative.be\/actualites\/wp-json\/wp\/v2\/media?parent=5613"}],"wp:term":[{"taxonomy":"category","embeddable":true,"href":"https:\/\/vieassociative.be\/actualites\/wp-json\/wp\/v2\/categories?post=5613"},{"taxonomy":"post_tag","embeddable":true,"href":"https:\/\/vieassociative.be\/actualites\/wp-json\/wp\/v2\/tags?post=5613"}],"curies":[{"name":"wp","href":"https:\/\/api.w.org\/{rel}","templated":true}]}}