{"id":5611,"date":"2025-03-05T02:19:36","date_gmt":"2025-03-05T01:19:36","guid":{"rendered":"https:\/\/vieassociative.be\/actualites\/certains-iphone-16-utilisent-une-colle-speciale-qui-les-rend-plus-faciles-a-reparer\/"},"modified":"2025-03-05T02:19:36","modified_gmt":"2025-03-05T01:19:36","slug":"certains-iphone-16-utilisent-une-colle-speciale-qui-les-rend-plus-faciles-a-reparer","status":"publish","type":"post","link":"https:\/\/vieassociative.be\/actualites\/certains-iphone-16-utilisent-une-colle-speciale-qui-les-rend-plus-faciles-a-reparer\/","title":{"rendered":"Certains iPhone 16 utilisent une colle sp\u00e9ciale qui les rend plus faciles \u00e0 r\u00e9parer"},"content":{"rendered":"<div class=\"mt-4 leading-6 md:mb-8\">Trois des appareils iPhone 16 ont des batteries beaucoup plus faciles \u00e0 remplacer.<\/div>\n<p><\/p>\n<p>Toutes les batteries vieillissent et la batterie au lithium de votre iPhone ne fait pas exception. Les heures suppl\u00e9mentaires, la batterie se d\u00e9grade, ce qui signifie qu&rsquo;elle ne peut plus tenir autant de charge que possible quand elle \u00e9tait nouvelle. Apr\u00e8s quelques ann\u00e9es d&rsquo;utilisation du t\u00e9l\u00e9phone, vous remarquerez peut-\u00eatre que votre t\u00e9l\u00e9phone a besoin de jus de jus plus fr\u00e9quents tout au long de la journ\u00e9e.<\/p>\n<p>Lorsque l&rsquo;in\u00e9vitable vous arrive, vous n&rsquo;avez pas besoin d&rsquo;acheter un nouvel iPhone. Au lieu de cela, vous pouvez simplement remplacer la batterie \u00e0 un co\u00fbt relativement bon march\u00e9. Selon votre iPhone, vous remarquerez peut-\u00eatre non seulement une augmentation du temps loin du chargeur, mais aussi un coup de pouce des performances, car iOS ralentit la puissance de traitement de votre iPhone lorsque sa batterie est trop d\u00e9grad\u00e9e.<\/p>\n<p>Bien que le remplacement de votre batterie soit possible, cela pourrait certainement \u00eatre plus facile. Apple s\u00e9curise la batterie \u00e0 l&rsquo;int\u00e9rieur de la plupart des iPhones avec un fort adh\u00e9sif. Pour le retirer, vous devez tirer quelques onglets faciles \u00e0 casser, ce qui rend le processus de suppression plus pr\u00e9caire qu&rsquo;il ne devrait l&rsquo;\u00eatre. La batterie elle-m\u00eame est \u00e9galement fragile et vous devrez retirer et rattacher des c\u00e2bles tr\u00e8s d\u00e9licats. Malgr\u00e9 tout cela, il est possible de remplacer votre batterie vous-m\u00eame, mais il est plus simple de choisir de l&#8217;emmener dans un atelier de r\u00e9paration. (Apple pr\u00e9f\u00e9rerait que vous utilisez l&rsquo;un des siens.) <\/p>\n<p>Cela dit, le processus est notamment plus facile avec trois des appareils iPhone 16, y compris l&rsquo;iPhone 16E nouvellement sorti.<\/p>\n<h2 id=\"some-iphone-16s-use-a-different-adhesive\">Certains iPhone 16 utilisent un adh\u00e9sif diff\u00e9rent<\/h2>\n<p>L&rsquo;iPhone 16, 16 Plus et 16E sont tous exp\u00e9di\u00e9s avec un nouveau type d&rsquo;adh\u00e9sif de batterie qui facilite les r\u00e9parations. \u00c0 premi\u00e8re vue, il ne semble pas avoir beaucoup chang\u00e9: lorsque vous ouvrez le cas arri\u00e8re de votre iPhone, vous trouverez toujours un onglet sur sa batterie. Cependant, cet onglet n&rsquo;est pas encore cens\u00e9 \u00eatre tir\u00e9. Au lieu de cela, vous devez appliquer un courant \u00e9lectrique via l&rsquo;adh\u00e9sif tenant la batterie sur l&rsquo;appareil pendant 60 secondes. Le courant est suffisant pour secouer la batterie, \u00e0 quel point vous utilisez l&rsquo;onglet pour retirer doucement la batterie de l&rsquo;iPhone. Vous n&rsquo;avez pas \u00e0 vous soucier d&rsquo;endommager la batterie, car la batterie sera si l\u00e2che, la gravit\u00e9 pourrait l&rsquo;enlever. <\/p>\n<p>Comme l&rsquo;explique Ifixit, la technologie fonctionne en oxydant l&rsquo;adh\u00e9sif avec le courant \u00e9lectrique. Cela brise les liaisons qui rendent r\u00e9ellement l&rsquo;adh\u00e9sif de la colle, de sorte qu&rsquo;il ne colle plus \u00e0 la surface \u00e0 laquelle il \u00e9tait connect\u00e9. C&rsquo;est assez technique, et je ne suis pas un expert, mais c&rsquo;est <em>vraiment<\/em> Cool Tech &#8211; et quelque chose qui rend le remplacement de la batterie de votre iPhone 16, 16 Plus ou 16e plus s\u00fbr et plus facile.  <\/p>\n<p>Apple n&rsquo;a probablement pas apport\u00e9 ces modifications \u00e0 ses pr\u00e9occupations pour les clients. Au lieu de cela, il est probable en r\u00e9ponse \u00e0 une loi de l&rsquo;UE qui oblige les smartphones \u00e0 avoir des \u00ab\u00a0batteries rempla\u00e7ables\u00a0\u00bb d&rsquo;ici 2027. L&rsquo;Europe a eu une influence sur les d\u00e9cisions d&rsquo;Apple ces derni\u00e8res ann\u00e9es, obligeant l&rsquo;entreprise \u00e0 ouvrir bon nombre de ses plates-formes ferm\u00e9es, notamment en autorisant des magasins d&rsquo;applications et des navigateurs ind\u00e9pendants sur iOS.<\/p>\n<p>Cela dit, si vous poss\u00e9dez un iPhone 16 Pro ou 16 Pro Max, vous ne trouverez pas vos batteries plus faciles \u00e0 r\u00e9parer. Ces appareils sont toujours livr\u00e9s avec l&rsquo;adh\u00e9sif traditionnel de la batterie d&rsquo;Apple, donc leurs batteries sont tout aussi difficiles \u00e0 remplacer. On ne sait pas pourquoi Apple a choisi de sauter ce nouvel adh\u00e9sif sur les t\u00e9l\u00e9phones Pro, mais il est possible que cela teste simplement la technologie fra\u00eeche sur certains de leurs appareils, pas tous, en particulier alors qu&rsquo;il est encore temps avant que la loi de l&rsquo;UE ne prenne effet. Peut-\u00eatre que toute la ligne de l&rsquo;iPhone 17, Pro iPhones et tout, arborera des batteries faciles \u00e0 transporter. Pour l&rsquo;instant, il semble que ce ne sont que les mod\u00e8les les moins chers qui en b\u00e9n\u00e9ficient. <\/p>\n<h2 id=\"the-iphone-16e-has-some-added-repairability\">L&rsquo;iPhone 16E a une r\u00e9parabilit\u00e9 suppl\u00e9mentaire<\/h2>\n<p>En plus de ce nouvel adh\u00e9sif, Apple a ajout\u00e9 quelques avantages de r\u00e9paration suppl\u00e9mentaires au 16E. Le plus important est qu&rsquo;Apple a maintenant un guide pour r\u00e9parer le port de charge USB-C sur cet iPhone particulier, la premi\u00e8re fois que la soci\u00e9t\u00e9 a publi\u00e9 un manuel pour une telle r\u00e9paration.<\/p>\n<p>Cependant, comme indique qu&rsquo;Ifixit, cette r\u00e9paration est <em>pas<\/em> facile. Il s&rsquo;agit de retirer un certain nombre de composants iPhone sur le chemin du port, y compris le verre arri\u00e8re, la cam\u00e9ra avant, le haut-parleur sup\u00e9rieur, la batterie, entre autres; Soulevez la carte logique, <em>alors<\/em> Acc\u00e9dez au port USB-C pour le r\u00e9parer. C&rsquo;\u00e9tait apparemment la proc\u00e9dure auparavant, mais maintenant Apple a un guide \u00e9tape par \u00e9tape confirmant la difficult\u00e9 de la r\u00e9paration.<\/p>\n<p>Enfin, vous n&rsquo;avez pas besoin d&rsquo;\u00eatre aussi prudent lors de l&rsquo;ouverture du couvercle arri\u00e8re sur le 16E: l&rsquo;un des clips m\u00e9talliques qui maintient le couvercle arri\u00e8re en place prot\u00e8ge maintenant un c\u00e2ble flexible important. Avec d&rsquo;autres iPhones, vous pouvez facilement trancher ce c\u00e2ble tout en glissant des outils de s\u00e9lection dans le bo\u00eetier arri\u00e8re lors de l&rsquo;ouverture, mais le clip ici garantit que vous n&rsquo;endommagez pas le c\u00e2ble dans le processus.<\/p>\n","protected":false},"excerpt":{"rendered":"<p>Trois des appareils iPhone 16 ont des batteries beaucoup plus faciles \u00e0 remplacer. Toutes les batteries vieillissent et la batterie au lithium de votre iPhone<\/p>\n","protected":false},"author":1,"featured_media":5612,"comment_status":"","ping_status":"","sticky":false,"template":"","format":"standard","meta":{"footnotes":""},"categories":[13],"tags":[820,3914,912,652,14,99,1279,541,5667,110,5395],"class_list":["post-5611","post","type-post","status-publish","format-standard","has-post-thumbnail","hentry","category-technologie","tag-certains","tag-colle","tag-faciles","tag-iphone","tag-les","tag-qui","tag-rend","tag-reparer","tag-speciale","tag-une","tag-utilisent","generate-columns","tablet-grid-50","mobile-grid-100","grid-parent","grid-33"],"yoast_head":"<!-- This site is optimized with the Yoast SEO plugin v24.0 - https:\/\/yoast.com\/wordpress\/plugins\/seo\/ -->\n<title>Certains iPhone 16 utilisent une colle sp\u00e9ciale qui les rend plus faciles \u00e0 r\u00e9parer | Vie Associative<\/title>\n<meta name=\"robots\" content=\"index, follow, max-snippet:-1, max-image-preview:large, max-video-preview:-1\" \/>\n<link rel=\"canonical\" href=\"https:\/\/vieassociative.be\/actualites\/certains-iphone-16-utilisent-une-colle-speciale-qui-les-rend-plus-faciles-a-reparer\/\" \/>\n<meta property=\"og:locale\" content=\"fr_FR\" \/>\n<meta property=\"og:type\" content=\"article\" \/>\n<meta property=\"og:title\" content=\"Certains iPhone 16 utilisent une colle sp\u00e9ciale qui les rend plus faciles \u00e0 r\u00e9parer | Vie Associative\" \/>\n<meta property=\"og:description\" content=\"Trois des appareils iPhone 16 ont des batteries beaucoup plus faciles \u00e0 remplacer. Toutes les batteries vieillissent et la batterie au lithium de votre iPhone\" \/>\n<meta property=\"og:url\" content=\"https:\/\/vieassociative.be\/actualites\/certains-iphone-16-utilisent-une-colle-speciale-qui-les-rend-plus-faciles-a-reparer\/\" \/>\n<meta property=\"og:site_name\" content=\"Vie Associative\" \/>\n<meta property=\"article:published_time\" content=\"2025-03-05T01:19:36+00:00\" \/>\n<meta property=\"og:image\" content=\"https:\/\/vieassociative.be\/actualites\/wp-content\/uploads\/2024\/09\/header_backgroundk-01-e1726694325946.png\" \/>\n\t<meta property=\"og:image:width\" content=\"279\" \/>\n\t<meta property=\"og:image:height\" content=\"92\" \/>\n\t<meta property=\"og:image:type\" content=\"image\/png\" \/>\n<meta name=\"author\" content=\"Julien\" \/>\n<meta name=\"twitter:card\" content=\"summary_large_image\" \/>\n<meta name=\"twitter:label1\" content=\"\u00c9crit par\" \/>\n\t<meta name=\"twitter:data1\" content=\"Julien\" \/>\n\t<meta name=\"twitter:label2\" content=\"Dur\u00e9e de lecture est.\" \/>\n\t<meta name=\"twitter:data2\" content=\"5 minutes\" \/>\n<script type=\"application\/ld+json\" class=\"yoast-schema-graph\">{\"@context\":\"https:\/\/schema.org\",\"@graph\":[{\"@type\":\"Article\",\"@id\":\"https:\/\/vieassociative.be\/actualites\/certains-iphone-16-utilisent-une-colle-speciale-qui-les-rend-plus-faciles-a-reparer\/#article\",\"isPartOf\":{\"@id\":\"https:\/\/vieassociative.be\/actualites\/certains-iphone-16-utilisent-une-colle-speciale-qui-les-rend-plus-faciles-a-reparer\/\"},\"author\":{\"name\":\"Julien\",\"@id\":\"https:\/\/vieassociative.be\/actualites\/#\/schema\/person\/b87ac4f82f9d4e7b7cec7395b679edc4\"},\"headline\":\"Certains iPhone 16 utilisent une colle sp\u00e9ciale qui les rend plus faciles \u00e0 r\u00e9parer\",\"datePublished\":\"2025-03-05T01:19:36+00:00\",\"dateModified\":\"2025-03-05T01:19:36+00:00\",\"mainEntityOfPage\":{\"@id\":\"https:\/\/vieassociative.be\/actualites\/certains-iphone-16-utilisent-une-colle-speciale-qui-les-rend-plus-faciles-a-reparer\/\"},\"wordCount\":996,\"publisher\":{\"@id\":\"https:\/\/vieassociative.be\/actualites\/#organization\"},\"image\":{\"@id\":\"https:\/\/vieassociative.be\/actualites\/certains-iphone-16-utilisent-une-colle-speciale-qui-les-rend-plus-faciles-a-reparer\/#primaryimage\"},\"thumbnailUrl\":\"https:\/\/vieassociative.be\/actualites\/wp-content\/uploads\/2025\/03\/Certains-iPhone-16-utilisent-une-colle-speciale-qui-les-rend.jpg\",\"keywords\":[\"certains\",\"coll\u00e9\",\"faciles\",\"iPhone\",\"Les\",\"qui\",\"rend\",\"r\u00e9parer\",\"sp\u00e9ciale\",\"une\",\"utilisent\"],\"articleSection\":[\"Technologie\"],\"inLanguage\":\"fr-BE\"},{\"@type\":\"WebPage\",\"@id\":\"https:\/\/vieassociative.be\/actualites\/certains-iphone-16-utilisent-une-colle-speciale-qui-les-rend-plus-faciles-a-reparer\/\",\"url\":\"https:\/\/vieassociative.be\/actualites\/certains-iphone-16-utilisent-une-colle-speciale-qui-les-rend-plus-faciles-a-reparer\/\",\"name\":\"Certains iPhone 16 utilisent une colle sp\u00e9ciale qui les rend plus faciles \u00e0 r\u00e9parer | Vie Associative\",\"isPartOf\":{\"@id\":\"https:\/\/vieassociative.be\/actualites\/#website\"},\"primaryImageOfPage\":{\"@id\":\"https:\/\/vieassociative.be\/actualites\/certains-iphone-16-utilisent-une-colle-speciale-qui-les-rend-plus-faciles-a-reparer\/#primaryimage\"},\"image\":{\"@id\":\"https:\/\/vieassociative.be\/actualites\/certains-iphone-16-utilisent-une-colle-speciale-qui-les-rend-plus-faciles-a-reparer\/#primaryimage\"},\"thumbnailUrl\":\"https:\/\/vieassociative.be\/actualites\/wp-content\/uploads\/2025\/03\/Certains-iPhone-16-utilisent-une-colle-speciale-qui-les-rend.jpg\",\"datePublished\":\"2025-03-05T01:19:36+00:00\",\"dateModified\":\"2025-03-05T01:19:36+00:00\",\"breadcrumb\":{\"@id\":\"https:\/\/vieassociative.be\/actualites\/certains-iphone-16-utilisent-une-colle-speciale-qui-les-rend-plus-faciles-a-reparer\/#breadcrumb\"},\"inLanguage\":\"fr-BE\",\"potentialAction\":[{\"@type\":\"ReadAction\",\"target\":[\"https:\/\/vieassociative.be\/actualites\/certains-iphone-16-utilisent-une-colle-speciale-qui-les-rend-plus-faciles-a-reparer\/\"]}]},{\"@type\":\"ImageObject\",\"inLanguage\":\"fr-BE\",\"@id\":\"https:\/\/vieassociative.be\/actualites\/certains-iphone-16-utilisent-une-colle-speciale-qui-les-rend-plus-faciles-a-reparer\/#primaryimage\",\"url\":\"https:\/\/vieassociative.be\/actualites\/wp-content\/uploads\/2025\/03\/Certains-iPhone-16-utilisent-une-colle-speciale-qui-les-rend.jpg\",\"contentUrl\":\"https:\/\/vieassociative.be\/actualites\/wp-content\/uploads\/2025\/03\/Certains-iPhone-16-utilisent-une-colle-speciale-qui-les-rend.jpg\",\"width\":1200,\"height\":675,\"caption\":\"Certains iPhone 16 utilisent une colle sp\u00e9ciale qui les rend plus faciles \u00e0 r\u00e9parer\"},{\"@type\":\"BreadcrumbList\",\"@id\":\"https:\/\/vieassociative.be\/actualites\/certains-iphone-16-utilisent-une-colle-speciale-qui-les-rend-plus-faciles-a-reparer\/#breadcrumb\",\"itemListElement\":[{\"@type\":\"ListItem\",\"position\":1,\"name\":\"Accueil\",\"item\":\"https:\/\/vieassociative.be\/actualites\/\"},{\"@type\":\"ListItem\",\"position\":2,\"name\":\"Certains iPhone 16 utilisent une colle sp\u00e9ciale qui les rend plus faciles \u00e0 r\u00e9parer\"}]},{\"@type\":\"WebSite\",\"@id\":\"https:\/\/vieassociative.be\/actualites\/#website\",\"url\":\"https:\/\/vieassociative.be\/actualites\/\",\"name\":\"Vie Associative\",\"description\":\"\",\"publisher\":{\"@id\":\"https:\/\/vieassociative.be\/actualites\/#organization\"},\"potentialAction\":[{\"@type\":\"SearchAction\",\"target\":{\"@type\":\"EntryPoint\",\"urlTemplate\":\"https:\/\/vieassociative.be\/actualites\/?s={search_term_string}\"},\"query-input\":{\"@type\":\"PropertyValueSpecification\",\"valueRequired\":true,\"valueName\":\"search_term_string\"}}],\"inLanguage\":\"fr-BE\"},{\"@type\":\"Organization\",\"@id\":\"https:\/\/vieassociative.be\/actualites\/#organization\",\"name\":\"Vie Associative\",\"url\":\"https:\/\/vieassociative.be\/actualites\/\",\"logo\":{\"@type\":\"ImageObject\",\"inLanguage\":\"fr-BE\",\"@id\":\"https:\/\/vieassociative.be\/actualites\/#\/schema\/logo\/image\/\",\"url\":\"https:\/\/vieassociative.be\/actualites\/wp-content\/uploads\/2024\/09\/cropped-vieassociative_favicon.ico.png\",\"contentUrl\":\"https:\/\/vieassociative.be\/actualites\/wp-content\/uploads\/2024\/09\/cropped-vieassociative_favicon.ico.png\",\"width\":512,\"height\":512,\"caption\":\"Vie Associative\"},\"image\":{\"@id\":\"https:\/\/vieassociative.be\/actualites\/#\/schema\/logo\/image\/\"}},{\"@type\":\"Person\",\"@id\":\"https:\/\/vieassociative.be\/actualites\/#\/schema\/person\/b87ac4f82f9d4e7b7cec7395b679edc4\",\"name\":\"Julien\",\"image\":{\"@type\":\"ImageObject\",\"inLanguage\":\"fr-BE\",\"@id\":\"https:\/\/vieassociative.be\/actualites\/#\/schema\/person\/image\/\",\"url\":\"https:\/\/vieassociative.be\/actualites\/wp-content\/uploads\/2024\/09\/vie-associative-1-150x150.jpg\",\"contentUrl\":\"https:\/\/vieassociative.be\/actualites\/wp-content\/uploads\/2024\/09\/vie-associative-1-150x150.jpg\",\"caption\":\"Julien\"},\"description\":\"Je suis Julien, r\u00e9dacteur pour Vie Associative. Passionn\u00e9 par le monde associatif depuis plus de 10 ans, j'ai \u00e0 c\u0153ur de partager des histoires inspirantes et de mettre en lumi\u00e8re les initiatives locales. Mon objectif est de sensibiliser et d'encourager l'engagement communautaire \u00e0 travers mes articles.\",\"sameAs\":[\"https:\/\/vieassociative.be\/\"]}]}<\/script>\n<!-- \/ Yoast SEO plugin. -->","yoast_head_json":{"title":"Certains iPhone 16 utilisent une colle sp\u00e9ciale qui les rend plus faciles \u00e0 r\u00e9parer | Vie Associative","robots":{"index":"index","follow":"follow","max-snippet":"max-snippet:-1","max-image-preview":"max-image-preview:large","max-video-preview":"max-video-preview:-1"},"canonical":"https:\/\/vieassociative.be\/actualites\/certains-iphone-16-utilisent-une-colle-speciale-qui-les-rend-plus-faciles-a-reparer\/","og_locale":"fr_FR","og_type":"article","og_title":"Certains iPhone 16 utilisent une colle sp\u00e9ciale qui les rend plus faciles \u00e0 r\u00e9parer | Vie Associative","og_description":"Trois des appareils iPhone 16 ont des batteries beaucoup plus faciles \u00e0 remplacer. Toutes les batteries vieillissent et la batterie au lithium de votre iPhone","og_url":"https:\/\/vieassociative.be\/actualites\/certains-iphone-16-utilisent-une-colle-speciale-qui-les-rend-plus-faciles-a-reparer\/","og_site_name":"Vie Associative","article_published_time":"2025-03-05T01:19:36+00:00","og_image":[{"width":279,"height":92,"url":"https:\/\/vieassociative.be\/actualites\/wp-content\/uploads\/2024\/09\/header_backgroundk-01-e1726694325946.png","type":"image\/png"}],"author":"Julien","twitter_card":"summary_large_image","twitter_misc":{"\u00c9crit par":"Julien","Dur\u00e9e de lecture est.":"5 minutes"},"schema":{"@context":"https:\/\/schema.org","@graph":[{"@type":"Article","@id":"https:\/\/vieassociative.be\/actualites\/certains-iphone-16-utilisent-une-colle-speciale-qui-les-rend-plus-faciles-a-reparer\/#article","isPartOf":{"@id":"https:\/\/vieassociative.be\/actualites\/certains-iphone-16-utilisent-une-colle-speciale-qui-les-rend-plus-faciles-a-reparer\/"},"author":{"name":"Julien","@id":"https:\/\/vieassociative.be\/actualites\/#\/schema\/person\/b87ac4f82f9d4e7b7cec7395b679edc4"},"headline":"Certains iPhone 16 utilisent une colle sp\u00e9ciale qui les rend plus faciles \u00e0 r\u00e9parer","datePublished":"2025-03-05T01:19:36+00:00","dateModified":"2025-03-05T01:19:36+00:00","mainEntityOfPage":{"@id":"https:\/\/vieassociative.be\/actualites\/certains-iphone-16-utilisent-une-colle-speciale-qui-les-rend-plus-faciles-a-reparer\/"},"wordCount":996,"publisher":{"@id":"https:\/\/vieassociative.be\/actualites\/#organization"},"image":{"@id":"https:\/\/vieassociative.be\/actualites\/certains-iphone-16-utilisent-une-colle-speciale-qui-les-rend-plus-faciles-a-reparer\/#primaryimage"},"thumbnailUrl":"https:\/\/vieassociative.be\/actualites\/wp-content\/uploads\/2025\/03\/Certains-iPhone-16-utilisent-une-colle-speciale-qui-les-rend.jpg","keywords":["certains","coll\u00e9","faciles","iPhone","Les","qui","rend","r\u00e9parer","sp\u00e9ciale","une","utilisent"],"articleSection":["Technologie"],"inLanguage":"fr-BE"},{"@type":"WebPage","@id":"https:\/\/vieassociative.be\/actualites\/certains-iphone-16-utilisent-une-colle-speciale-qui-les-rend-plus-faciles-a-reparer\/","url":"https:\/\/vieassociative.be\/actualites\/certains-iphone-16-utilisent-une-colle-speciale-qui-les-rend-plus-faciles-a-reparer\/","name":"Certains iPhone 16 utilisent une colle sp\u00e9ciale qui les rend plus faciles \u00e0 r\u00e9parer | Vie Associative","isPartOf":{"@id":"https:\/\/vieassociative.be\/actualites\/#website"},"primaryImageOfPage":{"@id":"https:\/\/vieassociative.be\/actualites\/certains-iphone-16-utilisent-une-colle-speciale-qui-les-rend-plus-faciles-a-reparer\/#primaryimage"},"image":{"@id":"https:\/\/vieassociative.be\/actualites\/certains-iphone-16-utilisent-une-colle-speciale-qui-les-rend-plus-faciles-a-reparer\/#primaryimage"},"thumbnailUrl":"https:\/\/vieassociative.be\/actualites\/wp-content\/uploads\/2025\/03\/Certains-iPhone-16-utilisent-une-colle-speciale-qui-les-rend.jpg","datePublished":"2025-03-05T01:19:36+00:00","dateModified":"2025-03-05T01:19:36+00:00","breadcrumb":{"@id":"https:\/\/vieassociative.be\/actualites\/certains-iphone-16-utilisent-une-colle-speciale-qui-les-rend-plus-faciles-a-reparer\/#breadcrumb"},"inLanguage":"fr-BE","potentialAction":[{"@type":"ReadAction","target":["https:\/\/vieassociative.be\/actualites\/certains-iphone-16-utilisent-une-colle-speciale-qui-les-rend-plus-faciles-a-reparer\/"]}]},{"@type":"ImageObject","inLanguage":"fr-BE","@id":"https:\/\/vieassociative.be\/actualites\/certains-iphone-16-utilisent-une-colle-speciale-qui-les-rend-plus-faciles-a-reparer\/#primaryimage","url":"https:\/\/vieassociative.be\/actualites\/wp-content\/uploads\/2025\/03\/Certains-iPhone-16-utilisent-une-colle-speciale-qui-les-rend.jpg","contentUrl":"https:\/\/vieassociative.be\/actualites\/wp-content\/uploads\/2025\/03\/Certains-iPhone-16-utilisent-une-colle-speciale-qui-les-rend.jpg","width":1200,"height":675,"caption":"Certains iPhone 16 utilisent une colle sp\u00e9ciale qui les rend plus faciles \u00e0 r\u00e9parer"},{"@type":"BreadcrumbList","@id":"https:\/\/vieassociative.be\/actualites\/certains-iphone-16-utilisent-une-colle-speciale-qui-les-rend-plus-faciles-a-reparer\/#breadcrumb","itemListElement":[{"@type":"ListItem","position":1,"name":"Accueil","item":"https:\/\/vieassociative.be\/actualites\/"},{"@type":"ListItem","position":2,"name":"Certains iPhone 16 utilisent une colle sp\u00e9ciale qui les rend plus faciles \u00e0 r\u00e9parer"}]},{"@type":"WebSite","@id":"https:\/\/vieassociative.be\/actualites\/#website","url":"https:\/\/vieassociative.be\/actualites\/","name":"Vie Associative","description":"","publisher":{"@id":"https:\/\/vieassociative.be\/actualites\/#organization"},"potentialAction":[{"@type":"SearchAction","target":{"@type":"EntryPoint","urlTemplate":"https:\/\/vieassociative.be\/actualites\/?s={search_term_string}"},"query-input":{"@type":"PropertyValueSpecification","valueRequired":true,"valueName":"search_term_string"}}],"inLanguage":"fr-BE"},{"@type":"Organization","@id":"https:\/\/vieassociative.be\/actualites\/#organization","name":"Vie Associative","url":"https:\/\/vieassociative.be\/actualites\/","logo":{"@type":"ImageObject","inLanguage":"fr-BE","@id":"https:\/\/vieassociative.be\/actualites\/#\/schema\/logo\/image\/","url":"https:\/\/vieassociative.be\/actualites\/wp-content\/uploads\/2024\/09\/cropped-vieassociative_favicon.ico.png","contentUrl":"https:\/\/vieassociative.be\/actualites\/wp-content\/uploads\/2024\/09\/cropped-vieassociative_favicon.ico.png","width":512,"height":512,"caption":"Vie Associative"},"image":{"@id":"https:\/\/vieassociative.be\/actualites\/#\/schema\/logo\/image\/"}},{"@type":"Person","@id":"https:\/\/vieassociative.be\/actualites\/#\/schema\/person\/b87ac4f82f9d4e7b7cec7395b679edc4","name":"Julien","image":{"@type":"ImageObject","inLanguage":"fr-BE","@id":"https:\/\/vieassociative.be\/actualites\/#\/schema\/person\/image\/","url":"https:\/\/vieassociative.be\/actualites\/wp-content\/uploads\/2024\/09\/vie-associative-1-150x150.jpg","contentUrl":"https:\/\/vieassociative.be\/actualites\/wp-content\/uploads\/2024\/09\/vie-associative-1-150x150.jpg","caption":"Julien"},"description":"Je suis Julien, r\u00e9dacteur pour Vie Associative. Passionn\u00e9 par le monde associatif depuis plus de 10 ans, j'ai \u00e0 c\u0153ur de partager des histoires inspirantes et de mettre en lumi\u00e8re les initiatives locales. Mon objectif est de sensibiliser et d'encourager l'engagement communautaire \u00e0 travers mes articles.","sameAs":["https:\/\/vieassociative.be\/"]}]}},"_links":{"self":[{"href":"https:\/\/vieassociative.be\/actualites\/wp-json\/wp\/v2\/posts\/5611"}],"collection":[{"href":"https:\/\/vieassociative.be\/actualites\/wp-json\/wp\/v2\/posts"}],"about":[{"href":"https:\/\/vieassociative.be\/actualites\/wp-json\/wp\/v2\/types\/post"}],"author":[{"embeddable":true,"href":"https:\/\/vieassociative.be\/actualites\/wp-json\/wp\/v2\/users\/1"}],"replies":[{"embeddable":true,"href":"https:\/\/vieassociative.be\/actualites\/wp-json\/wp\/v2\/comments?post=5611"}],"version-history":[{"count":0,"href":"https:\/\/vieassociative.be\/actualites\/wp-json\/wp\/v2\/posts\/5611\/revisions"}],"wp:featuredmedia":[{"embeddable":true,"href":"https:\/\/vieassociative.be\/actualites\/wp-json\/wp\/v2\/media\/5612"}],"wp:attachment":[{"href":"https:\/\/vieassociative.be\/actualites\/wp-json\/wp\/v2\/media?parent=5611"}],"wp:term":[{"taxonomy":"category","embeddable":true,"href":"https:\/\/vieassociative.be\/actualites\/wp-json\/wp\/v2\/categories?post=5611"},{"taxonomy":"post_tag","embeddable":true,"href":"https:\/\/vieassociative.be\/actualites\/wp-json\/wp\/v2\/tags?post=5611"}],"curies":[{"name":"wp","href":"https:\/\/api.w.org\/{rel}","templated":true}]}}