{"id":5609,"date":"2025-03-05T01:20:08","date_gmt":"2025-03-05T00:20:08","guid":{"rendered":"https:\/\/vieassociative.be\/actualites\/nachetez-pas-le-nouvel-ipad-air\/"},"modified":"2025-03-05T01:20:08","modified_gmt":"2025-03-05T00:20:08","slug":"nachetez-pas-le-nouvel-ipad-air","status":"publish","type":"post","link":"https:\/\/vieassociative.be\/actualites\/nachetez-pas-le-nouvel-ipad-air\/","title":{"rendered":"N&rsquo;achetez pas le nouvel iPad Air"},"content":{"rendered":"<div class=\"mt-4 leading-6 md:mb-8\">Le dernier iPad Air d&rsquo;Apple est super. Ne l&rsquo;achetez pas.<\/div>\n<p><\/p>\n<p>Lorsque Tim Cook a publi\u00e9 \u00ab\u00a0Il y a quelque chose dans les airs\u00a0\u00bb sur X cette semaine, cela a sembl\u00e9 impliquer que la soci\u00e9t\u00e9 abandonnait bient\u00f4t le M4 MacBook Air tr\u00e8s attendu. Apr\u00e8s tout, c&rsquo;est le seul Mac majeur (\u00e0 part le studio Mac) qu&rsquo;Apple n&rsquo;a pas mis \u00e0 niveau avec la puce M4, il est donc logique que la soci\u00e9t\u00e9 actualiserait la ligne. Il s&rsquo;av\u00e8re cependant que Apple avait un plan diff\u00e9rent pour les consommateurs. Si vous voulez un nouveau MacBook Air, vous devrez toujours vous contenter de la puce M3. Si vous voulez un nouvel iPad Air, cependant, vous avez de la chance.<\/p>\n<p>Mardi, Apple a annonc\u00e9 deux nouveaux iPads: un iPad Air, qui arbore maintenant la puce M3 et un iPad de base, qui g\u00e8re d\u00e9sormais la puce A16. Comme pour tous les nouveaux appareils, ces deux nouveaux iPads sont livr\u00e9s avec des avantages Perks pr\u00e9c\u00e9dents, et, en tant que tel, cela peut sembler \u00eatre le choix logique pour quiconque recherche une nouvelle tablette Apple \u00e0 ramasser. Si vous aviez un \u0153il sur un nouvel iPad Air, le M3 serait le meilleur, non? Le fait est que je ne pense pas. <\/p>\n<h2 id=\"not-much-new-with-the-m3-ipad-air\">Pas beaucoup de nouveau avec le M3 iPad Air<\/h2>\n<p>Objectivement, oui: ce nouvel iPad Air est le meilleur qu&rsquo;Apple ait jamais fait. Il a la puce M3 d&rsquo;Apple, qui dit qu&rsquo;Apple est presque deux fois plus rapide que l&rsquo;iPad Air M1 (remarquez comment ils sautent le <em>M2<\/em> iPad Air ici). Cette puce M3 permet le tra\u00e7age de rayons acc\u00e9l\u00e9r\u00e9 par le mat\u00e9riel, une premi\u00e8re pour l&rsquo;iPad Air, donc les effets d&rsquo;\u00e9clairage dans les jeux et les applications graphiquement intensives devraient \u00eatre plus belles.<\/p>\n<p>Le fait est que la puce M3 est la seule chose qui est nouvelle dans cet ipad air. Tout le reste est exactement le m\u00eame qu&rsquo;avec le M2 iPad Air: vous avez votre choix entre un appareil de 11 pouces et 13 pouces, dans les quatre m\u00eames options de couleurs; Les \u00e9crans sont identiques, que vous alliez M2 ou M3; Les cam\u00e9ras avant et arri\u00e8re sont exactement les m\u00eames; Les deux utilisent USB-C et Touch ID dans le bouton sup\u00e9rieur (pas d&rsquo;ID de face sur ces iPads); Les deux appareils sont compatibles avec Apple Intelligence (si vous vous souciez m\u00eame de cela); Les deux ont la m\u00eame dur\u00e9e de vie de la batterie; Et les deux prennent en charge les m\u00eames crayons de pomme. Si quelqu&rsquo;un pla\u00e7ait les deux iPads c\u00f4te \u00e0 c\u00f4te, vous ne sauriez jamais lequel \u00e9tait lequel. <\/p>\n<p>En fait, si vous avez utilis\u00e9 ces iPads c\u00f4te \u00e0 c\u00f4te pour un <em>semaine<\/em>vous ne seriez probablement pas en mesure de dire lequel \u00e9tait lequel. Bien que la puce M3 soit plus rapide que la puce M2, elle ne ressentira probablement pas de cette fa\u00e7on dans l&rsquo;utilisation du monde r\u00e9el, \u00e9tant donn\u00e9 que les puces ici ont le m\u00eame nombre de c\u0153urs CPU et GPU. La puce M3 dans le MacBook Air, en revanche, a deux c\u0153urs GPU suppl\u00e9mentaires par rapport au M2 MacBook Air. En tant que telle, la diff\u00e9rence de performance entre ces deux iPads sera moins &#8211; ce qui est \u00e0 dire, imperceptible pour la grande majorit\u00e9 des personnes qui utilisent un iPad.<\/p>\n<p>Donc, oui, l&rsquo;iPad Air M3 est le meilleur que vous puissiez acheter. Mais c&rsquo;est parce que c&rsquo;est <em>l\u00e9g\u00e8rement<\/em> am\u00e9liore la pomme de comprim\u00e9s d\u00e9j\u00e0 grande fabriqu\u00e9e dans le dernier rotation, qui ne fait vraiment que <em>l\u00e9g\u00e8rement<\/em> am\u00e9lior\u00e9 la tablette qui l&rsquo;avait pr\u00e9c\u00e9d\u00e9e. Le seul autre nouvel annonce d&rsquo;iPad Air fait mardi \u00e9tait un clavier magique actualis\u00e9, mais m\u00eame il est compatible avec les anciens mod\u00e8les iPad Air. <\/p>\n<h2 id=\"you-should-buy-an-old-ipad\">Vous devriez acheter un ancien iPad<\/h2>\n<p>J&rsquo;adore mon iPad. Je l&rsquo;utilise tous les jours pour rattraper les nouvelles, envoyer des messages \u00e0 des amis et parcourir le Web. Il n&rsquo;y avait aucune raison pour laquelle j&rsquo;avais besoin d&rsquo;une puce M1 pour alimenter ces t\u00e2ches en 2021 lorsque j&rsquo;ai achet\u00e9 la tablette, et, pour \u00eatre honn\u00eate, pratiquement aucune raison pour laquelle j&rsquo;ai besoin de cette puce M1 en 2025. Tout ce que je fais sur un iPad, mon iPad Air \u00e0 partir de 2014 pourrait probablement g\u00e9rer (bien que <em>tr\u00e8s<\/em> lentement).<\/p>\n<p>C&rsquo;est un probl\u00e8me qui afflige la ligne iPad en g\u00e9n\u00e9ral. Apple construit ces tablettes avec du mat\u00e9riel incroyable, une combinaison fantastique d&rsquo;\u00e9cran de haute qualit\u00e9 et de processeurs puissants &#8211; et pourtant, tout alimente la m\u00eame version gonfl\u00e9e d&rsquo;iOS. Les iPados, pour la plupart, ne peuvent tout simplement pas pousser les puces de la s\u00e9rie M n&rsquo;importe o\u00f9 pr\u00e8s de leurs limites. Bien s\u00fbr, il existe des applications professionnelles et des jeux exigeants disponibles sur l&rsquo;App Store pour donner \u00e0 votre iPad quelque chose avec lequel travailler. Mais vraiment, les iPados n&rsquo;ont rien pour mon iPad Pro M1 \u00e0 g\u00e9rer, m\u00eame lorsque j&rsquo;ai plusieurs fen\u00eatres ouvertes \u00e0 la fois avec le gestionnaire de sc\u00e8ne. <\/p>\n<p>Le fait est que vous n&rsquo;avez probablement pas besoin de la puce M3 dans le dernier iPad Air. Enfer, vous n&rsquo;avez probablement pas besoin de la puce M2. Mais si vous recherchez un nouvel iPad Air en mars 2025, je recommande fortement de chercher ce dernier. <\/p>\n<p>Maintenant qu&rsquo;Apple est pass\u00e9 \u00e0 un nouveau mod\u00e8le d&rsquo;iPad Air (au m\u00eame prix de 599 $, pas moins), la version M2 est susceptible de voir des remises d\u00e9centes dans divers magasins. Le nouvel iPad Air n&rsquo;est pas pr\u00e9vu avant le 12 mars, vous devrez donc peut-\u00eatre lui donner un peu de temps, mais attendez-vous \u00e0 des magasins comme Amazon et Best Buy pour r\u00e9duire le prix de l&rsquo;ancien mod\u00e8le tout en vendant le plus r\u00e9cent au prix plein. M\u00eame aujourd&rsquo;hui, vous pouvez obtenir un iPad Air de 256 Go pour 649 $ sur Amazon, ce qui double le stockage de l&rsquo;air du mod\u00e8le de base pour 50 $ suppl\u00e9mentaires. <\/p>\n<h2 id=\"consider-an-ipad\">Consid\u00e9rez un iPad<\/h2>\n<p>Permettez-moi de reformuler: consid\u00e9rez l&rsquo;iPad d&rsquo;entr\u00e9e de gamme, qu&rsquo;Apple appelle confuse \u00abiPad\u00bb.<\/p>\n<p>Aux c\u00f4t\u00e9s de l&rsquo;iPad Air M3, Apple a \u00e9galement abandonn\u00e9 l&rsquo;iPad de 11e g\u00e9n\u00e9ration. Comme l&rsquo;air, ce nouvel iPad ne change pas autant par rapport \u00e0 l&rsquo;iPad de 10e g\u00e9n\u00e9ration. Il y a vraiment deux grands changements, et un petit: l&rsquo;\u00e9cran est de 0,1 pouces plus grand sur le nouvel iPad (assez petit); Le mod\u00e8le de base double le stockage de 64 Go d\u00e9licat \u00e0 128 Go utilisable (sans modifier le prix); Et le nouveau ex\u00e9cute la puce A16 trouv\u00e9e dans l&rsquo;iPhone 14 Pro et l&rsquo;iPhone 15, qui devrait offrir une bosse de performance d\u00e9cente sur l&rsquo;A14 dans l&rsquo;iPad de la 10e g\u00e9n\u00e9ration.    <\/p>\n<p>Le reste est \u00e0 peu pr\u00e8s le m\u00eame: un affichage d\u00e9cent et lumineux; une dur\u00e9e de vie de la batterie de neuf \u00e0 10 heures; Charge USB-C; cam\u00e9ras avant et arri\u00e8re identiques; le m\u00eame support de crayon Apple. Le nouvel iPad laisse quelques choses en retard: il abandonne la machine \u00e0 sous Nano-SIM en faveur de s&rsquo;appuyer enti\u00e8rement sur ESIM, tout en perdant \u00e9galement le support pour un vrai ton sur la fonction Flash Retina. Mais il prend en charge Smart HDR 4 sur le Smart HDR 3 de l&rsquo;iPad de la 10e g\u00e9n\u00e9ration.<\/p>\n<p>Mais cela entre dans le Nitty-Gritty: l&rsquo;iPad de 11e g\u00e9n\u00e9ration repr\u00e9sente le meilleur iPad pour la plupart des gens, tant que vous pouvez vivre sans certains avantages que l&rsquo;iPad Air (ou m\u00eame l&rsquo;iPad Pro). Vous n&rsquo;obtiendrez pas l&rsquo;affichage de la meilleure qualit\u00e9 dans la gamme d&rsquo;Apple ou le processeur le plus rapide. Mais cette puce A16 va \u00eatre plus que suffisante pour ex\u00e9cuter les iPados pour les ann\u00e9es \u00e0 venir.<\/p>\n<p>Le m\u00eame principe d&rsquo;achat dont j&rsquo;ai discut\u00e9 avec l&rsquo;iPad Air s&rsquo;applique \u00e9galement ici: les magasins vont probablement r\u00e9duire l&rsquo;iPad de la 10e g\u00e9n\u00e9ration une fois qu&rsquo;Apple commencera \u00e0 vendre la 11e g\u00e9n\u00e9ration. J&rsquo;encourage tous ceux qui souhaitent un iPad pour les t\u00e2ches de base de l&rsquo;iPad \u00e0 essayer cette voie, mais je pense \u00e9galement que l&rsquo;iPad de la 11e g\u00e9n\u00e9ration est un assez bon rapport qualit\u00e9 \/ prix. M\u00eame face aux tarifs, Apple n&rsquo;a pas augment\u00e9 le prix sur l&rsquo;iPad, tout en doublant le stockage \u00e0 128 Go. Cela signifie que vous obtenez une superbe tablette Apple polyvalente pour 349 $, 250 $ de moins qu&rsquo;un iPad Air. Vous pouvez utiliser ces \u00e9conomies pour acheter un clavier magique et un crayon Apple, ou tout simplement empocher le reste et profiter de l&rsquo;iPad lui-m\u00eame. <\/p>\n<p>\u00c0 la fin de la journ\u00e9e, aucun des iPad d&rsquo;Apple n&rsquo;est un mauvais achat, mais si chaque niveau offre des avantages et des fonctionnalit\u00e9s suppl\u00e9mentaires que vous pouvez ou non, l&rsquo;exp\u00e9rience globale de l&rsquo;iPad est la m\u00eame. La question est de savoir combien de avantages et de fonctionnalit\u00e9s pouvez-vous couper, tout en profitant de l&rsquo;exp\u00e9rience globale autant que vous le feriez avec le mod\u00e8le plus cher? Pour la grande majorit\u00e9 des gens, je dirais que la r\u00e9ponse est l&rsquo;iPad de la 11e g\u00e9n\u00e9ration. Mais, si possible, dirigez-vous vers votre magasin Apple ou votre point de vente local pour les essayer par vous-m\u00eame. <\/p>\n","protected":false},"excerpt":{"rendered":"<p>Le dernier iPad Air d&rsquo;Apple est super. Ne l&rsquo;achetez pas. Lorsque Tim Cook a publi\u00e9 \u00ab\u00a0Il y a quelque chose dans les airs\u00a0\u00bb sur X<\/p>\n","protected":false},"author":1,"featured_media":5610,"comment_status":"","ping_status":"","sticky":false,"template":"","format":"standard","meta":{"footnotes":""},"categories":[13],"tags":[1327,1915,2169,929,126],"class_list":["post-5609","post","type-post","status-publish","format-standard","has-post-thumbnail","hentry","category-technologie","tag-air","tag-ipad","tag-nachetez","tag-nouvel","tag-pas","generate-columns","tablet-grid-50","mobile-grid-100","grid-parent","grid-33"],"yoast_head":"<!-- This site is optimized with the Yoast SEO plugin v24.0 - https:\/\/yoast.com\/wordpress\/plugins\/seo\/ -->\n<title>N&#039;achetez pas le nouvel iPad Air | Vie Associative<\/title>\n<meta name=\"robots\" content=\"index, follow, max-snippet:-1, max-image-preview:large, max-video-preview:-1\" \/>\n<link rel=\"canonical\" href=\"https:\/\/vieassociative.be\/actualites\/nachetez-pas-le-nouvel-ipad-air\/\" \/>\n<meta property=\"og:locale\" content=\"fr_FR\" \/>\n<meta property=\"og:type\" content=\"article\" \/>\n<meta property=\"og:title\" content=\"N&#039;achetez pas le nouvel iPad Air | Vie Associative\" \/>\n<meta property=\"og:description\" content=\"Le dernier iPad Air d&rsquo;Apple est super. Ne l&rsquo;achetez pas. Lorsque Tim Cook a publi\u00e9 \u00ab\u00a0Il y a quelque chose dans les airs\u00a0\u00bb sur X\" \/>\n<meta property=\"og:url\" content=\"https:\/\/vieassociative.be\/actualites\/nachetez-pas-le-nouvel-ipad-air\/\" \/>\n<meta property=\"og:site_name\" content=\"Vie Associative\" \/>\n<meta property=\"article:published_time\" content=\"2025-03-05T00:20:08+00:00\" \/>\n<meta property=\"og:image\" content=\"https:\/\/vieassociative.be\/actualites\/wp-content\/uploads\/2024\/09\/header_backgroundk-01-e1726694325946.png\" \/>\n\t<meta property=\"og:image:width\" content=\"279\" \/>\n\t<meta property=\"og:image:height\" content=\"92\" \/>\n\t<meta property=\"og:image:type\" content=\"image\/png\" \/>\n<meta name=\"author\" content=\"Julien\" \/>\n<meta name=\"twitter:card\" content=\"summary_large_image\" \/>\n<meta name=\"twitter:label1\" content=\"\u00c9crit par\" \/>\n\t<meta name=\"twitter:data1\" content=\"Julien\" \/>\n\t<meta name=\"twitter:label2\" content=\"Dur\u00e9e de lecture est.\" \/>\n\t<meta name=\"twitter:data2\" content=\"8 minutes\" \/>\n<script type=\"application\/ld+json\" class=\"yoast-schema-graph\">{\"@context\":\"https:\/\/schema.org\",\"@graph\":[{\"@type\":\"Article\",\"@id\":\"https:\/\/vieassociative.be\/actualites\/nachetez-pas-le-nouvel-ipad-air\/#article\",\"isPartOf\":{\"@id\":\"https:\/\/vieassociative.be\/actualites\/nachetez-pas-le-nouvel-ipad-air\/\"},\"author\":{\"name\":\"Julien\",\"@id\":\"https:\/\/vieassociative.be\/actualites\/#\/schema\/person\/b87ac4f82f9d4e7b7cec7395b679edc4\"},\"headline\":\"N&rsquo;achetez pas le nouvel iPad Air\",\"datePublished\":\"2025-03-05T00:20:08+00:00\",\"dateModified\":\"2025-03-05T00:20:08+00:00\",\"mainEntityOfPage\":{\"@id\":\"https:\/\/vieassociative.be\/actualites\/nachetez-pas-le-nouvel-ipad-air\/\"},\"wordCount\":1660,\"publisher\":{\"@id\":\"https:\/\/vieassociative.be\/actualites\/#organization\"},\"image\":{\"@id\":\"https:\/\/vieassociative.be\/actualites\/nachetez-pas-le-nouvel-ipad-air\/#primaryimage\"},\"thumbnailUrl\":\"https:\/\/vieassociative.be\/actualites\/wp-content\/uploads\/2025\/03\/Nachetez-pas-le-nouvel-iPad-Air.jpg\",\"keywords\":[\"air\",\"iPad\",\"Nachetez\",\"nouvel\",\"pas\"],\"articleSection\":[\"Technologie\"],\"inLanguage\":\"fr-BE\"},{\"@type\":\"WebPage\",\"@id\":\"https:\/\/vieassociative.be\/actualites\/nachetez-pas-le-nouvel-ipad-air\/\",\"url\":\"https:\/\/vieassociative.be\/actualites\/nachetez-pas-le-nouvel-ipad-air\/\",\"name\":\"N'achetez pas le nouvel iPad Air | Vie Associative\",\"isPartOf\":{\"@id\":\"https:\/\/vieassociative.be\/actualites\/#website\"},\"primaryImageOfPage\":{\"@id\":\"https:\/\/vieassociative.be\/actualites\/nachetez-pas-le-nouvel-ipad-air\/#primaryimage\"},\"image\":{\"@id\":\"https:\/\/vieassociative.be\/actualites\/nachetez-pas-le-nouvel-ipad-air\/#primaryimage\"},\"thumbnailUrl\":\"https:\/\/vieassociative.be\/actualites\/wp-content\/uploads\/2025\/03\/Nachetez-pas-le-nouvel-iPad-Air.jpg\",\"datePublished\":\"2025-03-05T00:20:08+00:00\",\"dateModified\":\"2025-03-05T00:20:08+00:00\",\"breadcrumb\":{\"@id\":\"https:\/\/vieassociative.be\/actualites\/nachetez-pas-le-nouvel-ipad-air\/#breadcrumb\"},\"inLanguage\":\"fr-BE\",\"potentialAction\":[{\"@type\":\"ReadAction\",\"target\":[\"https:\/\/vieassociative.be\/actualites\/nachetez-pas-le-nouvel-ipad-air\/\"]}]},{\"@type\":\"ImageObject\",\"inLanguage\":\"fr-BE\",\"@id\":\"https:\/\/vieassociative.be\/actualites\/nachetez-pas-le-nouvel-ipad-air\/#primaryimage\",\"url\":\"https:\/\/vieassociative.be\/actualites\/wp-content\/uploads\/2025\/03\/Nachetez-pas-le-nouvel-iPad-Air.jpg\",\"contentUrl\":\"https:\/\/vieassociative.be\/actualites\/wp-content\/uploads\/2025\/03\/Nachetez-pas-le-nouvel-iPad-Air.jpg\",\"width\":1200,\"height\":674,\"caption\":\"N'achetez pas le nouvel iPad Air\"},{\"@type\":\"BreadcrumbList\",\"@id\":\"https:\/\/vieassociative.be\/actualites\/nachetez-pas-le-nouvel-ipad-air\/#breadcrumb\",\"itemListElement\":[{\"@type\":\"ListItem\",\"position\":1,\"name\":\"Accueil\",\"item\":\"https:\/\/vieassociative.be\/actualites\/\"},{\"@type\":\"ListItem\",\"position\":2,\"name\":\"N&rsquo;achetez pas le nouvel iPad Air\"}]},{\"@type\":\"WebSite\",\"@id\":\"https:\/\/vieassociative.be\/actualites\/#website\",\"url\":\"https:\/\/vieassociative.be\/actualites\/\",\"name\":\"Vie Associative\",\"description\":\"\",\"publisher\":{\"@id\":\"https:\/\/vieassociative.be\/actualites\/#organization\"},\"potentialAction\":[{\"@type\":\"SearchAction\",\"target\":{\"@type\":\"EntryPoint\",\"urlTemplate\":\"https:\/\/vieassociative.be\/actualites\/?s={search_term_string}\"},\"query-input\":{\"@type\":\"PropertyValueSpecification\",\"valueRequired\":true,\"valueName\":\"search_term_string\"}}],\"inLanguage\":\"fr-BE\"},{\"@type\":\"Organization\",\"@id\":\"https:\/\/vieassociative.be\/actualites\/#organization\",\"name\":\"Vie Associative\",\"url\":\"https:\/\/vieassociative.be\/actualites\/\",\"logo\":{\"@type\":\"ImageObject\",\"inLanguage\":\"fr-BE\",\"@id\":\"https:\/\/vieassociative.be\/actualites\/#\/schema\/logo\/image\/\",\"url\":\"https:\/\/vieassociative.be\/actualites\/wp-content\/uploads\/2024\/09\/cropped-vieassociative_favicon.ico.png\",\"contentUrl\":\"https:\/\/vieassociative.be\/actualites\/wp-content\/uploads\/2024\/09\/cropped-vieassociative_favicon.ico.png\",\"width\":512,\"height\":512,\"caption\":\"Vie Associative\"},\"image\":{\"@id\":\"https:\/\/vieassociative.be\/actualites\/#\/schema\/logo\/image\/\"}},{\"@type\":\"Person\",\"@id\":\"https:\/\/vieassociative.be\/actualites\/#\/schema\/person\/b87ac4f82f9d4e7b7cec7395b679edc4\",\"name\":\"Julien\",\"image\":{\"@type\":\"ImageObject\",\"inLanguage\":\"fr-BE\",\"@id\":\"https:\/\/vieassociative.be\/actualites\/#\/schema\/person\/image\/\",\"url\":\"https:\/\/vieassociative.be\/actualites\/wp-content\/uploads\/2024\/09\/vie-associative-1-150x150.jpg\",\"contentUrl\":\"https:\/\/vieassociative.be\/actualites\/wp-content\/uploads\/2024\/09\/vie-associative-1-150x150.jpg\",\"caption\":\"Julien\"},\"description\":\"Je suis Julien, r\u00e9dacteur pour Vie Associative. Passionn\u00e9 par le monde associatif depuis plus de 10 ans, j'ai \u00e0 c\u0153ur de partager des histoires inspirantes et de mettre en lumi\u00e8re les initiatives locales. Mon objectif est de sensibiliser et d'encourager l'engagement communautaire \u00e0 travers mes articles.\",\"sameAs\":[\"https:\/\/vieassociative.be\/\"]}]}<\/script>\n<!-- \/ Yoast SEO plugin. -->","yoast_head_json":{"title":"N'achetez pas le nouvel iPad Air | Vie Associative","robots":{"index":"index","follow":"follow","max-snippet":"max-snippet:-1","max-image-preview":"max-image-preview:large","max-video-preview":"max-video-preview:-1"},"canonical":"https:\/\/vieassociative.be\/actualites\/nachetez-pas-le-nouvel-ipad-air\/","og_locale":"fr_FR","og_type":"article","og_title":"N'achetez pas le nouvel iPad Air | Vie Associative","og_description":"Le dernier iPad Air d&rsquo;Apple est super. Ne l&rsquo;achetez pas. Lorsque Tim Cook a publi\u00e9 \u00ab\u00a0Il y a quelque chose dans les airs\u00a0\u00bb sur X","og_url":"https:\/\/vieassociative.be\/actualites\/nachetez-pas-le-nouvel-ipad-air\/","og_site_name":"Vie Associative","article_published_time":"2025-03-05T00:20:08+00:00","og_image":[{"width":279,"height":92,"url":"https:\/\/vieassociative.be\/actualites\/wp-content\/uploads\/2024\/09\/header_backgroundk-01-e1726694325946.png","type":"image\/png"}],"author":"Julien","twitter_card":"summary_large_image","twitter_misc":{"\u00c9crit par":"Julien","Dur\u00e9e de lecture est.":"8 minutes"},"schema":{"@context":"https:\/\/schema.org","@graph":[{"@type":"Article","@id":"https:\/\/vieassociative.be\/actualites\/nachetez-pas-le-nouvel-ipad-air\/#article","isPartOf":{"@id":"https:\/\/vieassociative.be\/actualites\/nachetez-pas-le-nouvel-ipad-air\/"},"author":{"name":"Julien","@id":"https:\/\/vieassociative.be\/actualites\/#\/schema\/person\/b87ac4f82f9d4e7b7cec7395b679edc4"},"headline":"N&rsquo;achetez pas le nouvel iPad Air","datePublished":"2025-03-05T00:20:08+00:00","dateModified":"2025-03-05T00:20:08+00:00","mainEntityOfPage":{"@id":"https:\/\/vieassociative.be\/actualites\/nachetez-pas-le-nouvel-ipad-air\/"},"wordCount":1660,"publisher":{"@id":"https:\/\/vieassociative.be\/actualites\/#organization"},"image":{"@id":"https:\/\/vieassociative.be\/actualites\/nachetez-pas-le-nouvel-ipad-air\/#primaryimage"},"thumbnailUrl":"https:\/\/vieassociative.be\/actualites\/wp-content\/uploads\/2025\/03\/Nachetez-pas-le-nouvel-iPad-Air.jpg","keywords":["air","iPad","Nachetez","nouvel","pas"],"articleSection":["Technologie"],"inLanguage":"fr-BE"},{"@type":"WebPage","@id":"https:\/\/vieassociative.be\/actualites\/nachetez-pas-le-nouvel-ipad-air\/","url":"https:\/\/vieassociative.be\/actualites\/nachetez-pas-le-nouvel-ipad-air\/","name":"N'achetez pas le nouvel iPad Air | Vie Associative","isPartOf":{"@id":"https:\/\/vieassociative.be\/actualites\/#website"},"primaryImageOfPage":{"@id":"https:\/\/vieassociative.be\/actualites\/nachetez-pas-le-nouvel-ipad-air\/#primaryimage"},"image":{"@id":"https:\/\/vieassociative.be\/actualites\/nachetez-pas-le-nouvel-ipad-air\/#primaryimage"},"thumbnailUrl":"https:\/\/vieassociative.be\/actualites\/wp-content\/uploads\/2025\/03\/Nachetez-pas-le-nouvel-iPad-Air.jpg","datePublished":"2025-03-05T00:20:08+00:00","dateModified":"2025-03-05T00:20:08+00:00","breadcrumb":{"@id":"https:\/\/vieassociative.be\/actualites\/nachetez-pas-le-nouvel-ipad-air\/#breadcrumb"},"inLanguage":"fr-BE","potentialAction":[{"@type":"ReadAction","target":["https:\/\/vieassociative.be\/actualites\/nachetez-pas-le-nouvel-ipad-air\/"]}]},{"@type":"ImageObject","inLanguage":"fr-BE","@id":"https:\/\/vieassociative.be\/actualites\/nachetez-pas-le-nouvel-ipad-air\/#primaryimage","url":"https:\/\/vieassociative.be\/actualites\/wp-content\/uploads\/2025\/03\/Nachetez-pas-le-nouvel-iPad-Air.jpg","contentUrl":"https:\/\/vieassociative.be\/actualites\/wp-content\/uploads\/2025\/03\/Nachetez-pas-le-nouvel-iPad-Air.jpg","width":1200,"height":674,"caption":"N'achetez pas le nouvel iPad Air"},{"@type":"BreadcrumbList","@id":"https:\/\/vieassociative.be\/actualites\/nachetez-pas-le-nouvel-ipad-air\/#breadcrumb","itemListElement":[{"@type":"ListItem","position":1,"name":"Accueil","item":"https:\/\/vieassociative.be\/actualites\/"},{"@type":"ListItem","position":2,"name":"N&rsquo;achetez pas le nouvel iPad Air"}]},{"@type":"WebSite","@id":"https:\/\/vieassociative.be\/actualites\/#website","url":"https:\/\/vieassociative.be\/actualites\/","name":"Vie Associative","description":"","publisher":{"@id":"https:\/\/vieassociative.be\/actualites\/#organization"},"potentialAction":[{"@type":"SearchAction","target":{"@type":"EntryPoint","urlTemplate":"https:\/\/vieassociative.be\/actualites\/?s={search_term_string}"},"query-input":{"@type":"PropertyValueSpecification","valueRequired":true,"valueName":"search_term_string"}}],"inLanguage":"fr-BE"},{"@type":"Organization","@id":"https:\/\/vieassociative.be\/actualites\/#organization","name":"Vie Associative","url":"https:\/\/vieassociative.be\/actualites\/","logo":{"@type":"ImageObject","inLanguage":"fr-BE","@id":"https:\/\/vieassociative.be\/actualites\/#\/schema\/logo\/image\/","url":"https:\/\/vieassociative.be\/actualites\/wp-content\/uploads\/2024\/09\/cropped-vieassociative_favicon.ico.png","contentUrl":"https:\/\/vieassociative.be\/actualites\/wp-content\/uploads\/2024\/09\/cropped-vieassociative_favicon.ico.png","width":512,"height":512,"caption":"Vie Associative"},"image":{"@id":"https:\/\/vieassociative.be\/actualites\/#\/schema\/logo\/image\/"}},{"@type":"Person","@id":"https:\/\/vieassociative.be\/actualites\/#\/schema\/person\/b87ac4f82f9d4e7b7cec7395b679edc4","name":"Julien","image":{"@type":"ImageObject","inLanguage":"fr-BE","@id":"https:\/\/vieassociative.be\/actualites\/#\/schema\/person\/image\/","url":"https:\/\/vieassociative.be\/actualites\/wp-content\/uploads\/2024\/09\/vie-associative-1-150x150.jpg","contentUrl":"https:\/\/vieassociative.be\/actualites\/wp-content\/uploads\/2024\/09\/vie-associative-1-150x150.jpg","caption":"Julien"},"description":"Je suis Julien, r\u00e9dacteur pour Vie Associative. Passionn\u00e9 par le monde associatif depuis plus de 10 ans, j'ai \u00e0 c\u0153ur de partager des histoires inspirantes et de mettre en lumi\u00e8re les initiatives locales. Mon objectif est de sensibiliser et d'encourager l'engagement communautaire \u00e0 travers mes articles.","sameAs":["https:\/\/vieassociative.be\/"]}]}},"_links":{"self":[{"href":"https:\/\/vieassociative.be\/actualites\/wp-json\/wp\/v2\/posts\/5609"}],"collection":[{"href":"https:\/\/vieassociative.be\/actualites\/wp-json\/wp\/v2\/posts"}],"about":[{"href":"https:\/\/vieassociative.be\/actualites\/wp-json\/wp\/v2\/types\/post"}],"author":[{"embeddable":true,"href":"https:\/\/vieassociative.be\/actualites\/wp-json\/wp\/v2\/users\/1"}],"replies":[{"embeddable":true,"href":"https:\/\/vieassociative.be\/actualites\/wp-json\/wp\/v2\/comments?post=5609"}],"version-history":[{"count":0,"href":"https:\/\/vieassociative.be\/actualites\/wp-json\/wp\/v2\/posts\/5609\/revisions"}],"wp:featuredmedia":[{"embeddable":true,"href":"https:\/\/vieassociative.be\/actualites\/wp-json\/wp\/v2\/media\/5610"}],"wp:attachment":[{"href":"https:\/\/vieassociative.be\/actualites\/wp-json\/wp\/v2\/media?parent=5609"}],"wp:term":[{"taxonomy":"category","embeddable":true,"href":"https:\/\/vieassociative.be\/actualites\/wp-json\/wp\/v2\/categories?post=5609"},{"taxonomy":"post_tag","embeddable":true,"href":"https:\/\/vieassociative.be\/actualites\/wp-json\/wp\/v2\/tags?post=5609"}],"curies":[{"name":"wp","href":"https:\/\/api.w.org\/{rel}","templated":true}]}}