{"id":5607,"date":"2025-03-04T23:18:13","date_gmt":"2025-03-04T22:18:13","guid":{"rendered":"https:\/\/vieassociative.be\/actualites\/quoi-de-neuf-sur-paramount-avec-showtime-en-aout-2024\/"},"modified":"2025-03-04T23:18:13","modified_gmt":"2025-03-04T22:18:13","slug":"quoi-de-neuf-sur-paramount-avec-showtime-en-aout-2024","status":"publish","type":"post","link":"https:\/\/vieassociative.be\/actualites\/quoi-de-neuf-sur-paramount-avec-showtime-en-aout-2024\/","title":{"rendered":"Quoi de neuf sur Paramount + avec Showtime en ao\u00fbt 2024"},"content":{"rendered":"<div class=\"mt-4 leading-6 md:mb-8\">Assistez \u00e0 la derni\u00e8re saison de \u00ab\u00a0Seal Team\u00a0\u00bb et \u00e0 un nouveau \u00ab\u00a0Rupaul&rsquo;s Drag Race Global All Stars\u00a0\u00bb.<\/div>\n<p><\/p>\n<p>En ao\u00fbt, Paramount + abandonnera la septi\u00e8me et derni\u00e8re saison de <em>\u00c9quipe de phoques<\/em> (11 ao\u00fbt), la s\u00e9rie dramatique militaire qui met en vedette David Boreanaz en tant que chef de l&rsquo;\u00e9quipe Bravo. Pour conclure la s\u00e9rie, des \u00e9pisodes ont \u00e9t\u00e9 tourn\u00e9s sur place en Colombie, o\u00f9 la mission finale est d\u00e9finie. Pendant ce temps, pour les fans de r\u00e9alit\u00e9, il y a la premi\u00e8re de <em>Rupaul&rsquo;s Drag Race Global All Stars<\/em> (16 ao\u00fbt), dans lequel les concurrents des \u00e9toiles de 12 pays se disputent pour \u00eatre \u00abreine du monde de la m\u00e8re\u00bb. <\/p>\n<div class=\"mx-auto mt-8 w-full max-w-4xl\">\n<div id=\"video-container-d9PZYcQ0YIo\"><\/div>\n<\/div>\n<p>\u00c9galement sur la gamme d&rsquo;ao\u00fbt se trouve la premi\u00e8re de <em>Contes des tortues ninja mutantes adolescentes<\/em> (9 ao\u00fbt), une s\u00e9rie Paramount + originale qui r\u00e9invente les personnages anim\u00e9s classiques. Il se d\u00e9roule dans le m\u00eame univers que l&rsquo;ann\u00e9e derni\u00e8re <em>Teenage Mutant Ninja Turtles: Mutant Mayhem<\/em>.<\/p>\n<p>Voici tout ce qui arrive au service en ao\u00fbt. Notez que les titres avec un ast\u00e9risque sont exclusifs \u00e0 Paramount + avec Showtime; Tout le reste est \u00e9galement disponible pour les abonn\u00e9s sur le plan financ\u00e9 par la publicit\u00e9. Ceux qui ont deux ast\u00e9risques sont disponibles pour Paramount + avec des utilisateurs Showtime diffusant en direct sur CBS et \u00e0 tous les abonn\u00e9s le lendemain.<\/p>\n<h2 id=\"paramount-originals-and-premieres-coming-in-august-2024\">Paramount + originaux et premi\u00e8res \u00e0 venir en ao\u00fbt 2024<\/h2>\n<h3>Disponible le 5 ao\u00fbt<\/h3>\n<ul>\n<li>\n<p><em>Une vie *<\/em><\/p>\n<\/li>\n<\/ul>\n<h3>Disponible le 6 ao\u00fbt<\/h3>\n<ul>\n<li>\n<p><em>PD vrai<\/em>Premiere<\/p>\n<\/li>\n<\/ul>\n<h3>Disponible le 9 ao\u00fbt<\/h3>\n<ul>\n<li>\n<p><em>Contes des tortues ninja mutantes adolescentes<\/em>Premiere<\/p>\n<\/li>\n<\/ul>\n<h3>Disponible le 11 ao\u00fbt<\/h3>\n<ul>\n<li>\n<p><em>\u00c9quipe de phoques<\/em>premi\u00e8re de la saison<\/p>\n<\/li>\n<\/ul>\n<h3>Disponible le 16 ao\u00fbt<\/h3>\n<ul>\n<li>\n<p><em>Rupaul&rsquo;s Drag Race Global All Stars<\/em>Premiere<\/p>\n<\/li>\n<\/ul>\n<h3>Disponible le 26 ao\u00fbt<\/h3>\n<ul>\n<li>\n<p><em>Sasquatch Sunset *<\/em><\/p>\n<\/li>\n<\/ul>\n<h3>Disponible le 27 ao\u00fbt<\/h3>\n<ul>\n<li>\n<p><em>Respirer*<\/em><\/p>\n<\/li>\n<\/ul>\n<h2 id=\"tv-shows-coming-to-paramount-in-august-2024\">\u00c9missions de t\u00e9l\u00e9vision \u00e0 venir \u00e0 Paramount + en ao\u00fbt 2024<\/h2>\n<h3>Disponible le 7 ao\u00fbt<\/h3>\n<ul>\n<li>\n<p><em>\u00c0 l&rsquo;int\u00e9rieur de l&rsquo;usine<\/em> (Saison 6)<\/p>\n<\/li>\n<\/ul>\n<h3>Disponible le 14 ao\u00fbt<\/h3>\n<ul>\n<li>\n<p><em>Italie a\u00e9rienne<\/em> (Saison 1)<\/p>\n<\/li>\n<\/ul>\n<h3>Disponible le 16 ao\u00fbt<\/h3>\n<ul>\n<li>\n<p><em>Faisons un accord en grande \u00e9coute <\/em><\/p>\n<\/li>\n<\/ul>\n<h3>Disponible le 28 ao\u00fbt<\/h3>\n<ul>\n<li>\n<p><em>A\u00e9roport extr\u00eame Afrique<\/em> (Saison 1)<\/p>\n<\/li>\n<\/ul>\n<h2 id=\"movies-coming-to-paramount-in-august-2024\">Films \u00e0 venir \u00e0 Paramount + en ao\u00fbt 2024<\/h2>\n<h3>Disponible le 1er ao\u00fbt<\/h3>\n<ul>\n<li>\n<p><em>Un temps pour tuer<\/em><\/p>\n<\/li>\n<li>\n<p><em>Flux Aeon<\/em><\/p>\n<\/li>\n<li>\n<p><em>Avion II: la suite *<\/em><\/p>\n<\/li>\n<li>\n<p><em>Avion!*<\/em><\/p>\n<\/li>\n<li>\n<p><em>Presque c\u00e9l\u00e8bre<\/em><\/p>\n<\/li>\n<li>\n<p><em>Une suite g\u00eanante: la v\u00e9rit\u00e9 au pouvoir<\/em><\/p>\n<\/li>\n<li>\n<p><em>Une v\u00e9rit\u00e9 g\u00eanante<\/em><\/p>\n<\/li>\n<li>\n<p><em>Casse<\/em><\/p>\n<\/li>\n<li>\n<p><em>Mauvais nouvelles ours <\/em>(2005)<\/p>\n<\/li>\n<li>\n<p><em>Barbarella *<\/em><\/p>\n<\/li>\n<li>\n<p><em>Dimanche noir *<\/em><\/p>\n<\/li>\n<li>\n<p><em>Panne<\/em><\/p>\n<\/li>\n<li>\n<p><em>Les meilleurs de Brooklyn *<\/em><\/p>\n<\/li>\n<li>\n<p><em>Opportunit\u00e9s de carri\u00e8re<\/em><\/p>\n<\/li>\n<li>\n<p><em>Chaplin<\/em><\/p>\n<\/li>\n<li>\n<p><em>Ville de Dieu *<\/em><\/p>\n<\/li>\n<li>\n<p><em>Venant en Am\u00e9rique<\/em><\/p>\n<\/li>\n<li>\n<p><em>Terre de flic<\/em><\/p>\n<\/li>\n<li>\n<p><em>Cujo *<\/em><\/p>\n<\/li>\n<li>\n<p><em>Daisy Miller *<\/em><\/p>\n<\/li>\n<li>\n<p><em>Dynamisme<\/em><\/p>\n<\/li>\n<li>\n<p><em>\u00c9lection<\/em><\/p>\n<\/li>\n<li>\n<p><em>Emma (1996)<\/em><\/p>\n<\/li>\n<li>\n<p><em>Erin Brockovich<\/em><\/p>\n<\/li>\n<li>\n<p><em>Visage \/ off<\/em><\/p>\n<\/li>\n<li>\n<p><em>Attraction fatale<\/em><\/p>\n<\/li>\n<li>\n<p><em>Frais*<\/em><\/p>\n<\/li>\n<li>\n<p><em>Veste en m\u00e9tal<\/em><\/p>\n<\/li>\n<li>\n<p><em>Garfield: une queue de deux chatons<\/em><\/p>\n<\/li>\n<li>\n<p><em>Garfield: le film<\/em><\/p>\n<\/li>\n<li>\n<p><em>Hardcore Henry *<\/em><\/p>\n<\/li>\n<li>\n<p><em>Les coeurs battent fort<\/em><\/p>\n<\/li>\n<li>\n<p><em>Cambriolage<\/em><\/p>\n<\/li>\n<li>\n<p><em>H\u00f4tel pour chiens<\/em><\/p>\n<\/li>\n<li>\n<p><em>Invasion des Snatchers du corps<\/em><\/p>\n<\/li>\n<li>\n<p><em>Le v\u0153u d&rsquo;Irena *<\/em><\/p>\n<\/li>\n<li>\n<p><em>\u00c7a pourrait t&rsquo;arriver<\/em><\/p>\n<\/li>\n<li>\n<p><em>\u00c9chelle de Jacob<\/em><\/p>\n<\/li>\n<li>\n<p><em>Jay et Silent Bob frappent<\/em><\/p>\n<\/li>\n<li>\n<p><em>Amour et basket-ball<\/em><\/p>\n<\/li>\n<li>\n<p><em>Miss Concenialiality<\/em><\/p>\n<\/li>\n<li>\n<p><em>Camions monstres<\/em><\/p>\n<\/li>\n<li>\n<p><em>Boutique de souris<\/em><\/p>\n<\/li>\n<li>\n<p><em>Pistolet nu <\/em>(1956)<\/p>\n<\/li>\n<li>\n<p><em>Narc<\/em><\/p>\n<\/li>\n<li>\n<p><em>Il \u00e9tait une fois en Occident<\/em><\/p>\n<\/li>\n<li>\n<p><em>Comt\u00e9 d&rsquo;Orange<\/em><\/p>\n<\/li>\n<li>\n<p><em>Pay\u00e9 en totalit\u00e9<\/em><\/p>\n<\/li>\n<li>\n<p><em>Lune papier *<\/em><\/p>\n<\/li>\n<li>\n<p><em>Pulp Fiction<\/em><\/p>\n<\/li>\n<li>\n<p><em>Sabrina <\/em>(1995)<\/p>\n<\/li>\n<li>\n<p><em>Sauver la derni\u00e8re danse<\/em><\/p>\n<\/li>\n<li>\n<p><em>\u00c9colier<\/em><\/p>\n<\/li>\n<li>\n<p><em>Saison de la sorci\u00e8re<\/em><\/p>\n<\/li>\n<li>\n<p><em>Arbre <\/em>(2000)<\/p>\n<\/li>\n<li>\n<p><em>Arbre<\/em> (2019)<\/p>\n<\/li>\n<li>\n<p><em>Dormir avec l&rsquo;ennemi<\/em><\/p>\n<\/li>\n<li>\n<p><em>Strip-tease<\/em><\/p>\n<\/li>\n<li>\n<p><em>Teenage Mutant Ninja Turtles <\/em>(1990)<\/p>\n<\/li>\n<li>\n<p><em>Teenage Mutant Ninja Turtles II: Le secret de l&rsquo;ooze<\/em> (1991)<\/p>\n<\/li>\n<li>\n<p><em>Teenage Mutant Ninja Turtles III <\/em>(1993)<\/p>\n<\/li>\n<li>\n<p><em>L&rsquo;aviateur<\/em><\/p>\n<\/li>\n<li>\n<p><em>Le grand court<\/em><\/p>\n<\/li>\n<li>\n<p><em>Le gar\u00e7on en pyjama ray\u00e9<\/em><\/p>\n<\/li>\n<li>\n<p><em>La grotte<\/em><\/p>\n<\/li>\n<li>\n<p><em>La couleur de l&rsquo;argent<\/em><\/p>\n<\/li>\n<li>\n<p><em>Le cuisinier, le voleur, sa femme et son amant<\/em><\/p>\n<\/li>\n<li>\n<p><em>La facult\u00e9<\/em><\/p>\n<\/li>\n<li>\n<p><em>Le combattant<\/em><\/p>\n<\/li>\n<li>\n<p><em>Le sol gel\u00e9 *<\/em><\/p>\n<\/li>\n<li>\n<p><em>Le travail italien<\/em> (1969)<\/p>\n<\/li>\n<li>\n<p><em>L&rsquo;enfant *<\/em><\/p>\n<\/li>\n<li>\n<p><em>L&rsquo;avocat de Lincoln<\/em><\/p>\n<\/li>\n<li>\n<p><em>Les petits coquins<\/em><\/p>\n<\/li>\n<li>\n<p><em>Le n\u00e9gociateur *<\/em><\/p>\n<\/li>\n<li>\n<p><em>Le filet<\/em><\/p>\n<\/li>\n<li>\n<p><em>La temp\u00eate parfaite<\/em><\/p>\n<\/li>\n<li>\n<p><em>Le soliste *<\/em><\/p>\n<\/li>\n<li>\n<p><em>La machine \u00e0 remonter<\/em><\/p>\n<\/li>\n<li>\n<p><em>Les intouchables<\/em><\/p>\n<\/li>\n<li>\n<p><em>La guerre des mondes <\/em>(1953)<\/p>\n<\/li>\n<li>\n<p><em>Les guerriers<\/em><\/p>\n<\/li>\n<li>\n<p><em>Trois jours du condor<\/em><\/p>\n<\/li>\n<li>\n<p><em>Pierre tombale<\/em><\/p>\n<\/li>\n<li>\n<p><em>Tommy Boy<\/em><\/p>\n<\/li>\n<li>\n<p><em>Journ\u00e9e de formation<\/em><\/p>\n<\/li>\n<li>\n<p><em>Transformers: vengeance des morts<\/em><\/p>\n<\/li>\n<li>\n<p><em>Inoubliable<\/em><\/p>\n<\/li>\n<li>\n<p><em>Nous avons achet\u00e9 un zoo<\/em><\/p>\n<\/li>\n<li>\n<p><em>Quand les mondes entrent en collision<\/em><\/p>\n<\/li>\n<li>\n<p><em>Zodia<\/em>c<\/p>\n<\/li>\n<\/ul>\n<h3>Disponible le 5 ao\u00fbt<\/h3>\n<ul>\n<li>\n<p><em>Insurrection am\u00e9ricaine *<\/em><\/p>\n<\/li>\n<\/ul>\n<h3>Disponible le 10 ao\u00fbt<\/h3>\n<ul>\n<li>\n<p><em>Ensemble ensemble *<\/em><\/p>\n<\/li>\n<\/ul>\n<h3>Disponible le 12 ao\u00fbt<\/h3>\n<ul>\n<li>\n<p><em>Fi\u00e8vre de cabine *<\/em><\/p>\n<\/li>\n<\/ul>\n<h3>Disponible le 16 ao\u00fbt<\/h3>\n<ul>\n<li>\n<p><em>Miss Potter *<\/em><\/p>\n<\/li>\n<\/ul>\n<h3>Disponible le 24 ao\u00fbt<\/h3>\n<ul>\n<li>\n<p><em>Extraordinaire*<\/em><\/p>\n<\/li>\n<\/ul>\n<h3>Disponible le 26 ao\u00fbt<\/h3>\n<ul>\n<li>\n<p><em>Fille d&rsquo;usine *<\/em><\/p>\n<\/li>\n<li>\n<p><em>L&rsquo;ex *<\/em><\/p>\n<\/li>\n<\/ul>\n","protected":false},"excerpt":{"rendered":"<p>Assistez \u00e0 la derni\u00e8re saison de \u00ab\u00a0Seal Team\u00a0\u00bb et \u00e0 un nouveau \u00ab\u00a0Rupaul&rsquo;s Drag Race Global All Stars\u00a0\u00bb. En ao\u00fbt, Paramount + abandonnera la septi\u00e8me<\/p>\n","protected":false},"author":1,"featured_media":5608,"comment_status":"","ping_status":"","sticky":false,"template":"","format":"standard","meta":{"footnotes":""},"categories":[36],"tags":[1778,61,437,2665,202,2666,33],"class_list":["post-5607","post","type-post","status-publish","format-standard","has-post-thumbnail","hentry","category-divertissement","tag-aout","tag-avec","tag-neuf","tag-paramount","tag-quoi","tag-showtime","tag-sur","generate-columns","tablet-grid-50","mobile-grid-100","grid-parent","grid-33"],"yoast_head":"<!-- This site is optimized with the Yoast SEO plugin v24.0 - https:\/\/yoast.com\/wordpress\/plugins\/seo\/ -->\n<title>Quoi de neuf sur Paramount + avec Showtime en ao\u00fbt 2024 | Vie Associative<\/title>\n<meta name=\"robots\" content=\"index, follow, max-snippet:-1, max-image-preview:large, max-video-preview:-1\" \/>\n<link rel=\"canonical\" href=\"https:\/\/vieassociative.be\/actualites\/quoi-de-neuf-sur-paramount-avec-showtime-en-aout-2024\/\" \/>\n<meta property=\"og:locale\" content=\"fr_FR\" \/>\n<meta property=\"og:type\" content=\"article\" \/>\n<meta property=\"og:title\" content=\"Quoi de neuf sur Paramount + avec Showtime en ao\u00fbt 2024 | Vie Associative\" \/>\n<meta property=\"og:description\" content=\"Assistez \u00e0 la derni\u00e8re saison de \u00ab\u00a0Seal Team\u00a0\u00bb et \u00e0 un nouveau \u00ab\u00a0Rupaul&rsquo;s Drag Race Global All Stars\u00a0\u00bb. En ao\u00fbt, Paramount + abandonnera la septi\u00e8me\" \/>\n<meta property=\"og:url\" content=\"https:\/\/vieassociative.be\/actualites\/quoi-de-neuf-sur-paramount-avec-showtime-en-aout-2024\/\" \/>\n<meta property=\"og:site_name\" content=\"Vie Associative\" \/>\n<meta property=\"article:published_time\" content=\"2025-03-04T22:18:13+00:00\" \/>\n<meta property=\"og:image\" content=\"https:\/\/vieassociative.be\/actualites\/wp-content\/uploads\/2024\/09\/header_backgroundk-01-e1726694325946.png\" \/>\n\t<meta property=\"og:image:width\" content=\"279\" \/>\n\t<meta property=\"og:image:height\" content=\"92\" \/>\n\t<meta property=\"og:image:type\" content=\"image\/png\" \/>\n<meta name=\"author\" content=\"Julien\" \/>\n<meta name=\"twitter:card\" content=\"summary_large_image\" \/>\n<meta name=\"twitter:label1\" content=\"\u00c9crit par\" \/>\n\t<meta name=\"twitter:data1\" content=\"Julien\" \/>\n\t<meta name=\"twitter:label2\" content=\"Dur\u00e9e de lecture est.\" \/>\n\t<meta name=\"twitter:data2\" content=\"3 minutes\" \/>\n<script type=\"application\/ld+json\" class=\"yoast-schema-graph\">{\"@context\":\"https:\/\/schema.org\",\"@graph\":[{\"@type\":\"Article\",\"@id\":\"https:\/\/vieassociative.be\/actualites\/quoi-de-neuf-sur-paramount-avec-showtime-en-aout-2024\/#article\",\"isPartOf\":{\"@id\":\"https:\/\/vieassociative.be\/actualites\/quoi-de-neuf-sur-paramount-avec-showtime-en-aout-2024\/\"},\"author\":{\"name\":\"Julien\",\"@id\":\"https:\/\/vieassociative.be\/actualites\/#\/schema\/person\/b87ac4f82f9d4e7b7cec7395b679edc4\"},\"headline\":\"Quoi de neuf sur Paramount + avec Showtime en ao\u00fbt 2024\",\"datePublished\":\"2025-03-04T22:18:13+00:00\",\"dateModified\":\"2025-03-04T22:18:13+00:00\",\"mainEntityOfPage\":{\"@id\":\"https:\/\/vieassociative.be\/actualites\/quoi-de-neuf-sur-paramount-avec-showtime-en-aout-2024\/\"},\"wordCount\":697,\"publisher\":{\"@id\":\"https:\/\/vieassociative.be\/actualites\/#organization\"},\"image\":{\"@id\":\"https:\/\/vieassociative.be\/actualites\/quoi-de-neuf-sur-paramount-avec-showtime-en-aout-2024\/#primaryimage\"},\"thumbnailUrl\":\"https:\/\/vieassociative.be\/actualites\/wp-content\/uploads\/2025\/03\/Quoi-de-neuf-sur-Paramount-avec-Showtime-en-aout.jpg\",\"keywords\":[\"ao\u00fbt\",\"avec\",\"Neuf\",\"Paramount\",\"quoi\",\"Showtime\",\"sur\"],\"articleSection\":[\"Divertissement\"],\"inLanguage\":\"fr-BE\"},{\"@type\":\"WebPage\",\"@id\":\"https:\/\/vieassociative.be\/actualites\/quoi-de-neuf-sur-paramount-avec-showtime-en-aout-2024\/\",\"url\":\"https:\/\/vieassociative.be\/actualites\/quoi-de-neuf-sur-paramount-avec-showtime-en-aout-2024\/\",\"name\":\"Quoi de neuf sur Paramount + avec Showtime en ao\u00fbt 2024 | Vie Associative\",\"isPartOf\":{\"@id\":\"https:\/\/vieassociative.be\/actualites\/#website\"},\"primaryImageOfPage\":{\"@id\":\"https:\/\/vieassociative.be\/actualites\/quoi-de-neuf-sur-paramount-avec-showtime-en-aout-2024\/#primaryimage\"},\"image\":{\"@id\":\"https:\/\/vieassociative.be\/actualites\/quoi-de-neuf-sur-paramount-avec-showtime-en-aout-2024\/#primaryimage\"},\"thumbnailUrl\":\"https:\/\/vieassociative.be\/actualites\/wp-content\/uploads\/2025\/03\/Quoi-de-neuf-sur-Paramount-avec-Showtime-en-aout.jpg\",\"datePublished\":\"2025-03-04T22:18:13+00:00\",\"dateModified\":\"2025-03-04T22:18:13+00:00\",\"breadcrumb\":{\"@id\":\"https:\/\/vieassociative.be\/actualites\/quoi-de-neuf-sur-paramount-avec-showtime-en-aout-2024\/#breadcrumb\"},\"inLanguage\":\"fr-BE\",\"potentialAction\":[{\"@type\":\"ReadAction\",\"target\":[\"https:\/\/vieassociative.be\/actualites\/quoi-de-neuf-sur-paramount-avec-showtime-en-aout-2024\/\"]}]},{\"@type\":\"ImageObject\",\"inLanguage\":\"fr-BE\",\"@id\":\"https:\/\/vieassociative.be\/actualites\/quoi-de-neuf-sur-paramount-avec-showtime-en-aout-2024\/#primaryimage\",\"url\":\"https:\/\/vieassociative.be\/actualites\/wp-content\/uploads\/2025\/03\/Quoi-de-neuf-sur-Paramount-avec-Showtime-en-aout.jpg\",\"contentUrl\":\"https:\/\/vieassociative.be\/actualites\/wp-content\/uploads\/2025\/03\/Quoi-de-neuf-sur-Paramount-avec-Showtime-en-aout.jpg\",\"width\":1200,\"height\":675,\"caption\":\"Quoi de neuf sur Paramount + avec Showtime en ao\u00fbt 2024\"},{\"@type\":\"BreadcrumbList\",\"@id\":\"https:\/\/vieassociative.be\/actualites\/quoi-de-neuf-sur-paramount-avec-showtime-en-aout-2024\/#breadcrumb\",\"itemListElement\":[{\"@type\":\"ListItem\",\"position\":1,\"name\":\"Accueil\",\"item\":\"https:\/\/vieassociative.be\/actualites\/\"},{\"@type\":\"ListItem\",\"position\":2,\"name\":\"Quoi de neuf sur Paramount + avec Showtime en ao\u00fbt 2024\"}]},{\"@type\":\"WebSite\",\"@id\":\"https:\/\/vieassociative.be\/actualites\/#website\",\"url\":\"https:\/\/vieassociative.be\/actualites\/\",\"name\":\"Vie Associative\",\"description\":\"\",\"publisher\":{\"@id\":\"https:\/\/vieassociative.be\/actualites\/#organization\"},\"potentialAction\":[{\"@type\":\"SearchAction\",\"target\":{\"@type\":\"EntryPoint\",\"urlTemplate\":\"https:\/\/vieassociative.be\/actualites\/?s={search_term_string}\"},\"query-input\":{\"@type\":\"PropertyValueSpecification\",\"valueRequired\":true,\"valueName\":\"search_term_string\"}}],\"inLanguage\":\"fr-BE\"},{\"@type\":\"Organization\",\"@id\":\"https:\/\/vieassociative.be\/actualites\/#organization\",\"name\":\"Vie Associative\",\"url\":\"https:\/\/vieassociative.be\/actualites\/\",\"logo\":{\"@type\":\"ImageObject\",\"inLanguage\":\"fr-BE\",\"@id\":\"https:\/\/vieassociative.be\/actualites\/#\/schema\/logo\/image\/\",\"url\":\"https:\/\/vieassociative.be\/actualites\/wp-content\/uploads\/2024\/09\/cropped-vieassociative_favicon.ico.png\",\"contentUrl\":\"https:\/\/vieassociative.be\/actualites\/wp-content\/uploads\/2024\/09\/cropped-vieassociative_favicon.ico.png\",\"width\":512,\"height\":512,\"caption\":\"Vie Associative\"},\"image\":{\"@id\":\"https:\/\/vieassociative.be\/actualites\/#\/schema\/logo\/image\/\"}},{\"@type\":\"Person\",\"@id\":\"https:\/\/vieassociative.be\/actualites\/#\/schema\/person\/b87ac4f82f9d4e7b7cec7395b679edc4\",\"name\":\"Julien\",\"image\":{\"@type\":\"ImageObject\",\"inLanguage\":\"fr-BE\",\"@id\":\"https:\/\/vieassociative.be\/actualites\/#\/schema\/person\/image\/\",\"url\":\"https:\/\/vieassociative.be\/actualites\/wp-content\/uploads\/2024\/09\/vie-associative-1-150x150.jpg\",\"contentUrl\":\"https:\/\/vieassociative.be\/actualites\/wp-content\/uploads\/2024\/09\/vie-associative-1-150x150.jpg\",\"caption\":\"Julien\"},\"description\":\"Je suis Julien, r\u00e9dacteur pour Vie Associative. Passionn\u00e9 par le monde associatif depuis plus de 10 ans, j'ai \u00e0 c\u0153ur de partager des histoires inspirantes et de mettre en lumi\u00e8re les initiatives locales. Mon objectif est de sensibiliser et d'encourager l'engagement communautaire \u00e0 travers mes articles.\",\"sameAs\":[\"https:\/\/vieassociative.be\/\"]}]}<\/script>\n<!-- \/ Yoast SEO plugin. -->","yoast_head_json":{"title":"Quoi de neuf sur Paramount + avec Showtime en ao\u00fbt 2024 | Vie Associative","robots":{"index":"index","follow":"follow","max-snippet":"max-snippet:-1","max-image-preview":"max-image-preview:large","max-video-preview":"max-video-preview:-1"},"canonical":"https:\/\/vieassociative.be\/actualites\/quoi-de-neuf-sur-paramount-avec-showtime-en-aout-2024\/","og_locale":"fr_FR","og_type":"article","og_title":"Quoi de neuf sur Paramount + avec Showtime en ao\u00fbt 2024 | Vie Associative","og_description":"Assistez \u00e0 la derni\u00e8re saison de \u00ab\u00a0Seal Team\u00a0\u00bb et \u00e0 un nouveau \u00ab\u00a0Rupaul&rsquo;s Drag Race Global All Stars\u00a0\u00bb. En ao\u00fbt, Paramount + abandonnera la septi\u00e8me","og_url":"https:\/\/vieassociative.be\/actualites\/quoi-de-neuf-sur-paramount-avec-showtime-en-aout-2024\/","og_site_name":"Vie Associative","article_published_time":"2025-03-04T22:18:13+00:00","og_image":[{"width":279,"height":92,"url":"https:\/\/vieassociative.be\/actualites\/wp-content\/uploads\/2024\/09\/header_backgroundk-01-e1726694325946.png","type":"image\/png"}],"author":"Julien","twitter_card":"summary_large_image","twitter_misc":{"\u00c9crit par":"Julien","Dur\u00e9e de lecture est.":"3 minutes"},"schema":{"@context":"https:\/\/schema.org","@graph":[{"@type":"Article","@id":"https:\/\/vieassociative.be\/actualites\/quoi-de-neuf-sur-paramount-avec-showtime-en-aout-2024\/#article","isPartOf":{"@id":"https:\/\/vieassociative.be\/actualites\/quoi-de-neuf-sur-paramount-avec-showtime-en-aout-2024\/"},"author":{"name":"Julien","@id":"https:\/\/vieassociative.be\/actualites\/#\/schema\/person\/b87ac4f82f9d4e7b7cec7395b679edc4"},"headline":"Quoi de neuf sur Paramount + avec Showtime en ao\u00fbt 2024","datePublished":"2025-03-04T22:18:13+00:00","dateModified":"2025-03-04T22:18:13+00:00","mainEntityOfPage":{"@id":"https:\/\/vieassociative.be\/actualites\/quoi-de-neuf-sur-paramount-avec-showtime-en-aout-2024\/"},"wordCount":697,"publisher":{"@id":"https:\/\/vieassociative.be\/actualites\/#organization"},"image":{"@id":"https:\/\/vieassociative.be\/actualites\/quoi-de-neuf-sur-paramount-avec-showtime-en-aout-2024\/#primaryimage"},"thumbnailUrl":"https:\/\/vieassociative.be\/actualites\/wp-content\/uploads\/2025\/03\/Quoi-de-neuf-sur-Paramount-avec-Showtime-en-aout.jpg","keywords":["ao\u00fbt","avec","Neuf","Paramount","quoi","Showtime","sur"],"articleSection":["Divertissement"],"inLanguage":"fr-BE"},{"@type":"WebPage","@id":"https:\/\/vieassociative.be\/actualites\/quoi-de-neuf-sur-paramount-avec-showtime-en-aout-2024\/","url":"https:\/\/vieassociative.be\/actualites\/quoi-de-neuf-sur-paramount-avec-showtime-en-aout-2024\/","name":"Quoi de neuf sur Paramount + avec Showtime en ao\u00fbt 2024 | Vie Associative","isPartOf":{"@id":"https:\/\/vieassociative.be\/actualites\/#website"},"primaryImageOfPage":{"@id":"https:\/\/vieassociative.be\/actualites\/quoi-de-neuf-sur-paramount-avec-showtime-en-aout-2024\/#primaryimage"},"image":{"@id":"https:\/\/vieassociative.be\/actualites\/quoi-de-neuf-sur-paramount-avec-showtime-en-aout-2024\/#primaryimage"},"thumbnailUrl":"https:\/\/vieassociative.be\/actualites\/wp-content\/uploads\/2025\/03\/Quoi-de-neuf-sur-Paramount-avec-Showtime-en-aout.jpg","datePublished":"2025-03-04T22:18:13+00:00","dateModified":"2025-03-04T22:18:13+00:00","breadcrumb":{"@id":"https:\/\/vieassociative.be\/actualites\/quoi-de-neuf-sur-paramount-avec-showtime-en-aout-2024\/#breadcrumb"},"inLanguage":"fr-BE","potentialAction":[{"@type":"ReadAction","target":["https:\/\/vieassociative.be\/actualites\/quoi-de-neuf-sur-paramount-avec-showtime-en-aout-2024\/"]}]},{"@type":"ImageObject","inLanguage":"fr-BE","@id":"https:\/\/vieassociative.be\/actualites\/quoi-de-neuf-sur-paramount-avec-showtime-en-aout-2024\/#primaryimage","url":"https:\/\/vieassociative.be\/actualites\/wp-content\/uploads\/2025\/03\/Quoi-de-neuf-sur-Paramount-avec-Showtime-en-aout.jpg","contentUrl":"https:\/\/vieassociative.be\/actualites\/wp-content\/uploads\/2025\/03\/Quoi-de-neuf-sur-Paramount-avec-Showtime-en-aout.jpg","width":1200,"height":675,"caption":"Quoi de neuf sur Paramount + avec Showtime en ao\u00fbt 2024"},{"@type":"BreadcrumbList","@id":"https:\/\/vieassociative.be\/actualites\/quoi-de-neuf-sur-paramount-avec-showtime-en-aout-2024\/#breadcrumb","itemListElement":[{"@type":"ListItem","position":1,"name":"Accueil","item":"https:\/\/vieassociative.be\/actualites\/"},{"@type":"ListItem","position":2,"name":"Quoi de neuf sur Paramount + avec Showtime en ao\u00fbt 2024"}]},{"@type":"WebSite","@id":"https:\/\/vieassociative.be\/actualites\/#website","url":"https:\/\/vieassociative.be\/actualites\/","name":"Vie Associative","description":"","publisher":{"@id":"https:\/\/vieassociative.be\/actualites\/#organization"},"potentialAction":[{"@type":"SearchAction","target":{"@type":"EntryPoint","urlTemplate":"https:\/\/vieassociative.be\/actualites\/?s={search_term_string}"},"query-input":{"@type":"PropertyValueSpecification","valueRequired":true,"valueName":"search_term_string"}}],"inLanguage":"fr-BE"},{"@type":"Organization","@id":"https:\/\/vieassociative.be\/actualites\/#organization","name":"Vie Associative","url":"https:\/\/vieassociative.be\/actualites\/","logo":{"@type":"ImageObject","inLanguage":"fr-BE","@id":"https:\/\/vieassociative.be\/actualites\/#\/schema\/logo\/image\/","url":"https:\/\/vieassociative.be\/actualites\/wp-content\/uploads\/2024\/09\/cropped-vieassociative_favicon.ico.png","contentUrl":"https:\/\/vieassociative.be\/actualites\/wp-content\/uploads\/2024\/09\/cropped-vieassociative_favicon.ico.png","width":512,"height":512,"caption":"Vie Associative"},"image":{"@id":"https:\/\/vieassociative.be\/actualites\/#\/schema\/logo\/image\/"}},{"@type":"Person","@id":"https:\/\/vieassociative.be\/actualites\/#\/schema\/person\/b87ac4f82f9d4e7b7cec7395b679edc4","name":"Julien","image":{"@type":"ImageObject","inLanguage":"fr-BE","@id":"https:\/\/vieassociative.be\/actualites\/#\/schema\/person\/image\/","url":"https:\/\/vieassociative.be\/actualites\/wp-content\/uploads\/2024\/09\/vie-associative-1-150x150.jpg","contentUrl":"https:\/\/vieassociative.be\/actualites\/wp-content\/uploads\/2024\/09\/vie-associative-1-150x150.jpg","caption":"Julien"},"description":"Je suis Julien, r\u00e9dacteur pour Vie Associative. Passionn\u00e9 par le monde associatif depuis plus de 10 ans, j'ai \u00e0 c\u0153ur de partager des histoires inspirantes et de mettre en lumi\u00e8re les initiatives locales. Mon objectif est de sensibiliser et d'encourager l'engagement communautaire \u00e0 travers mes articles.","sameAs":["https:\/\/vieassociative.be\/"]}]}},"_links":{"self":[{"href":"https:\/\/vieassociative.be\/actualites\/wp-json\/wp\/v2\/posts\/5607"}],"collection":[{"href":"https:\/\/vieassociative.be\/actualites\/wp-json\/wp\/v2\/posts"}],"about":[{"href":"https:\/\/vieassociative.be\/actualites\/wp-json\/wp\/v2\/types\/post"}],"author":[{"embeddable":true,"href":"https:\/\/vieassociative.be\/actualites\/wp-json\/wp\/v2\/users\/1"}],"replies":[{"embeddable":true,"href":"https:\/\/vieassociative.be\/actualites\/wp-json\/wp\/v2\/comments?post=5607"}],"version-history":[{"count":0,"href":"https:\/\/vieassociative.be\/actualites\/wp-json\/wp\/v2\/posts\/5607\/revisions"}],"wp:featuredmedia":[{"embeddable":true,"href":"https:\/\/vieassociative.be\/actualites\/wp-json\/wp\/v2\/media\/5608"}],"wp:attachment":[{"href":"https:\/\/vieassociative.be\/actualites\/wp-json\/wp\/v2\/media?parent=5607"}],"wp:term":[{"taxonomy":"category","embeddable":true,"href":"https:\/\/vieassociative.be\/actualites\/wp-json\/wp\/v2\/categories?post=5607"},{"taxonomy":"post_tag","embeddable":true,"href":"https:\/\/vieassociative.be\/actualites\/wp-json\/wp\/v2\/tags?post=5607"}],"curies":[{"name":"wp","href":"https:\/\/api.w.org\/{rel}","templated":true}]}}