{"id":5605,"date":"2025-03-04T21:17:47","date_gmt":"2025-03-04T20:17:47","guid":{"rendered":"https:\/\/vieassociative.be\/actualites\/1-3-contre-aston-villa-la-propriete-et-une-penalite-coutent-cher-pour-le-fc-bruges\/"},"modified":"2025-03-04T21:17:47","modified_gmt":"2025-03-04T20:17:47","slug":"1-3-contre-aston-villa-la-propriete-et-une-penalite-coutent-cher-pour-le-fc-bruges","status":"publish","type":"post","link":"https:\/\/vieassociative.be\/actualites\/1-3-contre-aston-villa-la-propriete-et-une-penalite-coutent-cher-pour-le-fc-bruges\/","title":{"rendered":"1: 3 contre Aston Villa: la propri\u00e9t\u00e9 et une p\u00e9nalit\u00e9 co\u00fbtent cher pour le FC Bruges"},"content":{"rendered":"<p><strong>Jusqu&rsquo;\u00e0 la 82e minute, le FC Bruges a eu de bonnes chances lors de la fin de la finale contre Aston Villa pour atteindre les quarts de finale de la Ligue des champions pour la premi\u00e8re fois. Un propre objectif de Brandon Mechele \u00e0 la 82e minute et une p\u00e9nalit\u00e9 \u00e0 la 88e minute a contrecarr\u00e9 le ma\u00eetre belge. Hans Vanaken &#038; Co. a perdu 1: 3.<\/strong><\/p>\n<p><span id=\"more-410599\"><\/span>Le FC Bruges, qui s&rsquo;\u00e9tait qualifi\u00e9 pour la finale de 16 apr\u00e8s deux victoires contre Atalanta Bergamo, a re\u00e7u mardi Aston Villa avec l&rsquo;intention de continuer \u00e0 poursuivre son r\u00eave europ\u00e9en. La victoire 1-0 contre l&rsquo;\u00e9quipe d&rsquo;Una\u00ef Emery dans la phase de groupe de la Ligue des champions devrait donner la confiance en soi \u00ab\u00a0Blauw &#038; Zwart\u00a0\u00bb, bien que les deux \u00e9quipes ne subissent pas de bons moments dans leurs ligues respectives.<\/p>\n<p>Malheureusement, les fans domestiques du stade Jan Breydel ont \u00e9t\u00e9 pris froids apr\u00e8s trois minutes lorsque l&rsquo;ex-g\u00e9n\u00e9ral Bailey a marqu\u00e9 le but principal apr\u00e8s une phase de repos et a utilis\u00e9 les erreurs d\u00e9fensives de Br\u00fcgger.<\/p>\n<p>Mais les h\u00f4tes avaient d\u00e9j\u00e0 prouv\u00e9 plusieurs fois cette saison qu&rsquo;ils appartenaient \u00e0 la Ligue des champions et ne pouvaient pas \u00eatre d\u00e9rang\u00e9s. Tzolis, qui a \u00e9t\u00e9 envoy\u00e9, a attendu le bon moment pour jouer une balle dans l&rsquo;arri\u00e8re-salle \u00e0 De Cuyper, qui n&rsquo;a pas h\u00e9sit\u00e9 longtemps et Martinez avec un tir (12e). <\/p>\n<p>Apr\u00e8s un quart d&rsquo;heure, Bruges est venu mieux dans le match et aurait pu prendre la t\u00eate \u00e0 travers un joli coup de Talbi, mais Martinez a enregistr\u00e9 la cravate (31e) avec un brillant d\u00e9fil\u00e9. L&rsquo;\u00e9quipe a rat\u00e9 aussi fort que Bruges devait reprendre les devants avant la pause. Les deux \u00e9quipes sont donc entr\u00e9es dans la cabine avec un 1-1.<\/p>\n<p><b>&#8211; Un cauchemar pendant dix minutes: <\/b>Apr\u00e8s le changement de c\u00f4t\u00e9s, le rythme a un peu d\u00e9coll\u00e9, mais aucune des deux \u00e9quipes ne pouvait vraiment gagner le dessus. L&rsquo;entra\u00eeneur de Villa, Emery, a r\u00e9agi et a effectu\u00e9 quatre substituts. <\/p>\n<p>En cons\u00e9quence, Asensio et Cash ont chacun eu une grande chance, mais le premier a \u00e9chou\u00e9 sur le fort mignolet et le second a rat\u00e9 sa fin (68e). Bruges a r\u00e9agi directement via Vanaken, dont la t\u00eate est all\u00e9e au poste (69e). Quelques minutes plus tard, Vanaken Tzolis a apport\u00e9 le voyage avec un merveilleux Schlenzer, mais le grec n&rsquo;a pas atteint le but avec son mauvais pied (75e).<\/p>\n<p>Avec un temps de jeu croissant, Bruges semblait gagner la confiance et augmenter la pression. Mais la volont\u00e9 de Bruges offrait des salles de villa pour la contre-attaque. Morgan Rogers avait beaucoup trop seul dans le monde pour frapper calmement Ollie Watkins, mais l&rsquo;attaquant anglais n&rsquo;avait aucune chance de jouer le ballon parce que Mechele l&rsquo;a d\u00e9j\u00e0 eu et a promu le ballon dans son propre r\u00e9seau (82e). Mais comme un soup\u00e7on de sort, ce coup de destin a \u00e9t\u00e9 le d\u00e9but de la fin pour Bruges. Quatre minutes plus tard, une stupide faute de Tzolis \u00e0 Cash Villa a donn\u00e9 une p\u00e9nalit\u00e9 &#8211; une p\u00e9nalit\u00e9 qu&rsquo;Asensio a parfaitement converti (88.). Hugo Vetlesen aurait pu att\u00e9nuer la d\u00e9faite dans le temps suppl\u00e9mentaire, mais il n&rsquo;a pas atteint le but.<\/p>\n<p>Alors que Bruges pouvait croire au tour suivant, il s&rsquo;est finalement effondr\u00e9 au cours des dix derni\u00e8res minutes et est dans une situation tr\u00e8s difficile avant le match retour (1-3). Aston Villa est donc en quart de finale avec un pied, o\u00f9 le club anglais pourrait rencontrer PSG ou Liverpool.<\/p>\n<p>Traduit avec Deepl.com (version gratuite)<\/p>\n","protected":false},"excerpt":{"rendered":"<p>Jusqu&rsquo;\u00e0 la 82e minute, le FC Bruges a eu de bonnes chances lors de la fin de la finale contre Aston Villa pour atteindre les<\/p>\n","protected":false},"author":1,"featured_media":5606,"comment_status":"","ping_status":"","sticky":false,"template":"","format":"standard","meta":{"footnotes":""},"categories":[298],"tags":[5464,2851,657,796,2244,5666,81,5665,110,5465],"class_list":["post-5605","post","type-post","status-publish","format-standard","has-post-thumbnail","hentry","category-belgique","tag-aston","tag-bruges","tag-cher","tag-contre","tag-coutent","tag-penalite","tag-pour","tag-propriete","tag-une","tag-villa","generate-columns","tablet-grid-50","mobile-grid-100","grid-parent","grid-33"],"yoast_head":"<!-- This site is optimized with the Yoast SEO plugin v24.0 - https:\/\/yoast.com\/wordpress\/plugins\/seo\/ -->\n<title>1: 3 contre Aston Villa: la propri\u00e9t\u00e9 et une p\u00e9nalit\u00e9 co\u00fbtent cher pour le FC Bruges | Vie Associative<\/title>\n<meta name=\"robots\" content=\"index, follow, max-snippet:-1, max-image-preview:large, max-video-preview:-1\" \/>\n<link rel=\"canonical\" href=\"https:\/\/vieassociative.be\/actualites\/1-3-contre-aston-villa-la-propriete-et-une-penalite-coutent-cher-pour-le-fc-bruges\/\" \/>\n<meta property=\"og:locale\" content=\"fr_FR\" \/>\n<meta property=\"og:type\" content=\"article\" \/>\n<meta property=\"og:title\" content=\"1: 3 contre Aston Villa: la propri\u00e9t\u00e9 et une p\u00e9nalit\u00e9 co\u00fbtent cher pour le FC Bruges | Vie Associative\" \/>\n<meta property=\"og:description\" content=\"Jusqu&rsquo;\u00e0 la 82e minute, le FC Bruges a eu de bonnes chances lors de la fin de la finale contre Aston Villa pour atteindre les\" \/>\n<meta property=\"og:url\" content=\"https:\/\/vieassociative.be\/actualites\/1-3-contre-aston-villa-la-propriete-et-une-penalite-coutent-cher-pour-le-fc-bruges\/\" \/>\n<meta property=\"og:site_name\" content=\"Vie Associative\" \/>\n<meta property=\"article:published_time\" content=\"2025-03-04T20:17:47+00:00\" \/>\n<meta property=\"og:image\" content=\"https:\/\/vieassociative.be\/actualites\/wp-content\/uploads\/2024\/09\/header_backgroundk-01-e1726694325946.png\" \/>\n\t<meta property=\"og:image:width\" content=\"279\" \/>\n\t<meta property=\"og:image:height\" content=\"92\" \/>\n\t<meta property=\"og:image:type\" content=\"image\/png\" \/>\n<meta name=\"author\" content=\"Julien\" \/>\n<meta name=\"twitter:card\" content=\"summary_large_image\" \/>\n<meta name=\"twitter:label1\" content=\"\u00c9crit par\" \/>\n\t<meta name=\"twitter:data1\" content=\"Julien\" \/>\n\t<meta name=\"twitter:label2\" content=\"Dur\u00e9e de lecture est.\" \/>\n\t<meta name=\"twitter:data2\" content=\"3 minutes\" \/>\n<script type=\"application\/ld+json\" class=\"yoast-schema-graph\">{\"@context\":\"https:\/\/schema.org\",\"@graph\":[{\"@type\":\"Article\",\"@id\":\"https:\/\/vieassociative.be\/actualites\/1-3-contre-aston-villa-la-propriete-et-une-penalite-coutent-cher-pour-le-fc-bruges\/#article\",\"isPartOf\":{\"@id\":\"https:\/\/vieassociative.be\/actualites\/1-3-contre-aston-villa-la-propriete-et-une-penalite-coutent-cher-pour-le-fc-bruges\/\"},\"author\":{\"name\":\"Julien\",\"@id\":\"https:\/\/vieassociative.be\/actualites\/#\/schema\/person\/b87ac4f82f9d4e7b7cec7395b679edc4\"},\"headline\":\"1: 3 contre Aston Villa: la propri\u00e9t\u00e9 et une p\u00e9nalit\u00e9 co\u00fbtent cher pour le FC Bruges\",\"datePublished\":\"2025-03-04T20:17:47+00:00\",\"dateModified\":\"2025-03-04T20:17:47+00:00\",\"mainEntityOfPage\":{\"@id\":\"https:\/\/vieassociative.be\/actualites\/1-3-contre-aston-villa-la-propriete-et-une-penalite-coutent-cher-pour-le-fc-bruges\/\"},\"wordCount\":648,\"publisher\":{\"@id\":\"https:\/\/vieassociative.be\/actualites\/#organization\"},\"image\":{\"@id\":\"https:\/\/vieassociative.be\/actualites\/1-3-contre-aston-villa-la-propriete-et-une-penalite-coutent-cher-pour-le-fc-bruges\/#primaryimage\"},\"thumbnailUrl\":\"https:\/\/vieassociative.be\/actualites\/wp-content\/uploads\/2025\/03\/1-3-contre-Aston-Villa-la-propriete-et-une-penalite.jpg\",\"keywords\":[\"Aston\",\"Bruges\",\"cher\",\"contre\",\"co\u00fbtent\",\"p\u00e9nalit\u00e9\",\"pour\",\"propri\u00e9t\u00e9\",\"une\",\"Villa\"],\"articleSection\":[\"Belgique\"],\"inLanguage\":\"fr-BE\"},{\"@type\":\"WebPage\",\"@id\":\"https:\/\/vieassociative.be\/actualites\/1-3-contre-aston-villa-la-propriete-et-une-penalite-coutent-cher-pour-le-fc-bruges\/\",\"url\":\"https:\/\/vieassociative.be\/actualites\/1-3-contre-aston-villa-la-propriete-et-une-penalite-coutent-cher-pour-le-fc-bruges\/\",\"name\":\"1: 3 contre Aston Villa: la propri\u00e9t\u00e9 et une p\u00e9nalit\u00e9 co\u00fbtent cher pour le FC Bruges | Vie Associative\",\"isPartOf\":{\"@id\":\"https:\/\/vieassociative.be\/actualites\/#website\"},\"primaryImageOfPage\":{\"@id\":\"https:\/\/vieassociative.be\/actualites\/1-3-contre-aston-villa-la-propriete-et-une-penalite-coutent-cher-pour-le-fc-bruges\/#primaryimage\"},\"image\":{\"@id\":\"https:\/\/vieassociative.be\/actualites\/1-3-contre-aston-villa-la-propriete-et-une-penalite-coutent-cher-pour-le-fc-bruges\/#primaryimage\"},\"thumbnailUrl\":\"https:\/\/vieassociative.be\/actualites\/wp-content\/uploads\/2025\/03\/1-3-contre-Aston-Villa-la-propriete-et-une-penalite.jpg\",\"datePublished\":\"2025-03-04T20:17:47+00:00\",\"dateModified\":\"2025-03-04T20:17:47+00:00\",\"breadcrumb\":{\"@id\":\"https:\/\/vieassociative.be\/actualites\/1-3-contre-aston-villa-la-propriete-et-une-penalite-coutent-cher-pour-le-fc-bruges\/#breadcrumb\"},\"inLanguage\":\"fr-BE\",\"potentialAction\":[{\"@type\":\"ReadAction\",\"target\":[\"https:\/\/vieassociative.be\/actualites\/1-3-contre-aston-villa-la-propriete-et-une-penalite-coutent-cher-pour-le-fc-bruges\/\"]}]},{\"@type\":\"ImageObject\",\"inLanguage\":\"fr-BE\",\"@id\":\"https:\/\/vieassociative.be\/actualites\/1-3-contre-aston-villa-la-propriete-et-une-penalite-coutent-cher-pour-le-fc-bruges\/#primaryimage\",\"url\":\"https:\/\/vieassociative.be\/actualites\/wp-content\/uploads\/2025\/03\/1-3-contre-Aston-Villa-la-propriete-et-une-penalite.jpg\",\"contentUrl\":\"https:\/\/vieassociative.be\/actualites\/wp-content\/uploads\/2025\/03\/1-3-contre-Aston-Villa-la-propriete-et-une-penalite.jpg\",\"width\":1200,\"height\":800,\"caption\":\"1: 3 contre Aston Villa: la propri\u00e9t\u00e9 et une p\u00e9nalit\u00e9 co\u00fbtent cher pour le FC Bruges\"},{\"@type\":\"BreadcrumbList\",\"@id\":\"https:\/\/vieassociative.be\/actualites\/1-3-contre-aston-villa-la-propriete-et-une-penalite-coutent-cher-pour-le-fc-bruges\/#breadcrumb\",\"itemListElement\":[{\"@type\":\"ListItem\",\"position\":1,\"name\":\"Accueil\",\"item\":\"https:\/\/vieassociative.be\/actualites\/\"},{\"@type\":\"ListItem\",\"position\":2,\"name\":\"1: 3 contre Aston Villa: la propri\u00e9t\u00e9 et une p\u00e9nalit\u00e9 co\u00fbtent cher pour le FC Bruges\"}]},{\"@type\":\"WebSite\",\"@id\":\"https:\/\/vieassociative.be\/actualites\/#website\",\"url\":\"https:\/\/vieassociative.be\/actualites\/\",\"name\":\"Vie Associative\",\"description\":\"\",\"publisher\":{\"@id\":\"https:\/\/vieassociative.be\/actualites\/#organization\"},\"potentialAction\":[{\"@type\":\"SearchAction\",\"target\":{\"@type\":\"EntryPoint\",\"urlTemplate\":\"https:\/\/vieassociative.be\/actualites\/?s={search_term_string}\"},\"query-input\":{\"@type\":\"PropertyValueSpecification\",\"valueRequired\":true,\"valueName\":\"search_term_string\"}}],\"inLanguage\":\"fr-BE\"},{\"@type\":\"Organization\",\"@id\":\"https:\/\/vieassociative.be\/actualites\/#organization\",\"name\":\"Vie Associative\",\"url\":\"https:\/\/vieassociative.be\/actualites\/\",\"logo\":{\"@type\":\"ImageObject\",\"inLanguage\":\"fr-BE\",\"@id\":\"https:\/\/vieassociative.be\/actualites\/#\/schema\/logo\/image\/\",\"url\":\"https:\/\/vieassociative.be\/actualites\/wp-content\/uploads\/2024\/09\/cropped-vieassociative_favicon.ico.png\",\"contentUrl\":\"https:\/\/vieassociative.be\/actualites\/wp-content\/uploads\/2024\/09\/cropped-vieassociative_favicon.ico.png\",\"width\":512,\"height\":512,\"caption\":\"Vie Associative\"},\"image\":{\"@id\":\"https:\/\/vieassociative.be\/actualites\/#\/schema\/logo\/image\/\"}},{\"@type\":\"Person\",\"@id\":\"https:\/\/vieassociative.be\/actualites\/#\/schema\/person\/b87ac4f82f9d4e7b7cec7395b679edc4\",\"name\":\"Julien\",\"image\":{\"@type\":\"ImageObject\",\"inLanguage\":\"fr-BE\",\"@id\":\"https:\/\/vieassociative.be\/actualites\/#\/schema\/person\/image\/\",\"url\":\"https:\/\/vieassociative.be\/actualites\/wp-content\/uploads\/2024\/09\/vie-associative-1-150x150.jpg\",\"contentUrl\":\"https:\/\/vieassociative.be\/actualites\/wp-content\/uploads\/2024\/09\/vie-associative-1-150x150.jpg\",\"caption\":\"Julien\"},\"description\":\"Je suis Julien, r\u00e9dacteur pour Vie Associative. Passionn\u00e9 par le monde associatif depuis plus de 10 ans, j'ai \u00e0 c\u0153ur de partager des histoires inspirantes et de mettre en lumi\u00e8re les initiatives locales. Mon objectif est de sensibiliser et d'encourager l'engagement communautaire \u00e0 travers mes articles.\",\"sameAs\":[\"https:\/\/vieassociative.be\/\"]}]}<\/script>\n<!-- \/ Yoast SEO plugin. -->","yoast_head_json":{"title":"1: 3 contre Aston Villa: la propri\u00e9t\u00e9 et une p\u00e9nalit\u00e9 co\u00fbtent cher pour le FC Bruges | Vie Associative","robots":{"index":"index","follow":"follow","max-snippet":"max-snippet:-1","max-image-preview":"max-image-preview:large","max-video-preview":"max-video-preview:-1"},"canonical":"https:\/\/vieassociative.be\/actualites\/1-3-contre-aston-villa-la-propriete-et-une-penalite-coutent-cher-pour-le-fc-bruges\/","og_locale":"fr_FR","og_type":"article","og_title":"1: 3 contre Aston Villa: la propri\u00e9t\u00e9 et une p\u00e9nalit\u00e9 co\u00fbtent cher pour le FC Bruges | Vie Associative","og_description":"Jusqu&rsquo;\u00e0 la 82e minute, le FC Bruges a eu de bonnes chances lors de la fin de la finale contre Aston Villa pour atteindre les","og_url":"https:\/\/vieassociative.be\/actualites\/1-3-contre-aston-villa-la-propriete-et-une-penalite-coutent-cher-pour-le-fc-bruges\/","og_site_name":"Vie Associative","article_published_time":"2025-03-04T20:17:47+00:00","og_image":[{"width":279,"height":92,"url":"https:\/\/vieassociative.be\/actualites\/wp-content\/uploads\/2024\/09\/header_backgroundk-01-e1726694325946.png","type":"image\/png"}],"author":"Julien","twitter_card":"summary_large_image","twitter_misc":{"\u00c9crit par":"Julien","Dur\u00e9e de lecture est.":"3 minutes"},"schema":{"@context":"https:\/\/schema.org","@graph":[{"@type":"Article","@id":"https:\/\/vieassociative.be\/actualites\/1-3-contre-aston-villa-la-propriete-et-une-penalite-coutent-cher-pour-le-fc-bruges\/#article","isPartOf":{"@id":"https:\/\/vieassociative.be\/actualites\/1-3-contre-aston-villa-la-propriete-et-une-penalite-coutent-cher-pour-le-fc-bruges\/"},"author":{"name":"Julien","@id":"https:\/\/vieassociative.be\/actualites\/#\/schema\/person\/b87ac4f82f9d4e7b7cec7395b679edc4"},"headline":"1: 3 contre Aston Villa: la propri\u00e9t\u00e9 et une p\u00e9nalit\u00e9 co\u00fbtent cher pour le FC Bruges","datePublished":"2025-03-04T20:17:47+00:00","dateModified":"2025-03-04T20:17:47+00:00","mainEntityOfPage":{"@id":"https:\/\/vieassociative.be\/actualites\/1-3-contre-aston-villa-la-propriete-et-une-penalite-coutent-cher-pour-le-fc-bruges\/"},"wordCount":648,"publisher":{"@id":"https:\/\/vieassociative.be\/actualites\/#organization"},"image":{"@id":"https:\/\/vieassociative.be\/actualites\/1-3-contre-aston-villa-la-propriete-et-une-penalite-coutent-cher-pour-le-fc-bruges\/#primaryimage"},"thumbnailUrl":"https:\/\/vieassociative.be\/actualites\/wp-content\/uploads\/2025\/03\/1-3-contre-Aston-Villa-la-propriete-et-une-penalite.jpg","keywords":["Aston","Bruges","cher","contre","co\u00fbtent","p\u00e9nalit\u00e9","pour","propri\u00e9t\u00e9","une","Villa"],"articleSection":["Belgique"],"inLanguage":"fr-BE"},{"@type":"WebPage","@id":"https:\/\/vieassociative.be\/actualites\/1-3-contre-aston-villa-la-propriete-et-une-penalite-coutent-cher-pour-le-fc-bruges\/","url":"https:\/\/vieassociative.be\/actualites\/1-3-contre-aston-villa-la-propriete-et-une-penalite-coutent-cher-pour-le-fc-bruges\/","name":"1: 3 contre Aston Villa: la propri\u00e9t\u00e9 et une p\u00e9nalit\u00e9 co\u00fbtent cher pour le FC Bruges | Vie Associative","isPartOf":{"@id":"https:\/\/vieassociative.be\/actualites\/#website"},"primaryImageOfPage":{"@id":"https:\/\/vieassociative.be\/actualites\/1-3-contre-aston-villa-la-propriete-et-une-penalite-coutent-cher-pour-le-fc-bruges\/#primaryimage"},"image":{"@id":"https:\/\/vieassociative.be\/actualites\/1-3-contre-aston-villa-la-propriete-et-une-penalite-coutent-cher-pour-le-fc-bruges\/#primaryimage"},"thumbnailUrl":"https:\/\/vieassociative.be\/actualites\/wp-content\/uploads\/2025\/03\/1-3-contre-Aston-Villa-la-propriete-et-une-penalite.jpg","datePublished":"2025-03-04T20:17:47+00:00","dateModified":"2025-03-04T20:17:47+00:00","breadcrumb":{"@id":"https:\/\/vieassociative.be\/actualites\/1-3-contre-aston-villa-la-propriete-et-une-penalite-coutent-cher-pour-le-fc-bruges\/#breadcrumb"},"inLanguage":"fr-BE","potentialAction":[{"@type":"ReadAction","target":["https:\/\/vieassociative.be\/actualites\/1-3-contre-aston-villa-la-propriete-et-une-penalite-coutent-cher-pour-le-fc-bruges\/"]}]},{"@type":"ImageObject","inLanguage":"fr-BE","@id":"https:\/\/vieassociative.be\/actualites\/1-3-contre-aston-villa-la-propriete-et-une-penalite-coutent-cher-pour-le-fc-bruges\/#primaryimage","url":"https:\/\/vieassociative.be\/actualites\/wp-content\/uploads\/2025\/03\/1-3-contre-Aston-Villa-la-propriete-et-une-penalite.jpg","contentUrl":"https:\/\/vieassociative.be\/actualites\/wp-content\/uploads\/2025\/03\/1-3-contre-Aston-Villa-la-propriete-et-une-penalite.jpg","width":1200,"height":800,"caption":"1: 3 contre Aston Villa: la propri\u00e9t\u00e9 et une p\u00e9nalit\u00e9 co\u00fbtent cher pour le FC Bruges"},{"@type":"BreadcrumbList","@id":"https:\/\/vieassociative.be\/actualites\/1-3-contre-aston-villa-la-propriete-et-une-penalite-coutent-cher-pour-le-fc-bruges\/#breadcrumb","itemListElement":[{"@type":"ListItem","position":1,"name":"Accueil","item":"https:\/\/vieassociative.be\/actualites\/"},{"@type":"ListItem","position":2,"name":"1: 3 contre Aston Villa: la propri\u00e9t\u00e9 et une p\u00e9nalit\u00e9 co\u00fbtent cher pour le FC Bruges"}]},{"@type":"WebSite","@id":"https:\/\/vieassociative.be\/actualites\/#website","url":"https:\/\/vieassociative.be\/actualites\/","name":"Vie Associative","description":"","publisher":{"@id":"https:\/\/vieassociative.be\/actualites\/#organization"},"potentialAction":[{"@type":"SearchAction","target":{"@type":"EntryPoint","urlTemplate":"https:\/\/vieassociative.be\/actualites\/?s={search_term_string}"},"query-input":{"@type":"PropertyValueSpecification","valueRequired":true,"valueName":"search_term_string"}}],"inLanguage":"fr-BE"},{"@type":"Organization","@id":"https:\/\/vieassociative.be\/actualites\/#organization","name":"Vie Associative","url":"https:\/\/vieassociative.be\/actualites\/","logo":{"@type":"ImageObject","inLanguage":"fr-BE","@id":"https:\/\/vieassociative.be\/actualites\/#\/schema\/logo\/image\/","url":"https:\/\/vieassociative.be\/actualites\/wp-content\/uploads\/2024\/09\/cropped-vieassociative_favicon.ico.png","contentUrl":"https:\/\/vieassociative.be\/actualites\/wp-content\/uploads\/2024\/09\/cropped-vieassociative_favicon.ico.png","width":512,"height":512,"caption":"Vie Associative"},"image":{"@id":"https:\/\/vieassociative.be\/actualites\/#\/schema\/logo\/image\/"}},{"@type":"Person","@id":"https:\/\/vieassociative.be\/actualites\/#\/schema\/person\/b87ac4f82f9d4e7b7cec7395b679edc4","name":"Julien","image":{"@type":"ImageObject","inLanguage":"fr-BE","@id":"https:\/\/vieassociative.be\/actualites\/#\/schema\/person\/image\/","url":"https:\/\/vieassociative.be\/actualites\/wp-content\/uploads\/2024\/09\/vie-associative-1-150x150.jpg","contentUrl":"https:\/\/vieassociative.be\/actualites\/wp-content\/uploads\/2024\/09\/vie-associative-1-150x150.jpg","caption":"Julien"},"description":"Je suis Julien, r\u00e9dacteur pour Vie Associative. Passionn\u00e9 par le monde associatif depuis plus de 10 ans, j'ai \u00e0 c\u0153ur de partager des histoires inspirantes et de mettre en lumi\u00e8re les initiatives locales. Mon objectif est de sensibiliser et d'encourager l'engagement communautaire \u00e0 travers mes articles.","sameAs":["https:\/\/vieassociative.be\/"]}]}},"_links":{"self":[{"href":"https:\/\/vieassociative.be\/actualites\/wp-json\/wp\/v2\/posts\/5605"}],"collection":[{"href":"https:\/\/vieassociative.be\/actualites\/wp-json\/wp\/v2\/posts"}],"about":[{"href":"https:\/\/vieassociative.be\/actualites\/wp-json\/wp\/v2\/types\/post"}],"author":[{"embeddable":true,"href":"https:\/\/vieassociative.be\/actualites\/wp-json\/wp\/v2\/users\/1"}],"replies":[{"embeddable":true,"href":"https:\/\/vieassociative.be\/actualites\/wp-json\/wp\/v2\/comments?post=5605"}],"version-history":[{"count":0,"href":"https:\/\/vieassociative.be\/actualites\/wp-json\/wp\/v2\/posts\/5605\/revisions"}],"wp:featuredmedia":[{"embeddable":true,"href":"https:\/\/vieassociative.be\/actualites\/wp-json\/wp\/v2\/media\/5606"}],"wp:attachment":[{"href":"https:\/\/vieassociative.be\/actualites\/wp-json\/wp\/v2\/media?parent=5605"}],"wp:term":[{"taxonomy":"category","embeddable":true,"href":"https:\/\/vieassociative.be\/actualites\/wp-json\/wp\/v2\/categories?post=5605"},{"taxonomy":"post_tag","embeddable":true,"href":"https:\/\/vieassociative.be\/actualites\/wp-json\/wp\/v2\/tags?post=5605"}],"curies":[{"name":"wp","href":"https:\/\/api.w.org\/{rel}","templated":true}]}}