{"id":5595,"date":"2025-03-04T14:19:08","date_gmt":"2025-03-04T13:19:08","guid":{"rendered":"https:\/\/vieassociative.be\/actualites\/les-meilleurs-films-et-emissions-de-television-a-regarder-sur-max-ce-mois-ci-2\/"},"modified":"2025-03-04T14:19:08","modified_gmt":"2025-03-04T13:19:08","slug":"les-meilleurs-films-et-emissions-de-television-a-regarder-sur-max-ce-mois-ci-2","status":"publish","type":"post","link":"https:\/\/vieassociative.be\/actualites\/les-meilleurs-films-et-emissions-de-television-a-regarder-sur-max-ce-mois-ci-2\/","title":{"rendered":"Les meilleurs films et \u00e9missions de t\u00e9l\u00e9vision \u00e0 regarder sur Max ce mois-ci"},"content":{"rendered":"<div class=\"mt-4 leading-6 md:mb-8\">Il y a juste trop de t\u00e9l\u00e9vision pour tout regarder, donc j&rsquo;ai abattu les meilleurs bits de Max ce mois-ci.<\/div>\n<p><\/p>\n<p>J&rsquo;ai examin\u00e9 tout ce qui arrivera \u00e0 Max ce mois-ci, et les \u00e9missions de t\u00e9l\u00e9vision et les films ci-dessous sont les meilleurs du groupe, ou du moins les plus int\u00e9ressants. Mon premier choix: la com\u00e9die acerbique de HBO de HBO <em>Les pierres pr\u00e9cieuses justes<\/em><em> <\/em>revient pour sa quatri\u00e8me et derni\u00e8re saison. Il y a aussi <em>La parentalit\u00e9<\/em><em>,<\/em> Un film d&rsquo;horreur original HBO avec une pr\u00e9misse intrigante et un casting d&rsquo;\u00e9toiles, et un trio de films produits par A24: <em>Bizarre<\/em>, <em>H\u00e9r\u00e9tique<\/em>et <em>Chanter<\/em>.  <\/p>\n<hr>\n<h2 id=\"the-righteous-gemstones-season-4\"><em>Les pierres pr\u00e9cieuses justes, <\/em>Saison 4<\/h2>\n<div class=\"mx-auto mt-8 w-full max-w-4xl\">\n<div id=\"video-container-Ke4WHqYhem8\"><\/div>\n<\/div>\n<p>La quatri\u00e8me et derni\u00e8re saison de la com\u00e9die originale de HBO <em>Les pierres pr\u00e9cieuses justes<\/em> pr\u00e9sente la famille titulaire de t\u00e9l\u00e9vang\u00e9listes scummy combattant la \u00ab\u00a0guerre contre le christianisme\u00a0\u00bb de l&rsquo;Am\u00e9rique tout en continuant \u00e0 grincer des drageons hilarants. Le casting talentueux de l&rsquo;\u00e9mission &#8211; dont Danny McBride, Adam Devine, Edi Patterson et John Goodman &#8211; reviendront, et quelques nouveaux visages seront sur le maintiens pour garder les choses fra\u00eeches. <em>Volont\u00e9 et gr\u00e2ce<\/em> La star Megan Mullally incarne Lori, une vieille amie de la famille des pierres pr\u00e9cieuses, et Sean William Scott de <em>Tarte am\u00e9ricaine<\/em> joue son fils. <\/p>\n<p>Commence \u00e0 diffuser le 9 mars.<\/p>\n<hr>\n<h2 id=\"the-parenting\"><em>La parentalit\u00e9<\/em><\/h2>\n<div class=\"mx-auto mt-8 w-full max-w-4xl\">\n<div id=\"video-container-fn-hc0yf3MY\"><\/div>\n<\/div>\n<p>Horreur \/ com\u00e9die originale maximale <em>La parentalit\u00e9<\/em> Comprend un casting empil\u00e9 qui comprend Brian Cox, Lisa Kudrow, Dean Norris, Edie Falco, Parker Posey, Nik Dodani et Brandon Flynn. Dodani et Flynn jouent un jeune couple qui pr\u00e9voit une escapade d&rsquo;un week-end pour que leurs parents puissent se rencontrer et ils peuvent annoncer leur engagement. Les tensions entre les beaux-parents futurs, mais c&rsquo;est le moindre des probl\u00e8mes de la famille. Le Poltergeist malveillant qui hante la maison de campagne isol\u00e9e est un probl\u00e8me beaucoup plus grave, surtout quand il commence \u00e0 poss\u00e9der des gens. <\/p>\n<p><em>Commence \u00e0 diffuser le 13 mars. <\/em><\/p>\n<hr>\n<h2 id=\"queer-2024\"><em>Bizarre <\/em>(2024)<\/h2>\n<div class=\"mx-auto mt-8 w-full max-w-4xl\">\n<div id=\"video-container-eknj5_0tF2s\"><\/div>\n<\/div>\n<p>Daniel Craig transforme une performance inoubliable dans ce film produit par l&rsquo;A24 bas\u00e9 sur le roman de l&rsquo;\u00e9crivain iconoclastique William S. Burroughs. Situ\u00e9 \u00e0 Mexico dans les ann\u00e9es 1950, <em>Bizarre<\/em> Raconte l&rsquo;histoire d&rsquo;un expatri\u00e9 en Am\u00e9rique William Lee (Craig) qui passe ses journ\u00e9es \u00e0 boire et \u00e0 chasser les jeunes hommes, mais tomber amoureux d&rsquo;un GI am\u00e9ricain, jou\u00e9 par Drew Starkey, complique \u00e9norm\u00e9ment sa vie. <em>Bizarre<\/em> a \u00e9t\u00e9 dirig\u00e9 par Luca Guadagnino (<em>Appelez-moi par votre nom<\/em>), et il fait des films fantastiques. <\/p>\n<p>Commence \u00e0 diffuser le 28 mars.<\/p>\n<hr>\n<h2 id=\"heretic-2024\"><em>H\u00e9r\u00e9tique<\/em> (2024)<\/h2>\n<div class=\"mx-auto mt-8 w-full max-w-4xl\">\n<div id=\"video-container-O9i2vmFhSSY\"><\/div>\n<\/div>\n<p>Dans ce film d&rsquo;horreur acclam\u00e9 par la critique, une paire de missionnaires mormons id\u00e9alistes frappe \u00e0 la porte du mauvais homme. Hugh Grant est extr\u00eamement charmant lorsque les s\u0153urs Barnes (Sophie Thatcher) et Paxton (Chloe East) s&rsquo;arr\u00eatent; Il les invite m\u00eame \u00e0 une tranche de tarte et \u00e0 une conversation sur la spiritualit\u00e9. Mais les choses deviennent bient\u00f4t moches. Le script intelligent et net et les performances magistrales de Grant peuvent transcender le genre, mais la brutalit\u00e9 et le suspense ne vous laisseront pas oublier que vous regardez un film d&rsquo;horreur, \u00ab\u00a0Eleved\u00a0\u00bb ou non. <\/p>\n<p>Commence \u00e0 diffuser le 7 mars.<\/p>\n<hr>\n<h2 id=\"sing-sing-2024\"><em>Sing Sing (2024)<\/em><\/h2>\n<div class=\"mx-auto mt-8 w-full max-w-4xl\">\n<div id=\"video-container-j3dXc6P3zH8\"><\/div>\n<\/div>\n<p><em>Chanter<\/em> G\u00e9r\u00e9 presque universel pour sa repr\u00e9sentation du programme de r\u00e9habilitation de Sing Sing Prison \u00e0 travers le programme Arts (RTA), dans lequel les prisonniers endurcis mettent en sc\u00e8ne des productions dramatiques derri\u00e8re les barreaux. Colman Domingo a remport\u00e9 un Oscar pour sa repr\u00e9sentation de John Whitfield, une vraie personne qui a \u00e9t\u00e9 emprisonn\u00e9e pour un crime qu&rsquo;il n&rsquo;a pas commis. Une grande partie du reste de <em>Chanter<\/em>Les acteurs sont d&rsquo;anciens condamn\u00e9s jouant des versions d&rsquo;eux-m\u00eames, qui donne <em>Chanter<\/em> Une sensation brute, presque documentaire. Ce film unique et puissant devrait \u00eatre en haut de votre liste de choses \u00e0 ne pas s&rsquo;av\u00e9rer. <\/p>\n<p>Commence \u00e0 diffuser le 21 mars.<\/p>\n<hr>\n<h2 id=\"paul-american\"><em>Paul American<\/em><\/h2>\n<div class=\"mx-auto mt-8 w-full max-w-4xl\">\n<div id=\"video-container-Yn0y1yzUSWw\"><\/div>\n<\/div>\n<p>Si vous n&rsquo;en avez pas assez des superstars YouTube Jake et Logan Paul, cette \u00e9mission de t\u00e9l\u00e9r\u00e9alit\u00e9 en huit parties vous emm\u00e8nera au fond de la vie et des carri\u00e8res exag\u00e9r\u00e9es de ces superstars de divertissement et de sport uniquement am\u00e9ricains. Avec les fr\u00e8res c\u00e9l\u00e8bres, <em>Paul American<\/em> pr\u00e9sentera la nation \u00e0 la famille Paul \u00e9tendue afin que de nouvelles stars puissent \u00e9merger. Que Dieu b\u00e9nisse l&rsquo;Am\u00e9rique!<\/p>\n<p>Commence \u00e0 diffuser le 27 mars.<\/p>\n<hr>\n<h2 id=\"celtics-city\"><em>City Celtics <\/em><\/h2>\n<div class=\"mx-auto mt-8 w-full max-w-4xl\">\n<div id=\"video-container-8QHDwO9onJ8\"><\/div>\n<\/div>\n<p>Cette s\u00e9rie de r\u00e9alit\u00e9 sportive emm\u00e8ne les t\u00e9l\u00e9spectateurs dans les vestiaires et les salles de conf\u00e9rence des Boston Celtics, l&rsquo;\u00e9quipe la plus victorieuse de l&rsquo;histoire de la NBA. De sa fondation en 1946, jusqu&rsquo;aux ann\u00e9es 1980, Larry Bird Years, \u00e0 la saison triomphante 2024, <em>City Celtics<\/em> examine les forces complexes qui fa\u00e7onnent l&rsquo;\u00e9quipe en un h\u00e9ritage sportif durable.  <\/p>\n<p>Commence \u00e0 diffuser le 3 mars.<\/p>\n<hr>\n<h2 id=\"when-no-one-sees-us\"><em>Quand personne ne nous voit<\/em><\/h2>\n<div class=\"mx-auto mt-8 w-full max-w-4xl\">\n<div id=\"video-container-o0si9Hg-xLU\"><\/div>\n<\/div>\n<p>Bas\u00e9 sur le roman de Sergio Sarria, <em>Quand personne ne nous voit, c&rsquo;est <\/em>La premi\u00e8re s\u00e9rie originale de la langue espagnole de Max. Il met en vedette Maribel Verd\u00fa (<em>Le flash<\/em>) En tant qu&rsquo;officier de police espagnol local, Luc\u00eda Gutierrez. Lorsqu&rsquo;une s\u00e9rie de meurtres troublants se d\u00e9roulent autour de la Semaine Sainte \u00e0 Mor\u00f3n de la Frontera (S\u00e9ville), Gutierrez doit travailler avec le lieutenant Magaly Castillo de la base militaire am\u00e9ricaine \u00e0 proximit\u00e9. Plus qu&rsquo;un thriller et une proc\u00e9dure polici\u00e8re, <em>Quand personne ne nous voit<\/em> Explore le choc de la culture entre \u00abl&rsquo;Espagne profonde\u00bb et l&rsquo;une des plus grandes bases militaires am\u00e9ricaines au monde. <\/p>\n<p>Commence \u00e0 diffuser le 7 mars.<\/p>\n<hr>\n<h2 id=\"last-months-picks\">Choix du mois dernier<\/h2>\n<h2 id=\"the-white-lotus-season-3\"><em>Le lotus blanc,<\/em> Saison 3 <\/h2>\n<div class=\"mx-auto mt-8 w-full max-w-4xl\">\n<div id=\"video-container-XwQRkOK5KC4\"><\/div>\n<\/div>\n<p>S\u00e9rie de Mike White aux Emmy Emmy <em>Le lotus blanc<\/em> est le meilleur. Son m\u00e9lange de commentaires mordants sur la richesse et les privil\u00e8ges, les personnages bien dessin\u00e9s (mais presque toujours r\u00e9pr\u00e9hensibles) et l&rsquo;humour noir s&rsquo;ajoutent \u00e0 une s\u00e9rie t\u00e9l\u00e9vis\u00e9e de rien-Else. La saison 3 voit un nouveau groupe d&rsquo;Am\u00e9ricains choy\u00e9s arriver dans une station de luxe Lotus White en Tha\u00eflande. Je ne peux pas le dire avec certitude, mais je suppose qu&rsquo;ils auront des temps inattendus et troublants au lieu de vacances reposantes. La saison 3 peut \u00e9galement voir le retour de Natasha Rothwell, qui a jou\u00e9 le propri\u00e9taire du spa de la saison un &#8211; l&rsquo;un des quelques personnages sympathiques de la course de la s\u00e9rie. Les autres membres notables de la distribution incluent Walton Goggins (The Ghoul in Prime&rsquo;s Fallout Series), Carrie Coon, Scott Glenn, Leslie Bibb, Michelle Monaghan et Parker Posey.<\/p>\n<p>Commence \u00e0 diffuser le 16 f\u00e9vrier.<\/p>\n<h2 id=\"last-week-tonight-with-john-oliver-season-12\"><em>La semaine derni\u00e8re ce soir avec John Oliver<\/em>saison 12<\/h2>\n<div class=\"mx-auto mt-8 w-full max-w-4xl\">\n<div id=\"video-container-Xrdri8nalPA\"><\/div>\n<\/div>\n<p>Il y a une nouvelle saison de <em>La semaine derni\u00e8re ce soir<\/em> en premi\u00e8re ce mois-ci, et je suis presque s\u00fbr que l&rsquo;h\u00f4te sardonique John Oliver aura un <em>parcelle<\/em> pour parler en 2025 Am\u00e9rique. Oliver promet de poser les questions difficiles, comme \u00ab\u00a0avez-vous deux pr\u00e9sidents?\u00a0\u00bb Et \u00ab\u00a0La maman de Tucker Carlson lui a-t-elle vraiment laiss\u00e9 2 $ dans son testament?\u00a0\u00bb (Elle l&rsquo;a en fait laiss\u00e9 1 $.) Ne le manquez pas si vous aimez l&rsquo;humour politique pointu, car qui sait combien de temps l&rsquo;humour politique pointu restera l\u00e9gal.<\/p>\n<p>Commence \u00e0 diffuser le 16 f\u00e9vrier.<\/p>\n<h2 id=\"common-side-effects\"><em>Effets secondaires communs<\/em><\/h2>\n<div class=\"mx-auto mt-8 w-full max-w-4xl\">\n<div id=\"video-container-Tdf8q2ax-Ks\"><\/div>\n<\/div>\n<p>Ce dessin anim\u00e9 produit par adulte a l&rsquo;air intrigant. <em>Effets secondaires communs<\/em>\u00abLe producteur ex\u00e9cutif, Mike Judge, a cr\u00e9\u00e9 les deux<em> Roi de la colline<\/em> et <em>Beavis et Butthead<\/em>mais <em>Effets secondaires communs<\/em> n&rsquo;est pas vraiment une com\u00e9die. C&rsquo;est un drame de mauvaise humeur et \u00e9l\u00e9gant sur une paire d&rsquo;amis du secondaire qui d\u00e9couvrent \u00e0 la fois un m\u00e9dicament qui gu\u00e9rit litt\u00e9ralement tout et une vaste conspiration de l&rsquo;industrie pharmaceutique et du gouvernement pour couvrir son existence. <\/p>\n<p>Commence \u00e0 diffuser le 3 f\u00e9vrier.<\/p>\n<h2 id=\"have-i-got-news-for-you-season-2\"><em>Ai-je des nouvelles pour toi<\/em>Saison 2<\/h2>\n<p>Si John Oliver ne fournit pas suffisamment de couverture d&rsquo;informations comiques, pourquoi ne pas donner <em>Ai-je des nouvelles pour toi<\/em> un essai? H\u00e9berg\u00e9 par Roy Wood Jr. avec Amber Ruffin et Michael Ian Black, cette \u00e9mission \u00e9limine la mis\u00e8re de broyage de \u00ab\u00a0suivre les nouvelles\u00a0\u00bb et le rend amusant. Chaque \u00e9pisode pr\u00e9sente une autre paire d&rsquo;invit\u00e9s de c\u00e9l\u00e9brit\u00e9s qui s&rsquo;affrontent dans les jeux et les quiz qui testent leur connaissance des \u00e9v\u00e9nements actuels. C&rsquo;est un peu comme une version t\u00e9l\u00e9vis\u00e9e de NPR <em>Attendez, attendez, ne me dis pas<\/em>. <\/p>\n<p>Commence \u00e0 diffuser le 15 f\u00e9vrier.<\/p>\n<h2 id=\"we-live-in-time-2024\"><em>Nous vivons dans le temps (2024)<\/em><\/h2>\n<div class=\"mx-auto mt-8 w-full max-w-4xl\">\n<div id=\"video-container-MH02yagHaNw\"><\/div>\n<\/div>\n<p>Si vous \u00eates d&rsquo;humeur \u00e0 un drame tragique sur la romance condamn\u00e9e dans la veine de <em>Le cahier<\/em>c&rsquo;est le film pour vous. Ancr\u00e9 par de solides performances de Florence Pugh et Andrew Garfield, <em>Nous vivons dans le temps<\/em> Prend des risques avec la structure, sautant \u00e0 temps pour raconter l&rsquo;histoire des diagnostics de cancer du personnage de Pugh et sa d\u00e9cision de sauter le traitement pour vivre ses derniers jours aussi pleinement que possible. <em>Nous vivons dans le temps<\/em> a \u00e9t\u00e9 produit par A24, une entreprise qui manque rarement.  <\/p>\n<p>Commence \u00e0 diffuser le 7 f\u00e9vrier<\/p>\n<h2 id=\"the-takedown-american-aryans\"><em>Le retrait: Aryens am\u00e9ricains <\/em><\/h2>\n<div class=\"mx-auto mt-8 w-full max-w-4xl\">\n<div id=\"video-container-d5t3QprMYEk\"><\/div>\n<\/div>\n<p>Cette s\u00e9rie de docu originaux HBO d\u00e9taille la bataille de l&rsquo;application de la loi avec la confr\u00e9rie aryenne du Texas, une rue n\u00e9onazie et un gang de prison responsable de dizaines de meurtres et de centaines d&rsquo;autres crimes, y compris le meurtre brutal de Breanna Taylor. Gr\u00e2ce \u00e0 des entretiens avec des flics, la famille de Taylor et des membres de la Fraternit\u00e9 aryenne du Texas, <em>Le retrait: Aryens am\u00e9ricains<\/em> examine l&rsquo;enqu\u00eate, les arrestations et les proc\u00e8s qui ont paralys\u00e9 l&rsquo;entreprise criminelle notoire. <\/p>\n<p>Commence \u00e0 diffuser le 6 f\u00e9vrier.<\/p>\n<h2 id=\"we-are-the-best-2014\"><em>Nous sommes les meilleurs!<\/em> (2014)<\/h2>\n<div class=\"mx-auto mt-8 w-full max-w-4xl\">\n<div id=\"video-container-Xtd5A9hnjaU\"><\/div>\n<\/div>\n<p>Il n&rsquo;y a pas d&rsquo;acteurs reconnaissables dans <em>Nous sommes les meilleurs!<\/em> Il a \u00e9t\u00e9 fait pour tr\u00e8s peu d&rsquo;argent en Su\u00e8de. Bien que cela ait obtenu de bonnes critiques, presque personne ne l&rsquo;a vu &#8211; il a \u00e0 peine cass\u00e9 un million de dollars au box-office. Il est difficile d&rsquo;expliquer pourquoi quelqu&rsquo;un se soucierait d&rsquo;environ trois ans de douze ans \u00e0 Stockholm qui commence un terrible groupe de punk rock en 1982, mais je vous promets que vous vous soucierez si vous le regardez. Il capture quelque chose d&rsquo;insaisissable et de vrai pour la jeunesse et l&rsquo;espoir d&rsquo;une mani\u00e8re que peu de films ont jamais eu. S\u00e9rieusement, regardez ce film. <\/p>\n<p>Commence \u00e0 diffuser le 1er f\u00e9vrier.<\/p>\n<h2 id=\"how-i-left-the-opus-dei\"><em>Comment j&rsquo;ai quitt\u00e9 l&rsquo;opus dei <\/em><\/h2>\n<p>J&rsquo;ai \u00e9t\u00e9 \u00e9lev\u00e9 catholique, mais c&rsquo;\u00e9tait \u00ab\u00a0Essayez d&rsquo;aller \u00e0 l&rsquo;\u00e9glise dimanche parce que cela rend votre maman heureuse\u00a0\u00bb catholicisme, un monde de la diff\u00e9rence avec les catholiques hardcore de l&rsquo;opus dei: ils <em>signifier<\/em> il. Entre autres choses, ils dorment sur des planches au lieu des lits et sont dans la \u00abmortification de la chair\u00bb, et non de mani\u00e8re amusante \/ cr\u00e9pue. De toute fa\u00e7on, <em>Comment j&rsquo;ai quitt\u00e9 l&rsquo;opus dei<\/em> est une s\u00e9rie documentaire qui raconte l&rsquo;histoire de 13 femmes qui en ont \u00e9t\u00e9 marqu\u00e9es d&rsquo;\u00eatre maltrait\u00e9es et qui ont quitt\u00e9 le groupe. Je le v\u00e9rifie d\u00e9finitivement. <\/p>\n<p>Commence \u00e0 diffuser le 7 f\u00e9vrier<\/p>\n<h2 id=\"puppy-bowl-xxi\"><em>Puppy Bowl xxi<\/em><\/h2>\n<p>Si vous voulez une petite pause avec les Chiefs de Kansas City contre les Eagles de Philadelphie, vous pouvez passer \u00e0 la couverture de HBO du Bowl Puppy le dimanche du Super Bowl, et regarder de jolis petits chiots sur les \u00e9quipes Ruff et Fluff jouent avec des jouets pour chiens et se tromper entre eux, totalement inhabituels qu&rsquo;ils sont \u00e0 la t\u00e9l\u00e9vision et les gens disent, \u00ab\u00a0<em>awwwwww<\/em>. \u00ab\u00a0Ne manquez pas non plus le spectacle de mi-temps centr\u00e9 sur le chat. <\/p>\n<p>Commence \u00e0 diffuser le 9 f\u00e9vrier.<\/p>\n","protected":false},"excerpt":{"rendered":"<p>Il y a juste trop de t\u00e9l\u00e9vision pour tout regarder, donc j&rsquo;ai abattu les meilleurs bits de Max ce mois-ci. J&rsquo;ai examin\u00e9 tout ce qui<\/p>\n","protected":false},"author":1,"featured_media":5596,"comment_status":"","ping_status":"","sticky":false,"template":"","format":"standard","meta":{"footnotes":""},"categories":[36],"tags":[1931,102,14,16,187,2605,1924,33,1316],"class_list":["post-5595","post","type-post","status-publish","format-standard","has-post-thumbnail","hentry","category-divertissement","tag-emissions","tag-films","tag-les","tag-max","tag-meilleurs","tag-moisci","tag-regarder","tag-sur","tag-television","generate-columns","tablet-grid-50","mobile-grid-100","grid-parent","grid-33"],"yoast_head":"<!-- This site is optimized with the Yoast SEO plugin v24.0 - https:\/\/yoast.com\/wordpress\/plugins\/seo\/ -->\n<title>Les meilleurs films et \u00e9missions de t\u00e9l\u00e9vision \u00e0 regarder sur Max ce mois-ci | Vie Associative<\/title>\n<meta name=\"robots\" content=\"index, follow, max-snippet:-1, max-image-preview:large, max-video-preview:-1\" \/>\n<link rel=\"canonical\" href=\"https:\/\/vieassociative.be\/actualites\/les-meilleurs-films-et-emissions-de-television-a-regarder-sur-max-ce-mois-ci-2\/\" \/>\n<meta property=\"og:locale\" content=\"fr_FR\" \/>\n<meta property=\"og:type\" content=\"article\" \/>\n<meta property=\"og:title\" content=\"Les meilleurs films et \u00e9missions de t\u00e9l\u00e9vision \u00e0 regarder sur Max ce mois-ci | Vie Associative\" \/>\n<meta property=\"og:description\" content=\"Il y a juste trop de t\u00e9l\u00e9vision pour tout regarder, donc j&rsquo;ai abattu les meilleurs bits de Max ce mois-ci. J&rsquo;ai examin\u00e9 tout ce qui\" \/>\n<meta property=\"og:url\" content=\"https:\/\/vieassociative.be\/actualites\/les-meilleurs-films-et-emissions-de-television-a-regarder-sur-max-ce-mois-ci-2\/\" \/>\n<meta property=\"og:site_name\" content=\"Vie Associative\" \/>\n<meta property=\"article:published_time\" content=\"2025-03-04T13:19:08+00:00\" \/>\n<meta property=\"og:image\" content=\"https:\/\/vieassociative.be\/actualites\/wp-content\/uploads\/2024\/09\/header_backgroundk-01-e1726694325946.png\" \/>\n\t<meta property=\"og:image:width\" content=\"279\" \/>\n\t<meta property=\"og:image:height\" content=\"92\" \/>\n\t<meta property=\"og:image:type\" content=\"image\/png\" \/>\n<meta name=\"author\" content=\"Julien\" \/>\n<meta name=\"twitter:card\" content=\"summary_large_image\" \/>\n<meta name=\"twitter:label1\" content=\"\u00c9crit par\" \/>\n\t<meta name=\"twitter:data1\" content=\"Julien\" \/>\n\t<meta name=\"twitter:label2\" content=\"Dur\u00e9e de lecture est.\" \/>\n\t<meta name=\"twitter:data2\" content=\"10 minutes\" \/>\n<script type=\"application\/ld+json\" class=\"yoast-schema-graph\">{\"@context\":\"https:\/\/schema.org\",\"@graph\":[{\"@type\":\"Article\",\"@id\":\"https:\/\/vieassociative.be\/actualites\/les-meilleurs-films-et-emissions-de-television-a-regarder-sur-max-ce-mois-ci-2\/#article\",\"isPartOf\":{\"@id\":\"https:\/\/vieassociative.be\/actualites\/les-meilleurs-films-et-emissions-de-television-a-regarder-sur-max-ce-mois-ci-2\/\"},\"author\":{\"name\":\"Julien\",\"@id\":\"https:\/\/vieassociative.be\/actualites\/#\/schema\/person\/b87ac4f82f9d4e7b7cec7395b679edc4\"},\"headline\":\"Les meilleurs films et \u00e9missions de t\u00e9l\u00e9vision \u00e0 regarder sur Max ce mois-ci\",\"datePublished\":\"2025-03-04T13:19:08+00:00\",\"dateModified\":\"2025-03-04T13:19:08+00:00\",\"mainEntityOfPage\":{\"@id\":\"https:\/\/vieassociative.be\/actualites\/les-meilleurs-films-et-emissions-de-television-a-regarder-sur-max-ce-mois-ci-2\/\"},\"wordCount\":2007,\"publisher\":{\"@id\":\"https:\/\/vieassociative.be\/actualites\/#organization\"},\"image\":{\"@id\":\"https:\/\/vieassociative.be\/actualites\/les-meilleurs-films-et-emissions-de-television-a-regarder-sur-max-ce-mois-ci-2\/#primaryimage\"},\"thumbnailUrl\":\"https:\/\/vieassociative.be\/actualites\/wp-content\/uploads\/2025\/03\/Les-meilleurs-films-et-emissions-de-television-a-regarder-sur.jpg\",\"keywords\":[\"\u00e9missions\",\"films\",\"Les\",\"Max\",\"meilleurs\",\"moisci\",\"regarder\",\"sur\",\"t\u00e9l\u00e9vision\"],\"articleSection\":[\"Divertissement\"],\"inLanguage\":\"fr-BE\"},{\"@type\":\"WebPage\",\"@id\":\"https:\/\/vieassociative.be\/actualites\/les-meilleurs-films-et-emissions-de-television-a-regarder-sur-max-ce-mois-ci-2\/\",\"url\":\"https:\/\/vieassociative.be\/actualites\/les-meilleurs-films-et-emissions-de-television-a-regarder-sur-max-ce-mois-ci-2\/\",\"name\":\"Les meilleurs films et \u00e9missions de t\u00e9l\u00e9vision \u00e0 regarder sur Max ce mois-ci | Vie Associative\",\"isPartOf\":{\"@id\":\"https:\/\/vieassociative.be\/actualites\/#website\"},\"primaryImageOfPage\":{\"@id\":\"https:\/\/vieassociative.be\/actualites\/les-meilleurs-films-et-emissions-de-television-a-regarder-sur-max-ce-mois-ci-2\/#primaryimage\"},\"image\":{\"@id\":\"https:\/\/vieassociative.be\/actualites\/les-meilleurs-films-et-emissions-de-television-a-regarder-sur-max-ce-mois-ci-2\/#primaryimage\"},\"thumbnailUrl\":\"https:\/\/vieassociative.be\/actualites\/wp-content\/uploads\/2025\/03\/Les-meilleurs-films-et-emissions-de-television-a-regarder-sur.jpg\",\"datePublished\":\"2025-03-04T13:19:08+00:00\",\"dateModified\":\"2025-03-04T13:19:08+00:00\",\"breadcrumb\":{\"@id\":\"https:\/\/vieassociative.be\/actualites\/les-meilleurs-films-et-emissions-de-television-a-regarder-sur-max-ce-mois-ci-2\/#breadcrumb\"},\"inLanguage\":\"fr-BE\",\"potentialAction\":[{\"@type\":\"ReadAction\",\"target\":[\"https:\/\/vieassociative.be\/actualites\/les-meilleurs-films-et-emissions-de-television-a-regarder-sur-max-ce-mois-ci-2\/\"]}]},{\"@type\":\"ImageObject\",\"inLanguage\":\"fr-BE\",\"@id\":\"https:\/\/vieassociative.be\/actualites\/les-meilleurs-films-et-emissions-de-television-a-regarder-sur-max-ce-mois-ci-2\/#primaryimage\",\"url\":\"https:\/\/vieassociative.be\/actualites\/wp-content\/uploads\/2025\/03\/Les-meilleurs-films-et-emissions-de-television-a-regarder-sur.jpg\",\"contentUrl\":\"https:\/\/vieassociative.be\/actualites\/wp-content\/uploads\/2025\/03\/Les-meilleurs-films-et-emissions-de-television-a-regarder-sur.jpg\",\"width\":1200,\"height\":675,\"caption\":\"Les meilleurs films et \u00e9missions de t\u00e9l\u00e9vision \u00e0 regarder sur Max ce mois-ci\"},{\"@type\":\"BreadcrumbList\",\"@id\":\"https:\/\/vieassociative.be\/actualites\/les-meilleurs-films-et-emissions-de-television-a-regarder-sur-max-ce-mois-ci-2\/#breadcrumb\",\"itemListElement\":[{\"@type\":\"ListItem\",\"position\":1,\"name\":\"Accueil\",\"item\":\"https:\/\/vieassociative.be\/actualites\/\"},{\"@type\":\"ListItem\",\"position\":2,\"name\":\"Les meilleurs films et \u00e9missions de t\u00e9l\u00e9vision \u00e0 regarder sur Max ce mois-ci\"}]},{\"@type\":\"WebSite\",\"@id\":\"https:\/\/vieassociative.be\/actualites\/#website\",\"url\":\"https:\/\/vieassociative.be\/actualites\/\",\"name\":\"Vie Associative\",\"description\":\"\",\"publisher\":{\"@id\":\"https:\/\/vieassociative.be\/actualites\/#organization\"},\"potentialAction\":[{\"@type\":\"SearchAction\",\"target\":{\"@type\":\"EntryPoint\",\"urlTemplate\":\"https:\/\/vieassociative.be\/actualites\/?s={search_term_string}\"},\"query-input\":{\"@type\":\"PropertyValueSpecification\",\"valueRequired\":true,\"valueName\":\"search_term_string\"}}],\"inLanguage\":\"fr-BE\"},{\"@type\":\"Organization\",\"@id\":\"https:\/\/vieassociative.be\/actualites\/#organization\",\"name\":\"Vie Associative\",\"url\":\"https:\/\/vieassociative.be\/actualites\/\",\"logo\":{\"@type\":\"ImageObject\",\"inLanguage\":\"fr-BE\",\"@id\":\"https:\/\/vieassociative.be\/actualites\/#\/schema\/logo\/image\/\",\"url\":\"https:\/\/vieassociative.be\/actualites\/wp-content\/uploads\/2024\/09\/cropped-vieassociative_favicon.ico.png\",\"contentUrl\":\"https:\/\/vieassociative.be\/actualites\/wp-content\/uploads\/2024\/09\/cropped-vieassociative_favicon.ico.png\",\"width\":512,\"height\":512,\"caption\":\"Vie Associative\"},\"image\":{\"@id\":\"https:\/\/vieassociative.be\/actualites\/#\/schema\/logo\/image\/\"}},{\"@type\":\"Person\",\"@id\":\"https:\/\/vieassociative.be\/actualites\/#\/schema\/person\/b87ac4f82f9d4e7b7cec7395b679edc4\",\"name\":\"Julien\",\"image\":{\"@type\":\"ImageObject\",\"inLanguage\":\"fr-BE\",\"@id\":\"https:\/\/vieassociative.be\/actualites\/#\/schema\/person\/image\/\",\"url\":\"https:\/\/vieassociative.be\/actualites\/wp-content\/uploads\/2024\/09\/vie-associative-1-150x150.jpg\",\"contentUrl\":\"https:\/\/vieassociative.be\/actualites\/wp-content\/uploads\/2024\/09\/vie-associative-1-150x150.jpg\",\"caption\":\"Julien\"},\"description\":\"Je suis Julien, r\u00e9dacteur pour Vie Associative. Passionn\u00e9 par le monde associatif depuis plus de 10 ans, j'ai \u00e0 c\u0153ur de partager des histoires inspirantes et de mettre en lumi\u00e8re les initiatives locales. Mon objectif est de sensibiliser et d'encourager l'engagement communautaire \u00e0 travers mes articles.\",\"sameAs\":[\"https:\/\/vieassociative.be\/\"]}]}<\/script>\n<!-- \/ Yoast SEO plugin. -->","yoast_head_json":{"title":"Les meilleurs films et \u00e9missions de t\u00e9l\u00e9vision \u00e0 regarder sur Max ce mois-ci | Vie Associative","robots":{"index":"index","follow":"follow","max-snippet":"max-snippet:-1","max-image-preview":"max-image-preview:large","max-video-preview":"max-video-preview:-1"},"canonical":"https:\/\/vieassociative.be\/actualites\/les-meilleurs-films-et-emissions-de-television-a-regarder-sur-max-ce-mois-ci-2\/","og_locale":"fr_FR","og_type":"article","og_title":"Les meilleurs films et \u00e9missions de t\u00e9l\u00e9vision \u00e0 regarder sur Max ce mois-ci | Vie Associative","og_description":"Il y a juste trop de t\u00e9l\u00e9vision pour tout regarder, donc j&rsquo;ai abattu les meilleurs bits de Max ce mois-ci. J&rsquo;ai examin\u00e9 tout ce qui","og_url":"https:\/\/vieassociative.be\/actualites\/les-meilleurs-films-et-emissions-de-television-a-regarder-sur-max-ce-mois-ci-2\/","og_site_name":"Vie Associative","article_published_time":"2025-03-04T13:19:08+00:00","og_image":[{"width":279,"height":92,"url":"https:\/\/vieassociative.be\/actualites\/wp-content\/uploads\/2024\/09\/header_backgroundk-01-e1726694325946.png","type":"image\/png"}],"author":"Julien","twitter_card":"summary_large_image","twitter_misc":{"\u00c9crit par":"Julien","Dur\u00e9e de lecture est.":"10 minutes"},"schema":{"@context":"https:\/\/schema.org","@graph":[{"@type":"Article","@id":"https:\/\/vieassociative.be\/actualites\/les-meilleurs-films-et-emissions-de-television-a-regarder-sur-max-ce-mois-ci-2\/#article","isPartOf":{"@id":"https:\/\/vieassociative.be\/actualites\/les-meilleurs-films-et-emissions-de-television-a-regarder-sur-max-ce-mois-ci-2\/"},"author":{"name":"Julien","@id":"https:\/\/vieassociative.be\/actualites\/#\/schema\/person\/b87ac4f82f9d4e7b7cec7395b679edc4"},"headline":"Les meilleurs films et \u00e9missions de t\u00e9l\u00e9vision \u00e0 regarder sur Max ce mois-ci","datePublished":"2025-03-04T13:19:08+00:00","dateModified":"2025-03-04T13:19:08+00:00","mainEntityOfPage":{"@id":"https:\/\/vieassociative.be\/actualites\/les-meilleurs-films-et-emissions-de-television-a-regarder-sur-max-ce-mois-ci-2\/"},"wordCount":2007,"publisher":{"@id":"https:\/\/vieassociative.be\/actualites\/#organization"},"image":{"@id":"https:\/\/vieassociative.be\/actualites\/les-meilleurs-films-et-emissions-de-television-a-regarder-sur-max-ce-mois-ci-2\/#primaryimage"},"thumbnailUrl":"https:\/\/vieassociative.be\/actualites\/wp-content\/uploads\/2025\/03\/Les-meilleurs-films-et-emissions-de-television-a-regarder-sur.jpg","keywords":["\u00e9missions","films","Les","Max","meilleurs","moisci","regarder","sur","t\u00e9l\u00e9vision"],"articleSection":["Divertissement"],"inLanguage":"fr-BE"},{"@type":"WebPage","@id":"https:\/\/vieassociative.be\/actualites\/les-meilleurs-films-et-emissions-de-television-a-regarder-sur-max-ce-mois-ci-2\/","url":"https:\/\/vieassociative.be\/actualites\/les-meilleurs-films-et-emissions-de-television-a-regarder-sur-max-ce-mois-ci-2\/","name":"Les meilleurs films et \u00e9missions de t\u00e9l\u00e9vision \u00e0 regarder sur Max ce mois-ci | Vie Associative","isPartOf":{"@id":"https:\/\/vieassociative.be\/actualites\/#website"},"primaryImageOfPage":{"@id":"https:\/\/vieassociative.be\/actualites\/les-meilleurs-films-et-emissions-de-television-a-regarder-sur-max-ce-mois-ci-2\/#primaryimage"},"image":{"@id":"https:\/\/vieassociative.be\/actualites\/les-meilleurs-films-et-emissions-de-television-a-regarder-sur-max-ce-mois-ci-2\/#primaryimage"},"thumbnailUrl":"https:\/\/vieassociative.be\/actualites\/wp-content\/uploads\/2025\/03\/Les-meilleurs-films-et-emissions-de-television-a-regarder-sur.jpg","datePublished":"2025-03-04T13:19:08+00:00","dateModified":"2025-03-04T13:19:08+00:00","breadcrumb":{"@id":"https:\/\/vieassociative.be\/actualites\/les-meilleurs-films-et-emissions-de-television-a-regarder-sur-max-ce-mois-ci-2\/#breadcrumb"},"inLanguage":"fr-BE","potentialAction":[{"@type":"ReadAction","target":["https:\/\/vieassociative.be\/actualites\/les-meilleurs-films-et-emissions-de-television-a-regarder-sur-max-ce-mois-ci-2\/"]}]},{"@type":"ImageObject","inLanguage":"fr-BE","@id":"https:\/\/vieassociative.be\/actualites\/les-meilleurs-films-et-emissions-de-television-a-regarder-sur-max-ce-mois-ci-2\/#primaryimage","url":"https:\/\/vieassociative.be\/actualites\/wp-content\/uploads\/2025\/03\/Les-meilleurs-films-et-emissions-de-television-a-regarder-sur.jpg","contentUrl":"https:\/\/vieassociative.be\/actualites\/wp-content\/uploads\/2025\/03\/Les-meilleurs-films-et-emissions-de-television-a-regarder-sur.jpg","width":1200,"height":675,"caption":"Les meilleurs films et \u00e9missions de t\u00e9l\u00e9vision \u00e0 regarder sur Max ce mois-ci"},{"@type":"BreadcrumbList","@id":"https:\/\/vieassociative.be\/actualites\/les-meilleurs-films-et-emissions-de-television-a-regarder-sur-max-ce-mois-ci-2\/#breadcrumb","itemListElement":[{"@type":"ListItem","position":1,"name":"Accueil","item":"https:\/\/vieassociative.be\/actualites\/"},{"@type":"ListItem","position":2,"name":"Les meilleurs films et \u00e9missions de t\u00e9l\u00e9vision \u00e0 regarder sur Max ce mois-ci"}]},{"@type":"WebSite","@id":"https:\/\/vieassociative.be\/actualites\/#website","url":"https:\/\/vieassociative.be\/actualites\/","name":"Vie Associative","description":"","publisher":{"@id":"https:\/\/vieassociative.be\/actualites\/#organization"},"potentialAction":[{"@type":"SearchAction","target":{"@type":"EntryPoint","urlTemplate":"https:\/\/vieassociative.be\/actualites\/?s={search_term_string}"},"query-input":{"@type":"PropertyValueSpecification","valueRequired":true,"valueName":"search_term_string"}}],"inLanguage":"fr-BE"},{"@type":"Organization","@id":"https:\/\/vieassociative.be\/actualites\/#organization","name":"Vie Associative","url":"https:\/\/vieassociative.be\/actualites\/","logo":{"@type":"ImageObject","inLanguage":"fr-BE","@id":"https:\/\/vieassociative.be\/actualites\/#\/schema\/logo\/image\/","url":"https:\/\/vieassociative.be\/actualites\/wp-content\/uploads\/2024\/09\/cropped-vieassociative_favicon.ico.png","contentUrl":"https:\/\/vieassociative.be\/actualites\/wp-content\/uploads\/2024\/09\/cropped-vieassociative_favicon.ico.png","width":512,"height":512,"caption":"Vie Associative"},"image":{"@id":"https:\/\/vieassociative.be\/actualites\/#\/schema\/logo\/image\/"}},{"@type":"Person","@id":"https:\/\/vieassociative.be\/actualites\/#\/schema\/person\/b87ac4f82f9d4e7b7cec7395b679edc4","name":"Julien","image":{"@type":"ImageObject","inLanguage":"fr-BE","@id":"https:\/\/vieassociative.be\/actualites\/#\/schema\/person\/image\/","url":"https:\/\/vieassociative.be\/actualites\/wp-content\/uploads\/2024\/09\/vie-associative-1-150x150.jpg","contentUrl":"https:\/\/vieassociative.be\/actualites\/wp-content\/uploads\/2024\/09\/vie-associative-1-150x150.jpg","caption":"Julien"},"description":"Je suis Julien, r\u00e9dacteur pour Vie Associative. Passionn\u00e9 par le monde associatif depuis plus de 10 ans, j'ai \u00e0 c\u0153ur de partager des histoires inspirantes et de mettre en lumi\u00e8re les initiatives locales. Mon objectif est de sensibiliser et d'encourager l'engagement communautaire \u00e0 travers mes articles.","sameAs":["https:\/\/vieassociative.be\/"]}]}},"_links":{"self":[{"href":"https:\/\/vieassociative.be\/actualites\/wp-json\/wp\/v2\/posts\/5595"}],"collection":[{"href":"https:\/\/vieassociative.be\/actualites\/wp-json\/wp\/v2\/posts"}],"about":[{"href":"https:\/\/vieassociative.be\/actualites\/wp-json\/wp\/v2\/types\/post"}],"author":[{"embeddable":true,"href":"https:\/\/vieassociative.be\/actualites\/wp-json\/wp\/v2\/users\/1"}],"replies":[{"embeddable":true,"href":"https:\/\/vieassociative.be\/actualites\/wp-json\/wp\/v2\/comments?post=5595"}],"version-history":[{"count":0,"href":"https:\/\/vieassociative.be\/actualites\/wp-json\/wp\/v2\/posts\/5595\/revisions"}],"wp:featuredmedia":[{"embeddable":true,"href":"https:\/\/vieassociative.be\/actualites\/wp-json\/wp\/v2\/media\/5596"}],"wp:attachment":[{"href":"https:\/\/vieassociative.be\/actualites\/wp-json\/wp\/v2\/media?parent=5595"}],"wp:term":[{"taxonomy":"category","embeddable":true,"href":"https:\/\/vieassociative.be\/actualites\/wp-json\/wp\/v2\/categories?post=5595"},{"taxonomy":"post_tag","embeddable":true,"href":"https:\/\/vieassociative.be\/actualites\/wp-json\/wp\/v2\/tags?post=5595"}],"curies":[{"name":"wp","href":"https:\/\/api.w.org\/{rel}","templated":true}]}}