{"id":5590,"date":"2025-03-04T08:18:12","date_gmt":"2025-03-04T07:18:12","guid":{"rendered":"https:\/\/vieassociative.be\/actualites\/les-mises-a-niveau-de-siri-apple-intelligence-sont-encore-dans-quelques-mois-au-moins\/"},"modified":"2025-03-04T08:18:12","modified_gmt":"2025-03-04T07:18:12","slug":"les-mises-a-niveau-de-siri-apple-intelligence-sont-encore-dans-quelques-mois-au-moins","status":"publish","type":"post","link":"https:\/\/vieassociative.be\/actualites\/les-mises-a-niveau-de-siri-apple-intelligence-sont-encore-dans-quelques-mois-au-moins\/","title":{"rendered":"Les mises \u00e0 niveau de Siri Apple Intelligence sont encore dans quelques mois (au moins)"},"content":{"rendered":"<div class=\"mt-4 leading-6 md:mb-8\">Nous pourrions voir le nouveau Siri avec iOS 18.5, mais il n&rsquo;y a aucune garantie.<\/div>\n<p><\/p>\n<p>Lorsque Apple a r\u00e9v\u00e9l\u00e9 Apple Intelligence pour la premi\u00e8re fois, sa liste de fonctionnalit\u00e9s g\u00e9n\u00e9ratrices de l&rsquo;IA, une grande partie de cette annonce \u00e9tait un Siri super charg\u00e9. L&rsquo;assistant num\u00e9rique d&rsquo;Apple ne serait plus \u00e0 la tra\u00eene par rapport aux concurrents comme Google: avec la puissance de l&rsquo;IA, le nouveau Siri pourrait en fait \u00eatre utile.<\/p>\n<p>Lorsque Apple Intelligence tombe dans son int\u00e9gralit\u00e9, Siri serait beaucoup plus contextuellement conscient et serait en mesure de num\u00e9riser ce qu&rsquo;il y a sur votre t\u00e9l\u00e9phone pour comprendre et r\u00e9pondre aux questions que vous posez. Si votre ami vous envoie sa nouvelle adresse, vous pouvez demander \u00e0 Siri \u00ab\u00a0ajouter cette adresse \u00e0 sa carte de contact\u00a0\u00bb. Vous n&rsquo;avez pas besoin de sp\u00e9cifier quelle adresse ou quel contact, car l&rsquo;assistant, selon Apple, sera en mesure de comprendre cela par ce qui est actuellement \u00e0 l&rsquo;\u00e9cran. Une autre fonctionnalit\u00e9 \u00e9norme est la possibilit\u00e9 de demander \u00e0 Siri de prendre des mesures pour vous: vous pouvez demander \u00e0 Siri d&rsquo;envoyer un e-mail que vous avez dans vos brouillons, de modifier une image en votre nom ou d&rsquo;ajouter une photo \u00e0 une note sp\u00e9cifique. <\/p>\n<p>Si votre iPhone est compatible avec Apple Intelligence, vous avez peut-\u00eatre suppos\u00e9 qu&rsquo;il prend en charge ce nouveau Siri. IOS 18 est sorti depuis un peu, apr\u00e8s tout, et Apple a pouss\u00e9 le dur Apple Intelligence (et le nouveau Siri), y compris avec une campagne mettant en vedette Bella Ramsey. Certains employ\u00e9s d&rsquo;Apple Store ont m\u00eame commenc\u00e9 un chant sur l&rsquo;IA lors du lancement de l&rsquo;iPhone 16.<\/p>\n<h2 id=\"a-waiting-game\">Un jeu d&rsquo;attente<\/h2>\n<p>Le fait est que le nouveau Siri n&rsquo;est pas encore l\u00e0. Apple a mis \u00e0 niveau Siri un peu avec iOS 18.1, et c&rsquo;est la premi\u00e8re vague de nouvelles fonctionnalit\u00e9s d&rsquo;IA: qui comprend le nouveau design de Siri, qui brille sur les bords de l&rsquo;\u00e9cran; la possibilit\u00e9 de taper \u00e0 Siri en tapant en double en bas de l&rsquo;\u00e9cran; La capacit\u00e9 de Siri \u00e0 comprendre les demandes m\u00eame lorsque vous trompez; et une nouvelle fonctionnalit\u00e9 qui transforme Siri en support technique impromptu (par exemple, \u00ab\u00a0Comment d\u00e9sactiver ne pas d\u00e9ranger?\u00a0\u00bb).<\/p>\n<p>Mais iOS 18.1 est venu et est pass\u00e9 sans plus de mises \u00e0 jour \u00e0 Siri. iOS 18.2 a ajout\u00e9 plus de fonctionnalit\u00e9s d&rsquo;intelligence Apple, y compris l&rsquo;int\u00e9gration de Chatgpt, mais aucun changement majeur Siri. iOS 18.3 \u00e9tait une mise \u00e0 jour plus petite (Apple m\u00eame r\u00e9sum\u00e9 de notification d\u00e9sactiv\u00e9e pour certains types d&rsquo;alerte), mais, encore une fois, a saut\u00e9 des mises \u00e0 niveau pour Siri. \u00c0 un moment donn\u00e9, iOS 18.4 semblait \u00eatre la mise \u00e0 jour Siri la plus probable, mais, h\u00e9las, pas de d\u00e9s. (Cela apporte cependant un certain nombre de nouvelles fonctionnalit\u00e9s.)<\/p>\n<h2 id=\"its-not-clear-when-siris-full-form-will-arrive\">Il n&rsquo;est pas clair quand la forme compl\u00e8te de Siri arrivera<\/h2>\n<p>Quiconque anticipe de mani\u00e8re vive la promesse de l&rsquo;IA de Siri devra continuer \u00e0 attendre. Mark Gurman de Bloomberg a rapport\u00e9 en septembre qu&rsquo;Apple pr\u00e9voyait de d\u00e9ployer la plupart des grandes fonctionnalit\u00e9s de Siri par iOS 18.4. Cependant, peu de temps avant qu&rsquo;Apple ne laisse tomber le premier b\u00eata 18.4, Gurman a d\u00e9clar\u00e9 que les probl\u00e8mes et les bogues affligent l&rsquo;\u00e9quipe d&rsquo;ing\u00e9nierie, qui ont du mal \u00e0 faire fonctionner les fonctionnalit\u00e9s de l&rsquo;IA de Siri. En cons\u00e9quence, Siri pourrait \u00eatre encore plus retard\u00e9. Il s&rsquo;est av\u00e9r\u00e9 que son reportage \u00e9tait correct.<\/p>\n<p>Maintenant, l&rsquo;attention se tourne vers iOS 18.5. Le rapport de Gurman a d\u00e9clar\u00e9 qu&rsquo;Apple esp\u00e8re exp\u00e9dier ces nouvelles fonctionnalit\u00e9s d&rsquo;IA Siri avec la prochaine mise \u00e0 jour, ce qui se d\u00e9roulerait probablement en mai. (La version b\u00eata 18.5 sera exp\u00e9di\u00e9e plus t\u00f4t.) Afin de le faire fonctionner, Apple a d\u00fb s\u00e9parer Siri en deux parties &#8211; ou des cerveaux, comme le dit Gurman: un cerveau g\u00e8re les t\u00e2ches Siri traditionnelles que nous avons connues au fil des ans (d\u00e9finir des rappels, passer des appels, choisir une chanson, etc.), tandis que les autres pointes des nouvelles caract\u00e9ristiques de l&rsquo;AI. Id\u00e9alement, ces deux cerveaux seraient transform\u00e9s en un seul, pour offrir l&rsquo;exp\u00e9rience Siri la plus compl\u00e8te possible. Ce n&rsquo;est tout simplement pas encore pr\u00eat, m\u00eame pour 18,5. Chaque fois que ces fonctionnalit\u00e9s Siri arrivent, elles seront un peu sous-aliment\u00e9es par rapport \u00e0 ce que Apple veut qu&rsquo;ils soient.<\/p>\n<p>Gurman dit que ce super Siri th\u00e9orique (nom de code LLM Siri) n&rsquo;arrivera pas avant au moins iOS 19 (et probablement iOS 19.4), qu&rsquo;Apple pourrait introduire lors de la WWDC de cette ann\u00e9e. Comme iOS 18.4, iOS 19.4 n&rsquo;arrivera pas avant l&rsquo;ann\u00e9e suivante, 2026. Apple aurait \u00e9galement voulu rendre Siri plus conversationnel, peut-\u00eatre semblable au mode vocal de Chatgpt, mais, comme les autres fonctionnalit\u00e9s d&rsquo;Apple AI, elle est \u00e9galement retard\u00e9e et ne sera probablement pas pr\u00e9sent\u00e9e au WWDC. En fait, il pourrait ne pas arriver avant iOS 20, jusqu&rsquo;en 2027. Qui sait o\u00f9 se trouvent des concurrents comme Chatgpt.  <\/p>\n<h2 id=\"not-all-iphones-will-get-new-siri-features\">Tous les iPhones n&rsquo;obtiendront pas de nouvelles fonctionnalit\u00e9s Siri<\/h2>\n<p>Alors qu&rsquo;Apple prend en charge l&rsquo;iPhone aussi ancien que le XS avec iOS 18, peu d&rsquo;iPhones obtiendront r\u00e9ellement ces nouvelles fonctionnalit\u00e9s Siri. En effet, Apple Intelligence est limit\u00e9e \u00e0 l&rsquo;iPhone 15 Pro, \u00e0 l&rsquo;iPhone 15 Pro Max et \u00e0 la s\u00e9rie iPhone 16, y compris le nouvel iPhone 16E. Si vous avez un iPhone 15 ou plus, vous ne verrez pas ces nouvelles mises \u00e0 niveau, m\u00eame lorsque vous mettez \u00e0 jour vers iOS 18.5, ou la mise \u00e0 jour qui contient le Siri Overhauled AI.<\/p>\n","protected":false},"excerpt":{"rendered":"<p>Nous pourrions voir le nouveau Siri avec iOS 18.5, mais il n&rsquo;y a aucune garantie. Lorsque Apple a r\u00e9v\u00e9l\u00e9 Apple Intelligence pour la premi\u00e8re fois,<\/p>\n","protected":false},"author":1,"featured_media":375,"comment_status":"","ping_status":"","sticky":false,"template":"","format":"standard","meta":{"footnotes":""},"categories":[13],"tags":[54,166,592,591,14,588,469,232,3540,5658,589,18],"class_list":["post-5590","post","type-post","status-publish","format-standard","has-post-thumbnail","hentry","category-technologie","tag-apple","tag-dans","tag-encore","tag-intelligence","tag-les","tag-mises","tag-moins","tag-mois","tag-niveau","tag-quelques","tag-siri","tag-sont","generate-columns","tablet-grid-50","mobile-grid-100","grid-parent","grid-33"],"yoast_head":"<!-- This site is optimized with the Yoast SEO plugin v24.0 - https:\/\/yoast.com\/wordpress\/plugins\/seo\/ -->\n<title>Les mises \u00e0 niveau de Siri Apple Intelligence sont encore dans quelques mois (au moins) | Vie Associative<\/title>\n<meta name=\"robots\" content=\"index, follow, max-snippet:-1, max-image-preview:large, max-video-preview:-1\" \/>\n<link rel=\"canonical\" href=\"https:\/\/vieassociative.be\/actualites\/les-mises-a-niveau-de-siri-apple-intelligence-sont-encore-dans-quelques-mois-au-moins\/\" \/>\n<meta property=\"og:locale\" content=\"fr_FR\" \/>\n<meta property=\"og:type\" content=\"article\" \/>\n<meta property=\"og:title\" content=\"Les mises \u00e0 niveau de Siri Apple Intelligence sont encore dans quelques mois (au moins) | Vie Associative\" \/>\n<meta property=\"og:description\" content=\"Nous pourrions voir le nouveau Siri avec iOS 18.5, mais il n&rsquo;y a aucune garantie. Lorsque Apple a r\u00e9v\u00e9l\u00e9 Apple Intelligence pour la premi\u00e8re fois,\" \/>\n<meta property=\"og:url\" content=\"https:\/\/vieassociative.be\/actualites\/les-mises-a-niveau-de-siri-apple-intelligence-sont-encore-dans-quelques-mois-au-moins\/\" \/>\n<meta property=\"og:site_name\" content=\"Vie Associative\" \/>\n<meta property=\"article:published_time\" content=\"2025-03-04T07:18:12+00:00\" \/>\n<meta property=\"og:image\" content=\"https:\/\/vieassociative.be\/actualites\/wp-content\/uploads\/2024\/09\/header_backgroundk-01-e1726694325946.png\" \/>\n\t<meta property=\"og:image:width\" content=\"279\" \/>\n\t<meta property=\"og:image:height\" content=\"92\" \/>\n\t<meta property=\"og:image:type\" content=\"image\/png\" \/>\n<meta name=\"author\" content=\"Julien\" \/>\n<meta name=\"twitter:card\" content=\"summary_large_image\" \/>\n<meta name=\"twitter:label1\" content=\"\u00c9crit par\" \/>\n\t<meta name=\"twitter:data1\" content=\"Julien\" \/>\n\t<meta name=\"twitter:label2\" content=\"Dur\u00e9e de lecture est.\" \/>\n\t<meta name=\"twitter:data2\" content=\"5 minutes\" \/>\n<script type=\"application\/ld+json\" class=\"yoast-schema-graph\">{\"@context\":\"https:\/\/schema.org\",\"@graph\":[{\"@type\":\"Article\",\"@id\":\"https:\/\/vieassociative.be\/actualites\/les-mises-a-niveau-de-siri-apple-intelligence-sont-encore-dans-quelques-mois-au-moins\/#article\",\"isPartOf\":{\"@id\":\"https:\/\/vieassociative.be\/actualites\/les-mises-a-niveau-de-siri-apple-intelligence-sont-encore-dans-quelques-mois-au-moins\/\"},\"author\":{\"name\":\"Julien\",\"@id\":\"https:\/\/vieassociative.be\/actualites\/#\/schema\/person\/b87ac4f82f9d4e7b7cec7395b679edc4\"},\"headline\":\"Les mises \u00e0 niveau de Siri Apple Intelligence sont encore dans quelques mois (au moins)\",\"datePublished\":\"2025-03-04T07:18:12+00:00\",\"dateModified\":\"2025-03-04T07:18:12+00:00\",\"mainEntityOfPage\":{\"@id\":\"https:\/\/vieassociative.be\/actualites\/les-mises-a-niveau-de-siri-apple-intelligence-sont-encore-dans-quelques-mois-au-moins\/\"},\"wordCount\":992,\"publisher\":{\"@id\":\"https:\/\/vieassociative.be\/actualites\/#organization\"},\"image\":{\"@id\":\"https:\/\/vieassociative.be\/actualites\/les-mises-a-niveau-de-siri-apple-intelligence-sont-encore-dans-quelques-mois-au-moins\/#primaryimage\"},\"thumbnailUrl\":\"https:\/\/vieassociative.be\/actualites\/wp-content\/uploads\/2024\/09\/Les-mises-a-jour-de-Siri-dApple-Intelligence-sont-encore.jpg\",\"keywords\":[\"Apple\",\"dans\",\"encore\",\"Intelligence\",\"Les\",\"mises\",\"moins\",\"mois\",\"niveau\",\"quelques\",\"Siri\",\"sont\"],\"articleSection\":[\"Technologie\"],\"inLanguage\":\"fr-BE\"},{\"@type\":\"WebPage\",\"@id\":\"https:\/\/vieassociative.be\/actualites\/les-mises-a-niveau-de-siri-apple-intelligence-sont-encore-dans-quelques-mois-au-moins\/\",\"url\":\"https:\/\/vieassociative.be\/actualites\/les-mises-a-niveau-de-siri-apple-intelligence-sont-encore-dans-quelques-mois-au-moins\/\",\"name\":\"Les mises \u00e0 niveau de Siri Apple Intelligence sont encore dans quelques mois (au moins) | Vie Associative\",\"isPartOf\":{\"@id\":\"https:\/\/vieassociative.be\/actualites\/#website\"},\"primaryImageOfPage\":{\"@id\":\"https:\/\/vieassociative.be\/actualites\/les-mises-a-niveau-de-siri-apple-intelligence-sont-encore-dans-quelques-mois-au-moins\/#primaryimage\"},\"image\":{\"@id\":\"https:\/\/vieassociative.be\/actualites\/les-mises-a-niveau-de-siri-apple-intelligence-sont-encore-dans-quelques-mois-au-moins\/#primaryimage\"},\"thumbnailUrl\":\"https:\/\/vieassociative.be\/actualites\/wp-content\/uploads\/2024\/09\/Les-mises-a-jour-de-Siri-dApple-Intelligence-sont-encore.jpg\",\"datePublished\":\"2025-03-04T07:18:12+00:00\",\"dateModified\":\"2025-03-04T07:18:12+00:00\",\"breadcrumb\":{\"@id\":\"https:\/\/vieassociative.be\/actualites\/les-mises-a-niveau-de-siri-apple-intelligence-sont-encore-dans-quelques-mois-au-moins\/#breadcrumb\"},\"inLanguage\":\"fr-BE\",\"potentialAction\":[{\"@type\":\"ReadAction\",\"target\":[\"https:\/\/vieassociative.be\/actualites\/les-mises-a-niveau-de-siri-apple-intelligence-sont-encore-dans-quelques-mois-au-moins\/\"]}]},{\"@type\":\"ImageObject\",\"inLanguage\":\"fr-BE\",\"@id\":\"https:\/\/vieassociative.be\/actualites\/les-mises-a-niveau-de-siri-apple-intelligence-sont-encore-dans-quelques-mois-au-moins\/#primaryimage\",\"url\":\"https:\/\/vieassociative.be\/actualites\/wp-content\/uploads\/2024\/09\/Les-mises-a-jour-de-Siri-dApple-Intelligence-sont-encore.jpg\",\"contentUrl\":\"https:\/\/vieassociative.be\/actualites\/wp-content\/uploads\/2024\/09\/Les-mises-a-jour-de-Siri-dApple-Intelligence-sont-encore.jpg\",\"width\":1200,\"height\":675,\"caption\":\"Les mises \u00e0 jour de Siri d'Apple Intelligence sont encore \u00e0 venir\"},{\"@type\":\"BreadcrumbList\",\"@id\":\"https:\/\/vieassociative.be\/actualites\/les-mises-a-niveau-de-siri-apple-intelligence-sont-encore-dans-quelques-mois-au-moins\/#breadcrumb\",\"itemListElement\":[{\"@type\":\"ListItem\",\"position\":1,\"name\":\"Accueil\",\"item\":\"https:\/\/vieassociative.be\/actualites\/\"},{\"@type\":\"ListItem\",\"position\":2,\"name\":\"Les mises \u00e0 niveau de Siri Apple Intelligence sont encore dans quelques mois (au moins)\"}]},{\"@type\":\"WebSite\",\"@id\":\"https:\/\/vieassociative.be\/actualites\/#website\",\"url\":\"https:\/\/vieassociative.be\/actualites\/\",\"name\":\"Vie Associative\",\"description\":\"\",\"publisher\":{\"@id\":\"https:\/\/vieassociative.be\/actualites\/#organization\"},\"potentialAction\":[{\"@type\":\"SearchAction\",\"target\":{\"@type\":\"EntryPoint\",\"urlTemplate\":\"https:\/\/vieassociative.be\/actualites\/?s={search_term_string}\"},\"query-input\":{\"@type\":\"PropertyValueSpecification\",\"valueRequired\":true,\"valueName\":\"search_term_string\"}}],\"inLanguage\":\"fr-BE\"},{\"@type\":\"Organization\",\"@id\":\"https:\/\/vieassociative.be\/actualites\/#organization\",\"name\":\"Vie Associative\",\"url\":\"https:\/\/vieassociative.be\/actualites\/\",\"logo\":{\"@type\":\"ImageObject\",\"inLanguage\":\"fr-BE\",\"@id\":\"https:\/\/vieassociative.be\/actualites\/#\/schema\/logo\/image\/\",\"url\":\"https:\/\/vieassociative.be\/actualites\/wp-content\/uploads\/2024\/09\/cropped-vieassociative_favicon.ico.png\",\"contentUrl\":\"https:\/\/vieassociative.be\/actualites\/wp-content\/uploads\/2024\/09\/cropped-vieassociative_favicon.ico.png\",\"width\":512,\"height\":512,\"caption\":\"Vie Associative\"},\"image\":{\"@id\":\"https:\/\/vieassociative.be\/actualites\/#\/schema\/logo\/image\/\"}},{\"@type\":\"Person\",\"@id\":\"https:\/\/vieassociative.be\/actualites\/#\/schema\/person\/b87ac4f82f9d4e7b7cec7395b679edc4\",\"name\":\"Julien\",\"image\":{\"@type\":\"ImageObject\",\"inLanguage\":\"fr-BE\",\"@id\":\"https:\/\/vieassociative.be\/actualites\/#\/schema\/person\/image\/\",\"url\":\"https:\/\/vieassociative.be\/actualites\/wp-content\/uploads\/2024\/09\/vie-associative-1-150x150.jpg\",\"contentUrl\":\"https:\/\/vieassociative.be\/actualites\/wp-content\/uploads\/2024\/09\/vie-associative-1-150x150.jpg\",\"caption\":\"Julien\"},\"description\":\"Je suis Julien, r\u00e9dacteur pour Vie Associative. Passionn\u00e9 par le monde associatif depuis plus de 10 ans, j'ai \u00e0 c\u0153ur de partager des histoires inspirantes et de mettre en lumi\u00e8re les initiatives locales. Mon objectif est de sensibiliser et d'encourager l'engagement communautaire \u00e0 travers mes articles.\",\"sameAs\":[\"https:\/\/vieassociative.be\/\"]}]}<\/script>\n<!-- \/ Yoast SEO plugin. -->","yoast_head_json":{"title":"Les mises \u00e0 niveau de Siri Apple Intelligence sont encore dans quelques mois (au moins) | Vie Associative","robots":{"index":"index","follow":"follow","max-snippet":"max-snippet:-1","max-image-preview":"max-image-preview:large","max-video-preview":"max-video-preview:-1"},"canonical":"https:\/\/vieassociative.be\/actualites\/les-mises-a-niveau-de-siri-apple-intelligence-sont-encore-dans-quelques-mois-au-moins\/","og_locale":"fr_FR","og_type":"article","og_title":"Les mises \u00e0 niveau de Siri Apple Intelligence sont encore dans quelques mois (au moins) | Vie Associative","og_description":"Nous pourrions voir le nouveau Siri avec iOS 18.5, mais il n&rsquo;y a aucune garantie. Lorsque Apple a r\u00e9v\u00e9l\u00e9 Apple Intelligence pour la premi\u00e8re fois,","og_url":"https:\/\/vieassociative.be\/actualites\/les-mises-a-niveau-de-siri-apple-intelligence-sont-encore-dans-quelques-mois-au-moins\/","og_site_name":"Vie Associative","article_published_time":"2025-03-04T07:18:12+00:00","og_image":[{"width":279,"height":92,"url":"https:\/\/vieassociative.be\/actualites\/wp-content\/uploads\/2024\/09\/header_backgroundk-01-e1726694325946.png","type":"image\/png"}],"author":"Julien","twitter_card":"summary_large_image","twitter_misc":{"\u00c9crit par":"Julien","Dur\u00e9e de lecture est.":"5 minutes"},"schema":{"@context":"https:\/\/schema.org","@graph":[{"@type":"Article","@id":"https:\/\/vieassociative.be\/actualites\/les-mises-a-niveau-de-siri-apple-intelligence-sont-encore-dans-quelques-mois-au-moins\/#article","isPartOf":{"@id":"https:\/\/vieassociative.be\/actualites\/les-mises-a-niveau-de-siri-apple-intelligence-sont-encore-dans-quelques-mois-au-moins\/"},"author":{"name":"Julien","@id":"https:\/\/vieassociative.be\/actualites\/#\/schema\/person\/b87ac4f82f9d4e7b7cec7395b679edc4"},"headline":"Les mises \u00e0 niveau de Siri Apple Intelligence sont encore dans quelques mois (au moins)","datePublished":"2025-03-04T07:18:12+00:00","dateModified":"2025-03-04T07:18:12+00:00","mainEntityOfPage":{"@id":"https:\/\/vieassociative.be\/actualites\/les-mises-a-niveau-de-siri-apple-intelligence-sont-encore-dans-quelques-mois-au-moins\/"},"wordCount":992,"publisher":{"@id":"https:\/\/vieassociative.be\/actualites\/#organization"},"image":{"@id":"https:\/\/vieassociative.be\/actualites\/les-mises-a-niveau-de-siri-apple-intelligence-sont-encore-dans-quelques-mois-au-moins\/#primaryimage"},"thumbnailUrl":"https:\/\/vieassociative.be\/actualites\/wp-content\/uploads\/2024\/09\/Les-mises-a-jour-de-Siri-dApple-Intelligence-sont-encore.jpg","keywords":["Apple","dans","encore","Intelligence","Les","mises","moins","mois","niveau","quelques","Siri","sont"],"articleSection":["Technologie"],"inLanguage":"fr-BE"},{"@type":"WebPage","@id":"https:\/\/vieassociative.be\/actualites\/les-mises-a-niveau-de-siri-apple-intelligence-sont-encore-dans-quelques-mois-au-moins\/","url":"https:\/\/vieassociative.be\/actualites\/les-mises-a-niveau-de-siri-apple-intelligence-sont-encore-dans-quelques-mois-au-moins\/","name":"Les mises \u00e0 niveau de Siri Apple Intelligence sont encore dans quelques mois (au moins) | Vie Associative","isPartOf":{"@id":"https:\/\/vieassociative.be\/actualites\/#website"},"primaryImageOfPage":{"@id":"https:\/\/vieassociative.be\/actualites\/les-mises-a-niveau-de-siri-apple-intelligence-sont-encore-dans-quelques-mois-au-moins\/#primaryimage"},"image":{"@id":"https:\/\/vieassociative.be\/actualites\/les-mises-a-niveau-de-siri-apple-intelligence-sont-encore-dans-quelques-mois-au-moins\/#primaryimage"},"thumbnailUrl":"https:\/\/vieassociative.be\/actualites\/wp-content\/uploads\/2024\/09\/Les-mises-a-jour-de-Siri-dApple-Intelligence-sont-encore.jpg","datePublished":"2025-03-04T07:18:12+00:00","dateModified":"2025-03-04T07:18:12+00:00","breadcrumb":{"@id":"https:\/\/vieassociative.be\/actualites\/les-mises-a-niveau-de-siri-apple-intelligence-sont-encore-dans-quelques-mois-au-moins\/#breadcrumb"},"inLanguage":"fr-BE","potentialAction":[{"@type":"ReadAction","target":["https:\/\/vieassociative.be\/actualites\/les-mises-a-niveau-de-siri-apple-intelligence-sont-encore-dans-quelques-mois-au-moins\/"]}]},{"@type":"ImageObject","inLanguage":"fr-BE","@id":"https:\/\/vieassociative.be\/actualites\/les-mises-a-niveau-de-siri-apple-intelligence-sont-encore-dans-quelques-mois-au-moins\/#primaryimage","url":"https:\/\/vieassociative.be\/actualites\/wp-content\/uploads\/2024\/09\/Les-mises-a-jour-de-Siri-dApple-Intelligence-sont-encore.jpg","contentUrl":"https:\/\/vieassociative.be\/actualites\/wp-content\/uploads\/2024\/09\/Les-mises-a-jour-de-Siri-dApple-Intelligence-sont-encore.jpg","width":1200,"height":675,"caption":"Les mises \u00e0 jour de Siri d'Apple Intelligence sont encore \u00e0 venir"},{"@type":"BreadcrumbList","@id":"https:\/\/vieassociative.be\/actualites\/les-mises-a-niveau-de-siri-apple-intelligence-sont-encore-dans-quelques-mois-au-moins\/#breadcrumb","itemListElement":[{"@type":"ListItem","position":1,"name":"Accueil","item":"https:\/\/vieassociative.be\/actualites\/"},{"@type":"ListItem","position":2,"name":"Les mises \u00e0 niveau de Siri Apple Intelligence sont encore dans quelques mois (au moins)"}]},{"@type":"WebSite","@id":"https:\/\/vieassociative.be\/actualites\/#website","url":"https:\/\/vieassociative.be\/actualites\/","name":"Vie Associative","description":"","publisher":{"@id":"https:\/\/vieassociative.be\/actualites\/#organization"},"potentialAction":[{"@type":"SearchAction","target":{"@type":"EntryPoint","urlTemplate":"https:\/\/vieassociative.be\/actualites\/?s={search_term_string}"},"query-input":{"@type":"PropertyValueSpecification","valueRequired":true,"valueName":"search_term_string"}}],"inLanguage":"fr-BE"},{"@type":"Organization","@id":"https:\/\/vieassociative.be\/actualites\/#organization","name":"Vie Associative","url":"https:\/\/vieassociative.be\/actualites\/","logo":{"@type":"ImageObject","inLanguage":"fr-BE","@id":"https:\/\/vieassociative.be\/actualites\/#\/schema\/logo\/image\/","url":"https:\/\/vieassociative.be\/actualites\/wp-content\/uploads\/2024\/09\/cropped-vieassociative_favicon.ico.png","contentUrl":"https:\/\/vieassociative.be\/actualites\/wp-content\/uploads\/2024\/09\/cropped-vieassociative_favicon.ico.png","width":512,"height":512,"caption":"Vie Associative"},"image":{"@id":"https:\/\/vieassociative.be\/actualites\/#\/schema\/logo\/image\/"}},{"@type":"Person","@id":"https:\/\/vieassociative.be\/actualites\/#\/schema\/person\/b87ac4f82f9d4e7b7cec7395b679edc4","name":"Julien","image":{"@type":"ImageObject","inLanguage":"fr-BE","@id":"https:\/\/vieassociative.be\/actualites\/#\/schema\/person\/image\/","url":"https:\/\/vieassociative.be\/actualites\/wp-content\/uploads\/2024\/09\/vie-associative-1-150x150.jpg","contentUrl":"https:\/\/vieassociative.be\/actualites\/wp-content\/uploads\/2024\/09\/vie-associative-1-150x150.jpg","caption":"Julien"},"description":"Je suis Julien, r\u00e9dacteur pour Vie Associative. Passionn\u00e9 par le monde associatif depuis plus de 10 ans, j'ai \u00e0 c\u0153ur de partager des histoires inspirantes et de mettre en lumi\u00e8re les initiatives locales. Mon objectif est de sensibiliser et d'encourager l'engagement communautaire \u00e0 travers mes articles.","sameAs":["https:\/\/vieassociative.be\/"]}]}},"_links":{"self":[{"href":"https:\/\/vieassociative.be\/actualites\/wp-json\/wp\/v2\/posts\/5590"}],"collection":[{"href":"https:\/\/vieassociative.be\/actualites\/wp-json\/wp\/v2\/posts"}],"about":[{"href":"https:\/\/vieassociative.be\/actualites\/wp-json\/wp\/v2\/types\/post"}],"author":[{"embeddable":true,"href":"https:\/\/vieassociative.be\/actualites\/wp-json\/wp\/v2\/users\/1"}],"replies":[{"embeddable":true,"href":"https:\/\/vieassociative.be\/actualites\/wp-json\/wp\/v2\/comments?post=5590"}],"version-history":[{"count":0,"href":"https:\/\/vieassociative.be\/actualites\/wp-json\/wp\/v2\/posts\/5590\/revisions"}],"wp:featuredmedia":[{"embeddable":true,"href":"https:\/\/vieassociative.be\/actualites\/wp-json\/wp\/v2\/media\/375"}],"wp:attachment":[{"href":"https:\/\/vieassociative.be\/actualites\/wp-json\/wp\/v2\/media?parent=5590"}],"wp:term":[{"taxonomy":"category","embeddable":true,"href":"https:\/\/vieassociative.be\/actualites\/wp-json\/wp\/v2\/categories?post=5590"},{"taxonomy":"post_tag","embeddable":true,"href":"https:\/\/vieassociative.be\/actualites\/wp-json\/wp\/v2\/tags?post=5590"}],"curies":[{"name":"wp","href":"https:\/\/api.w.org\/{rel}","templated":true}]}}