{"id":5585,"date":"2025-03-04T03:21:08","date_gmt":"2025-03-04T02:21:08","guid":{"rendered":"https:\/\/vieassociative.be\/actualites\/un-homme-de-rhenanie-palatinate-se-deroule-dans-une-foule-2-morts\/"},"modified":"2025-03-04T03:21:08","modified_gmt":"2025-03-04T02:21:08","slug":"un-homme-de-rhenanie-palatinate-se-deroule-dans-une-foule-2-morts","status":"publish","type":"post","link":"https:\/\/vieassociative.be\/actualites\/un-homme-de-rhenanie-palatinate-se-deroule-dans-une-foule-2-morts\/","title":{"rendered":"Un homme de Rh\u00e9nanie-Palatinate se d\u00e9roule dans une foule: 2 morts"},"content":{"rendered":"<p><strong>Encore une fois, il y a un \u00e9tat d&rsquo;urgence \u00e0 Mannheim: Apr\u00e8s une attaque contre un policier en mai dernier, une voiture va maintenant dans une foule. Les d\u00e9tails sont progressivement r\u00e9v\u00e9l\u00e9s.<\/strong><\/p>\n<p><span id=\"more-410101\"><\/span>Un homme de Rh\u00e9nanie-Palatinat aurait couru dans une foule dans le centre-ville de Mannheim. Selon le ministre de l&rsquo;Int\u00e9rieur du Baden-Wurtemberg, Thomas Strobl (CDU), deux personnes sont mortes, beaucoup d&rsquo;autres ont \u00e9t\u00e9 bless\u00e9es.<\/p>\n<p>Selon Strobl, un allemand de 40 ans de Rh\u00e9nanie-Palatinate \u00e9tait au volant de la voiture. Il a \u00e9t\u00e9 arr\u00eat\u00e9 et a \u00e9t\u00e9 bless\u00e9 dans un h\u00f4pital. <\/p>\n<\/p>\n<div id=\"attachment_410107\" class=\"wp-caption alignleft\" style=\"max-width: 300px\"><img fetchpriority=\"high\" decoding=\"async\" class=\"wp-image-410107 size-medium\" src=\"https:\/\/vieassociative.be\/actualites\/wp-content\/uploads\/2025\/03\/Un-homme-de-Rhenanie-Palatinate-se-deroule-dans-une-foule-2.jpg\" alt=\"\" width=\"300\" height=\"177\"  ><\/p>\n<p class=\"wp-caption-text\">03.03.2025, Bade-Wurtemberg, Mannheim: Un sac \u00e0 provisions avec des mensonges est dans une rue du centre-ville apr\u00e8s une op\u00e9ration \u00e0 grande \u00e9chelle. Photo: Ren\u00e9 Priebe \/ DPA<\/p>\n<\/div>\n<p>Les enqu\u00eateurs n&rsquo;assument pas d&rsquo;autres auteurs. Selon des rapports Eyewitness, l&rsquo;homme de Friedrichsring aurait conduit ou tu\u00e9 plusieurs passants dans les planches de plusieurs centaines de m\u00e8tres de long, la principale rue commer\u00e7ante et au niveau du paradis. Un march\u00e9 du carnaval avec des dizaines de snack-bars et de trajets se d\u00e9roule actuellement sur les planches et autour du ch\u00e2teau d&rsquo;eau. Selon Strobl&rsquo;s, rien ne prouve que le crime soit li\u00e9 \u00e0 un \u00e9v\u00e9nement de carnaval.<\/p>\n<p>L&rsquo;affaire suscite des souvenirs de plusieurs attaques dans lesquelles les v\u00e9hicules avaient conduit dans une foule au cours des derni\u00e8res semaines. En d\u00e9cembre, six personnes sont d\u00e9c\u00e9d\u00e9es \u00e0 Magdeburg lorsqu&rsquo;un m\u00e9decin de 50 ans avait couru sur le march\u00e9 de No\u00ebl. \u00c0 la mi-f\u00e9vrier, un homme avait conduit son v\u00e9hicule \u00e0 un groupe de manifestants \u00e0 Munich. Une jeune femme et un enfant sont morts. (DPA)<\/p>\n","protected":false},"excerpt":{"rendered":"<p>Encore une fois, il y a un \u00e9tat d&rsquo;urgence \u00e0 Mannheim: Apr\u00e8s une attaque contre un policier en mai dernier, une voiture va maintenant dans<\/p>\n","protected":false},"author":1,"featured_media":5586,"comment_status":"","ping_status":"","sticky":false,"template":"","format":"standard","meta":{"footnotes":""},"categories":[298],"tags":[166,5657,4428,4555,439,5656,110],"class_list":["post-5585","post","type-post","status-publish","format-standard","has-post-thumbnail","hentry","category-belgique","tag-dans","tag-deroule","tag-foule","tag-homme","tag-morts","tag-rhenaniepalatinate","tag-une","generate-columns","tablet-grid-50","mobile-grid-100","grid-parent","grid-33"],"yoast_head":"<!-- This site is optimized with the Yoast SEO plugin v24.0 - https:\/\/yoast.com\/wordpress\/plugins\/seo\/ -->\n<title>Un homme de Rh\u00e9nanie-Palatinate se d\u00e9roule dans une foule: 2 morts | Vie Associative<\/title>\n<meta name=\"robots\" content=\"index, follow, max-snippet:-1, max-image-preview:large, max-video-preview:-1\" \/>\n<link rel=\"canonical\" href=\"https:\/\/vieassociative.be\/actualites\/un-homme-de-rhenanie-palatinate-se-deroule-dans-une-foule-2-morts\/\" \/>\n<meta property=\"og:locale\" content=\"fr_FR\" \/>\n<meta property=\"og:type\" content=\"article\" \/>\n<meta property=\"og:title\" content=\"Un homme de Rh\u00e9nanie-Palatinate se d\u00e9roule dans une foule: 2 morts | Vie Associative\" \/>\n<meta property=\"og:description\" content=\"Encore une fois, il y a un \u00e9tat d&rsquo;urgence \u00e0 Mannheim: Apr\u00e8s une attaque contre un policier en mai dernier, une voiture va maintenant dans\" \/>\n<meta property=\"og:url\" content=\"https:\/\/vieassociative.be\/actualites\/un-homme-de-rhenanie-palatinate-se-deroule-dans-une-foule-2-morts\/\" \/>\n<meta property=\"og:site_name\" content=\"Vie Associative\" \/>\n<meta property=\"article:published_time\" content=\"2025-03-04T02:21:08+00:00\" \/>\n<meta property=\"og:image\" content=\"https:\/\/vieassociative.be\/actualites\/wp-content\/uploads\/2024\/09\/header_backgroundk-01-e1726694325946.png\" \/>\n\t<meta property=\"og:image:width\" content=\"279\" \/>\n\t<meta property=\"og:image:height\" content=\"92\" \/>\n\t<meta property=\"og:image:type\" content=\"image\/png\" \/>\n<meta name=\"author\" content=\"Julien\" \/>\n<meta name=\"twitter:card\" content=\"summary_large_image\" \/>\n<meta name=\"twitter:label1\" content=\"\u00c9crit par\" \/>\n\t<meta name=\"twitter:data1\" content=\"Julien\" \/>\n\t<meta name=\"twitter:label2\" content=\"Dur\u00e9e de lecture est.\" \/>\n\t<meta name=\"twitter:data2\" content=\"1 minute\" \/>\n<script type=\"application\/ld+json\" class=\"yoast-schema-graph\">{\"@context\":\"https:\/\/schema.org\",\"@graph\":[{\"@type\":\"Article\",\"@id\":\"https:\/\/vieassociative.be\/actualites\/un-homme-de-rhenanie-palatinate-se-deroule-dans-une-foule-2-morts\/#article\",\"isPartOf\":{\"@id\":\"https:\/\/vieassociative.be\/actualites\/un-homme-de-rhenanie-palatinate-se-deroule-dans-une-foule-2-morts\/\"},\"author\":{\"name\":\"Julien\",\"@id\":\"https:\/\/vieassociative.be\/actualites\/#\/schema\/person\/b87ac4f82f9d4e7b7cec7395b679edc4\"},\"headline\":\"Un homme de Rh\u00e9nanie-Palatinate se d\u00e9roule dans une foule: 2 morts\",\"datePublished\":\"2025-03-04T02:21:08+00:00\",\"dateModified\":\"2025-03-04T02:21:08+00:00\",\"mainEntityOfPage\":{\"@id\":\"https:\/\/vieassociative.be\/actualites\/un-homme-de-rhenanie-palatinate-se-deroule-dans-une-foule-2-morts\/\"},\"wordCount\":299,\"publisher\":{\"@id\":\"https:\/\/vieassociative.be\/actualites\/#organization\"},\"image\":{\"@id\":\"https:\/\/vieassociative.be\/actualites\/un-homme-de-rhenanie-palatinate-se-deroule-dans-une-foule-2-morts\/#primaryimage\"},\"thumbnailUrl\":\"https:\/\/vieassociative.be\/actualites\/wp-content\/uploads\/2025\/03\/1741054868_Un-homme-de-Rhenanie-Palatinate-se-deroule-dans-une-foule-2.jpg\",\"keywords\":[\"dans\",\"d\u00e9roule\",\"foule\",\"homme\",\"morts\",\"Rh\u00e9naniePalatinate\",\"une\"],\"articleSection\":[\"Belgique\"],\"inLanguage\":\"fr-BE\"},{\"@type\":\"WebPage\",\"@id\":\"https:\/\/vieassociative.be\/actualites\/un-homme-de-rhenanie-palatinate-se-deroule-dans-une-foule-2-morts\/\",\"url\":\"https:\/\/vieassociative.be\/actualites\/un-homme-de-rhenanie-palatinate-se-deroule-dans-une-foule-2-morts\/\",\"name\":\"Un homme de Rh\u00e9nanie-Palatinate se d\u00e9roule dans une foule: 2 morts | Vie Associative\",\"isPartOf\":{\"@id\":\"https:\/\/vieassociative.be\/actualites\/#website\"},\"primaryImageOfPage\":{\"@id\":\"https:\/\/vieassociative.be\/actualites\/un-homme-de-rhenanie-palatinate-se-deroule-dans-une-foule-2-morts\/#primaryimage\"},\"image\":{\"@id\":\"https:\/\/vieassociative.be\/actualites\/un-homme-de-rhenanie-palatinate-se-deroule-dans-une-foule-2-morts\/#primaryimage\"},\"thumbnailUrl\":\"https:\/\/vieassociative.be\/actualites\/wp-content\/uploads\/2025\/03\/1741054868_Un-homme-de-Rhenanie-Palatinate-se-deroule-dans-une-foule-2.jpg\",\"datePublished\":\"2025-03-04T02:21:08+00:00\",\"dateModified\":\"2025-03-04T02:21:08+00:00\",\"breadcrumb\":{\"@id\":\"https:\/\/vieassociative.be\/actualites\/un-homme-de-rhenanie-palatinate-se-deroule-dans-une-foule-2-morts\/#breadcrumb\"},\"inLanguage\":\"fr-BE\",\"potentialAction\":[{\"@type\":\"ReadAction\",\"target\":[\"https:\/\/vieassociative.be\/actualites\/un-homme-de-rhenanie-palatinate-se-deroule-dans-une-foule-2-morts\/\"]}]},{\"@type\":\"ImageObject\",\"inLanguage\":\"fr-BE\",\"@id\":\"https:\/\/vieassociative.be\/actualites\/un-homme-de-rhenanie-palatinate-se-deroule-dans-une-foule-2-morts\/#primaryimage\",\"url\":\"https:\/\/vieassociative.be\/actualites\/wp-content\/uploads\/2025\/03\/1741054868_Un-homme-de-Rhenanie-Palatinate-se-deroule-dans-une-foule-2.jpg\",\"contentUrl\":\"https:\/\/vieassociative.be\/actualites\/wp-content\/uploads\/2025\/03\/1741054868_Un-homme-de-Rhenanie-Palatinate-se-deroule-dans-une-foule-2.jpg\",\"width\":1200,\"height\":800,\"caption\":\"Un homme de Rh\u00e9nanie-Palatinate se d\u00e9roule dans une foule: 2 morts\"},{\"@type\":\"BreadcrumbList\",\"@id\":\"https:\/\/vieassociative.be\/actualites\/un-homme-de-rhenanie-palatinate-se-deroule-dans-une-foule-2-morts\/#breadcrumb\",\"itemListElement\":[{\"@type\":\"ListItem\",\"position\":1,\"name\":\"Accueil\",\"item\":\"https:\/\/vieassociative.be\/actualites\/\"},{\"@type\":\"ListItem\",\"position\":2,\"name\":\"Un homme de Rh\u00e9nanie-Palatinate se d\u00e9roule dans une foule: 2 morts\"}]},{\"@type\":\"WebSite\",\"@id\":\"https:\/\/vieassociative.be\/actualites\/#website\",\"url\":\"https:\/\/vieassociative.be\/actualites\/\",\"name\":\"Vie Associative\",\"description\":\"\",\"publisher\":{\"@id\":\"https:\/\/vieassociative.be\/actualites\/#organization\"},\"potentialAction\":[{\"@type\":\"SearchAction\",\"target\":{\"@type\":\"EntryPoint\",\"urlTemplate\":\"https:\/\/vieassociative.be\/actualites\/?s={search_term_string}\"},\"query-input\":{\"@type\":\"PropertyValueSpecification\",\"valueRequired\":true,\"valueName\":\"search_term_string\"}}],\"inLanguage\":\"fr-BE\"},{\"@type\":\"Organization\",\"@id\":\"https:\/\/vieassociative.be\/actualites\/#organization\",\"name\":\"Vie Associative\",\"url\":\"https:\/\/vieassociative.be\/actualites\/\",\"logo\":{\"@type\":\"ImageObject\",\"inLanguage\":\"fr-BE\",\"@id\":\"https:\/\/vieassociative.be\/actualites\/#\/schema\/logo\/image\/\",\"url\":\"https:\/\/vieassociative.be\/actualites\/wp-content\/uploads\/2024\/09\/cropped-vieassociative_favicon.ico.png\",\"contentUrl\":\"https:\/\/vieassociative.be\/actualites\/wp-content\/uploads\/2024\/09\/cropped-vieassociative_favicon.ico.png\",\"width\":512,\"height\":512,\"caption\":\"Vie Associative\"},\"image\":{\"@id\":\"https:\/\/vieassociative.be\/actualites\/#\/schema\/logo\/image\/\"}},{\"@type\":\"Person\",\"@id\":\"https:\/\/vieassociative.be\/actualites\/#\/schema\/person\/b87ac4f82f9d4e7b7cec7395b679edc4\",\"name\":\"Julien\",\"image\":{\"@type\":\"ImageObject\",\"inLanguage\":\"fr-BE\",\"@id\":\"https:\/\/vieassociative.be\/actualites\/#\/schema\/person\/image\/\",\"url\":\"https:\/\/vieassociative.be\/actualites\/wp-content\/uploads\/2024\/09\/vie-associative-1-150x150.jpg\",\"contentUrl\":\"https:\/\/vieassociative.be\/actualites\/wp-content\/uploads\/2024\/09\/vie-associative-1-150x150.jpg\",\"caption\":\"Julien\"},\"description\":\"Je suis Julien, r\u00e9dacteur pour Vie Associative. Passionn\u00e9 par le monde associatif depuis plus de 10 ans, j'ai \u00e0 c\u0153ur de partager des histoires inspirantes et de mettre en lumi\u00e8re les initiatives locales. Mon objectif est de sensibiliser et d'encourager l'engagement communautaire \u00e0 travers mes articles.\",\"sameAs\":[\"https:\/\/vieassociative.be\/\"]}]}<\/script>\n<!-- \/ Yoast SEO plugin. -->","yoast_head_json":{"title":"Un homme de Rh\u00e9nanie-Palatinate se d\u00e9roule dans une foule: 2 morts | Vie Associative","robots":{"index":"index","follow":"follow","max-snippet":"max-snippet:-1","max-image-preview":"max-image-preview:large","max-video-preview":"max-video-preview:-1"},"canonical":"https:\/\/vieassociative.be\/actualites\/un-homme-de-rhenanie-palatinate-se-deroule-dans-une-foule-2-morts\/","og_locale":"fr_FR","og_type":"article","og_title":"Un homme de Rh\u00e9nanie-Palatinate se d\u00e9roule dans une foule: 2 morts | Vie Associative","og_description":"Encore une fois, il y a un \u00e9tat d&rsquo;urgence \u00e0 Mannheim: Apr\u00e8s une attaque contre un policier en mai dernier, une voiture va maintenant dans","og_url":"https:\/\/vieassociative.be\/actualites\/un-homme-de-rhenanie-palatinate-se-deroule-dans-une-foule-2-morts\/","og_site_name":"Vie Associative","article_published_time":"2025-03-04T02:21:08+00:00","og_image":[{"width":279,"height":92,"url":"https:\/\/vieassociative.be\/actualites\/wp-content\/uploads\/2024\/09\/header_backgroundk-01-e1726694325946.png","type":"image\/png"}],"author":"Julien","twitter_card":"summary_large_image","twitter_misc":{"\u00c9crit par":"Julien","Dur\u00e9e de lecture est.":"1 minute"},"schema":{"@context":"https:\/\/schema.org","@graph":[{"@type":"Article","@id":"https:\/\/vieassociative.be\/actualites\/un-homme-de-rhenanie-palatinate-se-deroule-dans-une-foule-2-morts\/#article","isPartOf":{"@id":"https:\/\/vieassociative.be\/actualites\/un-homme-de-rhenanie-palatinate-se-deroule-dans-une-foule-2-morts\/"},"author":{"name":"Julien","@id":"https:\/\/vieassociative.be\/actualites\/#\/schema\/person\/b87ac4f82f9d4e7b7cec7395b679edc4"},"headline":"Un homme de Rh\u00e9nanie-Palatinate se d\u00e9roule dans une foule: 2 morts","datePublished":"2025-03-04T02:21:08+00:00","dateModified":"2025-03-04T02:21:08+00:00","mainEntityOfPage":{"@id":"https:\/\/vieassociative.be\/actualites\/un-homme-de-rhenanie-palatinate-se-deroule-dans-une-foule-2-morts\/"},"wordCount":299,"publisher":{"@id":"https:\/\/vieassociative.be\/actualites\/#organization"},"image":{"@id":"https:\/\/vieassociative.be\/actualites\/un-homme-de-rhenanie-palatinate-se-deroule-dans-une-foule-2-morts\/#primaryimage"},"thumbnailUrl":"https:\/\/vieassociative.be\/actualites\/wp-content\/uploads\/2025\/03\/1741054868_Un-homme-de-Rhenanie-Palatinate-se-deroule-dans-une-foule-2.jpg","keywords":["dans","d\u00e9roule","foule","homme","morts","Rh\u00e9naniePalatinate","une"],"articleSection":["Belgique"],"inLanguage":"fr-BE"},{"@type":"WebPage","@id":"https:\/\/vieassociative.be\/actualites\/un-homme-de-rhenanie-palatinate-se-deroule-dans-une-foule-2-morts\/","url":"https:\/\/vieassociative.be\/actualites\/un-homme-de-rhenanie-palatinate-se-deroule-dans-une-foule-2-morts\/","name":"Un homme de Rh\u00e9nanie-Palatinate se d\u00e9roule dans une foule: 2 morts | Vie Associative","isPartOf":{"@id":"https:\/\/vieassociative.be\/actualites\/#website"},"primaryImageOfPage":{"@id":"https:\/\/vieassociative.be\/actualites\/un-homme-de-rhenanie-palatinate-se-deroule-dans-une-foule-2-morts\/#primaryimage"},"image":{"@id":"https:\/\/vieassociative.be\/actualites\/un-homme-de-rhenanie-palatinate-se-deroule-dans-une-foule-2-morts\/#primaryimage"},"thumbnailUrl":"https:\/\/vieassociative.be\/actualites\/wp-content\/uploads\/2025\/03\/1741054868_Un-homme-de-Rhenanie-Palatinate-se-deroule-dans-une-foule-2.jpg","datePublished":"2025-03-04T02:21:08+00:00","dateModified":"2025-03-04T02:21:08+00:00","breadcrumb":{"@id":"https:\/\/vieassociative.be\/actualites\/un-homme-de-rhenanie-palatinate-se-deroule-dans-une-foule-2-morts\/#breadcrumb"},"inLanguage":"fr-BE","potentialAction":[{"@type":"ReadAction","target":["https:\/\/vieassociative.be\/actualites\/un-homme-de-rhenanie-palatinate-se-deroule-dans-une-foule-2-morts\/"]}]},{"@type":"ImageObject","inLanguage":"fr-BE","@id":"https:\/\/vieassociative.be\/actualites\/un-homme-de-rhenanie-palatinate-se-deroule-dans-une-foule-2-morts\/#primaryimage","url":"https:\/\/vieassociative.be\/actualites\/wp-content\/uploads\/2025\/03\/1741054868_Un-homme-de-Rhenanie-Palatinate-se-deroule-dans-une-foule-2.jpg","contentUrl":"https:\/\/vieassociative.be\/actualites\/wp-content\/uploads\/2025\/03\/1741054868_Un-homme-de-Rhenanie-Palatinate-se-deroule-dans-une-foule-2.jpg","width":1200,"height":800,"caption":"Un homme de Rh\u00e9nanie-Palatinate se d\u00e9roule dans une foule: 2 morts"},{"@type":"BreadcrumbList","@id":"https:\/\/vieassociative.be\/actualites\/un-homme-de-rhenanie-palatinate-se-deroule-dans-une-foule-2-morts\/#breadcrumb","itemListElement":[{"@type":"ListItem","position":1,"name":"Accueil","item":"https:\/\/vieassociative.be\/actualites\/"},{"@type":"ListItem","position":2,"name":"Un homme de Rh\u00e9nanie-Palatinate se d\u00e9roule dans une foule: 2 morts"}]},{"@type":"WebSite","@id":"https:\/\/vieassociative.be\/actualites\/#website","url":"https:\/\/vieassociative.be\/actualites\/","name":"Vie Associative","description":"","publisher":{"@id":"https:\/\/vieassociative.be\/actualites\/#organization"},"potentialAction":[{"@type":"SearchAction","target":{"@type":"EntryPoint","urlTemplate":"https:\/\/vieassociative.be\/actualites\/?s={search_term_string}"},"query-input":{"@type":"PropertyValueSpecification","valueRequired":true,"valueName":"search_term_string"}}],"inLanguage":"fr-BE"},{"@type":"Organization","@id":"https:\/\/vieassociative.be\/actualites\/#organization","name":"Vie Associative","url":"https:\/\/vieassociative.be\/actualites\/","logo":{"@type":"ImageObject","inLanguage":"fr-BE","@id":"https:\/\/vieassociative.be\/actualites\/#\/schema\/logo\/image\/","url":"https:\/\/vieassociative.be\/actualites\/wp-content\/uploads\/2024\/09\/cropped-vieassociative_favicon.ico.png","contentUrl":"https:\/\/vieassociative.be\/actualites\/wp-content\/uploads\/2024\/09\/cropped-vieassociative_favicon.ico.png","width":512,"height":512,"caption":"Vie Associative"},"image":{"@id":"https:\/\/vieassociative.be\/actualites\/#\/schema\/logo\/image\/"}},{"@type":"Person","@id":"https:\/\/vieassociative.be\/actualites\/#\/schema\/person\/b87ac4f82f9d4e7b7cec7395b679edc4","name":"Julien","image":{"@type":"ImageObject","inLanguage":"fr-BE","@id":"https:\/\/vieassociative.be\/actualites\/#\/schema\/person\/image\/","url":"https:\/\/vieassociative.be\/actualites\/wp-content\/uploads\/2024\/09\/vie-associative-1-150x150.jpg","contentUrl":"https:\/\/vieassociative.be\/actualites\/wp-content\/uploads\/2024\/09\/vie-associative-1-150x150.jpg","caption":"Julien"},"description":"Je suis Julien, r\u00e9dacteur pour Vie Associative. Passionn\u00e9 par le monde associatif depuis plus de 10 ans, j'ai \u00e0 c\u0153ur de partager des histoires inspirantes et de mettre en lumi\u00e8re les initiatives locales. Mon objectif est de sensibiliser et d'encourager l'engagement communautaire \u00e0 travers mes articles.","sameAs":["https:\/\/vieassociative.be\/"]}]}},"_links":{"self":[{"href":"https:\/\/vieassociative.be\/actualites\/wp-json\/wp\/v2\/posts\/5585"}],"collection":[{"href":"https:\/\/vieassociative.be\/actualites\/wp-json\/wp\/v2\/posts"}],"about":[{"href":"https:\/\/vieassociative.be\/actualites\/wp-json\/wp\/v2\/types\/post"}],"author":[{"embeddable":true,"href":"https:\/\/vieassociative.be\/actualites\/wp-json\/wp\/v2\/users\/1"}],"replies":[{"embeddable":true,"href":"https:\/\/vieassociative.be\/actualites\/wp-json\/wp\/v2\/comments?post=5585"}],"version-history":[{"count":0,"href":"https:\/\/vieassociative.be\/actualites\/wp-json\/wp\/v2\/posts\/5585\/revisions"}],"wp:featuredmedia":[{"embeddable":true,"href":"https:\/\/vieassociative.be\/actualites\/wp-json\/wp\/v2\/media\/5586"}],"wp:attachment":[{"href":"https:\/\/vieassociative.be\/actualites\/wp-json\/wp\/v2\/media?parent=5585"}],"wp:term":[{"taxonomy":"category","embeddable":true,"href":"https:\/\/vieassociative.be\/actualites\/wp-json\/wp\/v2\/categories?post=5585"},{"taxonomy":"post_tag","embeddable":true,"href":"https:\/\/vieassociative.be\/actualites\/wp-json\/wp\/v2\/tags?post=5585"}],"curies":[{"name":"wp","href":"https:\/\/api.w.org\/{rel}","templated":true}]}}