{"id":5579,"date":"2025-03-03T21:18:09","date_gmt":"2025-03-03T20:18:09","guid":{"rendered":"https:\/\/vieassociative.be\/actualites\/gais-bonne-ambiance-et-visages-lumineux-a-leupen-rosenmontagszug-galerie-de-photos\/"},"modified":"2025-03-03T21:18:09","modified_gmt":"2025-03-03T20:18:09","slug":"gais-bonne-ambiance-et-visages-lumineux-a-leupen-rosenmontagszug-galerie-de-photos","status":"publish","type":"post","link":"https:\/\/vieassociative.be\/actualites\/gais-bonne-ambiance-et-visages-lumineux-a-leupen-rosenmontagszug-galerie-de-photos\/","title":{"rendered":"Gais, bonne ambiance et visages lumineux \u00e0 l&rsquo;Eupen Rosenmontagszug (galerie de photos)"},"content":{"rendered":"<p><strong>C&rsquo;\u00e9tait \u00e0 nouveau un tr\u00e8s long train de Rose Monday qui a attir\u00e9 des visiteurs de pr\u00e8s et de loin \u00e0 Eupen au soleil et des temp\u00e9ratures tr\u00e8s douces pour la saison. Plus de 120 voitures et groupes de pied s&rsquo;\u00e9taient inscrits<\/strong><\/p>\n<p><span id=\"more-410098\"><\/span>The Zugweg led from the Kl\u00f6tzerbahn via Gospertstra\u00dfe, Werthplatz, Hookstra\u00dfe, Aachener Stra\u00dfe, Rathausplatz, Paveestra\u00dfe, Marktplatz, Kirchstra\u00dfe, Bergstra\u00dfe, Neustrasse, Olengraben, Haassstra\u00dfe, Schilsweg, Monschauer Strasse and Untere Rottergasse to the Bellmerin. <\/p>\n<p>Il y a eu une pause pour que les participants puissent se fortifier avec des collations ou des rouleaux qu&rsquo;ils ont apport\u00e9s avec eux ou des biscuits de carnaval.<\/p>\n<div id=\"attachment_410307\" class=\"wp-caption alignleft\" style=\"max-width: 300px\"><img fetchpriority=\"high\" decoding=\"async\" class=\"wp-image-410307 size-medium\" src=\"https:\/\/vieassociative.be\/actualites\/wp-content\/uploads\/2025\/03\/Gais-bonne-ambiance-et-visages-lumineux-a-lEupen-Rosenmontagszug-galerie.jpg\" alt=\"\" width=\"300\" height=\"225\"  ><\/p>\n<p class=\"wp-caption-text\">Appel pour le \u00ab\u00a0Poor DG Pig\u00a0\u00bb &#8230; Photo: OD<\/p>\n<\/div>\n<p>Apr\u00e8s la pause, nous avons travers\u00e9 Bellmerin, Schilsweg, Haassstra\u00dfe, Olengraben, Bergkapellstra\u00dfe, Bergstra\u00dfe, Kirchstra\u00dfe, Marktplatz, Paveestrasse, Rathausplatz, Aachener Strasseur et Wookstrasse pour l&rsquo;ancien palerie, o\u00f9 un autre a \u00e9t\u00e9 pr\u00e9vu.<\/p>\n<p>L&rsquo;Eupen Rosenmontagszug est une passerelle pour de nombreux clubs, mais aussi pour les familles avec enfants qui ont cass\u00e9 la t\u00eate des mois auparavant. Il y avait l&rsquo;un ou l&rsquo;autre probl\u00e8me politique, comme un appel \u00e0 des dons pour \u00ab\u00a0The Poor DG Pig\u00a0\u00bb ou l&rsquo;Eupener loin: \u00ab\u00a0Si vous choisissez Blue, obtenez le vert &#8230;\u00a0\u00bb<\/p>\n<p>La plupart des groupes pouvaient d\u00e9j\u00e0 \u00eatre consid\u00e9r\u00e9s la veille au train pour enfants d&rsquo;Eupen ou au train de carnaval \u00e0 Raeren. Si vous vous souciez d\u00e9j\u00e0 de construire une voiture, d&#8217;embaucher un conducteur qui est assur\u00e9 de rester voyageant jusqu&rsquo;\u00e0 la fin du train, ou de coudre des costumes pour les petites et les grandes personnes, cela devrait \u00e9galement en valoir la peine. C&rsquo;est pourquoi de nombreux groupes pr\u00e9f\u00e8rent participer \u00e0 deux mouvements. En tout cas, le carnaval de la rue n&rsquo;a rien perdu de sa fascination.<\/p>\n<p>Les travailleurs de la ville d&rsquo;Eupen \u00e9taient le dernier groupe, qui a de nouveau lib\u00e9r\u00e9 la route des confettis, des Aircats et de tous les autres restes. Bravo! (Cre)<\/p>\n<p><b><i>Vous trouverez ci-dessous une galerie de photos avec des photos de l&rsquo;Eupen Rosenmontagszug. Cliquez sur l&rsquo;image pour agrandir. Pour passer d&rsquo;une image \u00e0 une autre, cliquez sur la fl\u00e8che \u00e0 droite est suffisant:<\/i><\/b><\/p>\n<div class=\"wp-gallery row\">\n<figure class=\"column small-6 medium-3 end\"><img decoding=\"async\" src=\"https:\/\/vieassociative.be\/actualites\/wp-content\/uploads\/2025\/03\/1741033081_361_Gais-bonne-ambiance-et-visages-lumineux-a-lEupen-Rosenmontagszug-galerie.jpg\" width=\"159\" height=\"159\" alt=\"\"><\/figure>\n<figure class=\"column small-6 medium-3 end\"><img decoding=\"async\" src=\"https:\/\/vieassociative.be\/actualites\/wp-content\/uploads\/2025\/03\/1741033081_114_Gais-bonne-ambiance-et-visages-lumineux-a-lEupen-Rosenmontagszug-galerie.jpg\" width=\"159\" height=\"159\" alt=\"\"><\/figure>\n<figure class=\"column small-6 medium-3 end\"><img loading=\"lazy\" decoding=\"async\" src=\"https:\/\/vieassociative.be\/actualites\/wp-content\/uploads\/2025\/03\/1741033081_98_Gais-bonne-ambiance-et-visages-lumineux-a-lEupen-Rosenmontagszug-galerie.jpg\" width=\"159\" height=\"159\" alt=\"\"><\/figure>\n<figure class=\"column small-6 medium-3 end\"><img loading=\"lazy\" decoding=\"async\" src=\"https:\/\/vieassociative.be\/actualites\/wp-content\/uploads\/2025\/03\/1741033081_315_Gais-bonne-ambiance-et-visages-lumineux-a-lEupen-Rosenmontagszug-galerie.jpg\" width=\"159\" height=\"159\" alt=\"\"><\/figure>\n<figure class=\"column small-6 medium-3 end\"><img loading=\"lazy\" decoding=\"async\" src=\"https:\/\/vieassociative.be\/actualites\/wp-content\/uploads\/2025\/03\/1741033081_282_Gais-bonne-ambiance-et-visages-lumineux-a-lEupen-Rosenmontagszug-galerie.jpg\" width=\"159\" height=\"159\" alt=\"\"><\/figure>\n<figure class=\"column small-6 medium-3 end\"><img loading=\"lazy\" decoding=\"async\" src=\"https:\/\/vieassociative.be\/actualites\/wp-content\/uploads\/2025\/03\/1741033081_675_Gais-bonne-ambiance-et-visages-lumineux-a-lEupen-Rosenmontagszug-galerie.jpg\" width=\"159\" height=\"159\" alt=\"\"><\/figure>\n<figure class=\"column small-6 medium-3 end\"><img loading=\"lazy\" decoding=\"async\" src=\"https:\/\/vieassociative.be\/actualites\/wp-content\/uploads\/2025\/03\/1741033081_994_Gais-bonne-ambiance-et-visages-lumineux-a-lEupen-Rosenmontagszug-galerie.jpg\" width=\"159\" height=\"159\" alt=\"\"><\/figure>\n<figure class=\"column small-6 medium-3 end\"><img loading=\"lazy\" decoding=\"async\" src=\"https:\/\/vieassociative.be\/actualites\/wp-content\/uploads\/2025\/03\/1741033081_517_Gais-bonne-ambiance-et-visages-lumineux-a-lEupen-Rosenmontagszug-galerie.jpg\" width=\"159\" height=\"159\" alt=\"\"><\/figure>\n<figure class=\"column small-6 medium-3 end\"><img loading=\"lazy\" decoding=\"async\" src=\"https:\/\/vieassociative.be\/actualites\/wp-content\/uploads\/2025\/03\/1741033081_598_Gais-bonne-ambiance-et-visages-lumineux-a-lEupen-Rosenmontagszug-galerie.jpg\" width=\"159\" height=\"159\" alt=\"\"><\/figure>\n<figure class=\"column small-6 medium-3 end\"><img loading=\"lazy\" decoding=\"async\" src=\"https:\/\/vieassociative.be\/actualites\/wp-content\/uploads\/2025\/03\/1741033081_369_Gais-bonne-ambiance-et-visages-lumineux-a-lEupen-Rosenmontagszug-galerie.jpg\" width=\"159\" height=\"159\" alt=\"\"><\/figure>\n<figure class=\"column small-6 medium-3 end\"><img loading=\"lazy\" decoding=\"async\" src=\"https:\/\/vieassociative.be\/actualites\/wp-content\/uploads\/2025\/03\/1741033081_587_Gais-bonne-ambiance-et-visages-lumineux-a-lEupen-Rosenmontagszug-galerie.jpg\" width=\"159\" height=\"159\" alt=\"\"><\/figure>\n<figure class=\"column small-6 medium-3 end\"><img loading=\"lazy\" decoding=\"async\" src=\"https:\/\/vieassociative.be\/actualites\/wp-content\/uploads\/2025\/03\/1741033082_348_Gais-bonne-ambiance-et-visages-lumineux-a-lEupen-Rosenmontagszug-galerie.jpg\" width=\"159\" height=\"159\" alt=\"\"><\/figure>\n<figure class=\"column small-6 medium-3 end\"><img loading=\"lazy\" decoding=\"async\" src=\"https:\/\/vieassociative.be\/actualites\/wp-content\/uploads\/2025\/03\/1741033082_276_Gais-bonne-ambiance-et-visages-lumineux-a-lEupen-Rosenmontagszug-galerie.jpg\" width=\"159\" height=\"159\" alt=\"\"><\/figure>\n<figure class=\"column small-6 medium-3 end\"><img loading=\"lazy\" decoding=\"async\" src=\"https:\/\/vieassociative.be\/actualites\/wp-content\/uploads\/2025\/03\/1741033082_229_Gais-bonne-ambiance-et-visages-lumineux-a-lEupen-Rosenmontagszug-galerie.jpg\" width=\"159\" height=\"159\" alt=\"\"><\/figure>\n<figure class=\"column small-6 medium-3 end\"><img loading=\"lazy\" decoding=\"async\" src=\"https:\/\/vieassociative.be\/actualites\/wp-content\/uploads\/2025\/03\/1741033082_555_Gais-bonne-ambiance-et-visages-lumineux-a-lEupen-Rosenmontagszug-galerie.jpg\" width=\"159\" height=\"159\" alt=\"\"><\/figure>\n<figure class=\"column small-6 medium-3 end\"><img loading=\"lazy\" decoding=\"async\" src=\"https:\/\/vieassociative.be\/actualites\/wp-content\/uploads\/2025\/03\/1741033082_926_Gais-bonne-ambiance-et-visages-lumineux-a-lEupen-Rosenmontagszug-galerie.jpg\" width=\"159\" height=\"159\" alt=\"\"><\/figure>\n<figure class=\"column small-6 medium-3 end\"><img loading=\"lazy\" decoding=\"async\" src=\"https:\/\/vieassociative.be\/actualites\/wp-content\/uploads\/2025\/03\/1741033082_472_Gais-bonne-ambiance-et-visages-lumineux-a-lEupen-Rosenmontagszug-galerie.jpg\" width=\"159\" height=\"159\" alt=\"\"><\/figure>\n<figure class=\"column small-6 medium-3 end\"><img loading=\"lazy\" decoding=\"async\" src=\"https:\/\/vieassociative.be\/actualites\/wp-content\/uploads\/2025\/03\/1741033082_913_Gais-bonne-ambiance-et-visages-lumineux-a-lEupen-Rosenmontagszug-galerie.jpg\" width=\"159\" height=\"159\" alt=\"\"><\/figure>\n<figure class=\"column small-6 medium-3 end\"><img loading=\"lazy\" decoding=\"async\" src=\"https:\/\/vieassociative.be\/actualites\/wp-content\/uploads\/2025\/03\/1741033082_680_Gais-bonne-ambiance-et-visages-lumineux-a-lEupen-Rosenmontagszug-galerie.jpg\" width=\"159\" height=\"159\" alt=\"\"><\/figure>\n<figure class=\"column small-6 medium-3 end\"><img loading=\"lazy\" decoding=\"async\" src=\"https:\/\/vieassociative.be\/actualites\/wp-content\/uploads\/2025\/03\/1741033082_468_Gais-bonne-ambiance-et-visages-lumineux-a-lEupen-Rosenmontagszug-galerie.jpg\" width=\"159\" height=\"159\" alt=\"\"><\/figure>\n<figure class=\"column small-6 medium-3 end\"><img loading=\"lazy\" decoding=\"async\" src=\"https:\/\/vieassociative.be\/actualites\/wp-content\/uploads\/2025\/03\/1741033082_827_Gais-bonne-ambiance-et-visages-lumineux-a-lEupen-Rosenmontagszug-galerie.jpg\" width=\"159\" height=\"159\" alt=\"\"><\/figure>\n<figure class=\"column small-6 medium-3 end\"><img loading=\"lazy\" decoding=\"async\" src=\"https:\/\/vieassociative.be\/actualites\/wp-content\/uploads\/2025\/03\/1741033082_821_Gais-bonne-ambiance-et-visages-lumineux-a-lEupen-Rosenmontagszug-galerie.jpg\" width=\"159\" height=\"159\" alt=\"\"><\/figure>\n<figure class=\"column small-6 medium-3 end\"><img loading=\"lazy\" decoding=\"async\" src=\"https:\/\/vieassociative.be\/actualites\/wp-content\/uploads\/2025\/03\/1741033082_157_Gais-bonne-ambiance-et-visages-lumineux-a-lEupen-Rosenmontagszug-galerie.jpg\" width=\"159\" height=\"159\" alt=\"\"><\/figure>\n<figure class=\"column small-6 medium-3 end\"><img loading=\"lazy\" decoding=\"async\" src=\"https:\/\/vieassociative.be\/actualites\/wp-content\/uploads\/2025\/03\/1741033082_693_Gais-bonne-ambiance-et-visages-lumineux-a-lEupen-Rosenmontagszug-galerie.jpg\" width=\"159\" height=\"159\" alt=\"\"><\/figure>\n<figure class=\"column small-6 medium-3 end\"><img loading=\"lazy\" decoding=\"async\" src=\"https:\/\/vieassociative.be\/actualites\/wp-content\/uploads\/2025\/03\/1741033082_115_Gais-bonne-ambiance-et-visages-lumineux-a-lEupen-Rosenmontagszug-galerie.jpg\" width=\"159\" height=\"159\" alt=\"\"><\/figure>\n<figure class=\"column small-6 medium-3 end\"><img loading=\"lazy\" decoding=\"async\" src=\"https:\/\/vieassociative.be\/actualites\/wp-content\/uploads\/2025\/03\/1741033082_748_Gais-bonne-ambiance-et-visages-lumineux-a-lEupen-Rosenmontagszug-galerie.jpg\" width=\"159\" height=\"159\" alt=\"\"><\/figure>\n<figure class=\"column small-6 medium-3 end\"><img loading=\"lazy\" decoding=\"async\" src=\"https:\/\/vieassociative.be\/actualites\/wp-content\/uploads\/2025\/03\/1741033082_742_Gais-bonne-ambiance-et-visages-lumineux-a-lEupen-Rosenmontagszug-galerie.jpg\" width=\"159\" height=\"159\" alt=\"\"><\/figure>\n<figure class=\"column small-6 medium-3 end\"><img loading=\"lazy\" decoding=\"async\" src=\"https:\/\/vieassociative.be\/actualites\/wp-content\/uploads\/2025\/03\/1741033082_327_Gais-bonne-ambiance-et-visages-lumineux-a-lEupen-Rosenmontagszug-galerie.jpg\" width=\"159\" height=\"159\" alt=\"\"><\/figure>\n<figure class=\"column small-6 medium-3 end\"><img loading=\"lazy\" decoding=\"async\" src=\"https:\/\/vieassociative.be\/actualites\/wp-content\/uploads\/2025\/03\/1741033082_280_Gais-bonne-ambiance-et-visages-lumineux-a-lEupen-Rosenmontagszug-galerie.jpg\" width=\"159\" height=\"159\" alt=\"\"><\/figure>\n<figure class=\"column small-6 medium-3 end\"><img loading=\"lazy\" decoding=\"async\" src=\"https:\/\/vieassociative.be\/actualites\/wp-content\/uploads\/2025\/03\/1741033082_52_Gais-bonne-ambiance-et-visages-lumineux-a-lEupen-Rosenmontagszug-galerie.jpg\" width=\"159\" height=\"159\" alt=\"\"><\/figure>\n<figure class=\"column small-6 medium-3 end\"><img loading=\"lazy\" decoding=\"async\" src=\"https:\/\/vieassociative.be\/actualites\/wp-content\/uploads\/2025\/03\/1741033082_344_Gais-bonne-ambiance-et-visages-lumineux-a-lEupen-Rosenmontagszug-galerie.jpg\" width=\"159\" height=\"159\" alt=\"\"><\/figure>\n<figure class=\"column small-6 medium-3 end\"><img loading=\"lazy\" decoding=\"async\" src=\"https:\/\/vieassociative.be\/actualites\/wp-content\/uploads\/2025\/03\/1741033082_657_Gais-bonne-ambiance-et-visages-lumineux-a-lEupen-Rosenmontagszug-galerie.jpg\" width=\"159\" height=\"159\" alt=\"\"><\/figure>\n<figure class=\"column small-6 medium-3 end\"><img loading=\"lazy\" decoding=\"async\" src=\"https:\/\/vieassociative.be\/actualites\/wp-content\/uploads\/2025\/03\/1741033082_948_Gais-bonne-ambiance-et-visages-lumineux-a-lEupen-Rosenmontagszug-galerie.jpg\" width=\"159\" height=\"159\" alt=\"\"><\/figure>\n<figure class=\"column small-6 medium-3 end\"><img loading=\"lazy\" decoding=\"async\" src=\"https:\/\/vieassociative.be\/actualites\/wp-content\/uploads\/2025\/03\/1741033082_275_Gais-bonne-ambiance-et-visages-lumineux-a-lEupen-Rosenmontagszug-galerie.jpg\" width=\"159\" height=\"159\" alt=\"\"><\/figure>\n<figure class=\"column small-6 medium-3 end\"><img loading=\"lazy\" decoding=\"async\" src=\"https:\/\/vieassociative.be\/actualites\/wp-content\/uploads\/2025\/03\/1741033083_7_Gais-bonne-ambiance-et-visages-lumineux-a-lEupen-Rosenmontagszug-galerie.jpg\" width=\"159\" height=\"159\" alt=\"\"><\/figure>\n<figure class=\"column small-6 medium-3 end\"><img loading=\"lazy\" decoding=\"async\" src=\"https:\/\/vieassociative.be\/actualites\/wp-content\/uploads\/2025\/03\/1741033083_711_Gais-bonne-ambiance-et-visages-lumineux-a-lEupen-Rosenmontagszug-galerie.jpg\" width=\"159\" height=\"159\" alt=\"\"><\/figure>\n<figure class=\"column small-6 medium-3 end\"><img loading=\"lazy\" decoding=\"async\" src=\"https:\/\/vieassociative.be\/actualites\/wp-content\/uploads\/2025\/03\/1741033083_793_Gais-bonne-ambiance-et-visages-lumineux-a-lEupen-Rosenmontagszug-galerie.jpg\" width=\"159\" height=\"159\" alt=\"\"><\/figure>\n<figure class=\"column small-6 medium-3 end\"><img loading=\"lazy\" decoding=\"async\" src=\"https:\/\/vieassociative.be\/actualites\/wp-content\/uploads\/2025\/03\/1741033083_790_Gais-bonne-ambiance-et-visages-lumineux-a-lEupen-Rosenmontagszug-galerie.jpg\" width=\"159\" height=\"159\" alt=\"\"><\/figure>\n<figure class=\"column small-6 medium-3 end\"><img loading=\"lazy\" decoding=\"async\" src=\"https:\/\/vieassociative.be\/actualites\/wp-content\/uploads\/2025\/03\/1741033083_506_Gais-bonne-ambiance-et-visages-lumineux-a-lEupen-Rosenmontagszug-galerie.jpg\" width=\"159\" height=\"159\" alt=\"\"><\/figure>\n<figure class=\"column small-6 medium-3 end\"><img loading=\"lazy\" decoding=\"async\" src=\"https:\/\/vieassociative.be\/actualites\/wp-content\/uploads\/2025\/03\/1741033083_29_Gais-bonne-ambiance-et-visages-lumineux-a-lEupen-Rosenmontagszug-galerie.jpg\" width=\"159\" height=\"159\" alt=\"\"><\/figure>\n<figure class=\"column small-6 medium-3 end\"><img loading=\"lazy\" decoding=\"async\" src=\"https:\/\/vieassociative.be\/actualites\/wp-content\/uploads\/2025\/03\/1741033083_895_Gais-bonne-ambiance-et-visages-lumineux-a-lEupen-Rosenmontagszug-galerie.jpg\" width=\"159\" height=\"159\" alt=\"\"><\/figure>\n<figure class=\"column small-6 medium-3 end\"><img loading=\"lazy\" decoding=\"async\" src=\"https:\/\/vieassociative.be\/actualites\/wp-content\/uploads\/2025\/03\/1741033083_98_Gais-bonne-ambiance-et-visages-lumineux-a-lEupen-Rosenmontagszug-galerie.jpg\" width=\"159\" height=\"159\" alt=\"\"><\/figure>\n<figure class=\"column small-6 medium-3 end\"><img loading=\"lazy\" decoding=\"async\" src=\"https:\/\/vieassociative.be\/actualites\/wp-content\/uploads\/2025\/03\/1741033083_793_Gais-bonne-ambiance-et-visages-lumineux-a-lEupen-Rosenmontagszug-galerie.jpg\" width=\"159\" height=\"159\" alt=\"\"><\/figure>\n<figure class=\"column small-6 medium-3 end\"><img loading=\"lazy\" decoding=\"async\" src=\"https:\/\/vieassociative.be\/actualites\/wp-content\/uploads\/2025\/03\/1741033083_957_Gais-bonne-ambiance-et-visages-lumineux-a-lEupen-Rosenmontagszug-galerie.jpg\" width=\"159\" height=\"159\" alt=\"\"><\/figure>\n<figure class=\"column small-6 medium-3 end\"><img loading=\"lazy\" decoding=\"async\" src=\"https:\/\/vieassociative.be\/actualites\/wp-content\/uploads\/2025\/03\/1741033083_302_Gais-bonne-ambiance-et-visages-lumineux-a-lEupen-Rosenmontagszug-galerie.jpg\" width=\"159\" height=\"159\" alt=\"\"><\/figure>\n<figure class=\"column small-6 medium-3 end\"><img loading=\"lazy\" decoding=\"async\" src=\"https:\/\/vieassociative.be\/actualites\/wp-content\/uploads\/2025\/03\/1741033083_902_Gais-bonne-ambiance-et-visages-lumineux-a-lEupen-Rosenmontagszug-galerie.jpg\" width=\"159\" height=\"159\" alt=\"\"><\/figure>\n<figure class=\"column small-6 medium-3 end\"><img loading=\"lazy\" decoding=\"async\" src=\"https:\/\/vieassociative.be\/actualites\/wp-content\/uploads\/2025\/03\/1741033083_759_Gais-bonne-ambiance-et-visages-lumineux-a-lEupen-Rosenmontagszug-galerie.jpg\" width=\"159\" height=\"159\" alt=\"\"><\/figure>\n<figure class=\"column small-6 medium-3 end\"><img loading=\"lazy\" decoding=\"async\" src=\"https:\/\/vieassociative.be\/actualites\/wp-content\/uploads\/2025\/03\/1741033083_832_Gais-bonne-ambiance-et-visages-lumineux-a-lEupen-Rosenmontagszug-galerie.jpg\" width=\"159\" height=\"159\" alt=\"\"><\/figure>\n<figure class=\"column small-6 medium-3 end\"><img loading=\"lazy\" decoding=\"async\" src=\"https:\/\/vieassociative.be\/actualites\/wp-content\/uploads\/2025\/03\/1741033083_533_Gais-bonne-ambiance-et-visages-lumineux-a-lEupen-Rosenmontagszug-galerie.jpg\" width=\"159\" height=\"159\" alt=\"\"><\/figure>\n<figure class=\"column small-6 medium-3 end\"><img loading=\"lazy\" decoding=\"async\" src=\"https:\/\/vieassociative.be\/actualites\/wp-content\/uploads\/2025\/03\/1741033083_910_Gais-bonne-ambiance-et-visages-lumineux-a-lEupen-Rosenmontagszug-galerie.jpg\" width=\"159\" height=\"159\" alt=\"\"><\/figure>\n<figure class=\"column small-6 medium-3 end\"><img loading=\"lazy\" decoding=\"async\" src=\"https:\/\/vieassociative.be\/actualites\/wp-content\/uploads\/2025\/03\/1741033083_467_Gais-bonne-ambiance-et-visages-lumineux-a-lEupen-Rosenmontagszug-galerie.jpg\" width=\"159\" height=\"159\" alt=\"\"><\/figure>\n<figure class=\"column small-6 medium-3 end\"><img loading=\"lazy\" decoding=\"async\" src=\"https:\/\/vieassociative.be\/actualites\/wp-content\/uploads\/2025\/03\/1741033083_406_Gais-bonne-ambiance-et-visages-lumineux-a-lEupen-Rosenmontagszug-galerie.jpg\" width=\"159\" height=\"159\" alt=\"\"><\/figure>\n<figure class=\"column small-6 medium-3 end\"><img loading=\"lazy\" decoding=\"async\" src=\"https:\/\/vieassociative.be\/actualites\/wp-content\/uploads\/2025\/03\/1741033083_843_Gais-bonne-ambiance-et-visages-lumineux-a-lEupen-Rosenmontagszug-galerie.jpg\" width=\"159\" height=\"159\" alt=\"\"><\/figure>\n<figure class=\"column small-6 medium-3 end\"><img loading=\"lazy\" decoding=\"async\" src=\"https:\/\/vieassociative.be\/actualites\/wp-content\/uploads\/2025\/03\/1741033083_382_Gais-bonne-ambiance-et-visages-lumineux-a-lEupen-Rosenmontagszug-galerie.jpg\" width=\"159\" height=\"159\" alt=\"\"><\/figure>\n<figure class=\"column small-6 medium-3 end\"><img loading=\"lazy\" decoding=\"async\" src=\"https:\/\/vieassociative.be\/actualites\/wp-content\/uploads\/2025\/03\/1741033083_538_Gais-bonne-ambiance-et-visages-lumineux-a-lEupen-Rosenmontagszug-galerie.jpg\" width=\"159\" height=\"159\" alt=\"\"><\/figure>\n<figure class=\"column small-6 medium-3 end\"><img loading=\"lazy\" decoding=\"async\" src=\"https:\/\/vieassociative.be\/actualites\/wp-content\/uploads\/2025\/03\/1741033083_54_Gais-bonne-ambiance-et-visages-lumineux-a-lEupen-Rosenmontagszug-galerie.jpg\" width=\"159\" height=\"159\" alt=\"\"><\/figure>\n<figure class=\"column small-6 medium-3 end\"><img loading=\"lazy\" decoding=\"async\" src=\"https:\/\/vieassociative.be\/actualites\/wp-content\/uploads\/2025\/03\/1741033083_238_Gais-bonne-ambiance-et-visages-lumineux-a-lEupen-Rosenmontagszug-galerie.jpg\" width=\"159\" height=\"159\" alt=\"\"><\/figure>\n<figure class=\"column small-6 medium-3 end\"><img loading=\"lazy\" decoding=\"async\" src=\"https:\/\/vieassociative.be\/actualites\/wp-content\/uploads\/2025\/03\/1741033083_148_Gais-bonne-ambiance-et-visages-lumineux-a-lEupen-Rosenmontagszug-galerie.jpg\" width=\"159\" height=\"159\" alt=\"\"><\/figure>\n<figure class=\"column small-6 medium-3 end\"><img loading=\"lazy\" decoding=\"async\" src=\"https:\/\/vieassociative.be\/actualites\/wp-content\/uploads\/2025\/03\/1741033084_574_Gais-bonne-ambiance-et-visages-lumineux-a-lEupen-Rosenmontagszug-galerie.jpg\" width=\"159\" height=\"159\" alt=\"\"><\/figure>\n<figure class=\"column small-6 medium-3 end\"><img loading=\"lazy\" decoding=\"async\" src=\"https:\/\/vieassociative.be\/actualites\/wp-content\/uploads\/2025\/03\/1741033084_693_Gais-bonne-ambiance-et-visages-lumineux-a-lEupen-Rosenmontagszug-galerie.jpg\" width=\"159\" height=\"159\" alt=\"\"><\/figure>\n<figure class=\"column small-6 medium-3 end\"><img loading=\"lazy\" decoding=\"async\" src=\"https:\/\/vieassociative.be\/actualites\/wp-content\/uploads\/2025\/03\/1741033084_936_Gais-bonne-ambiance-et-visages-lumineux-a-lEupen-Rosenmontagszug-galerie.jpg\" width=\"159\" height=\"159\" alt=\"\"><\/figure>\n<figure class=\"column small-6 medium-3 end\"><img loading=\"lazy\" decoding=\"async\" src=\"https:\/\/vieassociative.be\/actualites\/wp-content\/uploads\/2025\/03\/1741033084_661_Gais-bonne-ambiance-et-visages-lumineux-a-lEupen-Rosenmontagszug-galerie.jpg\" width=\"159\" height=\"159\" alt=\"\"><\/figure>\n<figure class=\"column small-6 medium-3 end\"><img loading=\"lazy\" decoding=\"async\" src=\"https:\/\/vieassociative.be\/actualites\/wp-content\/uploads\/2025\/03\/1741033084_517_Gais-bonne-ambiance-et-visages-lumineux-a-lEupen-Rosenmontagszug-galerie.jpg\" width=\"159\" height=\"159\" alt=\"\"><\/figure>\n<figure class=\"column small-6 medium-3 end\"><img loading=\"lazy\" decoding=\"async\" src=\"https:\/\/vieassociative.be\/actualites\/wp-content\/uploads\/2025\/03\/1741033084_624_Gais-bonne-ambiance-et-visages-lumineux-a-lEupen-Rosenmontagszug-galerie.jpg\" width=\"159\" height=\"159\" alt=\"\"><\/figure>\n<figure class=\"column small-6 medium-3 end\"><img loading=\"lazy\" decoding=\"async\" src=\"https:\/\/vieassociative.be\/actualites\/wp-content\/uploads\/2025\/03\/1741033084_327_Gais-bonne-ambiance-et-visages-lumineux-a-lEupen-Rosenmontagszug-galerie.jpg\" width=\"159\" height=\"159\" alt=\"\"><\/figure>\n<figure class=\"column small-6 medium-3 end\"><img loading=\"lazy\" decoding=\"async\" src=\"https:\/\/vieassociative.be\/actualites\/wp-content\/uploads\/2025\/03\/1741033084_718_Gais-bonne-ambiance-et-visages-lumineux-a-lEupen-Rosenmontagszug-galerie.jpg\" width=\"159\" height=\"159\" alt=\"\"><\/figure>\n<figure class=\"column small-6 medium-3 end\"><img loading=\"lazy\" decoding=\"async\" src=\"https:\/\/vieassociative.be\/actualites\/wp-content\/uploads\/2025\/03\/1741033084_439_Gais-bonne-ambiance-et-visages-lumineux-a-lEupen-Rosenmontagszug-galerie.jpg\" width=\"159\" height=\"159\" alt=\"\"><\/figure>\n<figure class=\"column small-6 medium-3 end\"><img loading=\"lazy\" decoding=\"async\" src=\"https:\/\/vieassociative.be\/actualites\/wp-content\/uploads\/2025\/03\/1741033084_890_Gais-bonne-ambiance-et-visages-lumineux-a-lEupen-Rosenmontagszug-galerie.jpg\" width=\"159\" height=\"159\" alt=\"\"><\/figure>\n<figure class=\"column small-6 medium-3 end\"><img loading=\"lazy\" decoding=\"async\" src=\"https:\/\/vieassociative.be\/actualites\/wp-content\/uploads\/2025\/03\/1741033084_303_Gais-bonne-ambiance-et-visages-lumineux-a-lEupen-Rosenmontagszug-galerie.jpg\" width=\"159\" height=\"159\" alt=\"\"><\/figure>\n<figure class=\"column small-6 medium-3 end\"><img loading=\"lazy\" decoding=\"async\" src=\"https:\/\/vieassociative.be\/actualites\/wp-content\/uploads\/2025\/03\/1741033084_656_Gais-bonne-ambiance-et-visages-lumineux-a-lEupen-Rosenmontagszug-galerie.jpg\" width=\"159\" height=\"159\" alt=\"\"><\/figure>\n<figure class=\"column small-6 medium-3 end\"><img loading=\"lazy\" decoding=\"async\" src=\"https:\/\/vieassociative.be\/actualites\/wp-content\/uploads\/2025\/03\/1741033084_577_Gais-bonne-ambiance-et-visages-lumineux-a-lEupen-Rosenmontagszug-galerie.jpg\" width=\"159\" height=\"159\" alt=\"\"><\/figure>\n<figure class=\"column small-6 medium-3 end\"><img loading=\"lazy\" decoding=\"async\" src=\"https:\/\/vieassociative.be\/actualites\/wp-content\/uploads\/2025\/03\/1741033084_219_Gais-bonne-ambiance-et-visages-lumineux-a-lEupen-Rosenmontagszug-galerie.jpg\" width=\"159\" height=\"159\" alt=\"\"><\/figure>\n<figure class=\"column small-6 medium-3 end\"><img loading=\"lazy\" decoding=\"async\" src=\"https:\/\/vieassociative.be\/actualites\/wp-content\/uploads\/2025\/03\/1741033084_223_Gais-bonne-ambiance-et-visages-lumineux-a-lEupen-Rosenmontagszug-galerie.jpg\" width=\"159\" height=\"159\" alt=\"\"><\/figure>\n<figure class=\"column small-6 medium-3 end\"><img loading=\"lazy\" decoding=\"async\" src=\"https:\/\/vieassociative.be\/actualites\/wp-content\/uploads\/2025\/03\/1741033084_310_Gais-bonne-ambiance-et-visages-lumineux-a-lEupen-Rosenmontagszug-galerie.jpg\" width=\"159\" height=\"159\" alt=\"\"><\/figure>\n<figure class=\"column small-6 medium-3 end\"><img loading=\"lazy\" decoding=\"async\" src=\"https:\/\/vieassociative.be\/actualites\/wp-content\/uploads\/2025\/03\/1741033084_813_Gais-bonne-ambiance-et-visages-lumineux-a-lEupen-Rosenmontagszug-galerie.jpg\" width=\"159\" height=\"159\" alt=\"\"><\/figure>\n<figure class=\"column small-6 medium-3 end\"><img loading=\"lazy\" decoding=\"async\" src=\"https:\/\/vieassociative.be\/actualites\/wp-content\/uploads\/2025\/03\/1741033084_724_Gais-bonne-ambiance-et-visages-lumineux-a-lEupen-Rosenmontagszug-galerie.jpg\" width=\"159\" height=\"159\" alt=\"\"><\/figure>\n<figure class=\"column small-6 medium-3 end\"><img loading=\"lazy\" decoding=\"async\" src=\"https:\/\/vieassociative.be\/actualites\/wp-content\/uploads\/2025\/03\/1741033084_279_Gais-bonne-ambiance-et-visages-lumineux-a-lEupen-Rosenmontagszug-galerie.jpg\" width=\"159\" height=\"159\" alt=\"\"><\/figure>\n<figure class=\"column small-6 medium-3 end\"><img loading=\"lazy\" decoding=\"async\" src=\"https:\/\/vieassociative.be\/actualites\/wp-content\/uploads\/2025\/03\/1741033084_604_Gais-bonne-ambiance-et-visages-lumineux-a-lEupen-Rosenmontagszug-galerie.jpg\" width=\"159\" height=\"159\" alt=\"\"><\/figure>\n<figure class=\"column small-6 medium-3 end\"><img loading=\"lazy\" decoding=\"async\" src=\"https:\/\/vieassociative.be\/actualites\/wp-content\/uploads\/2025\/03\/1741033084_934_Gais-bonne-ambiance-et-visages-lumineux-a-lEupen-Rosenmontagszug-galerie.jpg\" width=\"159\" height=\"159\" alt=\"\"><\/figure>\n<figure class=\"column small-6 medium-3 end\"><img loading=\"lazy\" decoding=\"async\" src=\"https:\/\/vieassociative.be\/actualites\/wp-content\/uploads\/2025\/03\/1741033084_3_Gais-bonne-ambiance-et-visages-lumineux-a-lEupen-Rosenmontagszug-galerie.jpg\" width=\"159\" height=\"159\" alt=\"\"><\/figure>\n<figure class=\"column small-6 medium-3 end\"><img loading=\"lazy\" decoding=\"async\" src=\"https:\/\/vieassociative.be\/actualites\/wp-content\/uploads\/2025\/03\/1741033084_865_Gais-bonne-ambiance-et-visages-lumineux-a-lEupen-Rosenmontagszug-galerie.jpg\" width=\"159\" height=\"159\" alt=\"\"><\/figure>\n<figure class=\"column small-6 medium-3 end\"><img loading=\"lazy\" decoding=\"async\" src=\"https:\/\/vieassociative.be\/actualites\/wp-content\/uploads\/2025\/03\/1741033085_365_Gais-bonne-ambiance-et-visages-lumineux-a-lEupen-Rosenmontagszug-galerie.jpg\" width=\"159\" height=\"159\" alt=\"\"><\/figure>\n<figure class=\"column small-6 medium-3 end\"><img loading=\"lazy\" decoding=\"async\" src=\"https:\/\/vieassociative.be\/actualites\/wp-content\/uploads\/2025\/03\/1741033085_698_Gais-bonne-ambiance-et-visages-lumineux-a-lEupen-Rosenmontagszug-galerie.jpg\" width=\"159\" height=\"159\" alt=\"\"><\/figure>\n<figure class=\"column small-6 medium-3 end\"><img loading=\"lazy\" decoding=\"async\" src=\"https:\/\/vieassociative.be\/actualites\/wp-content\/uploads\/2025\/03\/1741033085_541_Gais-bonne-ambiance-et-visages-lumineux-a-lEupen-Rosenmontagszug-galerie.jpg\" width=\"159\" height=\"159\" alt=\"\"><\/figure>\n<figure class=\"column small-6 medium-3 end\"><img loading=\"lazy\" decoding=\"async\" src=\"https:\/\/vieassociative.be\/actualites\/wp-content\/uploads\/2025\/03\/1741033085_964_Gais-bonne-ambiance-et-visages-lumineux-a-lEupen-Rosenmontagszug-galerie.jpg\" width=\"159\" height=\"159\" alt=\"\"><\/figure>\n<figure class=\"column small-6 medium-3 end\"><img loading=\"lazy\" decoding=\"async\" src=\"https:\/\/vieassociative.be\/actualites\/wp-content\/uploads\/2025\/03\/1741033085_127_Gais-bonne-ambiance-et-visages-lumineux-a-lEupen-Rosenmontagszug-galerie.jpg\" width=\"159\" height=\"159\" alt=\"\"><\/figure>\n<figure class=\"column small-6 medium-3 end\"><img loading=\"lazy\" decoding=\"async\" src=\"https:\/\/vieassociative.be\/actualites\/wp-content\/uploads\/2025\/03\/1741033085_848_Gais-bonne-ambiance-et-visages-lumineux-a-lEupen-Rosenmontagszug-galerie.jpg\" width=\"159\" height=\"159\" alt=\"\"><\/figure>\n<figure class=\"column small-6 medium-3 end\"><img loading=\"lazy\" decoding=\"async\" src=\"https:\/\/vieassociative.be\/actualites\/wp-content\/uploads\/2025\/03\/1741033085_209_Gais-bonne-ambiance-et-visages-lumineux-a-lEupen-Rosenmontagszug-galerie.jpg\" width=\"159\" height=\"159\" alt=\"\"><\/figure>\n<figure class=\"column small-6 medium-3 end\"><img loading=\"lazy\" decoding=\"async\" src=\"https:\/\/vieassociative.be\/actualites\/wp-content\/uploads\/2025\/03\/1741033085_394_Gais-bonne-ambiance-et-visages-lumineux-a-lEupen-Rosenmontagszug-galerie.jpg\" width=\"159\" height=\"159\" alt=\"\"><\/figure>\n<figure class=\"column small-6 medium-3 end\"><img loading=\"lazy\" decoding=\"async\" src=\"https:\/\/vieassociative.be\/actualites\/wp-content\/uploads\/2025\/03\/1741033085_452_Gais-bonne-ambiance-et-visages-lumineux-a-lEupen-Rosenmontagszug-galerie.jpg\" width=\"159\" height=\"159\" alt=\"\"><\/figure>\n<figure class=\"column small-6 medium-3 end\"><img loading=\"lazy\" decoding=\"async\" src=\"https:\/\/vieassociative.be\/actualites\/wp-content\/uploads\/2025\/03\/1741033085_428_Gais-bonne-ambiance-et-visages-lumineux-a-lEupen-Rosenmontagszug-galerie.jpg\" width=\"159\" height=\"159\" alt=\"\"><\/figure>\n<figure class=\"column small-6 medium-3 end\"><img loading=\"lazy\" decoding=\"async\" src=\"https:\/\/vieassociative.be\/actualites\/wp-content\/uploads\/2025\/03\/1741033085_843_Gais-bonne-ambiance-et-visages-lumineux-a-lEupen-Rosenmontagszug-galerie.jpg\" width=\"159\" height=\"159\" alt=\"\"><\/figure>\n<figure class=\"column small-6 medium-3 end\"><img loading=\"lazy\" decoding=\"async\" src=\"https:\/\/vieassociative.be\/actualites\/wp-content\/uploads\/2025\/03\/1741033085_317_Gais-bonne-ambiance-et-visages-lumineux-a-lEupen-Rosenmontagszug-galerie.jpg\" width=\"159\" height=\"159\" alt=\"\"><\/figure>\n<figure class=\"column small-6 medium-3 end\"><img loading=\"lazy\" decoding=\"async\" src=\"https:\/\/vieassociative.be\/actualites\/wp-content\/uploads\/2025\/03\/1741033085_395_Gais-bonne-ambiance-et-visages-lumineux-a-lEupen-Rosenmontagszug-galerie.jpg\" width=\"159\" height=\"159\" alt=\"\"><\/figure>\n<figure class=\"column small-6 medium-3 end\"><img loading=\"lazy\" decoding=\"async\" src=\"https:\/\/vieassociative.be\/actualites\/wp-content\/uploads\/2025\/03\/1741033085_184_Gais-bonne-ambiance-et-visages-lumineux-a-lEupen-Rosenmontagszug-galerie.jpg\" width=\"159\" height=\"159\" alt=\"\"><\/figure>\n<figure class=\"column small-6 medium-3 end\"><img loading=\"lazy\" decoding=\"async\" src=\"https:\/\/vieassociative.be\/actualites\/wp-content\/uploads\/2025\/03\/1741033085_367_Gais-bonne-ambiance-et-visages-lumineux-a-lEupen-Rosenmontagszug-galerie.jpg\" width=\"159\" height=\"159\" alt=\"\"><\/figure>\n<figure class=\"column small-6 medium-3 end\"><img loading=\"lazy\" decoding=\"async\" src=\"https:\/\/vieassociative.be\/actualites\/wp-content\/uploads\/2025\/03\/1741033085_69_Gais-bonne-ambiance-et-visages-lumineux-a-lEupen-Rosenmontagszug-galerie.jpg\" width=\"159\" height=\"159\" alt=\"\"><\/figure>\n<figure class=\"column small-6 medium-3 end\"><img loading=\"lazy\" decoding=\"async\" src=\"https:\/\/vieassociative.be\/actualites\/wp-content\/uploads\/2025\/03\/1741033085_874_Gais-bonne-ambiance-et-visages-lumineux-a-lEupen-Rosenmontagszug-galerie.jpg\" width=\"159\" height=\"159\" alt=\"\"><\/figure>\n<figure class=\"column small-6 medium-3 end\"><img loading=\"lazy\" decoding=\"async\" src=\"https:\/\/vieassociative.be\/actualites\/wp-content\/uploads\/2025\/03\/1741033085_17_Gais-bonne-ambiance-et-visages-lumineux-a-lEupen-Rosenmontagszug-galerie.jpg\" width=\"159\" height=\"159\" alt=\"\"><\/figure>\n<figure class=\"column small-6 medium-3 end\"><img loading=\"lazy\" decoding=\"async\" src=\"https:\/\/vieassociative.be\/actualites\/wp-content\/uploads\/2025\/03\/1741033085_728_Gais-bonne-ambiance-et-visages-lumineux-a-lEupen-Rosenmontagszug-galerie.jpg\" width=\"159\" height=\"159\" alt=\"\"><\/figure>\n<figure class=\"column small-6 medium-3 end\"><img loading=\"lazy\" decoding=\"async\" src=\"https:\/\/vieassociative.be\/actualites\/wp-content\/uploads\/2025\/03\/1741033085_101_Gais-bonne-ambiance-et-visages-lumineux-a-lEupen-Rosenmontagszug-galerie.jpg\" width=\"159\" height=\"159\" alt=\"\"><\/figure>\n<figure class=\"column small-6 medium-3 end\"><img loading=\"lazy\" decoding=\"async\" src=\"https:\/\/vieassociative.be\/actualites\/wp-content\/uploads\/2025\/03\/1741033085_653_Gais-bonne-ambiance-et-visages-lumineux-a-lEupen-Rosenmontagszug-galerie.jpg\" width=\"159\" height=\"159\" alt=\"\"><\/figure>\n<figure class=\"column small-6 medium-3 end\"><img loading=\"lazy\" decoding=\"async\" src=\"https:\/\/vieassociative.be\/actualites\/wp-content\/uploads\/2025\/03\/1741033085_827_Gais-bonne-ambiance-et-visages-lumineux-a-lEupen-Rosenmontagszug-galerie.jpg\" width=\"159\" height=\"159\" alt=\"\"><\/figure>\n<figure class=\"column small-6 medium-3 end\"><img loading=\"lazy\" decoding=\"async\" src=\"https:\/\/vieassociative.be\/actualites\/wp-content\/uploads\/2025\/03\/1741033085_787_Gais-bonne-ambiance-et-visages-lumineux-a-lEupen-Rosenmontagszug-galerie.jpg\" width=\"159\" height=\"159\" alt=\"\"><\/figure>\n<figure class=\"column small-6 medium-3 end\"><img loading=\"lazy\" decoding=\"async\" src=\"https:\/\/vieassociative.be\/actualites\/wp-content\/uploads\/2025\/03\/1741033085_478_Gais-bonne-ambiance-et-visages-lumineux-a-lEupen-Rosenmontagszug-galerie.jpg\" width=\"159\" height=\"159\" alt=\"\"><\/figure>\n<figure class=\"column small-6 medium-3 end\"><img loading=\"lazy\" decoding=\"async\" src=\"https:\/\/vieassociative.be\/actualites\/wp-content\/uploads\/2025\/03\/1741033086_720_Gais-bonne-ambiance-et-visages-lumineux-a-lEupen-Rosenmontagszug-galerie.jpg\" width=\"159\" height=\"159\" alt=\"\"><\/figure>\n<figure class=\"column small-6 medium-3 end\"><img loading=\"lazy\" decoding=\"async\" src=\"https:\/\/vieassociative.be\/actualites\/wp-content\/uploads\/2025\/03\/1741033086_427_Gais-bonne-ambiance-et-visages-lumineux-a-lEupen-Rosenmontagszug-galerie.jpg\" width=\"159\" height=\"159\" alt=\"\"><\/figure>\n<figure class=\"column small-6 medium-3 end\"><img loading=\"lazy\" decoding=\"async\" src=\"https:\/\/vieassociative.be\/actualites\/wp-content\/uploads\/2025\/03\/1741033086_520_Gais-bonne-ambiance-et-visages-lumineux-a-lEupen-Rosenmontagszug-galerie.jpg\" width=\"159\" height=\"159\" alt=\"\"><\/figure>\n<figure class=\"column small-6 medium-3 end\"><img loading=\"lazy\" decoding=\"async\" src=\"https:\/\/vieassociative.be\/actualites\/wp-content\/uploads\/2025\/03\/1741033086_753_Gais-bonne-ambiance-et-visages-lumineux-a-lEupen-Rosenmontagszug-galerie.jpg\" width=\"159\" height=\"159\" alt=\"\"><\/figure>\n<figure class=\"column small-6 medium-3 end\"><img loading=\"lazy\" decoding=\"async\" src=\"https:\/\/vieassociative.be\/actualites\/wp-content\/uploads\/2025\/03\/1741033086_373_Gais-bonne-ambiance-et-visages-lumineux-a-lEupen-Rosenmontagszug-galerie.jpg\" width=\"159\" height=\"159\" alt=\"\"><\/figure>\n<figure class=\"column small-6 medium-3 end\"><img loading=\"lazy\" decoding=\"async\" src=\"https:\/\/vieassociative.be\/actualites\/wp-content\/uploads\/2025\/03\/1741033086_559_Gais-bonne-ambiance-et-visages-lumineux-a-lEupen-Rosenmontagszug-galerie.jpg\" width=\"159\" height=\"159\" alt=\"\"><\/figure>\n<figure class=\"column small-6 medium-3 end\"><img loading=\"lazy\" decoding=\"async\" src=\"https:\/\/vieassociative.be\/actualites\/wp-content\/uploads\/2025\/03\/1741033086_572_Gais-bonne-ambiance-et-visages-lumineux-a-lEupen-Rosenmontagszug-galerie.jpg\" width=\"159\" height=\"159\" alt=\"\"><\/figure>\n<figure class=\"column small-6 medium-3 end\"><img loading=\"lazy\" decoding=\"async\" src=\"https:\/\/vieassociative.be\/actualites\/wp-content\/uploads\/2025\/03\/1741033086_606_Gais-bonne-ambiance-et-visages-lumineux-a-lEupen-Rosenmontagszug-galerie.jpg\" width=\"159\" height=\"159\" alt=\"\"><\/figure>\n<figure class=\"column small-6 medium-3 end\"><img loading=\"lazy\" decoding=\"async\" src=\"https:\/\/vieassociative.be\/actualites\/wp-content\/uploads\/2025\/03\/1741033086_130_Gais-bonne-ambiance-et-visages-lumineux-a-lEupen-Rosenmontagszug-galerie.jpg\" width=\"159\" height=\"159\" alt=\"\"><\/figure>\n<figure class=\"column small-6 medium-3 end\"><img loading=\"lazy\" decoding=\"async\" src=\"https:\/\/vieassociative.be\/actualites\/wp-content\/uploads\/2025\/03\/1741033086_923_Gais-bonne-ambiance-et-visages-lumineux-a-lEupen-Rosenmontagszug-galerie.jpg\" width=\"159\" height=\"159\" alt=\"\"><\/figure>\n<figure class=\"column small-6 medium-3 end\"><img loading=\"lazy\" decoding=\"async\" src=\"https:\/\/vieassociative.be\/actualites\/wp-content\/uploads\/2025\/03\/1741033086_472_Gais-bonne-ambiance-et-visages-lumineux-a-lEupen-Rosenmontagszug-galerie.jpg\" width=\"159\" height=\"159\" alt=\"\"><\/figure>\n<figure class=\"column small-6 medium-3 end\"><img loading=\"lazy\" decoding=\"async\" src=\"https:\/\/vieassociative.be\/actualites\/wp-content\/uploads\/2025\/03\/1741033086_730_Gais-bonne-ambiance-et-visages-lumineux-a-lEupen-Rosenmontagszug-galerie.jpg\" width=\"159\" height=\"159\" alt=\"\"><\/figure>\n<figure class=\"column small-6 medium-3 end\"><img loading=\"lazy\" decoding=\"async\" src=\"https:\/\/vieassociative.be\/actualites\/wp-content\/uploads\/2025\/03\/1741033086_321_Gais-bonne-ambiance-et-visages-lumineux-a-lEupen-Rosenmontagszug-galerie.jpg\" width=\"159\" height=\"159\" alt=\"\"><\/figure>\n<figure class=\"column small-6 medium-3 end\"><img loading=\"lazy\" decoding=\"async\" src=\"https:\/\/vieassociative.be\/actualites\/wp-content\/uploads\/2025\/03\/1741033086_441_Gais-bonne-ambiance-et-visages-lumineux-a-lEupen-Rosenmontagszug-galerie.jpg\" width=\"159\" height=\"159\" alt=\"\"><\/figure>\n<figure class=\"column small-6 medium-3 end\"><img loading=\"lazy\" decoding=\"async\" src=\"https:\/\/vieassociative.be\/actualites\/wp-content\/uploads\/2025\/03\/1741033086_629_Gais-bonne-ambiance-et-visages-lumineux-a-lEupen-Rosenmontagszug-galerie.jpg\" width=\"159\" height=\"159\" alt=\"\"><\/figure>\n<figure class=\"column small-6 medium-3 end\"><img loading=\"lazy\" decoding=\"async\" src=\"https:\/\/vieassociative.be\/actualites\/wp-content\/uploads\/2025\/03\/1741033086_399_Gais-bonne-ambiance-et-visages-lumineux-a-lEupen-Rosenmontagszug-galerie.jpg\" width=\"159\" height=\"159\" alt=\"\"><\/figure>\n<figure class=\"column small-6 medium-3 end\"><img loading=\"lazy\" decoding=\"async\" src=\"https:\/\/vieassociative.be\/actualites\/wp-content\/uploads\/2025\/03\/1741033086_39_Gais-bonne-ambiance-et-visages-lumineux-a-lEupen-Rosenmontagszug-galerie.jpg\" width=\"159\" height=\"159\" alt=\"\"><\/figure>\n<figure class=\"column small-6 medium-3 end\"><img loading=\"lazy\" decoding=\"async\" src=\"https:\/\/vieassociative.be\/actualites\/wp-content\/uploads\/2025\/03\/1741033086_821_Gais-bonne-ambiance-et-visages-lumineux-a-lEupen-Rosenmontagszug-galerie.jpg\" width=\"159\" height=\"159\" alt=\"\"><\/figure>\n<figure class=\"column small-6 medium-3 end\"><img loading=\"lazy\" decoding=\"async\" src=\"https:\/\/vieassociative.be\/actualites\/wp-content\/uploads\/2025\/03\/1741033086_520_Gais-bonne-ambiance-et-visages-lumineux-a-lEupen-Rosenmontagszug-galerie.jpg\" width=\"159\" height=\"159\" alt=\"\"><\/figure>\n<figure class=\"column small-6 medium-3 end\"><img loading=\"lazy\" decoding=\"async\" src=\"https:\/\/vieassociative.be\/actualites\/wp-content\/uploads\/2025\/03\/1741033086_300_Gais-bonne-ambiance-et-visages-lumineux-a-lEupen-Rosenmontagszug-galerie.jpg\" width=\"159\" height=\"159\" alt=\"\"><\/figure>\n<figure class=\"column small-6 medium-3 end\"><img loading=\"lazy\" decoding=\"async\" src=\"https:\/\/vieassociative.be\/actualites\/wp-content\/uploads\/2025\/03\/1741033086_392_Gais-bonne-ambiance-et-visages-lumineux-a-lEupen-Rosenmontagszug-galerie.jpg\" width=\"159\" height=\"159\" alt=\"\"><\/figure>\n<figure class=\"column small-6 medium-3 end\"><img loading=\"lazy\" decoding=\"async\" src=\"https:\/\/vieassociative.be\/actualites\/wp-content\/uploads\/2025\/03\/1741033086_672_Gais-bonne-ambiance-et-visages-lumineux-a-lEupen-Rosenmontagszug-galerie.jpg\" width=\"159\" height=\"159\" alt=\"\"><\/figure>\n<figure class=\"column small-6 medium-3 end\"><img loading=\"lazy\" decoding=\"async\" src=\"https:\/\/vieassociative.be\/actualites\/wp-content\/uploads\/2025\/03\/1741033086_197_Gais-bonne-ambiance-et-visages-lumineux-a-lEupen-Rosenmontagszug-galerie.jpg\" width=\"159\" height=\"159\" alt=\"\"><\/figure>\n<figure class=\"column small-6 medium-3 end\"><img loading=\"lazy\" decoding=\"async\" src=\"https:\/\/vieassociative.be\/actualites\/wp-content\/uploads\/2025\/03\/1741033086_754_Gais-bonne-ambiance-et-visages-lumineux-a-lEupen-Rosenmontagszug-galerie.jpg\" width=\"159\" height=\"159\" alt=\"\"><\/figure>\n<figure class=\"column small-6 medium-3 end\"><img loading=\"lazy\" decoding=\"async\" src=\"https:\/\/vieassociative.be\/actualites\/wp-content\/uploads\/2025\/03\/1741033087_574_Gais-bonne-ambiance-et-visages-lumineux-a-lEupen-Rosenmontagszug-galerie.jpg\" width=\"159\" height=\"159\" alt=\"\"><\/figure>\n<figure class=\"column small-6 medium-3 end\"><img loading=\"lazy\" decoding=\"async\" src=\"https:\/\/vieassociative.be\/actualites\/wp-content\/uploads\/2025\/03\/1741033087_531_Gais-bonne-ambiance-et-visages-lumineux-a-lEupen-Rosenmontagszug-galerie.jpg\" width=\"159\" height=\"159\" alt=\"\"><\/figure>\n<figure class=\"column small-6 medium-3 end\"><img loading=\"lazy\" decoding=\"async\" src=\"https:\/\/vieassociative.be\/actualites\/wp-content\/uploads\/2025\/03\/1741033087_854_Gais-bonne-ambiance-et-visages-lumineux-a-lEupen-Rosenmontagszug-galerie.jpg\" width=\"159\" height=\"159\" alt=\"\"><\/figure>\n<figure class=\"column small-6 medium-3 end\"><img loading=\"lazy\" decoding=\"async\" src=\"https:\/\/vieassociative.be\/actualites\/wp-content\/uploads\/2025\/03\/1741033087_922_Gais-bonne-ambiance-et-visages-lumineux-a-lEupen-Rosenmontagszug-galerie.jpg\" width=\"159\" height=\"159\" alt=\"\"><\/figure>\n<figure class=\"column small-6 medium-3 end\"><img loading=\"lazy\" decoding=\"async\" src=\"https:\/\/vieassociative.be\/actualites\/wp-content\/uploads\/2025\/03\/1741033087_797_Gais-bonne-ambiance-et-visages-lumineux-a-lEupen-Rosenmontagszug-galerie.jpg\" width=\"159\" height=\"159\" alt=\"\"><\/figure>\n<figure class=\"column small-6 medium-3 end\"><img loading=\"lazy\" decoding=\"async\" src=\"https:\/\/vieassociative.be\/actualites\/wp-content\/uploads\/2025\/03\/1741033087_989_Gais-bonne-ambiance-et-visages-lumineux-a-lEupen-Rosenmontagszug-galerie.jpg\" width=\"159\" height=\"159\" alt=\"\"><\/figure>\n<figure class=\"column small-6 medium-3 end\"><img loading=\"lazy\" decoding=\"async\" src=\"https:\/\/vieassociative.be\/actualites\/wp-content\/uploads\/2025\/03\/1741033087_8_Gais-bonne-ambiance-et-visages-lumineux-a-lEupen-Rosenmontagszug-galerie.jpg\" width=\"159\" height=\"159\" alt=\"\"><\/figure>\n<figure class=\"column small-6 medium-3 end\"><img loading=\"lazy\" decoding=\"async\" src=\"https:\/\/vieassociative.be\/actualites\/wp-content\/uploads\/2025\/03\/1741033087_904_Gais-bonne-ambiance-et-visages-lumineux-a-lEupen-Rosenmontagszug-galerie.jpg\" width=\"159\" height=\"159\" alt=\"\"><\/figure>\n<figure class=\"column small-6 medium-3 end\"><img loading=\"lazy\" decoding=\"async\" src=\"https:\/\/vieassociative.be\/actualites\/wp-content\/uploads\/2025\/03\/1741033087_247_Gais-bonne-ambiance-et-visages-lumineux-a-lEupen-Rosenmontagszug-galerie.jpg\" width=\"159\" height=\"159\" alt=\"\"><\/figure>\n<figure class=\"column small-6 medium-3 end\"><img loading=\"lazy\" decoding=\"async\" src=\"https:\/\/vieassociative.be\/actualites\/wp-content\/uploads\/2025\/03\/1741033087_663_Gais-bonne-ambiance-et-visages-lumineux-a-lEupen-Rosenmontagszug-galerie.jpg\" width=\"159\" height=\"159\" alt=\"\"><\/figure>\n<figure class=\"column small-6 medium-3 end\"><img loading=\"lazy\" decoding=\"async\" src=\"https:\/\/vieassociative.be\/actualites\/wp-content\/uploads\/2025\/03\/1741033087_694_Gais-bonne-ambiance-et-visages-lumineux-a-lEupen-Rosenmontagszug-galerie.jpg\" width=\"159\" height=\"159\" alt=\"\"><\/figure>\n<figure class=\"column small-6 medium-3 end\"><img loading=\"lazy\" decoding=\"async\" src=\"https:\/\/vieassociative.be\/actualites\/wp-content\/uploads\/2025\/03\/1741033087_329_Gais-bonne-ambiance-et-visages-lumineux-a-lEupen-Rosenmontagszug-galerie.jpg\" width=\"159\" height=\"159\" alt=\"\"><\/figure>\n<figure class=\"column small-6 medium-3 end\"><img loading=\"lazy\" decoding=\"async\" src=\"https:\/\/vieassociative.be\/actualites\/wp-content\/uploads\/2025\/03\/1741033087_533_Gais-bonne-ambiance-et-visages-lumineux-a-lEupen-Rosenmontagszug-galerie.jpg\" width=\"159\" height=\"159\" alt=\"\"><\/figure>\n<figure class=\"column small-6 medium-3 end\"><img loading=\"lazy\" decoding=\"async\" src=\"https:\/\/vieassociative.be\/actualites\/wp-content\/uploads\/2025\/03\/1741033087_371_Gais-bonne-ambiance-et-visages-lumineux-a-lEupen-Rosenmontagszug-galerie.jpg\" width=\"159\" height=\"159\" alt=\"\"><\/figure>\n<figure class=\"column small-6 medium-3 end\"><img loading=\"lazy\" decoding=\"async\" src=\"https:\/\/vieassociative.be\/actualites\/wp-content\/uploads\/2025\/03\/1741033087_368_Gais-bonne-ambiance-et-visages-lumineux-a-lEupen-Rosenmontagszug-galerie.jpg\" width=\"159\" height=\"159\" alt=\"\"><\/figure>\n<figure class=\"column small-6 medium-3 end\"><img loading=\"lazy\" decoding=\"async\" src=\"https:\/\/vieassociative.be\/actualites\/wp-content\/uploads\/2025\/03\/1741033087_200_Gais-bonne-ambiance-et-visages-lumineux-a-lEupen-Rosenmontagszug-galerie.jpg\" width=\"159\" height=\"159\" alt=\"\"><\/figure>\n<figure class=\"column small-6 medium-3 end\"><img loading=\"lazy\" decoding=\"async\" src=\"https:\/\/vieassociative.be\/actualites\/wp-content\/uploads\/2025\/03\/1741033087_958_Gais-bonne-ambiance-et-visages-lumineux-a-lEupen-Rosenmontagszug-galerie.jpg\" width=\"159\" height=\"159\" alt=\"\"><\/figure>\n<figure class=\"column small-6 medium-3 end\"><img loading=\"lazy\" decoding=\"async\" src=\"https:\/\/vieassociative.be\/actualites\/wp-content\/uploads\/2025\/03\/1741033087_435_Gais-bonne-ambiance-et-visages-lumineux-a-lEupen-Rosenmontagszug-galerie.jpg\" width=\"159\" height=\"159\" alt=\"\"><\/figure>\n<figure class=\"column small-6 medium-3 end\"><img loading=\"lazy\" decoding=\"async\" src=\"https:\/\/vieassociative.be\/actualites\/wp-content\/uploads\/2025\/03\/1741033087_732_Gais-bonne-ambiance-et-visages-lumineux-a-lEupen-Rosenmontagszug-galerie.jpg\" width=\"159\" height=\"159\" alt=\"\"><\/figure>\n<figure class=\"column small-6 medium-3 end\"><img loading=\"lazy\" decoding=\"async\" src=\"https:\/\/vieassociative.be\/actualites\/wp-content\/uploads\/2025\/03\/1741033087_21_Gais-bonne-ambiance-et-visages-lumineux-a-lEupen-Rosenmontagszug-galerie.jpg\" width=\"159\" height=\"159\" alt=\"\"><\/figure>\n<figure class=\"column small-6 medium-3 end\"><img loading=\"lazy\" decoding=\"async\" src=\"https:\/\/vieassociative.be\/actualites\/wp-content\/uploads\/2025\/03\/1741033087_263_Gais-bonne-ambiance-et-visages-lumineux-a-lEupen-Rosenmontagszug-galerie.jpg\" width=\"159\" height=\"159\" alt=\"\"><\/figure>\n<figure class=\"column small-6 medium-3 end\"><img loading=\"lazy\" decoding=\"async\" src=\"https:\/\/vieassociative.be\/actualites\/wp-content\/uploads\/2025\/03\/1741033087_879_Gais-bonne-ambiance-et-visages-lumineux-a-lEupen-Rosenmontagszug-galerie.jpg\" width=\"159\" height=\"159\" alt=\"\"><\/figure>\n<figure class=\"column small-6 medium-3 end\"><img loading=\"lazy\" decoding=\"async\" src=\"https:\/\/vieassociative.be\/actualites\/wp-content\/uploads\/2025\/03\/1741033087_606_Gais-bonne-ambiance-et-visages-lumineux-a-lEupen-Rosenmontagszug-galerie.jpg\" width=\"159\" height=\"159\" alt=\"\"><\/figure>\n<figure class=\"column small-6 medium-3 end\"><img loading=\"lazy\" decoding=\"async\" src=\"https:\/\/vieassociative.be\/actualites\/wp-content\/uploads\/2025\/03\/1741033087_61_Gais-bonne-ambiance-et-visages-lumineux-a-lEupen-Rosenmontagszug-galerie.jpg\" width=\"159\" height=\"159\" alt=\"\"><\/figure>\n<figure class=\"column small-6 medium-3 end\"><img loading=\"lazy\" decoding=\"async\" src=\"https:\/\/vieassociative.be\/actualites\/wp-content\/uploads\/2025\/03\/1741033087_506_Gais-bonne-ambiance-et-visages-lumineux-a-lEupen-Rosenmontagszug-galerie.jpg\" width=\"159\" height=\"159\" alt=\"\"><\/figure>\n<figure class=\"column small-6 medium-3 end\"><img loading=\"lazy\" decoding=\"async\" src=\"https:\/\/vieassociative.be\/actualites\/wp-content\/uploads\/2025\/03\/1741033088_604_Gais-bonne-ambiance-et-visages-lumineux-a-lEupen-Rosenmontagszug-galerie.jpg\" width=\"159\" height=\"159\" alt=\"\"><\/figure>\n<figure class=\"column small-6 medium-3 end\"><img loading=\"lazy\" decoding=\"async\" src=\"https:\/\/vieassociative.be\/actualites\/wp-content\/uploads\/2025\/03\/1741033088_248_Gais-bonne-ambiance-et-visages-lumineux-a-lEupen-Rosenmontagszug-galerie.jpg\" width=\"159\" height=\"159\" alt=\"\"><\/figure>\n<figure class=\"column small-6 medium-3 end\"><img loading=\"lazy\" decoding=\"async\" src=\"https:\/\/vieassociative.be\/actualites\/wp-content\/uploads\/2025\/03\/1741033088_670_Gais-bonne-ambiance-et-visages-lumineux-a-lEupen-Rosenmontagszug-galerie.jpg\" width=\"159\" height=\"159\" alt=\"\"><\/figure>\n<figure class=\"column small-6 medium-3 end\"><img loading=\"lazy\" decoding=\"async\" src=\"https:\/\/vieassociative.be\/actualites\/wp-content\/uploads\/2025\/03\/1741033088_604_Gais-bonne-ambiance-et-visages-lumineux-a-lEupen-Rosenmontagszug-galerie.jpg\" width=\"159\" height=\"159\" alt=\"\"><\/figure>\n<figure class=\"column small-6 medium-3 end\"><img loading=\"lazy\" decoding=\"async\" src=\"https:\/\/vieassociative.be\/actualites\/wp-content\/uploads\/2025\/03\/1741033088_954_Gais-bonne-ambiance-et-visages-lumineux-a-lEupen-Rosenmontagszug-galerie.jpg\" width=\"159\" height=\"159\" alt=\"\"><\/figure>\n<figure class=\"column small-6 medium-3 end\"><img loading=\"lazy\" decoding=\"async\" src=\"https:\/\/vieassociative.be\/actualites\/wp-content\/uploads\/2025\/03\/1741033088_754_Gais-bonne-ambiance-et-visages-lumineux-a-lEupen-Rosenmontagszug-galerie.jpg\" width=\"159\" height=\"159\" alt=\"\"><\/figure>\n<figure class=\"column small-6 medium-3 end\"><img loading=\"lazy\" decoding=\"async\" src=\"https:\/\/vieassociative.be\/actualites\/wp-content\/uploads\/2025\/03\/1741033088_696_Gais-bonne-ambiance-et-visages-lumineux-a-lEupen-Rosenmontagszug-galerie.jpg\" width=\"159\" height=\"159\" alt=\"\"><\/figure>\n<figure class=\"column small-6 medium-3 end\"><img loading=\"lazy\" decoding=\"async\" src=\"https:\/\/vieassociative.be\/actualites\/wp-content\/uploads\/2025\/03\/1741033088_188_Gais-bonne-ambiance-et-visages-lumineux-a-lEupen-Rosenmontagszug-galerie.jpg\" width=\"159\" height=\"159\" alt=\"\"><\/figure>\n<figure class=\"column small-6 medium-3 end\"><img loading=\"lazy\" decoding=\"async\" src=\"https:\/\/vieassociative.be\/actualites\/wp-content\/uploads\/2025\/03\/1741033088_728_Gais-bonne-ambiance-et-visages-lumineux-a-lEupen-Rosenmontagszug-galerie.jpg\" width=\"159\" height=\"159\" alt=\"\"><\/figure>\n<figure class=\"column small-6 medium-3 end\"><img loading=\"lazy\" decoding=\"async\" src=\"https:\/\/vieassociative.be\/actualites\/wp-content\/uploads\/2025\/03\/1741033088_722_Gais-bonne-ambiance-et-visages-lumineux-a-lEupen-Rosenmontagszug-galerie.jpg\" width=\"159\" height=\"159\" alt=\"\"><\/figure>\n<figure class=\"column small-6 medium-3 end\"><img loading=\"lazy\" decoding=\"async\" src=\"https:\/\/vieassociative.be\/actualites\/wp-content\/uploads\/2025\/03\/1741033088_854_Gais-bonne-ambiance-et-visages-lumineux-a-lEupen-Rosenmontagszug-galerie.jpg\" width=\"159\" height=\"159\" alt=\"\"><\/figure>\n<figure class=\"column small-6 medium-3 end\"><img loading=\"lazy\" decoding=\"async\" src=\"https:\/\/vieassociative.be\/actualites\/wp-content\/uploads\/2025\/03\/1741033088_999_Gais-bonne-ambiance-et-visages-lumineux-a-lEupen-Rosenmontagszug-galerie.jpg\" width=\"159\" height=\"159\" alt=\"\"><\/figure>\n<figure class=\"column small-6 medium-3 end\"><img loading=\"lazy\" decoding=\"async\" src=\"https:\/\/vieassociative.be\/actualites\/wp-content\/uploads\/2025\/03\/1741033088_985_Gais-bonne-ambiance-et-visages-lumineux-a-lEupen-Rosenmontagszug-galerie.jpg\" width=\"159\" height=\"159\" alt=\"\"><\/figure>\n<figure class=\"column small-6 medium-3 end\"><img loading=\"lazy\" decoding=\"async\" src=\"https:\/\/vieassociative.be\/actualites\/wp-content\/uploads\/2025\/03\/1741033088_509_Gais-bonne-ambiance-et-visages-lumineux-a-lEupen-Rosenmontagszug-galerie.jpg\" width=\"159\" height=\"159\" alt=\"\"><\/figure>\n<figure class=\"column small-6 medium-3 end\"><img loading=\"lazy\" decoding=\"async\" src=\"https:\/\/vieassociative.be\/actualites\/wp-content\/uploads\/2025\/03\/1741033088_737_Gais-bonne-ambiance-et-visages-lumineux-a-lEupen-Rosenmontagszug-galerie.jpg\" width=\"159\" height=\"159\" alt=\"\"><\/figure>\n<figure class=\"column small-6 medium-3 end\"><img loading=\"lazy\" decoding=\"async\" src=\"https:\/\/vieassociative.be\/actualites\/wp-content\/uploads\/2025\/03\/1741033088_264_Gais-bonne-ambiance-et-visages-lumineux-a-lEupen-Rosenmontagszug-galerie.jpg\" width=\"159\" height=\"159\" alt=\"\"><\/figure>\n<figure class=\"column small-6 medium-3 end\"><img loading=\"lazy\" decoding=\"async\" src=\"https:\/\/vieassociative.be\/actualites\/wp-content\/uploads\/2025\/03\/1741033088_549_Gais-bonne-ambiance-et-visages-lumineux-a-lEupen-Rosenmontagszug-galerie.jpg\" width=\"159\" height=\"159\" alt=\"\"><\/figure>\n<figure class=\"column small-6 medium-3 end\"><img loading=\"lazy\" decoding=\"async\" src=\"https:\/\/vieassociative.be\/actualites\/wp-content\/uploads\/2025\/03\/1741033088_699_Gais-bonne-ambiance-et-visages-lumineux-a-lEupen-Rosenmontagszug-galerie.jpg\" width=\"159\" height=\"159\" alt=\"\"><\/figure>\n<figure class=\"column small-6 medium-3 end\"><img loading=\"lazy\" decoding=\"async\" src=\"https:\/\/vieassociative.be\/actualites\/wp-content\/uploads\/2025\/03\/1741033088_662_Gais-bonne-ambiance-et-visages-lumineux-a-lEupen-Rosenmontagszug-galerie.jpg\" width=\"159\" height=\"159\" alt=\"\"><\/figure>\n<figure class=\"column small-6 medium-3 end\"><img loading=\"lazy\" decoding=\"async\" src=\"https:\/\/vieassociative.be\/actualites\/wp-content\/uploads\/2025\/03\/1741033088_623_Gais-bonne-ambiance-et-visages-lumineux-a-lEupen-Rosenmontagszug-galerie.jpg\" width=\"159\" height=\"159\" alt=\"\"><\/figure>\n<figure class=\"column small-6 medium-3 end\"><img loading=\"lazy\" decoding=\"async\" src=\"https:\/\/vieassociative.be\/actualites\/wp-content\/uploads\/2025\/03\/1741033088_211_Gais-bonne-ambiance-et-visages-lumineux-a-lEupen-Rosenmontagszug-galerie.jpg\" width=\"159\" height=\"159\" alt=\"\"><\/figure>\n<figure class=\"column small-6 medium-3 end\"><img loading=\"lazy\" decoding=\"async\" src=\"https:\/\/vieassociative.be\/actualites\/wp-content\/uploads\/2025\/03\/1741033088_994_Gais-bonne-ambiance-et-visages-lumineux-a-lEupen-Rosenmontagszug-galerie.jpg\" width=\"159\" height=\"159\" alt=\"\"><\/figure>\n<figure class=\"column small-6 medium-3 end\"><img loading=\"lazy\" decoding=\"async\" src=\"https:\/\/vieassociative.be\/actualites\/wp-content\/uploads\/2025\/03\/1741033088_954_Gais-bonne-ambiance-et-visages-lumineux-a-lEupen-Rosenmontagszug-galerie.jpg\" width=\"159\" height=\"159\" alt=\"\"><\/figure>\n<figure class=\"column small-6 medium-3 end\"><img loading=\"lazy\" decoding=\"async\" src=\"https:\/\/vieassociative.be\/actualites\/wp-content\/uploads\/2025\/03\/1741033088_840_Gais-bonne-ambiance-et-visages-lumineux-a-lEupen-Rosenmontagszug-galerie.jpg\" width=\"159\" height=\"159\" alt=\"\"><\/figure>\n<figure class=\"column small-6 medium-3 end\"><img loading=\"lazy\" decoding=\"async\" src=\"https:\/\/vieassociative.be\/actualites\/wp-content\/uploads\/2025\/03\/1741033089_688_Gais-bonne-ambiance-et-visages-lumineux-a-lEupen-Rosenmontagszug-galerie.jpg\" width=\"159\" height=\"159\" alt=\"\"><\/figure>\n<figure class=\"column small-6 medium-3 end\"><img loading=\"lazy\" decoding=\"async\" src=\"https:\/\/vieassociative.be\/actualites\/wp-content\/uploads\/2025\/03\/1741033089_740_Gais-bonne-ambiance-et-visages-lumineux-a-lEupen-Rosenmontagszug-galerie.jpg\" width=\"159\" height=\"159\" alt=\"\"><\/figure>\n<\/div>\n","protected":false},"excerpt":{"rendered":"<p>C&rsquo;\u00e9tait \u00e0 nouveau un tr\u00e8s long train de Rose Monday qui a attir\u00e9 des visiteurs de pr\u00e8s et de loin \u00e0 Eupen au soleil et<\/p>\n","protected":false},"author":1,"featured_media":5580,"comment_status":"","ping_status":"","sticky":false,"template":"","format":"standard","meta":{"footnotes":""},"categories":[298],"tags":[5653,680,5652,3257,5407,5654,283,5655,1508],"class_list":["post-5579","post","type-post","status-publish","format-standard","has-post-thumbnail","hentry","category-belgique","tag-ambiance","tag-bonne","tag-gais","tag-galerie","tag-leupen","tag-lumineux","tag-photos","tag-rosenmontagszug","tag-visages","generate-columns","tablet-grid-50","mobile-grid-100","grid-parent","grid-33"],"yoast_head":"<!-- This site is optimized with the Yoast SEO plugin v24.0 - https:\/\/yoast.com\/wordpress\/plugins\/seo\/ -->\n<title>Gais, bonne ambiance et visages lumineux \u00e0 l&#039;Eupen Rosenmontagszug (galerie de photos) | Vie Associative<\/title>\n<meta name=\"robots\" content=\"index, follow, max-snippet:-1, max-image-preview:large, max-video-preview:-1\" \/>\n<link rel=\"canonical\" href=\"https:\/\/vieassociative.be\/actualites\/gais-bonne-ambiance-et-visages-lumineux-a-leupen-rosenmontagszug-galerie-de-photos\/\" \/>\n<meta property=\"og:locale\" content=\"fr_FR\" \/>\n<meta property=\"og:type\" content=\"article\" \/>\n<meta property=\"og:title\" content=\"Gais, bonne ambiance et visages lumineux \u00e0 l&#039;Eupen Rosenmontagszug (galerie de photos) | Vie Associative\" \/>\n<meta property=\"og:description\" content=\"C&rsquo;\u00e9tait \u00e0 nouveau un tr\u00e8s long train de Rose Monday qui a attir\u00e9 des visiteurs de pr\u00e8s et de loin \u00e0 Eupen au soleil et\" \/>\n<meta property=\"og:url\" content=\"https:\/\/vieassociative.be\/actualites\/gais-bonne-ambiance-et-visages-lumineux-a-leupen-rosenmontagszug-galerie-de-photos\/\" \/>\n<meta property=\"og:site_name\" content=\"Vie Associative\" \/>\n<meta property=\"article:published_time\" content=\"2025-03-03T20:18:09+00:00\" \/>\n<meta property=\"og:image\" content=\"https:\/\/vieassociative.be\/actualites\/wp-content\/uploads\/2024\/09\/header_backgroundk-01-e1726694325946.png\" \/>\n\t<meta property=\"og:image:width\" content=\"279\" \/>\n\t<meta property=\"og:image:height\" content=\"92\" \/>\n\t<meta property=\"og:image:type\" content=\"image\/png\" \/>\n<meta name=\"author\" content=\"Julien\" \/>\n<meta name=\"twitter:card\" content=\"summary_large_image\" \/>\n<meta name=\"twitter:label1\" content=\"\u00c9crit par\" \/>\n\t<meta name=\"twitter:data1\" content=\"Julien\" \/>\n\t<meta name=\"twitter:label2\" content=\"Dur\u00e9e de lecture est.\" \/>\n\t<meta name=\"twitter:data2\" content=\"2 minutes\" \/>\n<script type=\"application\/ld+json\" class=\"yoast-schema-graph\">{\"@context\":\"https:\/\/schema.org\",\"@graph\":[{\"@type\":\"Article\",\"@id\":\"https:\/\/vieassociative.be\/actualites\/gais-bonne-ambiance-et-visages-lumineux-a-leupen-rosenmontagszug-galerie-de-photos\/#article\",\"isPartOf\":{\"@id\":\"https:\/\/vieassociative.be\/actualites\/gais-bonne-ambiance-et-visages-lumineux-a-leupen-rosenmontagszug-galerie-de-photos\/\"},\"author\":{\"name\":\"Julien\",\"@id\":\"https:\/\/vieassociative.be\/actualites\/#\/schema\/person\/b87ac4f82f9d4e7b7cec7395b679edc4\"},\"headline\":\"Gais, bonne ambiance et visages lumineux \u00e0 l&rsquo;Eupen Rosenmontagszug (galerie de photos)\",\"datePublished\":\"2025-03-03T20:18:09+00:00\",\"dateModified\":\"2025-03-03T20:18:09+00:00\",\"mainEntityOfPage\":{\"@id\":\"https:\/\/vieassociative.be\/actualites\/gais-bonne-ambiance-et-visages-lumineux-a-leupen-rosenmontagszug-galerie-de-photos\/\"},\"wordCount\":389,\"publisher\":{\"@id\":\"https:\/\/vieassociative.be\/actualites\/#organization\"},\"image\":{\"@id\":\"https:\/\/vieassociative.be\/actualites\/gais-bonne-ambiance-et-visages-lumineux-a-leupen-rosenmontagszug-galerie-de-photos\/#primaryimage\"},\"thumbnailUrl\":\"https:\/\/vieassociative.be\/actualites\/wp-content\/uploads\/2025\/03\/1741033091_Gais-bonne-ambiance-et-visages-lumineux-a-lEupen-Rosenmontagszug-galerie.jpg\",\"keywords\":[\"ambiance\",\"bonne\",\"Gais\",\"galerie\",\"LEupen\",\"lumineux\",\"Photos\",\"Rosenmontagszug\",\"visages\"],\"articleSection\":[\"Belgique\"],\"inLanguage\":\"fr-BE\"},{\"@type\":\"WebPage\",\"@id\":\"https:\/\/vieassociative.be\/actualites\/gais-bonne-ambiance-et-visages-lumineux-a-leupen-rosenmontagszug-galerie-de-photos\/\",\"url\":\"https:\/\/vieassociative.be\/actualites\/gais-bonne-ambiance-et-visages-lumineux-a-leupen-rosenmontagszug-galerie-de-photos\/\",\"name\":\"Gais, bonne ambiance et visages lumineux \u00e0 l'Eupen Rosenmontagszug (galerie de photos) | Vie Associative\",\"isPartOf\":{\"@id\":\"https:\/\/vieassociative.be\/actualites\/#website\"},\"primaryImageOfPage\":{\"@id\":\"https:\/\/vieassociative.be\/actualites\/gais-bonne-ambiance-et-visages-lumineux-a-leupen-rosenmontagszug-galerie-de-photos\/#primaryimage\"},\"image\":{\"@id\":\"https:\/\/vieassociative.be\/actualites\/gais-bonne-ambiance-et-visages-lumineux-a-leupen-rosenmontagszug-galerie-de-photos\/#primaryimage\"},\"thumbnailUrl\":\"https:\/\/vieassociative.be\/actualites\/wp-content\/uploads\/2025\/03\/1741033091_Gais-bonne-ambiance-et-visages-lumineux-a-lEupen-Rosenmontagszug-galerie.jpg\",\"datePublished\":\"2025-03-03T20:18:09+00:00\",\"dateModified\":\"2025-03-03T20:18:09+00:00\",\"breadcrumb\":{\"@id\":\"https:\/\/vieassociative.be\/actualites\/gais-bonne-ambiance-et-visages-lumineux-a-leupen-rosenmontagszug-galerie-de-photos\/#breadcrumb\"},\"inLanguage\":\"fr-BE\",\"potentialAction\":[{\"@type\":\"ReadAction\",\"target\":[\"https:\/\/vieassociative.be\/actualites\/gais-bonne-ambiance-et-visages-lumineux-a-leupen-rosenmontagszug-galerie-de-photos\/\"]}]},{\"@type\":\"ImageObject\",\"inLanguage\":\"fr-BE\",\"@id\":\"https:\/\/vieassociative.be\/actualites\/gais-bonne-ambiance-et-visages-lumineux-a-leupen-rosenmontagszug-galerie-de-photos\/#primaryimage\",\"url\":\"https:\/\/vieassociative.be\/actualites\/wp-content\/uploads\/2025\/03\/1741033091_Gais-bonne-ambiance-et-visages-lumineux-a-lEupen-Rosenmontagszug-galerie.jpg\",\"contentUrl\":\"https:\/\/vieassociative.be\/actualites\/wp-content\/uploads\/2025\/03\/1741033091_Gais-bonne-ambiance-et-visages-lumineux-a-lEupen-Rosenmontagszug-galerie.jpg\",\"width\":1200,\"height\":900,\"caption\":\"Gais, bonne ambiance et visages lumineux \u00e0 l'Eupen Rosenmontagszug (galerie de photos)\"},{\"@type\":\"BreadcrumbList\",\"@id\":\"https:\/\/vieassociative.be\/actualites\/gais-bonne-ambiance-et-visages-lumineux-a-leupen-rosenmontagszug-galerie-de-photos\/#breadcrumb\",\"itemListElement\":[{\"@type\":\"ListItem\",\"position\":1,\"name\":\"Accueil\",\"item\":\"https:\/\/vieassociative.be\/actualites\/\"},{\"@type\":\"ListItem\",\"position\":2,\"name\":\"Gais, bonne ambiance et visages lumineux \u00e0 l&rsquo;Eupen Rosenmontagszug (galerie de photos)\"}]},{\"@type\":\"WebSite\",\"@id\":\"https:\/\/vieassociative.be\/actualites\/#website\",\"url\":\"https:\/\/vieassociative.be\/actualites\/\",\"name\":\"Vie Associative\",\"description\":\"\",\"publisher\":{\"@id\":\"https:\/\/vieassociative.be\/actualites\/#organization\"},\"potentialAction\":[{\"@type\":\"SearchAction\",\"target\":{\"@type\":\"EntryPoint\",\"urlTemplate\":\"https:\/\/vieassociative.be\/actualites\/?s={search_term_string}\"},\"query-input\":{\"@type\":\"PropertyValueSpecification\",\"valueRequired\":true,\"valueName\":\"search_term_string\"}}],\"inLanguage\":\"fr-BE\"},{\"@type\":\"Organization\",\"@id\":\"https:\/\/vieassociative.be\/actualites\/#organization\",\"name\":\"Vie Associative\",\"url\":\"https:\/\/vieassociative.be\/actualites\/\",\"logo\":{\"@type\":\"ImageObject\",\"inLanguage\":\"fr-BE\",\"@id\":\"https:\/\/vieassociative.be\/actualites\/#\/schema\/logo\/image\/\",\"url\":\"https:\/\/vieassociative.be\/actualites\/wp-content\/uploads\/2024\/09\/cropped-vieassociative_favicon.ico.png\",\"contentUrl\":\"https:\/\/vieassociative.be\/actualites\/wp-content\/uploads\/2024\/09\/cropped-vieassociative_favicon.ico.png\",\"width\":512,\"height\":512,\"caption\":\"Vie Associative\"},\"image\":{\"@id\":\"https:\/\/vieassociative.be\/actualites\/#\/schema\/logo\/image\/\"}},{\"@type\":\"Person\",\"@id\":\"https:\/\/vieassociative.be\/actualites\/#\/schema\/person\/b87ac4f82f9d4e7b7cec7395b679edc4\",\"name\":\"Julien\",\"image\":{\"@type\":\"ImageObject\",\"inLanguage\":\"fr-BE\",\"@id\":\"https:\/\/vieassociative.be\/actualites\/#\/schema\/person\/image\/\",\"url\":\"https:\/\/vieassociative.be\/actualites\/wp-content\/uploads\/2024\/09\/vie-associative-1-150x150.jpg\",\"contentUrl\":\"https:\/\/vieassociative.be\/actualites\/wp-content\/uploads\/2024\/09\/vie-associative-1-150x150.jpg\",\"caption\":\"Julien\"},\"description\":\"Je suis Julien, r\u00e9dacteur pour Vie Associative. Passionn\u00e9 par le monde associatif depuis plus de 10 ans, j'ai \u00e0 c\u0153ur de partager des histoires inspirantes et de mettre en lumi\u00e8re les initiatives locales. Mon objectif est de sensibiliser et d'encourager l'engagement communautaire \u00e0 travers mes articles.\",\"sameAs\":[\"https:\/\/vieassociative.be\/\"]}]}<\/script>\n<!-- \/ Yoast SEO plugin. -->","yoast_head_json":{"title":"Gais, bonne ambiance et visages lumineux \u00e0 l'Eupen Rosenmontagszug (galerie de photos) | Vie Associative","robots":{"index":"index","follow":"follow","max-snippet":"max-snippet:-1","max-image-preview":"max-image-preview:large","max-video-preview":"max-video-preview:-1"},"canonical":"https:\/\/vieassociative.be\/actualites\/gais-bonne-ambiance-et-visages-lumineux-a-leupen-rosenmontagszug-galerie-de-photos\/","og_locale":"fr_FR","og_type":"article","og_title":"Gais, bonne ambiance et visages lumineux \u00e0 l'Eupen Rosenmontagszug (galerie de photos) | Vie Associative","og_description":"C&rsquo;\u00e9tait \u00e0 nouveau un tr\u00e8s long train de Rose Monday qui a attir\u00e9 des visiteurs de pr\u00e8s et de loin \u00e0 Eupen au soleil et","og_url":"https:\/\/vieassociative.be\/actualites\/gais-bonne-ambiance-et-visages-lumineux-a-leupen-rosenmontagszug-galerie-de-photos\/","og_site_name":"Vie Associative","article_published_time":"2025-03-03T20:18:09+00:00","og_image":[{"width":279,"height":92,"url":"https:\/\/vieassociative.be\/actualites\/wp-content\/uploads\/2024\/09\/header_backgroundk-01-e1726694325946.png","type":"image\/png"}],"author":"Julien","twitter_card":"summary_large_image","twitter_misc":{"\u00c9crit par":"Julien","Dur\u00e9e de lecture est.":"2 minutes"},"schema":{"@context":"https:\/\/schema.org","@graph":[{"@type":"Article","@id":"https:\/\/vieassociative.be\/actualites\/gais-bonne-ambiance-et-visages-lumineux-a-leupen-rosenmontagszug-galerie-de-photos\/#article","isPartOf":{"@id":"https:\/\/vieassociative.be\/actualites\/gais-bonne-ambiance-et-visages-lumineux-a-leupen-rosenmontagszug-galerie-de-photos\/"},"author":{"name":"Julien","@id":"https:\/\/vieassociative.be\/actualites\/#\/schema\/person\/b87ac4f82f9d4e7b7cec7395b679edc4"},"headline":"Gais, bonne ambiance et visages lumineux \u00e0 l&rsquo;Eupen Rosenmontagszug (galerie de photos)","datePublished":"2025-03-03T20:18:09+00:00","dateModified":"2025-03-03T20:18:09+00:00","mainEntityOfPage":{"@id":"https:\/\/vieassociative.be\/actualites\/gais-bonne-ambiance-et-visages-lumineux-a-leupen-rosenmontagszug-galerie-de-photos\/"},"wordCount":389,"publisher":{"@id":"https:\/\/vieassociative.be\/actualites\/#organization"},"image":{"@id":"https:\/\/vieassociative.be\/actualites\/gais-bonne-ambiance-et-visages-lumineux-a-leupen-rosenmontagszug-galerie-de-photos\/#primaryimage"},"thumbnailUrl":"https:\/\/vieassociative.be\/actualites\/wp-content\/uploads\/2025\/03\/1741033091_Gais-bonne-ambiance-et-visages-lumineux-a-lEupen-Rosenmontagszug-galerie.jpg","keywords":["ambiance","bonne","Gais","galerie","LEupen","lumineux","Photos","Rosenmontagszug","visages"],"articleSection":["Belgique"],"inLanguage":"fr-BE"},{"@type":"WebPage","@id":"https:\/\/vieassociative.be\/actualites\/gais-bonne-ambiance-et-visages-lumineux-a-leupen-rosenmontagszug-galerie-de-photos\/","url":"https:\/\/vieassociative.be\/actualites\/gais-bonne-ambiance-et-visages-lumineux-a-leupen-rosenmontagszug-galerie-de-photos\/","name":"Gais, bonne ambiance et visages lumineux \u00e0 l'Eupen Rosenmontagszug (galerie de photos) | Vie Associative","isPartOf":{"@id":"https:\/\/vieassociative.be\/actualites\/#website"},"primaryImageOfPage":{"@id":"https:\/\/vieassociative.be\/actualites\/gais-bonne-ambiance-et-visages-lumineux-a-leupen-rosenmontagszug-galerie-de-photos\/#primaryimage"},"image":{"@id":"https:\/\/vieassociative.be\/actualites\/gais-bonne-ambiance-et-visages-lumineux-a-leupen-rosenmontagszug-galerie-de-photos\/#primaryimage"},"thumbnailUrl":"https:\/\/vieassociative.be\/actualites\/wp-content\/uploads\/2025\/03\/1741033091_Gais-bonne-ambiance-et-visages-lumineux-a-lEupen-Rosenmontagszug-galerie.jpg","datePublished":"2025-03-03T20:18:09+00:00","dateModified":"2025-03-03T20:18:09+00:00","breadcrumb":{"@id":"https:\/\/vieassociative.be\/actualites\/gais-bonne-ambiance-et-visages-lumineux-a-leupen-rosenmontagszug-galerie-de-photos\/#breadcrumb"},"inLanguage":"fr-BE","potentialAction":[{"@type":"ReadAction","target":["https:\/\/vieassociative.be\/actualites\/gais-bonne-ambiance-et-visages-lumineux-a-leupen-rosenmontagszug-galerie-de-photos\/"]}]},{"@type":"ImageObject","inLanguage":"fr-BE","@id":"https:\/\/vieassociative.be\/actualites\/gais-bonne-ambiance-et-visages-lumineux-a-leupen-rosenmontagszug-galerie-de-photos\/#primaryimage","url":"https:\/\/vieassociative.be\/actualites\/wp-content\/uploads\/2025\/03\/1741033091_Gais-bonne-ambiance-et-visages-lumineux-a-lEupen-Rosenmontagszug-galerie.jpg","contentUrl":"https:\/\/vieassociative.be\/actualites\/wp-content\/uploads\/2025\/03\/1741033091_Gais-bonne-ambiance-et-visages-lumineux-a-lEupen-Rosenmontagszug-galerie.jpg","width":1200,"height":900,"caption":"Gais, bonne ambiance et visages lumineux \u00e0 l'Eupen Rosenmontagszug (galerie de photos)"},{"@type":"BreadcrumbList","@id":"https:\/\/vieassociative.be\/actualites\/gais-bonne-ambiance-et-visages-lumineux-a-leupen-rosenmontagszug-galerie-de-photos\/#breadcrumb","itemListElement":[{"@type":"ListItem","position":1,"name":"Accueil","item":"https:\/\/vieassociative.be\/actualites\/"},{"@type":"ListItem","position":2,"name":"Gais, bonne ambiance et visages lumineux \u00e0 l&rsquo;Eupen Rosenmontagszug (galerie de photos)"}]},{"@type":"WebSite","@id":"https:\/\/vieassociative.be\/actualites\/#website","url":"https:\/\/vieassociative.be\/actualites\/","name":"Vie Associative","description":"","publisher":{"@id":"https:\/\/vieassociative.be\/actualites\/#organization"},"potentialAction":[{"@type":"SearchAction","target":{"@type":"EntryPoint","urlTemplate":"https:\/\/vieassociative.be\/actualites\/?s={search_term_string}"},"query-input":{"@type":"PropertyValueSpecification","valueRequired":true,"valueName":"search_term_string"}}],"inLanguage":"fr-BE"},{"@type":"Organization","@id":"https:\/\/vieassociative.be\/actualites\/#organization","name":"Vie Associative","url":"https:\/\/vieassociative.be\/actualites\/","logo":{"@type":"ImageObject","inLanguage":"fr-BE","@id":"https:\/\/vieassociative.be\/actualites\/#\/schema\/logo\/image\/","url":"https:\/\/vieassociative.be\/actualites\/wp-content\/uploads\/2024\/09\/cropped-vieassociative_favicon.ico.png","contentUrl":"https:\/\/vieassociative.be\/actualites\/wp-content\/uploads\/2024\/09\/cropped-vieassociative_favicon.ico.png","width":512,"height":512,"caption":"Vie Associative"},"image":{"@id":"https:\/\/vieassociative.be\/actualites\/#\/schema\/logo\/image\/"}},{"@type":"Person","@id":"https:\/\/vieassociative.be\/actualites\/#\/schema\/person\/b87ac4f82f9d4e7b7cec7395b679edc4","name":"Julien","image":{"@type":"ImageObject","inLanguage":"fr-BE","@id":"https:\/\/vieassociative.be\/actualites\/#\/schema\/person\/image\/","url":"https:\/\/vieassociative.be\/actualites\/wp-content\/uploads\/2024\/09\/vie-associative-1-150x150.jpg","contentUrl":"https:\/\/vieassociative.be\/actualites\/wp-content\/uploads\/2024\/09\/vie-associative-1-150x150.jpg","caption":"Julien"},"description":"Je suis Julien, r\u00e9dacteur pour Vie Associative. Passionn\u00e9 par le monde associatif depuis plus de 10 ans, j'ai \u00e0 c\u0153ur de partager des histoires inspirantes et de mettre en lumi\u00e8re les initiatives locales. Mon objectif est de sensibiliser et d'encourager l'engagement communautaire \u00e0 travers mes articles.","sameAs":["https:\/\/vieassociative.be\/"]}]}},"_links":{"self":[{"href":"https:\/\/vieassociative.be\/actualites\/wp-json\/wp\/v2\/posts\/5579"}],"collection":[{"href":"https:\/\/vieassociative.be\/actualites\/wp-json\/wp\/v2\/posts"}],"about":[{"href":"https:\/\/vieassociative.be\/actualites\/wp-json\/wp\/v2\/types\/post"}],"author":[{"embeddable":true,"href":"https:\/\/vieassociative.be\/actualites\/wp-json\/wp\/v2\/users\/1"}],"replies":[{"embeddable":true,"href":"https:\/\/vieassociative.be\/actualites\/wp-json\/wp\/v2\/comments?post=5579"}],"version-history":[{"count":0,"href":"https:\/\/vieassociative.be\/actualites\/wp-json\/wp\/v2\/posts\/5579\/revisions"}],"wp:featuredmedia":[{"embeddable":true,"href":"https:\/\/vieassociative.be\/actualites\/wp-json\/wp\/v2\/media\/5580"}],"wp:attachment":[{"href":"https:\/\/vieassociative.be\/actualites\/wp-json\/wp\/v2\/media?parent=5579"}],"wp:term":[{"taxonomy":"category","embeddable":true,"href":"https:\/\/vieassociative.be\/actualites\/wp-json\/wp\/v2\/categories?post=5579"},{"taxonomy":"post_tag","embeddable":true,"href":"https:\/\/vieassociative.be\/actualites\/wp-json\/wp\/v2\/tags?post=5579"}],"curies":[{"name":"wp","href":"https:\/\/api.w.org\/{rel}","templated":true}]}}