{"id":557,"date":"2024-09-27T10:17:51","date_gmt":"2024-09-27T08:17:51","guid":{"rendered":"https:\/\/vieassociative.be\/actualites\/neue-reihe-les-couleurs-africaines\/"},"modified":"2024-09-27T10:17:51","modified_gmt":"2024-09-27T08:17:51","slug":"neue-reihe-les-couleurs-africaines","status":"publish","type":"post","link":"https:\/\/vieassociative.be\/actualites\/neue-reihe-les-couleurs-africaines\/","title":{"rendered":"Neue Reihe \u00ab Les couleurs africaines \u00bb"},"content":{"rendered":"<p><img decoding=\"async\" src=\"https:\/\/img.sparknews.funkemedien.de\/v16_9_600.jpeg\" \/><\/p>\n<p class=\"font-sans font-medium\">\n<aside class=\"h-ad-280+text lg:h-0 \" data-slot-id=\"pos1_sm\" data-breakpoint=\"sm\" data-hide-ad-text=\"false\" data-module-id=\"SparkAdSlotModule\"><\/aside>\n<p>Zusammen mit <strong>Martin Domke<\/strong>le Leiter des Herner Eine-Welt-Zentrums, hat das Literaturhaus eine neue Reihe konzipiert : \u00ab Die Farben Afrikas \u00bb. Lors de l&rsquo;achat le 29 janvier 19 heures, je contacterai l&rsquo;Entwicklungsexpertin et le Zentralafrika-Kennerin. <strong>G\u00e9sine Ames <\/strong>zu Vortrag et Discussion, au\u00dferdem <strong>Lusungu Mbilinyi<\/strong>Pfarrer aus Tansania et interreligioser Vermittler. <\/p>\n<div id=\"piano-reco-widget\" class=\"mb-4 block\"><\/div>\n<p>Voil\u00e0, vous l&rsquo;avez, <strong>L&rsquo;Afrique sera toujours diff\u00e9rente<\/strong>pour qu&rsquo;ils soient transform\u00e9s, gr\u00e2ce au potentiel des continents, ils sont capables de cro\u00eetre et de ne pas encore conna\u00eetre leurs propres catastrophes. La derni\u00e8re nuit : Le matin de Fiston Mwanza Mujila du roman \u00ab\u00a0Tram 83\u00a0\u00bb, accompagnement musical de Patrick Dunst, et en juin suite \u00e0 une com\u00e9die musicale avec le Groupe Tamala de Belgique\/S\u00e9n\u00e9gal. <\/p>\n<div id=\"piano-banner-kampagne\" class=\"mb-4 block\"><\/div>\n","protected":false},"excerpt":{"rendered":"<p>Zusammen mit Martin Domkele Leiter des Herner Eine-Welt-Zentrums, hat das Literaturhaus eine neue Reihe konzipiert : \u00ab Die Farben Afrikas \u00bb. Lors de l&rsquo;achat le<\/p>\n","protected":false},"author":1,"featured_media":0,"comment_status":"","ping_status":"","sticky":false,"template":"","format":"standard","meta":{"footnotes":""},"categories":[298],"tags":[910,909,14,907,908],"class_list":["post-557","post","type-post","status-publish","format-standard","hentry","category-belgique","tag-africaines","tag-couleurs","tag-les","tag-neue","tag-reihe","generate-columns","tablet-grid-50","mobile-grid-100","grid-parent","grid-33"],"yoast_head":"<!-- This site is optimized with the Yoast SEO plugin v24.0 - https:\/\/yoast.com\/wordpress\/plugins\/seo\/ -->\n<title>Neue Reihe \u00ab Les couleurs africaines \u00bb | Vie Associative<\/title>\n<meta name=\"robots\" content=\"index, follow, max-snippet:-1, max-image-preview:large, max-video-preview:-1\" \/>\n<link rel=\"canonical\" href=\"https:\/\/vieassociative.be\/actualites\/neue-reihe-les-couleurs-africaines\/\" \/>\n<meta property=\"og:locale\" content=\"fr_FR\" \/>\n<meta property=\"og:type\" content=\"article\" \/>\n<meta property=\"og:title\" content=\"Neue Reihe \u00ab Les couleurs africaines \u00bb | Vie Associative\" \/>\n<meta property=\"og:description\" content=\"Zusammen mit Martin Domkele Leiter des Herner Eine-Welt-Zentrums, hat das Literaturhaus eine neue Reihe konzipiert : \u00ab Die Farben Afrikas \u00bb. Lors de l&rsquo;achat le\" \/>\n<meta property=\"og:url\" content=\"https:\/\/vieassociative.be\/actualites\/neue-reihe-les-couleurs-africaines\/\" \/>\n<meta property=\"og:site_name\" content=\"Vie Associative\" \/>\n<meta property=\"article:published_time\" content=\"2024-09-27T08:17:51+00:00\" \/>\n<meta property=\"og:image\" content=\"https:\/\/img.sparknews.funkemedien.de\/v16_9_600.jpeg\" \/>\n<meta name=\"author\" content=\"Julien\" \/>\n<meta name=\"twitter:card\" content=\"summary_large_image\" \/>\n<meta name=\"twitter:label1\" content=\"\u00c9crit par\" \/>\n\t<meta name=\"twitter:data1\" content=\"Julien\" \/>\n\t<meta name=\"twitter:label2\" content=\"Dur\u00e9e de lecture est.\" \/>\n\t<meta name=\"twitter:data2\" content=\"1 minute\" \/>\n<script type=\"application\/ld+json\" class=\"yoast-schema-graph\">{\"@context\":\"https:\/\/schema.org\",\"@graph\":[{\"@type\":\"Article\",\"@id\":\"https:\/\/vieassociative.be\/actualites\/neue-reihe-les-couleurs-africaines\/#article\",\"isPartOf\":{\"@id\":\"https:\/\/vieassociative.be\/actualites\/neue-reihe-les-couleurs-africaines\/\"},\"author\":{\"name\":\"Julien\",\"@id\":\"https:\/\/vieassociative.be\/actualites\/#\/schema\/person\/b87ac4f82f9d4e7b7cec7395b679edc4\"},\"headline\":\"Neue Reihe \u00ab Les couleurs africaines \u00bb\",\"datePublished\":\"2024-09-27T08:17:51+00:00\",\"dateModified\":\"2024-09-27T08:17:51+00:00\",\"mainEntityOfPage\":{\"@id\":\"https:\/\/vieassociative.be\/actualites\/neue-reihe-les-couleurs-africaines\/\"},\"wordCount\":125,\"publisher\":{\"@id\":\"https:\/\/vieassociative.be\/actualites\/#organization\"},\"image\":{\"@id\":\"https:\/\/vieassociative.be\/actualites\/neue-reihe-les-couleurs-africaines\/#primaryimage\"},\"thumbnailUrl\":\"https:\/\/img.sparknews.funkemedien.de\/v16_9_600.jpeg\",\"keywords\":[\"africaines\",\"couleurs\",\"Les\",\"Neue\",\"Reihe\"],\"articleSection\":[\"Belgique\"],\"inLanguage\":\"fr-BE\"},{\"@type\":\"WebPage\",\"@id\":\"https:\/\/vieassociative.be\/actualites\/neue-reihe-les-couleurs-africaines\/\",\"url\":\"https:\/\/vieassociative.be\/actualites\/neue-reihe-les-couleurs-africaines\/\",\"name\":\"Neue Reihe \u00ab Les couleurs africaines \u00bb | Vie Associative\",\"isPartOf\":{\"@id\":\"https:\/\/vieassociative.be\/actualites\/#website\"},\"primaryImageOfPage\":{\"@id\":\"https:\/\/vieassociative.be\/actualites\/neue-reihe-les-couleurs-africaines\/#primaryimage\"},\"image\":{\"@id\":\"https:\/\/vieassociative.be\/actualites\/neue-reihe-les-couleurs-africaines\/#primaryimage\"},\"thumbnailUrl\":\"https:\/\/img.sparknews.funkemedien.de\/v16_9_600.jpeg\",\"datePublished\":\"2024-09-27T08:17:51+00:00\",\"dateModified\":\"2024-09-27T08:17:51+00:00\",\"breadcrumb\":{\"@id\":\"https:\/\/vieassociative.be\/actualites\/neue-reihe-les-couleurs-africaines\/#breadcrumb\"},\"inLanguage\":\"fr-BE\",\"potentialAction\":[{\"@type\":\"ReadAction\",\"target\":[\"https:\/\/vieassociative.be\/actualites\/neue-reihe-les-couleurs-africaines\/\"]}]},{\"@type\":\"ImageObject\",\"inLanguage\":\"fr-BE\",\"@id\":\"https:\/\/vieassociative.be\/actualites\/neue-reihe-les-couleurs-africaines\/#primaryimage\",\"url\":\"https:\/\/img.sparknews.funkemedien.de\/v16_9_600.jpeg\",\"contentUrl\":\"https:\/\/img.sparknews.funkemedien.de\/v16_9_600.jpeg\"},{\"@type\":\"BreadcrumbList\",\"@id\":\"https:\/\/vieassociative.be\/actualites\/neue-reihe-les-couleurs-africaines\/#breadcrumb\",\"itemListElement\":[{\"@type\":\"ListItem\",\"position\":1,\"name\":\"Accueil\",\"item\":\"https:\/\/vieassociative.be\/actualites\/\"},{\"@type\":\"ListItem\",\"position\":2,\"name\":\"Neue Reihe \u00ab Les couleurs africaines \u00bb\"}]},{\"@type\":\"WebSite\",\"@id\":\"https:\/\/vieassociative.be\/actualites\/#website\",\"url\":\"https:\/\/vieassociative.be\/actualites\/\",\"name\":\"Vie Associative\",\"description\":\"\",\"publisher\":{\"@id\":\"https:\/\/vieassociative.be\/actualites\/#organization\"},\"potentialAction\":[{\"@type\":\"SearchAction\",\"target\":{\"@type\":\"EntryPoint\",\"urlTemplate\":\"https:\/\/vieassociative.be\/actualites\/?s={search_term_string}\"},\"query-input\":{\"@type\":\"PropertyValueSpecification\",\"valueRequired\":true,\"valueName\":\"search_term_string\"}}],\"inLanguage\":\"fr-BE\"},{\"@type\":\"Organization\",\"@id\":\"https:\/\/vieassociative.be\/actualites\/#organization\",\"name\":\"Vie Associative\",\"url\":\"https:\/\/vieassociative.be\/actualites\/\",\"logo\":{\"@type\":\"ImageObject\",\"inLanguage\":\"fr-BE\",\"@id\":\"https:\/\/vieassociative.be\/actualites\/#\/schema\/logo\/image\/\",\"url\":\"https:\/\/vieassociative.be\/actualites\/wp-content\/uploads\/2024\/09\/cropped-vieassociative_favicon.ico.png\",\"contentUrl\":\"https:\/\/vieassociative.be\/actualites\/wp-content\/uploads\/2024\/09\/cropped-vieassociative_favicon.ico.png\",\"width\":512,\"height\":512,\"caption\":\"Vie Associative\"},\"image\":{\"@id\":\"https:\/\/vieassociative.be\/actualites\/#\/schema\/logo\/image\/\"}},{\"@type\":\"Person\",\"@id\":\"https:\/\/vieassociative.be\/actualites\/#\/schema\/person\/b87ac4f82f9d4e7b7cec7395b679edc4\",\"name\":\"Julien\",\"image\":{\"@type\":\"ImageObject\",\"inLanguage\":\"fr-BE\",\"@id\":\"https:\/\/vieassociative.be\/actualites\/#\/schema\/person\/image\/\",\"url\":\"https:\/\/vieassociative.be\/actualites\/wp-content\/uploads\/2024\/09\/vie-associative-1-150x150.jpg\",\"contentUrl\":\"https:\/\/vieassociative.be\/actualites\/wp-content\/uploads\/2024\/09\/vie-associative-1-150x150.jpg\",\"caption\":\"Julien\"},\"description\":\"Je suis Julien, r\u00e9dacteur pour Vie Associative. Passionn\u00e9 par le monde associatif depuis plus de 10 ans, j'ai \u00e0 c\u0153ur de partager des histoires inspirantes et de mettre en lumi\u00e8re les initiatives locales. Mon objectif est de sensibiliser et d'encourager l'engagement communautaire \u00e0 travers mes articles.\",\"sameAs\":[\"https:\/\/vieassociative.be\/\"]}]}<\/script>\n<!-- \/ Yoast SEO plugin. -->","yoast_head_json":{"title":"Neue Reihe \u00ab Les couleurs africaines \u00bb | Vie Associative","robots":{"index":"index","follow":"follow","max-snippet":"max-snippet:-1","max-image-preview":"max-image-preview:large","max-video-preview":"max-video-preview:-1"},"canonical":"https:\/\/vieassociative.be\/actualites\/neue-reihe-les-couleurs-africaines\/","og_locale":"fr_FR","og_type":"article","og_title":"Neue Reihe \u00ab Les couleurs africaines \u00bb | Vie Associative","og_description":"Zusammen mit Martin Domkele Leiter des Herner Eine-Welt-Zentrums, hat das Literaturhaus eine neue Reihe konzipiert : \u00ab Die Farben Afrikas \u00bb. Lors de l&rsquo;achat le","og_url":"https:\/\/vieassociative.be\/actualites\/neue-reihe-les-couleurs-africaines\/","og_site_name":"Vie Associative","article_published_time":"2024-09-27T08:17:51+00:00","og_image":[{"url":"https:\/\/img.sparknews.funkemedien.de\/v16_9_600.jpeg","type":"","width":"","height":""}],"author":"Julien","twitter_card":"summary_large_image","twitter_misc":{"\u00c9crit par":"Julien","Dur\u00e9e de lecture est.":"1 minute"},"schema":{"@context":"https:\/\/schema.org","@graph":[{"@type":"Article","@id":"https:\/\/vieassociative.be\/actualites\/neue-reihe-les-couleurs-africaines\/#article","isPartOf":{"@id":"https:\/\/vieassociative.be\/actualites\/neue-reihe-les-couleurs-africaines\/"},"author":{"name":"Julien","@id":"https:\/\/vieassociative.be\/actualites\/#\/schema\/person\/b87ac4f82f9d4e7b7cec7395b679edc4"},"headline":"Neue Reihe \u00ab Les couleurs africaines \u00bb","datePublished":"2024-09-27T08:17:51+00:00","dateModified":"2024-09-27T08:17:51+00:00","mainEntityOfPage":{"@id":"https:\/\/vieassociative.be\/actualites\/neue-reihe-les-couleurs-africaines\/"},"wordCount":125,"publisher":{"@id":"https:\/\/vieassociative.be\/actualites\/#organization"},"image":{"@id":"https:\/\/vieassociative.be\/actualites\/neue-reihe-les-couleurs-africaines\/#primaryimage"},"thumbnailUrl":"https:\/\/img.sparknews.funkemedien.de\/v16_9_600.jpeg","keywords":["africaines","couleurs","Les","Neue","Reihe"],"articleSection":["Belgique"],"inLanguage":"fr-BE"},{"@type":"WebPage","@id":"https:\/\/vieassociative.be\/actualites\/neue-reihe-les-couleurs-africaines\/","url":"https:\/\/vieassociative.be\/actualites\/neue-reihe-les-couleurs-africaines\/","name":"Neue Reihe \u00ab Les couleurs africaines \u00bb | Vie Associative","isPartOf":{"@id":"https:\/\/vieassociative.be\/actualites\/#website"},"primaryImageOfPage":{"@id":"https:\/\/vieassociative.be\/actualites\/neue-reihe-les-couleurs-africaines\/#primaryimage"},"image":{"@id":"https:\/\/vieassociative.be\/actualites\/neue-reihe-les-couleurs-africaines\/#primaryimage"},"thumbnailUrl":"https:\/\/img.sparknews.funkemedien.de\/v16_9_600.jpeg","datePublished":"2024-09-27T08:17:51+00:00","dateModified":"2024-09-27T08:17:51+00:00","breadcrumb":{"@id":"https:\/\/vieassociative.be\/actualites\/neue-reihe-les-couleurs-africaines\/#breadcrumb"},"inLanguage":"fr-BE","potentialAction":[{"@type":"ReadAction","target":["https:\/\/vieassociative.be\/actualites\/neue-reihe-les-couleurs-africaines\/"]}]},{"@type":"ImageObject","inLanguage":"fr-BE","@id":"https:\/\/vieassociative.be\/actualites\/neue-reihe-les-couleurs-africaines\/#primaryimage","url":"https:\/\/img.sparknews.funkemedien.de\/v16_9_600.jpeg","contentUrl":"https:\/\/img.sparknews.funkemedien.de\/v16_9_600.jpeg"},{"@type":"BreadcrumbList","@id":"https:\/\/vieassociative.be\/actualites\/neue-reihe-les-couleurs-africaines\/#breadcrumb","itemListElement":[{"@type":"ListItem","position":1,"name":"Accueil","item":"https:\/\/vieassociative.be\/actualites\/"},{"@type":"ListItem","position":2,"name":"Neue Reihe \u00ab Les couleurs africaines \u00bb"}]},{"@type":"WebSite","@id":"https:\/\/vieassociative.be\/actualites\/#website","url":"https:\/\/vieassociative.be\/actualites\/","name":"Vie Associative","description":"","publisher":{"@id":"https:\/\/vieassociative.be\/actualites\/#organization"},"potentialAction":[{"@type":"SearchAction","target":{"@type":"EntryPoint","urlTemplate":"https:\/\/vieassociative.be\/actualites\/?s={search_term_string}"},"query-input":{"@type":"PropertyValueSpecification","valueRequired":true,"valueName":"search_term_string"}}],"inLanguage":"fr-BE"},{"@type":"Organization","@id":"https:\/\/vieassociative.be\/actualites\/#organization","name":"Vie Associative","url":"https:\/\/vieassociative.be\/actualites\/","logo":{"@type":"ImageObject","inLanguage":"fr-BE","@id":"https:\/\/vieassociative.be\/actualites\/#\/schema\/logo\/image\/","url":"https:\/\/vieassociative.be\/actualites\/wp-content\/uploads\/2024\/09\/cropped-vieassociative_favicon.ico.png","contentUrl":"https:\/\/vieassociative.be\/actualites\/wp-content\/uploads\/2024\/09\/cropped-vieassociative_favicon.ico.png","width":512,"height":512,"caption":"Vie Associative"},"image":{"@id":"https:\/\/vieassociative.be\/actualites\/#\/schema\/logo\/image\/"}},{"@type":"Person","@id":"https:\/\/vieassociative.be\/actualites\/#\/schema\/person\/b87ac4f82f9d4e7b7cec7395b679edc4","name":"Julien","image":{"@type":"ImageObject","inLanguage":"fr-BE","@id":"https:\/\/vieassociative.be\/actualites\/#\/schema\/person\/image\/","url":"https:\/\/vieassociative.be\/actualites\/wp-content\/uploads\/2024\/09\/vie-associative-1-150x150.jpg","contentUrl":"https:\/\/vieassociative.be\/actualites\/wp-content\/uploads\/2024\/09\/vie-associative-1-150x150.jpg","caption":"Julien"},"description":"Je suis Julien, r\u00e9dacteur pour Vie Associative. Passionn\u00e9 par le monde associatif depuis plus de 10 ans, j'ai \u00e0 c\u0153ur de partager des histoires inspirantes et de mettre en lumi\u00e8re les initiatives locales. Mon objectif est de sensibiliser et d'encourager l'engagement communautaire \u00e0 travers mes articles.","sameAs":["https:\/\/vieassociative.be\/"]}]}},"_links":{"self":[{"href":"https:\/\/vieassociative.be\/actualites\/wp-json\/wp\/v2\/posts\/557"}],"collection":[{"href":"https:\/\/vieassociative.be\/actualites\/wp-json\/wp\/v2\/posts"}],"about":[{"href":"https:\/\/vieassociative.be\/actualites\/wp-json\/wp\/v2\/types\/post"}],"author":[{"embeddable":true,"href":"https:\/\/vieassociative.be\/actualites\/wp-json\/wp\/v2\/users\/1"}],"replies":[{"embeddable":true,"href":"https:\/\/vieassociative.be\/actualites\/wp-json\/wp\/v2\/comments?post=557"}],"version-history":[{"count":0,"href":"https:\/\/vieassociative.be\/actualites\/wp-json\/wp\/v2\/posts\/557\/revisions"}],"wp:attachment":[{"href":"https:\/\/vieassociative.be\/actualites\/wp-json\/wp\/v2\/media?parent=557"}],"wp:term":[{"taxonomy":"category","embeddable":true,"href":"https:\/\/vieassociative.be\/actualites\/wp-json\/wp\/v2\/categories?post=557"},{"taxonomy":"post_tag","embeddable":true,"href":"https:\/\/vieassociative.be\/actualites\/wp-json\/wp\/v2\/tags?post=557"}],"curies":[{"name":"wp","href":"https:\/\/api.w.org\/{rel}","templated":true}]}}