{"id":5569,"date":"2025-03-03T14:17:54","date_gmt":"2025-03-03T13:17:54","guid":{"rendered":"https:\/\/vieassociative.be\/actualites\/skype-est-mort\/"},"modified":"2025-03-03T14:17:54","modified_gmt":"2025-03-03T13:17:54","slug":"skype-est-mort","status":"publish","type":"post","link":"https:\/\/vieassociative.be\/actualites\/skype-est-mort\/","title":{"rendered":"Skype est mort"},"content":{"rendered":"<div class=\"mt-4 leading-6 md:mb-8\">Microsoft Teams le remplace, mais je vais manquer le Jingle Skype classique.<\/div>\n<p><\/p>\n<p>C&rsquo;est officiel: Skype est mort. L&rsquo;application de la voix sur Internet \u00e0 longue dur\u00e9e de vie (selon les normes Internet) a \u00e9t\u00e9 publi\u00e9e dans les p\u00e2turages par la soci\u00e9t\u00e9 m\u00e8re Microsoft. Bien que Skype ait \u00e9t\u00e9 consid\u00e9r\u00e9 une fois <em>le<\/em> Fa\u00e7on d&rsquo;appeler quelqu&rsquo;un en ligne, c&rsquo;est maintenant le chemin des Hangouts Google et des dizaines d&rsquo;autres applications de tendance avant elle. Le 5 mai, il sera officiellement remplac\u00e9 par les \u00e9quipes de Microsoft.<\/p>\n<p>C&rsquo;est vraiment la fin d&rsquo;une \u00e9poque. Lanc\u00e9 en 2003, Skype est rapidement devenue synonyme d&rsquo;appels vid\u00e9o en ligne, avec \u00abSkype-ing\u00bb entrant dans le lexique comme son propre verbe. Il a pris en charge d&rsquo;innombrables relations \u00e0 longue distance, des s\u00e9ances d&rsquo;enregistrement des podcasts et \u00e0 distance <em>D&#038;D<\/em> Jeux, mais apr\u00e8s avoir \u00e9t\u00e9 supplant\u00e9 par des applications comme Zoom pendant la pand\u00e9mie, il semble que Microsoft ait d\u00e9cid\u00e9 qu&rsquo;il \u00e9tait enfin temps de partir.<\/p>\n<h2 id=\"users-will-be-prompted-to-transition-to-microsoft-teams\">Les utilisateurs seront invit\u00e9s \u00e0 passer aux \u00e9quipes Microsoft<\/h2>\n<p>Microsoft fait de son mieux pour rendre la transition transparente, et \u00abau cours des prochains jours\u00bb, d\u00e9placera la possibilit\u00e9 pour les utilisateurs de Skype de se connecter \u00e0 un compte Microsoft Teams et d&rsquo;importer imm\u00e9diatement leurs chats, contacts, photos, photos et ant\u00e9c\u00e9dents d&rsquo;appel Skype. Les utilisateurs qui souhaitent passer de Skype pourront \u00e9galement exporter leurs donn\u00e9es pour t\u00e9l\u00e9charger localement, et Microsoft dit au verge qu&rsquo;il a \u00e9galement fait un outil qui permettra aux utilisateurs de visualiser leur historique de chat Skype apr\u00e8s l&rsquo;arr\u00eat.<\/p>\n<p>La soci\u00e9t\u00e9 affirme \u00e9galement que Skype et les \u00e9quipes seront interop\u00e9rables \u00e0 partir de maintenant jusqu&rsquo;\u00e0 la fermeture, donc si vous migrez vers les \u00e9quipes, puis envoyez un message \u00e0 l&rsquo;un de vos anciens contacts Skype, ils verront toujours votre message sur Skype. <\/p>\n<h2 id=\"no-more-skype-calls\">Plus d&rsquo;appels Skype<\/h2>\n<p>Cependant, une grande partie de Skype <em>volont\u00e9 <\/em>Partez une fois que les \u00e9quipes le supplantent officiellement &#8211; les appels du t\u00e9l\u00e9phone. Bien que Microsoft dit qu&rsquo;il honorera les cr\u00e9dits et abonnements Skype existants, il ne prendra pas en charge les fonctionnalit\u00e9s Skype payantes au-del\u00e0 de cela &#8211; et les abonn\u00e9s existants ne pourront pas renouveler une fois que leurs plans seront \u00e9puis\u00e9s. Pour aider les clients lorsqu&rsquo;ils utilisent leurs avantages payants, le cadran Skype sera disponible dans le portail Web Skype <em>et<\/em> Au sein des \u00e9quipes apr\u00e8s l&rsquo;arr\u00eat.<\/p>\n<p>Le choix de Sunset Skype suit une d\u00e9cision en d\u00e9cembre qui a vu Microsoft \u00e9liminer les nouvelles ventes de cr\u00e9dit Skype ainsi que la fonction de num\u00e9ro Skype, qui a permis aux utilisateurs d&rsquo;utiliser Skype pour r\u00e9pondre aux appels et envoyer des SMS \u00e0 partir d&rsquo;un num\u00e9ro de t\u00e9l\u00e9phone standard. R\u00e9trospectivement, il semble que l&rsquo;\u00e9criture soit sur le mur depuis un certain temps.<\/p>\n<p>\u00ab\u00a0Nous esp\u00e9rons que nous migrerons la plupart des utilisateurs de Skype\u00a0\u00bb, a d\u00e9clar\u00e9 Jeff Tepper de Microsoft, \u00ab\u00a0&#8230; mais nous voulons nous assurer que les utilisateurs savent qu&rsquo;ils contr\u00f4lent.\u00a0\u00bb<\/p>\n<p>\u00c0 cette fin, alors que les \u00e9quipes sont d\u00e9finitivement un choix viable pour un usage personnel malgr\u00e9 son nom plus ax\u00e9 sur les affaires, vous pourriez vous retrouver \u00e0 pr\u00e9f\u00e9rer l&rsquo;un de ses concurrents. Voici quelques-unes des meilleures applications d&rsquo;appel vid\u00e9o gratuites pour envisager de migrer vers une fois que l&rsquo;arr\u00eat de Skype arrivera.<\/p>\n","protected":false},"excerpt":{"rendered":"<p>Microsoft Teams le remplace, mais je vais manquer le Jingle Skype classique. C&rsquo;est officiel: Skype est mort. L&rsquo;application de la voix sur Internet \u00e0 longue<\/p>\n","protected":false},"author":1,"featured_media":5570,"comment_status":"","ping_status":"","sticky":false,"template":"","format":"standard","meta":{"footnotes":""},"categories":[13],"tags":[76,1717,5622],"class_list":["post-5569","post","type-post","status-publish","format-standard","has-post-thumbnail","hentry","category-technologie","tag-est","tag-mort","tag-skype","generate-columns","tablet-grid-50","mobile-grid-100","grid-parent","grid-33"],"yoast_head":"<!-- This site is optimized with the Yoast SEO plugin v24.0 - https:\/\/yoast.com\/wordpress\/plugins\/seo\/ -->\n<title>Skype est mort | Vie Associative<\/title>\n<meta name=\"robots\" content=\"index, follow, max-snippet:-1, max-image-preview:large, max-video-preview:-1\" \/>\n<link rel=\"canonical\" href=\"https:\/\/vieassociative.be\/actualites\/skype-est-mort\/\" \/>\n<meta property=\"og:locale\" content=\"fr_FR\" \/>\n<meta property=\"og:type\" content=\"article\" \/>\n<meta property=\"og:title\" content=\"Skype est mort | Vie Associative\" \/>\n<meta property=\"og:description\" content=\"Microsoft Teams le remplace, mais je vais manquer le Jingle Skype classique. C&rsquo;est officiel: Skype est mort. L&rsquo;application de la voix sur Internet \u00e0 longue\" \/>\n<meta property=\"og:url\" content=\"https:\/\/vieassociative.be\/actualites\/skype-est-mort\/\" \/>\n<meta property=\"og:site_name\" content=\"Vie Associative\" \/>\n<meta property=\"article:published_time\" content=\"2025-03-03T13:17:54+00:00\" \/>\n<meta property=\"og:image\" content=\"https:\/\/vieassociative.be\/actualites\/wp-content\/uploads\/2024\/09\/header_backgroundk-01-e1726694325946.png\" \/>\n\t<meta property=\"og:image:width\" content=\"279\" \/>\n\t<meta property=\"og:image:height\" content=\"92\" \/>\n\t<meta property=\"og:image:type\" content=\"image\/png\" \/>\n<meta name=\"author\" content=\"Julien\" \/>\n<meta name=\"twitter:card\" content=\"summary_large_image\" \/>\n<meta name=\"twitter:label1\" content=\"\u00c9crit par\" \/>\n\t<meta name=\"twitter:data1\" content=\"Julien\" \/>\n\t<meta name=\"twitter:label2\" content=\"Dur\u00e9e de lecture est.\" \/>\n\t<meta name=\"twitter:data2\" content=\"3 minutes\" \/>\n<script type=\"application\/ld+json\" class=\"yoast-schema-graph\">{\"@context\":\"https:\/\/schema.org\",\"@graph\":[{\"@type\":\"Article\",\"@id\":\"https:\/\/vieassociative.be\/actualites\/skype-est-mort\/#article\",\"isPartOf\":{\"@id\":\"https:\/\/vieassociative.be\/actualites\/skype-est-mort\/\"},\"author\":{\"name\":\"Julien\",\"@id\":\"https:\/\/vieassociative.be\/actualites\/#\/schema\/person\/b87ac4f82f9d4e7b7cec7395b679edc4\"},\"headline\":\"Skype est mort\",\"datePublished\":\"2025-03-03T13:17:54+00:00\",\"dateModified\":\"2025-03-03T13:17:54+00:00\",\"mainEntityOfPage\":{\"@id\":\"https:\/\/vieassociative.be\/actualites\/skype-est-mort\/\"},\"wordCount\":598,\"publisher\":{\"@id\":\"https:\/\/vieassociative.be\/actualites\/#organization\"},\"image\":{\"@id\":\"https:\/\/vieassociative.be\/actualites\/skype-est-mort\/#primaryimage\"},\"thumbnailUrl\":\"https:\/\/vieassociative.be\/actualites\/wp-content\/uploads\/2025\/03\/Skype-est-mort.png\",\"keywords\":[\"est\",\"mort\",\"Skype\"],\"articleSection\":[\"Technologie\"],\"inLanguage\":\"fr-BE\"},{\"@type\":\"WebPage\",\"@id\":\"https:\/\/vieassociative.be\/actualites\/skype-est-mort\/\",\"url\":\"https:\/\/vieassociative.be\/actualites\/skype-est-mort\/\",\"name\":\"Skype est mort | Vie Associative\",\"isPartOf\":{\"@id\":\"https:\/\/vieassociative.be\/actualites\/#website\"},\"primaryImageOfPage\":{\"@id\":\"https:\/\/vieassociative.be\/actualites\/skype-est-mort\/#primaryimage\"},\"image\":{\"@id\":\"https:\/\/vieassociative.be\/actualites\/skype-est-mort\/#primaryimage\"},\"thumbnailUrl\":\"https:\/\/vieassociative.be\/actualites\/wp-content\/uploads\/2025\/03\/Skype-est-mort.png\",\"datePublished\":\"2025-03-03T13:17:54+00:00\",\"dateModified\":\"2025-03-03T13:17:54+00:00\",\"breadcrumb\":{\"@id\":\"https:\/\/vieassociative.be\/actualites\/skype-est-mort\/#breadcrumb\"},\"inLanguage\":\"fr-BE\",\"potentialAction\":[{\"@type\":\"ReadAction\",\"target\":[\"https:\/\/vieassociative.be\/actualites\/skype-est-mort\/\"]}]},{\"@type\":\"ImageObject\",\"inLanguage\":\"fr-BE\",\"@id\":\"https:\/\/vieassociative.be\/actualites\/skype-est-mort\/#primaryimage\",\"url\":\"https:\/\/vieassociative.be\/actualites\/wp-content\/uploads\/2025\/03\/Skype-est-mort.png\",\"contentUrl\":\"https:\/\/vieassociative.be\/actualites\/wp-content\/uploads\/2025\/03\/Skype-est-mort.png\",\"width\":1200,\"height\":675,\"caption\":\"Skype est mort\"},{\"@type\":\"BreadcrumbList\",\"@id\":\"https:\/\/vieassociative.be\/actualites\/skype-est-mort\/#breadcrumb\",\"itemListElement\":[{\"@type\":\"ListItem\",\"position\":1,\"name\":\"Accueil\",\"item\":\"https:\/\/vieassociative.be\/actualites\/\"},{\"@type\":\"ListItem\",\"position\":2,\"name\":\"Skype est mort\"}]},{\"@type\":\"WebSite\",\"@id\":\"https:\/\/vieassociative.be\/actualites\/#website\",\"url\":\"https:\/\/vieassociative.be\/actualites\/\",\"name\":\"Vie Associative\",\"description\":\"\",\"publisher\":{\"@id\":\"https:\/\/vieassociative.be\/actualites\/#organization\"},\"potentialAction\":[{\"@type\":\"SearchAction\",\"target\":{\"@type\":\"EntryPoint\",\"urlTemplate\":\"https:\/\/vieassociative.be\/actualites\/?s={search_term_string}\"},\"query-input\":{\"@type\":\"PropertyValueSpecification\",\"valueRequired\":true,\"valueName\":\"search_term_string\"}}],\"inLanguage\":\"fr-BE\"},{\"@type\":\"Organization\",\"@id\":\"https:\/\/vieassociative.be\/actualites\/#organization\",\"name\":\"Vie Associative\",\"url\":\"https:\/\/vieassociative.be\/actualites\/\",\"logo\":{\"@type\":\"ImageObject\",\"inLanguage\":\"fr-BE\",\"@id\":\"https:\/\/vieassociative.be\/actualites\/#\/schema\/logo\/image\/\",\"url\":\"https:\/\/vieassociative.be\/actualites\/wp-content\/uploads\/2024\/09\/cropped-vieassociative_favicon.ico.png\",\"contentUrl\":\"https:\/\/vieassociative.be\/actualites\/wp-content\/uploads\/2024\/09\/cropped-vieassociative_favicon.ico.png\",\"width\":512,\"height\":512,\"caption\":\"Vie Associative\"},\"image\":{\"@id\":\"https:\/\/vieassociative.be\/actualites\/#\/schema\/logo\/image\/\"}},{\"@type\":\"Person\",\"@id\":\"https:\/\/vieassociative.be\/actualites\/#\/schema\/person\/b87ac4f82f9d4e7b7cec7395b679edc4\",\"name\":\"Julien\",\"image\":{\"@type\":\"ImageObject\",\"inLanguage\":\"fr-BE\",\"@id\":\"https:\/\/vieassociative.be\/actualites\/#\/schema\/person\/image\/\",\"url\":\"https:\/\/vieassociative.be\/actualites\/wp-content\/uploads\/2024\/09\/vie-associative-1-150x150.jpg\",\"contentUrl\":\"https:\/\/vieassociative.be\/actualites\/wp-content\/uploads\/2024\/09\/vie-associative-1-150x150.jpg\",\"caption\":\"Julien\"},\"description\":\"Je suis Julien, r\u00e9dacteur pour Vie Associative. Passionn\u00e9 par le monde associatif depuis plus de 10 ans, j'ai \u00e0 c\u0153ur de partager des histoires inspirantes et de mettre en lumi\u00e8re les initiatives locales. Mon objectif est de sensibiliser et d'encourager l'engagement communautaire \u00e0 travers mes articles.\",\"sameAs\":[\"https:\/\/vieassociative.be\/\"]}]}<\/script>\n<!-- \/ Yoast SEO plugin. -->","yoast_head_json":{"title":"Skype est mort | Vie Associative","robots":{"index":"index","follow":"follow","max-snippet":"max-snippet:-1","max-image-preview":"max-image-preview:large","max-video-preview":"max-video-preview:-1"},"canonical":"https:\/\/vieassociative.be\/actualites\/skype-est-mort\/","og_locale":"fr_FR","og_type":"article","og_title":"Skype est mort | Vie Associative","og_description":"Microsoft Teams le remplace, mais je vais manquer le Jingle Skype classique. C&rsquo;est officiel: Skype est mort. L&rsquo;application de la voix sur Internet \u00e0 longue","og_url":"https:\/\/vieassociative.be\/actualites\/skype-est-mort\/","og_site_name":"Vie Associative","article_published_time":"2025-03-03T13:17:54+00:00","og_image":[{"width":279,"height":92,"url":"https:\/\/vieassociative.be\/actualites\/wp-content\/uploads\/2024\/09\/header_backgroundk-01-e1726694325946.png","type":"image\/png"}],"author":"Julien","twitter_card":"summary_large_image","twitter_misc":{"\u00c9crit par":"Julien","Dur\u00e9e de lecture est.":"3 minutes"},"schema":{"@context":"https:\/\/schema.org","@graph":[{"@type":"Article","@id":"https:\/\/vieassociative.be\/actualites\/skype-est-mort\/#article","isPartOf":{"@id":"https:\/\/vieassociative.be\/actualites\/skype-est-mort\/"},"author":{"name":"Julien","@id":"https:\/\/vieassociative.be\/actualites\/#\/schema\/person\/b87ac4f82f9d4e7b7cec7395b679edc4"},"headline":"Skype est mort","datePublished":"2025-03-03T13:17:54+00:00","dateModified":"2025-03-03T13:17:54+00:00","mainEntityOfPage":{"@id":"https:\/\/vieassociative.be\/actualites\/skype-est-mort\/"},"wordCount":598,"publisher":{"@id":"https:\/\/vieassociative.be\/actualites\/#organization"},"image":{"@id":"https:\/\/vieassociative.be\/actualites\/skype-est-mort\/#primaryimage"},"thumbnailUrl":"https:\/\/vieassociative.be\/actualites\/wp-content\/uploads\/2025\/03\/Skype-est-mort.png","keywords":["est","mort","Skype"],"articleSection":["Technologie"],"inLanguage":"fr-BE"},{"@type":"WebPage","@id":"https:\/\/vieassociative.be\/actualites\/skype-est-mort\/","url":"https:\/\/vieassociative.be\/actualites\/skype-est-mort\/","name":"Skype est mort | Vie Associative","isPartOf":{"@id":"https:\/\/vieassociative.be\/actualites\/#website"},"primaryImageOfPage":{"@id":"https:\/\/vieassociative.be\/actualites\/skype-est-mort\/#primaryimage"},"image":{"@id":"https:\/\/vieassociative.be\/actualites\/skype-est-mort\/#primaryimage"},"thumbnailUrl":"https:\/\/vieassociative.be\/actualites\/wp-content\/uploads\/2025\/03\/Skype-est-mort.png","datePublished":"2025-03-03T13:17:54+00:00","dateModified":"2025-03-03T13:17:54+00:00","breadcrumb":{"@id":"https:\/\/vieassociative.be\/actualites\/skype-est-mort\/#breadcrumb"},"inLanguage":"fr-BE","potentialAction":[{"@type":"ReadAction","target":["https:\/\/vieassociative.be\/actualites\/skype-est-mort\/"]}]},{"@type":"ImageObject","inLanguage":"fr-BE","@id":"https:\/\/vieassociative.be\/actualites\/skype-est-mort\/#primaryimage","url":"https:\/\/vieassociative.be\/actualites\/wp-content\/uploads\/2025\/03\/Skype-est-mort.png","contentUrl":"https:\/\/vieassociative.be\/actualites\/wp-content\/uploads\/2025\/03\/Skype-est-mort.png","width":1200,"height":675,"caption":"Skype est mort"},{"@type":"BreadcrumbList","@id":"https:\/\/vieassociative.be\/actualites\/skype-est-mort\/#breadcrumb","itemListElement":[{"@type":"ListItem","position":1,"name":"Accueil","item":"https:\/\/vieassociative.be\/actualites\/"},{"@type":"ListItem","position":2,"name":"Skype est mort"}]},{"@type":"WebSite","@id":"https:\/\/vieassociative.be\/actualites\/#website","url":"https:\/\/vieassociative.be\/actualites\/","name":"Vie Associative","description":"","publisher":{"@id":"https:\/\/vieassociative.be\/actualites\/#organization"},"potentialAction":[{"@type":"SearchAction","target":{"@type":"EntryPoint","urlTemplate":"https:\/\/vieassociative.be\/actualites\/?s={search_term_string}"},"query-input":{"@type":"PropertyValueSpecification","valueRequired":true,"valueName":"search_term_string"}}],"inLanguage":"fr-BE"},{"@type":"Organization","@id":"https:\/\/vieassociative.be\/actualites\/#organization","name":"Vie Associative","url":"https:\/\/vieassociative.be\/actualites\/","logo":{"@type":"ImageObject","inLanguage":"fr-BE","@id":"https:\/\/vieassociative.be\/actualites\/#\/schema\/logo\/image\/","url":"https:\/\/vieassociative.be\/actualites\/wp-content\/uploads\/2024\/09\/cropped-vieassociative_favicon.ico.png","contentUrl":"https:\/\/vieassociative.be\/actualites\/wp-content\/uploads\/2024\/09\/cropped-vieassociative_favicon.ico.png","width":512,"height":512,"caption":"Vie Associative"},"image":{"@id":"https:\/\/vieassociative.be\/actualites\/#\/schema\/logo\/image\/"}},{"@type":"Person","@id":"https:\/\/vieassociative.be\/actualites\/#\/schema\/person\/b87ac4f82f9d4e7b7cec7395b679edc4","name":"Julien","image":{"@type":"ImageObject","inLanguage":"fr-BE","@id":"https:\/\/vieassociative.be\/actualites\/#\/schema\/person\/image\/","url":"https:\/\/vieassociative.be\/actualites\/wp-content\/uploads\/2024\/09\/vie-associative-1-150x150.jpg","contentUrl":"https:\/\/vieassociative.be\/actualites\/wp-content\/uploads\/2024\/09\/vie-associative-1-150x150.jpg","caption":"Julien"},"description":"Je suis Julien, r\u00e9dacteur pour Vie Associative. Passionn\u00e9 par le monde associatif depuis plus de 10 ans, j'ai \u00e0 c\u0153ur de partager des histoires inspirantes et de mettre en lumi\u00e8re les initiatives locales. Mon objectif est de sensibiliser et d'encourager l'engagement communautaire \u00e0 travers mes articles.","sameAs":["https:\/\/vieassociative.be\/"]}]}},"_links":{"self":[{"href":"https:\/\/vieassociative.be\/actualites\/wp-json\/wp\/v2\/posts\/5569"}],"collection":[{"href":"https:\/\/vieassociative.be\/actualites\/wp-json\/wp\/v2\/posts"}],"about":[{"href":"https:\/\/vieassociative.be\/actualites\/wp-json\/wp\/v2\/types\/post"}],"author":[{"embeddable":true,"href":"https:\/\/vieassociative.be\/actualites\/wp-json\/wp\/v2\/users\/1"}],"replies":[{"embeddable":true,"href":"https:\/\/vieassociative.be\/actualites\/wp-json\/wp\/v2\/comments?post=5569"}],"version-history":[{"count":0,"href":"https:\/\/vieassociative.be\/actualites\/wp-json\/wp\/v2\/posts\/5569\/revisions"}],"wp:featuredmedia":[{"embeddable":true,"href":"https:\/\/vieassociative.be\/actualites\/wp-json\/wp\/v2\/media\/5570"}],"wp:attachment":[{"href":"https:\/\/vieassociative.be\/actualites\/wp-json\/wp\/v2\/media?parent=5569"}],"wp:term":[{"taxonomy":"category","embeddable":true,"href":"https:\/\/vieassociative.be\/actualites\/wp-json\/wp\/v2\/categories?post=5569"},{"taxonomy":"post_tag","embeddable":true,"href":"https:\/\/vieassociative.be\/actualites\/wp-json\/wp\/v2\/tags?post=5569"}],"curies":[{"name":"wp","href":"https:\/\/api.w.org\/{rel}","templated":true}]}}