{"id":5565,"date":"2025-03-03T08:18:28","date_gmt":"2025-03-03T07:18:28","guid":{"rendered":"https:\/\/vieassociative.be\/actualites\/lenovo-montre-un-tas-de-prototypes-dordinateurs-portables-originaux\/"},"modified":"2025-03-03T08:18:28","modified_gmt":"2025-03-03T07:18:28","slug":"lenovo-montre-un-tas-de-prototypes-dordinateurs-portables-originaux","status":"publish","type":"post","link":"https:\/\/vieassociative.be\/actualites\/lenovo-montre-un-tas-de-prototypes-dordinateurs-portables-originaux\/","title":{"rendered":"Lenovo montre un tas de prototypes d&rsquo;ordinateurs portables originaux"},"content":{"rendered":"<div class=\"mt-4 leading-6 md:mb-8\">Les concepts sont cool, mais ils peuvent ne jamais frapper les \u00e9tag\u00e8res des magasins.<\/div>\n<p><\/p>\n<p>Les journalistes aiment un bon prototype technologique. Ces exp\u00e9riences passionnantes rompent la monotonie de couvrir les m\u00eames rafra\u00eechissements incr\u00e9mentiels jour et jour. Ils viennent \u00e9galement avec un inconv\u00e9nient: aussi attirant l&rsquo;attention qu&rsquo;eux, il n&rsquo;y a aucune garantie qu&rsquo;ils viendront jamais sur le march\u00e9.<\/p>\n<p>C&rsquo;est pourquoi les couvrir peut \u00eatre un peu d\u00e9licat, car il peut \u00eatre difficile de d\u00e9cider de l&rsquo;attention \u00e0 accorder \u00e0 un produit que les consommateurs pourraient ne jamais voir. Heureusement, Lenovo a en fait fait l&rsquo;une de ses promesses pr\u00e9c\u00e9dentes au CES cette ann\u00e9e, montrant un ordinateur portable roulable qui devrait \u00eatre lanc\u00e9 en 2025. Maintenant, la soci\u00e9t\u00e9 a trois concepts suppl\u00e9mentaires qu&rsquo;il montre pour le Congr\u00e8s mondial mobile, tous sans doute aussi cool.<\/p>\n<h2 id=\"a-foldable-spin-on-that-ces-rollable-screen\">Une rotation pliable sur cet \u00e9cran roulable de CES<\/h2>\n<div class=\"eloquent-imagery-image\">\n<div class=\"flex justify-center\">\n                    <img decoding=\"async\" class=\"border border-gray-100\" src=\"https:\/\/vieassociative.be\/actualites\/wp-content\/uploads\/2025\/03\/Lenovo-montre-un-tas-de-prototypes-dordinateurs-portables-originaux.jpg\" alt=\"Lenovo Thinkbook Flip Ai PC\" width=\"2000\" height=\"1125\" loading=\"lazy\"  >\n            <\/div>\n<\/p><\/div>\n<p>Tout d&rsquo;abord, il y a le Thinkbook Flip Ai PC, que vous pouvez consid\u00e9rer comme une vision plus abordable de cet ordinateur portable \u00e0 CES. Plut\u00f4t que d&rsquo;avoir une partie de l&rsquo;\u00e9cran cach\u00e9 \u00e0 l&rsquo;int\u00e9rieur de l&rsquo;ordinateur portable et de se d\u00e9ployer comme un rouleau, l&rsquo;\u00e9cran de cet ordinateur portable se replie sur la moiti\u00e9 sup\u00e9rieure de l&rsquo;appareil, s&rsquo;\u00e9tendant sur les deux c\u00f4t\u00e9s du couvercle. En utilisant vos mains, vous pouvez le d\u00e9plier pour obtenir un \u00e9cran vertical particuli\u00e8rement haut, ou, alternativement, refl\u00e9ter l&rsquo;avant de votre \u00e9cran \u00e0 l&rsquo;arri\u00e8re pour les pr\u00e9sentations. Ou, vous pouvez utiliser l&rsquo;ordinateur portable en mode tablette pendant qu&rsquo;il est ferm\u00e9. Il est similaire aux appareils existants comme le Yoga Book 9i, bien s\u00fbr, mais contrairement \u00e0 ceux-ci, l&rsquo;\u00e9cran est continu et le clavier est int\u00e9gr\u00e9 \u00e0 l&rsquo;appareil.<\/p>\n<div class=\"eloquent-imagery-image\">\n<div class=\"flex justify-center\">\n                    <img decoding=\"async\" class=\"border border-gray-100\" src=\"https:\/\/vieassociative.be\/actualites\/wp-content\/uploads\/2025\/03\/1740986307_448_Lenovo-montre-un-tas-de-prototypes-dordinateurs-portables-originaux.jpg\" alt=\"Lenovo Thinkbook Flip Ai PC Tent Mode\" width=\"2000\" height=\"1125\" loading=\"lazy\"  >\n            <\/div>\n<\/p><\/div>\n<p>Il y a des avantages et des inconv\u00e9nients de cette approche. Parce qu&rsquo;il n&rsquo;est pas n\u00e9cessaire de loger un m\u00e9canisme de roulement, le PC Flip AI est en fait en mesure de devenir un peu plus grand qu&rsquo;un ordinateur portable roulable, mais en m\u00eame temps, il est \u00e9galement un peu plus lourd, vous ne pouvez donc pas utiliser l&rsquo;\u00e9cran enti\u00e8rement \u00e9tendu \u00e0 un angle raide sans support suppl\u00e9mentaire.<\/p>\n<h2 id=\"snap-on-laptop-monitors\">Moniteurs d&rsquo;ordinateur portable en instant<\/h2>\n<div class=\"eloquent-imagery-image\">\n<div class=\"flex justify-center\">\n                    <img decoding=\"async\" class=\"border border-gray-100\" src=\"https:\/\/vieassociative.be\/actualites\/wp-content\/uploads\/2025\/03\/1740986307_597_Lenovo-montre-un-tas-de-prototypes-dordinateurs-portables-originaux.jpg\" alt=\"Double affichage de Lenovo Magic Bay\" width=\"2000\" height=\"1125\" loading=\"lazy\"  >\n            <\/div>\n<\/p><\/div>\n<p>\u00c9galement dans le domaine des \u00e9crans pour ordinateur portable \u00e9tendu se trouvent les accessoires Magic Bay Dual Affichage et 2nd Affichage pour ordinateur portable. Techniquement, ce n&rsquo;est pas la premi\u00e8re fois que Lenovo a montr\u00e9 des concepts pour Magic Bay, une technologie existante qui permet \u00e0 certains accessoires de se rendre sur des \u00e9pingles Pogo \u00e0 l&rsquo;arri\u00e8re de certains ordinateurs portables Thinkbook. Ceux-ci ont m\u00eame inclus des affichages secondaires auparavant, mais les id\u00e9es de cette ann\u00e9e sont certainement un peu plus impliqu\u00e9es.<\/p>\n<p>Commen\u00e7ant plus petit, le 2e \u00e9cran Magic Bay est un \u00e9cran vertical de 8 pouces qui compl\u00e8te un ordinateur portable avec un compagnon de type tablette (non touch\u00e9). Il est similaire au panneau horizontal de 10 pouces qui se trouve au-dessus de votre \u00e9cran d&rsquo;ordinateur portable que Lenovo a montr\u00e9 au CES de l&rsquo;ann\u00e9e derni\u00e8re, et se souvient par co\u00efncidence de la configuration de bureau de mon mari. Aussi pratique que cela puisse para\u00eetre &#8211; c&rsquo;est m\u00eame sur une charni\u00e8re pour un angle personnalisable &#8211; il est n\u00e9anmoins \u00e9clips\u00e9 par l&rsquo;autre concept d&rsquo;affichage de Magic Bay de Lenovo.<\/p>\n<div class=\"eloquent-imagery-image\">\n<div class=\"flex justify-center\">\n                    <img decoding=\"async\" class=\"border border-gray-100\" src=\"https:\/\/vieassociative.be\/actualites\/wp-content\/uploads\/2025\/03\/1740986307_495_Lenovo-montre-un-tas-de-prototypes-dordinateurs-portables-originaux.jpg\" alt=\"Lenovo Magic Bay 2e affichage\" width=\"2000\" height=\"1125\" loading=\"lazy\"  >\n            <\/div>\n<\/p><\/div>\n<p>L&rsquo;affichage double Magic Bay transforme votre ordinateur portable en un poste de travail de trois mois, avec des \u00e9crans suppl\u00e9mentaires de 13,3 pouces de chaque c\u00f4t\u00e9 de votre appareil, avec un taux de rafra\u00eechissement de 120 Hz sur les deux. \u00c0 2,6 livres, c&rsquo;est plut\u00f4t lourd, donc il est livr\u00e9 avec une b\u00e9quille int\u00e9gr\u00e9e. Ce n&rsquo;est pas la premi\u00e8re fois que je vois une id\u00e9e comme celle-ci, mais quand j&rsquo;ai vu cela en personne, j&rsquo;ai \u00e9t\u00e9 impressionn\u00e9 par la plus intuitive que le processus de connexion semble par rapport aux alternatives tierces actuelles.<\/p>\n<h2 id=\"a-solar-powered-laptop\">Un ordinateur portable \u00e0 \u00e9nergie solaire<\/h2>\n<div class=\"eloquent-imagery-image\">\n<div class=\"flex justify-center\">\n                    <img decoding=\"async\" class=\"border border-gray-100\" src=\"https:\/\/vieassociative.be\/actualites\/wp-content\/uploads\/2025\/03\/1740986308_263_Lenovo-montre-un-tas-de-prototypes-dordinateurs-portables-originaux.jpg\" alt=\"Puissance solaire de yoga\" width=\"2000\" height=\"1125\" loading=\"lazy\"  >\n            <\/div>\n<\/p><\/div>\n<p>En dehors du domaine des \u00e9crans, il y a aussi un ordinateur portable \u00e0 \u00e9nergie solaire exp\u00e9rimentale qui peut charger le soleil, appel\u00e9 Yoga Solar PC. Il fonctionne \u00e0 travers une cellule solaire int\u00e9gr\u00e9e \u00e0 l&rsquo;arri\u00e8re du couvercle de l&rsquo;ordinateur portable, qui, selon Lenovo, a \u00abun taux de conversion de l&rsquo;\u00e9nergie solaire de plus de 24%\u00bb et peut charger suffisamment pour jouer une heure de vid\u00e9o dans environ 20 minutes de la lumi\u00e8re directe du soleil. Je n&rsquo;ai pas pu le voir en action, vu que j&rsquo;\u00e9tais dans une pi\u00e8ce sombre pendant que Lenovo le montrait, mais je peux dire que la technologie solaire ne semble pas trop avoir un impact sur le facteur de forme. Il \u00e9tait tr\u00e8s mince en regardant mon \u0153il nu, et la soci\u00e9t\u00e9 dit qu&rsquo;elle est mince de 0,6 pouce et 2,69 livres. Si c&rsquo;est encore trop grand pour vous, Lenovo a \u00e9galement montr\u00e9 le kit d&rsquo;\u00e9nergie solaire pour le concept de yoga, qui est une banque de batterie standard qui se connecte \u00e0 un panneau solaire USB-C d\u00e9tachable (je n&rsquo;ai pas vu celui-ci en personne).<\/p>\n<div class=\"eloquent-imagery-image\">\n<div class=\"flex justify-center\">\n                    <img decoding=\"async\" class=\"border border-gray-100\" src=\"https:\/\/vieassociative.be\/actualites\/wp-content\/uploads\/2025\/03\/1740986308_690_Lenovo-montre-un-tas-de-prototypes-dordinateurs-portables-originaux.jpg\" alt=\"Kit d'\u00e9nergie solaire pour le yoga\" width=\"2000\" height=\"1271\" loading=\"lazy\"  >\n            <\/div>\n<\/p><\/div>\n<h2 id=\"evolutions-on-earlier-concepts\">\u00c9volutions sur les concepts ant\u00e9rieurs<\/h2>\n<div class=\"eloquent-imagery-image\">\n<div class=\"flex justify-center\">\n                    <img decoding=\"async\" class=\"border border-gray-100\" src=\"https:\/\/vieassociative.be\/actualites\/wp-content\/uploads\/2025\/03\/1740986308_67_Lenovo-montre-un-tas-de-prototypes-dordinateurs-portables-originaux.jpg\" alt=\"Lenovo Codename Tiko\" width=\"2000\" height=\"1334\" loading=\"lazy\"  >\n            <\/div>\n<\/p><\/div>\n<p>Alors que j&rsquo;ai pu voir (la plupart) les concepts ci-dessus en personne, l&rsquo;entreprise a \u00e9galement quelques changements it\u00e9ratifs sur les id\u00e9es ant\u00e9rieures et a montr\u00e9 qu&rsquo;il prototype sa propre version des appareils concurrents. Il s&rsquo;agit notamment d&rsquo;un Thinkbook 3D sans lunettes, similaire aux appareils qu&rsquo;Asus et Acer ont d\u00e9j\u00e0 sur le march\u00e9, ainsi qu&rsquo;un compagnon robotique propuls\u00e9 par l&rsquo;IA nomm\u00e9 Tiko qui s&rsquo;attacherait aux ordinateurs portables via Magic Bay. <\/p>\n<p>Pour plus de fonctionnalit\u00e9s, il y a aussi un Tiko Pro in the Works, un petit affichage horizontal de la baie magique qui combine les avantages du 2\u00e8me affichage avec des widgets propuls\u00e9s par AI. Encore une fois, nous en avons vu des versions, soit des concurrents, soit lors des annonces pr\u00e9c\u00e9dentes de Lenovo Concept, mais elles valent toujours la peine de garder un \u0153il. <\/p>\n<p>Un peu plus excitant est le moniteur courbe de 24 pouces de dimension hybride, qui peut afficher les visuels 3D tout en montrant simultan\u00e9ment des actifs 2D sans aucune perte de r\u00e9solution, bien que cela doit \u00eatre vu dans votre propre \u0153il pour \u00eatre vraiment jug\u00e9, et je n&rsquo;ai pas encore pris de temps avec.<\/p>\n<h2 id=\"bringing-ai-to-non-ai-pcs\">Apporter l&rsquo;IA \u00e0 des PC non AI<\/h2>\n<div class=\"eloquent-imagery-image\">\n<div class=\"flex justify-center\">\n                    <img decoding=\"async\" class=\"border border-gray-100\" src=\"https:\/\/vieassociative.be\/actualites\/wp-content\/uploads\/2025\/03\/Lenovo-montre-un-tas-de-prototypes-dordinateurs-portables-originaux.png\" alt=\"Lenovo Ai Stick\" width=\"2000\" height=\"1111\" loading=\"lazy\"  >\n            <\/div>\n<\/p><\/div>\n<p>Enfin, il existe des outils pour apporter l&rsquo;IA aux PC non AI. Lenovo dit qu&rsquo;il exp\u00e9rimente deux unit\u00e9s de traitement neuronal d\u00e9di\u00e9es, ou NPU, qui peuvent se connecter aux PC existants via un b\u00e2ton USB ou un moniteur. Travaillant comme une carte graphique externe, le Lenovo AI Stick contient un NPU 32TOPS qui peut se connecter \u00e0 un ordinateur sans NPU sur Thunderbolt pour lui permettre d&rsquo;ex\u00e9cuter des outils graphiques LLMS et AI localement. Il peut fonctionner uniquement sur la puissance de l&rsquo;ordinateur portable, mais Lenovo dit que vous pouvez \u00e9galement le brancher sur un mur en m\u00eame temps pour des performances accrues. <\/p>\n<p>Pendant ce temps, l&rsquo;affichage AI avec NPU \u00e0 l&rsquo;int\u00e9rieur fait \u00e0 peu pr\u00e8s la m\u00eame chose, mais plut\u00f4t que d&rsquo;inclure le NPU dans une structure en forme de centre, le construit directement dans votre moniteur. Cela s&rsquo;accompagne de l&rsquo;avantage suppl\u00e9mentaire de permettre \u00e0 l&rsquo;\u00e9cran de tourner physiquement, d&rsquo;\u00e9lever et d&rsquo;incliner pour suivre vos mouvements, mais comme la plupart des moniteurs, il est beaucoup plus volumineux et doit \u00eatre branch\u00e9 sur un mur \u00e0 tout moment. Lenovo dit \u00e9galement qu&rsquo;il travaille sur un \u00abanneau d&rsquo;IA\u00bb qui fournirait un contr\u00f4le bas\u00e9 sur les gestes dans les applications informatiques spatiales, bien que la soci\u00e9t\u00e9 n&rsquo;ait pas \u00e9t\u00e9 beaucoup plus en d\u00e9tail au-del\u00e0.<\/p>\n<p>Et c&rsquo;est tout sur les concepts MWC de Lenovo. C&rsquo;est un tableau assez large. Encore une fois, aucun de ces \u00e9l\u00e9ments n&rsquo;est assur\u00e9 de venir sur le march\u00e9, mais cela signifie qu&rsquo;ils deviennent un peu plus farfelus que l&rsquo;annonce typique du produit. Personnellement, j&rsquo;aimerais mettre la main sur le double affichage de Magic Bay, et je pouvais voir le b\u00e2ton d&rsquo;IA \u00eatre utile aux d\u00e9veloppeurs. En attendant, la soci\u00e9t\u00e9 a \u00e9galement annonc\u00e9 un certain nombre de mises \u00e0 niveau de puces pour ses ordinateurs portables ThinkPad, Thinkbook, IdeaPad et Yoga existants qui commenceront \u00e0 frapper le march\u00e9 avec le nouveau Yoga 7 2-en-1 et IdeaPad Slim 3x ce mois-ci.<\/p>\n","protected":false},"excerpt":{"rendered":"<p>Les concepts sont cool, mais ils peuvent ne jamais frapper les \u00e9tag\u00e8res des magasins. Les journalistes aiment un bon prototype technologique. Ces exp\u00e9riences passionnantes rompent<\/p>\n","protected":false},"author":1,"featured_media":5566,"comment_status":"","ping_status":"","sticky":false,"template":"","format":"standard","meta":{"footnotes":""},"categories":[13],"tags":[3785,3215,1252,5648,427,5647,1214],"class_list":["post-5565","post","type-post","status-publish","format-standard","has-post-thumbnail","hentry","category-technologie","tag-dordinateurs","tag-lenovo","tag-montre","tag-originaux","tag-portables","tag-prototypes","tag-tas","generate-columns","tablet-grid-50","mobile-grid-100","grid-parent","grid-33"],"yoast_head":"<!-- This site is optimized with the Yoast SEO plugin v24.0 - https:\/\/yoast.com\/wordpress\/plugins\/seo\/ -->\n<title>Lenovo montre un tas de prototypes d&#039;ordinateurs portables originaux | Vie Associative<\/title>\n<meta name=\"robots\" content=\"index, follow, max-snippet:-1, max-image-preview:large, max-video-preview:-1\" \/>\n<link rel=\"canonical\" href=\"https:\/\/vieassociative.be\/actualites\/lenovo-montre-un-tas-de-prototypes-dordinateurs-portables-originaux\/\" \/>\n<meta property=\"og:locale\" content=\"fr_FR\" \/>\n<meta property=\"og:type\" content=\"article\" \/>\n<meta property=\"og:title\" content=\"Lenovo montre un tas de prototypes d&#039;ordinateurs portables originaux | Vie Associative\" \/>\n<meta property=\"og:description\" content=\"Les concepts sont cool, mais ils peuvent ne jamais frapper les \u00e9tag\u00e8res des magasins. Les journalistes aiment un bon prototype technologique. Ces exp\u00e9riences passionnantes rompent\" \/>\n<meta property=\"og:url\" content=\"https:\/\/vieassociative.be\/actualites\/lenovo-montre-un-tas-de-prototypes-dordinateurs-portables-originaux\/\" \/>\n<meta property=\"og:site_name\" content=\"Vie Associative\" \/>\n<meta property=\"article:published_time\" content=\"2025-03-03T07:18:28+00:00\" \/>\n<meta property=\"og:image\" content=\"https:\/\/vieassociative.be\/actualites\/wp-content\/uploads\/2025\/03\/Lenovo-montre-un-tas-de-prototypes-dordinateurs-portables-originaux.jpg\" \/>\n<meta name=\"author\" content=\"Julien\" \/>\n<meta name=\"twitter:card\" content=\"summary_large_image\" \/>\n<meta name=\"twitter:label1\" content=\"\u00c9crit par\" \/>\n\t<meta name=\"twitter:data1\" content=\"Julien\" \/>\n\t<meta name=\"twitter:label2\" content=\"Dur\u00e9e de lecture est.\" \/>\n\t<meta name=\"twitter:data2\" content=\"7 minutes\" \/>\n<script type=\"application\/ld+json\" class=\"yoast-schema-graph\">{\"@context\":\"https:\/\/schema.org\",\"@graph\":[{\"@type\":\"Article\",\"@id\":\"https:\/\/vieassociative.be\/actualites\/lenovo-montre-un-tas-de-prototypes-dordinateurs-portables-originaux\/#article\",\"isPartOf\":{\"@id\":\"https:\/\/vieassociative.be\/actualites\/lenovo-montre-un-tas-de-prototypes-dordinateurs-portables-originaux\/\"},\"author\":{\"name\":\"Julien\",\"@id\":\"https:\/\/vieassociative.be\/actualites\/#\/schema\/person\/b87ac4f82f9d4e7b7cec7395b679edc4\"},\"headline\":\"Lenovo montre un tas de prototypes d&rsquo;ordinateurs portables originaux\",\"datePublished\":\"2025-03-03T07:18:28+00:00\",\"dateModified\":\"2025-03-03T07:18:28+00:00\",\"mainEntityOfPage\":{\"@id\":\"https:\/\/vieassociative.be\/actualites\/lenovo-montre-un-tas-de-prototypes-dordinateurs-portables-originaux\/\"},\"wordCount\":1481,\"publisher\":{\"@id\":\"https:\/\/vieassociative.be\/actualites\/#organization\"},\"image\":{\"@id\":\"https:\/\/vieassociative.be\/actualites\/lenovo-montre-un-tas-de-prototypes-dordinateurs-portables-originaux\/#primaryimage\"},\"thumbnailUrl\":\"https:\/\/vieassociative.be\/actualites\/wp-content\/uploads\/2025\/03\/1740986308_Lenovo-montre-un-tas-de-prototypes-dordinateurs-portables-originaux.png\",\"keywords\":[\"dordinateurs\",\"Lenovo\",\"montre\",\"originaux\",\"portables\",\"prototypes\",\"tas\"],\"articleSection\":[\"Technologie\"],\"inLanguage\":\"fr-BE\"},{\"@type\":\"WebPage\",\"@id\":\"https:\/\/vieassociative.be\/actualites\/lenovo-montre-un-tas-de-prototypes-dordinateurs-portables-originaux\/\",\"url\":\"https:\/\/vieassociative.be\/actualites\/lenovo-montre-un-tas-de-prototypes-dordinateurs-portables-originaux\/\",\"name\":\"Lenovo montre un tas de prototypes d'ordinateurs portables originaux | Vie Associative\",\"isPartOf\":{\"@id\":\"https:\/\/vieassociative.be\/actualites\/#website\"},\"primaryImageOfPage\":{\"@id\":\"https:\/\/vieassociative.be\/actualites\/lenovo-montre-un-tas-de-prototypes-dordinateurs-portables-originaux\/#primaryimage\"},\"image\":{\"@id\":\"https:\/\/vieassociative.be\/actualites\/lenovo-montre-un-tas-de-prototypes-dordinateurs-portables-originaux\/#primaryimage\"},\"thumbnailUrl\":\"https:\/\/vieassociative.be\/actualites\/wp-content\/uploads\/2025\/03\/1740986308_Lenovo-montre-un-tas-de-prototypes-dordinateurs-portables-originaux.png\",\"datePublished\":\"2025-03-03T07:18:28+00:00\",\"dateModified\":\"2025-03-03T07:18:28+00:00\",\"breadcrumb\":{\"@id\":\"https:\/\/vieassociative.be\/actualites\/lenovo-montre-un-tas-de-prototypes-dordinateurs-portables-originaux\/#breadcrumb\"},\"inLanguage\":\"fr-BE\",\"potentialAction\":[{\"@type\":\"ReadAction\",\"target\":[\"https:\/\/vieassociative.be\/actualites\/lenovo-montre-un-tas-de-prototypes-dordinateurs-portables-originaux\/\"]}]},{\"@type\":\"ImageObject\",\"inLanguage\":\"fr-BE\",\"@id\":\"https:\/\/vieassociative.be\/actualites\/lenovo-montre-un-tas-de-prototypes-dordinateurs-portables-originaux\/#primaryimage\",\"url\":\"https:\/\/vieassociative.be\/actualites\/wp-content\/uploads\/2025\/03\/1740986308_Lenovo-montre-un-tas-de-prototypes-dordinateurs-portables-originaux.png\",\"contentUrl\":\"https:\/\/vieassociative.be\/actualites\/wp-content\/uploads\/2025\/03\/1740986308_Lenovo-montre-un-tas-de-prototypes-dordinateurs-portables-originaux.png\",\"width\":1200,\"height\":675,\"caption\":\"Lenovo montre un tas de prototypes d'ordinateurs portables originaux\"},{\"@type\":\"BreadcrumbList\",\"@id\":\"https:\/\/vieassociative.be\/actualites\/lenovo-montre-un-tas-de-prototypes-dordinateurs-portables-originaux\/#breadcrumb\",\"itemListElement\":[{\"@type\":\"ListItem\",\"position\":1,\"name\":\"Accueil\",\"item\":\"https:\/\/vieassociative.be\/actualites\/\"},{\"@type\":\"ListItem\",\"position\":2,\"name\":\"Lenovo montre un tas de prototypes d&rsquo;ordinateurs portables originaux\"}]},{\"@type\":\"WebSite\",\"@id\":\"https:\/\/vieassociative.be\/actualites\/#website\",\"url\":\"https:\/\/vieassociative.be\/actualites\/\",\"name\":\"Vie Associative\",\"description\":\"\",\"publisher\":{\"@id\":\"https:\/\/vieassociative.be\/actualites\/#organization\"},\"potentialAction\":[{\"@type\":\"SearchAction\",\"target\":{\"@type\":\"EntryPoint\",\"urlTemplate\":\"https:\/\/vieassociative.be\/actualites\/?s={search_term_string}\"},\"query-input\":{\"@type\":\"PropertyValueSpecification\",\"valueRequired\":true,\"valueName\":\"search_term_string\"}}],\"inLanguage\":\"fr-BE\"},{\"@type\":\"Organization\",\"@id\":\"https:\/\/vieassociative.be\/actualites\/#organization\",\"name\":\"Vie Associative\",\"url\":\"https:\/\/vieassociative.be\/actualites\/\",\"logo\":{\"@type\":\"ImageObject\",\"inLanguage\":\"fr-BE\",\"@id\":\"https:\/\/vieassociative.be\/actualites\/#\/schema\/logo\/image\/\",\"url\":\"https:\/\/vieassociative.be\/actualites\/wp-content\/uploads\/2024\/09\/cropped-vieassociative_favicon.ico.png\",\"contentUrl\":\"https:\/\/vieassociative.be\/actualites\/wp-content\/uploads\/2024\/09\/cropped-vieassociative_favicon.ico.png\",\"width\":512,\"height\":512,\"caption\":\"Vie Associative\"},\"image\":{\"@id\":\"https:\/\/vieassociative.be\/actualites\/#\/schema\/logo\/image\/\"}},{\"@type\":\"Person\",\"@id\":\"https:\/\/vieassociative.be\/actualites\/#\/schema\/person\/b87ac4f82f9d4e7b7cec7395b679edc4\",\"name\":\"Julien\",\"image\":{\"@type\":\"ImageObject\",\"inLanguage\":\"fr-BE\",\"@id\":\"https:\/\/vieassociative.be\/actualites\/#\/schema\/person\/image\/\",\"url\":\"https:\/\/vieassociative.be\/actualites\/wp-content\/uploads\/2024\/09\/vie-associative-1-150x150.jpg\",\"contentUrl\":\"https:\/\/vieassociative.be\/actualites\/wp-content\/uploads\/2024\/09\/vie-associative-1-150x150.jpg\",\"caption\":\"Julien\"},\"description\":\"Je suis Julien, r\u00e9dacteur pour Vie Associative. Passionn\u00e9 par le monde associatif depuis plus de 10 ans, j'ai \u00e0 c\u0153ur de partager des histoires inspirantes et de mettre en lumi\u00e8re les initiatives locales. Mon objectif est de sensibiliser et d'encourager l'engagement communautaire \u00e0 travers mes articles.\",\"sameAs\":[\"https:\/\/vieassociative.be\/\"]}]}<\/script>\n<!-- \/ Yoast SEO plugin. -->","yoast_head_json":{"title":"Lenovo montre un tas de prototypes d'ordinateurs portables originaux | Vie Associative","robots":{"index":"index","follow":"follow","max-snippet":"max-snippet:-1","max-image-preview":"max-image-preview:large","max-video-preview":"max-video-preview:-1"},"canonical":"https:\/\/vieassociative.be\/actualites\/lenovo-montre-un-tas-de-prototypes-dordinateurs-portables-originaux\/","og_locale":"fr_FR","og_type":"article","og_title":"Lenovo montre un tas de prototypes d'ordinateurs portables originaux | Vie Associative","og_description":"Les concepts sont cool, mais ils peuvent ne jamais frapper les \u00e9tag\u00e8res des magasins. Les journalistes aiment un bon prototype technologique. Ces exp\u00e9riences passionnantes rompent","og_url":"https:\/\/vieassociative.be\/actualites\/lenovo-montre-un-tas-de-prototypes-dordinateurs-portables-originaux\/","og_site_name":"Vie Associative","article_published_time":"2025-03-03T07:18:28+00:00","og_image":[{"url":"https:\/\/vieassociative.be\/actualites\/wp-content\/uploads\/2025\/03\/Lenovo-montre-un-tas-de-prototypes-dordinateurs-portables-originaux.jpg","type":"","width":"","height":""}],"author":"Julien","twitter_card":"summary_large_image","twitter_misc":{"\u00c9crit par":"Julien","Dur\u00e9e de lecture est.":"7 minutes"},"schema":{"@context":"https:\/\/schema.org","@graph":[{"@type":"Article","@id":"https:\/\/vieassociative.be\/actualites\/lenovo-montre-un-tas-de-prototypes-dordinateurs-portables-originaux\/#article","isPartOf":{"@id":"https:\/\/vieassociative.be\/actualites\/lenovo-montre-un-tas-de-prototypes-dordinateurs-portables-originaux\/"},"author":{"name":"Julien","@id":"https:\/\/vieassociative.be\/actualites\/#\/schema\/person\/b87ac4f82f9d4e7b7cec7395b679edc4"},"headline":"Lenovo montre un tas de prototypes d&rsquo;ordinateurs portables originaux","datePublished":"2025-03-03T07:18:28+00:00","dateModified":"2025-03-03T07:18:28+00:00","mainEntityOfPage":{"@id":"https:\/\/vieassociative.be\/actualites\/lenovo-montre-un-tas-de-prototypes-dordinateurs-portables-originaux\/"},"wordCount":1481,"publisher":{"@id":"https:\/\/vieassociative.be\/actualites\/#organization"},"image":{"@id":"https:\/\/vieassociative.be\/actualites\/lenovo-montre-un-tas-de-prototypes-dordinateurs-portables-originaux\/#primaryimage"},"thumbnailUrl":"https:\/\/vieassociative.be\/actualites\/wp-content\/uploads\/2025\/03\/1740986308_Lenovo-montre-un-tas-de-prototypes-dordinateurs-portables-originaux.png","keywords":["dordinateurs","Lenovo","montre","originaux","portables","prototypes","tas"],"articleSection":["Technologie"],"inLanguage":"fr-BE"},{"@type":"WebPage","@id":"https:\/\/vieassociative.be\/actualites\/lenovo-montre-un-tas-de-prototypes-dordinateurs-portables-originaux\/","url":"https:\/\/vieassociative.be\/actualites\/lenovo-montre-un-tas-de-prototypes-dordinateurs-portables-originaux\/","name":"Lenovo montre un tas de prototypes d'ordinateurs portables originaux | Vie Associative","isPartOf":{"@id":"https:\/\/vieassociative.be\/actualites\/#website"},"primaryImageOfPage":{"@id":"https:\/\/vieassociative.be\/actualites\/lenovo-montre-un-tas-de-prototypes-dordinateurs-portables-originaux\/#primaryimage"},"image":{"@id":"https:\/\/vieassociative.be\/actualites\/lenovo-montre-un-tas-de-prototypes-dordinateurs-portables-originaux\/#primaryimage"},"thumbnailUrl":"https:\/\/vieassociative.be\/actualites\/wp-content\/uploads\/2025\/03\/1740986308_Lenovo-montre-un-tas-de-prototypes-dordinateurs-portables-originaux.png","datePublished":"2025-03-03T07:18:28+00:00","dateModified":"2025-03-03T07:18:28+00:00","breadcrumb":{"@id":"https:\/\/vieassociative.be\/actualites\/lenovo-montre-un-tas-de-prototypes-dordinateurs-portables-originaux\/#breadcrumb"},"inLanguage":"fr-BE","potentialAction":[{"@type":"ReadAction","target":["https:\/\/vieassociative.be\/actualites\/lenovo-montre-un-tas-de-prototypes-dordinateurs-portables-originaux\/"]}]},{"@type":"ImageObject","inLanguage":"fr-BE","@id":"https:\/\/vieassociative.be\/actualites\/lenovo-montre-un-tas-de-prototypes-dordinateurs-portables-originaux\/#primaryimage","url":"https:\/\/vieassociative.be\/actualites\/wp-content\/uploads\/2025\/03\/1740986308_Lenovo-montre-un-tas-de-prototypes-dordinateurs-portables-originaux.png","contentUrl":"https:\/\/vieassociative.be\/actualites\/wp-content\/uploads\/2025\/03\/1740986308_Lenovo-montre-un-tas-de-prototypes-dordinateurs-portables-originaux.png","width":1200,"height":675,"caption":"Lenovo montre un tas de prototypes d'ordinateurs portables originaux"},{"@type":"BreadcrumbList","@id":"https:\/\/vieassociative.be\/actualites\/lenovo-montre-un-tas-de-prototypes-dordinateurs-portables-originaux\/#breadcrumb","itemListElement":[{"@type":"ListItem","position":1,"name":"Accueil","item":"https:\/\/vieassociative.be\/actualites\/"},{"@type":"ListItem","position":2,"name":"Lenovo montre un tas de prototypes d&rsquo;ordinateurs portables originaux"}]},{"@type":"WebSite","@id":"https:\/\/vieassociative.be\/actualites\/#website","url":"https:\/\/vieassociative.be\/actualites\/","name":"Vie Associative","description":"","publisher":{"@id":"https:\/\/vieassociative.be\/actualites\/#organization"},"potentialAction":[{"@type":"SearchAction","target":{"@type":"EntryPoint","urlTemplate":"https:\/\/vieassociative.be\/actualites\/?s={search_term_string}"},"query-input":{"@type":"PropertyValueSpecification","valueRequired":true,"valueName":"search_term_string"}}],"inLanguage":"fr-BE"},{"@type":"Organization","@id":"https:\/\/vieassociative.be\/actualites\/#organization","name":"Vie Associative","url":"https:\/\/vieassociative.be\/actualites\/","logo":{"@type":"ImageObject","inLanguage":"fr-BE","@id":"https:\/\/vieassociative.be\/actualites\/#\/schema\/logo\/image\/","url":"https:\/\/vieassociative.be\/actualites\/wp-content\/uploads\/2024\/09\/cropped-vieassociative_favicon.ico.png","contentUrl":"https:\/\/vieassociative.be\/actualites\/wp-content\/uploads\/2024\/09\/cropped-vieassociative_favicon.ico.png","width":512,"height":512,"caption":"Vie Associative"},"image":{"@id":"https:\/\/vieassociative.be\/actualites\/#\/schema\/logo\/image\/"}},{"@type":"Person","@id":"https:\/\/vieassociative.be\/actualites\/#\/schema\/person\/b87ac4f82f9d4e7b7cec7395b679edc4","name":"Julien","image":{"@type":"ImageObject","inLanguage":"fr-BE","@id":"https:\/\/vieassociative.be\/actualites\/#\/schema\/person\/image\/","url":"https:\/\/vieassociative.be\/actualites\/wp-content\/uploads\/2024\/09\/vie-associative-1-150x150.jpg","contentUrl":"https:\/\/vieassociative.be\/actualites\/wp-content\/uploads\/2024\/09\/vie-associative-1-150x150.jpg","caption":"Julien"},"description":"Je suis Julien, r\u00e9dacteur pour Vie Associative. Passionn\u00e9 par le monde associatif depuis plus de 10 ans, j'ai \u00e0 c\u0153ur de partager des histoires inspirantes et de mettre en lumi\u00e8re les initiatives locales. Mon objectif est de sensibiliser et d'encourager l'engagement communautaire \u00e0 travers mes articles.","sameAs":["https:\/\/vieassociative.be\/"]}]}},"_links":{"self":[{"href":"https:\/\/vieassociative.be\/actualites\/wp-json\/wp\/v2\/posts\/5565"}],"collection":[{"href":"https:\/\/vieassociative.be\/actualites\/wp-json\/wp\/v2\/posts"}],"about":[{"href":"https:\/\/vieassociative.be\/actualites\/wp-json\/wp\/v2\/types\/post"}],"author":[{"embeddable":true,"href":"https:\/\/vieassociative.be\/actualites\/wp-json\/wp\/v2\/users\/1"}],"replies":[{"embeddable":true,"href":"https:\/\/vieassociative.be\/actualites\/wp-json\/wp\/v2\/comments?post=5565"}],"version-history":[{"count":0,"href":"https:\/\/vieassociative.be\/actualites\/wp-json\/wp\/v2\/posts\/5565\/revisions"}],"wp:featuredmedia":[{"embeddable":true,"href":"https:\/\/vieassociative.be\/actualites\/wp-json\/wp\/v2\/media\/5566"}],"wp:attachment":[{"href":"https:\/\/vieassociative.be\/actualites\/wp-json\/wp\/v2\/media?parent=5565"}],"wp:term":[{"taxonomy":"category","embeddable":true,"href":"https:\/\/vieassociative.be\/actualites\/wp-json\/wp\/v2\/categories?post=5565"},{"taxonomy":"post_tag","embeddable":true,"href":"https:\/\/vieassociative.be\/actualites\/wp-json\/wp\/v2\/tags?post=5565"}],"curies":[{"name":"wp","href":"https:\/\/api.w.org\/{rel}","templated":true}]}}