{"id":5559,"date":"2025-03-03T03:17:35","date_gmt":"2025-03-03T02:17:35","guid":{"rendered":"https:\/\/vieassociative.be\/actualites\/sur-le-carrefour-leurope-se-dresse-derriere-selenskyj\/"},"modified":"2025-03-03T03:17:35","modified_gmt":"2025-03-03T02:17:35","slug":"sur-le-carrefour-leurope-se-dresse-derriere-selenskyj","status":"publish","type":"post","link":"https:\/\/vieassociative.be\/actualites\/sur-le-carrefour-leurope-se-dresse-derriere-selenskyj\/","title":{"rendered":"\u00ab\u00a0Sur le carrefour\u00a0\u00bb: l&rsquo;Europe se dresse derri\u00e8re Selenskyj"},"content":{"rendered":"<p><strong>MISE \u00c0 JOUR &#8211; Apr\u00e8s le scandale \u00e0 la Maison Blanche, Londres et Paris veulent faire une \u00ab\u00a0coalition des volont\u00e9s\u00a0\u00bb pour obtenir un cessez-le-feu en Ukraine. Quel r\u00f4le Berlin peut jouer?<\/strong><\/p>\n<p><span id=\"more-409563\"><\/span>Le Premier ministre britannique Keir a fait de d\u00e9monstrativement le pr\u00e9sident ukrainien Wolodymyr Selenskyj \u00e0 ses c\u00f4t\u00e9s: \u00ab\u00a0Nous vous appartenons tous\u00a0\u00bb, a d\u00e9clar\u00e9 l&rsquo;h\u00f4te lors d&rsquo;un sommet de l&rsquo;\u00c9tat occidental et des t\u00eates du gouvernement deux jours apr\u00e8s le d\u00e9saccord sans pr\u00e9c\u00e9dent entre le pr\u00e9sident am\u00e9ricain Donald Trump et Selenskyj. La d\u00e9cision: un nouveau plan de paix pour un cessez-le-feu en Ukraine doit \u00eatre d\u00e9velopp\u00e9 sans les \u00c9tats-Unis.<\/p>\n<div id=\"attachment_409861\" class=\"wp-caption alignleft\" style=\"max-width: 300px\"><img fetchpriority=\"high\" decoding=\"async\" class=\"wp-image-409861 size-medium\" src=\"https:\/\/vieassociative.be\/actualites\/wp-content\/uploads\/2025\/03\/Sur-le-carrefour-lEurope-se-dresse-derriere-Selenskyj.jpg\" alt=\"\" width=\"300\" height=\"200\"><\/p>\n<p class=\"wp-caption-text\">02.03.2025, Grande-Bretagne, Sandringham: King Charles III. De la Grande-Bretagne, le pr\u00e9sident ukrainien Wolodymyr Selenskyj accueille Sandringham \u00e0 Norfolk. Photo: Joe Giddens \/ Pa Wire \/ DPA<\/p>\n<\/div>\n<p>\u00ab\u00a0Nous avons convenu que le Royaume-Uni, la France et d&rsquo;autres travailleront sur un plan pour mettre fin aux combats avec l&rsquo;Ukraine\u00a0\u00bb, a d\u00e9clar\u00e9 Starmer apr\u00e8s la premi\u00e8re r\u00e9union. \u00ab\u00a0Ensuite, nous discuterons de ce plan avec les \u00c9tats-Unis et le ferons en avant.\u00a0\u00bb<\/p>\n<p>La Grande-Bretagne et la France avaient d\u00e9j\u00e0 signal\u00e9 leur volont\u00e9 de fournir des soldats pour une force de paix. Lorsqu&rsquo;on lui a demand\u00e9 quelle contribution de l&rsquo;Allemagne apportera, le chancelier Olaf Scholz a \u00e9chapp\u00e9 apr\u00e8s les consultations. L&rsquo;Ukraine doit devenir si militairement afin qu&rsquo;elle ne soit plus attaqu\u00e9e, a d\u00e9clar\u00e9 le politicien du SPD. \u00ab\u00a0Ce sera d&rsquo;une importance centrale pour l&rsquo;avenir.\u00a0\u00bb<\/p>\n<p>Strander a averti de toute urgence, l&rsquo;Europe \u00e9tait \u00ab\u00a0\u00e0 la crois\u00e9e des chemins\u00a0\u00bb de l&rsquo;histoire. Il \u00e9tait temps d&rsquo;agir, de prendre des responsabilit\u00e9s et de faire preuve de leadership. Dans le m\u00eame temps, le Premier ministre a soulign\u00e9 l&rsquo;importance de continuer \u00e0 avoir le soutien des \u00c9tats-Unis. Selenskyj a \u00e9t\u00e9 chaleureusement accueilli par Strandmer \u00e0 Londres. L&rsquo;Ukrainien a \u00e9galement rencontr\u00e9 le roi britannique Charles III.<\/p>\n<p>Le pr\u00e9sident de la Commission de l&rsquo;UE, Ursula von der Leyen, a averti un renforcement des capacit\u00e9s militaires dans l&rsquo;UE. \u00ab\u00a0Nous devons de toute urgence pour mettre \u00e0 niveau l&rsquo;Europe\u00a0\u00bb, a d\u00e9clar\u00e9 Von der Leyen. Par cons\u00e9quent, elle a voulu pr\u00e9senter un plan complet pour le r\u00e9tablissement de l&rsquo;Europe lors d&rsquo;un sommet sp\u00e9cial \u00e0 Bruxelles lors d&rsquo;un sommet sp\u00e9cial jeudi \u00e0 Bruxelles.<\/p>\n<p>Interrog\u00e9 sur son message aux \u00c9tats-Unis, de Leyen a r\u00e9pondu: \u00ab\u00a0Nous sommes pr\u00eats \u00e0 d\u00e9fendre la d\u00e9mocratie et le principe de l&rsquo;\u00e9tat de droit que vous ne pouvez pas marcher et harceler vos voisins ou changer les fronti\u00e8res avec la violence.\u00a0\u00bb Il est dans l&rsquo;int\u00e9r\u00eat commun d&#8217;emp\u00eacher les guerres futures de pr\u00e9ciser que ces r\u00e8gles comptent et que les d\u00e9mocraties le d\u00e9fendraient ensemble.<\/p>\n<div id=\"attachment_409862\" class=\"wp-caption alignleft\" style=\"max-width: 300px\"><img decoding=\"async\" class=\"wp-image-409862 size-medium\" src=\"https:\/\/vieassociative.be\/actualites\/wp-content\/uploads\/2025\/03\/1740968255_59_Sur-le-carrefour-lEurope-se-dresse-derriere-Selenskyj.jpg\" alt=\"\" width=\"300\" height=\"200\"><\/p>\n<p class=\"wp-caption-text\">02.03.2025, Grande-Bretagne, Londres: le Premier ministre britannique Sir Keir Strandmer (M), le pr\u00e9sident ukrainien Wolodymyr Selenskyj (L) et le pr\u00e9sident fran\u00e7ais Emmanuel Macron Talk lors du sommet de l&rsquo;\u00c9tat europ\u00e9en et chef du gouvernement de l&rsquo;Ukraine \u00e0 la maison Lancaster. Photo: Justin Tallis \/ AFP Pool \/ AP \/ DPA<\/p>\n<\/div>\n<p>Scholz a appel\u00e9 \u00e0 ne pas accepter le point de vue de la Russie. \u00ab\u00a0La Russie a toujours \u00e9t\u00e9 d&rsquo;\u00e9tablir un gouvernement en Ukraine qui danse vers la pipe russe, qui ne peut pas \u00eatre accept\u00e9e\u00a0\u00bb, a d\u00e9clar\u00e9 Scholz. L&rsquo;Ukraine est un pays europ\u00e9en qui a d\u00e9cid\u00e9 de vouloir aller \u00e0 l&rsquo;Union europ\u00e9enne et est une nation d\u00e9mocratique et souveraine. \u00ab\u00a0Il doit y rester\u00a0\u00bb, a d\u00e9clar\u00e9 Scholz.<\/p>\n<p>Le Premier ministre italien Giorgia Meloni, qui a de bons contacts avec le camp Trump, a mis en garde contre la coh\u00e9sion apr\u00e8s la r\u00e9union. \u00abNous devons \u00eatre courageux dans cette phase afin de ne pas diviser l&rsquo;Occident. Parce que ce serait fatal pour tout le monde. \u00ab\u00a0<\/p>\n<p><strong>&#8211; Le scandale au bureau ovale:<\/strong> La premi\u00e8re r\u00e9union de la maison Lancaster n&rsquo;\u00e9tait initialement pr\u00e9vue que comme l&rsquo;une des nombreuses pour la guerre de l&rsquo;Ukraine. Mais le scandale \u00e0 Washington vendredi est devenu particuli\u00e8rement explosif. Trump et son vice-JD Vance avaient brutalement d\u00e9pass\u00e9 Selenskyj devant le public du monde et couvert de graves all\u00e9gations. Les pourparlers ont \u00e9t\u00e9 annul\u00e9s, Selenskyj a quitt\u00e9 la Maison Blanche pr\u00e9matur\u00e9ment.<\/p>\n<p>\u00ab\u00a0Personne ne veut voir cela\u00a0\u00bb, a d\u00e9clar\u00e9 Strandmer \u00e0 propos des photos des \u00c9tats-Unis. C&rsquo;est pourquoi il a pris l&rsquo;auditeur \u00e0 la main et a parl\u00e9 aux participants. \u00ab\u00a0Ma volont\u00e9 \u00e9tait de combler ceci, pour ainsi dire, et de nous ramener sur l&rsquo;objectif central\u00a0\u00bb, a d\u00e9clar\u00e9 Stra\u00dfer.<\/p>\n<p>Le Premier ministre veut obtenir des garanties de s\u00e9curit\u00e9 concr\u00e8tes pour l&rsquo;Ukraine. Un \u00e9ventuel accord de cessez-le-feu ne doit pas \u00eatre un tigre en papier, mais doit pouvoir garantir militairement si n\u00e9cessaire. \u00ab\u00a0Nous continuerons \u00e0 d\u00e9velopper une coalition de la volont\u00e9 de d\u00e9fendre un accord en Ukraine et de garantir la paix\u00a0\u00bb, a d\u00e9clar\u00e9 Starmer. \u00ab\u00a0Toute nation ne se sentira pas capable de contribuer, mais cela ne devrait pas signifier que nous nous penchons en arri\u00e8re.\u00a0\u00bb<\/p>\n<div id=\"attachment_409864\" class=\"wp-caption alignleft\" style=\"max-width: 300px\"><img decoding=\"async\" class=\"wp-image-409864 size-medium\" src=\"https:\/\/vieassociative.be\/actualites\/wp-content\/uploads\/2025\/03\/1740968255_250_Sur-le-carrefour-lEurope-se-dresse-derriere-Selenskyj.jpg\" alt=\"\" width=\"300\" height=\"200\"><\/p>\n<p class=\"wp-caption-text\">02.03.2025, Bavi\u00e8re, Munich: les manifestants des couleurs de l&rsquo;\u00c9tat ukrainien participent au rallye \u00ab\u00a0Europe Stands &#8211; montrent la force de la paix et de la libert\u00e9\u00a0\u00bb sur Marienplatz. La r\u00e9union a eu lieu, entre autres, en raison de la visite du chef ukrainien de Selenskyj avec le pr\u00e9sident am\u00e9ricain Trump \u00e0 la Maison Blanche. Photo: Uwe Lein \/ DPA<\/p>\n<\/div>\n<p><strong>&#8211; Les \u00c9tats-Unis ne veulent pas promettre une protection:<\/strong> Jusqu&rsquo;\u00e0 pr\u00e9sent, Trump n&rsquo;avait pas \u00e9t\u00e9 promis pour des garanties de s\u00e9curit\u00e9 malgr\u00e9 tous les brins offensifs de charme et le pr\u00e9sident fran\u00e7ais Emmanuel Macron lors de visites \u00e0 Washington. Au lieu de cela, Trump a d\u00e9clar\u00e9 \u00e0 plusieurs reprises qu&rsquo;un accord premi\u00e8re pr\u00e9vu avec l&rsquo;Ukraine signifierait que les \u00c9tats-Unis seraient sur place en Ukraine, mais pas militaires. Cela suffit dans la garantie de s\u00e9curit\u00e9. L&rsquo;accord n&rsquo;est pas survenu par le scandale.<\/p>\n<p>\u00abNous sommes d&rsquo;accord avec le pr\u00e9sident qu&rsquo;il existe un besoin urgent de paix permanente. Nous devons maintenant agir ensemble \u00bb, a d\u00e9clar\u00e9 Strandmer. Trump n&rsquo;a plus parl\u00e9 \u00e0 la question de l&rsquo;Ukraine ce week-end, apr\u00e8s l&rsquo;\u00e9change de coups avec Selenskyj, il s&rsquo;est envol\u00e9 pour la Floride vendredi.<\/p>\n<p><strong>&#8211; Londres veut renforcer davantage la d\u00e9fense a\u00e9rienne ukrainienne:<\/strong> L&rsquo;Ukraine se d\u00e9fend depuis trois ans avec un soutien occidental contre une guerre d&rsquo;agression ordonn\u00e9e par le pr\u00e9sident russe Vladimir Poutine.<\/p>\n<p>La Grande-Bretagne fournit une aide militaire suppl\u00e9mentaire \u00e0 l&rsquo;Ukraine: l&rsquo;Ukraine re\u00e7oit 1,6 milliard de livres sterling (environ 1,9 milliard d&rsquo;euros) du financement \u00e0 l&rsquo;exportation du Royaume-Uni afin d&rsquo;acheter plus de 5 000 missiles de d\u00e9fense a\u00e9rienne LMM qui sont fabriqu\u00e9s dans la ville d&rsquo;Irlande du Nord de Belfast, comme l&rsquo;a annonc\u00e9 Starmer. (DPA)<\/p>\n","protected":false},"excerpt":{"rendered":"<p>MISE \u00c0 JOUR &#8211; Apr\u00e8s le scandale \u00e0 la Maison Blanche, Londres et Paris veulent faire une \u00ab\u00a0coalition des volont\u00e9s\u00a0\u00bb pour obtenir un cessez-le-feu en<\/p>\n","protected":false},"author":1,"featured_media":5560,"comment_status":"","ping_status":"","sticky":false,"template":"","format":"standard","meta":{"footnotes":""},"categories":[298],"tags":[5645,3978,5646,2785,5563,33],"class_list":["post-5559","post","type-post","status-publish","format-standard","has-post-thumbnail","hentry","category-belgique","tag-carrefour","tag-derriere","tag-dresse","tag-leurope","tag-selenskyj","tag-sur","generate-columns","tablet-grid-50","mobile-grid-100","grid-parent","grid-33"],"yoast_head":"<!-- This site is optimized with the Yoast SEO plugin v24.0 - https:\/\/yoast.com\/wordpress\/plugins\/seo\/ -->\n<title>&quot;Sur le carrefour&quot;: l&#039;Europe se dresse derri\u00e8re Selenskyj | Vie Associative<\/title>\n<meta name=\"robots\" content=\"index, follow, max-snippet:-1, max-image-preview:large, max-video-preview:-1\" \/>\n<link rel=\"canonical\" href=\"https:\/\/vieassociative.be\/actualites\/sur-le-carrefour-leurope-se-dresse-derriere-selenskyj\/\" \/>\n<meta property=\"og:locale\" content=\"fr_FR\" \/>\n<meta property=\"og:type\" content=\"article\" \/>\n<meta property=\"og:title\" content=\"&quot;Sur le carrefour&quot;: l&#039;Europe se dresse derri\u00e8re Selenskyj | Vie Associative\" \/>\n<meta property=\"og:description\" content=\"MISE \u00c0 JOUR &#8211; Apr\u00e8s le scandale \u00e0 la Maison Blanche, Londres et Paris veulent faire une \u00ab\u00a0coalition des volont\u00e9s\u00a0\u00bb pour obtenir un cessez-le-feu en\" \/>\n<meta property=\"og:url\" content=\"https:\/\/vieassociative.be\/actualites\/sur-le-carrefour-leurope-se-dresse-derriere-selenskyj\/\" \/>\n<meta property=\"og:site_name\" content=\"Vie Associative\" \/>\n<meta property=\"article:published_time\" content=\"2025-03-03T02:17:35+00:00\" \/>\n<meta property=\"og:image\" content=\"https:\/\/vieassociative.be\/actualites\/wp-content\/uploads\/2024\/09\/header_backgroundk-01-e1726694325946.png\" \/>\n\t<meta property=\"og:image:width\" content=\"279\" \/>\n\t<meta property=\"og:image:height\" content=\"92\" \/>\n\t<meta property=\"og:image:type\" content=\"image\/png\" \/>\n<meta name=\"author\" content=\"Julien\" \/>\n<meta name=\"twitter:card\" content=\"summary_large_image\" \/>\n<meta name=\"twitter:label1\" content=\"\u00c9crit par\" \/>\n\t<meta name=\"twitter:data1\" content=\"Julien\" \/>\n\t<meta name=\"twitter:label2\" content=\"Dur\u00e9e de lecture est.\" \/>\n\t<meta name=\"twitter:data2\" content=\"6 minutes\" \/>\n<script type=\"application\/ld+json\" class=\"yoast-schema-graph\">{\"@context\":\"https:\/\/schema.org\",\"@graph\":[{\"@type\":\"Article\",\"@id\":\"https:\/\/vieassociative.be\/actualites\/sur-le-carrefour-leurope-se-dresse-derriere-selenskyj\/#article\",\"isPartOf\":{\"@id\":\"https:\/\/vieassociative.be\/actualites\/sur-le-carrefour-leurope-se-dresse-derriere-selenskyj\/\"},\"author\":{\"name\":\"Julien\",\"@id\":\"https:\/\/vieassociative.be\/actualites\/#\/schema\/person\/b87ac4f82f9d4e7b7cec7395b679edc4\"},\"headline\":\"\u00ab\u00a0Sur le carrefour\u00a0\u00bb: l&rsquo;Europe se dresse derri\u00e8re Selenskyj\",\"datePublished\":\"2025-03-03T02:17:35+00:00\",\"dateModified\":\"2025-03-03T02:17:35+00:00\",\"mainEntityOfPage\":{\"@id\":\"https:\/\/vieassociative.be\/actualites\/sur-le-carrefour-leurope-se-dresse-derriere-selenskyj\/\"},\"wordCount\":1181,\"publisher\":{\"@id\":\"https:\/\/vieassociative.be\/actualites\/#organization\"},\"image\":{\"@id\":\"https:\/\/vieassociative.be\/actualites\/sur-le-carrefour-leurope-se-dresse-derriere-selenskyj\/#primaryimage\"},\"thumbnailUrl\":\"https:\/\/vieassociative.be\/actualites\/wp-content\/uploads\/2025\/03\/1740968256_Sur-le-carrefour-lEurope-se-dresse-derriere-Selenskyj.jpg\",\"keywords\":[\"carrefour\",\"derri\u00e8re\",\"dresse\",\"lEurope\",\"Selenskyj\",\"sur\"],\"articleSection\":[\"Belgique\"],\"inLanguage\":\"fr-BE\"},{\"@type\":\"WebPage\",\"@id\":\"https:\/\/vieassociative.be\/actualites\/sur-le-carrefour-leurope-se-dresse-derriere-selenskyj\/\",\"url\":\"https:\/\/vieassociative.be\/actualites\/sur-le-carrefour-leurope-se-dresse-derriere-selenskyj\/\",\"name\":\"\\\"Sur le carrefour\\\": l'Europe se dresse derri\u00e8re Selenskyj | Vie Associative\",\"isPartOf\":{\"@id\":\"https:\/\/vieassociative.be\/actualites\/#website\"},\"primaryImageOfPage\":{\"@id\":\"https:\/\/vieassociative.be\/actualites\/sur-le-carrefour-leurope-se-dresse-derriere-selenskyj\/#primaryimage\"},\"image\":{\"@id\":\"https:\/\/vieassociative.be\/actualites\/sur-le-carrefour-leurope-se-dresse-derriere-selenskyj\/#primaryimage\"},\"thumbnailUrl\":\"https:\/\/vieassociative.be\/actualites\/wp-content\/uploads\/2025\/03\/1740968256_Sur-le-carrefour-lEurope-se-dresse-derriere-Selenskyj.jpg\",\"datePublished\":\"2025-03-03T02:17:35+00:00\",\"dateModified\":\"2025-03-03T02:17:35+00:00\",\"breadcrumb\":{\"@id\":\"https:\/\/vieassociative.be\/actualites\/sur-le-carrefour-leurope-se-dresse-derriere-selenskyj\/#breadcrumb\"},\"inLanguage\":\"fr-BE\",\"potentialAction\":[{\"@type\":\"ReadAction\",\"target\":[\"https:\/\/vieassociative.be\/actualites\/sur-le-carrefour-leurope-se-dresse-derriere-selenskyj\/\"]}]},{\"@type\":\"ImageObject\",\"inLanguage\":\"fr-BE\",\"@id\":\"https:\/\/vieassociative.be\/actualites\/sur-le-carrefour-leurope-se-dresse-derriere-selenskyj\/#primaryimage\",\"url\":\"https:\/\/vieassociative.be\/actualites\/wp-content\/uploads\/2025\/03\/1740968256_Sur-le-carrefour-lEurope-se-dresse-derriere-Selenskyj.jpg\",\"contentUrl\":\"https:\/\/vieassociative.be\/actualites\/wp-content\/uploads\/2025\/03\/1740968256_Sur-le-carrefour-lEurope-se-dresse-derriere-Selenskyj.jpg\",\"width\":1200,\"height\":799,\"caption\":\"\\\"Sur le carrefour\\\": l'Europe se dresse derri\u00e8re Selenskyj\"},{\"@type\":\"BreadcrumbList\",\"@id\":\"https:\/\/vieassociative.be\/actualites\/sur-le-carrefour-leurope-se-dresse-derriere-selenskyj\/#breadcrumb\",\"itemListElement\":[{\"@type\":\"ListItem\",\"position\":1,\"name\":\"Accueil\",\"item\":\"https:\/\/vieassociative.be\/actualites\/\"},{\"@type\":\"ListItem\",\"position\":2,\"name\":\"\u00ab\u00a0Sur le carrefour\u00a0\u00bb: l&rsquo;Europe se dresse derri\u00e8re Selenskyj\"}]},{\"@type\":\"WebSite\",\"@id\":\"https:\/\/vieassociative.be\/actualites\/#website\",\"url\":\"https:\/\/vieassociative.be\/actualites\/\",\"name\":\"Vie Associative\",\"description\":\"\",\"publisher\":{\"@id\":\"https:\/\/vieassociative.be\/actualites\/#organization\"},\"potentialAction\":[{\"@type\":\"SearchAction\",\"target\":{\"@type\":\"EntryPoint\",\"urlTemplate\":\"https:\/\/vieassociative.be\/actualites\/?s={search_term_string}\"},\"query-input\":{\"@type\":\"PropertyValueSpecification\",\"valueRequired\":true,\"valueName\":\"search_term_string\"}}],\"inLanguage\":\"fr-BE\"},{\"@type\":\"Organization\",\"@id\":\"https:\/\/vieassociative.be\/actualites\/#organization\",\"name\":\"Vie Associative\",\"url\":\"https:\/\/vieassociative.be\/actualites\/\",\"logo\":{\"@type\":\"ImageObject\",\"inLanguage\":\"fr-BE\",\"@id\":\"https:\/\/vieassociative.be\/actualites\/#\/schema\/logo\/image\/\",\"url\":\"https:\/\/vieassociative.be\/actualites\/wp-content\/uploads\/2024\/09\/cropped-vieassociative_favicon.ico.png\",\"contentUrl\":\"https:\/\/vieassociative.be\/actualites\/wp-content\/uploads\/2024\/09\/cropped-vieassociative_favicon.ico.png\",\"width\":512,\"height\":512,\"caption\":\"Vie Associative\"},\"image\":{\"@id\":\"https:\/\/vieassociative.be\/actualites\/#\/schema\/logo\/image\/\"}},{\"@type\":\"Person\",\"@id\":\"https:\/\/vieassociative.be\/actualites\/#\/schema\/person\/b87ac4f82f9d4e7b7cec7395b679edc4\",\"name\":\"Julien\",\"image\":{\"@type\":\"ImageObject\",\"inLanguage\":\"fr-BE\",\"@id\":\"https:\/\/vieassociative.be\/actualites\/#\/schema\/person\/image\/\",\"url\":\"https:\/\/vieassociative.be\/actualites\/wp-content\/uploads\/2024\/09\/vie-associative-1-150x150.jpg\",\"contentUrl\":\"https:\/\/vieassociative.be\/actualites\/wp-content\/uploads\/2024\/09\/vie-associative-1-150x150.jpg\",\"caption\":\"Julien\"},\"description\":\"Je suis Julien, r\u00e9dacteur pour Vie Associative. Passionn\u00e9 par le monde associatif depuis plus de 10 ans, j'ai \u00e0 c\u0153ur de partager des histoires inspirantes et de mettre en lumi\u00e8re les initiatives locales. Mon objectif est de sensibiliser et d'encourager l'engagement communautaire \u00e0 travers mes articles.\",\"sameAs\":[\"https:\/\/vieassociative.be\/\"]}]}<\/script>\n<!-- \/ Yoast SEO plugin. -->","yoast_head_json":{"title":"\"Sur le carrefour\": l'Europe se dresse derri\u00e8re Selenskyj | Vie Associative","robots":{"index":"index","follow":"follow","max-snippet":"max-snippet:-1","max-image-preview":"max-image-preview:large","max-video-preview":"max-video-preview:-1"},"canonical":"https:\/\/vieassociative.be\/actualites\/sur-le-carrefour-leurope-se-dresse-derriere-selenskyj\/","og_locale":"fr_FR","og_type":"article","og_title":"\"Sur le carrefour\": l'Europe se dresse derri\u00e8re Selenskyj | Vie Associative","og_description":"MISE \u00c0 JOUR &#8211; Apr\u00e8s le scandale \u00e0 la Maison Blanche, Londres et Paris veulent faire une \u00ab\u00a0coalition des volont\u00e9s\u00a0\u00bb pour obtenir un cessez-le-feu en","og_url":"https:\/\/vieassociative.be\/actualites\/sur-le-carrefour-leurope-se-dresse-derriere-selenskyj\/","og_site_name":"Vie Associative","article_published_time":"2025-03-03T02:17:35+00:00","og_image":[{"width":279,"height":92,"url":"https:\/\/vieassociative.be\/actualites\/wp-content\/uploads\/2024\/09\/header_backgroundk-01-e1726694325946.png","type":"image\/png"}],"author":"Julien","twitter_card":"summary_large_image","twitter_misc":{"\u00c9crit par":"Julien","Dur\u00e9e de lecture est.":"6 minutes"},"schema":{"@context":"https:\/\/schema.org","@graph":[{"@type":"Article","@id":"https:\/\/vieassociative.be\/actualites\/sur-le-carrefour-leurope-se-dresse-derriere-selenskyj\/#article","isPartOf":{"@id":"https:\/\/vieassociative.be\/actualites\/sur-le-carrefour-leurope-se-dresse-derriere-selenskyj\/"},"author":{"name":"Julien","@id":"https:\/\/vieassociative.be\/actualites\/#\/schema\/person\/b87ac4f82f9d4e7b7cec7395b679edc4"},"headline":"\u00ab\u00a0Sur le carrefour\u00a0\u00bb: l&rsquo;Europe se dresse derri\u00e8re Selenskyj","datePublished":"2025-03-03T02:17:35+00:00","dateModified":"2025-03-03T02:17:35+00:00","mainEntityOfPage":{"@id":"https:\/\/vieassociative.be\/actualites\/sur-le-carrefour-leurope-se-dresse-derriere-selenskyj\/"},"wordCount":1181,"publisher":{"@id":"https:\/\/vieassociative.be\/actualites\/#organization"},"image":{"@id":"https:\/\/vieassociative.be\/actualites\/sur-le-carrefour-leurope-se-dresse-derriere-selenskyj\/#primaryimage"},"thumbnailUrl":"https:\/\/vieassociative.be\/actualites\/wp-content\/uploads\/2025\/03\/1740968256_Sur-le-carrefour-lEurope-se-dresse-derriere-Selenskyj.jpg","keywords":["carrefour","derri\u00e8re","dresse","lEurope","Selenskyj","sur"],"articleSection":["Belgique"],"inLanguage":"fr-BE"},{"@type":"WebPage","@id":"https:\/\/vieassociative.be\/actualites\/sur-le-carrefour-leurope-se-dresse-derriere-selenskyj\/","url":"https:\/\/vieassociative.be\/actualites\/sur-le-carrefour-leurope-se-dresse-derriere-selenskyj\/","name":"\"Sur le carrefour\": l'Europe se dresse derri\u00e8re Selenskyj | Vie Associative","isPartOf":{"@id":"https:\/\/vieassociative.be\/actualites\/#website"},"primaryImageOfPage":{"@id":"https:\/\/vieassociative.be\/actualites\/sur-le-carrefour-leurope-se-dresse-derriere-selenskyj\/#primaryimage"},"image":{"@id":"https:\/\/vieassociative.be\/actualites\/sur-le-carrefour-leurope-se-dresse-derriere-selenskyj\/#primaryimage"},"thumbnailUrl":"https:\/\/vieassociative.be\/actualites\/wp-content\/uploads\/2025\/03\/1740968256_Sur-le-carrefour-lEurope-se-dresse-derriere-Selenskyj.jpg","datePublished":"2025-03-03T02:17:35+00:00","dateModified":"2025-03-03T02:17:35+00:00","breadcrumb":{"@id":"https:\/\/vieassociative.be\/actualites\/sur-le-carrefour-leurope-se-dresse-derriere-selenskyj\/#breadcrumb"},"inLanguage":"fr-BE","potentialAction":[{"@type":"ReadAction","target":["https:\/\/vieassociative.be\/actualites\/sur-le-carrefour-leurope-se-dresse-derriere-selenskyj\/"]}]},{"@type":"ImageObject","inLanguage":"fr-BE","@id":"https:\/\/vieassociative.be\/actualites\/sur-le-carrefour-leurope-se-dresse-derriere-selenskyj\/#primaryimage","url":"https:\/\/vieassociative.be\/actualites\/wp-content\/uploads\/2025\/03\/1740968256_Sur-le-carrefour-lEurope-se-dresse-derriere-Selenskyj.jpg","contentUrl":"https:\/\/vieassociative.be\/actualites\/wp-content\/uploads\/2025\/03\/1740968256_Sur-le-carrefour-lEurope-se-dresse-derriere-Selenskyj.jpg","width":1200,"height":799,"caption":"\"Sur le carrefour\": l'Europe se dresse derri\u00e8re Selenskyj"},{"@type":"BreadcrumbList","@id":"https:\/\/vieassociative.be\/actualites\/sur-le-carrefour-leurope-se-dresse-derriere-selenskyj\/#breadcrumb","itemListElement":[{"@type":"ListItem","position":1,"name":"Accueil","item":"https:\/\/vieassociative.be\/actualites\/"},{"@type":"ListItem","position":2,"name":"\u00ab\u00a0Sur le carrefour\u00a0\u00bb: l&rsquo;Europe se dresse derri\u00e8re Selenskyj"}]},{"@type":"WebSite","@id":"https:\/\/vieassociative.be\/actualites\/#website","url":"https:\/\/vieassociative.be\/actualites\/","name":"Vie Associative","description":"","publisher":{"@id":"https:\/\/vieassociative.be\/actualites\/#organization"},"potentialAction":[{"@type":"SearchAction","target":{"@type":"EntryPoint","urlTemplate":"https:\/\/vieassociative.be\/actualites\/?s={search_term_string}"},"query-input":{"@type":"PropertyValueSpecification","valueRequired":true,"valueName":"search_term_string"}}],"inLanguage":"fr-BE"},{"@type":"Organization","@id":"https:\/\/vieassociative.be\/actualites\/#organization","name":"Vie Associative","url":"https:\/\/vieassociative.be\/actualites\/","logo":{"@type":"ImageObject","inLanguage":"fr-BE","@id":"https:\/\/vieassociative.be\/actualites\/#\/schema\/logo\/image\/","url":"https:\/\/vieassociative.be\/actualites\/wp-content\/uploads\/2024\/09\/cropped-vieassociative_favicon.ico.png","contentUrl":"https:\/\/vieassociative.be\/actualites\/wp-content\/uploads\/2024\/09\/cropped-vieassociative_favicon.ico.png","width":512,"height":512,"caption":"Vie Associative"},"image":{"@id":"https:\/\/vieassociative.be\/actualites\/#\/schema\/logo\/image\/"}},{"@type":"Person","@id":"https:\/\/vieassociative.be\/actualites\/#\/schema\/person\/b87ac4f82f9d4e7b7cec7395b679edc4","name":"Julien","image":{"@type":"ImageObject","inLanguage":"fr-BE","@id":"https:\/\/vieassociative.be\/actualites\/#\/schema\/person\/image\/","url":"https:\/\/vieassociative.be\/actualites\/wp-content\/uploads\/2024\/09\/vie-associative-1-150x150.jpg","contentUrl":"https:\/\/vieassociative.be\/actualites\/wp-content\/uploads\/2024\/09\/vie-associative-1-150x150.jpg","caption":"Julien"},"description":"Je suis Julien, r\u00e9dacteur pour Vie Associative. Passionn\u00e9 par le monde associatif depuis plus de 10 ans, j'ai \u00e0 c\u0153ur de partager des histoires inspirantes et de mettre en lumi\u00e8re les initiatives locales. Mon objectif est de sensibiliser et d'encourager l'engagement communautaire \u00e0 travers mes articles.","sameAs":["https:\/\/vieassociative.be\/"]}]}},"_links":{"self":[{"href":"https:\/\/vieassociative.be\/actualites\/wp-json\/wp\/v2\/posts\/5559"}],"collection":[{"href":"https:\/\/vieassociative.be\/actualites\/wp-json\/wp\/v2\/posts"}],"about":[{"href":"https:\/\/vieassociative.be\/actualites\/wp-json\/wp\/v2\/types\/post"}],"author":[{"embeddable":true,"href":"https:\/\/vieassociative.be\/actualites\/wp-json\/wp\/v2\/users\/1"}],"replies":[{"embeddable":true,"href":"https:\/\/vieassociative.be\/actualites\/wp-json\/wp\/v2\/comments?post=5559"}],"version-history":[{"count":0,"href":"https:\/\/vieassociative.be\/actualites\/wp-json\/wp\/v2\/posts\/5559\/revisions"}],"wp:featuredmedia":[{"embeddable":true,"href":"https:\/\/vieassociative.be\/actualites\/wp-json\/wp\/v2\/media\/5560"}],"wp:attachment":[{"href":"https:\/\/vieassociative.be\/actualites\/wp-json\/wp\/v2\/media?parent=5559"}],"wp:term":[{"taxonomy":"category","embeddable":true,"href":"https:\/\/vieassociative.be\/actualites\/wp-json\/wp\/v2\/categories?post=5559"},{"taxonomy":"post_tag","embeddable":true,"href":"https:\/\/vieassociative.be\/actualites\/wp-json\/wp\/v2\/tags?post=5559"}],"curies":[{"name":"wp","href":"https:\/\/api.w.org\/{rel}","templated":true}]}}