{"id":5557,"date":"2025-03-03T00:21:22","date_gmt":"2025-03-02T23:21:22","guid":{"rendered":"https:\/\/vieassociative.be\/actualites\/ce-televiseur-samsung-qled-de-65-pouces-est-a-son-prix-le-plus-bas-en-ce-moment-2\/"},"modified":"2025-03-03T00:21:22","modified_gmt":"2025-03-02T23:21:22","slug":"ce-televiseur-samsung-qled-de-65-pouces-est-a-son-prix-le-plus-bas-en-ce-moment-2","status":"publish","type":"post","link":"https:\/\/vieassociative.be\/actualites\/ce-televiseur-samsung-qled-de-65-pouces-est-a-son-prix-le-plus-bas-en-ce-moment-2\/","title":{"rendered":"Ce t\u00e9l\u00e9viseur Samsung Qled de 65 pouces est \u00e0 son prix le plus bas en ce moment"},"content":{"rendered":"<div class=\"mt-4 leading-6 md:mb-8\">Ce t\u00e9l\u00e9viseur QLED avec des couleurs \u00e9clat\u00e9s et un faible d\u00e9calage d&rsquo;entr\u00e9e est de pr\u00e8s de 50% de r\u00e9duction apr\u00e8s une forte r\u00e9duction.<\/div>\n<p><\/p>\n<p>Les t\u00e9l\u00e9viseurs QLED sont un pas au-dessus des LED budg\u00e9taires et un pas en dessous des OLED premium. Un exemple est le Qled Samsung TV Q60CB de 65 pouces, qui se trouve \u00e0 un prix surprenant de <strong>492,68 $ <\/strong>(\u00e0 l&rsquo;origine 947,99 $) apr\u00e8s une remise de pr\u00e8s de 50%. C&rsquo;est le prix le plus bas que ce t\u00e9l\u00e9viseur a \u00e9t\u00e9 depuis sa sortie selon les outils de suivi des prix.<\/p>\n<div class=\"pogoClear mb-12 mt-10 rounded-md border-2 border-gray-100 py-7 shadow-xl md:py-6\">\n<div class=\"flex flex-wrap justify-between px-7 text-black no-underline md:flex-nowrap md:px-8\">\n<div class=\"order-1 mx-auto flex flex-col justify-center md:order-2 md:ml-4 md:w-full md:grow\">\n<div class=\"block cursor-pointer text-center font-akshar text-2xl font-medium leading-7 text-brand-green duration-200 ease-in-out hover:text-brand-green-700 md:text-left md:text-xl md:leading-6\">Samsung 65 \u00ab\u00a0Classe Q60CB QLED 4K Smart TV\n                <\/div>\n<div class=\"mt-4 hidden md:flex md:justify-between\">\n<div class=\"self-end\">\n<div class=\"mb-0 h-11 md:flex md:flex-col md:justify-center\">\n<div class=\" font-sans leading-4 text-black\">\n<div class=\"flex flex-wrap items-center justify-center gap-x-1 md:justify-start\">\n        <span class=\"font-bold\"><\/p>\n<p>            492,68 $<br \/>\n                            <span class=\"font-medium\">\u00e0 Walmart<\/span><br \/>\n                    <\/span>\n            <\/div>\n<div class=\"flex items-center justify-center gap-x-1 font-bold md:justify-start\">\n            <span class=\"text-sm line-through\">947,99 $<\/span><br \/>\n            <span class=\"text-sm text-brand-green\">\u00c9conomisez 455,31 $<\/span>\n        <\/div>\n<\/p><\/div>\n<\/p><\/div>\n<\/p><\/div>\n<div class=\"w-44 self-end\">\n                            <button class=\"flex justify-center items-center w-full bg-brand-green text-white text-base font-sans font-medium rounded-md hover:bg-brand-green-700 hover:cursor-pointer md:text-sm h-11\"><\/p>\n<p>    Conclure un accord<br \/>\n<\/button>\n                        <\/div>\n<\/p><\/div>\n<\/p><\/div>\n<div class=\"order-2 mt-5 h-auto w-full md:order-1 md:mt-0 md:hidden\">\n<div class=\"flex aspect-video items-center justify-center\">\n                                            <img decoding=\"async\" class=\"m-0 max-h-full max-w-full rounded-md\" src=\"https:\/\/vieassociative.be\/actualites\/wp-content\/uploads\/2025\/03\/Ce-televiseur-Samsung-Qled-de-65-pouces-est-a-son.jpg\" alt=\"Samsung 65\" q60cb qled smart tv qn65q60cbfxza width=\"auto\" height=\"auto\" loading=\"lazy\">\n                                    <\/div>\n<\/p><\/div>\n<div class=\"order-2 ml-2 hidden w-32 shrink-0 items-center md:order-1 md:ml-0 md:flex\">\n<div class=\"flex aspect-video items-center justify-center\">\n                                            <img decoding=\"async\" class=\"m-0 max-h-full max-w-full rounded-md\" src=\"https:\/\/vieassociative.be\/actualites\/wp-content\/uploads\/2025\/03\/Ce-televiseur-Samsung-Qled-de-65-pouces-est-a-son.jpg\" alt=\"Samsung 65\" q60cb qled smart tv qn65q60cbfxza width=\"auto\" height=\"auto\" loading=\"lazy\">\n                                    <\/div>\n<\/p><\/div>\n<div class=\"order-3 flex grow flex-wrap md:hidden md:grow-0\">\n<div class=\"mt-4 w-full\">\n                        <button class=\"flex justify-center items-center w-full bg-brand-green text-white text-base font-sans font-medium rounded-md hover:bg-brand-green-700 hover:cursor-pointer md:text-sm h-11\"><\/p>\n<p>    Conclure un accord<br \/>\n<\/button>\n                    <\/div>\n<div class=\"mx-2 mt-4 w-full\">\n<div class=\" font-sans leading-4 text-black\">\n<div class=\"flex flex-wrap items-center justify-center gap-x-1 md:justify-start\">\n        <span class=\"font-bold\"><\/p>\n<p>            492,68 $<br \/>\n                            <span class=\"font-medium\">\u00e0 Walmart<\/span><br \/>\n                    <\/span>\n            <\/div>\n<div class=\"flex items-center justify-center gap-x-1 font-bold md:justify-start\">\n            <span class=\"text-sm line-through\">947,99 $<\/span><br \/>\n            <span class=\"text-sm text-brand-green\">\u00c9conomisez 455,31 $<\/span>\n        <\/div>\n<\/p><\/div>\n<\/p><\/div>\n<\/p><\/div>\n<\/p><\/div>\n<\/div>\n<p>Pour ceux qui sont pr\u00eats \u00e0 payer un peu plus qu&rsquo;un budget, mais qui ne veulent pas d\u00e9penser une tonne, le Q60CB de 65 pouces est un terrain d&rsquo;entente parfait. Comme tous les t\u00e9l\u00e9viseurs QLED, vous remarquerez une diff\u00e9rence de couleurs par rapport aux t\u00e9l\u00e9viseurs \u00e0 petit budget, avec des noirs plus profonds et une gamme de couleurs plus large. Cependant, ce t\u00e9l\u00e9viseur n&rsquo;aura pas de technologie de gradation locale dans Hisense U7N ou le TCL QM7, mais c&rsquo;est pourquoi vous \u00e9conomisez de l&rsquo;argent.<\/p>\n<p>Certaines autres choses que ce t\u00e9l\u00e9viseur manquera par rapport aux QLED plus r\u00e9centes ou plus haut de gamme sont la bande passante HDMI 2.1 (si vous n&rsquo;\u00eates pas un joueur, cela ne fera pas de diff\u00e9rence) et le support de taux de rafra\u00eechissement variable (VRR) &#8211; encore une fois, principalement pour les joueurs mais aussi pour le contenu en streaming avec des fr\u00e9quences d&rsquo;images incoh\u00e9rentes. Les joueurs seront heureux de savoir que ce t\u00e9l\u00e9viseur a un faible retard d&rsquo;entr\u00e9e de 9 ms.<\/p>\n<p>Parce qu&rsquo;il s&rsquo;agit d&rsquo;un t\u00e9l\u00e9viseur intelligent, vous aurez la plate-forme Smart Tizen pour t\u00e9l\u00e9charger des applications. Si vous allez regarder le contenu SDR, la luminosit\u00e9 maximale du Q60CB sera forte, ce qui le permet de g\u00e9rer la visualisation dans des pi\u00e8ces lumineuses, et l&rsquo;\u00e9cran a une bonne manipulation de r\u00e9flexion. Le contenu HDR ne sera pas aussi brillant en raison du manque de gradation locale, mais dans les pi\u00e8ces sombres, vous pourrez toujours profiter de la qualit\u00e9 de l&rsquo;image QLED.<\/p>\n","protected":false},"excerpt":{"rendered":"<p>Ce t\u00e9l\u00e9viseur QLED avec des couleurs \u00e9clat\u00e9s et un faible d\u00e9calage d&rsquo;entr\u00e9e est de pr\u00e8s de 50% de r\u00e9duction apr\u00e8s une forte r\u00e9duction. Les t\u00e9l\u00e9viseurs<\/p>\n","protected":false},"author":1,"featured_media":5521,"comment_status":"","ping_status":"","sticky":false,"template":"","format":"standard","meta":{"footnotes":""},"categories":[13],"tags":[700,76,1429,1980,1399,5215,1878,800,1978],"class_list":["post-5557","post","type-post","status-publish","format-standard","has-post-thumbnail","hentry","category-technologie","tag-bas","tag-est","tag-moment","tag-pouces","tag-prix","tag-qled","tag-samsung","tag-son","tag-televiseur","generate-columns","tablet-grid-50","mobile-grid-100","grid-parent","grid-33"],"yoast_head":"<!-- This site is optimized with the Yoast SEO plugin v24.0 - https:\/\/yoast.com\/wordpress\/plugins\/seo\/ -->\n<title>Ce t\u00e9l\u00e9viseur Samsung Qled de 65 pouces est \u00e0 son prix le plus bas en ce moment | Vie Associative<\/title>\n<meta name=\"robots\" content=\"index, follow, max-snippet:-1, max-image-preview:large, max-video-preview:-1\" \/>\n<link rel=\"canonical\" href=\"https:\/\/vieassociative.be\/actualites\/ce-televiseur-samsung-qled-de-65-pouces-est-a-son-prix-le-plus-bas-en-ce-moment-2\/\" \/>\n<meta property=\"og:locale\" content=\"fr_FR\" \/>\n<meta property=\"og:type\" content=\"article\" \/>\n<meta property=\"og:title\" content=\"Ce t\u00e9l\u00e9viseur Samsung Qled de 65 pouces est \u00e0 son prix le plus bas en ce moment | Vie Associative\" \/>\n<meta property=\"og:description\" content=\"Ce t\u00e9l\u00e9viseur QLED avec des couleurs \u00e9clat\u00e9s et un faible d\u00e9calage d&rsquo;entr\u00e9e est de pr\u00e8s de 50% de r\u00e9duction apr\u00e8s une forte r\u00e9duction. Les t\u00e9l\u00e9viseurs\" \/>\n<meta property=\"og:url\" content=\"https:\/\/vieassociative.be\/actualites\/ce-televiseur-samsung-qled-de-65-pouces-est-a-son-prix-le-plus-bas-en-ce-moment-2\/\" \/>\n<meta property=\"og:site_name\" content=\"Vie Associative\" \/>\n<meta property=\"article:published_time\" content=\"2025-03-02T23:21:22+00:00\" \/>\n<meta property=\"og:image\" content=\"https:\/\/vieassociative.be\/actualites\/wp-content\/uploads\/2025\/03\/Ce-televiseur-Samsung-Qled-de-65-pouces-est-a-son.jpg\" \/>\n<meta name=\"author\" content=\"Julien\" \/>\n<meta name=\"twitter:card\" content=\"summary_large_image\" \/>\n<meta name=\"twitter:label1\" content=\"\u00c9crit par\" \/>\n\t<meta name=\"twitter:data1\" content=\"Julien\" \/>\n\t<meta name=\"twitter:label2\" content=\"Dur\u00e9e de lecture est.\" \/>\n\t<meta name=\"twitter:data2\" content=\"2 minutes\" \/>\n<script type=\"application\/ld+json\" class=\"yoast-schema-graph\">{\"@context\":\"https:\/\/schema.org\",\"@graph\":[{\"@type\":\"Article\",\"@id\":\"https:\/\/vieassociative.be\/actualites\/ce-televiseur-samsung-qled-de-65-pouces-est-a-son-prix-le-plus-bas-en-ce-moment-2\/#article\",\"isPartOf\":{\"@id\":\"https:\/\/vieassociative.be\/actualites\/ce-televiseur-samsung-qled-de-65-pouces-est-a-son-prix-le-plus-bas-en-ce-moment-2\/\"},\"author\":{\"name\":\"Julien\",\"@id\":\"https:\/\/vieassociative.be\/actualites\/#\/schema\/person\/b87ac4f82f9d4e7b7cec7395b679edc4\"},\"headline\":\"Ce t\u00e9l\u00e9viseur Samsung Qled de 65 pouces est \u00e0 son prix le plus bas en ce moment\",\"datePublished\":\"2025-03-02T23:21:22+00:00\",\"dateModified\":\"2025-03-02T23:21:22+00:00\",\"mainEntityOfPage\":{\"@id\":\"https:\/\/vieassociative.be\/actualites\/ce-televiseur-samsung-qled-de-65-pouces-est-a-son-prix-le-plus-bas-en-ce-moment-2\/\"},\"wordCount\":424,\"publisher\":{\"@id\":\"https:\/\/vieassociative.be\/actualites\/#organization\"},\"image\":{\"@id\":\"https:\/\/vieassociative.be\/actualites\/ce-televiseur-samsung-qled-de-65-pouces-est-a-son-prix-le-plus-bas-en-ce-moment-2\/#primaryimage\"},\"thumbnailUrl\":\"https:\/\/vieassociative.be\/actualites\/wp-content\/uploads\/2025\/03\/Ce-televiseur-Samsung-Qled-de-65-pouces-est-a-son.png\",\"keywords\":[\"bas\",\"est\",\"moment\",\"pouces\",\"prix\",\"QLED\",\"Samsung\",\"son\",\"t\u00e9l\u00e9viseur\"],\"articleSection\":[\"Technologie\"],\"inLanguage\":\"fr-BE\"},{\"@type\":\"WebPage\",\"@id\":\"https:\/\/vieassociative.be\/actualites\/ce-televiseur-samsung-qled-de-65-pouces-est-a-son-prix-le-plus-bas-en-ce-moment-2\/\",\"url\":\"https:\/\/vieassociative.be\/actualites\/ce-televiseur-samsung-qled-de-65-pouces-est-a-son-prix-le-plus-bas-en-ce-moment-2\/\",\"name\":\"Ce t\u00e9l\u00e9viseur Samsung Qled de 65 pouces est \u00e0 son prix le plus bas en ce moment | Vie Associative\",\"isPartOf\":{\"@id\":\"https:\/\/vieassociative.be\/actualites\/#website\"},\"primaryImageOfPage\":{\"@id\":\"https:\/\/vieassociative.be\/actualites\/ce-televiseur-samsung-qled-de-65-pouces-est-a-son-prix-le-plus-bas-en-ce-moment-2\/#primaryimage\"},\"image\":{\"@id\":\"https:\/\/vieassociative.be\/actualites\/ce-televiseur-samsung-qled-de-65-pouces-est-a-son-prix-le-plus-bas-en-ce-moment-2\/#primaryimage\"},\"thumbnailUrl\":\"https:\/\/vieassociative.be\/actualites\/wp-content\/uploads\/2025\/03\/Ce-televiseur-Samsung-Qled-de-65-pouces-est-a-son.png\",\"datePublished\":\"2025-03-02T23:21:22+00:00\",\"dateModified\":\"2025-03-02T23:21:22+00:00\",\"breadcrumb\":{\"@id\":\"https:\/\/vieassociative.be\/actualites\/ce-televiseur-samsung-qled-de-65-pouces-est-a-son-prix-le-plus-bas-en-ce-moment-2\/#breadcrumb\"},\"inLanguage\":\"fr-BE\",\"potentialAction\":[{\"@type\":\"ReadAction\",\"target\":[\"https:\/\/vieassociative.be\/actualites\/ce-televiseur-samsung-qled-de-65-pouces-est-a-son-prix-le-plus-bas-en-ce-moment-2\/\"]}]},{\"@type\":\"ImageObject\",\"inLanguage\":\"fr-BE\",\"@id\":\"https:\/\/vieassociative.be\/actualites\/ce-televiseur-samsung-qled-de-65-pouces-est-a-son-prix-le-plus-bas-en-ce-moment-2\/#primaryimage\",\"url\":\"https:\/\/vieassociative.be\/actualites\/wp-content\/uploads\/2025\/03\/Ce-televiseur-Samsung-Qled-de-65-pouces-est-a-son.png\",\"contentUrl\":\"https:\/\/vieassociative.be\/actualites\/wp-content\/uploads\/2025\/03\/Ce-televiseur-Samsung-Qled-de-65-pouces-est-a-son.png\",\"width\":1200,\"height\":675,\"caption\":\"Ce t\u00e9l\u00e9viseur Samsung Qled de 65 pouces est \u00e0 son prix le plus bas en ce moment\"},{\"@type\":\"BreadcrumbList\",\"@id\":\"https:\/\/vieassociative.be\/actualites\/ce-televiseur-samsung-qled-de-65-pouces-est-a-son-prix-le-plus-bas-en-ce-moment-2\/#breadcrumb\",\"itemListElement\":[{\"@type\":\"ListItem\",\"position\":1,\"name\":\"Accueil\",\"item\":\"https:\/\/vieassociative.be\/actualites\/\"},{\"@type\":\"ListItem\",\"position\":2,\"name\":\"Ce t\u00e9l\u00e9viseur Samsung Qled de 65 pouces est \u00e0 son prix le plus bas en ce moment\"}]},{\"@type\":\"WebSite\",\"@id\":\"https:\/\/vieassociative.be\/actualites\/#website\",\"url\":\"https:\/\/vieassociative.be\/actualites\/\",\"name\":\"Vie Associative\",\"description\":\"\",\"publisher\":{\"@id\":\"https:\/\/vieassociative.be\/actualites\/#organization\"},\"potentialAction\":[{\"@type\":\"SearchAction\",\"target\":{\"@type\":\"EntryPoint\",\"urlTemplate\":\"https:\/\/vieassociative.be\/actualites\/?s={search_term_string}\"},\"query-input\":{\"@type\":\"PropertyValueSpecification\",\"valueRequired\":true,\"valueName\":\"search_term_string\"}}],\"inLanguage\":\"fr-BE\"},{\"@type\":\"Organization\",\"@id\":\"https:\/\/vieassociative.be\/actualites\/#organization\",\"name\":\"Vie Associative\",\"url\":\"https:\/\/vieassociative.be\/actualites\/\",\"logo\":{\"@type\":\"ImageObject\",\"inLanguage\":\"fr-BE\",\"@id\":\"https:\/\/vieassociative.be\/actualites\/#\/schema\/logo\/image\/\",\"url\":\"https:\/\/vieassociative.be\/actualites\/wp-content\/uploads\/2024\/09\/cropped-vieassociative_favicon.ico.png\",\"contentUrl\":\"https:\/\/vieassociative.be\/actualites\/wp-content\/uploads\/2024\/09\/cropped-vieassociative_favicon.ico.png\",\"width\":512,\"height\":512,\"caption\":\"Vie Associative\"},\"image\":{\"@id\":\"https:\/\/vieassociative.be\/actualites\/#\/schema\/logo\/image\/\"}},{\"@type\":\"Person\",\"@id\":\"https:\/\/vieassociative.be\/actualites\/#\/schema\/person\/b87ac4f82f9d4e7b7cec7395b679edc4\",\"name\":\"Julien\",\"image\":{\"@type\":\"ImageObject\",\"inLanguage\":\"fr-BE\",\"@id\":\"https:\/\/vieassociative.be\/actualites\/#\/schema\/person\/image\/\",\"url\":\"https:\/\/vieassociative.be\/actualites\/wp-content\/uploads\/2024\/09\/vie-associative-1-150x150.jpg\",\"contentUrl\":\"https:\/\/vieassociative.be\/actualites\/wp-content\/uploads\/2024\/09\/vie-associative-1-150x150.jpg\",\"caption\":\"Julien\"},\"description\":\"Je suis Julien, r\u00e9dacteur pour Vie Associative. Passionn\u00e9 par le monde associatif depuis plus de 10 ans, j'ai \u00e0 c\u0153ur de partager des histoires inspirantes et de mettre en lumi\u00e8re les initiatives locales. Mon objectif est de sensibiliser et d'encourager l'engagement communautaire \u00e0 travers mes articles.\",\"sameAs\":[\"https:\/\/vieassociative.be\/\"]}]}<\/script>\n<!-- \/ Yoast SEO plugin. -->","yoast_head_json":{"title":"Ce t\u00e9l\u00e9viseur Samsung Qled de 65 pouces est \u00e0 son prix le plus bas en ce moment | Vie Associative","robots":{"index":"index","follow":"follow","max-snippet":"max-snippet:-1","max-image-preview":"max-image-preview:large","max-video-preview":"max-video-preview:-1"},"canonical":"https:\/\/vieassociative.be\/actualites\/ce-televiseur-samsung-qled-de-65-pouces-est-a-son-prix-le-plus-bas-en-ce-moment-2\/","og_locale":"fr_FR","og_type":"article","og_title":"Ce t\u00e9l\u00e9viseur Samsung Qled de 65 pouces est \u00e0 son prix le plus bas en ce moment | Vie Associative","og_description":"Ce t\u00e9l\u00e9viseur QLED avec des couleurs \u00e9clat\u00e9s et un faible d\u00e9calage d&rsquo;entr\u00e9e est de pr\u00e8s de 50% de r\u00e9duction apr\u00e8s une forte r\u00e9duction. Les t\u00e9l\u00e9viseurs","og_url":"https:\/\/vieassociative.be\/actualites\/ce-televiseur-samsung-qled-de-65-pouces-est-a-son-prix-le-plus-bas-en-ce-moment-2\/","og_site_name":"Vie Associative","article_published_time":"2025-03-02T23:21:22+00:00","og_image":[{"url":"https:\/\/vieassociative.be\/actualites\/wp-content\/uploads\/2025\/03\/Ce-televiseur-Samsung-Qled-de-65-pouces-est-a-son.jpg","type":"","width":"","height":""}],"author":"Julien","twitter_card":"summary_large_image","twitter_misc":{"\u00c9crit par":"Julien","Dur\u00e9e de lecture est.":"2 minutes"},"schema":{"@context":"https:\/\/schema.org","@graph":[{"@type":"Article","@id":"https:\/\/vieassociative.be\/actualites\/ce-televiseur-samsung-qled-de-65-pouces-est-a-son-prix-le-plus-bas-en-ce-moment-2\/#article","isPartOf":{"@id":"https:\/\/vieassociative.be\/actualites\/ce-televiseur-samsung-qled-de-65-pouces-est-a-son-prix-le-plus-bas-en-ce-moment-2\/"},"author":{"name":"Julien","@id":"https:\/\/vieassociative.be\/actualites\/#\/schema\/person\/b87ac4f82f9d4e7b7cec7395b679edc4"},"headline":"Ce t\u00e9l\u00e9viseur Samsung Qled de 65 pouces est \u00e0 son prix le plus bas en ce moment","datePublished":"2025-03-02T23:21:22+00:00","dateModified":"2025-03-02T23:21:22+00:00","mainEntityOfPage":{"@id":"https:\/\/vieassociative.be\/actualites\/ce-televiseur-samsung-qled-de-65-pouces-est-a-son-prix-le-plus-bas-en-ce-moment-2\/"},"wordCount":424,"publisher":{"@id":"https:\/\/vieassociative.be\/actualites\/#organization"},"image":{"@id":"https:\/\/vieassociative.be\/actualites\/ce-televiseur-samsung-qled-de-65-pouces-est-a-son-prix-le-plus-bas-en-ce-moment-2\/#primaryimage"},"thumbnailUrl":"https:\/\/vieassociative.be\/actualites\/wp-content\/uploads\/2025\/03\/Ce-televiseur-Samsung-Qled-de-65-pouces-est-a-son.png","keywords":["bas","est","moment","pouces","prix","QLED","Samsung","son","t\u00e9l\u00e9viseur"],"articleSection":["Technologie"],"inLanguage":"fr-BE"},{"@type":"WebPage","@id":"https:\/\/vieassociative.be\/actualites\/ce-televiseur-samsung-qled-de-65-pouces-est-a-son-prix-le-plus-bas-en-ce-moment-2\/","url":"https:\/\/vieassociative.be\/actualites\/ce-televiseur-samsung-qled-de-65-pouces-est-a-son-prix-le-plus-bas-en-ce-moment-2\/","name":"Ce t\u00e9l\u00e9viseur Samsung Qled de 65 pouces est \u00e0 son prix le plus bas en ce moment | Vie Associative","isPartOf":{"@id":"https:\/\/vieassociative.be\/actualites\/#website"},"primaryImageOfPage":{"@id":"https:\/\/vieassociative.be\/actualites\/ce-televiseur-samsung-qled-de-65-pouces-est-a-son-prix-le-plus-bas-en-ce-moment-2\/#primaryimage"},"image":{"@id":"https:\/\/vieassociative.be\/actualites\/ce-televiseur-samsung-qled-de-65-pouces-est-a-son-prix-le-plus-bas-en-ce-moment-2\/#primaryimage"},"thumbnailUrl":"https:\/\/vieassociative.be\/actualites\/wp-content\/uploads\/2025\/03\/Ce-televiseur-Samsung-Qled-de-65-pouces-est-a-son.png","datePublished":"2025-03-02T23:21:22+00:00","dateModified":"2025-03-02T23:21:22+00:00","breadcrumb":{"@id":"https:\/\/vieassociative.be\/actualites\/ce-televiseur-samsung-qled-de-65-pouces-est-a-son-prix-le-plus-bas-en-ce-moment-2\/#breadcrumb"},"inLanguage":"fr-BE","potentialAction":[{"@type":"ReadAction","target":["https:\/\/vieassociative.be\/actualites\/ce-televiseur-samsung-qled-de-65-pouces-est-a-son-prix-le-plus-bas-en-ce-moment-2\/"]}]},{"@type":"ImageObject","inLanguage":"fr-BE","@id":"https:\/\/vieassociative.be\/actualites\/ce-televiseur-samsung-qled-de-65-pouces-est-a-son-prix-le-plus-bas-en-ce-moment-2\/#primaryimage","url":"https:\/\/vieassociative.be\/actualites\/wp-content\/uploads\/2025\/03\/Ce-televiseur-Samsung-Qled-de-65-pouces-est-a-son.png","contentUrl":"https:\/\/vieassociative.be\/actualites\/wp-content\/uploads\/2025\/03\/Ce-televiseur-Samsung-Qled-de-65-pouces-est-a-son.png","width":1200,"height":675,"caption":"Ce t\u00e9l\u00e9viseur Samsung Qled de 65 pouces est \u00e0 son prix le plus bas en ce moment"},{"@type":"BreadcrumbList","@id":"https:\/\/vieassociative.be\/actualites\/ce-televiseur-samsung-qled-de-65-pouces-est-a-son-prix-le-plus-bas-en-ce-moment-2\/#breadcrumb","itemListElement":[{"@type":"ListItem","position":1,"name":"Accueil","item":"https:\/\/vieassociative.be\/actualites\/"},{"@type":"ListItem","position":2,"name":"Ce t\u00e9l\u00e9viseur Samsung Qled de 65 pouces est \u00e0 son prix le plus bas en ce moment"}]},{"@type":"WebSite","@id":"https:\/\/vieassociative.be\/actualites\/#website","url":"https:\/\/vieassociative.be\/actualites\/","name":"Vie Associative","description":"","publisher":{"@id":"https:\/\/vieassociative.be\/actualites\/#organization"},"potentialAction":[{"@type":"SearchAction","target":{"@type":"EntryPoint","urlTemplate":"https:\/\/vieassociative.be\/actualites\/?s={search_term_string}"},"query-input":{"@type":"PropertyValueSpecification","valueRequired":true,"valueName":"search_term_string"}}],"inLanguage":"fr-BE"},{"@type":"Organization","@id":"https:\/\/vieassociative.be\/actualites\/#organization","name":"Vie Associative","url":"https:\/\/vieassociative.be\/actualites\/","logo":{"@type":"ImageObject","inLanguage":"fr-BE","@id":"https:\/\/vieassociative.be\/actualites\/#\/schema\/logo\/image\/","url":"https:\/\/vieassociative.be\/actualites\/wp-content\/uploads\/2024\/09\/cropped-vieassociative_favicon.ico.png","contentUrl":"https:\/\/vieassociative.be\/actualites\/wp-content\/uploads\/2024\/09\/cropped-vieassociative_favicon.ico.png","width":512,"height":512,"caption":"Vie Associative"},"image":{"@id":"https:\/\/vieassociative.be\/actualites\/#\/schema\/logo\/image\/"}},{"@type":"Person","@id":"https:\/\/vieassociative.be\/actualites\/#\/schema\/person\/b87ac4f82f9d4e7b7cec7395b679edc4","name":"Julien","image":{"@type":"ImageObject","inLanguage":"fr-BE","@id":"https:\/\/vieassociative.be\/actualites\/#\/schema\/person\/image\/","url":"https:\/\/vieassociative.be\/actualites\/wp-content\/uploads\/2024\/09\/vie-associative-1-150x150.jpg","contentUrl":"https:\/\/vieassociative.be\/actualites\/wp-content\/uploads\/2024\/09\/vie-associative-1-150x150.jpg","caption":"Julien"},"description":"Je suis Julien, r\u00e9dacteur pour Vie Associative. Passionn\u00e9 par le monde associatif depuis plus de 10 ans, j'ai \u00e0 c\u0153ur de partager des histoires inspirantes et de mettre en lumi\u00e8re les initiatives locales. Mon objectif est de sensibiliser et d'encourager l'engagement communautaire \u00e0 travers mes articles.","sameAs":["https:\/\/vieassociative.be\/"]}]}},"_links":{"self":[{"href":"https:\/\/vieassociative.be\/actualites\/wp-json\/wp\/v2\/posts\/5557"}],"collection":[{"href":"https:\/\/vieassociative.be\/actualites\/wp-json\/wp\/v2\/posts"}],"about":[{"href":"https:\/\/vieassociative.be\/actualites\/wp-json\/wp\/v2\/types\/post"}],"author":[{"embeddable":true,"href":"https:\/\/vieassociative.be\/actualites\/wp-json\/wp\/v2\/users\/1"}],"replies":[{"embeddable":true,"href":"https:\/\/vieassociative.be\/actualites\/wp-json\/wp\/v2\/comments?post=5557"}],"version-history":[{"count":0,"href":"https:\/\/vieassociative.be\/actualites\/wp-json\/wp\/v2\/posts\/5557\/revisions"}],"wp:featuredmedia":[{"embeddable":true,"href":"https:\/\/vieassociative.be\/actualites\/wp-json\/wp\/v2\/media\/5521"}],"wp:attachment":[{"href":"https:\/\/vieassociative.be\/actualites\/wp-json\/wp\/v2\/media?parent=5557"}],"wp:term":[{"taxonomy":"category","embeddable":true,"href":"https:\/\/vieassociative.be\/actualites\/wp-json\/wp\/v2\/categories?post=5557"},{"taxonomy":"post_tag","embeddable":true,"href":"https:\/\/vieassociative.be\/actualites\/wp-json\/wp\/v2\/tags?post=5557"}],"curies":[{"name":"wp","href":"https:\/\/api.w.org\/{rel}","templated":true}]}}