{"id":5551,"date":"2025-03-02T20:17:59","date_gmt":"2025-03-02T19:17:59","guid":{"rendered":"https:\/\/vieassociative.be\/actualites\/la-barre-de-son-arc-sonos-est-de-250-de-rabais\/"},"modified":"2025-03-02T20:17:59","modified_gmt":"2025-03-02T19:17:59","slug":"la-barre-de-son-arc-sonos-est-de-250-de-rabais","status":"publish","type":"post","link":"https:\/\/vieassociative.be\/actualites\/la-barre-de-son-arc-sonos-est-de-250-de-rabais\/","title":{"rendered":"La barre de son Arc Sonos est de 250 $ de rabais"},"content":{"rendered":"<div class=\"mt-4 leading-6 md:mb-8\">Sonos fait de bonnes barres de son, et ils ne sont pas en vente souvent.<\/div>\n<p><\/p>\n<p>La marque Sonos est bien connue dans le haut-parleur intelligent et sur l&rsquo;espace sonore. Et tout comme Apple, les gens paieront un prix premium pour leur minimaliste, la qualit\u00e9 sup\u00e9rieure et les remises sont souvent difficiles \u00e0 trouver. Mais aujourd&rsquo;hui, l&rsquo;arc Sonos, qui \u00e9tait la barre de son phare de Sono avant le lancement de l&rsquo;arc Sonos Ultra, est <strong>649 $<\/strong>250 $ de r\u00e9duction sur son prix habituel de 899 $. C&rsquo;est \u00e9galement un nouveau prix bas pour ce mod\u00e8le, selon les outils de suivi des prix.<\/p>\n<div class=\"shadow-b-2 mb-12 mt-10 rounded-md border-2 border-(#F0F0F0) px-6 py-2 shadow-lg md:px-12\" role=\"region\" aria-label=\"Products List\" x-data=\"{ showMore: false }\">\n<div class=\"flex w-full gap-x-5\">\n<div class=\"flex w-full flex-col flex-nowrap justify-center gap-2 text-black no-underline md:order-2 md:gap-y-6\">\n<div class=\"flex flex-col justify-between gap-y-2 md:w-full md:gap-y-1\">\n<div class=\"block font-sans text-xs font-semibold capitalize leading-3 text-gray-900 md:leading-4\">Power de sortie maximale: 110 watts, technologie de connectivit\u00e9: Wi-Fi, mode de sortie audio: support surround.<\/div>\n<div class=\"block w-fit cursor-pointer font-akshar text-lg font-medium leading-5 text-brand-green duration-200 ease-in-out hover:text-brand-green-700 md:text-xl md:leading-6\">\n<p>                             Barre de son \u00e0 arc sonos\n                        <\/p><\/div>\n<\/p><\/div>\n<div class=\"hidden md:flex md:justify-between md:gap-x-4\">\n<div class=\"w-full mb-0 md:flex md:flex-col md:justify-center font-sans leading-4 text-black\">\n<div class=\"flex flex-wrap items-center justify-center gap-x-1 md:justify-start\">\n        <span class=\"font-bold\"><\/p>\n<p>            649,00 $<br \/>\n                            <span class=\"font-medium\">\u00e0 Amazon<\/span><br \/>\n                    <\/span><br \/>\n                    <img decoding=\"async\" class=\"mt-0 h-(15px)\" src=\"https:\/\/vieassociative.be\/actualites\/wp-content\/uploads\/2025\/03\/La-barre-de-son-Arc-Sonos-est-de-250.svg.svg+xml\" title=\"Amazon Prime\" alt=\"Amazon Prime\">\n            <\/div>\n<div class=\"flex items-center justify-center gap-x-1 font-bold md:justify-start\">\n            <span class=\"text-sm line-through\">899,00 $<\/span><br \/>\n            <span class=\"text-sm text-brand-green\">\u00c9conomisez 250,00 $<\/span>\n        <\/div>\n<\/p><\/div>\n<p>                            <button class=\"flex justify-center items-center w-full bg-brand-green text-white text-base font-sans font-medium rounded-md hover:bg-brand-green-700 hover:cursor-pointer md:text-sm hidden self-end h-12 max-w-(10rem) duration-200 ease-in-out hover:bg-brand-green-700 md:flex md:h-10\"><\/p>\n<p>    Conclure un accord<br \/>\n<\/button>\n                        <\/div>\n<\/p><\/div>\n<div class=\"flex aspect-video h-(90px) shrink-0 items-center justify-center self-center md:order-1\">\n                        <img decoding=\"async\" class=\"m-0 max-h-full max-w-full rounded-md\" src=\"https:\/\/vieassociative.be\/actualites\/wp-content\/uploads\/2025\/03\/La-barre-de-son-Arc-Sonos-est-de-250.jpg\" alt=\"Arc sonos\" width=\"auto\" height=\"auto\" loading=\"lazy\">\n                    <\/div>\n<\/p><\/div>\n<p>                            <button class=\"flex justify-center items-center w-full bg-brand-green text-white text-base font-sans font-medium rounded-md hover:bg-brand-green-700 hover:cursor-pointer md:text-sm w-full h-12 duration-200 ease-in-out hover:bg-brand-green-700 md:hidden md:h-10\"><\/p>\n<p>    Conclure un accord<br \/>\n<\/button><\/p>\n<div class=\"flex flex-col items-center w-full md:hidden font-sans leading-4 text-black\">\n<div class=\"flex flex-wrap items-center justify-center gap-x-1 md:justify-start\">\n        <span class=\"font-bold\"><\/p>\n<p>            649,00 $<br \/>\n                            <span class=\"font-medium\">\u00e0 Amazon<\/span><br \/>\n                    <\/span><br \/>\n                    <img decoding=\"async\" class=\"mt-0 h-(15px)\" src=\"https:\/\/vieassociative.be\/actualites\/wp-content\/uploads\/2025\/03\/La-barre-de-son-Arc-Sonos-est-de-250.svg.svg+xml\" title=\"Amazon Prime\" alt=\"Amazon Prime\">\n            <\/div>\n<div class=\"flex items-center justify-center gap-x-1 font-bold md:justify-start\">\n            <span class=\"text-sm line-through\">899,00 $<\/span><br \/>\n            <span class=\"text-sm text-brand-green\">\u00c9conomisez 250,00 $<\/span>\n        <\/div>\n<\/p><\/div>\n<div class=\"flex w-full gap-x-5\">\n<div class=\"flex w-full flex-col flex-nowrap justify-center gap-2 text-black no-underline md:order-2 md:gap-y-6\">\n<div class=\"flex flex-col justify-between gap-y-2 md:w-full md:gap-y-1\">\n<div class=\"block font-sans text-xs font-semibold capitalize leading-3 text-gray-900 md:leading-4\">Power de sortie maximale: 110 watts, technologie de connectivit\u00e9: Wi-Fi, mode de sortie audio: support surround.<\/div>\n<div class=\"block w-fit cursor-pointer font-akshar text-lg font-medium leading-5 text-brand-green duration-200 ease-in-out hover:text-brand-green-700 md:text-xl md:leading-6\">\n<p>                            Barre de son \u00e0 arc sonos\n                        <\/p><\/div>\n<\/p><\/div>\n<div class=\"hidden md:flex md:justify-between md:gap-x-4\">\n<div class=\"w-full mb-0 md:flex md:flex-col md:justify-center font-sans leading-4 text-black\">\n<div class=\"flex flex-wrap items-center justify-center gap-x-1 md:justify-start\">\n        <span class=\"font-bold\"><\/p>\n<p>            649,00 $<br \/>\n                            <span class=\"font-medium\">\u00e0 Best Buy<\/span><br \/>\n                    <\/span>\n            <\/div>\n<div class=\"flex items-center justify-center gap-x-1 font-bold md:justify-start\">\n            <span class=\"text-sm line-through\">899,00 $<\/span><br \/>\n            <span class=\"text-sm text-brand-green\">\u00c9conomisez 250,00 $<\/span>\n        <\/div>\n<\/p><\/div>\n<p>                            <button class=\"flex justify-center items-center w-full bg-brand-green text-white text-base font-sans font-medium rounded-md hover:bg-brand-green-700 hover:cursor-pointer md:text-sm hidden self-end h-12 max-w-(10rem) duration-200 ease-in-out hover:bg-brand-green-700 md:flex md:h-10\"><\/p>\n<p>    Conclure un accord<br \/>\n<\/button>\n                        <\/div>\n<\/p><\/div>\n<div class=\"flex aspect-video h-(90px) shrink-0 items-center justify-center self-center md:order-1\">\n                        <img decoding=\"async\" class=\"m-0 max-h-full max-w-full rounded-md\" src=\"https:\/\/vieassociative.be\/actualites\/wp-content\/uploads\/2025\/03\/La-barre-de-son-Arc-Sonos-est-de-250.jpg\" alt=\"Arc sonos\" width=\"auto\" height=\"auto\" loading=\"lazy\">\n                    <\/div>\n<\/p><\/div>\n<p>                            <button class=\"flex justify-center items-center w-full bg-brand-green text-white text-base font-sans font-medium rounded-md hover:bg-brand-green-700 hover:cursor-pointer md:text-sm w-full h-12 duration-200 ease-in-out hover:bg-brand-green-700 md:hidden md:h-10\"><\/p>\n<p>    Conclure un accord<br \/>\n<\/button><\/p>\n<div class=\"flex flex-col items-center w-full md:hidden font-sans leading-4 text-black\">\n<div class=\"flex flex-wrap items-center justify-center gap-x-1 md:justify-start\">\n        <span class=\"font-bold\"><\/p>\n<p>            649,00 $<br \/>\n                            <span class=\"font-medium\">\u00e0 Best Buy<\/span><br \/>\n                    <\/span>\n            <\/div>\n<div class=\"flex items-center justify-center gap-x-1 font-bold md:justify-start\">\n            <span class=\"text-sm line-through\">899,00 $<\/span><br \/>\n            <span class=\"text-sm text-brand-green\">\u00c9conomisez 250,00 $<\/span>\n        <\/div>\n<\/p><\/div>\n<\/div>\n<p>Les haut-parleurs de Sonos ne sont pas pour tout le monde, ne serait-ce que parce que vous devrez justifier le paiement de deux grands pour un syst\u00e8me de son surround complet lorsque vous pouvez obtenir une configuration comme le Samsung Q990C pour environ la moiti\u00e9 du prix. Mais les audiophiles jurent qu&rsquo;ils peuvent entendre la diff\u00e9rence, donc le co\u00fbt peut en valoir la peine. <\/p>\n<p>Si vous prenez cette barre de son, vous voudrez consid\u00e9rer les haut-parleurs arri\u00e8re de Sonos 300 et le subwoofer Gen 4 pour l&rsquo;accompagner &#8211; ils sont les derniers Sonos, bien que vous puissiez choisir Eras 100 ou un subwoofer plus ancien ou plus petit pour baisser le prix.<\/p>\n<p>Quant \u00e0 l&rsquo;arc, il propose Dolby Atmos, offrant un son tridimensionnel immersif avec des canaux de hauteur qui simulent l&rsquo;audio venant d&rsquo;en haut vous (vous pouvez lire les d\u00e9tails de la critique \u00ab\u00a0excellente\u00a0\u00bb de PCMAG). Il offre suffisamment de coup de pied bas de gamme pour que vous n&rsquo;ayez pas vraiment besoin d&rsquo;un subwoofer si vous avez un petit espace. Si vous poss\u00e9dez d\u00e9j\u00e0 d&rsquo;autres haut-parleurs SONOS, vous pouvez les connecter de mani\u00e8re transparente via l&rsquo;application Sonos pour cr\u00e9er une configuration de son surround ou un syst\u00e8me multi-pi\u00e8ces.<\/p>\n","protected":false},"excerpt":{"rendered":"<p>Sonos fait de bonnes barres de son, et ils ne sont pas en vente souvent. La marque Sonos est bien connue dans le haut-parleur intelligent<\/p>\n","protected":false},"author":1,"featured_media":5552,"comment_status":"","ping_status":"","sticky":false,"template":"","format":"standard","meta":{"footnotes":""},"categories":[13],"tags":[5642,2178,76,5472,800,1834],"class_list":["post-5551","post","type-post","status-publish","format-standard","has-post-thumbnail","hentry","category-technologie","tag-arc","tag-barre","tag-est","tag-rabais","tag-son","tag-sonos","generate-columns","tablet-grid-50","mobile-grid-100","grid-parent","grid-33"],"yoast_head":"<!-- This site is optimized with the Yoast SEO plugin v24.0 - https:\/\/yoast.com\/wordpress\/plugins\/seo\/ -->\n<title>La barre de son Arc Sonos est de 250 $ de rabais | Vie Associative<\/title>\n<meta name=\"robots\" content=\"index, follow, max-snippet:-1, max-image-preview:large, max-video-preview:-1\" \/>\n<link rel=\"canonical\" href=\"https:\/\/vieassociative.be\/actualites\/la-barre-de-son-arc-sonos-est-de-250-de-rabais\/\" \/>\n<meta property=\"og:locale\" content=\"fr_FR\" \/>\n<meta property=\"og:type\" content=\"article\" \/>\n<meta property=\"og:title\" content=\"La barre de son Arc Sonos est de 250 $ de rabais | Vie Associative\" \/>\n<meta property=\"og:description\" content=\"Sonos fait de bonnes barres de son, et ils ne sont pas en vente souvent. La marque Sonos est bien connue dans le haut-parleur intelligent\" \/>\n<meta property=\"og:url\" content=\"https:\/\/vieassociative.be\/actualites\/la-barre-de-son-arc-sonos-est-de-250-de-rabais\/\" \/>\n<meta property=\"og:site_name\" content=\"Vie Associative\" \/>\n<meta property=\"article:published_time\" content=\"2025-03-02T19:17:59+00:00\" \/>\n<meta property=\"og:image\" content=\"https:\/\/vieassociative.be\/actualites\/wp-content\/uploads\/2025\/03\/La-barre-de-son-Arc-Sonos-est-de-250.svg.svg+xml\" \/>\n<meta name=\"author\" content=\"Julien\" \/>\n<meta name=\"twitter:card\" content=\"summary_large_image\" \/>\n<meta name=\"twitter:label1\" content=\"\u00c9crit par\" \/>\n\t<meta name=\"twitter:data1\" content=\"Julien\" \/>\n\t<meta name=\"twitter:label2\" content=\"Dur\u00e9e de lecture est.\" \/>\n\t<meta name=\"twitter:data2\" content=\"2 minutes\" \/>\n<script type=\"application\/ld+json\" class=\"yoast-schema-graph\">{\"@context\":\"https:\/\/schema.org\",\"@graph\":[{\"@type\":\"Article\",\"@id\":\"https:\/\/vieassociative.be\/actualites\/la-barre-de-son-arc-sonos-est-de-250-de-rabais\/#article\",\"isPartOf\":{\"@id\":\"https:\/\/vieassociative.be\/actualites\/la-barre-de-son-arc-sonos-est-de-250-de-rabais\/\"},\"author\":{\"name\":\"Julien\",\"@id\":\"https:\/\/vieassociative.be\/actualites\/#\/schema\/person\/b87ac4f82f9d4e7b7cec7395b679edc4\"},\"headline\":\"La barre de son Arc Sonos est de 250 $ de rabais\",\"datePublished\":\"2025-03-02T19:17:59+00:00\",\"dateModified\":\"2025-03-02T19:17:59+00:00\",\"mainEntityOfPage\":{\"@id\":\"https:\/\/vieassociative.be\/actualites\/la-barre-de-son-arc-sonos-est-de-250-de-rabais\/\"},\"wordCount\":394,\"publisher\":{\"@id\":\"https:\/\/vieassociative.be\/actualites\/#organization\"},\"image\":{\"@id\":\"https:\/\/vieassociative.be\/actualites\/la-barre-de-son-arc-sonos-est-de-250-de-rabais\/#primaryimage\"},\"thumbnailUrl\":\"https:\/\/vieassociative.be\/actualites\/wp-content\/uploads\/2025\/03\/La-barre-de-son-Arc-Sonos-est-de-250.png\",\"keywords\":[\"Arc\",\"barre\",\"est\",\"rabais\",\"son\",\"Sonos\"],\"articleSection\":[\"Technologie\"],\"inLanguage\":\"fr-BE\"},{\"@type\":\"WebPage\",\"@id\":\"https:\/\/vieassociative.be\/actualites\/la-barre-de-son-arc-sonos-est-de-250-de-rabais\/\",\"url\":\"https:\/\/vieassociative.be\/actualites\/la-barre-de-son-arc-sonos-est-de-250-de-rabais\/\",\"name\":\"La barre de son Arc Sonos est de 250 $ de rabais | Vie Associative\",\"isPartOf\":{\"@id\":\"https:\/\/vieassociative.be\/actualites\/#website\"},\"primaryImageOfPage\":{\"@id\":\"https:\/\/vieassociative.be\/actualites\/la-barre-de-son-arc-sonos-est-de-250-de-rabais\/#primaryimage\"},\"image\":{\"@id\":\"https:\/\/vieassociative.be\/actualites\/la-barre-de-son-arc-sonos-est-de-250-de-rabais\/#primaryimage\"},\"thumbnailUrl\":\"https:\/\/vieassociative.be\/actualites\/wp-content\/uploads\/2025\/03\/La-barre-de-son-Arc-Sonos-est-de-250.png\",\"datePublished\":\"2025-03-02T19:17:59+00:00\",\"dateModified\":\"2025-03-02T19:17:59+00:00\",\"breadcrumb\":{\"@id\":\"https:\/\/vieassociative.be\/actualites\/la-barre-de-son-arc-sonos-est-de-250-de-rabais\/#breadcrumb\"},\"inLanguage\":\"fr-BE\",\"potentialAction\":[{\"@type\":\"ReadAction\",\"target\":[\"https:\/\/vieassociative.be\/actualites\/la-barre-de-son-arc-sonos-est-de-250-de-rabais\/\"]}]},{\"@type\":\"ImageObject\",\"inLanguage\":\"fr-BE\",\"@id\":\"https:\/\/vieassociative.be\/actualites\/la-barre-de-son-arc-sonos-est-de-250-de-rabais\/#primaryimage\",\"url\":\"https:\/\/vieassociative.be\/actualites\/wp-content\/uploads\/2025\/03\/La-barre-de-son-Arc-Sonos-est-de-250.png\",\"contentUrl\":\"https:\/\/vieassociative.be\/actualites\/wp-content\/uploads\/2025\/03\/La-barre-de-son-Arc-Sonos-est-de-250.png\",\"width\":1200,\"height\":675,\"caption\":\"La barre de son Arc Sonos est de 250 $ de rabais\"},{\"@type\":\"BreadcrumbList\",\"@id\":\"https:\/\/vieassociative.be\/actualites\/la-barre-de-son-arc-sonos-est-de-250-de-rabais\/#breadcrumb\",\"itemListElement\":[{\"@type\":\"ListItem\",\"position\":1,\"name\":\"Accueil\",\"item\":\"https:\/\/vieassociative.be\/actualites\/\"},{\"@type\":\"ListItem\",\"position\":2,\"name\":\"La barre de son Arc Sonos est de 250 $ de rabais\"}]},{\"@type\":\"WebSite\",\"@id\":\"https:\/\/vieassociative.be\/actualites\/#website\",\"url\":\"https:\/\/vieassociative.be\/actualites\/\",\"name\":\"Vie Associative\",\"description\":\"\",\"publisher\":{\"@id\":\"https:\/\/vieassociative.be\/actualites\/#organization\"},\"potentialAction\":[{\"@type\":\"SearchAction\",\"target\":{\"@type\":\"EntryPoint\",\"urlTemplate\":\"https:\/\/vieassociative.be\/actualites\/?s={search_term_string}\"},\"query-input\":{\"@type\":\"PropertyValueSpecification\",\"valueRequired\":true,\"valueName\":\"search_term_string\"}}],\"inLanguage\":\"fr-BE\"},{\"@type\":\"Organization\",\"@id\":\"https:\/\/vieassociative.be\/actualites\/#organization\",\"name\":\"Vie Associative\",\"url\":\"https:\/\/vieassociative.be\/actualites\/\",\"logo\":{\"@type\":\"ImageObject\",\"inLanguage\":\"fr-BE\",\"@id\":\"https:\/\/vieassociative.be\/actualites\/#\/schema\/logo\/image\/\",\"url\":\"https:\/\/vieassociative.be\/actualites\/wp-content\/uploads\/2024\/09\/cropped-vieassociative_favicon.ico.png\",\"contentUrl\":\"https:\/\/vieassociative.be\/actualites\/wp-content\/uploads\/2024\/09\/cropped-vieassociative_favicon.ico.png\",\"width\":512,\"height\":512,\"caption\":\"Vie Associative\"},\"image\":{\"@id\":\"https:\/\/vieassociative.be\/actualites\/#\/schema\/logo\/image\/\"}},{\"@type\":\"Person\",\"@id\":\"https:\/\/vieassociative.be\/actualites\/#\/schema\/person\/b87ac4f82f9d4e7b7cec7395b679edc4\",\"name\":\"Julien\",\"image\":{\"@type\":\"ImageObject\",\"inLanguage\":\"fr-BE\",\"@id\":\"https:\/\/vieassociative.be\/actualites\/#\/schema\/person\/image\/\",\"url\":\"https:\/\/vieassociative.be\/actualites\/wp-content\/uploads\/2024\/09\/vie-associative-1-150x150.jpg\",\"contentUrl\":\"https:\/\/vieassociative.be\/actualites\/wp-content\/uploads\/2024\/09\/vie-associative-1-150x150.jpg\",\"caption\":\"Julien\"},\"description\":\"Je suis Julien, r\u00e9dacteur pour Vie Associative. Passionn\u00e9 par le monde associatif depuis plus de 10 ans, j'ai \u00e0 c\u0153ur de partager des histoires inspirantes et de mettre en lumi\u00e8re les initiatives locales. Mon objectif est de sensibiliser et d'encourager l'engagement communautaire \u00e0 travers mes articles.\",\"sameAs\":[\"https:\/\/vieassociative.be\/\"]}]}<\/script>\n<!-- \/ Yoast SEO plugin. -->","yoast_head_json":{"title":"La barre de son Arc Sonos est de 250 $ de rabais | Vie Associative","robots":{"index":"index","follow":"follow","max-snippet":"max-snippet:-1","max-image-preview":"max-image-preview:large","max-video-preview":"max-video-preview:-1"},"canonical":"https:\/\/vieassociative.be\/actualites\/la-barre-de-son-arc-sonos-est-de-250-de-rabais\/","og_locale":"fr_FR","og_type":"article","og_title":"La barre de son Arc Sonos est de 250 $ de rabais | Vie Associative","og_description":"Sonos fait de bonnes barres de son, et ils ne sont pas en vente souvent. La marque Sonos est bien connue dans le haut-parleur intelligent","og_url":"https:\/\/vieassociative.be\/actualites\/la-barre-de-son-arc-sonos-est-de-250-de-rabais\/","og_site_name":"Vie Associative","article_published_time":"2025-03-02T19:17:59+00:00","og_image":[{"url":"https:\/\/vieassociative.be\/actualites\/wp-content\/uploads\/2025\/03\/La-barre-de-son-Arc-Sonos-est-de-250.svg.svg+xml","type":"","width":"","height":""}],"author":"Julien","twitter_card":"summary_large_image","twitter_misc":{"\u00c9crit par":"Julien","Dur\u00e9e de lecture est.":"2 minutes"},"schema":{"@context":"https:\/\/schema.org","@graph":[{"@type":"Article","@id":"https:\/\/vieassociative.be\/actualites\/la-barre-de-son-arc-sonos-est-de-250-de-rabais\/#article","isPartOf":{"@id":"https:\/\/vieassociative.be\/actualites\/la-barre-de-son-arc-sonos-est-de-250-de-rabais\/"},"author":{"name":"Julien","@id":"https:\/\/vieassociative.be\/actualites\/#\/schema\/person\/b87ac4f82f9d4e7b7cec7395b679edc4"},"headline":"La barre de son Arc Sonos est de 250 $ de rabais","datePublished":"2025-03-02T19:17:59+00:00","dateModified":"2025-03-02T19:17:59+00:00","mainEntityOfPage":{"@id":"https:\/\/vieassociative.be\/actualites\/la-barre-de-son-arc-sonos-est-de-250-de-rabais\/"},"wordCount":394,"publisher":{"@id":"https:\/\/vieassociative.be\/actualites\/#organization"},"image":{"@id":"https:\/\/vieassociative.be\/actualites\/la-barre-de-son-arc-sonos-est-de-250-de-rabais\/#primaryimage"},"thumbnailUrl":"https:\/\/vieassociative.be\/actualites\/wp-content\/uploads\/2025\/03\/La-barre-de-son-Arc-Sonos-est-de-250.png","keywords":["Arc","barre","est","rabais","son","Sonos"],"articleSection":["Technologie"],"inLanguage":"fr-BE"},{"@type":"WebPage","@id":"https:\/\/vieassociative.be\/actualites\/la-barre-de-son-arc-sonos-est-de-250-de-rabais\/","url":"https:\/\/vieassociative.be\/actualites\/la-barre-de-son-arc-sonos-est-de-250-de-rabais\/","name":"La barre de son Arc Sonos est de 250 $ de rabais | Vie Associative","isPartOf":{"@id":"https:\/\/vieassociative.be\/actualites\/#website"},"primaryImageOfPage":{"@id":"https:\/\/vieassociative.be\/actualites\/la-barre-de-son-arc-sonos-est-de-250-de-rabais\/#primaryimage"},"image":{"@id":"https:\/\/vieassociative.be\/actualites\/la-barre-de-son-arc-sonos-est-de-250-de-rabais\/#primaryimage"},"thumbnailUrl":"https:\/\/vieassociative.be\/actualites\/wp-content\/uploads\/2025\/03\/La-barre-de-son-Arc-Sonos-est-de-250.png","datePublished":"2025-03-02T19:17:59+00:00","dateModified":"2025-03-02T19:17:59+00:00","breadcrumb":{"@id":"https:\/\/vieassociative.be\/actualites\/la-barre-de-son-arc-sonos-est-de-250-de-rabais\/#breadcrumb"},"inLanguage":"fr-BE","potentialAction":[{"@type":"ReadAction","target":["https:\/\/vieassociative.be\/actualites\/la-barre-de-son-arc-sonos-est-de-250-de-rabais\/"]}]},{"@type":"ImageObject","inLanguage":"fr-BE","@id":"https:\/\/vieassociative.be\/actualites\/la-barre-de-son-arc-sonos-est-de-250-de-rabais\/#primaryimage","url":"https:\/\/vieassociative.be\/actualites\/wp-content\/uploads\/2025\/03\/La-barre-de-son-Arc-Sonos-est-de-250.png","contentUrl":"https:\/\/vieassociative.be\/actualites\/wp-content\/uploads\/2025\/03\/La-barre-de-son-Arc-Sonos-est-de-250.png","width":1200,"height":675,"caption":"La barre de son Arc Sonos est de 250 $ de rabais"},{"@type":"BreadcrumbList","@id":"https:\/\/vieassociative.be\/actualites\/la-barre-de-son-arc-sonos-est-de-250-de-rabais\/#breadcrumb","itemListElement":[{"@type":"ListItem","position":1,"name":"Accueil","item":"https:\/\/vieassociative.be\/actualites\/"},{"@type":"ListItem","position":2,"name":"La barre de son Arc Sonos est de 250 $ de rabais"}]},{"@type":"WebSite","@id":"https:\/\/vieassociative.be\/actualites\/#website","url":"https:\/\/vieassociative.be\/actualites\/","name":"Vie Associative","description":"","publisher":{"@id":"https:\/\/vieassociative.be\/actualites\/#organization"},"potentialAction":[{"@type":"SearchAction","target":{"@type":"EntryPoint","urlTemplate":"https:\/\/vieassociative.be\/actualites\/?s={search_term_string}"},"query-input":{"@type":"PropertyValueSpecification","valueRequired":true,"valueName":"search_term_string"}}],"inLanguage":"fr-BE"},{"@type":"Organization","@id":"https:\/\/vieassociative.be\/actualites\/#organization","name":"Vie Associative","url":"https:\/\/vieassociative.be\/actualites\/","logo":{"@type":"ImageObject","inLanguage":"fr-BE","@id":"https:\/\/vieassociative.be\/actualites\/#\/schema\/logo\/image\/","url":"https:\/\/vieassociative.be\/actualites\/wp-content\/uploads\/2024\/09\/cropped-vieassociative_favicon.ico.png","contentUrl":"https:\/\/vieassociative.be\/actualites\/wp-content\/uploads\/2024\/09\/cropped-vieassociative_favicon.ico.png","width":512,"height":512,"caption":"Vie Associative"},"image":{"@id":"https:\/\/vieassociative.be\/actualites\/#\/schema\/logo\/image\/"}},{"@type":"Person","@id":"https:\/\/vieassociative.be\/actualites\/#\/schema\/person\/b87ac4f82f9d4e7b7cec7395b679edc4","name":"Julien","image":{"@type":"ImageObject","inLanguage":"fr-BE","@id":"https:\/\/vieassociative.be\/actualites\/#\/schema\/person\/image\/","url":"https:\/\/vieassociative.be\/actualites\/wp-content\/uploads\/2024\/09\/vie-associative-1-150x150.jpg","contentUrl":"https:\/\/vieassociative.be\/actualites\/wp-content\/uploads\/2024\/09\/vie-associative-1-150x150.jpg","caption":"Julien"},"description":"Je suis Julien, r\u00e9dacteur pour Vie Associative. Passionn\u00e9 par le monde associatif depuis plus de 10 ans, j'ai \u00e0 c\u0153ur de partager des histoires inspirantes et de mettre en lumi\u00e8re les initiatives locales. Mon objectif est de sensibiliser et d'encourager l'engagement communautaire \u00e0 travers mes articles.","sameAs":["https:\/\/vieassociative.be\/"]}]}},"_links":{"self":[{"href":"https:\/\/vieassociative.be\/actualites\/wp-json\/wp\/v2\/posts\/5551"}],"collection":[{"href":"https:\/\/vieassociative.be\/actualites\/wp-json\/wp\/v2\/posts"}],"about":[{"href":"https:\/\/vieassociative.be\/actualites\/wp-json\/wp\/v2\/types\/post"}],"author":[{"embeddable":true,"href":"https:\/\/vieassociative.be\/actualites\/wp-json\/wp\/v2\/users\/1"}],"replies":[{"embeddable":true,"href":"https:\/\/vieassociative.be\/actualites\/wp-json\/wp\/v2\/comments?post=5551"}],"version-history":[{"count":0,"href":"https:\/\/vieassociative.be\/actualites\/wp-json\/wp\/v2\/posts\/5551\/revisions"}],"wp:featuredmedia":[{"embeddable":true,"href":"https:\/\/vieassociative.be\/actualites\/wp-json\/wp\/v2\/media\/5552"}],"wp:attachment":[{"href":"https:\/\/vieassociative.be\/actualites\/wp-json\/wp\/v2\/media?parent=5551"}],"wp:term":[{"taxonomy":"category","embeddable":true,"href":"https:\/\/vieassociative.be\/actualites\/wp-json\/wp\/v2\/categories?post=5551"},{"taxonomy":"post_tag","embeddable":true,"href":"https:\/\/vieassociative.be\/actualites\/wp-json\/wp\/v2\/tags?post=5551"}],"curies":[{"name":"wp","href":"https:\/\/api.w.org\/{rel}","templated":true}]}}