{"id":5536,"date":"2025-03-02T03:18:07","date_gmt":"2025-03-02T02:18:07","guid":{"rendered":"https:\/\/vieassociative.be\/actualites\/les-imbeciles-peuvent-esperer-le-soleil-et-le-temps-doux\/"},"modified":"2025-03-02T03:18:07","modified_gmt":"2025-03-02T02:18:07","slug":"les-imbeciles-peuvent-esperer-le-soleil-et-le-temps-doux","status":"publish","type":"post","link":"https:\/\/vieassociative.be\/actualites\/les-imbeciles-peuvent-esperer-le-soleil-et-le-temps-doux\/","title":{"rendered":"Les imb\u00e9ciles peuvent esp\u00e9rer le soleil et le temps doux"},"content":{"rendered":"<p><strong>Tous les participants ravissent les pr\u00e9visions m\u00e9t\u00e9orologiques bon march\u00e9 pour les trains de carnaval sur Tulpens Sunday, Rose lundi et Veilchendienstag. Avec le d\u00e9but du printemps m\u00e9t\u00e9orologique le 1er mars, il sera ensoleill\u00e9 et plus doux.<\/strong><\/p>\n<p><span id=\"more-409531\"><\/span>Le long week-end du carnaval ne pouvait pas tomber mieux. Nous obtenons de plus en plus sous haute pression.<\/p>\n<div id=\"attachment_409543\" class=\"wp-caption alignleft\" style=\"max-width: 300px\"><img fetchpriority=\"high\" decoding=\"async\" class=\"wp-image-409543 size-medium\" src=\"https:\/\/vieassociative.be\/actualites\/wp-content\/uploads\/2025\/03\/Les-imbeciles-peuvent-esperer-le-soleil-et-le-temps-doux.jpg\" alt=\"\" width=\"300\" height=\"213\"  ><\/p>\n<p class=\"wp-caption-text\">Dans les prochains jours, nous serons sous l&rsquo;influence de la haute pression. Photo: @wetterkontor<\/p>\n<\/div>\n<p>Avec le soutien du Soleil, les temp\u00e9ratures grimpent de 8 \u00e0 12 degr\u00e9s lundi. Jusqu&rsquo;\u00e0 14 degr\u00e9s seront atteints mardi.<\/p>\n<p>Le temps ne fait pas obstacle aux jours stupides cette ann\u00e9e. Rose Monday peut briller jusqu&rsquo;\u00e0 8 heures. Les valeurs maximales quotidiennes varient entre neuf et douze degr\u00e9s.<\/p>\n<p>Il en va de m\u00eame: tout est possible. Sur le Veilchendienstag, rien ne change sur la m\u00e9t\u00e9o, il reste ensoleill\u00e9 et sans pluie. \u00c7a ne pouvait pas \u00eatre mieux.<\/p>\n<p>Avec la fin du carnaval le mercredi des cendres, le beau temps ne se termine pas. L&rsquo;inverse est le cas: dans la seconde moiti\u00e9 des vacances du carnaval, le mercure augmente m\u00eame \u00e0 15 degr\u00e9s. (Cre)<\/p>\n","protected":false},"excerpt":{"rendered":"<p>Tous les participants ravissent les pr\u00e9visions m\u00e9t\u00e9orologiques bon march\u00e9 pour les trains de carnaval sur Tulpens Sunday, Rose lundi et Veilchendienstag. Avec le d\u00e9but du<\/p>\n","protected":false},"author":1,"featured_media":5537,"comment_status":"","ping_status":"","sticky":false,"template":"","format":"standard","meta":{"footnotes":""},"categories":[298],"tags":[5636,5634,5633,14,293,5635,790],"class_list":["post-5536","post","type-post","status-publish","format-standard","has-post-thumbnail","hentry","category-belgique","tag-doux","tag-esperer","tag-imbeciles","tag-les","tag-peuvent","tag-soleil","tag-temps","generate-columns","tablet-grid-50","mobile-grid-100","grid-parent","grid-33"],"yoast_head":"<!-- This site is optimized with the Yoast SEO plugin v24.0 - https:\/\/yoast.com\/wordpress\/plugins\/seo\/ -->\n<title>Les imb\u00e9ciles peuvent esp\u00e9rer le soleil et le temps doux | Vie Associative<\/title>\n<meta name=\"robots\" content=\"index, follow, max-snippet:-1, max-image-preview:large, max-video-preview:-1\" \/>\n<link rel=\"canonical\" href=\"https:\/\/vieassociative.be\/actualites\/les-imbeciles-peuvent-esperer-le-soleil-et-le-temps-doux\/\" \/>\n<meta property=\"og:locale\" content=\"fr_FR\" \/>\n<meta property=\"og:type\" content=\"article\" \/>\n<meta property=\"og:title\" content=\"Les imb\u00e9ciles peuvent esp\u00e9rer le soleil et le temps doux | Vie Associative\" \/>\n<meta property=\"og:description\" content=\"Tous les participants ravissent les pr\u00e9visions m\u00e9t\u00e9orologiques bon march\u00e9 pour les trains de carnaval sur Tulpens Sunday, Rose lundi et Veilchendienstag. Avec le d\u00e9but du\" \/>\n<meta property=\"og:url\" content=\"https:\/\/vieassociative.be\/actualites\/les-imbeciles-peuvent-esperer-le-soleil-et-le-temps-doux\/\" \/>\n<meta property=\"og:site_name\" content=\"Vie Associative\" \/>\n<meta property=\"article:published_time\" content=\"2025-03-02T02:18:07+00:00\" \/>\n<meta property=\"og:image\" content=\"https:\/\/vieassociative.be\/actualites\/wp-content\/uploads\/2024\/09\/header_backgroundk-01-e1726694325946.png\" \/>\n\t<meta property=\"og:image:width\" content=\"279\" \/>\n\t<meta property=\"og:image:height\" content=\"92\" \/>\n\t<meta property=\"og:image:type\" content=\"image\/png\" \/>\n<meta name=\"author\" content=\"Julien\" \/>\n<meta name=\"twitter:card\" content=\"summary_large_image\" \/>\n<meta name=\"twitter:label1\" content=\"\u00c9crit par\" \/>\n\t<meta name=\"twitter:data1\" content=\"Julien\" \/>\n\t<meta name=\"twitter:label2\" content=\"Dur\u00e9e de lecture est.\" \/>\n\t<meta name=\"twitter:data2\" content=\"1 minute\" \/>\n<script type=\"application\/ld+json\" class=\"yoast-schema-graph\">{\"@context\":\"https:\/\/schema.org\",\"@graph\":[{\"@type\":\"Article\",\"@id\":\"https:\/\/vieassociative.be\/actualites\/les-imbeciles-peuvent-esperer-le-soleil-et-le-temps-doux\/#article\",\"isPartOf\":{\"@id\":\"https:\/\/vieassociative.be\/actualites\/les-imbeciles-peuvent-esperer-le-soleil-et-le-temps-doux\/\"},\"author\":{\"name\":\"Julien\",\"@id\":\"https:\/\/vieassociative.be\/actualites\/#\/schema\/person\/b87ac4f82f9d4e7b7cec7395b679edc4\"},\"headline\":\"Les imb\u00e9ciles peuvent esp\u00e9rer le soleil et le temps doux\",\"datePublished\":\"2025-03-02T02:18:07+00:00\",\"dateModified\":\"2025-03-02T02:18:07+00:00\",\"mainEntityOfPage\":{\"@id\":\"https:\/\/vieassociative.be\/actualites\/les-imbeciles-peuvent-esperer-le-soleil-et-le-temps-doux\/\"},\"wordCount\":205,\"publisher\":{\"@id\":\"https:\/\/vieassociative.be\/actualites\/#organization\"},\"image\":{\"@id\":\"https:\/\/vieassociative.be\/actualites\/les-imbeciles-peuvent-esperer-le-soleil-et-le-temps-doux\/#primaryimage\"},\"thumbnailUrl\":\"https:\/\/vieassociative.be\/actualites\/wp-content\/uploads\/2025\/03\/1740881887_Les-imbeciles-peuvent-esperer-le-soleil-et-le-temps-doux.jpg\",\"keywords\":[\"doux\",\"esp\u00e9rer\",\"imb\u00e9ciles\",\"Les\",\"peuvent\",\"soleil\",\"temps\"],\"articleSection\":[\"Belgique\"],\"inLanguage\":\"fr-BE\"},{\"@type\":\"WebPage\",\"@id\":\"https:\/\/vieassociative.be\/actualites\/les-imbeciles-peuvent-esperer-le-soleil-et-le-temps-doux\/\",\"url\":\"https:\/\/vieassociative.be\/actualites\/les-imbeciles-peuvent-esperer-le-soleil-et-le-temps-doux\/\",\"name\":\"Les imb\u00e9ciles peuvent esp\u00e9rer le soleil et le temps doux | Vie Associative\",\"isPartOf\":{\"@id\":\"https:\/\/vieassociative.be\/actualites\/#website\"},\"primaryImageOfPage\":{\"@id\":\"https:\/\/vieassociative.be\/actualites\/les-imbeciles-peuvent-esperer-le-soleil-et-le-temps-doux\/#primaryimage\"},\"image\":{\"@id\":\"https:\/\/vieassociative.be\/actualites\/les-imbeciles-peuvent-esperer-le-soleil-et-le-temps-doux\/#primaryimage\"},\"thumbnailUrl\":\"https:\/\/vieassociative.be\/actualites\/wp-content\/uploads\/2025\/03\/1740881887_Les-imbeciles-peuvent-esperer-le-soleil-et-le-temps-doux.jpg\",\"datePublished\":\"2025-03-02T02:18:07+00:00\",\"dateModified\":\"2025-03-02T02:18:07+00:00\",\"breadcrumb\":{\"@id\":\"https:\/\/vieassociative.be\/actualites\/les-imbeciles-peuvent-esperer-le-soleil-et-le-temps-doux\/#breadcrumb\"},\"inLanguage\":\"fr-BE\",\"potentialAction\":[{\"@type\":\"ReadAction\",\"target\":[\"https:\/\/vieassociative.be\/actualites\/les-imbeciles-peuvent-esperer-le-soleil-et-le-temps-doux\/\"]}]},{\"@type\":\"ImageObject\",\"inLanguage\":\"fr-BE\",\"@id\":\"https:\/\/vieassociative.be\/actualites\/les-imbeciles-peuvent-esperer-le-soleil-et-le-temps-doux\/#primaryimage\",\"url\":\"https:\/\/vieassociative.be\/actualites\/wp-content\/uploads\/2025\/03\/1740881887_Les-imbeciles-peuvent-esperer-le-soleil-et-le-temps-doux.jpg\",\"contentUrl\":\"https:\/\/vieassociative.be\/actualites\/wp-content\/uploads\/2025\/03\/1740881887_Les-imbeciles-peuvent-esperer-le-soleil-et-le-temps-doux.jpg\",\"width\":900,\"height\":450,\"caption\":\"Les imb\u00e9ciles peuvent esp\u00e9rer le soleil et le temps doux\"},{\"@type\":\"BreadcrumbList\",\"@id\":\"https:\/\/vieassociative.be\/actualites\/les-imbeciles-peuvent-esperer-le-soleil-et-le-temps-doux\/#breadcrumb\",\"itemListElement\":[{\"@type\":\"ListItem\",\"position\":1,\"name\":\"Accueil\",\"item\":\"https:\/\/vieassociative.be\/actualites\/\"},{\"@type\":\"ListItem\",\"position\":2,\"name\":\"Les imb\u00e9ciles peuvent esp\u00e9rer le soleil et le temps doux\"}]},{\"@type\":\"WebSite\",\"@id\":\"https:\/\/vieassociative.be\/actualites\/#website\",\"url\":\"https:\/\/vieassociative.be\/actualites\/\",\"name\":\"Vie Associative\",\"description\":\"\",\"publisher\":{\"@id\":\"https:\/\/vieassociative.be\/actualites\/#organization\"},\"potentialAction\":[{\"@type\":\"SearchAction\",\"target\":{\"@type\":\"EntryPoint\",\"urlTemplate\":\"https:\/\/vieassociative.be\/actualites\/?s={search_term_string}\"},\"query-input\":{\"@type\":\"PropertyValueSpecification\",\"valueRequired\":true,\"valueName\":\"search_term_string\"}}],\"inLanguage\":\"fr-BE\"},{\"@type\":\"Organization\",\"@id\":\"https:\/\/vieassociative.be\/actualites\/#organization\",\"name\":\"Vie Associative\",\"url\":\"https:\/\/vieassociative.be\/actualites\/\",\"logo\":{\"@type\":\"ImageObject\",\"inLanguage\":\"fr-BE\",\"@id\":\"https:\/\/vieassociative.be\/actualites\/#\/schema\/logo\/image\/\",\"url\":\"https:\/\/vieassociative.be\/actualites\/wp-content\/uploads\/2024\/09\/cropped-vieassociative_favicon.ico.png\",\"contentUrl\":\"https:\/\/vieassociative.be\/actualites\/wp-content\/uploads\/2024\/09\/cropped-vieassociative_favicon.ico.png\",\"width\":512,\"height\":512,\"caption\":\"Vie Associative\"},\"image\":{\"@id\":\"https:\/\/vieassociative.be\/actualites\/#\/schema\/logo\/image\/\"}},{\"@type\":\"Person\",\"@id\":\"https:\/\/vieassociative.be\/actualites\/#\/schema\/person\/b87ac4f82f9d4e7b7cec7395b679edc4\",\"name\":\"Julien\",\"image\":{\"@type\":\"ImageObject\",\"inLanguage\":\"fr-BE\",\"@id\":\"https:\/\/vieassociative.be\/actualites\/#\/schema\/person\/image\/\",\"url\":\"https:\/\/vieassociative.be\/actualites\/wp-content\/uploads\/2024\/09\/vie-associative-1-150x150.jpg\",\"contentUrl\":\"https:\/\/vieassociative.be\/actualites\/wp-content\/uploads\/2024\/09\/vie-associative-1-150x150.jpg\",\"caption\":\"Julien\"},\"description\":\"Je suis Julien, r\u00e9dacteur pour Vie Associative. Passionn\u00e9 par le monde associatif depuis plus de 10 ans, j'ai \u00e0 c\u0153ur de partager des histoires inspirantes et de mettre en lumi\u00e8re les initiatives locales. Mon objectif est de sensibiliser et d'encourager l'engagement communautaire \u00e0 travers mes articles.\",\"sameAs\":[\"https:\/\/vieassociative.be\/\"]}]}<\/script>\n<!-- \/ Yoast SEO plugin. -->","yoast_head_json":{"title":"Les imb\u00e9ciles peuvent esp\u00e9rer le soleil et le temps doux | Vie Associative","robots":{"index":"index","follow":"follow","max-snippet":"max-snippet:-1","max-image-preview":"max-image-preview:large","max-video-preview":"max-video-preview:-1"},"canonical":"https:\/\/vieassociative.be\/actualites\/les-imbeciles-peuvent-esperer-le-soleil-et-le-temps-doux\/","og_locale":"fr_FR","og_type":"article","og_title":"Les imb\u00e9ciles peuvent esp\u00e9rer le soleil et le temps doux | Vie Associative","og_description":"Tous les participants ravissent les pr\u00e9visions m\u00e9t\u00e9orologiques bon march\u00e9 pour les trains de carnaval sur Tulpens Sunday, Rose lundi et Veilchendienstag. Avec le d\u00e9but du","og_url":"https:\/\/vieassociative.be\/actualites\/les-imbeciles-peuvent-esperer-le-soleil-et-le-temps-doux\/","og_site_name":"Vie Associative","article_published_time":"2025-03-02T02:18:07+00:00","og_image":[{"width":279,"height":92,"url":"https:\/\/vieassociative.be\/actualites\/wp-content\/uploads\/2024\/09\/header_backgroundk-01-e1726694325946.png","type":"image\/png"}],"author":"Julien","twitter_card":"summary_large_image","twitter_misc":{"\u00c9crit par":"Julien","Dur\u00e9e de lecture est.":"1 minute"},"schema":{"@context":"https:\/\/schema.org","@graph":[{"@type":"Article","@id":"https:\/\/vieassociative.be\/actualites\/les-imbeciles-peuvent-esperer-le-soleil-et-le-temps-doux\/#article","isPartOf":{"@id":"https:\/\/vieassociative.be\/actualites\/les-imbeciles-peuvent-esperer-le-soleil-et-le-temps-doux\/"},"author":{"name":"Julien","@id":"https:\/\/vieassociative.be\/actualites\/#\/schema\/person\/b87ac4f82f9d4e7b7cec7395b679edc4"},"headline":"Les imb\u00e9ciles peuvent esp\u00e9rer le soleil et le temps doux","datePublished":"2025-03-02T02:18:07+00:00","dateModified":"2025-03-02T02:18:07+00:00","mainEntityOfPage":{"@id":"https:\/\/vieassociative.be\/actualites\/les-imbeciles-peuvent-esperer-le-soleil-et-le-temps-doux\/"},"wordCount":205,"publisher":{"@id":"https:\/\/vieassociative.be\/actualites\/#organization"},"image":{"@id":"https:\/\/vieassociative.be\/actualites\/les-imbeciles-peuvent-esperer-le-soleil-et-le-temps-doux\/#primaryimage"},"thumbnailUrl":"https:\/\/vieassociative.be\/actualites\/wp-content\/uploads\/2025\/03\/1740881887_Les-imbeciles-peuvent-esperer-le-soleil-et-le-temps-doux.jpg","keywords":["doux","esp\u00e9rer","imb\u00e9ciles","Les","peuvent","soleil","temps"],"articleSection":["Belgique"],"inLanguage":"fr-BE"},{"@type":"WebPage","@id":"https:\/\/vieassociative.be\/actualites\/les-imbeciles-peuvent-esperer-le-soleil-et-le-temps-doux\/","url":"https:\/\/vieassociative.be\/actualites\/les-imbeciles-peuvent-esperer-le-soleil-et-le-temps-doux\/","name":"Les imb\u00e9ciles peuvent esp\u00e9rer le soleil et le temps doux | Vie Associative","isPartOf":{"@id":"https:\/\/vieassociative.be\/actualites\/#website"},"primaryImageOfPage":{"@id":"https:\/\/vieassociative.be\/actualites\/les-imbeciles-peuvent-esperer-le-soleil-et-le-temps-doux\/#primaryimage"},"image":{"@id":"https:\/\/vieassociative.be\/actualites\/les-imbeciles-peuvent-esperer-le-soleil-et-le-temps-doux\/#primaryimage"},"thumbnailUrl":"https:\/\/vieassociative.be\/actualites\/wp-content\/uploads\/2025\/03\/1740881887_Les-imbeciles-peuvent-esperer-le-soleil-et-le-temps-doux.jpg","datePublished":"2025-03-02T02:18:07+00:00","dateModified":"2025-03-02T02:18:07+00:00","breadcrumb":{"@id":"https:\/\/vieassociative.be\/actualites\/les-imbeciles-peuvent-esperer-le-soleil-et-le-temps-doux\/#breadcrumb"},"inLanguage":"fr-BE","potentialAction":[{"@type":"ReadAction","target":["https:\/\/vieassociative.be\/actualites\/les-imbeciles-peuvent-esperer-le-soleil-et-le-temps-doux\/"]}]},{"@type":"ImageObject","inLanguage":"fr-BE","@id":"https:\/\/vieassociative.be\/actualites\/les-imbeciles-peuvent-esperer-le-soleil-et-le-temps-doux\/#primaryimage","url":"https:\/\/vieassociative.be\/actualites\/wp-content\/uploads\/2025\/03\/1740881887_Les-imbeciles-peuvent-esperer-le-soleil-et-le-temps-doux.jpg","contentUrl":"https:\/\/vieassociative.be\/actualites\/wp-content\/uploads\/2025\/03\/1740881887_Les-imbeciles-peuvent-esperer-le-soleil-et-le-temps-doux.jpg","width":900,"height":450,"caption":"Les imb\u00e9ciles peuvent esp\u00e9rer le soleil et le temps doux"},{"@type":"BreadcrumbList","@id":"https:\/\/vieassociative.be\/actualites\/les-imbeciles-peuvent-esperer-le-soleil-et-le-temps-doux\/#breadcrumb","itemListElement":[{"@type":"ListItem","position":1,"name":"Accueil","item":"https:\/\/vieassociative.be\/actualites\/"},{"@type":"ListItem","position":2,"name":"Les imb\u00e9ciles peuvent esp\u00e9rer le soleil et le temps doux"}]},{"@type":"WebSite","@id":"https:\/\/vieassociative.be\/actualites\/#website","url":"https:\/\/vieassociative.be\/actualites\/","name":"Vie Associative","description":"","publisher":{"@id":"https:\/\/vieassociative.be\/actualites\/#organization"},"potentialAction":[{"@type":"SearchAction","target":{"@type":"EntryPoint","urlTemplate":"https:\/\/vieassociative.be\/actualites\/?s={search_term_string}"},"query-input":{"@type":"PropertyValueSpecification","valueRequired":true,"valueName":"search_term_string"}}],"inLanguage":"fr-BE"},{"@type":"Organization","@id":"https:\/\/vieassociative.be\/actualites\/#organization","name":"Vie Associative","url":"https:\/\/vieassociative.be\/actualites\/","logo":{"@type":"ImageObject","inLanguage":"fr-BE","@id":"https:\/\/vieassociative.be\/actualites\/#\/schema\/logo\/image\/","url":"https:\/\/vieassociative.be\/actualites\/wp-content\/uploads\/2024\/09\/cropped-vieassociative_favicon.ico.png","contentUrl":"https:\/\/vieassociative.be\/actualites\/wp-content\/uploads\/2024\/09\/cropped-vieassociative_favicon.ico.png","width":512,"height":512,"caption":"Vie Associative"},"image":{"@id":"https:\/\/vieassociative.be\/actualites\/#\/schema\/logo\/image\/"}},{"@type":"Person","@id":"https:\/\/vieassociative.be\/actualites\/#\/schema\/person\/b87ac4f82f9d4e7b7cec7395b679edc4","name":"Julien","image":{"@type":"ImageObject","inLanguage":"fr-BE","@id":"https:\/\/vieassociative.be\/actualites\/#\/schema\/person\/image\/","url":"https:\/\/vieassociative.be\/actualites\/wp-content\/uploads\/2024\/09\/vie-associative-1-150x150.jpg","contentUrl":"https:\/\/vieassociative.be\/actualites\/wp-content\/uploads\/2024\/09\/vie-associative-1-150x150.jpg","caption":"Julien"},"description":"Je suis Julien, r\u00e9dacteur pour Vie Associative. Passionn\u00e9 par le monde associatif depuis plus de 10 ans, j'ai \u00e0 c\u0153ur de partager des histoires inspirantes et de mettre en lumi\u00e8re les initiatives locales. Mon objectif est de sensibiliser et d'encourager l'engagement communautaire \u00e0 travers mes articles.","sameAs":["https:\/\/vieassociative.be\/"]}]}},"_links":{"self":[{"href":"https:\/\/vieassociative.be\/actualites\/wp-json\/wp\/v2\/posts\/5536"}],"collection":[{"href":"https:\/\/vieassociative.be\/actualites\/wp-json\/wp\/v2\/posts"}],"about":[{"href":"https:\/\/vieassociative.be\/actualites\/wp-json\/wp\/v2\/types\/post"}],"author":[{"embeddable":true,"href":"https:\/\/vieassociative.be\/actualites\/wp-json\/wp\/v2\/users\/1"}],"replies":[{"embeddable":true,"href":"https:\/\/vieassociative.be\/actualites\/wp-json\/wp\/v2\/comments?post=5536"}],"version-history":[{"count":0,"href":"https:\/\/vieassociative.be\/actualites\/wp-json\/wp\/v2\/posts\/5536\/revisions"}],"wp:featuredmedia":[{"embeddable":true,"href":"https:\/\/vieassociative.be\/actualites\/wp-json\/wp\/v2\/media\/5537"}],"wp:attachment":[{"href":"https:\/\/vieassociative.be\/actualites\/wp-json\/wp\/v2\/media?parent=5536"}],"wp:term":[{"taxonomy":"category","embeddable":true,"href":"https:\/\/vieassociative.be\/actualites\/wp-json\/wp\/v2\/categories?post=5536"},{"taxonomy":"post_tag","embeddable":true,"href":"https:\/\/vieassociative.be\/actualites\/wp-json\/wp\/v2\/tags?post=5536"}],"curies":[{"name":"wp","href":"https:\/\/api.w.org\/{rel}","templated":true}]}}