{"id":5533,"date":"2025-03-02T01:17:04","date_gmt":"2025-03-02T00:17:04","guid":{"rendered":"https:\/\/vieassociative.be\/actualites\/quoi-de-neuf-sur-prime-video-en-mars-2025\/"},"modified":"2025-03-02T01:17:04","modified_gmt":"2025-03-02T00:17:04","slug":"quoi-de-neuf-sur-prime-video-en-mars-2025","status":"publish","type":"post","link":"https:\/\/vieassociative.be\/actualites\/quoi-de-neuf-sur-prime-video-en-mars-2025\/","title":{"rendered":"Quoi de neuf sur Prime Video en mars 2025"},"content":{"rendered":"<div class=\"mt-4 leading-6 md:mb-8\">Nouvelles saisons de \u00abThe Wheel of Time\u00bb et \u00abBosch: Legacy\u00bb, plus \u00abHolland\u00bb avec Nicole Kidman.<\/div>\n<p><\/p>\n<p>Prime Video a de nouveaux versements de deux s\u00e9ries famili\u00e8res \u00e0 venir en mars. <\/p>\n<p>Le premier est la saison trois de <em>La roue du temps<\/em> (13 mars), une adaptation des livres fantastiques de Robert Jordan du m\u00eame nom. Rosamund Pike incarne la sorci\u00e8re Moiraine Damodred, membre du puissant Aes Sedai. La saison s&rsquo;ouvre sur une bataille magique entre les membres de la commande &#8211; les avis de trois \u00e9pisodes obtiendront une premi\u00e8re de trois \u00e9pisodes avec cinq \u00e9pisodes hebdomadaires \u00e0 suivre. <\/p>\n<p>Aussi dans sa troisi\u00e8me saison est \u00e9galement <em>Bosch: h\u00e9ritage<\/em> (27 mars) &#8211; \u00e9galement une adaptation, cette \u00e9poque des romans criminels de Michael Connolly. Une suite de Prime Video Hit <em>Bosch<\/em>la s\u00e9rie a \u00e9t\u00e9 initialement annul\u00e9e apr\u00e8s sa deuxi\u00e8me saison, mais a \u00e9t\u00e9 relanc\u00e9e pour un troisi\u00e8me et dernier \u00e9pisode. Titus Welliver reprend son r\u00f4le d&rsquo;ancien d\u00e9tective du LAPD, Harry Bosch, travaillant pour r\u00e9soudre son dernier cas. <\/p>\n<p>Prime Video est \u00e9galement publi\u00e9 <em>Hollande<\/em> (27 mars), un thriller myst\u00e8re avec Nicole Kidman en tant que professeur et femme au foyer dans une ville idyllique du Michigan, o\u00f9 les myst\u00e8res et les secrets commencent \u00e0 d\u00e9m\u00ealer sa vie. Le film met \u00e9galement en vedette Matthew Macfadyen (de <em>Succession<\/em>) En tant que mari de Kidman et Gael Garc\u00eda Bernal comme son amie proche.<\/p>\n<div class=\"mx-auto mt-8 w-full max-w-4xl\">\n<div id=\"video-container-IJm3LHoqdA4\"><\/div>\n<\/div>\n<p>Voici tous les originaux qui viennent \u00e0 Prime Video en mars.<\/p>\n<h2 id=\"whats-coming-to-prime-video-in-march-2025\">Qu&rsquo;est-ce qui arrive \u00e0 Prime Video en mars 2025<\/h2>\n<h3>Disponible le 6 mars<\/h3>\n<ul>\n<li>\n<p><em>Pour la victoire: NWSL<\/em><\/p>\n<\/li>\n<li>\n<p><em>Imaginez ce<\/em><\/p>\n<\/li>\n<\/ul>\n<h3>Disponible le 13 mars<\/h3>\n<ul>\n<li>\n<p><em>La roue du temps<\/em> S3<\/p>\n<\/li>\n<\/ul>\n<h3>Disponible le 20 mars<\/h3>\n<ul>\n<li>\n<p><em>La duplicit\u00e9 de Tyler Perry<\/em><\/p>\n<\/li>\n<\/ul>\n<h3>Disponible le 27 mars<\/h3>\n<ul>\n<li>\n<p><em>Bosch: h\u00e9ritage<\/em> S3<\/p>\n<\/li>\n<li>\n<p><em>Hollande<\/em><\/p>\n<\/li>\n<\/ul>\n","protected":false},"excerpt":{"rendered":"<p>Nouvelles saisons de \u00abThe Wheel of Time\u00bb et \u00abBosch: Legacy\u00bb, plus \u00abHolland\u00bb avec Nicole Kidman. Prime Video a de nouveaux versements de deux s\u00e9ries famili\u00e8res<\/p>\n","protected":false},"author":1,"featured_media":5534,"comment_status":"","ping_status":"","sticky":false,"template":"","format":"standard","meta":{"footnotes":""},"categories":[36],"tags":[3221,437,346,202,33,1204],"class_list":["post-5533","post","type-post","status-publish","format-standard","has-post-thumbnail","hentry","category-divertissement","tag-mars","tag-neuf","tag-prime","tag-quoi","tag-sur","tag-video","generate-columns","tablet-grid-50","mobile-grid-100","grid-parent","grid-33"],"yoast_head":"<!-- This site is optimized with the Yoast SEO plugin v24.0 - https:\/\/yoast.com\/wordpress\/plugins\/seo\/ -->\n<title>Quoi de neuf sur Prime Video en mars 2025 | Vie Associative<\/title>\n<meta name=\"robots\" content=\"index, follow, max-snippet:-1, max-image-preview:large, max-video-preview:-1\" \/>\n<link rel=\"canonical\" href=\"https:\/\/vieassociative.be\/actualites\/quoi-de-neuf-sur-prime-video-en-mars-2025\/\" \/>\n<meta property=\"og:locale\" content=\"fr_FR\" \/>\n<meta property=\"og:type\" content=\"article\" \/>\n<meta property=\"og:title\" content=\"Quoi de neuf sur Prime Video en mars 2025 | Vie Associative\" \/>\n<meta property=\"og:description\" content=\"Nouvelles saisons de \u00abThe Wheel of Time\u00bb et \u00abBosch: Legacy\u00bb, plus \u00abHolland\u00bb avec Nicole Kidman. Prime Video a de nouveaux versements de deux s\u00e9ries famili\u00e8res\" \/>\n<meta property=\"og:url\" content=\"https:\/\/vieassociative.be\/actualites\/quoi-de-neuf-sur-prime-video-en-mars-2025\/\" \/>\n<meta property=\"og:site_name\" content=\"Vie Associative\" \/>\n<meta property=\"article:published_time\" content=\"2025-03-02T00:17:04+00:00\" \/>\n<meta property=\"og:image\" content=\"https:\/\/vieassociative.be\/actualites\/wp-content\/uploads\/2024\/09\/header_backgroundk-01-e1726694325946.png\" \/>\n\t<meta property=\"og:image:width\" content=\"279\" \/>\n\t<meta property=\"og:image:height\" content=\"92\" \/>\n\t<meta property=\"og:image:type\" content=\"image\/png\" \/>\n<meta name=\"author\" content=\"Julien\" \/>\n<meta name=\"twitter:card\" content=\"summary_large_image\" \/>\n<meta name=\"twitter:label1\" content=\"\u00c9crit par\" \/>\n\t<meta name=\"twitter:data1\" content=\"Julien\" \/>\n\t<meta name=\"twitter:label2\" content=\"Dur\u00e9e de lecture est.\" \/>\n\t<meta name=\"twitter:data2\" content=\"1 minute\" \/>\n<script type=\"application\/ld+json\" class=\"yoast-schema-graph\">{\"@context\":\"https:\/\/schema.org\",\"@graph\":[{\"@type\":\"Article\",\"@id\":\"https:\/\/vieassociative.be\/actualites\/quoi-de-neuf-sur-prime-video-en-mars-2025\/#article\",\"isPartOf\":{\"@id\":\"https:\/\/vieassociative.be\/actualites\/quoi-de-neuf-sur-prime-video-en-mars-2025\/\"},\"author\":{\"name\":\"Julien\",\"@id\":\"https:\/\/vieassociative.be\/actualites\/#\/schema\/person\/b87ac4f82f9d4e7b7cec7395b679edc4\"},\"headline\":\"Quoi de neuf sur Prime Video en mars 2025\",\"datePublished\":\"2025-03-02T00:17:04+00:00\",\"dateModified\":\"2025-03-02T00:17:04+00:00\",\"mainEntityOfPage\":{\"@id\":\"https:\/\/vieassociative.be\/actualites\/quoi-de-neuf-sur-prime-video-en-mars-2025\/\"},\"wordCount\":301,\"publisher\":{\"@id\":\"https:\/\/vieassociative.be\/actualites\/#organization\"},\"image\":{\"@id\":\"https:\/\/vieassociative.be\/actualites\/quoi-de-neuf-sur-prime-video-en-mars-2025\/#primaryimage\"},\"thumbnailUrl\":\"https:\/\/vieassociative.be\/actualites\/wp-content\/uploads\/2025\/03\/Quoi-de-neuf-sur-Prime-Video-en-mars-2025.png\",\"keywords\":[\"mars\",\"Neuf\",\"Prime\",\"quoi\",\"sur\",\"vid\u00e9o\"],\"articleSection\":[\"Divertissement\"],\"inLanguage\":\"fr-BE\"},{\"@type\":\"WebPage\",\"@id\":\"https:\/\/vieassociative.be\/actualites\/quoi-de-neuf-sur-prime-video-en-mars-2025\/\",\"url\":\"https:\/\/vieassociative.be\/actualites\/quoi-de-neuf-sur-prime-video-en-mars-2025\/\",\"name\":\"Quoi de neuf sur Prime Video en mars 2025 | Vie Associative\",\"isPartOf\":{\"@id\":\"https:\/\/vieassociative.be\/actualites\/#website\"},\"primaryImageOfPage\":{\"@id\":\"https:\/\/vieassociative.be\/actualites\/quoi-de-neuf-sur-prime-video-en-mars-2025\/#primaryimage\"},\"image\":{\"@id\":\"https:\/\/vieassociative.be\/actualites\/quoi-de-neuf-sur-prime-video-en-mars-2025\/#primaryimage\"},\"thumbnailUrl\":\"https:\/\/vieassociative.be\/actualites\/wp-content\/uploads\/2025\/03\/Quoi-de-neuf-sur-Prime-Video-en-mars-2025.png\",\"datePublished\":\"2025-03-02T00:17:04+00:00\",\"dateModified\":\"2025-03-02T00:17:04+00:00\",\"breadcrumb\":{\"@id\":\"https:\/\/vieassociative.be\/actualites\/quoi-de-neuf-sur-prime-video-en-mars-2025\/#breadcrumb\"},\"inLanguage\":\"fr-BE\",\"potentialAction\":[{\"@type\":\"ReadAction\",\"target\":[\"https:\/\/vieassociative.be\/actualites\/quoi-de-neuf-sur-prime-video-en-mars-2025\/\"]}]},{\"@type\":\"ImageObject\",\"inLanguage\":\"fr-BE\",\"@id\":\"https:\/\/vieassociative.be\/actualites\/quoi-de-neuf-sur-prime-video-en-mars-2025\/#primaryimage\",\"url\":\"https:\/\/vieassociative.be\/actualites\/wp-content\/uploads\/2025\/03\/Quoi-de-neuf-sur-Prime-Video-en-mars-2025.png\",\"contentUrl\":\"https:\/\/vieassociative.be\/actualites\/wp-content\/uploads\/2025\/03\/Quoi-de-neuf-sur-Prime-Video-en-mars-2025.png\",\"width\":1200,\"height\":675,\"caption\":\"Quoi de neuf sur Prime Video en mars 2025\"},{\"@type\":\"BreadcrumbList\",\"@id\":\"https:\/\/vieassociative.be\/actualites\/quoi-de-neuf-sur-prime-video-en-mars-2025\/#breadcrumb\",\"itemListElement\":[{\"@type\":\"ListItem\",\"position\":1,\"name\":\"Accueil\",\"item\":\"https:\/\/vieassociative.be\/actualites\/\"},{\"@type\":\"ListItem\",\"position\":2,\"name\":\"Quoi de neuf sur Prime Video en mars 2025\"}]},{\"@type\":\"WebSite\",\"@id\":\"https:\/\/vieassociative.be\/actualites\/#website\",\"url\":\"https:\/\/vieassociative.be\/actualites\/\",\"name\":\"Vie Associative\",\"description\":\"\",\"publisher\":{\"@id\":\"https:\/\/vieassociative.be\/actualites\/#organization\"},\"potentialAction\":[{\"@type\":\"SearchAction\",\"target\":{\"@type\":\"EntryPoint\",\"urlTemplate\":\"https:\/\/vieassociative.be\/actualites\/?s={search_term_string}\"},\"query-input\":{\"@type\":\"PropertyValueSpecification\",\"valueRequired\":true,\"valueName\":\"search_term_string\"}}],\"inLanguage\":\"fr-BE\"},{\"@type\":\"Organization\",\"@id\":\"https:\/\/vieassociative.be\/actualites\/#organization\",\"name\":\"Vie Associative\",\"url\":\"https:\/\/vieassociative.be\/actualites\/\",\"logo\":{\"@type\":\"ImageObject\",\"inLanguage\":\"fr-BE\",\"@id\":\"https:\/\/vieassociative.be\/actualites\/#\/schema\/logo\/image\/\",\"url\":\"https:\/\/vieassociative.be\/actualites\/wp-content\/uploads\/2024\/09\/cropped-vieassociative_favicon.ico.png\",\"contentUrl\":\"https:\/\/vieassociative.be\/actualites\/wp-content\/uploads\/2024\/09\/cropped-vieassociative_favicon.ico.png\",\"width\":512,\"height\":512,\"caption\":\"Vie Associative\"},\"image\":{\"@id\":\"https:\/\/vieassociative.be\/actualites\/#\/schema\/logo\/image\/\"}},{\"@type\":\"Person\",\"@id\":\"https:\/\/vieassociative.be\/actualites\/#\/schema\/person\/b87ac4f82f9d4e7b7cec7395b679edc4\",\"name\":\"Julien\",\"image\":{\"@type\":\"ImageObject\",\"inLanguage\":\"fr-BE\",\"@id\":\"https:\/\/vieassociative.be\/actualites\/#\/schema\/person\/image\/\",\"url\":\"https:\/\/vieassociative.be\/actualites\/wp-content\/uploads\/2024\/09\/vie-associative-1-150x150.jpg\",\"contentUrl\":\"https:\/\/vieassociative.be\/actualites\/wp-content\/uploads\/2024\/09\/vie-associative-1-150x150.jpg\",\"caption\":\"Julien\"},\"description\":\"Je suis Julien, r\u00e9dacteur pour Vie Associative. Passionn\u00e9 par le monde associatif depuis plus de 10 ans, j'ai \u00e0 c\u0153ur de partager des histoires inspirantes et de mettre en lumi\u00e8re les initiatives locales. Mon objectif est de sensibiliser et d'encourager l'engagement communautaire \u00e0 travers mes articles.\",\"sameAs\":[\"https:\/\/vieassociative.be\/\"]}]}<\/script>\n<!-- \/ Yoast SEO plugin. -->","yoast_head_json":{"title":"Quoi de neuf sur Prime Video en mars 2025 | Vie Associative","robots":{"index":"index","follow":"follow","max-snippet":"max-snippet:-1","max-image-preview":"max-image-preview:large","max-video-preview":"max-video-preview:-1"},"canonical":"https:\/\/vieassociative.be\/actualites\/quoi-de-neuf-sur-prime-video-en-mars-2025\/","og_locale":"fr_FR","og_type":"article","og_title":"Quoi de neuf sur Prime Video en mars 2025 | Vie Associative","og_description":"Nouvelles saisons de \u00abThe Wheel of Time\u00bb et \u00abBosch: Legacy\u00bb, plus \u00abHolland\u00bb avec Nicole Kidman. Prime Video a de nouveaux versements de deux s\u00e9ries famili\u00e8res","og_url":"https:\/\/vieassociative.be\/actualites\/quoi-de-neuf-sur-prime-video-en-mars-2025\/","og_site_name":"Vie Associative","article_published_time":"2025-03-02T00:17:04+00:00","og_image":[{"width":279,"height":92,"url":"https:\/\/vieassociative.be\/actualites\/wp-content\/uploads\/2024\/09\/header_backgroundk-01-e1726694325946.png","type":"image\/png"}],"author":"Julien","twitter_card":"summary_large_image","twitter_misc":{"\u00c9crit par":"Julien","Dur\u00e9e de lecture est.":"1 minute"},"schema":{"@context":"https:\/\/schema.org","@graph":[{"@type":"Article","@id":"https:\/\/vieassociative.be\/actualites\/quoi-de-neuf-sur-prime-video-en-mars-2025\/#article","isPartOf":{"@id":"https:\/\/vieassociative.be\/actualites\/quoi-de-neuf-sur-prime-video-en-mars-2025\/"},"author":{"name":"Julien","@id":"https:\/\/vieassociative.be\/actualites\/#\/schema\/person\/b87ac4f82f9d4e7b7cec7395b679edc4"},"headline":"Quoi de neuf sur Prime Video en mars 2025","datePublished":"2025-03-02T00:17:04+00:00","dateModified":"2025-03-02T00:17:04+00:00","mainEntityOfPage":{"@id":"https:\/\/vieassociative.be\/actualites\/quoi-de-neuf-sur-prime-video-en-mars-2025\/"},"wordCount":301,"publisher":{"@id":"https:\/\/vieassociative.be\/actualites\/#organization"},"image":{"@id":"https:\/\/vieassociative.be\/actualites\/quoi-de-neuf-sur-prime-video-en-mars-2025\/#primaryimage"},"thumbnailUrl":"https:\/\/vieassociative.be\/actualites\/wp-content\/uploads\/2025\/03\/Quoi-de-neuf-sur-Prime-Video-en-mars-2025.png","keywords":["mars","Neuf","Prime","quoi","sur","vid\u00e9o"],"articleSection":["Divertissement"],"inLanguage":"fr-BE"},{"@type":"WebPage","@id":"https:\/\/vieassociative.be\/actualites\/quoi-de-neuf-sur-prime-video-en-mars-2025\/","url":"https:\/\/vieassociative.be\/actualites\/quoi-de-neuf-sur-prime-video-en-mars-2025\/","name":"Quoi de neuf sur Prime Video en mars 2025 | Vie Associative","isPartOf":{"@id":"https:\/\/vieassociative.be\/actualites\/#website"},"primaryImageOfPage":{"@id":"https:\/\/vieassociative.be\/actualites\/quoi-de-neuf-sur-prime-video-en-mars-2025\/#primaryimage"},"image":{"@id":"https:\/\/vieassociative.be\/actualites\/quoi-de-neuf-sur-prime-video-en-mars-2025\/#primaryimage"},"thumbnailUrl":"https:\/\/vieassociative.be\/actualites\/wp-content\/uploads\/2025\/03\/Quoi-de-neuf-sur-Prime-Video-en-mars-2025.png","datePublished":"2025-03-02T00:17:04+00:00","dateModified":"2025-03-02T00:17:04+00:00","breadcrumb":{"@id":"https:\/\/vieassociative.be\/actualites\/quoi-de-neuf-sur-prime-video-en-mars-2025\/#breadcrumb"},"inLanguage":"fr-BE","potentialAction":[{"@type":"ReadAction","target":["https:\/\/vieassociative.be\/actualites\/quoi-de-neuf-sur-prime-video-en-mars-2025\/"]}]},{"@type":"ImageObject","inLanguage":"fr-BE","@id":"https:\/\/vieassociative.be\/actualites\/quoi-de-neuf-sur-prime-video-en-mars-2025\/#primaryimage","url":"https:\/\/vieassociative.be\/actualites\/wp-content\/uploads\/2025\/03\/Quoi-de-neuf-sur-Prime-Video-en-mars-2025.png","contentUrl":"https:\/\/vieassociative.be\/actualites\/wp-content\/uploads\/2025\/03\/Quoi-de-neuf-sur-Prime-Video-en-mars-2025.png","width":1200,"height":675,"caption":"Quoi de neuf sur Prime Video en mars 2025"},{"@type":"BreadcrumbList","@id":"https:\/\/vieassociative.be\/actualites\/quoi-de-neuf-sur-prime-video-en-mars-2025\/#breadcrumb","itemListElement":[{"@type":"ListItem","position":1,"name":"Accueil","item":"https:\/\/vieassociative.be\/actualites\/"},{"@type":"ListItem","position":2,"name":"Quoi de neuf sur Prime Video en mars 2025"}]},{"@type":"WebSite","@id":"https:\/\/vieassociative.be\/actualites\/#website","url":"https:\/\/vieassociative.be\/actualites\/","name":"Vie Associative","description":"","publisher":{"@id":"https:\/\/vieassociative.be\/actualites\/#organization"},"potentialAction":[{"@type":"SearchAction","target":{"@type":"EntryPoint","urlTemplate":"https:\/\/vieassociative.be\/actualites\/?s={search_term_string}"},"query-input":{"@type":"PropertyValueSpecification","valueRequired":true,"valueName":"search_term_string"}}],"inLanguage":"fr-BE"},{"@type":"Organization","@id":"https:\/\/vieassociative.be\/actualites\/#organization","name":"Vie Associative","url":"https:\/\/vieassociative.be\/actualites\/","logo":{"@type":"ImageObject","inLanguage":"fr-BE","@id":"https:\/\/vieassociative.be\/actualites\/#\/schema\/logo\/image\/","url":"https:\/\/vieassociative.be\/actualites\/wp-content\/uploads\/2024\/09\/cropped-vieassociative_favicon.ico.png","contentUrl":"https:\/\/vieassociative.be\/actualites\/wp-content\/uploads\/2024\/09\/cropped-vieassociative_favicon.ico.png","width":512,"height":512,"caption":"Vie Associative"},"image":{"@id":"https:\/\/vieassociative.be\/actualites\/#\/schema\/logo\/image\/"}},{"@type":"Person","@id":"https:\/\/vieassociative.be\/actualites\/#\/schema\/person\/b87ac4f82f9d4e7b7cec7395b679edc4","name":"Julien","image":{"@type":"ImageObject","inLanguage":"fr-BE","@id":"https:\/\/vieassociative.be\/actualites\/#\/schema\/person\/image\/","url":"https:\/\/vieassociative.be\/actualites\/wp-content\/uploads\/2024\/09\/vie-associative-1-150x150.jpg","contentUrl":"https:\/\/vieassociative.be\/actualites\/wp-content\/uploads\/2024\/09\/vie-associative-1-150x150.jpg","caption":"Julien"},"description":"Je suis Julien, r\u00e9dacteur pour Vie Associative. Passionn\u00e9 par le monde associatif depuis plus de 10 ans, j'ai \u00e0 c\u0153ur de partager des histoires inspirantes et de mettre en lumi\u00e8re les initiatives locales. Mon objectif est de sensibiliser et d'encourager l'engagement communautaire \u00e0 travers mes articles.","sameAs":["https:\/\/vieassociative.be\/"]}]}},"_links":{"self":[{"href":"https:\/\/vieassociative.be\/actualites\/wp-json\/wp\/v2\/posts\/5533"}],"collection":[{"href":"https:\/\/vieassociative.be\/actualites\/wp-json\/wp\/v2\/posts"}],"about":[{"href":"https:\/\/vieassociative.be\/actualites\/wp-json\/wp\/v2\/types\/post"}],"author":[{"embeddable":true,"href":"https:\/\/vieassociative.be\/actualites\/wp-json\/wp\/v2\/users\/1"}],"replies":[{"embeddable":true,"href":"https:\/\/vieassociative.be\/actualites\/wp-json\/wp\/v2\/comments?post=5533"}],"version-history":[{"count":0,"href":"https:\/\/vieassociative.be\/actualites\/wp-json\/wp\/v2\/posts\/5533\/revisions"}],"wp:featuredmedia":[{"embeddable":true,"href":"https:\/\/vieassociative.be\/actualites\/wp-json\/wp\/v2\/media\/5534"}],"wp:attachment":[{"href":"https:\/\/vieassociative.be\/actualites\/wp-json\/wp\/v2\/media?parent=5533"}],"wp:term":[{"taxonomy":"category","embeddable":true,"href":"https:\/\/vieassociative.be\/actualites\/wp-json\/wp\/v2\/categories?post=5533"},{"taxonomy":"post_tag","embeddable":true,"href":"https:\/\/vieassociative.be\/actualites\/wp-json\/wp\/v2\/tags?post=5533"}],"curies":[{"name":"wp","href":"https:\/\/api.w.org\/{rel}","templated":true}]}}