{"id":5528,"date":"2025-03-01T21:16:57","date_gmt":"2025-03-01T20:16:57","guid":{"rendered":"https:\/\/vieassociative.be\/actualites\/drame-dans-une-maison-de-soins-infirmiers-dans-louest-de-la-flandre-arret-contre-un-homme-de-90-ans-qui-tue-deux-personnes-avec-un-couteau\/"},"modified":"2025-03-01T21:16:57","modified_gmt":"2025-03-01T20:16:57","slug":"drame-dans-une-maison-de-soins-infirmiers-dans-louest-de-la-flandre-arret-contre-un-homme-de-90-ans-qui-tue-deux-personnes-avec-un-couteau","status":"publish","type":"post","link":"https:\/\/vieassociative.be\/actualites\/drame-dans-une-maison-de-soins-infirmiers-dans-louest-de-la-flandre-arret-contre-un-homme-de-90-ans-qui-tue-deux-personnes-avec-un-couteau\/","title":{"rendered":"Drame dans une maison de soins infirmiers dans l&rsquo;ouest de la Flandre: Arr\u00eat contre un homme de 90 ans qui tue deux personnes avec un couteau"},"content":{"rendered":"<p><strong>Un homme de 90 ans a tu\u00e9 deux personnes dans une maison de soins infirmiers \u00e0 Dengerm dans la province de West Flandre et a bless\u00e9 un tiers.<\/strong><\/p>\n<p><span id=\"more-409548\"><\/span>Un enqu\u00eateur a \u00e9mis un mandat d&rsquo;arr\u00eat contre l&rsquo;homme, comme l&rsquo;a annonc\u00e9 samedi le d\u00e9partement de Br\u00fcgger du bureau du procureur dans l&rsquo;ouest de la Flandre.<\/p>\n<p>Deux hommes \u00e2g\u00e9s de 93 et \u200b\u200b97 ans ont \u00e9t\u00e9 tu\u00e9s dans la nuit du jeudi au vendredi. Une femme de 94 ans a \u00e9galement \u00e9t\u00e9 gravement bless\u00e9e. Tous les trois \u00e9taient des r\u00e9sidents de la maison de soins infirmiers de Mariafruch \u00e0 Dengermem. L&rsquo;homme avait poignard\u00e9 ses colocataires avec un couteau.<\/p>\n<p>L&rsquo;auteur pr\u00e9sum\u00e9 a attendu une institution psychiatrique ferm\u00e9e pour son briefing apr\u00e8s avoir tu\u00e9 sa femme avec un marteau il y a plusieurs ann\u00e9es. Pour cet acte, il a \u00e9t\u00e9 d\u00e9clar\u00e9 inad\u00e9quat en raison d&rsquo;un trouble mental.<\/p>\n<p>Jusqu&rsquo;\u00e0 son instruction et la cr\u00e9ation des documents n\u00e9cessaires, la chambre du Conseil avait demand\u00e9 que l&rsquo;homme reste \u00e0 Dengermem au foyer de soins au foyer de soins infirmiers, dans la mesure o\u00f9 il y est accompagn\u00e9 par un superviseur judiciaire et ne commet plus de crimes.<\/p>\n<p>Selon le procureur de Brugge, le dossier juridique et administratif venait d&rsquo;\u00eatre achev\u00e9.<\/p>\n","protected":false},"excerpt":{"rendered":"<p>Un homme de 90 ans a tu\u00e9 deux personnes dans une maison de soins infirmiers \u00e0 Dengerm dans la province de West Flandre et a<\/p>\n","protected":false},"author":1,"featured_media":5529,"comment_status":"","ping_status":"","sticky":false,"template":"","format":"standard","meta":{"footnotes":""},"categories":[298],"tags":[584,5632,61,796,4556,166,114,5629,4128,4555,5630,5631,560,714,99,1401,4814,110],"class_list":["post-5528","post","type-post","status-publish","format-standard","has-post-thumbnail","hentry","category-belgique","tag-ans","tag-arret","tag-avec","tag-contre","tag-couteau","tag-dans","tag-deux","tag-drame","tag-flandre","tag-homme","tag-infirmiers","tag-louest","tag-maison","tag-personnes","tag-qui","tag-soins","tag-tue","tag-une","generate-columns","tablet-grid-50","mobile-grid-100","grid-parent","grid-33"],"yoast_head":"<!-- This site is optimized with the Yoast SEO plugin v24.0 - https:\/\/yoast.com\/wordpress\/plugins\/seo\/ -->\n<title>Drame dans une maison de soins infirmiers dans l&#039;ouest de la Flandre: Arr\u00eat contre un homme de 90 ans qui tue deux personnes avec un couteau | Vie Associative<\/title>\n<meta name=\"robots\" content=\"index, follow, max-snippet:-1, max-image-preview:large, max-video-preview:-1\" \/>\n<link rel=\"canonical\" href=\"https:\/\/vieassociative.be\/actualites\/drame-dans-une-maison-de-soins-infirmiers-dans-louest-de-la-flandre-arret-contre-un-homme-de-90-ans-qui-tue-deux-personnes-avec-un-couteau\/\" \/>\n<meta property=\"og:locale\" content=\"fr_FR\" \/>\n<meta property=\"og:type\" content=\"article\" \/>\n<meta property=\"og:title\" content=\"Drame dans une maison de soins infirmiers dans l&#039;ouest de la Flandre: Arr\u00eat contre un homme de 90 ans qui tue deux personnes avec un couteau | Vie Associative\" \/>\n<meta property=\"og:description\" content=\"Un homme de 90 ans a tu\u00e9 deux personnes dans une maison de soins infirmiers \u00e0 Dengerm dans la province de West Flandre et a\" \/>\n<meta property=\"og:url\" content=\"https:\/\/vieassociative.be\/actualites\/drame-dans-une-maison-de-soins-infirmiers-dans-louest-de-la-flandre-arret-contre-un-homme-de-90-ans-qui-tue-deux-personnes-avec-un-couteau\/\" \/>\n<meta property=\"og:site_name\" content=\"Vie Associative\" \/>\n<meta property=\"article:published_time\" content=\"2025-03-01T20:16:57+00:00\" \/>\n<meta property=\"og:image\" content=\"https:\/\/vieassociative.be\/actualites\/wp-content\/uploads\/2024\/09\/header_backgroundk-01-e1726694325946.png\" \/>\n\t<meta property=\"og:image:width\" content=\"279\" \/>\n\t<meta property=\"og:image:height\" content=\"92\" \/>\n\t<meta property=\"og:image:type\" content=\"image\/png\" \/>\n<meta name=\"author\" content=\"Julien\" \/>\n<meta name=\"twitter:card\" content=\"summary_large_image\" \/>\n<meta name=\"twitter:label1\" content=\"\u00c9crit par\" \/>\n\t<meta name=\"twitter:data1\" content=\"Julien\" \/>\n\t<meta name=\"twitter:label2\" content=\"Dur\u00e9e de lecture est.\" \/>\n\t<meta name=\"twitter:data2\" content=\"1 minute\" \/>\n<script type=\"application\/ld+json\" class=\"yoast-schema-graph\">{\"@context\":\"https:\/\/schema.org\",\"@graph\":[{\"@type\":\"Article\",\"@id\":\"https:\/\/vieassociative.be\/actualites\/drame-dans-une-maison-de-soins-infirmiers-dans-louest-de-la-flandre-arret-contre-un-homme-de-90-ans-qui-tue-deux-personnes-avec-un-couteau\/#article\",\"isPartOf\":{\"@id\":\"https:\/\/vieassociative.be\/actualites\/drame-dans-une-maison-de-soins-infirmiers-dans-louest-de-la-flandre-arret-contre-un-homme-de-90-ans-qui-tue-deux-personnes-avec-un-couteau\/\"},\"author\":{\"name\":\"Julien\",\"@id\":\"https:\/\/vieassociative.be\/actualites\/#\/schema\/person\/b87ac4f82f9d4e7b7cec7395b679edc4\"},\"headline\":\"Drame dans une maison de soins infirmiers dans l&rsquo;ouest de la Flandre: Arr\u00eat contre un homme de 90 ans qui tue deux personnes avec un couteau\",\"datePublished\":\"2025-03-01T20:16:57+00:00\",\"dateModified\":\"2025-03-01T20:16:57+00:00\",\"mainEntityOfPage\":{\"@id\":\"https:\/\/vieassociative.be\/actualites\/drame-dans-une-maison-de-soins-infirmiers-dans-louest-de-la-flandre-arret-contre-un-homme-de-90-ans-qui-tue-deux-personnes-avec-un-couteau\/\"},\"wordCount\":248,\"publisher\":{\"@id\":\"https:\/\/vieassociative.be\/actualites\/#organization\"},\"image\":{\"@id\":\"https:\/\/vieassociative.be\/actualites\/drame-dans-une-maison-de-soins-infirmiers-dans-louest-de-la-flandre-arret-contre-un-homme-de-90-ans-qui-tue-deux-personnes-avec-un-couteau\/#primaryimage\"},\"thumbnailUrl\":\"https:\/\/vieassociative.be\/actualites\/wp-content\/uploads\/2025\/03\/Drame-dans-une-maison-de-soins-infirmiers-dans-louest-de.jpg\",\"keywords\":[\"ans\",\"Arr\u00eat\",\"avec\",\"contre\",\"couteau\",\"dans\",\"deux\",\"Drame\",\"Flandre\",\"homme\",\"infirmiers\",\"louest\",\"maison\",\"personnes\",\"qui\",\"soins\",\"tue\",\"une\"],\"articleSection\":[\"Belgique\"],\"inLanguage\":\"fr-BE\"},{\"@type\":\"WebPage\",\"@id\":\"https:\/\/vieassociative.be\/actualites\/drame-dans-une-maison-de-soins-infirmiers-dans-louest-de-la-flandre-arret-contre-un-homme-de-90-ans-qui-tue-deux-personnes-avec-un-couteau\/\",\"url\":\"https:\/\/vieassociative.be\/actualites\/drame-dans-une-maison-de-soins-infirmiers-dans-louest-de-la-flandre-arret-contre-un-homme-de-90-ans-qui-tue-deux-personnes-avec-un-couteau\/\",\"name\":\"Drame dans une maison de soins infirmiers dans l'ouest de la Flandre: Arr\u00eat contre un homme de 90 ans qui tue deux personnes avec un couteau | Vie Associative\",\"isPartOf\":{\"@id\":\"https:\/\/vieassociative.be\/actualites\/#website\"},\"primaryImageOfPage\":{\"@id\":\"https:\/\/vieassociative.be\/actualites\/drame-dans-une-maison-de-soins-infirmiers-dans-louest-de-la-flandre-arret-contre-un-homme-de-90-ans-qui-tue-deux-personnes-avec-un-couteau\/#primaryimage\"},\"image\":{\"@id\":\"https:\/\/vieassociative.be\/actualites\/drame-dans-une-maison-de-soins-infirmiers-dans-louest-de-la-flandre-arret-contre-un-homme-de-90-ans-qui-tue-deux-personnes-avec-un-couteau\/#primaryimage\"},\"thumbnailUrl\":\"https:\/\/vieassociative.be\/actualites\/wp-content\/uploads\/2025\/03\/Drame-dans-une-maison-de-soins-infirmiers-dans-louest-de.jpg\",\"datePublished\":\"2025-03-01T20:16:57+00:00\",\"dateModified\":\"2025-03-01T20:16:57+00:00\",\"breadcrumb\":{\"@id\":\"https:\/\/vieassociative.be\/actualites\/drame-dans-une-maison-de-soins-infirmiers-dans-louest-de-la-flandre-arret-contre-un-homme-de-90-ans-qui-tue-deux-personnes-avec-un-couteau\/#breadcrumb\"},\"inLanguage\":\"fr-BE\",\"potentialAction\":[{\"@type\":\"ReadAction\",\"target\":[\"https:\/\/vieassociative.be\/actualites\/drame-dans-une-maison-de-soins-infirmiers-dans-louest-de-la-flandre-arret-contre-un-homme-de-90-ans-qui-tue-deux-personnes-avec-un-couteau\/\"]}]},{\"@type\":\"ImageObject\",\"inLanguage\":\"fr-BE\",\"@id\":\"https:\/\/vieassociative.be\/actualites\/drame-dans-une-maison-de-soins-infirmiers-dans-louest-de-la-flandre-arret-contre-un-homme-de-90-ans-qui-tue-deux-personnes-avec-un-couteau\/#primaryimage\",\"url\":\"https:\/\/vieassociative.be\/actualites\/wp-content\/uploads\/2025\/03\/Drame-dans-une-maison-de-soins-infirmiers-dans-louest-de.jpg\",\"contentUrl\":\"https:\/\/vieassociative.be\/actualites\/wp-content\/uploads\/2025\/03\/Drame-dans-une-maison-de-soins-infirmiers-dans-louest-de.jpg\",\"width\":1200,\"height\":800,\"caption\":\"Drame dans une maison de soins infirmiers dans l'ouest de la Flandre: Arr\u00eat contre un homme de 90 ans qui tue deux personnes avec un couteau\"},{\"@type\":\"BreadcrumbList\",\"@id\":\"https:\/\/vieassociative.be\/actualites\/drame-dans-une-maison-de-soins-infirmiers-dans-louest-de-la-flandre-arret-contre-un-homme-de-90-ans-qui-tue-deux-personnes-avec-un-couteau\/#breadcrumb\",\"itemListElement\":[{\"@type\":\"ListItem\",\"position\":1,\"name\":\"Accueil\",\"item\":\"https:\/\/vieassociative.be\/actualites\/\"},{\"@type\":\"ListItem\",\"position\":2,\"name\":\"Drame dans une maison de soins infirmiers dans l&rsquo;ouest de la Flandre: Arr\u00eat contre un homme de 90 ans qui tue deux personnes avec un couteau\"}]},{\"@type\":\"WebSite\",\"@id\":\"https:\/\/vieassociative.be\/actualites\/#website\",\"url\":\"https:\/\/vieassociative.be\/actualites\/\",\"name\":\"Vie Associative\",\"description\":\"\",\"publisher\":{\"@id\":\"https:\/\/vieassociative.be\/actualites\/#organization\"},\"potentialAction\":[{\"@type\":\"SearchAction\",\"target\":{\"@type\":\"EntryPoint\",\"urlTemplate\":\"https:\/\/vieassociative.be\/actualites\/?s={search_term_string}\"},\"query-input\":{\"@type\":\"PropertyValueSpecification\",\"valueRequired\":true,\"valueName\":\"search_term_string\"}}],\"inLanguage\":\"fr-BE\"},{\"@type\":\"Organization\",\"@id\":\"https:\/\/vieassociative.be\/actualites\/#organization\",\"name\":\"Vie Associative\",\"url\":\"https:\/\/vieassociative.be\/actualites\/\",\"logo\":{\"@type\":\"ImageObject\",\"inLanguage\":\"fr-BE\",\"@id\":\"https:\/\/vieassociative.be\/actualites\/#\/schema\/logo\/image\/\",\"url\":\"https:\/\/vieassociative.be\/actualites\/wp-content\/uploads\/2024\/09\/cropped-vieassociative_favicon.ico.png\",\"contentUrl\":\"https:\/\/vieassociative.be\/actualites\/wp-content\/uploads\/2024\/09\/cropped-vieassociative_favicon.ico.png\",\"width\":512,\"height\":512,\"caption\":\"Vie Associative\"},\"image\":{\"@id\":\"https:\/\/vieassociative.be\/actualites\/#\/schema\/logo\/image\/\"}},{\"@type\":\"Person\",\"@id\":\"https:\/\/vieassociative.be\/actualites\/#\/schema\/person\/b87ac4f82f9d4e7b7cec7395b679edc4\",\"name\":\"Julien\",\"image\":{\"@type\":\"ImageObject\",\"inLanguage\":\"fr-BE\",\"@id\":\"https:\/\/vieassociative.be\/actualites\/#\/schema\/person\/image\/\",\"url\":\"https:\/\/vieassociative.be\/actualites\/wp-content\/uploads\/2024\/09\/vie-associative-1-150x150.jpg\",\"contentUrl\":\"https:\/\/vieassociative.be\/actualites\/wp-content\/uploads\/2024\/09\/vie-associative-1-150x150.jpg\",\"caption\":\"Julien\"},\"description\":\"Je suis Julien, r\u00e9dacteur pour Vie Associative. Passionn\u00e9 par le monde associatif depuis plus de 10 ans, j'ai \u00e0 c\u0153ur de partager des histoires inspirantes et de mettre en lumi\u00e8re les initiatives locales. Mon objectif est de sensibiliser et d'encourager l'engagement communautaire \u00e0 travers mes articles.\",\"sameAs\":[\"https:\/\/vieassociative.be\/\"]}]}<\/script>\n<!-- \/ Yoast SEO plugin. -->","yoast_head_json":{"title":"Drame dans une maison de soins infirmiers dans l'ouest de la Flandre: Arr\u00eat contre un homme de 90 ans qui tue deux personnes avec un couteau | Vie Associative","robots":{"index":"index","follow":"follow","max-snippet":"max-snippet:-1","max-image-preview":"max-image-preview:large","max-video-preview":"max-video-preview:-1"},"canonical":"https:\/\/vieassociative.be\/actualites\/drame-dans-une-maison-de-soins-infirmiers-dans-louest-de-la-flandre-arret-contre-un-homme-de-90-ans-qui-tue-deux-personnes-avec-un-couteau\/","og_locale":"fr_FR","og_type":"article","og_title":"Drame dans une maison de soins infirmiers dans l'ouest de la Flandre: Arr\u00eat contre un homme de 90 ans qui tue deux personnes avec un couteau | Vie Associative","og_description":"Un homme de 90 ans a tu\u00e9 deux personnes dans une maison de soins infirmiers \u00e0 Dengerm dans la province de West Flandre et a","og_url":"https:\/\/vieassociative.be\/actualites\/drame-dans-une-maison-de-soins-infirmiers-dans-louest-de-la-flandre-arret-contre-un-homme-de-90-ans-qui-tue-deux-personnes-avec-un-couteau\/","og_site_name":"Vie Associative","article_published_time":"2025-03-01T20:16:57+00:00","og_image":[{"width":279,"height":92,"url":"https:\/\/vieassociative.be\/actualites\/wp-content\/uploads\/2024\/09\/header_backgroundk-01-e1726694325946.png","type":"image\/png"}],"author":"Julien","twitter_card":"summary_large_image","twitter_misc":{"\u00c9crit par":"Julien","Dur\u00e9e de lecture est.":"1 minute"},"schema":{"@context":"https:\/\/schema.org","@graph":[{"@type":"Article","@id":"https:\/\/vieassociative.be\/actualites\/drame-dans-une-maison-de-soins-infirmiers-dans-louest-de-la-flandre-arret-contre-un-homme-de-90-ans-qui-tue-deux-personnes-avec-un-couteau\/#article","isPartOf":{"@id":"https:\/\/vieassociative.be\/actualites\/drame-dans-une-maison-de-soins-infirmiers-dans-louest-de-la-flandre-arret-contre-un-homme-de-90-ans-qui-tue-deux-personnes-avec-un-couteau\/"},"author":{"name":"Julien","@id":"https:\/\/vieassociative.be\/actualites\/#\/schema\/person\/b87ac4f82f9d4e7b7cec7395b679edc4"},"headline":"Drame dans une maison de soins infirmiers dans l&rsquo;ouest de la Flandre: Arr\u00eat contre un homme de 90 ans qui tue deux personnes avec un couteau","datePublished":"2025-03-01T20:16:57+00:00","dateModified":"2025-03-01T20:16:57+00:00","mainEntityOfPage":{"@id":"https:\/\/vieassociative.be\/actualites\/drame-dans-une-maison-de-soins-infirmiers-dans-louest-de-la-flandre-arret-contre-un-homme-de-90-ans-qui-tue-deux-personnes-avec-un-couteau\/"},"wordCount":248,"publisher":{"@id":"https:\/\/vieassociative.be\/actualites\/#organization"},"image":{"@id":"https:\/\/vieassociative.be\/actualites\/drame-dans-une-maison-de-soins-infirmiers-dans-louest-de-la-flandre-arret-contre-un-homme-de-90-ans-qui-tue-deux-personnes-avec-un-couteau\/#primaryimage"},"thumbnailUrl":"https:\/\/vieassociative.be\/actualites\/wp-content\/uploads\/2025\/03\/Drame-dans-une-maison-de-soins-infirmiers-dans-louest-de.jpg","keywords":["ans","Arr\u00eat","avec","contre","couteau","dans","deux","Drame","Flandre","homme","infirmiers","louest","maison","personnes","qui","soins","tue","une"],"articleSection":["Belgique"],"inLanguage":"fr-BE"},{"@type":"WebPage","@id":"https:\/\/vieassociative.be\/actualites\/drame-dans-une-maison-de-soins-infirmiers-dans-louest-de-la-flandre-arret-contre-un-homme-de-90-ans-qui-tue-deux-personnes-avec-un-couteau\/","url":"https:\/\/vieassociative.be\/actualites\/drame-dans-une-maison-de-soins-infirmiers-dans-louest-de-la-flandre-arret-contre-un-homme-de-90-ans-qui-tue-deux-personnes-avec-un-couteau\/","name":"Drame dans une maison de soins infirmiers dans l'ouest de la Flandre: Arr\u00eat contre un homme de 90 ans qui tue deux personnes avec un couteau | Vie Associative","isPartOf":{"@id":"https:\/\/vieassociative.be\/actualites\/#website"},"primaryImageOfPage":{"@id":"https:\/\/vieassociative.be\/actualites\/drame-dans-une-maison-de-soins-infirmiers-dans-louest-de-la-flandre-arret-contre-un-homme-de-90-ans-qui-tue-deux-personnes-avec-un-couteau\/#primaryimage"},"image":{"@id":"https:\/\/vieassociative.be\/actualites\/drame-dans-une-maison-de-soins-infirmiers-dans-louest-de-la-flandre-arret-contre-un-homme-de-90-ans-qui-tue-deux-personnes-avec-un-couteau\/#primaryimage"},"thumbnailUrl":"https:\/\/vieassociative.be\/actualites\/wp-content\/uploads\/2025\/03\/Drame-dans-une-maison-de-soins-infirmiers-dans-louest-de.jpg","datePublished":"2025-03-01T20:16:57+00:00","dateModified":"2025-03-01T20:16:57+00:00","breadcrumb":{"@id":"https:\/\/vieassociative.be\/actualites\/drame-dans-une-maison-de-soins-infirmiers-dans-louest-de-la-flandre-arret-contre-un-homme-de-90-ans-qui-tue-deux-personnes-avec-un-couteau\/#breadcrumb"},"inLanguage":"fr-BE","potentialAction":[{"@type":"ReadAction","target":["https:\/\/vieassociative.be\/actualites\/drame-dans-une-maison-de-soins-infirmiers-dans-louest-de-la-flandre-arret-contre-un-homme-de-90-ans-qui-tue-deux-personnes-avec-un-couteau\/"]}]},{"@type":"ImageObject","inLanguage":"fr-BE","@id":"https:\/\/vieassociative.be\/actualites\/drame-dans-une-maison-de-soins-infirmiers-dans-louest-de-la-flandre-arret-contre-un-homme-de-90-ans-qui-tue-deux-personnes-avec-un-couteau\/#primaryimage","url":"https:\/\/vieassociative.be\/actualites\/wp-content\/uploads\/2025\/03\/Drame-dans-une-maison-de-soins-infirmiers-dans-louest-de.jpg","contentUrl":"https:\/\/vieassociative.be\/actualites\/wp-content\/uploads\/2025\/03\/Drame-dans-une-maison-de-soins-infirmiers-dans-louest-de.jpg","width":1200,"height":800,"caption":"Drame dans une maison de soins infirmiers dans l'ouest de la Flandre: Arr\u00eat contre un homme de 90 ans qui tue deux personnes avec un couteau"},{"@type":"BreadcrumbList","@id":"https:\/\/vieassociative.be\/actualites\/drame-dans-une-maison-de-soins-infirmiers-dans-louest-de-la-flandre-arret-contre-un-homme-de-90-ans-qui-tue-deux-personnes-avec-un-couteau\/#breadcrumb","itemListElement":[{"@type":"ListItem","position":1,"name":"Accueil","item":"https:\/\/vieassociative.be\/actualites\/"},{"@type":"ListItem","position":2,"name":"Drame dans une maison de soins infirmiers dans l&rsquo;ouest de la Flandre: Arr\u00eat contre un homme de 90 ans qui tue deux personnes avec un couteau"}]},{"@type":"WebSite","@id":"https:\/\/vieassociative.be\/actualites\/#website","url":"https:\/\/vieassociative.be\/actualites\/","name":"Vie Associative","description":"","publisher":{"@id":"https:\/\/vieassociative.be\/actualites\/#organization"},"potentialAction":[{"@type":"SearchAction","target":{"@type":"EntryPoint","urlTemplate":"https:\/\/vieassociative.be\/actualites\/?s={search_term_string}"},"query-input":{"@type":"PropertyValueSpecification","valueRequired":true,"valueName":"search_term_string"}}],"inLanguage":"fr-BE"},{"@type":"Organization","@id":"https:\/\/vieassociative.be\/actualites\/#organization","name":"Vie Associative","url":"https:\/\/vieassociative.be\/actualites\/","logo":{"@type":"ImageObject","inLanguage":"fr-BE","@id":"https:\/\/vieassociative.be\/actualites\/#\/schema\/logo\/image\/","url":"https:\/\/vieassociative.be\/actualites\/wp-content\/uploads\/2024\/09\/cropped-vieassociative_favicon.ico.png","contentUrl":"https:\/\/vieassociative.be\/actualites\/wp-content\/uploads\/2024\/09\/cropped-vieassociative_favicon.ico.png","width":512,"height":512,"caption":"Vie Associative"},"image":{"@id":"https:\/\/vieassociative.be\/actualites\/#\/schema\/logo\/image\/"}},{"@type":"Person","@id":"https:\/\/vieassociative.be\/actualites\/#\/schema\/person\/b87ac4f82f9d4e7b7cec7395b679edc4","name":"Julien","image":{"@type":"ImageObject","inLanguage":"fr-BE","@id":"https:\/\/vieassociative.be\/actualites\/#\/schema\/person\/image\/","url":"https:\/\/vieassociative.be\/actualites\/wp-content\/uploads\/2024\/09\/vie-associative-1-150x150.jpg","contentUrl":"https:\/\/vieassociative.be\/actualites\/wp-content\/uploads\/2024\/09\/vie-associative-1-150x150.jpg","caption":"Julien"},"description":"Je suis Julien, r\u00e9dacteur pour Vie Associative. Passionn\u00e9 par le monde associatif depuis plus de 10 ans, j'ai \u00e0 c\u0153ur de partager des histoires inspirantes et de mettre en lumi\u00e8re les initiatives locales. Mon objectif est de sensibiliser et d'encourager l'engagement communautaire \u00e0 travers mes articles.","sameAs":["https:\/\/vieassociative.be\/"]}]}},"_links":{"self":[{"href":"https:\/\/vieassociative.be\/actualites\/wp-json\/wp\/v2\/posts\/5528"}],"collection":[{"href":"https:\/\/vieassociative.be\/actualites\/wp-json\/wp\/v2\/posts"}],"about":[{"href":"https:\/\/vieassociative.be\/actualites\/wp-json\/wp\/v2\/types\/post"}],"author":[{"embeddable":true,"href":"https:\/\/vieassociative.be\/actualites\/wp-json\/wp\/v2\/users\/1"}],"replies":[{"embeddable":true,"href":"https:\/\/vieassociative.be\/actualites\/wp-json\/wp\/v2\/comments?post=5528"}],"version-history":[{"count":0,"href":"https:\/\/vieassociative.be\/actualites\/wp-json\/wp\/v2\/posts\/5528\/revisions"}],"wp:featuredmedia":[{"embeddable":true,"href":"https:\/\/vieassociative.be\/actualites\/wp-json\/wp\/v2\/media\/5529"}],"wp:attachment":[{"href":"https:\/\/vieassociative.be\/actualites\/wp-json\/wp\/v2\/media?parent=5528"}],"wp:term":[{"taxonomy":"category","embeddable":true,"href":"https:\/\/vieassociative.be\/actualites\/wp-json\/wp\/v2\/categories?post=5528"},{"taxonomy":"post_tag","embeddable":true,"href":"https:\/\/vieassociative.be\/actualites\/wp-json\/wp\/v2\/tags?post=5528"}],"curies":[{"name":"wp","href":"https:\/\/api.w.org\/{rel}","templated":true}]}}