{"id":5516,"date":"2025-03-01T09:16:57","date_gmt":"2025-03-01T08:16:57","guid":{"rendered":"https:\/\/vieassociative.be\/actualites\/0-2-defaite-a-la-louviere-comme-eupen-na-rien-a-rire-et-doit-continuer-a-sinquieter\/"},"modified":"2025-03-01T09:16:57","modified_gmt":"2025-03-01T08:16:57","slug":"0-2-defaite-a-la-louviere-comme-eupen-na-rien-a-rire-et-doit-continuer-a-sinquieter","status":"publish","type":"post","link":"https:\/\/vieassociative.be\/actualites\/0-2-defaite-a-la-louviere-comme-eupen-na-rien-a-rire-et-doit-continuer-a-sinquieter\/","title":{"rendered":"0: 2 d\u00e9faite \u00e0 La Louvi\u00e8re: comme Eupen n&rsquo;a rien \u00e0 rire et doit continuer \u00e0 s&rsquo;inqui\u00e9ter"},"content":{"rendered":"<p><strong>Le As Eupen doit continuer \u00e0 s&rsquo;inqui\u00e9ter de la rel\u00e9gation. Le noir et blanc a perdu 0-2 dans le troisi\u00e8me du tableau Raal La Louvi\u00e8re.<\/strong><\/p>\n<p><span id=\"more-409481\"><\/span>Comme pr\u00e9vu, comme Philip Ejike se tenait au cours du d\u00e9but. Scott Kennedy \u00e9tait \u00e9galement l\u00e0. \u00c0 La Louvi\u00e9re, l&rsquo;attaquant Mouhamed Belkheir \u00e9tait port\u00e9 disparu en raison d&rsquo;un carton rouge dans le match contre Patro Eisden.<\/p>\n<p>L&rsquo;Eupen commence \u00e0 onze: Renner-Paeshuyse, Gorenc, Kennedy, Alloh-Van Genecht, D\u00e9om, Keita, Caliskan-Charles-Cook-Ejike.<\/p>\n<div id=\"attachment_399861\" class=\"wp-caption alignleft\" style=\"max-width: 300px\"><img fetchpriority=\"high\" decoding=\"async\" class=\"wp-image-399861 size-medium\" src=\"https:\/\/vieassociative.be\/actualites\/wp-content\/uploads\/2024\/12\/Defaite-34-lAS-Eupen-sest-reveille-trop-tard.jpg\" alt=\"\" width=\"300\" height=\"200\"  ><\/p>\n<p class=\"wp-caption-text\">Yentl van g\u00e8nes de as eupen. Photo: Belga<\/p>\n<\/div>\n<p>\u00c0 la 6e minute, Eupen a eu une premi\u00e8re vraie chance de marquer par Van Genechen, dont le gardien de but du tir Peano n&rsquo;a pu se replier au coin. \u00c0 la 10e minute, le ballon est pass\u00e9 en revue le but avec un tir de D\u00c9OM. Cependant, La Louvi\u00e8re n&rsquo;a pas \u00e9t\u00e9 longue \u00e0 venir, car \u00e0 la 11e et 12e minute, Renner a par\u00e9 deux fois dans un tir de Sidibe. Et peu de temps apr\u00e8s, Guindo a marqu\u00e9 1-0 \u00e0 partir d&rsquo;une position \u00e0 l&rsquo;ext\u00e9rieur.<\/p>\n<p>En cons\u00e9quence, vous avez vu quelque chose comme le \u00ab\u00a0football de la cour d&rsquo;\u00e9cole\u00a0\u00bb sur la pelouse difficile \u00e0 jouer du Stade du Tivoli sans v\u00e9ritables points forts. Ce n&rsquo;est qu&rsquo;\u00e0 la 41e minute que Botella a eu le 2-0 pour les \u00ab\u00a0Wolves\u00a0\u00bb sur son pied, mais il a chass\u00e9 le ballon un peu surhalyse sur le but de Peano.<\/p>\n<div id=\"attachment_403611\" class=\"wp-caption alignleft\" style=\"max-width: 300px\"><img decoding=\"async\" class=\"wp-image-403611 size-medium\" src=\"https:\/\/vieassociative.be\/actualites\/wp-content\/uploads\/2024\/12\/1733689145_956_Defaite-23-AS-sest-embarrasse-face-a-la-derniere.jpg\" alt=\"\" width=\"300\" height=\"200\"  ><\/p>\n<p class=\"wp-caption-text\">Mersad Selimbegovic, entra\u00eeneur de l&rsquo;Eeupen. Photo: Belga<\/p>\n<\/div>\n<p>La phase initiale de la seconde moiti\u00e9 s&rsquo;est \u00e9galement d\u00e9roul\u00e9e sans moments forts. \u00c0 la 55e minute, Renner a sauv\u00e9 de Botella. Ensuite, il y a eu un double changement \u00e0 l&rsquo;AS: Hendrickx est venu pour Keita et Wedingo pour Caliskan. <\/p>\n<p>Wedingo a \u00e9galement imm\u00e9diatement eu la grande chance d&rsquo;\u00e9galiser apr\u00e8s une passe d&rsquo;Ejike, mais le ballon a d\u00e9pass\u00e9 le but. Les AS ne devraient pas manquer une telle chance.<\/p>\n<p>\u00c0 la 70e minute, Selibegovic a apport\u00e9 deux autres forces offensives avec Gedikli et Emond. La Louvi\u00e8re a pu forcer la d\u00e9cision pr\u00e9liminaire lorsque quatre joueurs des h\u00f4tes n&rsquo;ont eu qu&rsquo;\u00e0 d\u00e9sactiver un adversaire de l&rsquo;AS dans une contre-attaque, mais ont ensuite rat\u00e9 cette \u00e9norme opportunit\u00e9. Quelque chose comme \u00e7a peut se venger &#8230;<\/p>\n<p>Cependant, il n&rsquo;a pas pris la vengeance, car \u00e0 la 81e minute, la d\u00e9cision a \u00e9t\u00e9 prise par la Nagera, qui venait d&rsquo;\u00eatre substitu\u00e9e, 2-0. La d\u00e9faite du noir et blanc aurait pu \u00eatre encore plus \u00e9lev\u00e9e, car La Louvi\u00e8re a quand m\u00eame frapp\u00e9 le poteau dans la phase finale. Il est donc rest\u00e9 dans la victoire 2-0 des \u00ab\u00a0Wolves\u00a0\u00bb, qui peuvent continuer \u00e0 r\u00eaver de promotion \u00e0 la Jupiler Pro League, alors que le comme n&rsquo;est toujours pas sauv\u00e9. Samedi prochain \u00e0 20 h. Eupen recevra l&rsquo;\u00e9quipe de Francs Borains. (Cre)<\/p>\n","protected":false},"excerpt":{"rendered":"<p>Le As Eupen doit continuer \u00e0 s&rsquo;inqui\u00e9ter de la rel\u00e9gation. Le noir et blanc a perdu 0-2 dans le troisi\u00e8me du tableau Raal La Louvi\u00e8re.<\/p>\n","protected":false},"author":1,"featured_media":5517,"comment_status":"","ping_status":"","sticky":false,"template":"","format":"standard","meta":{"footnotes":""},"categories":[298],"tags":[1254,5624,2350,2552,2329,3689,892,5623,5625],"class_list":["post-5516","post","type-post","status-publish","format-standard","has-post-thumbnail","hentry","category-belgique","tag-comme","tag-continuer","tag-defaite","tag-doit","tag-eupen","tag-louviere","tag-rien","tag-rire","tag-sinquieter","generate-columns","tablet-grid-50","mobile-grid-100","grid-parent","grid-33"],"yoast_head":"<!-- This site is optimized with the Yoast SEO plugin v24.0 - https:\/\/yoast.com\/wordpress\/plugins\/seo\/ -->\n<title>0: 2 d\u00e9faite \u00e0 La Louvi\u00e8re: comme Eupen n&#039;a rien \u00e0 rire et doit continuer \u00e0 s&#039;inqui\u00e9ter | Vie Associative<\/title>\n<meta name=\"robots\" content=\"index, follow, max-snippet:-1, max-image-preview:large, max-video-preview:-1\" \/>\n<link rel=\"canonical\" href=\"https:\/\/vieassociative.be\/actualites\/0-2-defaite-a-la-louviere-comme-eupen-na-rien-a-rire-et-doit-continuer-a-sinquieter\/\" \/>\n<meta property=\"og:locale\" content=\"fr_FR\" \/>\n<meta property=\"og:type\" content=\"article\" \/>\n<meta property=\"og:title\" content=\"0: 2 d\u00e9faite \u00e0 La Louvi\u00e8re: comme Eupen n&#039;a rien \u00e0 rire et doit continuer \u00e0 s&#039;inqui\u00e9ter | Vie Associative\" \/>\n<meta property=\"og:description\" content=\"Le As Eupen doit continuer \u00e0 s&rsquo;inqui\u00e9ter de la rel\u00e9gation. Le noir et blanc a perdu 0-2 dans le troisi\u00e8me du tableau Raal La Louvi\u00e8re.\" \/>\n<meta property=\"og:url\" content=\"https:\/\/vieassociative.be\/actualites\/0-2-defaite-a-la-louviere-comme-eupen-na-rien-a-rire-et-doit-continuer-a-sinquieter\/\" \/>\n<meta property=\"og:site_name\" content=\"Vie Associative\" \/>\n<meta property=\"article:published_time\" content=\"2025-03-01T08:16:57+00:00\" \/>\n<meta property=\"og:image\" content=\"https:\/\/vieassociative.be\/actualites\/wp-content\/uploads\/2024\/09\/header_backgroundk-01-e1726694325946.png\" \/>\n\t<meta property=\"og:image:width\" content=\"279\" \/>\n\t<meta property=\"og:image:height\" content=\"92\" \/>\n\t<meta property=\"og:image:type\" content=\"image\/png\" \/>\n<meta name=\"author\" content=\"Julien\" \/>\n<meta name=\"twitter:card\" content=\"summary_large_image\" \/>\n<meta name=\"twitter:label1\" content=\"\u00c9crit par\" \/>\n\t<meta name=\"twitter:data1\" content=\"Julien\" \/>\n\t<meta name=\"twitter:label2\" content=\"Dur\u00e9e de lecture est.\" \/>\n\t<meta name=\"twitter:data2\" content=\"2 minutes\" \/>\n<script type=\"application\/ld+json\" class=\"yoast-schema-graph\">{\"@context\":\"https:\/\/schema.org\",\"@graph\":[{\"@type\":\"Article\",\"@id\":\"https:\/\/vieassociative.be\/actualites\/0-2-defaite-a-la-louviere-comme-eupen-na-rien-a-rire-et-doit-continuer-a-sinquieter\/#article\",\"isPartOf\":{\"@id\":\"https:\/\/vieassociative.be\/actualites\/0-2-defaite-a-la-louviere-comme-eupen-na-rien-a-rire-et-doit-continuer-a-sinquieter\/\"},\"author\":{\"name\":\"Julien\",\"@id\":\"https:\/\/vieassociative.be\/actualites\/#\/schema\/person\/b87ac4f82f9d4e7b7cec7395b679edc4\"},\"headline\":\"0: 2 d\u00e9faite \u00e0 La Louvi\u00e8re: comme Eupen n&rsquo;a rien \u00e0 rire et doit continuer \u00e0 s&rsquo;inqui\u00e9ter\",\"datePublished\":\"2025-03-01T08:16:57+00:00\",\"dateModified\":\"2025-03-01T08:16:57+00:00\",\"mainEntityOfPage\":{\"@id\":\"https:\/\/vieassociative.be\/actualites\/0-2-defaite-a-la-louviere-comme-eupen-na-rien-a-rire-et-doit-continuer-a-sinquieter\/\"},\"wordCount\":505,\"publisher\":{\"@id\":\"https:\/\/vieassociative.be\/actualites\/#organization\"},\"image\":{\"@id\":\"https:\/\/vieassociative.be\/actualites\/0-2-defaite-a-la-louviere-comme-eupen-na-rien-a-rire-et-doit-continuer-a-sinquieter\/#primaryimage\"},\"thumbnailUrl\":\"https:\/\/vieassociative.be\/actualites\/wp-content\/uploads\/2025\/03\/0-2-defaite-a-La-Louviere-comme-Eupen-na-rien.jpg\",\"keywords\":[\"comme\",\"continuer\",\"D\u00e9faite\",\"doit\",\"Eupen\",\"Louvi\u00e8re\",\"rien\",\"rire\",\"sinqui\u00e9ter\"],\"articleSection\":[\"Belgique\"],\"inLanguage\":\"fr-BE\"},{\"@type\":\"WebPage\",\"@id\":\"https:\/\/vieassociative.be\/actualites\/0-2-defaite-a-la-louviere-comme-eupen-na-rien-a-rire-et-doit-continuer-a-sinquieter\/\",\"url\":\"https:\/\/vieassociative.be\/actualites\/0-2-defaite-a-la-louviere-comme-eupen-na-rien-a-rire-et-doit-continuer-a-sinquieter\/\",\"name\":\"0: 2 d\u00e9faite \u00e0 La Louvi\u00e8re: comme Eupen n'a rien \u00e0 rire et doit continuer \u00e0 s'inqui\u00e9ter | Vie Associative\",\"isPartOf\":{\"@id\":\"https:\/\/vieassociative.be\/actualites\/#website\"},\"primaryImageOfPage\":{\"@id\":\"https:\/\/vieassociative.be\/actualites\/0-2-defaite-a-la-louviere-comme-eupen-na-rien-a-rire-et-doit-continuer-a-sinquieter\/#primaryimage\"},\"image\":{\"@id\":\"https:\/\/vieassociative.be\/actualites\/0-2-defaite-a-la-louviere-comme-eupen-na-rien-a-rire-et-doit-continuer-a-sinquieter\/#primaryimage\"},\"thumbnailUrl\":\"https:\/\/vieassociative.be\/actualites\/wp-content\/uploads\/2025\/03\/0-2-defaite-a-La-Louviere-comme-Eupen-na-rien.jpg\",\"datePublished\":\"2025-03-01T08:16:57+00:00\",\"dateModified\":\"2025-03-01T08:16:57+00:00\",\"breadcrumb\":{\"@id\":\"https:\/\/vieassociative.be\/actualites\/0-2-defaite-a-la-louviere-comme-eupen-na-rien-a-rire-et-doit-continuer-a-sinquieter\/#breadcrumb\"},\"inLanguage\":\"fr-BE\",\"potentialAction\":[{\"@type\":\"ReadAction\",\"target\":[\"https:\/\/vieassociative.be\/actualites\/0-2-defaite-a-la-louviere-comme-eupen-na-rien-a-rire-et-doit-continuer-a-sinquieter\/\"]}]},{\"@type\":\"ImageObject\",\"inLanguage\":\"fr-BE\",\"@id\":\"https:\/\/vieassociative.be\/actualites\/0-2-defaite-a-la-louviere-comme-eupen-na-rien-a-rire-et-doit-continuer-a-sinquieter\/#primaryimage\",\"url\":\"https:\/\/vieassociative.be\/actualites\/wp-content\/uploads\/2025\/03\/0-2-defaite-a-La-Louviere-comme-Eupen-na-rien.jpg\",\"contentUrl\":\"https:\/\/vieassociative.be\/actualites\/wp-content\/uploads\/2025\/03\/0-2-defaite-a-La-Louviere-comme-Eupen-na-rien.jpg\",\"width\":1200,\"height\":800,\"caption\":\"0: 2 d\u00e9faite \u00e0 La Louvi\u00e8re: comme Eupen n'a rien \u00e0 rire et doit continuer \u00e0 s'inqui\u00e9ter\"},{\"@type\":\"BreadcrumbList\",\"@id\":\"https:\/\/vieassociative.be\/actualites\/0-2-defaite-a-la-louviere-comme-eupen-na-rien-a-rire-et-doit-continuer-a-sinquieter\/#breadcrumb\",\"itemListElement\":[{\"@type\":\"ListItem\",\"position\":1,\"name\":\"Accueil\",\"item\":\"https:\/\/vieassociative.be\/actualites\/\"},{\"@type\":\"ListItem\",\"position\":2,\"name\":\"0: 2 d\u00e9faite \u00e0 La Louvi\u00e8re: comme Eupen n&rsquo;a rien \u00e0 rire et doit continuer \u00e0 s&rsquo;inqui\u00e9ter\"}]},{\"@type\":\"WebSite\",\"@id\":\"https:\/\/vieassociative.be\/actualites\/#website\",\"url\":\"https:\/\/vieassociative.be\/actualites\/\",\"name\":\"Vie Associative\",\"description\":\"\",\"publisher\":{\"@id\":\"https:\/\/vieassociative.be\/actualites\/#organization\"},\"potentialAction\":[{\"@type\":\"SearchAction\",\"target\":{\"@type\":\"EntryPoint\",\"urlTemplate\":\"https:\/\/vieassociative.be\/actualites\/?s={search_term_string}\"},\"query-input\":{\"@type\":\"PropertyValueSpecification\",\"valueRequired\":true,\"valueName\":\"search_term_string\"}}],\"inLanguage\":\"fr-BE\"},{\"@type\":\"Organization\",\"@id\":\"https:\/\/vieassociative.be\/actualites\/#organization\",\"name\":\"Vie Associative\",\"url\":\"https:\/\/vieassociative.be\/actualites\/\",\"logo\":{\"@type\":\"ImageObject\",\"inLanguage\":\"fr-BE\",\"@id\":\"https:\/\/vieassociative.be\/actualites\/#\/schema\/logo\/image\/\",\"url\":\"https:\/\/vieassociative.be\/actualites\/wp-content\/uploads\/2024\/09\/cropped-vieassociative_favicon.ico.png\",\"contentUrl\":\"https:\/\/vieassociative.be\/actualites\/wp-content\/uploads\/2024\/09\/cropped-vieassociative_favicon.ico.png\",\"width\":512,\"height\":512,\"caption\":\"Vie Associative\"},\"image\":{\"@id\":\"https:\/\/vieassociative.be\/actualites\/#\/schema\/logo\/image\/\"}},{\"@type\":\"Person\",\"@id\":\"https:\/\/vieassociative.be\/actualites\/#\/schema\/person\/b87ac4f82f9d4e7b7cec7395b679edc4\",\"name\":\"Julien\",\"image\":{\"@type\":\"ImageObject\",\"inLanguage\":\"fr-BE\",\"@id\":\"https:\/\/vieassociative.be\/actualites\/#\/schema\/person\/image\/\",\"url\":\"https:\/\/vieassociative.be\/actualites\/wp-content\/uploads\/2024\/09\/vie-associative-1-150x150.jpg\",\"contentUrl\":\"https:\/\/vieassociative.be\/actualites\/wp-content\/uploads\/2024\/09\/vie-associative-1-150x150.jpg\",\"caption\":\"Julien\"},\"description\":\"Je suis Julien, r\u00e9dacteur pour Vie Associative. Passionn\u00e9 par le monde associatif depuis plus de 10 ans, j'ai \u00e0 c\u0153ur de partager des histoires inspirantes et de mettre en lumi\u00e8re les initiatives locales. Mon objectif est de sensibiliser et d'encourager l'engagement communautaire \u00e0 travers mes articles.\",\"sameAs\":[\"https:\/\/vieassociative.be\/\"]}]}<\/script>\n<!-- \/ Yoast SEO plugin. -->","yoast_head_json":{"title":"0: 2 d\u00e9faite \u00e0 La Louvi\u00e8re: comme Eupen n'a rien \u00e0 rire et doit continuer \u00e0 s'inqui\u00e9ter | Vie Associative","robots":{"index":"index","follow":"follow","max-snippet":"max-snippet:-1","max-image-preview":"max-image-preview:large","max-video-preview":"max-video-preview:-1"},"canonical":"https:\/\/vieassociative.be\/actualites\/0-2-defaite-a-la-louviere-comme-eupen-na-rien-a-rire-et-doit-continuer-a-sinquieter\/","og_locale":"fr_FR","og_type":"article","og_title":"0: 2 d\u00e9faite \u00e0 La Louvi\u00e8re: comme Eupen n'a rien \u00e0 rire et doit continuer \u00e0 s'inqui\u00e9ter | Vie Associative","og_description":"Le As Eupen doit continuer \u00e0 s&rsquo;inqui\u00e9ter de la rel\u00e9gation. Le noir et blanc a perdu 0-2 dans le troisi\u00e8me du tableau Raal La Louvi\u00e8re.","og_url":"https:\/\/vieassociative.be\/actualites\/0-2-defaite-a-la-louviere-comme-eupen-na-rien-a-rire-et-doit-continuer-a-sinquieter\/","og_site_name":"Vie Associative","article_published_time":"2025-03-01T08:16:57+00:00","og_image":[{"width":279,"height":92,"url":"https:\/\/vieassociative.be\/actualites\/wp-content\/uploads\/2024\/09\/header_backgroundk-01-e1726694325946.png","type":"image\/png"}],"author":"Julien","twitter_card":"summary_large_image","twitter_misc":{"\u00c9crit par":"Julien","Dur\u00e9e de lecture est.":"2 minutes"},"schema":{"@context":"https:\/\/schema.org","@graph":[{"@type":"Article","@id":"https:\/\/vieassociative.be\/actualites\/0-2-defaite-a-la-louviere-comme-eupen-na-rien-a-rire-et-doit-continuer-a-sinquieter\/#article","isPartOf":{"@id":"https:\/\/vieassociative.be\/actualites\/0-2-defaite-a-la-louviere-comme-eupen-na-rien-a-rire-et-doit-continuer-a-sinquieter\/"},"author":{"name":"Julien","@id":"https:\/\/vieassociative.be\/actualites\/#\/schema\/person\/b87ac4f82f9d4e7b7cec7395b679edc4"},"headline":"0: 2 d\u00e9faite \u00e0 La Louvi\u00e8re: comme Eupen n&rsquo;a rien \u00e0 rire et doit continuer \u00e0 s&rsquo;inqui\u00e9ter","datePublished":"2025-03-01T08:16:57+00:00","dateModified":"2025-03-01T08:16:57+00:00","mainEntityOfPage":{"@id":"https:\/\/vieassociative.be\/actualites\/0-2-defaite-a-la-louviere-comme-eupen-na-rien-a-rire-et-doit-continuer-a-sinquieter\/"},"wordCount":505,"publisher":{"@id":"https:\/\/vieassociative.be\/actualites\/#organization"},"image":{"@id":"https:\/\/vieassociative.be\/actualites\/0-2-defaite-a-la-louviere-comme-eupen-na-rien-a-rire-et-doit-continuer-a-sinquieter\/#primaryimage"},"thumbnailUrl":"https:\/\/vieassociative.be\/actualites\/wp-content\/uploads\/2025\/03\/0-2-defaite-a-La-Louviere-comme-Eupen-na-rien.jpg","keywords":["comme","continuer","D\u00e9faite","doit","Eupen","Louvi\u00e8re","rien","rire","sinqui\u00e9ter"],"articleSection":["Belgique"],"inLanguage":"fr-BE"},{"@type":"WebPage","@id":"https:\/\/vieassociative.be\/actualites\/0-2-defaite-a-la-louviere-comme-eupen-na-rien-a-rire-et-doit-continuer-a-sinquieter\/","url":"https:\/\/vieassociative.be\/actualites\/0-2-defaite-a-la-louviere-comme-eupen-na-rien-a-rire-et-doit-continuer-a-sinquieter\/","name":"0: 2 d\u00e9faite \u00e0 La Louvi\u00e8re: comme Eupen n'a rien \u00e0 rire et doit continuer \u00e0 s'inqui\u00e9ter | Vie Associative","isPartOf":{"@id":"https:\/\/vieassociative.be\/actualites\/#website"},"primaryImageOfPage":{"@id":"https:\/\/vieassociative.be\/actualites\/0-2-defaite-a-la-louviere-comme-eupen-na-rien-a-rire-et-doit-continuer-a-sinquieter\/#primaryimage"},"image":{"@id":"https:\/\/vieassociative.be\/actualites\/0-2-defaite-a-la-louviere-comme-eupen-na-rien-a-rire-et-doit-continuer-a-sinquieter\/#primaryimage"},"thumbnailUrl":"https:\/\/vieassociative.be\/actualites\/wp-content\/uploads\/2025\/03\/0-2-defaite-a-La-Louviere-comme-Eupen-na-rien.jpg","datePublished":"2025-03-01T08:16:57+00:00","dateModified":"2025-03-01T08:16:57+00:00","breadcrumb":{"@id":"https:\/\/vieassociative.be\/actualites\/0-2-defaite-a-la-louviere-comme-eupen-na-rien-a-rire-et-doit-continuer-a-sinquieter\/#breadcrumb"},"inLanguage":"fr-BE","potentialAction":[{"@type":"ReadAction","target":["https:\/\/vieassociative.be\/actualites\/0-2-defaite-a-la-louviere-comme-eupen-na-rien-a-rire-et-doit-continuer-a-sinquieter\/"]}]},{"@type":"ImageObject","inLanguage":"fr-BE","@id":"https:\/\/vieassociative.be\/actualites\/0-2-defaite-a-la-louviere-comme-eupen-na-rien-a-rire-et-doit-continuer-a-sinquieter\/#primaryimage","url":"https:\/\/vieassociative.be\/actualites\/wp-content\/uploads\/2025\/03\/0-2-defaite-a-La-Louviere-comme-Eupen-na-rien.jpg","contentUrl":"https:\/\/vieassociative.be\/actualites\/wp-content\/uploads\/2025\/03\/0-2-defaite-a-La-Louviere-comme-Eupen-na-rien.jpg","width":1200,"height":800,"caption":"0: 2 d\u00e9faite \u00e0 La Louvi\u00e8re: comme Eupen n'a rien \u00e0 rire et doit continuer \u00e0 s'inqui\u00e9ter"},{"@type":"BreadcrumbList","@id":"https:\/\/vieassociative.be\/actualites\/0-2-defaite-a-la-louviere-comme-eupen-na-rien-a-rire-et-doit-continuer-a-sinquieter\/#breadcrumb","itemListElement":[{"@type":"ListItem","position":1,"name":"Accueil","item":"https:\/\/vieassociative.be\/actualites\/"},{"@type":"ListItem","position":2,"name":"0: 2 d\u00e9faite \u00e0 La Louvi\u00e8re: comme Eupen n&rsquo;a rien \u00e0 rire et doit continuer \u00e0 s&rsquo;inqui\u00e9ter"}]},{"@type":"WebSite","@id":"https:\/\/vieassociative.be\/actualites\/#website","url":"https:\/\/vieassociative.be\/actualites\/","name":"Vie Associative","description":"","publisher":{"@id":"https:\/\/vieassociative.be\/actualites\/#organization"},"potentialAction":[{"@type":"SearchAction","target":{"@type":"EntryPoint","urlTemplate":"https:\/\/vieassociative.be\/actualites\/?s={search_term_string}"},"query-input":{"@type":"PropertyValueSpecification","valueRequired":true,"valueName":"search_term_string"}}],"inLanguage":"fr-BE"},{"@type":"Organization","@id":"https:\/\/vieassociative.be\/actualites\/#organization","name":"Vie Associative","url":"https:\/\/vieassociative.be\/actualites\/","logo":{"@type":"ImageObject","inLanguage":"fr-BE","@id":"https:\/\/vieassociative.be\/actualites\/#\/schema\/logo\/image\/","url":"https:\/\/vieassociative.be\/actualites\/wp-content\/uploads\/2024\/09\/cropped-vieassociative_favicon.ico.png","contentUrl":"https:\/\/vieassociative.be\/actualites\/wp-content\/uploads\/2024\/09\/cropped-vieassociative_favicon.ico.png","width":512,"height":512,"caption":"Vie Associative"},"image":{"@id":"https:\/\/vieassociative.be\/actualites\/#\/schema\/logo\/image\/"}},{"@type":"Person","@id":"https:\/\/vieassociative.be\/actualites\/#\/schema\/person\/b87ac4f82f9d4e7b7cec7395b679edc4","name":"Julien","image":{"@type":"ImageObject","inLanguage":"fr-BE","@id":"https:\/\/vieassociative.be\/actualites\/#\/schema\/person\/image\/","url":"https:\/\/vieassociative.be\/actualites\/wp-content\/uploads\/2024\/09\/vie-associative-1-150x150.jpg","contentUrl":"https:\/\/vieassociative.be\/actualites\/wp-content\/uploads\/2024\/09\/vie-associative-1-150x150.jpg","caption":"Julien"},"description":"Je suis Julien, r\u00e9dacteur pour Vie Associative. Passionn\u00e9 par le monde associatif depuis plus de 10 ans, j'ai \u00e0 c\u0153ur de partager des histoires inspirantes et de mettre en lumi\u00e8re les initiatives locales. Mon objectif est de sensibiliser et d'encourager l'engagement communautaire \u00e0 travers mes articles.","sameAs":["https:\/\/vieassociative.be\/"]}]}},"_links":{"self":[{"href":"https:\/\/vieassociative.be\/actualites\/wp-json\/wp\/v2\/posts\/5516"}],"collection":[{"href":"https:\/\/vieassociative.be\/actualites\/wp-json\/wp\/v2\/posts"}],"about":[{"href":"https:\/\/vieassociative.be\/actualites\/wp-json\/wp\/v2\/types\/post"}],"author":[{"embeddable":true,"href":"https:\/\/vieassociative.be\/actualites\/wp-json\/wp\/v2\/users\/1"}],"replies":[{"embeddable":true,"href":"https:\/\/vieassociative.be\/actualites\/wp-json\/wp\/v2\/comments?post=5516"}],"version-history":[{"count":0,"href":"https:\/\/vieassociative.be\/actualites\/wp-json\/wp\/v2\/posts\/5516\/revisions"}],"wp:featuredmedia":[{"embeddable":true,"href":"https:\/\/vieassociative.be\/actualites\/wp-json\/wp\/v2\/media\/5517"}],"wp:attachment":[{"href":"https:\/\/vieassociative.be\/actualites\/wp-json\/wp\/v2\/media?parent=5516"}],"wp:term":[{"taxonomy":"category","embeddable":true,"href":"https:\/\/vieassociative.be\/actualites\/wp-json\/wp\/v2\/categories?post=5516"},{"taxonomy":"post_tag","embeddable":true,"href":"https:\/\/vieassociative.be\/actualites\/wp-json\/wp\/v2\/tags?post=5516"}],"curies":[{"name":"wp","href":"https:\/\/api.w.org\/{rel}","templated":true}]}}