{"id":5508,"date":"2025-03-01T05:17:34","date_gmt":"2025-03-01T04:17:34","guid":{"rendered":"https:\/\/vieassociative.be\/actualites\/ce-que-les-gens-se-trompent-cette-semaine-le-fugitif-tiktok\/"},"modified":"2025-03-01T05:17:34","modified_gmt":"2025-03-01T04:17:34","slug":"ce-que-les-gens-se-trompent-cette-semaine-le-fugitif-tiktok","status":"publish","type":"post","link":"https:\/\/vieassociative.be\/actualites\/ce-que-les-gens-se-trompent-cette-semaine-le-fugitif-tiktok\/","title":{"rendered":"Ce que les gens se trompent cette semaine: le fugitif tiktok"},"content":{"rendered":"<div class=\"mt-4 leading-6 md:mb-8\">Le fugitif Tiktok est soit injustement cibl\u00e9 par les gouvernements de plusieurs nations, soit il est plein de merde.<\/div>\n<p><\/p>\n<p>Chad Hower, alias \u00ab\u00a0The Tiktok Fugitive\u00a0\u00bb a une sacr\u00e9e histoire \u00e0 raconter. Il dit que le FBI et Interpol ont essay\u00e9 de l&rsquo;extrader aux \u00c9tats-Unis depuis 16 ans pour faire face \u00e0 des accusations pour un crime qu&rsquo;il n&rsquo;a pas commis. Dans des centaines de vid\u00e9os Tiktok publi\u00e9es en Russie, Saint-Kitts et d&rsquo;autres nations, Hower nargue les autorit\u00e9s et explique les d\u00e9tails byzantins de la fa\u00e7on dont un programmeur informatique innocent Microsoft a fini par un criminel international. Le sort de Hower a attir\u00e9 l&rsquo;attention et la sympathie de certains des plus grands influenceurs sur Tiktok, et ses vid\u00e9os ont \u00e9t\u00e9 vues plus de 120 millions de fois sur la plate-forme. Mais dit-il la v\u00e9rit\u00e9?<\/p>\n<p>L&rsquo;histoire de Hower commence par un divorce amer. Il dit que son ex-femme l&rsquo;a faussement accus\u00e9 d&rsquo;avoir kidnapp\u00e9 son fils, m\u00eame s&rsquo;il avait la garde l\u00e9gale de l&rsquo;enfant \u00e0 l&rsquo;\u00e9poque. Le FBI s&rsquo;est impliqu\u00e9, et un voyage innocent en Europe s&rsquo;est transform\u00e9 en un passage dans une prison bulgare et une vie en fuite.  <\/p>\n<p>Hower dit que les \u00c9tats-Unis ont essay\u00e9 de l&rsquo;extrader au moins trois fois, au moins une nation <em>avec<\/em> Un accord d&rsquo;extradition, mais ils n&rsquo;ont pas r\u00e9ussi parce que les charges retenues contre lui sont fausses sur leur visage. Le FBI, selon Hower, <em>connu<\/em> Il est innocent, mais refuse de mettre fin \u00e0 la chasse \u00e0 l&rsquo;homme. M\u00eame si son enfant est un adulte maintenant, et m\u00eame s&rsquo;il a des documents judiciaires, il dit prouver son innocence en termes incontestables, Hower est toujours oblig\u00e9 de vivre en exil et de se battre pour effacer son nom.<\/p>\n<p>Hower dit que les journalistes sympathiques qui ont tent\u00e9 de couvrir l&rsquo;histoire ont \u00e9t\u00e9 effray\u00e9s par le FBI, ne laissant pas le choix que de ramener son histoire directement aux gens via Tiktok, des podcasts, des interviews en ligne et des p\u00e9titions. Si vous recherchez le nom de Hower, vous serez accueilli avec des pages de sources discutant et amplifiant son histoire et l&rsquo;injustice qui lui a \u00e9t\u00e9 faite, mais peu de sources qui examinent de mani\u00e8re critique ses affirmations. <\/p>\n<p>Tout le monde peut dire n&rsquo;importe quoi sur Internet, mais Hower est vraiment recherch\u00e9 par le FBI. Il est vraiment un fugitif qui a re\u00e7u l&rsquo;asile en Russie, et a vraiment fait \u00e9chouer \u00e0 l&rsquo;extradition. Mais lorsque vous tirez sur toute autre cha\u00eene de cette boule de fil compliqu\u00e9e, il semble se d\u00e9m\u00ealer dans une histoire plus laide o\u00f9 le m\u00e9chant n&rsquo;est pas le FBI. <\/p>\n<h2 id=\"is-hower-an-angry-divorced-guy\">Hower est-il un gars divorc\u00e9 en col\u00e8re?<\/h2>\n<p>Selon le Centre national pour les enfants disparus et exploit\u00e9s, aux \u00c9tats-Unis, environ 200 000 enfants sont enlev\u00e9s chaque ann\u00e9e par un parent ou un autre membre de la famille. La plupart des parents l\u00e9s\u00e9s qui soul\u00e8vent leurs enfants des visites ordonn\u00e9es par le tribunal ne finissent pas comme des criminels internationaux, mais c&rsquo;est peut-\u00eatre le sort que Hower a apport\u00e9 sur lui par son ent\u00eatement et son intelligence personnelle inhabituels.<\/p>\n<p>Je ne vais pas entrer dans le nitty-gritty l\u00e9gal, mais les preuves sugg\u00e8rent que Hower n&rsquo;est pas enti\u00e8rement honn\u00eate \u00e0 propos de tout, pour le dire de fa\u00e7on charitable. Si vous \u00eates int\u00e9ress\u00e9 par les d\u00e9tails, consultez cette vid\u00e9o de recherche exhaustive et excellente de YouTube&rsquo;s Chuppl, qui examine soigneusement de nombreuses affirmations de Hower (et se plonge \u00e9galement dans l&rsquo;habitude de manger des criquets, sa rage de route auto-document\u00e9e, et son passe-temps de cosplayage comme GRU de GRU \u00e0 partir de GRU de la <em>Sbires<\/em>.) Conclusion de Chuppl: La meilleure preuve indique que le cas juridique au centre de tout ce g\u00e2chis a \u00e9t\u00e9 g\u00e9r\u00e9 par les livres, malgr\u00e9 les th\u00e9ories du complot de plus en plus complexes de Hower.<\/p>\n<p>D&rsquo;une mani\u00e8re g\u00e9n\u00e9rale, les documents de Hower sur l&rsquo;enl\u00e8vement initial ne semblent indiquer qu&rsquo;il est innocent que si vous ignorez d&rsquo;autres documents, ordonnances judiciaires et lois &#8211; c&rsquo;\u00e9tait une affaire de garde tr\u00e8s complexe impliquant les tribunaux d&rsquo;\u00c9tat du Tennessee et de la Pennsylvanie et finalement la Cour f\u00e9d\u00e9rale. C&rsquo;est la m\u00eame chose avec les extrations: une explication plus raisonnable pour une extradition rat\u00e9e serait un manque de double criminalit\u00e9. Si la Bulgarie n&rsquo;a pas de loi contre ce type d&rsquo;enl\u00e8vement, ils n&rsquo;extraderaient pas, quelles que soient les informations qui leur sont pr\u00e9sent\u00e9es. <\/p>\n<p>Alors il y a le <em>ambiance<\/em>.<\/p>\n<h2 id=\"the-importance-of-a-working-bullshit-meter\">L&rsquo;importance d&rsquo;un compteur de conneries qui fonctionne<\/h2>\n<p>Dans une minute apr\u00e8s avoir regard\u00e9 ma premi\u00e8re vid\u00e9o Hower, j&rsquo;\u00e9tais sceptique &#8211; de pude en faisant <em>extraordinaire<\/em> affirmations &#8211; et \u00e0 partir de l\u00e0, chaque nouveau d\u00e9tail a rendu l&rsquo;histoire moins cr\u00e9dible au lieu de plus. Je ne peux pas parler d\u00e9finitivement de la d\u00e9mystification factuelle sans consacrer ma vie \u00e0 l&rsquo;explorer, mais l&rsquo;histoire ne passe pas mon test d&rsquo;odeur personnel. <\/p>\n<p>Il n&rsquo;y a aucune explication plausible de <em>pourquoi<\/em> Le FBI perdrait tellement de temps et d&rsquo;efforts \u00e0 poursuivre un homme relativement peu important qu&rsquo;ils savent \u00eatre innocent, ce qui conduit \u00e0 la suggestion que la CIA pourrait \u00eatre impliqu\u00e9e parce qu&rsquo;elle voulait recruter Hower pour l&rsquo;agence &#8211; une autre pilule difficile \u00e0 voler. (Astuce gratuite: Quand quelqu&rsquo;un mentionne la CIA pour couvrir un trou dans son histoire, vous pouvez arr\u00eater d&rsquo;\u00e9couter; 99 fois sur 100, ils vous mentent.) Ensuite, il y a la suggestion que les journalistes \u00ab\u00a0traditionnels\u00a0\u00bb ont \u00e9t\u00e9 effray\u00e9s par le FBI. Une possibilit\u00e9 plus raisonnable: les journalistes cr\u00e9dibles ont montr\u00e9 de l&rsquo;int\u00e9r\u00eat, ont fait des recherches, ont chronom\u00e9tr\u00e9 le gars comme un faux et ont cess\u00e9 de remettre ses appels.<\/p>\n<p>Mais surtout, Hower a un \u00ab\u00a0ce gars est tellement plein de <em>merde<\/em>\u00ab\u00a0Sentant que je ne peux pas expliquer rationnellement. Il ressemble \u00e0 une personne intelligente, motiv\u00e9e et bizarre avec une hache \u00e0 moudre et un <em>parcelle<\/em> du temps pour le perfectionner \u00e0 un bord pointu. Peut-\u00eatre qu&rsquo;il est motiv\u00e9 par la col\u00e8re juste bas\u00e9e sur l&rsquo;injustice l\u00e9gitime du syst\u00e8me judiciaire, mais ses nombreuses demi-v\u00e9rit\u00e9s et ses explications fantaisistes se sentent intentionnellement con\u00e7ues pour influencer les gens. Il m&rsquo;est difficile de ne pas voir quelque chose de sinistre l\u00e0-bas. C&rsquo;est clairement une personne assez intelligente pour savoir qu&rsquo;il pr\u00e9sente un c\u00f4t\u00e9 d&rsquo;une histoire complexe et l&rsquo;appelle toute la v\u00e9rit\u00e9 (au mieux), et il est troublant que tant de gens ne puissent pas voir \u00e0 travers cela. <\/p>\n<p><script async src=\"\/\/www.tiktok.com\/embed.js\"><\/script><\/p>\n","protected":false},"excerpt":{"rendered":"<p>Le fugitif Tiktok est soit injustement cibl\u00e9 par les gouvernements de plusieurs nations, soit il est plein de merde. Chad Hower, alias \u00ab\u00a0The Tiktok Fugitive\u00a0\u00bb<\/p>\n","protected":false},"author":1,"featured_media":5509,"comment_status":"","ping_status":"","sticky":false,"template":"","format":"standard","meta":{"footnotes":""},"categories":[36],"tags":[206,5619,1046,14,1348,75,2469],"class_list":["post-5508","post","type-post","status-publish","format-standard","has-post-thumbnail","hentry","category-divertissement","tag-cette","tag-fugitif","tag-gens","tag-les","tag-semaine","tag-tiktok","tag-trompent","generate-columns","tablet-grid-50","mobile-grid-100","grid-parent","grid-33"],"yoast_head":"<!-- This site is optimized with the Yoast SEO plugin v24.0 - https:\/\/yoast.com\/wordpress\/plugins\/seo\/ -->\n<title>Ce que les gens se trompent cette semaine: le fugitif tiktok | Vie Associative<\/title>\n<meta name=\"robots\" content=\"index, follow, max-snippet:-1, max-image-preview:large, max-video-preview:-1\" \/>\n<link rel=\"canonical\" href=\"https:\/\/vieassociative.be\/actualites\/ce-que-les-gens-se-trompent-cette-semaine-le-fugitif-tiktok\/\" \/>\n<meta property=\"og:locale\" content=\"fr_FR\" \/>\n<meta property=\"og:type\" content=\"article\" \/>\n<meta property=\"og:title\" content=\"Ce que les gens se trompent cette semaine: le fugitif tiktok | Vie Associative\" \/>\n<meta property=\"og:description\" content=\"Le fugitif Tiktok est soit injustement cibl\u00e9 par les gouvernements de plusieurs nations, soit il est plein de merde. Chad Hower, alias \u00ab\u00a0The Tiktok Fugitive\u00a0\u00bb\" \/>\n<meta property=\"og:url\" content=\"https:\/\/vieassociative.be\/actualites\/ce-que-les-gens-se-trompent-cette-semaine-le-fugitif-tiktok\/\" \/>\n<meta property=\"og:site_name\" content=\"Vie Associative\" \/>\n<meta property=\"article:published_time\" content=\"2025-03-01T04:17:34+00:00\" \/>\n<meta property=\"og:image\" content=\"https:\/\/vieassociative.be\/actualites\/wp-content\/uploads\/2024\/09\/header_backgroundk-01-e1726694325946.png\" \/>\n\t<meta property=\"og:image:width\" content=\"279\" \/>\n\t<meta property=\"og:image:height\" content=\"92\" \/>\n\t<meta property=\"og:image:type\" content=\"image\/png\" \/>\n<meta name=\"author\" content=\"Julien\" \/>\n<meta name=\"twitter:card\" content=\"summary_large_image\" \/>\n<meta name=\"twitter:label1\" content=\"\u00c9crit par\" \/>\n\t<meta name=\"twitter:data1\" content=\"Julien\" \/>\n\t<meta name=\"twitter:label2\" content=\"Dur\u00e9e de lecture est.\" \/>\n\t<meta name=\"twitter:data2\" content=\"6 minutes\" \/>\n<script type=\"application\/ld+json\" class=\"yoast-schema-graph\">{\"@context\":\"https:\/\/schema.org\",\"@graph\":[{\"@type\":\"Article\",\"@id\":\"https:\/\/vieassociative.be\/actualites\/ce-que-les-gens-se-trompent-cette-semaine-le-fugitif-tiktok\/#article\",\"isPartOf\":{\"@id\":\"https:\/\/vieassociative.be\/actualites\/ce-que-les-gens-se-trompent-cette-semaine-le-fugitif-tiktok\/\"},\"author\":{\"name\":\"Julien\",\"@id\":\"https:\/\/vieassociative.be\/actualites\/#\/schema\/person\/b87ac4f82f9d4e7b7cec7395b679edc4\"},\"headline\":\"Ce que les gens se trompent cette semaine: le fugitif tiktok\",\"datePublished\":\"2025-03-01T04:17:34+00:00\",\"dateModified\":\"2025-03-01T04:17:34+00:00\",\"mainEntityOfPage\":{\"@id\":\"https:\/\/vieassociative.be\/actualites\/ce-que-les-gens-se-trompent-cette-semaine-le-fugitif-tiktok\/\"},\"wordCount\":1175,\"publisher\":{\"@id\":\"https:\/\/vieassociative.be\/actualites\/#organization\"},\"image\":{\"@id\":\"https:\/\/vieassociative.be\/actualites\/ce-que-les-gens-se-trompent-cette-semaine-le-fugitif-tiktok\/#primaryimage\"},\"thumbnailUrl\":\"https:\/\/vieassociative.be\/actualites\/wp-content\/uploads\/2025\/03\/Ce-que-les-gens-se-trompent-cette-semaine-le-fugitif.png\",\"keywords\":[\"cette\",\"fugitif\",\"gens\",\"Les\",\"semaine\",\"TikTok\",\"trompent\"],\"articleSection\":[\"Divertissement\"],\"inLanguage\":\"fr-BE\"},{\"@type\":\"WebPage\",\"@id\":\"https:\/\/vieassociative.be\/actualites\/ce-que-les-gens-se-trompent-cette-semaine-le-fugitif-tiktok\/\",\"url\":\"https:\/\/vieassociative.be\/actualites\/ce-que-les-gens-se-trompent-cette-semaine-le-fugitif-tiktok\/\",\"name\":\"Ce que les gens se trompent cette semaine: le fugitif tiktok | Vie Associative\",\"isPartOf\":{\"@id\":\"https:\/\/vieassociative.be\/actualites\/#website\"},\"primaryImageOfPage\":{\"@id\":\"https:\/\/vieassociative.be\/actualites\/ce-que-les-gens-se-trompent-cette-semaine-le-fugitif-tiktok\/#primaryimage\"},\"image\":{\"@id\":\"https:\/\/vieassociative.be\/actualites\/ce-que-les-gens-se-trompent-cette-semaine-le-fugitif-tiktok\/#primaryimage\"},\"thumbnailUrl\":\"https:\/\/vieassociative.be\/actualites\/wp-content\/uploads\/2025\/03\/Ce-que-les-gens-se-trompent-cette-semaine-le-fugitif.png\",\"datePublished\":\"2025-03-01T04:17:34+00:00\",\"dateModified\":\"2025-03-01T04:17:34+00:00\",\"breadcrumb\":{\"@id\":\"https:\/\/vieassociative.be\/actualites\/ce-que-les-gens-se-trompent-cette-semaine-le-fugitif-tiktok\/#breadcrumb\"},\"inLanguage\":\"fr-BE\",\"potentialAction\":[{\"@type\":\"ReadAction\",\"target\":[\"https:\/\/vieassociative.be\/actualites\/ce-que-les-gens-se-trompent-cette-semaine-le-fugitif-tiktok\/\"]}]},{\"@type\":\"ImageObject\",\"inLanguage\":\"fr-BE\",\"@id\":\"https:\/\/vieassociative.be\/actualites\/ce-que-les-gens-se-trompent-cette-semaine-le-fugitif-tiktok\/#primaryimage\",\"url\":\"https:\/\/vieassociative.be\/actualites\/wp-content\/uploads\/2025\/03\/Ce-que-les-gens-se-trompent-cette-semaine-le-fugitif.png\",\"contentUrl\":\"https:\/\/vieassociative.be\/actualites\/wp-content\/uploads\/2025\/03\/Ce-que-les-gens-se-trompent-cette-semaine-le-fugitif.png\",\"width\":1200,\"height\":675,\"caption\":\"Ce que les gens se trompent cette semaine: le fugitif tiktok\"},{\"@type\":\"BreadcrumbList\",\"@id\":\"https:\/\/vieassociative.be\/actualites\/ce-que-les-gens-se-trompent-cette-semaine-le-fugitif-tiktok\/#breadcrumb\",\"itemListElement\":[{\"@type\":\"ListItem\",\"position\":1,\"name\":\"Accueil\",\"item\":\"https:\/\/vieassociative.be\/actualites\/\"},{\"@type\":\"ListItem\",\"position\":2,\"name\":\"Ce que les gens se trompent cette semaine: le fugitif tiktok\"}]},{\"@type\":\"WebSite\",\"@id\":\"https:\/\/vieassociative.be\/actualites\/#website\",\"url\":\"https:\/\/vieassociative.be\/actualites\/\",\"name\":\"Vie Associative\",\"description\":\"\",\"publisher\":{\"@id\":\"https:\/\/vieassociative.be\/actualites\/#organization\"},\"potentialAction\":[{\"@type\":\"SearchAction\",\"target\":{\"@type\":\"EntryPoint\",\"urlTemplate\":\"https:\/\/vieassociative.be\/actualites\/?s={search_term_string}\"},\"query-input\":{\"@type\":\"PropertyValueSpecification\",\"valueRequired\":true,\"valueName\":\"search_term_string\"}}],\"inLanguage\":\"fr-BE\"},{\"@type\":\"Organization\",\"@id\":\"https:\/\/vieassociative.be\/actualites\/#organization\",\"name\":\"Vie Associative\",\"url\":\"https:\/\/vieassociative.be\/actualites\/\",\"logo\":{\"@type\":\"ImageObject\",\"inLanguage\":\"fr-BE\",\"@id\":\"https:\/\/vieassociative.be\/actualites\/#\/schema\/logo\/image\/\",\"url\":\"https:\/\/vieassociative.be\/actualites\/wp-content\/uploads\/2024\/09\/cropped-vieassociative_favicon.ico.png\",\"contentUrl\":\"https:\/\/vieassociative.be\/actualites\/wp-content\/uploads\/2024\/09\/cropped-vieassociative_favicon.ico.png\",\"width\":512,\"height\":512,\"caption\":\"Vie Associative\"},\"image\":{\"@id\":\"https:\/\/vieassociative.be\/actualites\/#\/schema\/logo\/image\/\"}},{\"@type\":\"Person\",\"@id\":\"https:\/\/vieassociative.be\/actualites\/#\/schema\/person\/b87ac4f82f9d4e7b7cec7395b679edc4\",\"name\":\"Julien\",\"image\":{\"@type\":\"ImageObject\",\"inLanguage\":\"fr-BE\",\"@id\":\"https:\/\/vieassociative.be\/actualites\/#\/schema\/person\/image\/\",\"url\":\"https:\/\/vieassociative.be\/actualites\/wp-content\/uploads\/2024\/09\/vie-associative-1-150x150.jpg\",\"contentUrl\":\"https:\/\/vieassociative.be\/actualites\/wp-content\/uploads\/2024\/09\/vie-associative-1-150x150.jpg\",\"caption\":\"Julien\"},\"description\":\"Je suis Julien, r\u00e9dacteur pour Vie Associative. Passionn\u00e9 par le monde associatif depuis plus de 10 ans, j'ai \u00e0 c\u0153ur de partager des histoires inspirantes et de mettre en lumi\u00e8re les initiatives locales. Mon objectif est de sensibiliser et d'encourager l'engagement communautaire \u00e0 travers mes articles.\",\"sameAs\":[\"https:\/\/vieassociative.be\/\"]}]}<\/script>\n<!-- \/ Yoast SEO plugin. -->","yoast_head_json":{"title":"Ce que les gens se trompent cette semaine: le fugitif tiktok | Vie Associative","robots":{"index":"index","follow":"follow","max-snippet":"max-snippet:-1","max-image-preview":"max-image-preview:large","max-video-preview":"max-video-preview:-1"},"canonical":"https:\/\/vieassociative.be\/actualites\/ce-que-les-gens-se-trompent-cette-semaine-le-fugitif-tiktok\/","og_locale":"fr_FR","og_type":"article","og_title":"Ce que les gens se trompent cette semaine: le fugitif tiktok | Vie Associative","og_description":"Le fugitif Tiktok est soit injustement cibl\u00e9 par les gouvernements de plusieurs nations, soit il est plein de merde. Chad Hower, alias \u00ab\u00a0The Tiktok Fugitive\u00a0\u00bb","og_url":"https:\/\/vieassociative.be\/actualites\/ce-que-les-gens-se-trompent-cette-semaine-le-fugitif-tiktok\/","og_site_name":"Vie Associative","article_published_time":"2025-03-01T04:17:34+00:00","og_image":[{"width":279,"height":92,"url":"https:\/\/vieassociative.be\/actualites\/wp-content\/uploads\/2024\/09\/header_backgroundk-01-e1726694325946.png","type":"image\/png"}],"author":"Julien","twitter_card":"summary_large_image","twitter_misc":{"\u00c9crit par":"Julien","Dur\u00e9e de lecture est.":"6 minutes"},"schema":{"@context":"https:\/\/schema.org","@graph":[{"@type":"Article","@id":"https:\/\/vieassociative.be\/actualites\/ce-que-les-gens-se-trompent-cette-semaine-le-fugitif-tiktok\/#article","isPartOf":{"@id":"https:\/\/vieassociative.be\/actualites\/ce-que-les-gens-se-trompent-cette-semaine-le-fugitif-tiktok\/"},"author":{"name":"Julien","@id":"https:\/\/vieassociative.be\/actualites\/#\/schema\/person\/b87ac4f82f9d4e7b7cec7395b679edc4"},"headline":"Ce que les gens se trompent cette semaine: le fugitif tiktok","datePublished":"2025-03-01T04:17:34+00:00","dateModified":"2025-03-01T04:17:34+00:00","mainEntityOfPage":{"@id":"https:\/\/vieassociative.be\/actualites\/ce-que-les-gens-se-trompent-cette-semaine-le-fugitif-tiktok\/"},"wordCount":1175,"publisher":{"@id":"https:\/\/vieassociative.be\/actualites\/#organization"},"image":{"@id":"https:\/\/vieassociative.be\/actualites\/ce-que-les-gens-se-trompent-cette-semaine-le-fugitif-tiktok\/#primaryimage"},"thumbnailUrl":"https:\/\/vieassociative.be\/actualites\/wp-content\/uploads\/2025\/03\/Ce-que-les-gens-se-trompent-cette-semaine-le-fugitif.png","keywords":["cette","fugitif","gens","Les","semaine","TikTok","trompent"],"articleSection":["Divertissement"],"inLanguage":"fr-BE"},{"@type":"WebPage","@id":"https:\/\/vieassociative.be\/actualites\/ce-que-les-gens-se-trompent-cette-semaine-le-fugitif-tiktok\/","url":"https:\/\/vieassociative.be\/actualites\/ce-que-les-gens-se-trompent-cette-semaine-le-fugitif-tiktok\/","name":"Ce que les gens se trompent cette semaine: le fugitif tiktok | Vie Associative","isPartOf":{"@id":"https:\/\/vieassociative.be\/actualites\/#website"},"primaryImageOfPage":{"@id":"https:\/\/vieassociative.be\/actualites\/ce-que-les-gens-se-trompent-cette-semaine-le-fugitif-tiktok\/#primaryimage"},"image":{"@id":"https:\/\/vieassociative.be\/actualites\/ce-que-les-gens-se-trompent-cette-semaine-le-fugitif-tiktok\/#primaryimage"},"thumbnailUrl":"https:\/\/vieassociative.be\/actualites\/wp-content\/uploads\/2025\/03\/Ce-que-les-gens-se-trompent-cette-semaine-le-fugitif.png","datePublished":"2025-03-01T04:17:34+00:00","dateModified":"2025-03-01T04:17:34+00:00","breadcrumb":{"@id":"https:\/\/vieassociative.be\/actualites\/ce-que-les-gens-se-trompent-cette-semaine-le-fugitif-tiktok\/#breadcrumb"},"inLanguage":"fr-BE","potentialAction":[{"@type":"ReadAction","target":["https:\/\/vieassociative.be\/actualites\/ce-que-les-gens-se-trompent-cette-semaine-le-fugitif-tiktok\/"]}]},{"@type":"ImageObject","inLanguage":"fr-BE","@id":"https:\/\/vieassociative.be\/actualites\/ce-que-les-gens-se-trompent-cette-semaine-le-fugitif-tiktok\/#primaryimage","url":"https:\/\/vieassociative.be\/actualites\/wp-content\/uploads\/2025\/03\/Ce-que-les-gens-se-trompent-cette-semaine-le-fugitif.png","contentUrl":"https:\/\/vieassociative.be\/actualites\/wp-content\/uploads\/2025\/03\/Ce-que-les-gens-se-trompent-cette-semaine-le-fugitif.png","width":1200,"height":675,"caption":"Ce que les gens se trompent cette semaine: le fugitif tiktok"},{"@type":"BreadcrumbList","@id":"https:\/\/vieassociative.be\/actualites\/ce-que-les-gens-se-trompent-cette-semaine-le-fugitif-tiktok\/#breadcrumb","itemListElement":[{"@type":"ListItem","position":1,"name":"Accueil","item":"https:\/\/vieassociative.be\/actualites\/"},{"@type":"ListItem","position":2,"name":"Ce que les gens se trompent cette semaine: le fugitif tiktok"}]},{"@type":"WebSite","@id":"https:\/\/vieassociative.be\/actualites\/#website","url":"https:\/\/vieassociative.be\/actualites\/","name":"Vie Associative","description":"","publisher":{"@id":"https:\/\/vieassociative.be\/actualites\/#organization"},"potentialAction":[{"@type":"SearchAction","target":{"@type":"EntryPoint","urlTemplate":"https:\/\/vieassociative.be\/actualites\/?s={search_term_string}"},"query-input":{"@type":"PropertyValueSpecification","valueRequired":true,"valueName":"search_term_string"}}],"inLanguage":"fr-BE"},{"@type":"Organization","@id":"https:\/\/vieassociative.be\/actualites\/#organization","name":"Vie Associative","url":"https:\/\/vieassociative.be\/actualites\/","logo":{"@type":"ImageObject","inLanguage":"fr-BE","@id":"https:\/\/vieassociative.be\/actualites\/#\/schema\/logo\/image\/","url":"https:\/\/vieassociative.be\/actualites\/wp-content\/uploads\/2024\/09\/cropped-vieassociative_favicon.ico.png","contentUrl":"https:\/\/vieassociative.be\/actualites\/wp-content\/uploads\/2024\/09\/cropped-vieassociative_favicon.ico.png","width":512,"height":512,"caption":"Vie Associative"},"image":{"@id":"https:\/\/vieassociative.be\/actualites\/#\/schema\/logo\/image\/"}},{"@type":"Person","@id":"https:\/\/vieassociative.be\/actualites\/#\/schema\/person\/b87ac4f82f9d4e7b7cec7395b679edc4","name":"Julien","image":{"@type":"ImageObject","inLanguage":"fr-BE","@id":"https:\/\/vieassociative.be\/actualites\/#\/schema\/person\/image\/","url":"https:\/\/vieassociative.be\/actualites\/wp-content\/uploads\/2024\/09\/vie-associative-1-150x150.jpg","contentUrl":"https:\/\/vieassociative.be\/actualites\/wp-content\/uploads\/2024\/09\/vie-associative-1-150x150.jpg","caption":"Julien"},"description":"Je suis Julien, r\u00e9dacteur pour Vie Associative. Passionn\u00e9 par le monde associatif depuis plus de 10 ans, j'ai \u00e0 c\u0153ur de partager des histoires inspirantes et de mettre en lumi\u00e8re les initiatives locales. Mon objectif est de sensibiliser et d'encourager l'engagement communautaire \u00e0 travers mes articles.","sameAs":["https:\/\/vieassociative.be\/"]}]}},"_links":{"self":[{"href":"https:\/\/vieassociative.be\/actualites\/wp-json\/wp\/v2\/posts\/5508"}],"collection":[{"href":"https:\/\/vieassociative.be\/actualites\/wp-json\/wp\/v2\/posts"}],"about":[{"href":"https:\/\/vieassociative.be\/actualites\/wp-json\/wp\/v2\/types\/post"}],"author":[{"embeddable":true,"href":"https:\/\/vieassociative.be\/actualites\/wp-json\/wp\/v2\/users\/1"}],"replies":[{"embeddable":true,"href":"https:\/\/vieassociative.be\/actualites\/wp-json\/wp\/v2\/comments?post=5508"}],"version-history":[{"count":0,"href":"https:\/\/vieassociative.be\/actualites\/wp-json\/wp\/v2\/posts\/5508\/revisions"}],"wp:featuredmedia":[{"embeddable":true,"href":"https:\/\/vieassociative.be\/actualites\/wp-json\/wp\/v2\/media\/5509"}],"wp:attachment":[{"href":"https:\/\/vieassociative.be\/actualites\/wp-json\/wp\/v2\/media?parent=5508"}],"wp:term":[{"taxonomy":"category","embeddable":true,"href":"https:\/\/vieassociative.be\/actualites\/wp-json\/wp\/v2\/categories?post=5508"},{"taxonomy":"post_tag","embeddable":true,"href":"https:\/\/vieassociative.be\/actualites\/wp-json\/wp\/v2\/tags?post=5508"}],"curies":[{"name":"wp","href":"https:\/\/api.w.org\/{rel}","templated":true}]}}