{"id":5506,"date":"2025-03-01T03:17:06","date_gmt":"2025-03-01T02:17:06","guid":{"rendered":"https:\/\/vieassociative.be\/actualites\/3-1-victoire-a-stuttgart-bayern-munich-a-continue-sur-le-cours-de-titre\/"},"modified":"2025-03-01T03:17:06","modified_gmt":"2025-03-01T02:17:06","slug":"3-1-victoire-a-stuttgart-bayern-munich-a-continue-sur-le-cours-de-titre","status":"publish","type":"post","link":"https:\/\/vieassociative.be\/actualites\/3-1-victoire-a-stuttgart-bayern-munich-a-continue-sur-le-cours-de-titre\/","title":{"rendered":"3: 1 Victoire \u00e0 Stuttgart-Bayern Munich a continu\u00e9 sur le cours de titre"},"content":{"rendered":"<p><strong>La prochaine \u00e9tape vers le championnat a \u00e9t\u00e9 faite, la r\u00e9p\u00e9tition g\u00e9n\u00e9rale de l&rsquo;accident de classe royale. Le FC Bayern Munich a remport\u00e9 le coup sud de la Bundesliga \u00e0 VFB Stuttgart avec 3: 1 (1: 1) sans une grande gloire.<\/strong><\/p>\n<p><span id=\"more-409514\"><\/span>Le champion de disques allemand a \u00e9largi son avance en haut de la table au poursuivant Bayer Leverkusen, du moins temporairement \u00e0 onze points. Et il a obtenu une autre confiance pour la holdage de 16 en Ligue des champions contre le Werkelf mercredi.<\/p>\n<p><strong>-Bavaria a \u00e9t\u00e9 invaincu pour dix matchs de championnat:<\/strong> Angelo Stiller a mis l&rsquo;\u00e9quipe de Stuttgart, qui a perdu le troisi\u00e8me match \u00e0 domicile en s\u00e9rie, en t\u00eate \u00e0 la 34e minute. Le fort Michael Olise (45e) et Leon Goretzka (64e) ont rendu le jeu en faveur de la Bavi\u00e8re. Une perte de balle du silence autrement convaincant a \u00e9t\u00e9 pr\u00e9c\u00e9d\u00e9e par le deuxi\u00e8me but des invit\u00e9s. \u00c0 la 90e minute, Kingsley Coman a pris la d\u00e9cision avec son objectif.<\/p>\n<p>Le Bayern est rest\u00e9 invaincu dans le dixi\u00e8me match de championnat en s\u00e9rie, dont neuf. Apr\u00e8s la faillite de la nouvelle maison, la VFB doit continuer \u00e0 s&rsquo;inqui\u00e9ter de la Coupe d&rsquo;Europe renouvel\u00e9e. (DPA)<\/p>\n","protected":false},"excerpt":{"rendered":"<p>La prochaine \u00e9tape vers le championnat a \u00e9t\u00e9 faite, la r\u00e9p\u00e9tition g\u00e9n\u00e9rale de l&rsquo;accident de classe royale. Le FC Bayern Munich a remport\u00e9 le coup<\/p>\n","protected":false},"author":1,"featured_media":5507,"comment_status":"","ping_status":"","sticky":false,"template":"","format":"standard","meta":{"footnotes":""},"categories":[298],"tags":[2426,335,3449,5618,33,2504,784],"class_list":["post-5506","post","type-post","status-publish","format-standard","has-post-thumbnail","hentry","category-belgique","tag-continue","tag-cours","tag-munich","tag-stuttgartbayern","tag-sur","tag-titre","tag-victoire","generate-columns","tablet-grid-50","mobile-grid-100","grid-parent","grid-33"],"yoast_head":"<!-- This site is optimized with the Yoast SEO plugin v24.0 - https:\/\/yoast.com\/wordpress\/plugins\/seo\/ -->\n<title>3: 1 Victoire \u00e0 Stuttgart-Bayern Munich a continu\u00e9 sur le cours de titre | Vie Associative<\/title>\n<meta name=\"robots\" content=\"index, follow, max-snippet:-1, max-image-preview:large, max-video-preview:-1\" \/>\n<link rel=\"canonical\" href=\"https:\/\/vieassociative.be\/actualites\/3-1-victoire-a-stuttgart-bayern-munich-a-continue-sur-le-cours-de-titre\/\" \/>\n<meta property=\"og:locale\" content=\"fr_FR\" \/>\n<meta property=\"og:type\" content=\"article\" \/>\n<meta property=\"og:title\" content=\"3: 1 Victoire \u00e0 Stuttgart-Bayern Munich a continu\u00e9 sur le cours de titre | Vie Associative\" \/>\n<meta property=\"og:description\" content=\"La prochaine \u00e9tape vers le championnat a \u00e9t\u00e9 faite, la r\u00e9p\u00e9tition g\u00e9n\u00e9rale de l&rsquo;accident de classe royale. Le FC Bayern Munich a remport\u00e9 le coup\" \/>\n<meta property=\"og:url\" content=\"https:\/\/vieassociative.be\/actualites\/3-1-victoire-a-stuttgart-bayern-munich-a-continue-sur-le-cours-de-titre\/\" \/>\n<meta property=\"og:site_name\" content=\"Vie Associative\" \/>\n<meta property=\"article:published_time\" content=\"2025-03-01T02:17:06+00:00\" \/>\n<meta property=\"og:image\" content=\"https:\/\/vieassociative.be\/actualites\/wp-content\/uploads\/2024\/09\/header_backgroundk-01-e1726694325946.png\" \/>\n\t<meta property=\"og:image:width\" content=\"279\" \/>\n\t<meta property=\"og:image:height\" content=\"92\" \/>\n\t<meta property=\"og:image:type\" content=\"image\/png\" \/>\n<meta name=\"author\" content=\"Julien\" \/>\n<meta name=\"twitter:card\" content=\"summary_large_image\" \/>\n<meta name=\"twitter:label1\" content=\"\u00c9crit par\" \/>\n\t<meta name=\"twitter:data1\" content=\"Julien\" \/>\n\t<meta name=\"twitter:label2\" content=\"Dur\u00e9e de lecture est.\" \/>\n\t<meta name=\"twitter:data2\" content=\"1 minute\" \/>\n<script type=\"application\/ld+json\" class=\"yoast-schema-graph\">{\"@context\":\"https:\/\/schema.org\",\"@graph\":[{\"@type\":\"Article\",\"@id\":\"https:\/\/vieassociative.be\/actualites\/3-1-victoire-a-stuttgart-bayern-munich-a-continue-sur-le-cours-de-titre\/#article\",\"isPartOf\":{\"@id\":\"https:\/\/vieassociative.be\/actualites\/3-1-victoire-a-stuttgart-bayern-munich-a-continue-sur-le-cours-de-titre\/\"},\"author\":{\"name\":\"Julien\",\"@id\":\"https:\/\/vieassociative.be\/actualites\/#\/schema\/person\/b87ac4f82f9d4e7b7cec7395b679edc4\"},\"headline\":\"3: 1 Victoire \u00e0 Stuttgart-Bayern Munich a continu\u00e9 sur le cours de titre\",\"datePublished\":\"2025-03-01T02:17:06+00:00\",\"dateModified\":\"2025-03-01T02:17:06+00:00\",\"mainEntityOfPage\":{\"@id\":\"https:\/\/vieassociative.be\/actualites\/3-1-victoire-a-stuttgart-bayern-munich-a-continue-sur-le-cours-de-titre\/\"},\"wordCount\":221,\"publisher\":{\"@id\":\"https:\/\/vieassociative.be\/actualites\/#organization\"},\"image\":{\"@id\":\"https:\/\/vieassociative.be\/actualites\/3-1-victoire-a-stuttgart-bayern-munich-a-continue-sur-le-cours-de-titre\/#primaryimage\"},\"thumbnailUrl\":\"https:\/\/vieassociative.be\/actualites\/wp-content\/uploads\/2025\/03\/3-1-Victoire-a-Stuttgart-Bayern-Munich-a-continue-sur-le.jpg\",\"keywords\":[\"continue\",\"cours\",\"Munich\",\"StuttgartBayern\",\"sur\",\"titre\",\"victoire\"],\"articleSection\":[\"Belgique\"],\"inLanguage\":\"fr-BE\"},{\"@type\":\"WebPage\",\"@id\":\"https:\/\/vieassociative.be\/actualites\/3-1-victoire-a-stuttgart-bayern-munich-a-continue-sur-le-cours-de-titre\/\",\"url\":\"https:\/\/vieassociative.be\/actualites\/3-1-victoire-a-stuttgart-bayern-munich-a-continue-sur-le-cours-de-titre\/\",\"name\":\"3: 1 Victoire \u00e0 Stuttgart-Bayern Munich a continu\u00e9 sur le cours de titre | Vie Associative\",\"isPartOf\":{\"@id\":\"https:\/\/vieassociative.be\/actualites\/#website\"},\"primaryImageOfPage\":{\"@id\":\"https:\/\/vieassociative.be\/actualites\/3-1-victoire-a-stuttgart-bayern-munich-a-continue-sur-le-cours-de-titre\/#primaryimage\"},\"image\":{\"@id\":\"https:\/\/vieassociative.be\/actualites\/3-1-victoire-a-stuttgart-bayern-munich-a-continue-sur-le-cours-de-titre\/#primaryimage\"},\"thumbnailUrl\":\"https:\/\/vieassociative.be\/actualites\/wp-content\/uploads\/2025\/03\/3-1-Victoire-a-Stuttgart-Bayern-Munich-a-continue-sur-le.jpg\",\"datePublished\":\"2025-03-01T02:17:06+00:00\",\"dateModified\":\"2025-03-01T02:17:06+00:00\",\"breadcrumb\":{\"@id\":\"https:\/\/vieassociative.be\/actualites\/3-1-victoire-a-stuttgart-bayern-munich-a-continue-sur-le-cours-de-titre\/#breadcrumb\"},\"inLanguage\":\"fr-BE\",\"potentialAction\":[{\"@type\":\"ReadAction\",\"target\":[\"https:\/\/vieassociative.be\/actualites\/3-1-victoire-a-stuttgart-bayern-munich-a-continue-sur-le-cours-de-titre\/\"]}]},{\"@type\":\"ImageObject\",\"inLanguage\":\"fr-BE\",\"@id\":\"https:\/\/vieassociative.be\/actualites\/3-1-victoire-a-stuttgart-bayern-munich-a-continue-sur-le-cours-de-titre\/#primaryimage\",\"url\":\"https:\/\/vieassociative.be\/actualites\/wp-content\/uploads\/2025\/03\/3-1-Victoire-a-Stuttgart-Bayern-Munich-a-continue-sur-le.jpg\",\"contentUrl\":\"https:\/\/vieassociative.be\/actualites\/wp-content\/uploads\/2025\/03\/3-1-Victoire-a-Stuttgart-Bayern-Munich-a-continue-sur-le.jpg\",\"width\":1200,\"height\":800,\"caption\":\"3: 1 Victoire \u00e0 Stuttgart-Bayern Munich a continu\u00e9 sur le cours de titre\"},{\"@type\":\"BreadcrumbList\",\"@id\":\"https:\/\/vieassociative.be\/actualites\/3-1-victoire-a-stuttgart-bayern-munich-a-continue-sur-le-cours-de-titre\/#breadcrumb\",\"itemListElement\":[{\"@type\":\"ListItem\",\"position\":1,\"name\":\"Accueil\",\"item\":\"https:\/\/vieassociative.be\/actualites\/\"},{\"@type\":\"ListItem\",\"position\":2,\"name\":\"3: 1 Victoire \u00e0 Stuttgart-Bayern Munich a continu\u00e9 sur le cours de titre\"}]},{\"@type\":\"WebSite\",\"@id\":\"https:\/\/vieassociative.be\/actualites\/#website\",\"url\":\"https:\/\/vieassociative.be\/actualites\/\",\"name\":\"Vie Associative\",\"description\":\"\",\"publisher\":{\"@id\":\"https:\/\/vieassociative.be\/actualites\/#organization\"},\"potentialAction\":[{\"@type\":\"SearchAction\",\"target\":{\"@type\":\"EntryPoint\",\"urlTemplate\":\"https:\/\/vieassociative.be\/actualites\/?s={search_term_string}\"},\"query-input\":{\"@type\":\"PropertyValueSpecification\",\"valueRequired\":true,\"valueName\":\"search_term_string\"}}],\"inLanguage\":\"fr-BE\"},{\"@type\":\"Organization\",\"@id\":\"https:\/\/vieassociative.be\/actualites\/#organization\",\"name\":\"Vie Associative\",\"url\":\"https:\/\/vieassociative.be\/actualites\/\",\"logo\":{\"@type\":\"ImageObject\",\"inLanguage\":\"fr-BE\",\"@id\":\"https:\/\/vieassociative.be\/actualites\/#\/schema\/logo\/image\/\",\"url\":\"https:\/\/vieassociative.be\/actualites\/wp-content\/uploads\/2024\/09\/cropped-vieassociative_favicon.ico.png\",\"contentUrl\":\"https:\/\/vieassociative.be\/actualites\/wp-content\/uploads\/2024\/09\/cropped-vieassociative_favicon.ico.png\",\"width\":512,\"height\":512,\"caption\":\"Vie Associative\"},\"image\":{\"@id\":\"https:\/\/vieassociative.be\/actualites\/#\/schema\/logo\/image\/\"}},{\"@type\":\"Person\",\"@id\":\"https:\/\/vieassociative.be\/actualites\/#\/schema\/person\/b87ac4f82f9d4e7b7cec7395b679edc4\",\"name\":\"Julien\",\"image\":{\"@type\":\"ImageObject\",\"inLanguage\":\"fr-BE\",\"@id\":\"https:\/\/vieassociative.be\/actualites\/#\/schema\/person\/image\/\",\"url\":\"https:\/\/vieassociative.be\/actualites\/wp-content\/uploads\/2024\/09\/vie-associative-1-150x150.jpg\",\"contentUrl\":\"https:\/\/vieassociative.be\/actualites\/wp-content\/uploads\/2024\/09\/vie-associative-1-150x150.jpg\",\"caption\":\"Julien\"},\"description\":\"Je suis Julien, r\u00e9dacteur pour Vie Associative. Passionn\u00e9 par le monde associatif depuis plus de 10 ans, j'ai \u00e0 c\u0153ur de partager des histoires inspirantes et de mettre en lumi\u00e8re les initiatives locales. Mon objectif est de sensibiliser et d'encourager l'engagement communautaire \u00e0 travers mes articles.\",\"sameAs\":[\"https:\/\/vieassociative.be\/\"]}]}<\/script>\n<!-- \/ Yoast SEO plugin. -->","yoast_head_json":{"title":"3: 1 Victoire \u00e0 Stuttgart-Bayern Munich a continu\u00e9 sur le cours de titre | Vie Associative","robots":{"index":"index","follow":"follow","max-snippet":"max-snippet:-1","max-image-preview":"max-image-preview:large","max-video-preview":"max-video-preview:-1"},"canonical":"https:\/\/vieassociative.be\/actualites\/3-1-victoire-a-stuttgart-bayern-munich-a-continue-sur-le-cours-de-titre\/","og_locale":"fr_FR","og_type":"article","og_title":"3: 1 Victoire \u00e0 Stuttgart-Bayern Munich a continu\u00e9 sur le cours de titre | Vie Associative","og_description":"La prochaine \u00e9tape vers le championnat a \u00e9t\u00e9 faite, la r\u00e9p\u00e9tition g\u00e9n\u00e9rale de l&rsquo;accident de classe royale. Le FC Bayern Munich a remport\u00e9 le coup","og_url":"https:\/\/vieassociative.be\/actualites\/3-1-victoire-a-stuttgart-bayern-munich-a-continue-sur-le-cours-de-titre\/","og_site_name":"Vie Associative","article_published_time":"2025-03-01T02:17:06+00:00","og_image":[{"width":279,"height":92,"url":"https:\/\/vieassociative.be\/actualites\/wp-content\/uploads\/2024\/09\/header_backgroundk-01-e1726694325946.png","type":"image\/png"}],"author":"Julien","twitter_card":"summary_large_image","twitter_misc":{"\u00c9crit par":"Julien","Dur\u00e9e de lecture est.":"1 minute"},"schema":{"@context":"https:\/\/schema.org","@graph":[{"@type":"Article","@id":"https:\/\/vieassociative.be\/actualites\/3-1-victoire-a-stuttgart-bayern-munich-a-continue-sur-le-cours-de-titre\/#article","isPartOf":{"@id":"https:\/\/vieassociative.be\/actualites\/3-1-victoire-a-stuttgart-bayern-munich-a-continue-sur-le-cours-de-titre\/"},"author":{"name":"Julien","@id":"https:\/\/vieassociative.be\/actualites\/#\/schema\/person\/b87ac4f82f9d4e7b7cec7395b679edc4"},"headline":"3: 1 Victoire \u00e0 Stuttgart-Bayern Munich a continu\u00e9 sur le cours de titre","datePublished":"2025-03-01T02:17:06+00:00","dateModified":"2025-03-01T02:17:06+00:00","mainEntityOfPage":{"@id":"https:\/\/vieassociative.be\/actualites\/3-1-victoire-a-stuttgart-bayern-munich-a-continue-sur-le-cours-de-titre\/"},"wordCount":221,"publisher":{"@id":"https:\/\/vieassociative.be\/actualites\/#organization"},"image":{"@id":"https:\/\/vieassociative.be\/actualites\/3-1-victoire-a-stuttgart-bayern-munich-a-continue-sur-le-cours-de-titre\/#primaryimage"},"thumbnailUrl":"https:\/\/vieassociative.be\/actualites\/wp-content\/uploads\/2025\/03\/3-1-Victoire-a-Stuttgart-Bayern-Munich-a-continue-sur-le.jpg","keywords":["continue","cours","Munich","StuttgartBayern","sur","titre","victoire"],"articleSection":["Belgique"],"inLanguage":"fr-BE"},{"@type":"WebPage","@id":"https:\/\/vieassociative.be\/actualites\/3-1-victoire-a-stuttgart-bayern-munich-a-continue-sur-le-cours-de-titre\/","url":"https:\/\/vieassociative.be\/actualites\/3-1-victoire-a-stuttgart-bayern-munich-a-continue-sur-le-cours-de-titre\/","name":"3: 1 Victoire \u00e0 Stuttgart-Bayern Munich a continu\u00e9 sur le cours de titre | Vie Associative","isPartOf":{"@id":"https:\/\/vieassociative.be\/actualites\/#website"},"primaryImageOfPage":{"@id":"https:\/\/vieassociative.be\/actualites\/3-1-victoire-a-stuttgart-bayern-munich-a-continue-sur-le-cours-de-titre\/#primaryimage"},"image":{"@id":"https:\/\/vieassociative.be\/actualites\/3-1-victoire-a-stuttgart-bayern-munich-a-continue-sur-le-cours-de-titre\/#primaryimage"},"thumbnailUrl":"https:\/\/vieassociative.be\/actualites\/wp-content\/uploads\/2025\/03\/3-1-Victoire-a-Stuttgart-Bayern-Munich-a-continue-sur-le.jpg","datePublished":"2025-03-01T02:17:06+00:00","dateModified":"2025-03-01T02:17:06+00:00","breadcrumb":{"@id":"https:\/\/vieassociative.be\/actualites\/3-1-victoire-a-stuttgart-bayern-munich-a-continue-sur-le-cours-de-titre\/#breadcrumb"},"inLanguage":"fr-BE","potentialAction":[{"@type":"ReadAction","target":["https:\/\/vieassociative.be\/actualites\/3-1-victoire-a-stuttgart-bayern-munich-a-continue-sur-le-cours-de-titre\/"]}]},{"@type":"ImageObject","inLanguage":"fr-BE","@id":"https:\/\/vieassociative.be\/actualites\/3-1-victoire-a-stuttgart-bayern-munich-a-continue-sur-le-cours-de-titre\/#primaryimage","url":"https:\/\/vieassociative.be\/actualites\/wp-content\/uploads\/2025\/03\/3-1-Victoire-a-Stuttgart-Bayern-Munich-a-continue-sur-le.jpg","contentUrl":"https:\/\/vieassociative.be\/actualites\/wp-content\/uploads\/2025\/03\/3-1-Victoire-a-Stuttgart-Bayern-Munich-a-continue-sur-le.jpg","width":1200,"height":800,"caption":"3: 1 Victoire \u00e0 Stuttgart-Bayern Munich a continu\u00e9 sur le cours de titre"},{"@type":"BreadcrumbList","@id":"https:\/\/vieassociative.be\/actualites\/3-1-victoire-a-stuttgart-bayern-munich-a-continue-sur-le-cours-de-titre\/#breadcrumb","itemListElement":[{"@type":"ListItem","position":1,"name":"Accueil","item":"https:\/\/vieassociative.be\/actualites\/"},{"@type":"ListItem","position":2,"name":"3: 1 Victoire \u00e0 Stuttgart-Bayern Munich a continu\u00e9 sur le cours de titre"}]},{"@type":"WebSite","@id":"https:\/\/vieassociative.be\/actualites\/#website","url":"https:\/\/vieassociative.be\/actualites\/","name":"Vie Associative","description":"","publisher":{"@id":"https:\/\/vieassociative.be\/actualites\/#organization"},"potentialAction":[{"@type":"SearchAction","target":{"@type":"EntryPoint","urlTemplate":"https:\/\/vieassociative.be\/actualites\/?s={search_term_string}"},"query-input":{"@type":"PropertyValueSpecification","valueRequired":true,"valueName":"search_term_string"}}],"inLanguage":"fr-BE"},{"@type":"Organization","@id":"https:\/\/vieassociative.be\/actualites\/#organization","name":"Vie Associative","url":"https:\/\/vieassociative.be\/actualites\/","logo":{"@type":"ImageObject","inLanguage":"fr-BE","@id":"https:\/\/vieassociative.be\/actualites\/#\/schema\/logo\/image\/","url":"https:\/\/vieassociative.be\/actualites\/wp-content\/uploads\/2024\/09\/cropped-vieassociative_favicon.ico.png","contentUrl":"https:\/\/vieassociative.be\/actualites\/wp-content\/uploads\/2024\/09\/cropped-vieassociative_favicon.ico.png","width":512,"height":512,"caption":"Vie Associative"},"image":{"@id":"https:\/\/vieassociative.be\/actualites\/#\/schema\/logo\/image\/"}},{"@type":"Person","@id":"https:\/\/vieassociative.be\/actualites\/#\/schema\/person\/b87ac4f82f9d4e7b7cec7395b679edc4","name":"Julien","image":{"@type":"ImageObject","inLanguage":"fr-BE","@id":"https:\/\/vieassociative.be\/actualites\/#\/schema\/person\/image\/","url":"https:\/\/vieassociative.be\/actualites\/wp-content\/uploads\/2024\/09\/vie-associative-1-150x150.jpg","contentUrl":"https:\/\/vieassociative.be\/actualites\/wp-content\/uploads\/2024\/09\/vie-associative-1-150x150.jpg","caption":"Julien"},"description":"Je suis Julien, r\u00e9dacteur pour Vie Associative. Passionn\u00e9 par le monde associatif depuis plus de 10 ans, j'ai \u00e0 c\u0153ur de partager des histoires inspirantes et de mettre en lumi\u00e8re les initiatives locales. Mon objectif est de sensibiliser et d'encourager l'engagement communautaire \u00e0 travers mes articles.","sameAs":["https:\/\/vieassociative.be\/"]}]}},"_links":{"self":[{"href":"https:\/\/vieassociative.be\/actualites\/wp-json\/wp\/v2\/posts\/5506"}],"collection":[{"href":"https:\/\/vieassociative.be\/actualites\/wp-json\/wp\/v2\/posts"}],"about":[{"href":"https:\/\/vieassociative.be\/actualites\/wp-json\/wp\/v2\/types\/post"}],"author":[{"embeddable":true,"href":"https:\/\/vieassociative.be\/actualites\/wp-json\/wp\/v2\/users\/1"}],"replies":[{"embeddable":true,"href":"https:\/\/vieassociative.be\/actualites\/wp-json\/wp\/v2\/comments?post=5506"}],"version-history":[{"count":0,"href":"https:\/\/vieassociative.be\/actualites\/wp-json\/wp\/v2\/posts\/5506\/revisions"}],"wp:featuredmedia":[{"embeddable":true,"href":"https:\/\/vieassociative.be\/actualites\/wp-json\/wp\/v2\/media\/5507"}],"wp:attachment":[{"href":"https:\/\/vieassociative.be\/actualites\/wp-json\/wp\/v2\/media?parent=5506"}],"wp:term":[{"taxonomy":"category","embeddable":true,"href":"https:\/\/vieassociative.be\/actualites\/wp-json\/wp\/v2\/categories?post=5506"},{"taxonomy":"post_tag","embeddable":true,"href":"https:\/\/vieassociative.be\/actualites\/wp-json\/wp\/v2\/tags?post=5506"}],"curies":[{"name":"wp","href":"https:\/\/api.w.org\/{rel}","templated":true}]}}