{"id":5500,"date":"2025-02-28T23:19:18","date_gmt":"2025-02-28T22:19:18","guid":{"rendered":"https:\/\/vieassociative.be\/actualites\/ce-que-les-gens-se-trompent-cette-semaine-le-fruit-du-logo-du-metier-a-tisser\/"},"modified":"2025-02-28T23:19:18","modified_gmt":"2025-02-28T22:19:18","slug":"ce-que-les-gens-se-trompent-cette-semaine-le-fruit-du-logo-du-metier-a-tisser","status":"publish","type":"post","link":"https:\/\/vieassociative.be\/actualites\/ce-que-les-gens-se-trompent-cette-semaine-le-fruit-du-logo-du-metier-a-tisser\/","title":{"rendered":"Ce que les gens se trompent cette semaine: le fruit du logo du m\u00e9tier \u00e0 tisser"},"content":{"rendered":"<div class=\"mt-4 leading-6 md:mb-8\">Pourquoi les gens se souviennent-ils syst\u00e9matiquement d&rsquo;un logo sous-v\u00eatements?<\/div>\n<p><\/p>\n<p>Je n&rsquo;ai pas parl\u00e9 de \u00abl&rsquo;effet Mandela\u00bb dans cette colonne parce que c&rsquo;est idiot. Les gens pensent qu&rsquo;ils ont vu un film appel\u00e9 <em>Shazaam<\/em> o\u00f9 Sinbad a jou\u00e9 un g\u00e9nie parce qu&rsquo;il y avait un film appel\u00e9 <em>Kazaam<\/em> o\u00f9 Shaq a jou\u00e9 un g\u00e9nie. Les gens se souvenaient des fun\u00e9railles de Nelson Mandela avant que cela ne se produise parce qu&rsquo;ils ont regard\u00e9 \u00e0 moiti\u00e9 la couverture de Nelson Mandela lib\u00e9r\u00e9e de la prison des ann\u00e9es plus t\u00f4t et s&rsquo;en souvient. Il n&rsquo;y a pas d&rsquo;univers alternatif n\u00e9cessaire pour expliquer tout cela. <\/p>\n<p>Cela dit, il est facile d&rsquo;expliquer <em>autre<\/em> Les faux souvenirs des gens. Quand il s&rsquo;agit de souvenirs qui <em>je <\/em>avoir, les choses deviennent bizarres. Je me souviens de choses sur lesquelles je aurais jallu ma vie, qui sont partag\u00e9es par des milliers \/ millions d&rsquo;autres personnes, mais toutes les preuves disponibles disent qu&rsquo;elles sont fausses. Je sais que le co-animateur de Johnny Carson, Ed McMahon, n&rsquo;est pas apparu dans les publicit\u00e9s du Super Bowl pour l&rsquo;\u00e9diteur de la maison de compensation, mais je me souviens de toute fa\u00e7on les publicit\u00e9s, et je peux d\u00e9crire la camionnette, la maison et le groupe de ballons qu&rsquo;Ed a apport\u00e9 avec le ch\u00e8que comique surdimensionn\u00e9. Je sais que dans le film James Bond <em>Moon-cr\u00e9ateur<\/em>Il n&rsquo;y a pas de photo de Dolly, l&rsquo;int\u00e9r\u00eat amoureux de Jaw, lui souriant pour r\u00e9v\u00e9ler qu&rsquo;elle porte des accolades. Mais je m&rsquo;en souviens. <\/p>\n<p>Il y a des explications pour les deux <em>Moon-cr\u00e9ateur<\/em> Et Ed McMahon, mais les accepter personnellement au lieu de ce que je sais, je me souviens, est difficile. Pourtant, je ne peux pas contester les faits:<\/p>\n<ul>\n<li>\n<p>Les publicit\u00e9s de compensation de l&rsquo;\u00e9diteur existaient, mais ne mettaient pas en vedette McMahon. Il a \u00e9t\u00e9 porte-parole d&rsquo;une entreprise rivale et moins connue. Je m\u00e9lange donc ses annonces avec les leurs. <\/p>\n<\/li>\n<li>\n<p>Dolly ne porte pas d&rsquo;acc\u00e8s aux accolades, mais si vous regardez la sc\u00e8ne, elle est clairement <em>devrait \u00eatre<\/em>. Ceci est un cas o\u00f9 notre m\u00e9moire collective a am\u00e9lior\u00e9 une erreur <em>Moonraker&rsquo;s<\/em> producteurs. <\/p>\n<\/li>\n<\/ul>\n<p>Mais il y a ensuite le fruit du logo \u00e0 m\u00e9tier \u00e0 tisser. <\/p>\n<h2 id=\"the-enduring-mystery-of-the-fruit-of-the-loom-logo-mandela-effect\">Le myst\u00e8re durable du fruit du logo \u00e0 m\u00e9tier \u00e0 m\u00e9tier Mandela Effet<\/h2>\n<p>Le fait que le vendeur des sous-v\u00eatements du logo du m\u00e9tier de m\u00e9tier avec le m\u00e9tier pr\u00e9sentait autrefois une corne d&rsquo;abondance est aussi proche d&rsquo;un effet universel de Mandela que je l&rsquo;ai vu. \u00c0 peu pr\u00e8s tout le monde semble s&rsquo;en souvenir, mais l&rsquo;entreprise dit que cela ne s&rsquo;est jamais produit. Comme cet article sur Snopes le montre clairement, il n&rsquo;y a aucune preuve que ce logo alternatif ait jamais exist\u00e9. Il y a des photos (facilement truqu\u00e9es) et une application de marque suppos\u00e9e, mais celles-ci s&rsquo;effondrent sous contr\u00f4le. <\/p>\n<p>Contrairement \u00e0 la plupart des effets de Mandela, il y a eu des recherches r\u00e9elles sur le Fruit of the Loom Logo. Dans l&rsquo;ensemble, cette \u00e9tude de l&rsquo;Universit\u00e9 de Chicago indique que les gens sont tout simplement mauvais pour se souvenir des logos, mais la recherche ne trouve aucune raison pour laquelle les gens ont tendance \u00e0 r\u00e9nover les logos de mani\u00e8re sp\u00e9cifique. Je soup\u00e7onne que certains d&rsquo;entre eux sont comme <em>Moon-cr\u00e9ateur<\/em>les gens substituant un \u00abmeilleur\u00bb design &#8211; l&rsquo;homme monopole <em>devrait<\/em> Soyez arborant un monocle conform\u00e9ment \u00e0 son personnage \u00abancien riche\u00bb &#8211; mais pourquoi, collectivement, mettrions une corne d&rsquo;abondance derri\u00e8re le fruit sur nos sous-v\u00eatements? Je ne pense pas que je n&rsquo;ai jamais jamais <em>vu<\/em> Une corne d&rsquo;abondance dans la vraie vie, donc je ne l&rsquo;associe pas aux fruits. Lorsque les chercheurs ont montr\u00e9 que les participants \u00e0 l&rsquo;\u00e9tude sont un fruit du logo \u00e0 m\u00e9tier \u00e0 tisser avec une assiette derri\u00e8re le fruit, (les assiettes et les fruits \u00e9tant quelque chose que nous avons tous vu li\u00e9s), ils consid\u00e9raient toujours largement la corne d&rsquo;abondance comme le fruit l\u00e9gitime de la marque de m\u00e9tier \u00e0 tisser. <\/p>\n<h2 id=\"underwear-logos-and-the-butterfly-effect\">Logos des sous-v\u00eatements et effet papillon<\/h2>\n<p>Je doute que nous voyions un exemple d&rsquo;univers parall\u00e8le qui est comme le n\u00f4tre, sauf que le logo d&rsquo;une entreprise de sous-v\u00eatements est diff\u00e9rent. Je pense que nous voyons quelque chose de plus proche de l&rsquo;effet papillon. <em>Quelque chose<\/em> s&rsquo;est produit, peut-\u00eatre une petite chose, \u00e0 un moment donn\u00e9, et elle a r\u00e9sonn\u00e9 dans les syst\u00e8mes interconnect\u00e9s compliqu\u00e9s qui composent notre m\u00e9moire collective et ont r\u00e9ussi \u00e0 cr\u00e9er un signal suffisamment fort pour que la plupart des gens associent une corne d&rsquo;abondance au fruit du logo du m\u00e9tier \u00e0 tisser. Mais personne n&rsquo;a identifi\u00e9 ce qu&rsquo;est quelque chose. Cela semble fou, mais il y a au moins un exemple qui est similaire o\u00f9 la cause a \u00e9t\u00e9 trouv\u00e9e et identifi\u00e9e.<\/p>\n<h2 id=\"the-colors-of-letters-and-synesthesia\">Les couleurs des lettres et de la synesth\u00e9sie<\/h2>\n<p>La recherche sugg\u00e8re qu&rsquo;environ 3% de la population a une synesth\u00e9sie, un ph\u00e9nom\u00e8ne dans lequel les stimuli sont per\u00e7us simultan\u00e9ment \u00e0 travers plus d&rsquo;une voie. Les synents peuvent go\u00fbter la menthe lorsqu&rsquo;ils entendent le mot \u00abplancher\u00bb, ou savoir \u00e0 quoi ressemble le jaune. Certains types de connexions sont plus courants que d&rsquo;autres, et la synesth\u00e9sie en couleur graph\u00e8me, l&rsquo;association des couleurs avec les lettres et les nombres, est la plus souvent rapport\u00e9e. En 2012, le scientifique du MIT, Nathan Witthoft, \u00e9tudiait cette forme de synesth\u00e9sie et a constat\u00e9 qu&rsquo;un nombre de participants plus grande que la moyenne regroupait la m\u00eame couleur et le m\u00eame nombre, et les r\u00e9sultats sont devenus encore plus frappants pour les personnes d&rsquo;\u00e2ges sp\u00e9cifiques. <\/p>\n<p>(Avant de lire, quelle est la couleur E?)<\/p>\n<p>Pris en tant que point de donn\u00e9es unique, il n&rsquo;y a pas d&rsquo;explication \u00abceci est idiote\u00bb pour diff\u00e9rentes personnes reliant les m\u00eames lettres aux m\u00eames couleurs. Vous pouvez en rendre compte en th\u00e9orisant un inconscient collectif, ou une connexion non encore inimigul\u00e9e entre diff\u00e9rents sens, mais il y a aussi une th\u00e9orie plus banale: des lettres magn\u00e9tiques Fisher-Price.<\/p>\n<p>Au d\u00e9but des ann\u00e9es 1970, Fisher-Price a publi\u00e9 son premier ensemble de lettres d&rsquo;alphabet magn\u00e9tis\u00e9es. C&rsquo;est devenu tr\u00e8s populaire. Le E \u00e9tait bleu, et c&rsquo;\u00e9tait le genre de lien que environ 15% des participants n\u00e9s entre 1970 et 1985 ont fait. (C&rsquo;est un peu plus compliqu\u00e9 que cela, car certains chercheurs n&rsquo;ont pas \u00e9t\u00e9 en mesure de faire des liens similaires dans d&rsquo;autres cultures, mais pour le souci, c&rsquo;est ce que je vais.) <\/p>\n<p>Ainsi, la sortie d&rsquo;un jouet au d\u00e9but des ann\u00e9es 1970 a d\u00e9termin\u00e9 des g\u00e9n\u00e9rations d&rsquo;id\u00e9es des gens sur la couleur des diff\u00e9rentes lettres et a aid\u00e9 \u00e0 expliquer les aspects de la synesth\u00e9sie, mais personne ne l&rsquo;a clou\u00e9 pendant plus de 40 ans. Il est donc, je crois, avec la corne d&rsquo;abondance. Il y avait des stimuli culturels, peut-\u00eatre totalement ind\u00e9pendants, qui \u00e9taient couramment exp\u00e9riment\u00e9s impliquant une corne d&rsquo;abondance, peut-\u00eatre que cela l&rsquo;a li\u00e9 avec des m\u00e9moires, mais nous l&rsquo;avons collectivement oubli\u00e9, et maintenant nous n&rsquo;avons que les \u00e9chos. <\/p>\n<p>J&rsquo;associe des corne d&rsquo;abondance \u00e0 Thanksgiving. Il semble que ce soit la seule fois o\u00f9 ils sont une \u00ab\u00a0chose\u00a0\u00bb, et Thanksgiving est exactement lorsque Fruit of the Loom pourrait avoir des publicit\u00e9s de lib\u00e9ration destin\u00e9es aux acheteurs de No\u00ebl. Alors c&rsquo;est peut-\u00eatre d&rsquo;o\u00f9 vient cette connexion. Ou peut-\u00eatre que c&rsquo;est autre chose. <\/p>\n","protected":false},"excerpt":{"rendered":"<p>Pourquoi les gens se souviennent-ils syst\u00e9matiquement d&rsquo;un logo sous-v\u00eatements? Je n&rsquo;ai pas parl\u00e9 de \u00abl&rsquo;effet Mandela\u00bb dans cette colonne parce que c&rsquo;est idiot. Les gens<\/p>\n","protected":false},"author":1,"featured_media":5501,"comment_status":"","ping_status":"","sticky":false,"template":"","format":"standard","meta":{"footnotes":""},"categories":[36],"tags":[206,5610,1046,14,5611,5612,1348,5613,2469],"class_list":["post-5500","post","type-post","status-publish","format-standard","has-post-thumbnail","hentry","category-divertissement","tag-cette","tag-fruit","tag-gens","tag-les","tag-logo","tag-metier","tag-semaine","tag-tisser","tag-trompent","generate-columns","tablet-grid-50","mobile-grid-100","grid-parent","grid-33"],"yoast_head":"<!-- This site is optimized with the Yoast SEO plugin v24.0 - https:\/\/yoast.com\/wordpress\/plugins\/seo\/ -->\n<title>Ce que les gens se trompent cette semaine: le fruit du logo du m\u00e9tier \u00e0 tisser | Vie Associative<\/title>\n<meta name=\"robots\" content=\"index, follow, max-snippet:-1, max-image-preview:large, max-video-preview:-1\" \/>\n<link rel=\"canonical\" href=\"https:\/\/vieassociative.be\/actualites\/ce-que-les-gens-se-trompent-cette-semaine-le-fruit-du-logo-du-metier-a-tisser\/\" \/>\n<meta property=\"og:locale\" content=\"fr_FR\" \/>\n<meta property=\"og:type\" content=\"article\" \/>\n<meta property=\"og:title\" content=\"Ce que les gens se trompent cette semaine: le fruit du logo du m\u00e9tier \u00e0 tisser | Vie Associative\" \/>\n<meta property=\"og:description\" content=\"Pourquoi les gens se souviennent-ils syst\u00e9matiquement d&rsquo;un logo sous-v\u00eatements? Je n&rsquo;ai pas parl\u00e9 de \u00abl&rsquo;effet Mandela\u00bb dans cette colonne parce que c&rsquo;est idiot. Les gens\" \/>\n<meta property=\"og:url\" content=\"https:\/\/vieassociative.be\/actualites\/ce-que-les-gens-se-trompent-cette-semaine-le-fruit-du-logo-du-metier-a-tisser\/\" \/>\n<meta property=\"og:site_name\" content=\"Vie Associative\" \/>\n<meta property=\"article:published_time\" content=\"2025-02-28T22:19:18+00:00\" \/>\n<meta property=\"og:image\" content=\"https:\/\/vieassociative.be\/actualites\/wp-content\/uploads\/2024\/09\/header_backgroundk-01-e1726694325946.png\" \/>\n\t<meta property=\"og:image:width\" content=\"279\" \/>\n\t<meta property=\"og:image:height\" content=\"92\" \/>\n\t<meta property=\"og:image:type\" content=\"image\/png\" \/>\n<meta name=\"author\" content=\"Julien\" \/>\n<meta name=\"twitter:card\" content=\"summary_large_image\" \/>\n<meta name=\"twitter:label1\" content=\"\u00c9crit par\" \/>\n\t<meta name=\"twitter:data1\" content=\"Julien\" \/>\n\t<meta name=\"twitter:label2\" content=\"Dur\u00e9e de lecture est.\" \/>\n\t<meta name=\"twitter:data2\" content=\"6 minutes\" \/>\n<script type=\"application\/ld+json\" class=\"yoast-schema-graph\">{\"@context\":\"https:\/\/schema.org\",\"@graph\":[{\"@type\":\"Article\",\"@id\":\"https:\/\/vieassociative.be\/actualites\/ce-que-les-gens-se-trompent-cette-semaine-le-fruit-du-logo-du-metier-a-tisser\/#article\",\"isPartOf\":{\"@id\":\"https:\/\/vieassociative.be\/actualites\/ce-que-les-gens-se-trompent-cette-semaine-le-fruit-du-logo-du-metier-a-tisser\/\"},\"author\":{\"name\":\"Julien\",\"@id\":\"https:\/\/vieassociative.be\/actualites\/#\/schema\/person\/b87ac4f82f9d4e7b7cec7395b679edc4\"},\"headline\":\"Ce que les gens se trompent cette semaine: le fruit du logo du m\u00e9tier \u00e0 tisser\",\"datePublished\":\"2025-02-28T22:19:18+00:00\",\"dateModified\":\"2025-02-28T22:19:18+00:00\",\"mainEntityOfPage\":{\"@id\":\"https:\/\/vieassociative.be\/actualites\/ce-que-les-gens-se-trompent-cette-semaine-le-fruit-du-logo-du-metier-a-tisser\/\"},\"wordCount\":1366,\"publisher\":{\"@id\":\"https:\/\/vieassociative.be\/actualites\/#organization\"},\"image\":{\"@id\":\"https:\/\/vieassociative.be\/actualites\/ce-que-les-gens-se-trompent-cette-semaine-le-fruit-du-logo-du-metier-a-tisser\/#primaryimage\"},\"thumbnailUrl\":\"https:\/\/vieassociative.be\/actualites\/wp-content\/uploads\/2025\/02\/Ce-que-les-gens-se-trompent-cette-semaine-le-fruit.png\",\"keywords\":[\"cette\",\"fruit\",\"gens\",\"Les\",\"logo\",\"m\u00e9tier\",\"semaine\",\"tisser\",\"trompent\"],\"articleSection\":[\"Divertissement\"],\"inLanguage\":\"fr-BE\"},{\"@type\":\"WebPage\",\"@id\":\"https:\/\/vieassociative.be\/actualites\/ce-que-les-gens-se-trompent-cette-semaine-le-fruit-du-logo-du-metier-a-tisser\/\",\"url\":\"https:\/\/vieassociative.be\/actualites\/ce-que-les-gens-se-trompent-cette-semaine-le-fruit-du-logo-du-metier-a-tisser\/\",\"name\":\"Ce que les gens se trompent cette semaine: le fruit du logo du m\u00e9tier \u00e0 tisser | Vie Associative\",\"isPartOf\":{\"@id\":\"https:\/\/vieassociative.be\/actualites\/#website\"},\"primaryImageOfPage\":{\"@id\":\"https:\/\/vieassociative.be\/actualites\/ce-que-les-gens-se-trompent-cette-semaine-le-fruit-du-logo-du-metier-a-tisser\/#primaryimage\"},\"image\":{\"@id\":\"https:\/\/vieassociative.be\/actualites\/ce-que-les-gens-se-trompent-cette-semaine-le-fruit-du-logo-du-metier-a-tisser\/#primaryimage\"},\"thumbnailUrl\":\"https:\/\/vieassociative.be\/actualites\/wp-content\/uploads\/2025\/02\/Ce-que-les-gens-se-trompent-cette-semaine-le-fruit.png\",\"datePublished\":\"2025-02-28T22:19:18+00:00\",\"dateModified\":\"2025-02-28T22:19:18+00:00\",\"breadcrumb\":{\"@id\":\"https:\/\/vieassociative.be\/actualites\/ce-que-les-gens-se-trompent-cette-semaine-le-fruit-du-logo-du-metier-a-tisser\/#breadcrumb\"},\"inLanguage\":\"fr-BE\",\"potentialAction\":[{\"@type\":\"ReadAction\",\"target\":[\"https:\/\/vieassociative.be\/actualites\/ce-que-les-gens-se-trompent-cette-semaine-le-fruit-du-logo-du-metier-a-tisser\/\"]}]},{\"@type\":\"ImageObject\",\"inLanguage\":\"fr-BE\",\"@id\":\"https:\/\/vieassociative.be\/actualites\/ce-que-les-gens-se-trompent-cette-semaine-le-fruit-du-logo-du-metier-a-tisser\/#primaryimage\",\"url\":\"https:\/\/vieassociative.be\/actualites\/wp-content\/uploads\/2025\/02\/Ce-que-les-gens-se-trompent-cette-semaine-le-fruit.png\",\"contentUrl\":\"https:\/\/vieassociative.be\/actualites\/wp-content\/uploads\/2025\/02\/Ce-que-les-gens-se-trompent-cette-semaine-le-fruit.png\",\"width\":1200,\"height\":675,\"caption\":\"Ce que les gens se trompent cette semaine: le fruit du logo du m\u00e9tier \u00e0 tisser\"},{\"@type\":\"BreadcrumbList\",\"@id\":\"https:\/\/vieassociative.be\/actualites\/ce-que-les-gens-se-trompent-cette-semaine-le-fruit-du-logo-du-metier-a-tisser\/#breadcrumb\",\"itemListElement\":[{\"@type\":\"ListItem\",\"position\":1,\"name\":\"Accueil\",\"item\":\"https:\/\/vieassociative.be\/actualites\/\"},{\"@type\":\"ListItem\",\"position\":2,\"name\":\"Ce que les gens se trompent cette semaine: le fruit du logo du m\u00e9tier \u00e0 tisser\"}]},{\"@type\":\"WebSite\",\"@id\":\"https:\/\/vieassociative.be\/actualites\/#website\",\"url\":\"https:\/\/vieassociative.be\/actualites\/\",\"name\":\"Vie Associative\",\"description\":\"\",\"publisher\":{\"@id\":\"https:\/\/vieassociative.be\/actualites\/#organization\"},\"potentialAction\":[{\"@type\":\"SearchAction\",\"target\":{\"@type\":\"EntryPoint\",\"urlTemplate\":\"https:\/\/vieassociative.be\/actualites\/?s={search_term_string}\"},\"query-input\":{\"@type\":\"PropertyValueSpecification\",\"valueRequired\":true,\"valueName\":\"search_term_string\"}}],\"inLanguage\":\"fr-BE\"},{\"@type\":\"Organization\",\"@id\":\"https:\/\/vieassociative.be\/actualites\/#organization\",\"name\":\"Vie Associative\",\"url\":\"https:\/\/vieassociative.be\/actualites\/\",\"logo\":{\"@type\":\"ImageObject\",\"inLanguage\":\"fr-BE\",\"@id\":\"https:\/\/vieassociative.be\/actualites\/#\/schema\/logo\/image\/\",\"url\":\"https:\/\/vieassociative.be\/actualites\/wp-content\/uploads\/2024\/09\/cropped-vieassociative_favicon.ico.png\",\"contentUrl\":\"https:\/\/vieassociative.be\/actualites\/wp-content\/uploads\/2024\/09\/cropped-vieassociative_favicon.ico.png\",\"width\":512,\"height\":512,\"caption\":\"Vie Associative\"},\"image\":{\"@id\":\"https:\/\/vieassociative.be\/actualites\/#\/schema\/logo\/image\/\"}},{\"@type\":\"Person\",\"@id\":\"https:\/\/vieassociative.be\/actualites\/#\/schema\/person\/b87ac4f82f9d4e7b7cec7395b679edc4\",\"name\":\"Julien\",\"image\":{\"@type\":\"ImageObject\",\"inLanguage\":\"fr-BE\",\"@id\":\"https:\/\/vieassociative.be\/actualites\/#\/schema\/person\/image\/\",\"url\":\"https:\/\/vieassociative.be\/actualites\/wp-content\/uploads\/2024\/09\/vie-associative-1-150x150.jpg\",\"contentUrl\":\"https:\/\/vieassociative.be\/actualites\/wp-content\/uploads\/2024\/09\/vie-associative-1-150x150.jpg\",\"caption\":\"Julien\"},\"description\":\"Je suis Julien, r\u00e9dacteur pour Vie Associative. Passionn\u00e9 par le monde associatif depuis plus de 10 ans, j'ai \u00e0 c\u0153ur de partager des histoires inspirantes et de mettre en lumi\u00e8re les initiatives locales. Mon objectif est de sensibiliser et d'encourager l'engagement communautaire \u00e0 travers mes articles.\",\"sameAs\":[\"https:\/\/vieassociative.be\/\"]}]}<\/script>\n<!-- \/ Yoast SEO plugin. -->","yoast_head_json":{"title":"Ce que les gens se trompent cette semaine: le fruit du logo du m\u00e9tier \u00e0 tisser | Vie Associative","robots":{"index":"index","follow":"follow","max-snippet":"max-snippet:-1","max-image-preview":"max-image-preview:large","max-video-preview":"max-video-preview:-1"},"canonical":"https:\/\/vieassociative.be\/actualites\/ce-que-les-gens-se-trompent-cette-semaine-le-fruit-du-logo-du-metier-a-tisser\/","og_locale":"fr_FR","og_type":"article","og_title":"Ce que les gens se trompent cette semaine: le fruit du logo du m\u00e9tier \u00e0 tisser | Vie Associative","og_description":"Pourquoi les gens se souviennent-ils syst\u00e9matiquement d&rsquo;un logo sous-v\u00eatements? Je n&rsquo;ai pas parl\u00e9 de \u00abl&rsquo;effet Mandela\u00bb dans cette colonne parce que c&rsquo;est idiot. Les gens","og_url":"https:\/\/vieassociative.be\/actualites\/ce-que-les-gens-se-trompent-cette-semaine-le-fruit-du-logo-du-metier-a-tisser\/","og_site_name":"Vie Associative","article_published_time":"2025-02-28T22:19:18+00:00","og_image":[{"width":279,"height":92,"url":"https:\/\/vieassociative.be\/actualites\/wp-content\/uploads\/2024\/09\/header_backgroundk-01-e1726694325946.png","type":"image\/png"}],"author":"Julien","twitter_card":"summary_large_image","twitter_misc":{"\u00c9crit par":"Julien","Dur\u00e9e de lecture est.":"6 minutes"},"schema":{"@context":"https:\/\/schema.org","@graph":[{"@type":"Article","@id":"https:\/\/vieassociative.be\/actualites\/ce-que-les-gens-se-trompent-cette-semaine-le-fruit-du-logo-du-metier-a-tisser\/#article","isPartOf":{"@id":"https:\/\/vieassociative.be\/actualites\/ce-que-les-gens-se-trompent-cette-semaine-le-fruit-du-logo-du-metier-a-tisser\/"},"author":{"name":"Julien","@id":"https:\/\/vieassociative.be\/actualites\/#\/schema\/person\/b87ac4f82f9d4e7b7cec7395b679edc4"},"headline":"Ce que les gens se trompent cette semaine: le fruit du logo du m\u00e9tier \u00e0 tisser","datePublished":"2025-02-28T22:19:18+00:00","dateModified":"2025-02-28T22:19:18+00:00","mainEntityOfPage":{"@id":"https:\/\/vieassociative.be\/actualites\/ce-que-les-gens-se-trompent-cette-semaine-le-fruit-du-logo-du-metier-a-tisser\/"},"wordCount":1366,"publisher":{"@id":"https:\/\/vieassociative.be\/actualites\/#organization"},"image":{"@id":"https:\/\/vieassociative.be\/actualites\/ce-que-les-gens-se-trompent-cette-semaine-le-fruit-du-logo-du-metier-a-tisser\/#primaryimage"},"thumbnailUrl":"https:\/\/vieassociative.be\/actualites\/wp-content\/uploads\/2025\/02\/Ce-que-les-gens-se-trompent-cette-semaine-le-fruit.png","keywords":["cette","fruit","gens","Les","logo","m\u00e9tier","semaine","tisser","trompent"],"articleSection":["Divertissement"],"inLanguage":"fr-BE"},{"@type":"WebPage","@id":"https:\/\/vieassociative.be\/actualites\/ce-que-les-gens-se-trompent-cette-semaine-le-fruit-du-logo-du-metier-a-tisser\/","url":"https:\/\/vieassociative.be\/actualites\/ce-que-les-gens-se-trompent-cette-semaine-le-fruit-du-logo-du-metier-a-tisser\/","name":"Ce que les gens se trompent cette semaine: le fruit du logo du m\u00e9tier \u00e0 tisser | Vie Associative","isPartOf":{"@id":"https:\/\/vieassociative.be\/actualites\/#website"},"primaryImageOfPage":{"@id":"https:\/\/vieassociative.be\/actualites\/ce-que-les-gens-se-trompent-cette-semaine-le-fruit-du-logo-du-metier-a-tisser\/#primaryimage"},"image":{"@id":"https:\/\/vieassociative.be\/actualites\/ce-que-les-gens-se-trompent-cette-semaine-le-fruit-du-logo-du-metier-a-tisser\/#primaryimage"},"thumbnailUrl":"https:\/\/vieassociative.be\/actualites\/wp-content\/uploads\/2025\/02\/Ce-que-les-gens-se-trompent-cette-semaine-le-fruit.png","datePublished":"2025-02-28T22:19:18+00:00","dateModified":"2025-02-28T22:19:18+00:00","breadcrumb":{"@id":"https:\/\/vieassociative.be\/actualites\/ce-que-les-gens-se-trompent-cette-semaine-le-fruit-du-logo-du-metier-a-tisser\/#breadcrumb"},"inLanguage":"fr-BE","potentialAction":[{"@type":"ReadAction","target":["https:\/\/vieassociative.be\/actualites\/ce-que-les-gens-se-trompent-cette-semaine-le-fruit-du-logo-du-metier-a-tisser\/"]}]},{"@type":"ImageObject","inLanguage":"fr-BE","@id":"https:\/\/vieassociative.be\/actualites\/ce-que-les-gens-se-trompent-cette-semaine-le-fruit-du-logo-du-metier-a-tisser\/#primaryimage","url":"https:\/\/vieassociative.be\/actualites\/wp-content\/uploads\/2025\/02\/Ce-que-les-gens-se-trompent-cette-semaine-le-fruit.png","contentUrl":"https:\/\/vieassociative.be\/actualites\/wp-content\/uploads\/2025\/02\/Ce-que-les-gens-se-trompent-cette-semaine-le-fruit.png","width":1200,"height":675,"caption":"Ce que les gens se trompent cette semaine: le fruit du logo du m\u00e9tier \u00e0 tisser"},{"@type":"BreadcrumbList","@id":"https:\/\/vieassociative.be\/actualites\/ce-que-les-gens-se-trompent-cette-semaine-le-fruit-du-logo-du-metier-a-tisser\/#breadcrumb","itemListElement":[{"@type":"ListItem","position":1,"name":"Accueil","item":"https:\/\/vieassociative.be\/actualites\/"},{"@type":"ListItem","position":2,"name":"Ce que les gens se trompent cette semaine: le fruit du logo du m\u00e9tier \u00e0 tisser"}]},{"@type":"WebSite","@id":"https:\/\/vieassociative.be\/actualites\/#website","url":"https:\/\/vieassociative.be\/actualites\/","name":"Vie Associative","description":"","publisher":{"@id":"https:\/\/vieassociative.be\/actualites\/#organization"},"potentialAction":[{"@type":"SearchAction","target":{"@type":"EntryPoint","urlTemplate":"https:\/\/vieassociative.be\/actualites\/?s={search_term_string}"},"query-input":{"@type":"PropertyValueSpecification","valueRequired":true,"valueName":"search_term_string"}}],"inLanguage":"fr-BE"},{"@type":"Organization","@id":"https:\/\/vieassociative.be\/actualites\/#organization","name":"Vie Associative","url":"https:\/\/vieassociative.be\/actualites\/","logo":{"@type":"ImageObject","inLanguage":"fr-BE","@id":"https:\/\/vieassociative.be\/actualites\/#\/schema\/logo\/image\/","url":"https:\/\/vieassociative.be\/actualites\/wp-content\/uploads\/2024\/09\/cropped-vieassociative_favicon.ico.png","contentUrl":"https:\/\/vieassociative.be\/actualites\/wp-content\/uploads\/2024\/09\/cropped-vieassociative_favicon.ico.png","width":512,"height":512,"caption":"Vie Associative"},"image":{"@id":"https:\/\/vieassociative.be\/actualites\/#\/schema\/logo\/image\/"}},{"@type":"Person","@id":"https:\/\/vieassociative.be\/actualites\/#\/schema\/person\/b87ac4f82f9d4e7b7cec7395b679edc4","name":"Julien","image":{"@type":"ImageObject","inLanguage":"fr-BE","@id":"https:\/\/vieassociative.be\/actualites\/#\/schema\/person\/image\/","url":"https:\/\/vieassociative.be\/actualites\/wp-content\/uploads\/2024\/09\/vie-associative-1-150x150.jpg","contentUrl":"https:\/\/vieassociative.be\/actualites\/wp-content\/uploads\/2024\/09\/vie-associative-1-150x150.jpg","caption":"Julien"},"description":"Je suis Julien, r\u00e9dacteur pour Vie Associative. Passionn\u00e9 par le monde associatif depuis plus de 10 ans, j'ai \u00e0 c\u0153ur de partager des histoires inspirantes et de mettre en lumi\u00e8re les initiatives locales. Mon objectif est de sensibiliser et d'encourager l'engagement communautaire \u00e0 travers mes articles.","sameAs":["https:\/\/vieassociative.be\/"]}]}},"_links":{"self":[{"href":"https:\/\/vieassociative.be\/actualites\/wp-json\/wp\/v2\/posts\/5500"}],"collection":[{"href":"https:\/\/vieassociative.be\/actualites\/wp-json\/wp\/v2\/posts"}],"about":[{"href":"https:\/\/vieassociative.be\/actualites\/wp-json\/wp\/v2\/types\/post"}],"author":[{"embeddable":true,"href":"https:\/\/vieassociative.be\/actualites\/wp-json\/wp\/v2\/users\/1"}],"replies":[{"embeddable":true,"href":"https:\/\/vieassociative.be\/actualites\/wp-json\/wp\/v2\/comments?post=5500"}],"version-history":[{"count":0,"href":"https:\/\/vieassociative.be\/actualites\/wp-json\/wp\/v2\/posts\/5500\/revisions"}],"wp:featuredmedia":[{"embeddable":true,"href":"https:\/\/vieassociative.be\/actualites\/wp-json\/wp\/v2\/media\/5501"}],"wp:attachment":[{"href":"https:\/\/vieassociative.be\/actualites\/wp-json\/wp\/v2\/media?parent=5500"}],"wp:term":[{"taxonomy":"category","embeddable":true,"href":"https:\/\/vieassociative.be\/actualites\/wp-json\/wp\/v2\/categories?post=5500"},{"taxonomy":"post_tag","embeddable":true,"href":"https:\/\/vieassociative.be\/actualites\/wp-json\/wp\/v2\/tags?post=5500"}],"curies":[{"name":"wp","href":"https:\/\/api.w.org\/{rel}","templated":true}]}}