{"id":55,"date":"2024-09-18T23:58:42","date_gmt":"2024-09-18T21:58:42","guid":{"rendered":"https:\/\/vieassociative.be\/actualites\/les-woks-de-la-vie-ma-rappele-de-cuisiner-avec-toutes-les-saveurs-que-jaime\/"},"modified":"2024-09-18T23:58:42","modified_gmt":"2024-09-18T21:58:42","slug":"les-woks-de-la-vie-ma-rappele-de-cuisiner-avec-toutes-les-saveurs-que-jaime","status":"publish","type":"post","link":"https:\/\/vieassociative.be\/actualites\/les-woks-de-la-vie-ma-rappele-de-cuisiner-avec-toutes-les-saveurs-que-jaime\/","title":{"rendered":"\u00ab Les Woks de la vie \u00bb m&rsquo;a rappel\u00e9 de cuisiner avec toutes les saveurs que j&rsquo;aime"},"content":{"rendered":"<div class=\"mt-4 leading-6 md:mb-8\">Lorsque vous \u00eates dans une orni\u00e8re culinaire, vous devriez vous tourner vers ce livre de cuisine.<\/div>\n<p><\/p>\n<p><em>Bienvenue \u00e0 \u00ab<\/em>Livre de cuisine de la semaine.<em>\u00ab Il s\u2019agit d\u2019une s\u00e9rie dans laquelle je mets en avant des livres de cuisine uniques, faciles \u00e0 utiliser ou simplement sp\u00e9ciaux pour moi. Si trouver une recette particuli\u00e8re en ligne est un objectif rapide, feuilleter un livre de cuisine vraiment excellent a une magie qui lui est propre.<\/em> <\/p>\n<p>Cette semaine, je choisis un blog d&rsquo;une famille sino-am\u00e9ricaine que je consulte r\u00e9guli\u00e8rement depuis des ann\u00e9es. Non seulement pour leurs recettes dynamiques et fiables, mais aussi pour des conseils sur les outils et les points culturels. Peut-\u00eatre avez-vous d\u00e9j\u00e0 visit\u00e9 le site Web The Woks of Life \u00e0 plusieurs reprises. Si c&rsquo;est le cas, vous ne serez pas surpris d&rsquo;apprendre que leur livre de cuisine \u00e9ponyme est un v\u00e9ritable succ\u00e8s, savoureux et croquant.  <\/p>\n<p>Je me souviens d&rsquo;avoir utilis\u00e9 leur recette de cr\u00eapes aux oignons verts (ce qui semble \u00eatre un million d&rsquo;ann\u00e9es). Mon nouveau petit ami de l&rsquo;\u00e9poque \u00e9tait obs\u00e9d\u00e9 par les cr\u00eapes aux oignons verts, alors j&rsquo;ai pens\u00e9 que ce serait un projet de cuisine amusant. J&rsquo;avais utilis\u00e9 diff\u00e9rentes recettes dans le pass\u00e9 qui \u00e9taient plut\u00f4t de style Shanghai, y compris un peu de tourbillonnement et de roulage, mais pas celles-ci. Ils ont rendu quelque chose qui pourrait \u00eatre intimidant accessible, et les r\u00e9sultats n&rsquo;ont pas menti. Les cr\u00eapes finies \u00e9taient feuillet\u00e9es, croustillantes et remplies de ces anneaux verts savoureux. (Carmine n&rsquo;est plus un <em>nouveau<\/em> petit ami, mais il aime toujours ces friandises moelleuses.) <\/p>\n<p>Depuis, j&rsquo;ai essay\u00e9 davantage de leurs recettes et j&rsquo;ai m\u00eame partag\u00e9 leurs astuces avec vous tous ici sur Vie Associative. C&rsquo;est le genre de cuisine et de r\u00e9daction de recettes que je pense \u00eatre important pour la plupart des cuisiniers amateurs &#8211; accessible, mais vous repartirez toujours avec quelque chose d&rsquo;appris. Enfin, en 2022, ils ont publi\u00e9 leur livre de recettes, et il est temps d&rsquo;en faire profiter vos cuisines. <\/p>\n<h2 id=\"a-bit-about-the-book\">Un peu sur le livre<\/h2>\n<p><em>Les \u0153uvres de la vie<\/em> est, \u00e0 la base, un livre de recettes familiales. Le site Web a \u00e9t\u00e9 cr\u00e9\u00e9 pour enregistrer l&rsquo;histoire de la famille et dans le livre de recettes, on peut ressentir \u00e0 quel point ils sont engag\u00e9s les uns envers les autres, envers leur pass\u00e9 et envers les nouvelles recettes \u00e0 venir. Chaque personne (Bill, Judy, Sarah et Kaitlin) a une voix dans le livre, ce qui, je pense, est une fa\u00e7on ludique et personnelle de raconter leurs recettes comme des histoires. Je peux imaginer ce que c&rsquo;est que de cuisiner dans la cuisine avec eux quatre.<\/p>\n<p>En ce qui concerne les recettes, il s&rsquo;agit d&rsquo;un livre de cuisine sino-am\u00e9ricaine. C&rsquo;est exactement ce que je recherche, car j&rsquo;adore la cuisine sino-am\u00e9ricaine, et le livre de cuisine fait un travail minutieux en incorporant des plats traditionnels avec des plats \u00e0 emporter et de nouvelles recettes de premi\u00e8re g\u00e9n\u00e9ration que les deux filles ont con\u00e7ues. <\/p>\n<h2 id=\"a-great-cookbook-for-the-cook-in-a-rut\">Un excellent livre de recettes pour le cuisinier en difficult\u00e9<\/h2>\n<p>Je ne pense pas que cela ait d&rsquo;importance si vous \u00eates un cuisinier amateur ou un chef de longue date, tout le monde se retrouve parfois coinc\u00e9. Vous vous retrouvez \u00e0 chercher les m\u00eames assaisonnements, \u00e0 pr\u00e9parer la m\u00eame sauce, \u00e0 utiliser les m\u00eames recettes, et apr\u00e8s un certain temps, vous n&rsquo;\u00eates plus enthousiaste \u00e0 l&rsquo;id\u00e9e de manger. Pire encore, votre famille se plaint ou vous \u00eates confront\u00e9 \u00e0 un trop grand nombre de lever de yeux au ciel \u00e0 table. <\/p>\n<p>Le livre de recettes Woks of Life est un bon rappel des possibilit\u00e9s de recettes. J&rsquo;ai \u00e9t\u00e9 encourag\u00e9e par le chapitre sur les sauces, me rappelant que toutes les sauces ne doivent pas n\u00e9cessairement \u00eatre \u00e0 base de tomate, de roux ou de sauce soja pure. Vous trouverez de nombreux rappels dans ce livre. <\/p>\n<p>Il y a plein de recettes avec des saveurs ou des ingr\u00e9dients que vous n&rsquo;auriez jamais pens\u00e9 \u00e0 utiliser ou que vous avez mis de c\u00f4t\u00e9 sans raison particuli\u00e8re, ainsi que de nouvelles m\u00e9thodes \u00e0 ajouter \u00e0 votre r\u00e9pertoire. Je me suis souvenue de quelques combinaisons tha\u00eflandaises classiques qui sont si simples et si robustes que je me suis demand\u00e9e pourquoi j&rsquo;avais arr\u00eat\u00e9 de les faire. Je pense que m\u00eame une personne d&rsquo;origine sino-am\u00e9ricaine pourrait feuilleter ce livre et voir un plat qu&rsquo;elle aime depuis longtemps, ou quelque chose qu&rsquo;elle a l&rsquo;intention d&rsquo;essayer.  <\/p>\n<div class=\"eloquent-imagery-image\">\n<div class=\"flex justify-center\">\n<img decoding=\"async\" class=\"border border-gray-100\" src=\"https:\/\/vieassociative.be\/actualites\/wp-content\/uploads\/2024\/09\/Les-Woks-de-la-vie-ma-rappele-de.jpg\" alt=\"Un bol de salade de poulet r\u00e2p\u00e9.\" width=\"2000\" height=\"1124\" loading=\"lazy\"  >\n<\/div>\n<\/div>\n<h2 id=\"the-recipes-you-can-expect\">Les recettes auxquelles vous pouvez vous attendre<\/h2>\n<p>Les chapitres sont organis\u00e9s par cat\u00e9gories ou ingr\u00e9dients principaux, comme les dim sum, les nouilles, les l\u00e9gumes et le tofu, les sauces et autres. Le livre comprend de petites sections sur l&rsquo;histoire de leur famille et des parties o\u00f9 un auteur prend le relais avec sa propre anecdote familiale. (J&rsquo;ai particuli\u00e8rement appr\u00e9ci\u00e9 une section o\u00f9 Kaitlin parle d&rsquo;\u00eatre une blogueuse culinaire qui n&rsquo;arrive pas \u00e0 suivre une recette.)<\/p>\n<p>Chaque recette comprend une liste d&rsquo;ingr\u00e9dients g\u00e9rable, avec des ingr\u00e9dients pour la plupart accessibles et quelques-uns que vous devrez peut-\u00eatre acheter dans une \u00e9picerie asiatique. Il s&rsquo;agit g\u00e9n\u00e9ralement d&rsquo;un ingr\u00e9dient de sauce, comme le vin de Shaoxing ou le vinaigre noir chinois, mais les bouteilles durent longtemps et cela vaut le d\u00e9placement. De nombreuses recettes contiennent beaucoup de texte sur la page, ce qui rend parfois la lecture difficile. Je vous encourage \u00e0 lire attentivement la page avant m\u00eame d&rsquo;aller faire vos courses afin de savoir comment g\u00e9rer votre temps et d&rsquo;envisager les possibilit\u00e9s de substitution.<\/p>\n<h2 id=\"the-recipe-i-chose-this-week\">La recette que j&rsquo;ai choisie cette semaine<\/h2>\n<p>Alors que je choisissais une recette \u00e0 cuisiner cette semaine, j&rsquo;h\u00e9sitais entre le poulet effiloch\u00e9 \u00e0 la main, les nouilles v\u00e9g\u00e9tariennes paresseuses et les \u0153ufs cuits \u00e0 la vapeur avec du poulet et des pleurotes. J&rsquo;ai le sentiment que c&rsquo;est une sensation courante \u00e0 chaque fois que vous prenez ce livre. J&rsquo;ai opt\u00e9 pour le poulet effiloch\u00e9 \u00e0 la main pour plusieurs raisons : j&rsquo;avais faim et c&rsquo;est une recette rapide, c&rsquo;est un plat qui pla\u00eet \u00e0 tout le monde, et l&rsquo;image des lambeaux de poulet en monticule, des lani\u00e8res d&rsquo;oignon rouge et des \u00e9clats de coriandre le rend plut\u00f4t irr\u00e9sistible.<\/p>\n<p>La toute premi\u00e8re \u00e9tape consiste \u00e0 pocher le poulet dans un bain l\u00e9g\u00e8rement assaisonn\u00e9 de quelques morceaux de gingembre frais et d&rsquo;oignon vert. Mes amis. J&rsquo;ai enlev\u00e9 le couvercle juste avant d&rsquo;ajouter le poulet et l&rsquo;ar\u00f4me du gingembre et de l&rsquo;oignon vert m&rsquo;a ramen\u00e9 chez ma m\u00e8re. Une combinaison si simple. Si facile \u00e0 faire. Pourquoi ne le fais-je pas plus souvent ? <\/p>\n<p>Le plat est accompagn\u00e9 d&rsquo;une sauce simple \u00e0 base de gingembre \u00e9minc\u00e9, d&rsquo;ail, d&rsquo;oignon vert et de piments tha\u00ef tranch\u00e9s qui sont cuits rapidement lorsque vous versez de l&rsquo;huile chaude dessus. Quelques ingr\u00e9dients suppl\u00e9mentaires sont ajout\u00e9s pour l&rsquo;assaisonnement, et vous assaisonnez tout le plat avec cette bombe de saveur absolue d&rsquo;une sauce. Cette recette est en train d&rsquo;\u00eatre ajout\u00e9e \u00e0 vos favoris. <\/p>\n<h2 id=\"how-to-buy-it\">Comment l&rsquo;acheter<\/h2>\n<p>Vous pouvez acheter <em>Les \u0153uvres de la vie<\/em> livre de cuisine dans les vraies librairies, ou allez en ligne et trouvez-le chez un certain nombre de d\u00e9taillants, neuf ou d&rsquo;occasion. Le meilleur prix pour un nouvel exemplaire que je vois en ce moment (mais cela pourrait changer) est ici chez Target pour environ 19 $. C&rsquo;est un merveilleux livre de cuisine avec des recettes, des saveurs, des concepts transf\u00e9rables et de douces histoires de famille qui valent bien le prix. J&rsquo;ai h\u00e2te de cuisiner \u00e0 nouveau avec. <\/p>\n","protected":false},"excerpt":{"rendered":"<p>Lorsque vous \u00eates dans une orni\u00e8re culinaire, vous devriez vous tourner vers ce livre de cuisine. Bienvenue \u00e0 \u00abLivre de cuisine de la semaine.\u00ab Il<\/p>\n","protected":false},"author":1,"featured_media":56,"comment_status":"","ping_status":"","sticky":false,"template":"","format":"standard","meta":{"footnotes":""},"categories":[39],"tags":[61,60,64,14,59,63,62,58,57],"class_list":["post-55","post","type-post","status-publish","format-standard","has-post-thumbnail","hentry","category-gastronomie","tag-avec","tag-cuisiner","tag-jaime","tag-les","tag-rappele","tag-saveurs","tag-toutes","tag-vie","tag-woks","generate-columns","tablet-grid-50","mobile-grid-100","grid-parent","grid-33"],"yoast_head":"<!-- This site is optimized with the Yoast SEO plugin v24.0 - https:\/\/yoast.com\/wordpress\/plugins\/seo\/ -->\n<title>\u00ab Les Woks de la vie \u00bb m&#039;a rappel\u00e9 de cuisiner avec toutes les saveurs que j&#039;aime | Vie Associative<\/title>\n<meta name=\"robots\" content=\"index, follow, max-snippet:-1, max-image-preview:large, max-video-preview:-1\" \/>\n<link rel=\"canonical\" href=\"https:\/\/vieassociative.be\/actualites\/les-woks-de-la-vie-ma-rappele-de-cuisiner-avec-toutes-les-saveurs-que-jaime\/\" \/>\n<meta property=\"og:locale\" content=\"fr_FR\" \/>\n<meta property=\"og:type\" content=\"article\" \/>\n<meta property=\"og:title\" content=\"\u00ab Les Woks de la vie \u00bb m&#039;a rappel\u00e9 de cuisiner avec toutes les saveurs que j&#039;aime | Vie Associative\" \/>\n<meta property=\"og:description\" content=\"Lorsque vous \u00eates dans une orni\u00e8re culinaire, vous devriez vous tourner vers ce livre de cuisine. Bienvenue \u00e0 \u00abLivre de cuisine de la semaine.\u00ab Il\" \/>\n<meta property=\"og:url\" content=\"https:\/\/vieassociative.be\/actualites\/les-woks-de-la-vie-ma-rappele-de-cuisiner-avec-toutes-les-saveurs-que-jaime\/\" \/>\n<meta property=\"og:site_name\" content=\"Vie Associative\" \/>\n<meta property=\"article:published_time\" content=\"2024-09-18T21:58:42+00:00\" \/>\n<meta property=\"og:image\" content=\"https:\/\/vieassociative.be\/actualites\/wp-content\/uploads\/2024\/09\/Les-Woks-de-la-vie-ma-rappele-de.jpg\" \/>\n<meta name=\"author\" content=\"Julien\" \/>\n<meta name=\"twitter:card\" content=\"summary_large_image\" \/>\n<meta name=\"twitter:label1\" content=\"\u00c9crit par\" \/>\n\t<meta name=\"twitter:data1\" content=\"Julien\" \/>\n\t<meta name=\"twitter:label2\" content=\"Dur\u00e9e de lecture est.\" \/>\n\t<meta name=\"twitter:data2\" content=\"6 minutes\" \/>\n<script type=\"application\/ld+json\" class=\"yoast-schema-graph\">{\"@context\":\"https:\/\/schema.org\",\"@graph\":[{\"@type\":\"Article\",\"@id\":\"https:\/\/vieassociative.be\/actualites\/les-woks-de-la-vie-ma-rappele-de-cuisiner-avec-toutes-les-saveurs-que-jaime\/#article\",\"isPartOf\":{\"@id\":\"https:\/\/vieassociative.be\/actualites\/les-woks-de-la-vie-ma-rappele-de-cuisiner-avec-toutes-les-saveurs-que-jaime\/\"},\"author\":{\"name\":\"Julien\",\"@id\":\"https:\/\/vieassociative.be\/actualites\/#\/schema\/person\/b87ac4f82f9d4e7b7cec7395b679edc4\"},\"headline\":\"\u00ab Les Woks de la vie \u00bb m&rsquo;a rappel\u00e9 de cuisiner avec toutes les saveurs que j&rsquo;aime\",\"datePublished\":\"2024-09-18T21:58:42+00:00\",\"dateModified\":\"2024-09-18T21:58:42+00:00\",\"mainEntityOfPage\":{\"@id\":\"https:\/\/vieassociative.be\/actualites\/les-woks-de-la-vie-ma-rappele-de-cuisiner-avec-toutes-les-saveurs-que-jaime\/\"},\"wordCount\":1359,\"publisher\":{\"@id\":\"https:\/\/vieassociative.be\/actualites\/#organization\"},\"image\":{\"@id\":\"https:\/\/vieassociative.be\/actualites\/les-woks-de-la-vie-ma-rappele-de-cuisiner-avec-toutes-les-saveurs-que-jaime\/#primaryimage\"},\"thumbnailUrl\":\"https:\/\/vieassociative.be\/actualites\/wp-content\/uploads\/2024\/09\/1726696723_Les-Woks-de-la-vie-ma-rappele-de.jpg\",\"keywords\":[\"avec\",\"cuisiner\",\"jaime\",\"Les\",\"rappel\u00e9\",\"saveurs\",\"toutes\",\"vie\",\"Woks\"],\"articleSection\":[\"Gastronomie\"],\"inLanguage\":\"fr-BE\"},{\"@type\":\"WebPage\",\"@id\":\"https:\/\/vieassociative.be\/actualites\/les-woks-de-la-vie-ma-rappele-de-cuisiner-avec-toutes-les-saveurs-que-jaime\/\",\"url\":\"https:\/\/vieassociative.be\/actualites\/les-woks-de-la-vie-ma-rappele-de-cuisiner-avec-toutes-les-saveurs-que-jaime\/\",\"name\":\"\u00ab Les Woks de la vie \u00bb m'a rappel\u00e9 de cuisiner avec toutes les saveurs que j'aime | Vie Associative\",\"isPartOf\":{\"@id\":\"https:\/\/vieassociative.be\/actualites\/#website\"},\"primaryImageOfPage\":{\"@id\":\"https:\/\/vieassociative.be\/actualites\/les-woks-de-la-vie-ma-rappele-de-cuisiner-avec-toutes-les-saveurs-que-jaime\/#primaryimage\"},\"image\":{\"@id\":\"https:\/\/vieassociative.be\/actualites\/les-woks-de-la-vie-ma-rappele-de-cuisiner-avec-toutes-les-saveurs-que-jaime\/#primaryimage\"},\"thumbnailUrl\":\"https:\/\/vieassociative.be\/actualites\/wp-content\/uploads\/2024\/09\/1726696723_Les-Woks-de-la-vie-ma-rappele-de.jpg\",\"datePublished\":\"2024-09-18T21:58:42+00:00\",\"dateModified\":\"2024-09-18T21:58:42+00:00\",\"breadcrumb\":{\"@id\":\"https:\/\/vieassociative.be\/actualites\/les-woks-de-la-vie-ma-rappele-de-cuisiner-avec-toutes-les-saveurs-que-jaime\/#breadcrumb\"},\"inLanguage\":\"fr-BE\",\"potentialAction\":[{\"@type\":\"ReadAction\",\"target\":[\"https:\/\/vieassociative.be\/actualites\/les-woks-de-la-vie-ma-rappele-de-cuisiner-avec-toutes-les-saveurs-que-jaime\/\"]}]},{\"@type\":\"ImageObject\",\"inLanguage\":\"fr-BE\",\"@id\":\"https:\/\/vieassociative.be\/actualites\/les-woks-de-la-vie-ma-rappele-de-cuisiner-avec-toutes-les-saveurs-que-jaime\/#primaryimage\",\"url\":\"https:\/\/vieassociative.be\/actualites\/wp-content\/uploads\/2024\/09\/1726696723_Les-Woks-de-la-vie-ma-rappele-de.jpg\",\"contentUrl\":\"https:\/\/vieassociative.be\/actualites\/wp-content\/uploads\/2024\/09\/1726696723_Les-Woks-de-la-vie-ma-rappele-de.jpg\",\"width\":1200,\"height\":675,\"caption\":\"\u00ab Les Woks de la vie \u00bb m'a rappel\u00e9 de cuisiner avec toutes les saveurs que j'aime\"},{\"@type\":\"BreadcrumbList\",\"@id\":\"https:\/\/vieassociative.be\/actualites\/les-woks-de-la-vie-ma-rappele-de-cuisiner-avec-toutes-les-saveurs-que-jaime\/#breadcrumb\",\"itemListElement\":[{\"@type\":\"ListItem\",\"position\":1,\"name\":\"Accueil\",\"item\":\"https:\/\/vieassociative.be\/actualites\/\"},{\"@type\":\"ListItem\",\"position\":2,\"name\":\"\u00ab Les Woks de la vie \u00bb m&rsquo;a rappel\u00e9 de cuisiner avec toutes les saveurs que j&rsquo;aime\"}]},{\"@type\":\"WebSite\",\"@id\":\"https:\/\/vieassociative.be\/actualites\/#website\",\"url\":\"https:\/\/vieassociative.be\/actualites\/\",\"name\":\"Vie Associative\",\"description\":\"\",\"publisher\":{\"@id\":\"https:\/\/vieassociative.be\/actualites\/#organization\"},\"potentialAction\":[{\"@type\":\"SearchAction\",\"target\":{\"@type\":\"EntryPoint\",\"urlTemplate\":\"https:\/\/vieassociative.be\/actualites\/?s={search_term_string}\"},\"query-input\":{\"@type\":\"PropertyValueSpecification\",\"valueRequired\":true,\"valueName\":\"search_term_string\"}}],\"inLanguage\":\"fr-BE\"},{\"@type\":\"Organization\",\"@id\":\"https:\/\/vieassociative.be\/actualites\/#organization\",\"name\":\"Vie Associative\",\"url\":\"https:\/\/vieassociative.be\/actualites\/\",\"logo\":{\"@type\":\"ImageObject\",\"inLanguage\":\"fr-BE\",\"@id\":\"https:\/\/vieassociative.be\/actualites\/#\/schema\/logo\/image\/\",\"url\":\"https:\/\/vieassociative.be\/actualites\/wp-content\/uploads\/2024\/09\/cropped-vieassociative_favicon.ico.png\",\"contentUrl\":\"https:\/\/vieassociative.be\/actualites\/wp-content\/uploads\/2024\/09\/cropped-vieassociative_favicon.ico.png\",\"width\":512,\"height\":512,\"caption\":\"Vie Associative\"},\"image\":{\"@id\":\"https:\/\/vieassociative.be\/actualites\/#\/schema\/logo\/image\/\"}},{\"@type\":\"Person\",\"@id\":\"https:\/\/vieassociative.be\/actualites\/#\/schema\/person\/b87ac4f82f9d4e7b7cec7395b679edc4\",\"name\":\"Julien\",\"image\":{\"@type\":\"ImageObject\",\"inLanguage\":\"fr-BE\",\"@id\":\"https:\/\/vieassociative.be\/actualites\/#\/schema\/person\/image\/\",\"url\":\"https:\/\/vieassociative.be\/actualites\/wp-content\/uploads\/2024\/09\/vie-associative-1-150x150.jpg\",\"contentUrl\":\"https:\/\/vieassociative.be\/actualites\/wp-content\/uploads\/2024\/09\/vie-associative-1-150x150.jpg\",\"caption\":\"Julien\"},\"description\":\"Je suis Julien, r\u00e9dacteur pour Vie Associative. Passionn\u00e9 par le monde associatif depuis plus de 10 ans, j'ai \u00e0 c\u0153ur de partager des histoires inspirantes et de mettre en lumi\u00e8re les initiatives locales. Mon objectif est de sensibiliser et d'encourager l'engagement communautaire \u00e0 travers mes articles.\",\"sameAs\":[\"https:\/\/vieassociative.be\/\"]}]}<\/script>\n<!-- \/ Yoast SEO plugin. -->","yoast_head_json":{"title":"\u00ab Les Woks de la vie \u00bb m'a rappel\u00e9 de cuisiner avec toutes les saveurs que j'aime | Vie Associative","robots":{"index":"index","follow":"follow","max-snippet":"max-snippet:-1","max-image-preview":"max-image-preview:large","max-video-preview":"max-video-preview:-1"},"canonical":"https:\/\/vieassociative.be\/actualites\/les-woks-de-la-vie-ma-rappele-de-cuisiner-avec-toutes-les-saveurs-que-jaime\/","og_locale":"fr_FR","og_type":"article","og_title":"\u00ab Les Woks de la vie \u00bb m'a rappel\u00e9 de cuisiner avec toutes les saveurs que j'aime | Vie Associative","og_description":"Lorsque vous \u00eates dans une orni\u00e8re culinaire, vous devriez vous tourner vers ce livre de cuisine. Bienvenue \u00e0 \u00abLivre de cuisine de la semaine.\u00ab Il","og_url":"https:\/\/vieassociative.be\/actualites\/les-woks-de-la-vie-ma-rappele-de-cuisiner-avec-toutes-les-saveurs-que-jaime\/","og_site_name":"Vie Associative","article_published_time":"2024-09-18T21:58:42+00:00","og_image":[{"url":"https:\/\/vieassociative.be\/actualites\/wp-content\/uploads\/2024\/09\/Les-Woks-de-la-vie-ma-rappele-de.jpg","type":"","width":"","height":""}],"author":"Julien","twitter_card":"summary_large_image","twitter_misc":{"\u00c9crit par":"Julien","Dur\u00e9e de lecture est.":"6 minutes"},"schema":{"@context":"https:\/\/schema.org","@graph":[{"@type":"Article","@id":"https:\/\/vieassociative.be\/actualites\/les-woks-de-la-vie-ma-rappele-de-cuisiner-avec-toutes-les-saveurs-que-jaime\/#article","isPartOf":{"@id":"https:\/\/vieassociative.be\/actualites\/les-woks-de-la-vie-ma-rappele-de-cuisiner-avec-toutes-les-saveurs-que-jaime\/"},"author":{"name":"Julien","@id":"https:\/\/vieassociative.be\/actualites\/#\/schema\/person\/b87ac4f82f9d4e7b7cec7395b679edc4"},"headline":"\u00ab Les Woks de la vie \u00bb m&rsquo;a rappel\u00e9 de cuisiner avec toutes les saveurs que j&rsquo;aime","datePublished":"2024-09-18T21:58:42+00:00","dateModified":"2024-09-18T21:58:42+00:00","mainEntityOfPage":{"@id":"https:\/\/vieassociative.be\/actualites\/les-woks-de-la-vie-ma-rappele-de-cuisiner-avec-toutes-les-saveurs-que-jaime\/"},"wordCount":1359,"publisher":{"@id":"https:\/\/vieassociative.be\/actualites\/#organization"},"image":{"@id":"https:\/\/vieassociative.be\/actualites\/les-woks-de-la-vie-ma-rappele-de-cuisiner-avec-toutes-les-saveurs-que-jaime\/#primaryimage"},"thumbnailUrl":"https:\/\/vieassociative.be\/actualites\/wp-content\/uploads\/2024\/09\/1726696723_Les-Woks-de-la-vie-ma-rappele-de.jpg","keywords":["avec","cuisiner","jaime","Les","rappel\u00e9","saveurs","toutes","vie","Woks"],"articleSection":["Gastronomie"],"inLanguage":"fr-BE"},{"@type":"WebPage","@id":"https:\/\/vieassociative.be\/actualites\/les-woks-de-la-vie-ma-rappele-de-cuisiner-avec-toutes-les-saveurs-que-jaime\/","url":"https:\/\/vieassociative.be\/actualites\/les-woks-de-la-vie-ma-rappele-de-cuisiner-avec-toutes-les-saveurs-que-jaime\/","name":"\u00ab Les Woks de la vie \u00bb m'a rappel\u00e9 de cuisiner avec toutes les saveurs que j'aime | Vie Associative","isPartOf":{"@id":"https:\/\/vieassociative.be\/actualites\/#website"},"primaryImageOfPage":{"@id":"https:\/\/vieassociative.be\/actualites\/les-woks-de-la-vie-ma-rappele-de-cuisiner-avec-toutes-les-saveurs-que-jaime\/#primaryimage"},"image":{"@id":"https:\/\/vieassociative.be\/actualites\/les-woks-de-la-vie-ma-rappele-de-cuisiner-avec-toutes-les-saveurs-que-jaime\/#primaryimage"},"thumbnailUrl":"https:\/\/vieassociative.be\/actualites\/wp-content\/uploads\/2024\/09\/1726696723_Les-Woks-de-la-vie-ma-rappele-de.jpg","datePublished":"2024-09-18T21:58:42+00:00","dateModified":"2024-09-18T21:58:42+00:00","breadcrumb":{"@id":"https:\/\/vieassociative.be\/actualites\/les-woks-de-la-vie-ma-rappele-de-cuisiner-avec-toutes-les-saveurs-que-jaime\/#breadcrumb"},"inLanguage":"fr-BE","potentialAction":[{"@type":"ReadAction","target":["https:\/\/vieassociative.be\/actualites\/les-woks-de-la-vie-ma-rappele-de-cuisiner-avec-toutes-les-saveurs-que-jaime\/"]}]},{"@type":"ImageObject","inLanguage":"fr-BE","@id":"https:\/\/vieassociative.be\/actualites\/les-woks-de-la-vie-ma-rappele-de-cuisiner-avec-toutes-les-saveurs-que-jaime\/#primaryimage","url":"https:\/\/vieassociative.be\/actualites\/wp-content\/uploads\/2024\/09\/1726696723_Les-Woks-de-la-vie-ma-rappele-de.jpg","contentUrl":"https:\/\/vieassociative.be\/actualites\/wp-content\/uploads\/2024\/09\/1726696723_Les-Woks-de-la-vie-ma-rappele-de.jpg","width":1200,"height":675,"caption":"\u00ab Les Woks de la vie \u00bb m'a rappel\u00e9 de cuisiner avec toutes les saveurs que j'aime"},{"@type":"BreadcrumbList","@id":"https:\/\/vieassociative.be\/actualites\/les-woks-de-la-vie-ma-rappele-de-cuisiner-avec-toutes-les-saveurs-que-jaime\/#breadcrumb","itemListElement":[{"@type":"ListItem","position":1,"name":"Accueil","item":"https:\/\/vieassociative.be\/actualites\/"},{"@type":"ListItem","position":2,"name":"\u00ab Les Woks de la vie \u00bb m&rsquo;a rappel\u00e9 de cuisiner avec toutes les saveurs que j&rsquo;aime"}]},{"@type":"WebSite","@id":"https:\/\/vieassociative.be\/actualites\/#website","url":"https:\/\/vieassociative.be\/actualites\/","name":"Vie Associative","description":"","publisher":{"@id":"https:\/\/vieassociative.be\/actualites\/#organization"},"potentialAction":[{"@type":"SearchAction","target":{"@type":"EntryPoint","urlTemplate":"https:\/\/vieassociative.be\/actualites\/?s={search_term_string}"},"query-input":{"@type":"PropertyValueSpecification","valueRequired":true,"valueName":"search_term_string"}}],"inLanguage":"fr-BE"},{"@type":"Organization","@id":"https:\/\/vieassociative.be\/actualites\/#organization","name":"Vie Associative","url":"https:\/\/vieassociative.be\/actualites\/","logo":{"@type":"ImageObject","inLanguage":"fr-BE","@id":"https:\/\/vieassociative.be\/actualites\/#\/schema\/logo\/image\/","url":"https:\/\/vieassociative.be\/actualites\/wp-content\/uploads\/2024\/09\/cropped-vieassociative_favicon.ico.png","contentUrl":"https:\/\/vieassociative.be\/actualites\/wp-content\/uploads\/2024\/09\/cropped-vieassociative_favicon.ico.png","width":512,"height":512,"caption":"Vie Associative"},"image":{"@id":"https:\/\/vieassociative.be\/actualites\/#\/schema\/logo\/image\/"}},{"@type":"Person","@id":"https:\/\/vieassociative.be\/actualites\/#\/schema\/person\/b87ac4f82f9d4e7b7cec7395b679edc4","name":"Julien","image":{"@type":"ImageObject","inLanguage":"fr-BE","@id":"https:\/\/vieassociative.be\/actualites\/#\/schema\/person\/image\/","url":"https:\/\/vieassociative.be\/actualites\/wp-content\/uploads\/2024\/09\/vie-associative-1-150x150.jpg","contentUrl":"https:\/\/vieassociative.be\/actualites\/wp-content\/uploads\/2024\/09\/vie-associative-1-150x150.jpg","caption":"Julien"},"description":"Je suis Julien, r\u00e9dacteur pour Vie Associative. Passionn\u00e9 par le monde associatif depuis plus de 10 ans, j'ai \u00e0 c\u0153ur de partager des histoires inspirantes et de mettre en lumi\u00e8re les initiatives locales. Mon objectif est de sensibiliser et d'encourager l'engagement communautaire \u00e0 travers mes articles.","sameAs":["https:\/\/vieassociative.be\/"]}]}},"_links":{"self":[{"href":"https:\/\/vieassociative.be\/actualites\/wp-json\/wp\/v2\/posts\/55"}],"collection":[{"href":"https:\/\/vieassociative.be\/actualites\/wp-json\/wp\/v2\/posts"}],"about":[{"href":"https:\/\/vieassociative.be\/actualites\/wp-json\/wp\/v2\/types\/post"}],"author":[{"embeddable":true,"href":"https:\/\/vieassociative.be\/actualites\/wp-json\/wp\/v2\/users\/1"}],"replies":[{"embeddable":true,"href":"https:\/\/vieassociative.be\/actualites\/wp-json\/wp\/v2\/comments?post=55"}],"version-history":[{"count":0,"href":"https:\/\/vieassociative.be\/actualites\/wp-json\/wp\/v2\/posts\/55\/revisions"}],"wp:featuredmedia":[{"embeddable":true,"href":"https:\/\/vieassociative.be\/actualites\/wp-json\/wp\/v2\/media\/56"}],"wp:attachment":[{"href":"https:\/\/vieassociative.be\/actualites\/wp-json\/wp\/v2\/media?parent=55"}],"wp:term":[{"taxonomy":"category","embeddable":true,"href":"https:\/\/vieassociative.be\/actualites\/wp-json\/wp\/v2\/categories?post=55"},{"taxonomy":"post_tag","embeddable":true,"href":"https:\/\/vieassociative.be\/actualites\/wp-json\/wp\/v2\/tags?post=55"}],"curies":[{"name":"wp","href":"https:\/\/api.w.org\/{rel}","templated":true}]}}