{"id":5499,"date":"2025-02-28T21:17:31","date_gmt":"2025-02-28T20:17:31","guid":{"rendered":"https:\/\/vieassociative.be\/actualites\/le-conducteur-a-un-probleme-medical-bus-contre-la-facade\/"},"modified":"2025-02-28T21:17:31","modified_gmt":"2025-02-28T20:17:31","slug":"le-conducteur-a-un-probleme-medical-bus-contre-la-facade","status":"publish","type":"post","link":"https:\/\/vieassociative.be\/actualites\/le-conducteur-a-un-probleme-medical-bus-contre-la-facade\/","title":{"rendered":"Le conducteur a un \u00ab\u00a0probl\u00e8me m\u00e9dical\u00a0\u00bb: bus contre la fa\u00e7ade"},"content":{"rendered":"<p><strong>La zone de police de Weser-G\u00f6hl rapporte plusieurs incidents dans son rapport le vendredi 28\/02. Il s&rsquo;agit d&rsquo;un accident de bus \u00e0 Kelmis.<\/strong><\/p>\n<p><span id=\"more-409434\"><\/span><strong>&#8211; Le chauffeur de bus a un probl\u00e8me m\u00e9dical:<\/strong> Le 27\/02, les services de la zone de police de Weser-G\u00f6hl seront appel\u00e9s \u00e0 Kelmis \u00e0 Lindenallee \u00e0 10 h 42, alors qu&rsquo;un accident de la circulation avec des blessures y a eu lieu. Ici, un bus articul\u00e9 a conduit le Lindenallee vers L\u00fctticher Strasse.<\/p>\n<p>En raison d&rsquo;un probl\u00e8me m\u00e9dical que le conducteur souffre, il contr\u00f4le le bus de l&rsquo;autre c\u00f4t\u00e9 de la route et pousse contre la fa\u00e7ade d&rsquo;un b\u00e2timent de l&rsquo;autre c\u00f4t\u00e9 de la rue. Le chauffeur de bus est emmen\u00e9 \u00e0 l&rsquo;h\u00f4pital par les services d&rsquo;urgence. <\/p>\n<p>Le bus doit \u00eatre remorqu\u00e9. Sur le b\u00e2timent affect\u00e9, qui a \u00e9t\u00e9 consid\u00e9rablement endommag\u00e9, des mesures de s\u00e9curit\u00e9 doivent \u00eatre prises par une entreprise de construction appel\u00e9e.<\/p>\n<p><strong>&#8211; Contr\u00f4les de trafic:<\/strong> Dans la zone de la zone de police de Weser-G\u00f6hl, 3 personnes seraient positives pour l&rsquo;alcool au volant. Dans l&rsquo;une de ces personnes, la valeur de l&rsquo;alcool \u00e9tait si \u00e9lev\u00e9e que le permis de conduire a \u00e9t\u00e9 imm\u00e9diatement r\u00e9dig\u00e9. De plus, une voiture a \u00e9t\u00e9 ferm\u00e9e en raison d&rsquo;un manque de couverture d&rsquo;assurance.<\/p>\n<p><strong>&#8211; Les gens ivres causent des ennuis:<\/strong> Dans le cadre des c\u00e9l\u00e9brations du carnaval, les services de police ont d\u00fb se d\u00e9ployer plusieurs fois en raison de petits affrontements entre diff\u00e9rentes personnes, o\u00f9 il n&rsquo;y avait pas de blessures graves. La plupart du temps, les personnes concern\u00e9es \u00e9taient sous une influence consid\u00e9rable sur l&rsquo;alcool. L&rsquo;une de ces personnes mentionn\u00e9es a \u00e9t\u00e9 arr\u00eat\u00e9e en raison de son comportement r\u00e9currente en raison de l&rsquo;ivresse publique et amen\u00e9e dans la cellule qui donne \u00e0 r\u00e9fl\u00e9chir.<\/p>\n","protected":false},"excerpt":{"rendered":"<p>La zone de police de Weser-G\u00f6hl rapporte plusieurs incidents dans son rapport le vendredi 28\/02. Il s&rsquo;agit d&rsquo;un accident de bus \u00e0 Kelmis. &#8211; Le<\/p>\n","protected":false},"author":1,"featured_media":1939,"comment_status":"","ping_status":"","sticky":false,"template":"","format":"standard","meta":{"footnotes":""},"categories":[298],"tags":[2913,2646,796,5609,5608,4610],"class_list":["post-5499","post","type-post","status-publish","format-standard","has-post-thumbnail","hentry","category-belgique","tag-bus","tag-conducteur","tag-contre","tag-facade","tag-medical","tag-probleme","generate-columns","tablet-grid-50","mobile-grid-100","grid-parent","grid-33"],"yoast_head":"<!-- This site is optimized with the Yoast SEO plugin v24.0 - https:\/\/yoast.com\/wordpress\/plugins\/seo\/ -->\n<title>Le conducteur a un &quot;probl\u00e8me m\u00e9dical&quot;: bus contre la fa\u00e7ade | Vie Associative<\/title>\n<meta name=\"robots\" content=\"index, follow, max-snippet:-1, max-image-preview:large, max-video-preview:-1\" \/>\n<link rel=\"canonical\" href=\"https:\/\/vieassociative.be\/actualites\/le-conducteur-a-un-probleme-medical-bus-contre-la-facade\/\" \/>\n<meta property=\"og:locale\" content=\"fr_FR\" \/>\n<meta property=\"og:type\" content=\"article\" \/>\n<meta property=\"og:title\" content=\"Le conducteur a un &quot;probl\u00e8me m\u00e9dical&quot;: bus contre la fa\u00e7ade | Vie Associative\" \/>\n<meta property=\"og:description\" content=\"La zone de police de Weser-G\u00f6hl rapporte plusieurs incidents dans son rapport le vendredi 28\/02. Il s&rsquo;agit d&rsquo;un accident de bus \u00e0 Kelmis. &#8211; Le\" \/>\n<meta property=\"og:url\" content=\"https:\/\/vieassociative.be\/actualites\/le-conducteur-a-un-probleme-medical-bus-contre-la-facade\/\" \/>\n<meta property=\"og:site_name\" content=\"Vie Associative\" \/>\n<meta property=\"article:published_time\" content=\"2025-02-28T20:17:31+00:00\" \/>\n<meta property=\"og:image\" content=\"https:\/\/vieassociative.be\/actualites\/wp-content\/uploads\/2024\/09\/header_backgroundk-01-e1726694325946.png\" \/>\n\t<meta property=\"og:image:width\" content=\"279\" \/>\n\t<meta property=\"og:image:height\" content=\"92\" \/>\n\t<meta property=\"og:image:type\" content=\"image\/png\" \/>\n<meta name=\"author\" content=\"Julien\" \/>\n<meta name=\"twitter:card\" content=\"summary_large_image\" \/>\n<meta name=\"twitter:label1\" content=\"\u00c9crit par\" \/>\n\t<meta name=\"twitter:data1\" content=\"Julien\" \/>\n\t<meta name=\"twitter:label2\" content=\"Dur\u00e9e de lecture est.\" \/>\n\t<meta name=\"twitter:data2\" content=\"2 minutes\" \/>\n<script type=\"application\/ld+json\" class=\"yoast-schema-graph\">{\"@context\":\"https:\/\/schema.org\",\"@graph\":[{\"@type\":\"Article\",\"@id\":\"https:\/\/vieassociative.be\/actualites\/le-conducteur-a-un-probleme-medical-bus-contre-la-facade\/#article\",\"isPartOf\":{\"@id\":\"https:\/\/vieassociative.be\/actualites\/le-conducteur-a-un-probleme-medical-bus-contre-la-facade\/\"},\"author\":{\"name\":\"Julien\",\"@id\":\"https:\/\/vieassociative.be\/actualites\/#\/schema\/person\/b87ac4f82f9d4e7b7cec7395b679edc4\"},\"headline\":\"Le conducteur a un \u00ab\u00a0probl\u00e8me m\u00e9dical\u00a0\u00bb: bus contre la fa\u00e7ade\",\"datePublished\":\"2025-02-28T20:17:31+00:00\",\"dateModified\":\"2025-02-28T20:17:31+00:00\",\"mainEntityOfPage\":{\"@id\":\"https:\/\/vieassociative.be\/actualites\/le-conducteur-a-un-probleme-medical-bus-contre-la-facade\/\"},\"wordCount\":344,\"publisher\":{\"@id\":\"https:\/\/vieassociative.be\/actualites\/#organization\"},\"image\":{\"@id\":\"https:\/\/vieassociative.be\/actualites\/le-conducteur-a-un-probleme-medical-bus-contre-la-facade\/#primaryimage\"},\"thumbnailUrl\":\"https:\/\/vieassociative.be\/actualites\/wp-content\/uploads\/2024\/11\/Raeren-Le-conducteur-tombe-dans-un-micro-sommeil-a-midi.jpeg\",\"keywords\":[\"bus\",\"conducteur\",\"contre\",\"fa\u00e7ade\",\"m\u00e9dical\",\"probl\u00e8me\"],\"articleSection\":[\"Belgique\"],\"inLanguage\":\"fr-BE\"},{\"@type\":\"WebPage\",\"@id\":\"https:\/\/vieassociative.be\/actualites\/le-conducteur-a-un-probleme-medical-bus-contre-la-facade\/\",\"url\":\"https:\/\/vieassociative.be\/actualites\/le-conducteur-a-un-probleme-medical-bus-contre-la-facade\/\",\"name\":\"Le conducteur a un \\\"probl\u00e8me m\u00e9dical\\\": bus contre la fa\u00e7ade | Vie Associative\",\"isPartOf\":{\"@id\":\"https:\/\/vieassociative.be\/actualites\/#website\"},\"primaryImageOfPage\":{\"@id\":\"https:\/\/vieassociative.be\/actualites\/le-conducteur-a-un-probleme-medical-bus-contre-la-facade\/#primaryimage\"},\"image\":{\"@id\":\"https:\/\/vieassociative.be\/actualites\/le-conducteur-a-un-probleme-medical-bus-contre-la-facade\/#primaryimage\"},\"thumbnailUrl\":\"https:\/\/vieassociative.be\/actualites\/wp-content\/uploads\/2024\/11\/Raeren-Le-conducteur-tombe-dans-un-micro-sommeil-a-midi.jpeg\",\"datePublished\":\"2025-02-28T20:17:31+00:00\",\"dateModified\":\"2025-02-28T20:17:31+00:00\",\"breadcrumb\":{\"@id\":\"https:\/\/vieassociative.be\/actualites\/le-conducteur-a-un-probleme-medical-bus-contre-la-facade\/#breadcrumb\"},\"inLanguage\":\"fr-BE\",\"potentialAction\":[{\"@type\":\"ReadAction\",\"target\":[\"https:\/\/vieassociative.be\/actualites\/le-conducteur-a-un-probleme-medical-bus-contre-la-facade\/\"]}]},{\"@type\":\"ImageObject\",\"inLanguage\":\"fr-BE\",\"@id\":\"https:\/\/vieassociative.be\/actualites\/le-conducteur-a-un-probleme-medical-bus-contre-la-facade\/#primaryimage\",\"url\":\"https:\/\/vieassociative.be\/actualites\/wp-content\/uploads\/2024\/11\/Raeren-Le-conducteur-tombe-dans-un-micro-sommeil-a-midi.jpeg\",\"contentUrl\":\"https:\/\/vieassociative.be\/actualites\/wp-content\/uploads\/2024\/11\/Raeren-Le-conducteur-tombe-dans-un-micro-sommeil-a-midi.jpeg\",\"width\":1200,\"height\":800,\"caption\":\"Raeren : Le conducteur tombe dans un micro-sommeil \u00e0 midi\"},{\"@type\":\"BreadcrumbList\",\"@id\":\"https:\/\/vieassociative.be\/actualites\/le-conducteur-a-un-probleme-medical-bus-contre-la-facade\/#breadcrumb\",\"itemListElement\":[{\"@type\":\"ListItem\",\"position\":1,\"name\":\"Accueil\",\"item\":\"https:\/\/vieassociative.be\/actualites\/\"},{\"@type\":\"ListItem\",\"position\":2,\"name\":\"Le conducteur a un \u00ab\u00a0probl\u00e8me m\u00e9dical\u00a0\u00bb: bus contre la fa\u00e7ade\"}]},{\"@type\":\"WebSite\",\"@id\":\"https:\/\/vieassociative.be\/actualites\/#website\",\"url\":\"https:\/\/vieassociative.be\/actualites\/\",\"name\":\"Vie Associative\",\"description\":\"\",\"publisher\":{\"@id\":\"https:\/\/vieassociative.be\/actualites\/#organization\"},\"potentialAction\":[{\"@type\":\"SearchAction\",\"target\":{\"@type\":\"EntryPoint\",\"urlTemplate\":\"https:\/\/vieassociative.be\/actualites\/?s={search_term_string}\"},\"query-input\":{\"@type\":\"PropertyValueSpecification\",\"valueRequired\":true,\"valueName\":\"search_term_string\"}}],\"inLanguage\":\"fr-BE\"},{\"@type\":\"Organization\",\"@id\":\"https:\/\/vieassociative.be\/actualites\/#organization\",\"name\":\"Vie Associative\",\"url\":\"https:\/\/vieassociative.be\/actualites\/\",\"logo\":{\"@type\":\"ImageObject\",\"inLanguage\":\"fr-BE\",\"@id\":\"https:\/\/vieassociative.be\/actualites\/#\/schema\/logo\/image\/\",\"url\":\"https:\/\/vieassociative.be\/actualites\/wp-content\/uploads\/2024\/09\/cropped-vieassociative_favicon.ico.png\",\"contentUrl\":\"https:\/\/vieassociative.be\/actualites\/wp-content\/uploads\/2024\/09\/cropped-vieassociative_favicon.ico.png\",\"width\":512,\"height\":512,\"caption\":\"Vie Associative\"},\"image\":{\"@id\":\"https:\/\/vieassociative.be\/actualites\/#\/schema\/logo\/image\/\"}},{\"@type\":\"Person\",\"@id\":\"https:\/\/vieassociative.be\/actualites\/#\/schema\/person\/b87ac4f82f9d4e7b7cec7395b679edc4\",\"name\":\"Julien\",\"image\":{\"@type\":\"ImageObject\",\"inLanguage\":\"fr-BE\",\"@id\":\"https:\/\/vieassociative.be\/actualites\/#\/schema\/person\/image\/\",\"url\":\"https:\/\/vieassociative.be\/actualites\/wp-content\/uploads\/2024\/09\/vie-associative-1-150x150.jpg\",\"contentUrl\":\"https:\/\/vieassociative.be\/actualites\/wp-content\/uploads\/2024\/09\/vie-associative-1-150x150.jpg\",\"caption\":\"Julien\"},\"description\":\"Je suis Julien, r\u00e9dacteur pour Vie Associative. Passionn\u00e9 par le monde associatif depuis plus de 10 ans, j'ai \u00e0 c\u0153ur de partager des histoires inspirantes et de mettre en lumi\u00e8re les initiatives locales. Mon objectif est de sensibiliser et d'encourager l'engagement communautaire \u00e0 travers mes articles.\",\"sameAs\":[\"https:\/\/vieassociative.be\/\"]}]}<\/script>\n<!-- \/ Yoast SEO plugin. -->","yoast_head_json":{"title":"Le conducteur a un \"probl\u00e8me m\u00e9dical\": bus contre la fa\u00e7ade | Vie Associative","robots":{"index":"index","follow":"follow","max-snippet":"max-snippet:-1","max-image-preview":"max-image-preview:large","max-video-preview":"max-video-preview:-1"},"canonical":"https:\/\/vieassociative.be\/actualites\/le-conducteur-a-un-probleme-medical-bus-contre-la-facade\/","og_locale":"fr_FR","og_type":"article","og_title":"Le conducteur a un \"probl\u00e8me m\u00e9dical\": bus contre la fa\u00e7ade | Vie Associative","og_description":"La zone de police de Weser-G\u00f6hl rapporte plusieurs incidents dans son rapport le vendredi 28\/02. Il s&rsquo;agit d&rsquo;un accident de bus \u00e0 Kelmis. &#8211; Le","og_url":"https:\/\/vieassociative.be\/actualites\/le-conducteur-a-un-probleme-medical-bus-contre-la-facade\/","og_site_name":"Vie Associative","article_published_time":"2025-02-28T20:17:31+00:00","og_image":[{"width":279,"height":92,"url":"https:\/\/vieassociative.be\/actualites\/wp-content\/uploads\/2024\/09\/header_backgroundk-01-e1726694325946.png","type":"image\/png"}],"author":"Julien","twitter_card":"summary_large_image","twitter_misc":{"\u00c9crit par":"Julien","Dur\u00e9e de lecture est.":"2 minutes"},"schema":{"@context":"https:\/\/schema.org","@graph":[{"@type":"Article","@id":"https:\/\/vieassociative.be\/actualites\/le-conducteur-a-un-probleme-medical-bus-contre-la-facade\/#article","isPartOf":{"@id":"https:\/\/vieassociative.be\/actualites\/le-conducteur-a-un-probleme-medical-bus-contre-la-facade\/"},"author":{"name":"Julien","@id":"https:\/\/vieassociative.be\/actualites\/#\/schema\/person\/b87ac4f82f9d4e7b7cec7395b679edc4"},"headline":"Le conducteur a un \u00ab\u00a0probl\u00e8me m\u00e9dical\u00a0\u00bb: bus contre la fa\u00e7ade","datePublished":"2025-02-28T20:17:31+00:00","dateModified":"2025-02-28T20:17:31+00:00","mainEntityOfPage":{"@id":"https:\/\/vieassociative.be\/actualites\/le-conducteur-a-un-probleme-medical-bus-contre-la-facade\/"},"wordCount":344,"publisher":{"@id":"https:\/\/vieassociative.be\/actualites\/#organization"},"image":{"@id":"https:\/\/vieassociative.be\/actualites\/le-conducteur-a-un-probleme-medical-bus-contre-la-facade\/#primaryimage"},"thumbnailUrl":"https:\/\/vieassociative.be\/actualites\/wp-content\/uploads\/2024\/11\/Raeren-Le-conducteur-tombe-dans-un-micro-sommeil-a-midi.jpeg","keywords":["bus","conducteur","contre","fa\u00e7ade","m\u00e9dical","probl\u00e8me"],"articleSection":["Belgique"],"inLanguage":"fr-BE"},{"@type":"WebPage","@id":"https:\/\/vieassociative.be\/actualites\/le-conducteur-a-un-probleme-medical-bus-contre-la-facade\/","url":"https:\/\/vieassociative.be\/actualites\/le-conducteur-a-un-probleme-medical-bus-contre-la-facade\/","name":"Le conducteur a un \"probl\u00e8me m\u00e9dical\": bus contre la fa\u00e7ade | Vie Associative","isPartOf":{"@id":"https:\/\/vieassociative.be\/actualites\/#website"},"primaryImageOfPage":{"@id":"https:\/\/vieassociative.be\/actualites\/le-conducteur-a-un-probleme-medical-bus-contre-la-facade\/#primaryimage"},"image":{"@id":"https:\/\/vieassociative.be\/actualites\/le-conducteur-a-un-probleme-medical-bus-contre-la-facade\/#primaryimage"},"thumbnailUrl":"https:\/\/vieassociative.be\/actualites\/wp-content\/uploads\/2024\/11\/Raeren-Le-conducteur-tombe-dans-un-micro-sommeil-a-midi.jpeg","datePublished":"2025-02-28T20:17:31+00:00","dateModified":"2025-02-28T20:17:31+00:00","breadcrumb":{"@id":"https:\/\/vieassociative.be\/actualites\/le-conducteur-a-un-probleme-medical-bus-contre-la-facade\/#breadcrumb"},"inLanguage":"fr-BE","potentialAction":[{"@type":"ReadAction","target":["https:\/\/vieassociative.be\/actualites\/le-conducteur-a-un-probleme-medical-bus-contre-la-facade\/"]}]},{"@type":"ImageObject","inLanguage":"fr-BE","@id":"https:\/\/vieassociative.be\/actualites\/le-conducteur-a-un-probleme-medical-bus-contre-la-facade\/#primaryimage","url":"https:\/\/vieassociative.be\/actualites\/wp-content\/uploads\/2024\/11\/Raeren-Le-conducteur-tombe-dans-un-micro-sommeil-a-midi.jpeg","contentUrl":"https:\/\/vieassociative.be\/actualites\/wp-content\/uploads\/2024\/11\/Raeren-Le-conducteur-tombe-dans-un-micro-sommeil-a-midi.jpeg","width":1200,"height":800,"caption":"Raeren : Le conducteur tombe dans un micro-sommeil \u00e0 midi"},{"@type":"BreadcrumbList","@id":"https:\/\/vieassociative.be\/actualites\/le-conducteur-a-un-probleme-medical-bus-contre-la-facade\/#breadcrumb","itemListElement":[{"@type":"ListItem","position":1,"name":"Accueil","item":"https:\/\/vieassociative.be\/actualites\/"},{"@type":"ListItem","position":2,"name":"Le conducteur a un \u00ab\u00a0probl\u00e8me m\u00e9dical\u00a0\u00bb: bus contre la fa\u00e7ade"}]},{"@type":"WebSite","@id":"https:\/\/vieassociative.be\/actualites\/#website","url":"https:\/\/vieassociative.be\/actualites\/","name":"Vie Associative","description":"","publisher":{"@id":"https:\/\/vieassociative.be\/actualites\/#organization"},"potentialAction":[{"@type":"SearchAction","target":{"@type":"EntryPoint","urlTemplate":"https:\/\/vieassociative.be\/actualites\/?s={search_term_string}"},"query-input":{"@type":"PropertyValueSpecification","valueRequired":true,"valueName":"search_term_string"}}],"inLanguage":"fr-BE"},{"@type":"Organization","@id":"https:\/\/vieassociative.be\/actualites\/#organization","name":"Vie Associative","url":"https:\/\/vieassociative.be\/actualites\/","logo":{"@type":"ImageObject","inLanguage":"fr-BE","@id":"https:\/\/vieassociative.be\/actualites\/#\/schema\/logo\/image\/","url":"https:\/\/vieassociative.be\/actualites\/wp-content\/uploads\/2024\/09\/cropped-vieassociative_favicon.ico.png","contentUrl":"https:\/\/vieassociative.be\/actualites\/wp-content\/uploads\/2024\/09\/cropped-vieassociative_favicon.ico.png","width":512,"height":512,"caption":"Vie Associative"},"image":{"@id":"https:\/\/vieassociative.be\/actualites\/#\/schema\/logo\/image\/"}},{"@type":"Person","@id":"https:\/\/vieassociative.be\/actualites\/#\/schema\/person\/b87ac4f82f9d4e7b7cec7395b679edc4","name":"Julien","image":{"@type":"ImageObject","inLanguage":"fr-BE","@id":"https:\/\/vieassociative.be\/actualites\/#\/schema\/person\/image\/","url":"https:\/\/vieassociative.be\/actualites\/wp-content\/uploads\/2024\/09\/vie-associative-1-150x150.jpg","contentUrl":"https:\/\/vieassociative.be\/actualites\/wp-content\/uploads\/2024\/09\/vie-associative-1-150x150.jpg","caption":"Julien"},"description":"Je suis Julien, r\u00e9dacteur pour Vie Associative. Passionn\u00e9 par le monde associatif depuis plus de 10 ans, j'ai \u00e0 c\u0153ur de partager des histoires inspirantes et de mettre en lumi\u00e8re les initiatives locales. Mon objectif est de sensibiliser et d'encourager l'engagement communautaire \u00e0 travers mes articles.","sameAs":["https:\/\/vieassociative.be\/"]}]}},"_links":{"self":[{"href":"https:\/\/vieassociative.be\/actualites\/wp-json\/wp\/v2\/posts\/5499"}],"collection":[{"href":"https:\/\/vieassociative.be\/actualites\/wp-json\/wp\/v2\/posts"}],"about":[{"href":"https:\/\/vieassociative.be\/actualites\/wp-json\/wp\/v2\/types\/post"}],"author":[{"embeddable":true,"href":"https:\/\/vieassociative.be\/actualites\/wp-json\/wp\/v2\/users\/1"}],"replies":[{"embeddable":true,"href":"https:\/\/vieassociative.be\/actualites\/wp-json\/wp\/v2\/comments?post=5499"}],"version-history":[{"count":0,"href":"https:\/\/vieassociative.be\/actualites\/wp-json\/wp\/v2\/posts\/5499\/revisions"}],"wp:featuredmedia":[{"embeddable":true,"href":"https:\/\/vieassociative.be\/actualites\/wp-json\/wp\/v2\/media\/1939"}],"wp:attachment":[{"href":"https:\/\/vieassociative.be\/actualites\/wp-json\/wp\/v2\/media?parent=5499"}],"wp:term":[{"taxonomy":"category","embeddable":true,"href":"https:\/\/vieassociative.be\/actualites\/wp-json\/wp\/v2\/categories?post=5499"},{"taxonomy":"post_tag","embeddable":true,"href":"https:\/\/vieassociative.be\/actualites\/wp-json\/wp\/v2\/tags?post=5499"}],"curies":[{"name":"wp","href":"https:\/\/api.w.org\/{rel}","templated":true}]}}