{"id":5497,"date":"2025-02-28T20:18:49","date_gmt":"2025-02-28T19:18:49","guid":{"rendered":"https:\/\/vieassociative.be\/actualites\/le-score-de-preparation-de-oura-prend-enfin-des-cycles-menstruels\/"},"modified":"2025-02-28T20:18:49","modified_gmt":"2025-02-28T19:18:49","slug":"le-score-de-preparation-de-oura-prend-enfin-des-cycles-menstruels","status":"publish","type":"post","link":"https:\/\/vieassociative.be\/actualites\/le-score-de-preparation-de-oura-prend-enfin-des-cycles-menstruels\/","title":{"rendered":"Le score de pr\u00e9paration de Oura prend enfin des cycles menstruels"},"content":{"rendered":"<div class=\"mt-4 leading-6 md:mb-8\">La soci\u00e9t\u00e9 affirme que 35% des utilisateurs de v\u00e9lo verront des scores plus pr\u00e9cis et plus pr\u00e9cis.<\/div>\n<p><\/p>\n<p>Oura, The Smart Ring, prend enfin compte des donn\u00e9es du cycle menstruel lors de l&rsquo;attribution des scores de pr\u00e9paration &#8211; une caract\u00e9ristique dont l&rsquo;absence a des utilisateurs d\u00e9concert\u00e9s pendant des ann\u00e9es. L&rsquo;application de l&rsquo;anneau \u00e9tait connue pour attribuer des scores inf\u00e9rieurs \u00e0 ce que les cycles des utilisateurs soient inf\u00e9rieurs \u00e0 la phase lut\u00e9ale, mais cela change gr\u00e2ce \u00e0 une mise \u00e0 jour de l&rsquo;algorithme de score de pr\u00e9paration que Oura a annonc\u00e9 cette semaine.<\/p>\n<p>Si vous n&rsquo;avez pas de cycle menstruel, ou si vous en avez un mais ne le suivez pas, vous ne remarquerez probablement rien de diff\u00e9rent dans vos scores de pr\u00e9paration. Mais cette mise \u00e0 jour est un gros probl\u00e8me pour tous ceux qui utilisent des informations sur le cycle, la fonctionnalit\u00e9 de l&rsquo;application Oura qui utilise des donn\u00e9es de temp\u00e9rature pour garder une trace de l&rsquo;ovulation, des menstruations, de la fen\u00eatre fertile et des phases folliculaires et lut\u00e9ales. <\/p>\n<h2 id=\"why-many-users-had-incorrect-readiness-scores\">Pourquoi de nombreux utilisateurs avaient des scores de pr\u00e9paration incorrects<\/h2>\n<p>Pour expliquer pourquoi c&rsquo;\u00e9tait un probl\u00e8me, je vais zoomer et donner une le\u00e7on de biologie rapide. Le cycle mensuel qui s&rsquo;appelle parfois un cycle menstruel n&rsquo;est pas seulement une question de menstruation, c&rsquo;est-\u00e0-dire le saignement qui dure une semaine ou moins. Au lieu de cela, le cycle est un ph\u00e9nom\u00e8ne qui dure tout le mois, avec des phases distinctes dans les premi\u00e8re et deuxi\u00e8me moiti\u00e9s du mois.<\/p>\n<p>Pour \u00eatre clair, ce cycle ne se produit pas chez tout le monde. C&rsquo;est sp\u00e9cifiquement un ph\u00e9nom\u00e8ne qui se produit chez les personnes qui ont une p\u00e9riode r\u00e9guli\u00e8re et sont <em>pas<\/em> Prendre un contr\u00f4le des naissances hormonales. Si vous tombez dans cette cat\u00e9gorie, vous pouvez utiliser la fonction Cycle Insights de l&rsquo;application Oura pour suivre lorsque vous \u00eates dans la premi\u00e8re moiti\u00e9 de votre cycle (la phase folliculaire) par rapport \u00e0 la seconde moiti\u00e9 (la phase lut\u00e9ale). <\/p>\n<p>(An important aside: Every time I write about menstruation or hormonal cycles, I get someone writing in to tell me that \u201cwomen\u201d and \u201cpeople who menstruate\u201d are synonyms. Let&rsquo;s just take a minute to discuss the fact that they are not. Not only can we acknowledge the existence of trans folks, non-binary people, and a strange species of human known as \u201cgirls,\u201d it&rsquo;s worth remembering that a significant percentage of women do not have a cycle! This includes women who are m\u00e9nopause ant\u00e9rieure et femmes qui utilisent le contr\u00f4le des naissances hormonales.) <\/p>\n<p>Lorsque votre cycle commence le premier jour de vos r\u00e8gles, vous \u00eates dans ce qu&rsquo;on appelle le <strong>phase folliculaire<\/strong>comme un follicule ovarien (qui produira une cellule d&rsquo;oeuf) se d\u00e9veloppe en environ deux semaines. \u00c0 mi-chemin du mois &#8211; jour 14 dans un cycle du manuel &#8211; que Follicule lib\u00e8re l&rsquo;\u0153uf, mettant fin \u00e0 la phase folliculaire. La lib\u00e9ration de l&rsquo;\u0153uf est appel\u00e9e <strong>ovulation<\/strong>.<\/p>\n<p>\u00c0 ce stade, la temp\u00e9rature du corps augmente d&rsquo;environ un demi-degr\u00e9. Il restera \u00e0 cette temp\u00e9rature l\u00e9g\u00e8rement \u00e9lev\u00e9e pour le reste du cycle, et l&rsquo;anneau Oura peut d\u00e9tecter le changement de temp\u00e9rature. Le follicule vide reste derri\u00e8re dans l&rsquo;ovaire, s\u00e9cr\u00e9tant des hormones et devient le <em>Corpus luteum<\/em>Latin pour \u00abYellow Thing\u00bb. (Les scientifiques sont si cr\u00e9atifs.) En son honneur, la seconde moiti\u00e9 du cycle est appel\u00e9e le <strong>phase lut\u00e9ale<\/strong>.<\/p>\n<p>La temp\u00e9rature n&rsquo;est pas la seule diff\u00e9rence entre les phases folliculaires et lut\u00e9ales; Toutes sortes de ph\u00e9nom\u00e8nes hormonaux et biologiques se produisent tout au long du mois, dont certains ont des noms accrocheurs comme la \u00abgrippe d&rsquo;\u00e9poque\u00bb, mais c&rsquo;est une discussion pour une autre fois.<\/p>\n<h2 id=\"whats-changing-in-the-oura-algorithm\">Ce qui change dans l&rsquo;algorithme Oura<\/h2>\n<p>Comme le souligne Oura dans leur annonce sur le changement, la phase lut\u00e9ale a tendance \u00e0 avoir quelques diff\u00e9rences d\u00e9tectables par rapport \u00e0 la phase folliculaire (du point de vue de l&rsquo;anneau): <\/p>\n<ul>\n<li>\n<p>La temp\u00e9rature de la peau augmente<\/p>\n<\/li>\n<li>\n<p>Augmentation de la fr\u00e9quence respiratoire<\/p>\n<\/li>\n<li>\n<p>La fr\u00e9quence cardiaque au repos augmente<\/p>\n<\/li>\n<li>\n<p>Variabilit\u00e9 de la fr\u00e9quence cardiaque (VRC) <em>diminution<\/em> <\/p>\n<\/li>\n<\/ul>\n<p>Tous ce sont des choses qui, si elles <em>n&rsquo;\u00e9tait pas<\/em> Associ\u00e9 au cycle menstruel, indiquerait qu&rsquo;une personne est sous le stress ou peut-\u00eatre tomber malade. Et donc l&rsquo;algorithme (au moins parfois) traite ces donn\u00e9es sous forme de r\u00e9gime. Les forums qui discutent de la bague Oura sont pleins de fils avec des titres comme \u00abPSA \u00e0 Oura: Luteal Phase n&rsquo;est pas une maladie\u00bb et \u00abquelqu&rsquo;un d&rsquo;autre a une terrible pr\u00e9paration pendant la phase lut\u00e9ale?\u00bb (Selon les commentaires: Oui).<\/p>\n<p>Dans cet esprit, Oura prend enfin votre phase de cycle en compte lors du calcul des scores de pr\u00e9paration. Ils pr\u00e9disent que 35% des utilisateurs qui suivent un cycle menstruel n&rsquo;obtiendront plus des scores de pr\u00e9paration \u00abdisproportionnellement n\u00e9gatifs\u00bb dans la phase lut\u00e9ale. Ils s&rsquo;attendent \u00e0 ce que les scores soient quatre \u00e0 cinq points plus \u00e9lev\u00e9s pour ces personnes et qu&rsquo;il y aura 81% de jours en moins avec des scores trop bas.<\/p>\n<h2 id=\"how-to-get-the-updated-readiness-scores\">Comment obtenir les scores de pr\u00e9paration mis \u00e0 jour<\/h2>\n<p>Pour b\u00e9n\u00e9ficier du nouvel algorithme, vous devrez utiliser la fonction Cycle Insights. Cela vous oblige \u00e0 saisir les dates que vos r\u00e8gles commencent, et il d\u00e9tecte les changements de temp\u00e9rature pour d\u00e9terminer lorsque vous \u00eates en phase lut\u00e9ale. <\/p>\n<p>Pour activer les informations sur le cycle, appuyez sur l&rsquo;ic\u00f4ne du menu dans l&rsquo;application, puis <strong>Param\u00e8tres<\/strong>et puis <strong>Sant\u00e9 des femmes<\/strong>. Il y a un commutateur pour activer les informations sur le cycle, et ci-dessous, vous pouvez saisir certaines informations g\u00e9n\u00e9rales: que vous utilisiez la contraception hormonale, combien de temps dure votre cycle typique. <\/p>\n<p>Donc, oui, cela signifie que l&rsquo;application devra garder une trace de vos r\u00e8gles et lorsque vous ovulez. Si cela vous met mal \u00e0 l&rsquo;aise dans le climat politique actuel, je ne vous en veux pas &#8211; mais vous devrez d\u00e9cider si cela vaut la peine d&rsquo;obtenir ces donn\u00e9es l\u00e9g\u00e8rement plus pr\u00e9cises. Oura a un article de blog sur leur approche de la confidentialit\u00e9 des donn\u00e9es sur la reproduction, notant qu&rsquo;ils sont soumis \u00e0 des r\u00e9glementations du RGPD (car elles sont bas\u00e9es en Finlande) et qu&rsquo;ils pr\u00e9voient de lutter contre les demandes de donn\u00e9es des autorit\u00e9s judiciaires. La page d&rsquo;assistance pour Cycle Insights comprend des instructions pour supprimer vos donn\u00e9es de cycle de l&rsquo;application, ce que vous pouvez faire \u00e0 tout moment.<\/p>\n","protected":false},"excerpt":{"rendered":"<p>La soci\u00e9t\u00e9 affirme que 35% des utilisateurs de v\u00e9lo verront des scores plus pr\u00e9cis et plus pr\u00e9cis. Oura, The Smart Ring, prend enfin compte des<\/p>\n","protected":false},"author":1,"featured_media":5498,"comment_status":"","ping_status":"","sticky":false,"template":"","format":"standard","meta":{"footnotes":""},"categories":[38],"tags":[5606,29,545,5607,5459,3315,3783,5605],"class_list":["post-5497","post","type-post","status-publish","format-standard","has-post-thumbnail","hentry","category-sante","tag-cycles","tag-des","tag-enfin","tag-menstruels","tag-oura","tag-prend","tag-preparation","tag-score","generate-columns","tablet-grid-50","mobile-grid-100","grid-parent","grid-33"],"yoast_head":"<!-- This site is optimized with the Yoast SEO plugin v24.0 - https:\/\/yoast.com\/wordpress\/plugins\/seo\/ -->\n<title>Le score de pr\u00e9paration de Oura prend enfin des cycles menstruels | Vie Associative<\/title>\n<meta name=\"robots\" content=\"index, follow, max-snippet:-1, max-image-preview:large, max-video-preview:-1\" \/>\n<link rel=\"canonical\" href=\"https:\/\/vieassociative.be\/actualites\/le-score-de-preparation-de-oura-prend-enfin-des-cycles-menstruels\/\" \/>\n<meta property=\"og:locale\" content=\"fr_FR\" \/>\n<meta property=\"og:type\" content=\"article\" \/>\n<meta property=\"og:title\" content=\"Le score de pr\u00e9paration de Oura prend enfin des cycles menstruels | Vie Associative\" \/>\n<meta property=\"og:description\" content=\"La soci\u00e9t\u00e9 affirme que 35% des utilisateurs de v\u00e9lo verront des scores plus pr\u00e9cis et plus pr\u00e9cis. Oura, The Smart Ring, prend enfin compte des\" \/>\n<meta property=\"og:url\" content=\"https:\/\/vieassociative.be\/actualites\/le-score-de-preparation-de-oura-prend-enfin-des-cycles-menstruels\/\" \/>\n<meta property=\"og:site_name\" content=\"Vie Associative\" \/>\n<meta property=\"article:published_time\" content=\"2025-02-28T19:18:49+00:00\" \/>\n<meta property=\"og:image\" content=\"https:\/\/vieassociative.be\/actualites\/wp-content\/uploads\/2024\/09\/header_backgroundk-01-e1726694325946.png\" \/>\n\t<meta property=\"og:image:width\" content=\"279\" \/>\n\t<meta property=\"og:image:height\" content=\"92\" \/>\n\t<meta property=\"og:image:type\" content=\"image\/png\" \/>\n<meta name=\"author\" content=\"Julien\" \/>\n<meta name=\"twitter:card\" content=\"summary_large_image\" \/>\n<meta name=\"twitter:label1\" content=\"\u00c9crit par\" \/>\n\t<meta name=\"twitter:data1\" content=\"Julien\" \/>\n\t<meta name=\"twitter:label2\" content=\"Dur\u00e9e de lecture est.\" \/>\n\t<meta name=\"twitter:data2\" content=\"6 minutes\" \/>\n<script type=\"application\/ld+json\" class=\"yoast-schema-graph\">{\"@context\":\"https:\/\/schema.org\",\"@graph\":[{\"@type\":\"Article\",\"@id\":\"https:\/\/vieassociative.be\/actualites\/le-score-de-preparation-de-oura-prend-enfin-des-cycles-menstruels\/#article\",\"isPartOf\":{\"@id\":\"https:\/\/vieassociative.be\/actualites\/le-score-de-preparation-de-oura-prend-enfin-des-cycles-menstruels\/\"},\"author\":{\"name\":\"Julien\",\"@id\":\"https:\/\/vieassociative.be\/actualites\/#\/schema\/person\/b87ac4f82f9d4e7b7cec7395b679edc4\"},\"headline\":\"Le score de pr\u00e9paration de Oura prend enfin des cycles menstruels\",\"datePublished\":\"2025-02-28T19:18:49+00:00\",\"dateModified\":\"2025-02-28T19:18:49+00:00\",\"mainEntityOfPage\":{\"@id\":\"https:\/\/vieassociative.be\/actualites\/le-score-de-preparation-de-oura-prend-enfin-des-cycles-menstruels\/\"},\"wordCount\":1170,\"publisher\":{\"@id\":\"https:\/\/vieassociative.be\/actualites\/#organization\"},\"image\":{\"@id\":\"https:\/\/vieassociative.be\/actualites\/le-score-de-preparation-de-oura-prend-enfin-des-cycles-menstruels\/#primaryimage\"},\"thumbnailUrl\":\"https:\/\/vieassociative.be\/actualites\/wp-content\/uploads\/2025\/02\/Le-score-de-preparation-de-Oura-prend-enfin-des-cycles.png\",\"keywords\":[\"cycles\",\"Des\",\"enfin\",\"menstruels\",\"Oura\",\"prend\",\"pr\u00e9paration\",\"score\"],\"articleSection\":[\"Sant\u00e9\"],\"inLanguage\":\"fr-BE\"},{\"@type\":\"WebPage\",\"@id\":\"https:\/\/vieassociative.be\/actualites\/le-score-de-preparation-de-oura-prend-enfin-des-cycles-menstruels\/\",\"url\":\"https:\/\/vieassociative.be\/actualites\/le-score-de-preparation-de-oura-prend-enfin-des-cycles-menstruels\/\",\"name\":\"Le score de pr\u00e9paration de Oura prend enfin des cycles menstruels | Vie Associative\",\"isPartOf\":{\"@id\":\"https:\/\/vieassociative.be\/actualites\/#website\"},\"primaryImageOfPage\":{\"@id\":\"https:\/\/vieassociative.be\/actualites\/le-score-de-preparation-de-oura-prend-enfin-des-cycles-menstruels\/#primaryimage\"},\"image\":{\"@id\":\"https:\/\/vieassociative.be\/actualites\/le-score-de-preparation-de-oura-prend-enfin-des-cycles-menstruels\/#primaryimage\"},\"thumbnailUrl\":\"https:\/\/vieassociative.be\/actualites\/wp-content\/uploads\/2025\/02\/Le-score-de-preparation-de-Oura-prend-enfin-des-cycles.png\",\"datePublished\":\"2025-02-28T19:18:49+00:00\",\"dateModified\":\"2025-02-28T19:18:49+00:00\",\"breadcrumb\":{\"@id\":\"https:\/\/vieassociative.be\/actualites\/le-score-de-preparation-de-oura-prend-enfin-des-cycles-menstruels\/#breadcrumb\"},\"inLanguage\":\"fr-BE\",\"potentialAction\":[{\"@type\":\"ReadAction\",\"target\":[\"https:\/\/vieassociative.be\/actualites\/le-score-de-preparation-de-oura-prend-enfin-des-cycles-menstruels\/\"]}]},{\"@type\":\"ImageObject\",\"inLanguage\":\"fr-BE\",\"@id\":\"https:\/\/vieassociative.be\/actualites\/le-score-de-preparation-de-oura-prend-enfin-des-cycles-menstruels\/#primaryimage\",\"url\":\"https:\/\/vieassociative.be\/actualites\/wp-content\/uploads\/2025\/02\/Le-score-de-preparation-de-Oura-prend-enfin-des-cycles.png\",\"contentUrl\":\"https:\/\/vieassociative.be\/actualites\/wp-content\/uploads\/2025\/02\/Le-score-de-preparation-de-Oura-prend-enfin-des-cycles.png\",\"width\":1200,\"height\":675,\"caption\":\"Le score de pr\u00e9paration de Oura prend enfin des cycles menstruels\"},{\"@type\":\"BreadcrumbList\",\"@id\":\"https:\/\/vieassociative.be\/actualites\/le-score-de-preparation-de-oura-prend-enfin-des-cycles-menstruels\/#breadcrumb\",\"itemListElement\":[{\"@type\":\"ListItem\",\"position\":1,\"name\":\"Accueil\",\"item\":\"https:\/\/vieassociative.be\/actualites\/\"},{\"@type\":\"ListItem\",\"position\":2,\"name\":\"Le score de pr\u00e9paration de Oura prend enfin des cycles menstruels\"}]},{\"@type\":\"WebSite\",\"@id\":\"https:\/\/vieassociative.be\/actualites\/#website\",\"url\":\"https:\/\/vieassociative.be\/actualites\/\",\"name\":\"Vie Associative\",\"description\":\"\",\"publisher\":{\"@id\":\"https:\/\/vieassociative.be\/actualites\/#organization\"},\"potentialAction\":[{\"@type\":\"SearchAction\",\"target\":{\"@type\":\"EntryPoint\",\"urlTemplate\":\"https:\/\/vieassociative.be\/actualites\/?s={search_term_string}\"},\"query-input\":{\"@type\":\"PropertyValueSpecification\",\"valueRequired\":true,\"valueName\":\"search_term_string\"}}],\"inLanguage\":\"fr-BE\"},{\"@type\":\"Organization\",\"@id\":\"https:\/\/vieassociative.be\/actualites\/#organization\",\"name\":\"Vie Associative\",\"url\":\"https:\/\/vieassociative.be\/actualites\/\",\"logo\":{\"@type\":\"ImageObject\",\"inLanguage\":\"fr-BE\",\"@id\":\"https:\/\/vieassociative.be\/actualites\/#\/schema\/logo\/image\/\",\"url\":\"https:\/\/vieassociative.be\/actualites\/wp-content\/uploads\/2024\/09\/cropped-vieassociative_favicon.ico.png\",\"contentUrl\":\"https:\/\/vieassociative.be\/actualites\/wp-content\/uploads\/2024\/09\/cropped-vieassociative_favicon.ico.png\",\"width\":512,\"height\":512,\"caption\":\"Vie Associative\"},\"image\":{\"@id\":\"https:\/\/vieassociative.be\/actualites\/#\/schema\/logo\/image\/\"}},{\"@type\":\"Person\",\"@id\":\"https:\/\/vieassociative.be\/actualites\/#\/schema\/person\/b87ac4f82f9d4e7b7cec7395b679edc4\",\"name\":\"Julien\",\"image\":{\"@type\":\"ImageObject\",\"inLanguage\":\"fr-BE\",\"@id\":\"https:\/\/vieassociative.be\/actualites\/#\/schema\/person\/image\/\",\"url\":\"https:\/\/vieassociative.be\/actualites\/wp-content\/uploads\/2024\/09\/vie-associative-1-150x150.jpg\",\"contentUrl\":\"https:\/\/vieassociative.be\/actualites\/wp-content\/uploads\/2024\/09\/vie-associative-1-150x150.jpg\",\"caption\":\"Julien\"},\"description\":\"Je suis Julien, r\u00e9dacteur pour Vie Associative. Passionn\u00e9 par le monde associatif depuis plus de 10 ans, j'ai \u00e0 c\u0153ur de partager des histoires inspirantes et de mettre en lumi\u00e8re les initiatives locales. Mon objectif est de sensibiliser et d'encourager l'engagement communautaire \u00e0 travers mes articles.\",\"sameAs\":[\"https:\/\/vieassociative.be\/\"]}]}<\/script>\n<!-- \/ Yoast SEO plugin. -->","yoast_head_json":{"title":"Le score de pr\u00e9paration de Oura prend enfin des cycles menstruels | Vie Associative","robots":{"index":"index","follow":"follow","max-snippet":"max-snippet:-1","max-image-preview":"max-image-preview:large","max-video-preview":"max-video-preview:-1"},"canonical":"https:\/\/vieassociative.be\/actualites\/le-score-de-preparation-de-oura-prend-enfin-des-cycles-menstruels\/","og_locale":"fr_FR","og_type":"article","og_title":"Le score de pr\u00e9paration de Oura prend enfin des cycles menstruels | Vie Associative","og_description":"La soci\u00e9t\u00e9 affirme que 35% des utilisateurs de v\u00e9lo verront des scores plus pr\u00e9cis et plus pr\u00e9cis. Oura, The Smart Ring, prend enfin compte des","og_url":"https:\/\/vieassociative.be\/actualites\/le-score-de-preparation-de-oura-prend-enfin-des-cycles-menstruels\/","og_site_name":"Vie Associative","article_published_time":"2025-02-28T19:18:49+00:00","og_image":[{"width":279,"height":92,"url":"https:\/\/vieassociative.be\/actualites\/wp-content\/uploads\/2024\/09\/header_backgroundk-01-e1726694325946.png","type":"image\/png"}],"author":"Julien","twitter_card":"summary_large_image","twitter_misc":{"\u00c9crit par":"Julien","Dur\u00e9e de lecture est.":"6 minutes"},"schema":{"@context":"https:\/\/schema.org","@graph":[{"@type":"Article","@id":"https:\/\/vieassociative.be\/actualites\/le-score-de-preparation-de-oura-prend-enfin-des-cycles-menstruels\/#article","isPartOf":{"@id":"https:\/\/vieassociative.be\/actualites\/le-score-de-preparation-de-oura-prend-enfin-des-cycles-menstruels\/"},"author":{"name":"Julien","@id":"https:\/\/vieassociative.be\/actualites\/#\/schema\/person\/b87ac4f82f9d4e7b7cec7395b679edc4"},"headline":"Le score de pr\u00e9paration de Oura prend enfin des cycles menstruels","datePublished":"2025-02-28T19:18:49+00:00","dateModified":"2025-02-28T19:18:49+00:00","mainEntityOfPage":{"@id":"https:\/\/vieassociative.be\/actualites\/le-score-de-preparation-de-oura-prend-enfin-des-cycles-menstruels\/"},"wordCount":1170,"publisher":{"@id":"https:\/\/vieassociative.be\/actualites\/#organization"},"image":{"@id":"https:\/\/vieassociative.be\/actualites\/le-score-de-preparation-de-oura-prend-enfin-des-cycles-menstruels\/#primaryimage"},"thumbnailUrl":"https:\/\/vieassociative.be\/actualites\/wp-content\/uploads\/2025\/02\/Le-score-de-preparation-de-Oura-prend-enfin-des-cycles.png","keywords":["cycles","Des","enfin","menstruels","Oura","prend","pr\u00e9paration","score"],"articleSection":["Sant\u00e9"],"inLanguage":"fr-BE"},{"@type":"WebPage","@id":"https:\/\/vieassociative.be\/actualites\/le-score-de-preparation-de-oura-prend-enfin-des-cycles-menstruels\/","url":"https:\/\/vieassociative.be\/actualites\/le-score-de-preparation-de-oura-prend-enfin-des-cycles-menstruels\/","name":"Le score de pr\u00e9paration de Oura prend enfin des cycles menstruels | Vie Associative","isPartOf":{"@id":"https:\/\/vieassociative.be\/actualites\/#website"},"primaryImageOfPage":{"@id":"https:\/\/vieassociative.be\/actualites\/le-score-de-preparation-de-oura-prend-enfin-des-cycles-menstruels\/#primaryimage"},"image":{"@id":"https:\/\/vieassociative.be\/actualites\/le-score-de-preparation-de-oura-prend-enfin-des-cycles-menstruels\/#primaryimage"},"thumbnailUrl":"https:\/\/vieassociative.be\/actualites\/wp-content\/uploads\/2025\/02\/Le-score-de-preparation-de-Oura-prend-enfin-des-cycles.png","datePublished":"2025-02-28T19:18:49+00:00","dateModified":"2025-02-28T19:18:49+00:00","breadcrumb":{"@id":"https:\/\/vieassociative.be\/actualites\/le-score-de-preparation-de-oura-prend-enfin-des-cycles-menstruels\/#breadcrumb"},"inLanguage":"fr-BE","potentialAction":[{"@type":"ReadAction","target":["https:\/\/vieassociative.be\/actualites\/le-score-de-preparation-de-oura-prend-enfin-des-cycles-menstruels\/"]}]},{"@type":"ImageObject","inLanguage":"fr-BE","@id":"https:\/\/vieassociative.be\/actualites\/le-score-de-preparation-de-oura-prend-enfin-des-cycles-menstruels\/#primaryimage","url":"https:\/\/vieassociative.be\/actualites\/wp-content\/uploads\/2025\/02\/Le-score-de-preparation-de-Oura-prend-enfin-des-cycles.png","contentUrl":"https:\/\/vieassociative.be\/actualites\/wp-content\/uploads\/2025\/02\/Le-score-de-preparation-de-Oura-prend-enfin-des-cycles.png","width":1200,"height":675,"caption":"Le score de pr\u00e9paration de Oura prend enfin des cycles menstruels"},{"@type":"BreadcrumbList","@id":"https:\/\/vieassociative.be\/actualites\/le-score-de-preparation-de-oura-prend-enfin-des-cycles-menstruels\/#breadcrumb","itemListElement":[{"@type":"ListItem","position":1,"name":"Accueil","item":"https:\/\/vieassociative.be\/actualites\/"},{"@type":"ListItem","position":2,"name":"Le score de pr\u00e9paration de Oura prend enfin des cycles menstruels"}]},{"@type":"WebSite","@id":"https:\/\/vieassociative.be\/actualites\/#website","url":"https:\/\/vieassociative.be\/actualites\/","name":"Vie Associative","description":"","publisher":{"@id":"https:\/\/vieassociative.be\/actualites\/#organization"},"potentialAction":[{"@type":"SearchAction","target":{"@type":"EntryPoint","urlTemplate":"https:\/\/vieassociative.be\/actualites\/?s={search_term_string}"},"query-input":{"@type":"PropertyValueSpecification","valueRequired":true,"valueName":"search_term_string"}}],"inLanguage":"fr-BE"},{"@type":"Organization","@id":"https:\/\/vieassociative.be\/actualites\/#organization","name":"Vie Associative","url":"https:\/\/vieassociative.be\/actualites\/","logo":{"@type":"ImageObject","inLanguage":"fr-BE","@id":"https:\/\/vieassociative.be\/actualites\/#\/schema\/logo\/image\/","url":"https:\/\/vieassociative.be\/actualites\/wp-content\/uploads\/2024\/09\/cropped-vieassociative_favicon.ico.png","contentUrl":"https:\/\/vieassociative.be\/actualites\/wp-content\/uploads\/2024\/09\/cropped-vieassociative_favicon.ico.png","width":512,"height":512,"caption":"Vie Associative"},"image":{"@id":"https:\/\/vieassociative.be\/actualites\/#\/schema\/logo\/image\/"}},{"@type":"Person","@id":"https:\/\/vieassociative.be\/actualites\/#\/schema\/person\/b87ac4f82f9d4e7b7cec7395b679edc4","name":"Julien","image":{"@type":"ImageObject","inLanguage":"fr-BE","@id":"https:\/\/vieassociative.be\/actualites\/#\/schema\/person\/image\/","url":"https:\/\/vieassociative.be\/actualites\/wp-content\/uploads\/2024\/09\/vie-associative-1-150x150.jpg","contentUrl":"https:\/\/vieassociative.be\/actualites\/wp-content\/uploads\/2024\/09\/vie-associative-1-150x150.jpg","caption":"Julien"},"description":"Je suis Julien, r\u00e9dacteur pour Vie Associative. Passionn\u00e9 par le monde associatif depuis plus de 10 ans, j'ai \u00e0 c\u0153ur de partager des histoires inspirantes et de mettre en lumi\u00e8re les initiatives locales. Mon objectif est de sensibiliser et d'encourager l'engagement communautaire \u00e0 travers mes articles.","sameAs":["https:\/\/vieassociative.be\/"]}]}},"_links":{"self":[{"href":"https:\/\/vieassociative.be\/actualites\/wp-json\/wp\/v2\/posts\/5497"}],"collection":[{"href":"https:\/\/vieassociative.be\/actualites\/wp-json\/wp\/v2\/posts"}],"about":[{"href":"https:\/\/vieassociative.be\/actualites\/wp-json\/wp\/v2\/types\/post"}],"author":[{"embeddable":true,"href":"https:\/\/vieassociative.be\/actualites\/wp-json\/wp\/v2\/users\/1"}],"replies":[{"embeddable":true,"href":"https:\/\/vieassociative.be\/actualites\/wp-json\/wp\/v2\/comments?post=5497"}],"version-history":[{"count":0,"href":"https:\/\/vieassociative.be\/actualites\/wp-json\/wp\/v2\/posts\/5497\/revisions"}],"wp:featuredmedia":[{"embeddable":true,"href":"https:\/\/vieassociative.be\/actualites\/wp-json\/wp\/v2\/media\/5498"}],"wp:attachment":[{"href":"https:\/\/vieassociative.be\/actualites\/wp-json\/wp\/v2\/media?parent=5497"}],"wp:term":[{"taxonomy":"category","embeddable":true,"href":"https:\/\/vieassociative.be\/actualites\/wp-json\/wp\/v2\/categories?post=5497"},{"taxonomy":"post_tag","embeddable":true,"href":"https:\/\/vieassociative.be\/actualites\/wp-json\/wp\/v2\/tags?post=5497"}],"curies":[{"name":"wp","href":"https:\/\/api.w.org\/{rel}","templated":true}]}}