{"id":5494,"date":"2025-02-28T17:18:17","date_gmt":"2025-02-28T16:18:17","guid":{"rendered":"https:\/\/vieassociative.be\/actualites\/quest-ce-que-les-gens-se-trompent-cette-semaine-tom-hanks-est-il-mauvais\/"},"modified":"2025-02-28T17:18:17","modified_gmt":"2025-02-28T16:18:17","slug":"quest-ce-que-les-gens-se-trompent-cette-semaine-tom-hanks-est-il-mauvais","status":"publish","type":"post","link":"https:\/\/vieassociative.be\/actualites\/quest-ce-que-les-gens-se-trompent-cette-semaine-tom-hanks-est-il-mauvais\/","title":{"rendered":"Qu&rsquo;est-ce que les gens se trompent cette semaine: Tom Hanks est-il mauvais?"},"content":{"rendered":"<div class=\"mt-4 leading-6 md:mb-8\">Beaucoup de gens d\u00e9testent Tom Hanks. C&rsquo;est bizarre.<\/div>\n<p><\/p>\n<p>Lorsque je v\u00e9rifie Internet pour les personnes qui se trompent sur les choses, quelques noms semblent fr\u00e9quemment attach\u00e9s \u00e0 la d\u00e9sinformation. Il y a les personnalit\u00e9s politiques attendues &#8211; Clinton, Trump, Biden, George Soros &#8211; mais il y a aussi Tom Hanks.<\/p>\n<p>L&rsquo;exemple le plus r\u00e9cent de Hanks-Hate qui gagne du terrain est <a rel=\"nofollow noopener\" href=\"https:\/\/twitter.com\/SteveLovesAmmo\/status\/1749768333774233947\" target=\"_blank\" title=\"open in a new window\">ce post<\/a> De Twitter (que j&rsquo;ai vu sur Snopes). L&rsquo;image trafiqu\u00e9e de Hanks a \u00e9t\u00e9 vue plus de 2,5 millions de fois depuis sa publication hier. Ce n&rsquo;est m\u00eame pas une image particuli\u00e8rement inflammatoire, juste des hanks dans un t-shirt anti-Trump, mais quelque chose \u00e0 propos de l&rsquo;acteur met beaucoup de gens si en col\u00e8re qu&rsquo;ils doivent inventer des choses dont il a fait pour \u00eatre en col\u00e8re. Voici quelques exemples r\u00e9cents:<\/p>\n<ul>\n<li>\n<p>Tom Hanks n&rsquo;a pas appel\u00e9 sa fille un \u00ab\u00a0b\u00e9b\u00e9 sexy\u00a0\u00bb.<\/p>\n<\/li>\n<li>\n<p>Tom Hanks n&rsquo;est pas impliqu\u00e9 dans un anneau d&rsquo;agression avec Oprah Winfrey.<\/p>\n<\/li>\n<li>\n<p>Tom Hanks ne repr\u00e9sente pas MLK dans un film.<\/p>\n<\/li>\n<li>\n<p>Tom Hanks ne repr\u00e9sente pas non plus Oussama ben Laden dans un film. <\/p>\n<\/li>\n<li>\n<p>Tom Hanks n&rsquo;a pas commenc\u00e9 les incendies de for\u00eat Maui.<\/p>\n<\/li>\n<\/ul>\n<p>Je pourrais continuer, mais vous obtenez le point &#8211; il y a un bonhon haineux pour le gars. Mais pourquoi<em> <\/em>lui, de tout le monde? Je pense \u00e0 Tom Hanks comme la star sympathique de <em>Forrest Gump, Castaway<\/em>et <em>Labyrinthes et monstres<\/em>; Un invit\u00e9 amusant dans les talk-shows, un peu ennuyeux, mais g\u00e9n\u00e9ralement un acteur apparente amical. Comment se fait-il que d&rsquo;autres croient que Tom Hanks n&rsquo;est pas seulement capable, mais coupable de <em>monumental<\/em> Actes of Evil, un ombrag\u00e9 international super-crimial d\u00e9crivant des incendies de for\u00eat entre les vacances \u00e0 l&rsquo;agression \u00e0 l&rsquo;\u00eele d&rsquo;Epstein?  <\/p>\n<h2 id=\"the-history-of-tom-hanks-hate\">L&rsquo;histoire de Tom Hanks d\u00e9teste<\/h2>\n<p>Hanks n&rsquo;a jamais \u00e9t\u00e9 un favori de la droite. Les conservateurs ont tra\u00een\u00e9 le gars m\u00eame dans le temps avant-Trump. Par exemple, en 2010, Hanks a \u00e9t\u00e9 appel\u00e9 Ignoramus pour sugg\u00e9rer une similitude entre le racisme contre les Japonais dans la Seconde Guerre mondiale et le nationalisme \u00e0 courant d&rsquo;alors. Il y a d&rsquo;autres exemples de r\u00e9ponses \u00ab\u00a0Je conteste cette remarque\u00a0\u00bb \u00e0 lui, mais pas de v\u00e9ritable vitriol. C&rsquo;est le genre de r\u00e9ponse des conservateurs auxquels les conservateurs avaient pour tout membre de l&rsquo;\u00e9lite hollywoodienne &#8211; la merde des guerres culturelles qui semble pittoresque ces jours-ci. Mais en 2018, Hanks est pass\u00e9 de se moquer en tant que lib\u00e9ral hollywoodien typique \u00e0 l&rsquo;ennemi public num\u00e9ro un parmi les personnes les plus stupides avec lesquelles vous \u00eates all\u00e9 au lyc\u00e9e, et la rage \u00e0 la bouche est en grande partie originaire d&rsquo;un homme: l&rsquo;acteur Isaac Kappy.<\/p>\n<h2 id=\"who-was-isaac-kappy\">Qui \u00e9tait Isaac Kappy?<\/h2>\n<p>Kappy \u00e9tait un acteur strictement D-list avec des cr\u00e9dits limit\u00e9s aux personnages qui ne sont pas donn\u00e9s de noms dans les sc\u00e9narios. Il \u00e9tait \u00ab\u00a0prisonnier tapageur\u00a0\u00bb <em>Briser le mauvais <\/em>et \u00ab\u00a0commis d&rsquo;animaux de compagnie\u00a0\u00bb <em>Thor<\/em>mais cela a suffi pour lui faire une place en tant qu&rsquo;invit\u00e9 dans le spectacle d&rsquo;Alex Jones en 2018. Sur son apparence, Kappy a d\u00e9taill\u00e9 une vaste complot en mati\u00e8re d&rsquo;agression sexuelle \u00e0 Hollywood qu&rsquo;il avait dit qu&rsquo;il avait \u00e9t\u00e9 t\u00e9moin de premi\u00e8re main. M\u00eame Jones semblait incr\u00e9dule, mais l&rsquo;apparence a apport\u00e9 \u00e0 Kappy un niveau de c\u00e9l\u00e9brit\u00e9 dans le marais fou de l&rsquo;aile droite f\u00e9tide qui a \u00e9loign\u00e9 de loin tout ce qu&rsquo;il avait r\u00e9alis\u00e9 sur la plan\u00e8te Terre. Son m\u00e9dium \u00e9tait Periscope, et pour garder l&rsquo;attention du peuple concentr\u00e9 sur lui, Kappy a commenc\u00e9 \u00e0 nommer des gens qui, selon lui, \u00e9taient impliqu\u00e9s dans le cycle d&rsquo;agression agricole d&rsquo;Hollywood, y compris Hanks. Le reste des noms \u00e9tait ouvertement critique des c\u00e9l\u00e9brit\u00e9s \u00e0 l&rsquo;\u00e9gard de Donald Trump. (Quelle co\u00efncidence!) Kappy n&rsquo;a propos\u00e9 aucune preuve pour ses affirmations bien s\u00fbr, car il n&rsquo;y en avait pas, et Kappy \u00e9tait presque certainement malade mental. <\/p>\n<p>Laissant derri\u00e8re une note sur Instagram affirmant qu&rsquo;il \u00e9tait la r\u00e9incarnation de Judas Iscariot, Kappy est d\u00e9c\u00e9d\u00e9 par suicide en 2019 en sautant d&rsquo;un viaduc routier en Arizona, mais l&rsquo;h\u00e9ritage sombre de l&rsquo;acteur troubl\u00e9 a v\u00e9cu. <\/p>\n<p>Une fois que le nom de Hanks \u00e9tait l\u00e0-bas, et le suicide de Kappy a \u00e9t\u00e9 rel\u00e2ch\u00e9 en tant que travail \u00e0 succ\u00e8s, Q-Anon et accusations associ\u00e9es aux cr\u00e9tins associ\u00e9es contre Hanks sur les messages anonymes 4Chan, les vid\u00e9os de Periscope et toutes les autres avenues acceptant la \u00ab\u00a0libert\u00e9 d&rsquo;expression pr\u00e9cieuse\u00a0\u00bb de la stupide. La r\u00e9p\u00e9tition devient la v\u00e9rit\u00e9 parmi les facilement men\u00e9es, et le nom de Hanks a \u00e9t\u00e9 attach\u00e9 \u00e0 tant de mauvaises actions qu&rsquo;une r\u00e9ponse de \u00ab\u00a0qui ressemble \u00e0 quelque chose que Tom Hanks <em>serait<\/em> faire, \u00ab\u00a0est attendu d&rsquo;un certain segment de la population. Et cela passe \u00e0 ce jour. C&rsquo;est pourquoi les membres de l&rsquo;espace-espace actuel, Twitter, diffusent des images trafiqu\u00e9es de Tom Hanks \u00e0 un grand engagement. <\/p>\n<p>(Je vais prendre une douche maintenant.)<\/p>\n<p><script async src=\"https:\/\/platform.twitter.com\/widgets.js\" charset=\"utf-8\"><\/script><\/p>\n","protected":false},"excerpt":{"rendered":"<p>Beaucoup de gens d\u00e9testent Tom Hanks. C&rsquo;est bizarre. Lorsque je v\u00e9rifie Internet pour les personnes qui se trompent sur les choses, quelques noms semblent fr\u00e9quemment<\/p>\n","protected":false},"author":1,"featured_media":5495,"comment_status":"","ping_status":"","sticky":false,"template":"","format":"standard","meta":{"footnotes":""},"categories":[36],"tags":[206,586,1046,5604,14,693,2006,1348,5271,2469],"class_list":["post-5494","post","type-post","status-publish","format-standard","has-post-thumbnail","hentry","category-divertissement","tag-cette","tag-estil","tag-gens","tag-hanks","tag-les","tag-mauvais","tag-questce","tag-semaine","tag-tom","tag-trompent","generate-columns","tablet-grid-50","mobile-grid-100","grid-parent","grid-33"],"yoast_head":"<!-- This site is optimized with the Yoast SEO plugin v24.0 - https:\/\/yoast.com\/wordpress\/plugins\/seo\/ -->\n<title>Qu&#039;est-ce que les gens se trompent cette semaine: Tom Hanks est-il mauvais? | Vie Associative<\/title>\n<meta name=\"robots\" content=\"index, follow, max-snippet:-1, max-image-preview:large, max-video-preview:-1\" \/>\n<link rel=\"canonical\" href=\"https:\/\/vieassociative.be\/actualites\/quest-ce-que-les-gens-se-trompent-cette-semaine-tom-hanks-est-il-mauvais\/\" \/>\n<meta property=\"og:locale\" content=\"fr_FR\" \/>\n<meta property=\"og:type\" content=\"article\" \/>\n<meta property=\"og:title\" content=\"Qu&#039;est-ce que les gens se trompent cette semaine: Tom Hanks est-il mauvais? | Vie Associative\" \/>\n<meta property=\"og:description\" content=\"Beaucoup de gens d\u00e9testent Tom Hanks. C&rsquo;est bizarre. Lorsque je v\u00e9rifie Internet pour les personnes qui se trompent sur les choses, quelques noms semblent fr\u00e9quemment\" \/>\n<meta property=\"og:url\" content=\"https:\/\/vieassociative.be\/actualites\/quest-ce-que-les-gens-se-trompent-cette-semaine-tom-hanks-est-il-mauvais\/\" \/>\n<meta property=\"og:site_name\" content=\"Vie Associative\" \/>\n<meta property=\"article:published_time\" content=\"2025-02-28T16:18:17+00:00\" \/>\n<meta property=\"og:image\" content=\"https:\/\/vieassociative.be\/actualites\/wp-content\/uploads\/2024\/09\/header_backgroundk-01-e1726694325946.png\" \/>\n\t<meta property=\"og:image:width\" content=\"279\" \/>\n\t<meta property=\"og:image:height\" content=\"92\" \/>\n\t<meta property=\"og:image:type\" content=\"image\/png\" \/>\n<meta name=\"author\" content=\"Julien\" \/>\n<meta name=\"twitter:card\" content=\"summary_large_image\" \/>\n<meta name=\"twitter:label1\" content=\"\u00c9crit par\" \/>\n\t<meta name=\"twitter:data1\" content=\"Julien\" \/>\n\t<meta name=\"twitter:label2\" content=\"Dur\u00e9e de lecture est.\" \/>\n\t<meta name=\"twitter:data2\" content=\"4 minutes\" \/>\n<script type=\"application\/ld+json\" class=\"yoast-schema-graph\">{\"@context\":\"https:\/\/schema.org\",\"@graph\":[{\"@type\":\"Article\",\"@id\":\"https:\/\/vieassociative.be\/actualites\/quest-ce-que-les-gens-se-trompent-cette-semaine-tom-hanks-est-il-mauvais\/#article\",\"isPartOf\":{\"@id\":\"https:\/\/vieassociative.be\/actualites\/quest-ce-que-les-gens-se-trompent-cette-semaine-tom-hanks-est-il-mauvais\/\"},\"author\":{\"name\":\"Julien\",\"@id\":\"https:\/\/vieassociative.be\/actualites\/#\/schema\/person\/b87ac4f82f9d4e7b7cec7395b679edc4\"},\"headline\":\"Qu&rsquo;est-ce que les gens se trompent cette semaine: Tom Hanks est-il mauvais?\",\"datePublished\":\"2025-02-28T16:18:17+00:00\",\"dateModified\":\"2025-02-28T16:18:17+00:00\",\"mainEntityOfPage\":{\"@id\":\"https:\/\/vieassociative.be\/actualites\/quest-ce-que-les-gens-se-trompent-cette-semaine-tom-hanks-est-il-mauvais\/\"},\"wordCount\":897,\"publisher\":{\"@id\":\"https:\/\/vieassociative.be\/actualites\/#organization\"},\"image\":{\"@id\":\"https:\/\/vieassociative.be\/actualites\/quest-ce-que-les-gens-se-trompent-cette-semaine-tom-hanks-est-il-mauvais\/#primaryimage\"},\"thumbnailUrl\":\"https:\/\/vieassociative.be\/actualites\/wp-content\/uploads\/2025\/02\/Quest-ce-que-les-gens-se-trompent-cette-semaine-Tom-Hanks.jpg\",\"keywords\":[\"cette\",\"estil\",\"gens\",\"Hanks\",\"Les\",\"mauvais\",\"Questce\",\"semaine\",\"Tom\",\"trompent\"],\"articleSection\":[\"Divertissement\"],\"inLanguage\":\"fr-BE\"},{\"@type\":\"WebPage\",\"@id\":\"https:\/\/vieassociative.be\/actualites\/quest-ce-que-les-gens-se-trompent-cette-semaine-tom-hanks-est-il-mauvais\/\",\"url\":\"https:\/\/vieassociative.be\/actualites\/quest-ce-que-les-gens-se-trompent-cette-semaine-tom-hanks-est-il-mauvais\/\",\"name\":\"Qu'est-ce que les gens se trompent cette semaine: Tom Hanks est-il mauvais? | Vie Associative\",\"isPartOf\":{\"@id\":\"https:\/\/vieassociative.be\/actualites\/#website\"},\"primaryImageOfPage\":{\"@id\":\"https:\/\/vieassociative.be\/actualites\/quest-ce-que-les-gens-se-trompent-cette-semaine-tom-hanks-est-il-mauvais\/#primaryimage\"},\"image\":{\"@id\":\"https:\/\/vieassociative.be\/actualites\/quest-ce-que-les-gens-se-trompent-cette-semaine-tom-hanks-est-il-mauvais\/#primaryimage\"},\"thumbnailUrl\":\"https:\/\/vieassociative.be\/actualites\/wp-content\/uploads\/2025\/02\/Quest-ce-que-les-gens-se-trompent-cette-semaine-Tom-Hanks.jpg\",\"datePublished\":\"2025-02-28T16:18:17+00:00\",\"dateModified\":\"2025-02-28T16:18:17+00:00\",\"breadcrumb\":{\"@id\":\"https:\/\/vieassociative.be\/actualites\/quest-ce-que-les-gens-se-trompent-cette-semaine-tom-hanks-est-il-mauvais\/#breadcrumb\"},\"inLanguage\":\"fr-BE\",\"potentialAction\":[{\"@type\":\"ReadAction\",\"target\":[\"https:\/\/vieassociative.be\/actualites\/quest-ce-que-les-gens-se-trompent-cette-semaine-tom-hanks-est-il-mauvais\/\"]}]},{\"@type\":\"ImageObject\",\"inLanguage\":\"fr-BE\",\"@id\":\"https:\/\/vieassociative.be\/actualites\/quest-ce-que-les-gens-se-trompent-cette-semaine-tom-hanks-est-il-mauvais\/#primaryimage\",\"url\":\"https:\/\/vieassociative.be\/actualites\/wp-content\/uploads\/2025\/02\/Quest-ce-que-les-gens-se-trompent-cette-semaine-Tom-Hanks.jpg\",\"contentUrl\":\"https:\/\/vieassociative.be\/actualites\/wp-content\/uploads\/2025\/02\/Quest-ce-que-les-gens-se-trompent-cette-semaine-Tom-Hanks.jpg\",\"width\":1200,\"height\":675,\"caption\":\"Qu'est-ce que les gens se trompent cette semaine: Tom Hanks est-il mauvais?\"},{\"@type\":\"BreadcrumbList\",\"@id\":\"https:\/\/vieassociative.be\/actualites\/quest-ce-que-les-gens-se-trompent-cette-semaine-tom-hanks-est-il-mauvais\/#breadcrumb\",\"itemListElement\":[{\"@type\":\"ListItem\",\"position\":1,\"name\":\"Accueil\",\"item\":\"https:\/\/vieassociative.be\/actualites\/\"},{\"@type\":\"ListItem\",\"position\":2,\"name\":\"Qu&rsquo;est-ce que les gens se trompent cette semaine: Tom Hanks est-il mauvais?\"}]},{\"@type\":\"WebSite\",\"@id\":\"https:\/\/vieassociative.be\/actualites\/#website\",\"url\":\"https:\/\/vieassociative.be\/actualites\/\",\"name\":\"Vie Associative\",\"description\":\"\",\"publisher\":{\"@id\":\"https:\/\/vieassociative.be\/actualites\/#organization\"},\"potentialAction\":[{\"@type\":\"SearchAction\",\"target\":{\"@type\":\"EntryPoint\",\"urlTemplate\":\"https:\/\/vieassociative.be\/actualites\/?s={search_term_string}\"},\"query-input\":{\"@type\":\"PropertyValueSpecification\",\"valueRequired\":true,\"valueName\":\"search_term_string\"}}],\"inLanguage\":\"fr-BE\"},{\"@type\":\"Organization\",\"@id\":\"https:\/\/vieassociative.be\/actualites\/#organization\",\"name\":\"Vie Associative\",\"url\":\"https:\/\/vieassociative.be\/actualites\/\",\"logo\":{\"@type\":\"ImageObject\",\"inLanguage\":\"fr-BE\",\"@id\":\"https:\/\/vieassociative.be\/actualites\/#\/schema\/logo\/image\/\",\"url\":\"https:\/\/vieassociative.be\/actualites\/wp-content\/uploads\/2024\/09\/cropped-vieassociative_favicon.ico.png\",\"contentUrl\":\"https:\/\/vieassociative.be\/actualites\/wp-content\/uploads\/2024\/09\/cropped-vieassociative_favicon.ico.png\",\"width\":512,\"height\":512,\"caption\":\"Vie Associative\"},\"image\":{\"@id\":\"https:\/\/vieassociative.be\/actualites\/#\/schema\/logo\/image\/\"}},{\"@type\":\"Person\",\"@id\":\"https:\/\/vieassociative.be\/actualites\/#\/schema\/person\/b87ac4f82f9d4e7b7cec7395b679edc4\",\"name\":\"Julien\",\"image\":{\"@type\":\"ImageObject\",\"inLanguage\":\"fr-BE\",\"@id\":\"https:\/\/vieassociative.be\/actualites\/#\/schema\/person\/image\/\",\"url\":\"https:\/\/vieassociative.be\/actualites\/wp-content\/uploads\/2024\/09\/vie-associative-1-150x150.jpg\",\"contentUrl\":\"https:\/\/vieassociative.be\/actualites\/wp-content\/uploads\/2024\/09\/vie-associative-1-150x150.jpg\",\"caption\":\"Julien\"},\"description\":\"Je suis Julien, r\u00e9dacteur pour Vie Associative. Passionn\u00e9 par le monde associatif depuis plus de 10 ans, j'ai \u00e0 c\u0153ur de partager des histoires inspirantes et de mettre en lumi\u00e8re les initiatives locales. Mon objectif est de sensibiliser et d'encourager l'engagement communautaire \u00e0 travers mes articles.\",\"sameAs\":[\"https:\/\/vieassociative.be\/\"]}]}<\/script>\n<!-- \/ Yoast SEO plugin. -->","yoast_head_json":{"title":"Qu'est-ce que les gens se trompent cette semaine: Tom Hanks est-il mauvais? | Vie Associative","robots":{"index":"index","follow":"follow","max-snippet":"max-snippet:-1","max-image-preview":"max-image-preview:large","max-video-preview":"max-video-preview:-1"},"canonical":"https:\/\/vieassociative.be\/actualites\/quest-ce-que-les-gens-se-trompent-cette-semaine-tom-hanks-est-il-mauvais\/","og_locale":"fr_FR","og_type":"article","og_title":"Qu'est-ce que les gens se trompent cette semaine: Tom Hanks est-il mauvais? | Vie Associative","og_description":"Beaucoup de gens d\u00e9testent Tom Hanks. C&rsquo;est bizarre. Lorsque je v\u00e9rifie Internet pour les personnes qui se trompent sur les choses, quelques noms semblent fr\u00e9quemment","og_url":"https:\/\/vieassociative.be\/actualites\/quest-ce-que-les-gens-se-trompent-cette-semaine-tom-hanks-est-il-mauvais\/","og_site_name":"Vie Associative","article_published_time":"2025-02-28T16:18:17+00:00","og_image":[{"width":279,"height":92,"url":"https:\/\/vieassociative.be\/actualites\/wp-content\/uploads\/2024\/09\/header_backgroundk-01-e1726694325946.png","type":"image\/png"}],"author":"Julien","twitter_card":"summary_large_image","twitter_misc":{"\u00c9crit par":"Julien","Dur\u00e9e de lecture est.":"4 minutes"},"schema":{"@context":"https:\/\/schema.org","@graph":[{"@type":"Article","@id":"https:\/\/vieassociative.be\/actualites\/quest-ce-que-les-gens-se-trompent-cette-semaine-tom-hanks-est-il-mauvais\/#article","isPartOf":{"@id":"https:\/\/vieassociative.be\/actualites\/quest-ce-que-les-gens-se-trompent-cette-semaine-tom-hanks-est-il-mauvais\/"},"author":{"name":"Julien","@id":"https:\/\/vieassociative.be\/actualites\/#\/schema\/person\/b87ac4f82f9d4e7b7cec7395b679edc4"},"headline":"Qu&rsquo;est-ce que les gens se trompent cette semaine: Tom Hanks est-il mauvais?","datePublished":"2025-02-28T16:18:17+00:00","dateModified":"2025-02-28T16:18:17+00:00","mainEntityOfPage":{"@id":"https:\/\/vieassociative.be\/actualites\/quest-ce-que-les-gens-se-trompent-cette-semaine-tom-hanks-est-il-mauvais\/"},"wordCount":897,"publisher":{"@id":"https:\/\/vieassociative.be\/actualites\/#organization"},"image":{"@id":"https:\/\/vieassociative.be\/actualites\/quest-ce-que-les-gens-se-trompent-cette-semaine-tom-hanks-est-il-mauvais\/#primaryimage"},"thumbnailUrl":"https:\/\/vieassociative.be\/actualites\/wp-content\/uploads\/2025\/02\/Quest-ce-que-les-gens-se-trompent-cette-semaine-Tom-Hanks.jpg","keywords":["cette","estil","gens","Hanks","Les","mauvais","Questce","semaine","Tom","trompent"],"articleSection":["Divertissement"],"inLanguage":"fr-BE"},{"@type":"WebPage","@id":"https:\/\/vieassociative.be\/actualites\/quest-ce-que-les-gens-se-trompent-cette-semaine-tom-hanks-est-il-mauvais\/","url":"https:\/\/vieassociative.be\/actualites\/quest-ce-que-les-gens-se-trompent-cette-semaine-tom-hanks-est-il-mauvais\/","name":"Qu'est-ce que les gens se trompent cette semaine: Tom Hanks est-il mauvais? | Vie Associative","isPartOf":{"@id":"https:\/\/vieassociative.be\/actualites\/#website"},"primaryImageOfPage":{"@id":"https:\/\/vieassociative.be\/actualites\/quest-ce-que-les-gens-se-trompent-cette-semaine-tom-hanks-est-il-mauvais\/#primaryimage"},"image":{"@id":"https:\/\/vieassociative.be\/actualites\/quest-ce-que-les-gens-se-trompent-cette-semaine-tom-hanks-est-il-mauvais\/#primaryimage"},"thumbnailUrl":"https:\/\/vieassociative.be\/actualites\/wp-content\/uploads\/2025\/02\/Quest-ce-que-les-gens-se-trompent-cette-semaine-Tom-Hanks.jpg","datePublished":"2025-02-28T16:18:17+00:00","dateModified":"2025-02-28T16:18:17+00:00","breadcrumb":{"@id":"https:\/\/vieassociative.be\/actualites\/quest-ce-que-les-gens-se-trompent-cette-semaine-tom-hanks-est-il-mauvais\/#breadcrumb"},"inLanguage":"fr-BE","potentialAction":[{"@type":"ReadAction","target":["https:\/\/vieassociative.be\/actualites\/quest-ce-que-les-gens-se-trompent-cette-semaine-tom-hanks-est-il-mauvais\/"]}]},{"@type":"ImageObject","inLanguage":"fr-BE","@id":"https:\/\/vieassociative.be\/actualites\/quest-ce-que-les-gens-se-trompent-cette-semaine-tom-hanks-est-il-mauvais\/#primaryimage","url":"https:\/\/vieassociative.be\/actualites\/wp-content\/uploads\/2025\/02\/Quest-ce-que-les-gens-se-trompent-cette-semaine-Tom-Hanks.jpg","contentUrl":"https:\/\/vieassociative.be\/actualites\/wp-content\/uploads\/2025\/02\/Quest-ce-que-les-gens-se-trompent-cette-semaine-Tom-Hanks.jpg","width":1200,"height":675,"caption":"Qu'est-ce que les gens se trompent cette semaine: Tom Hanks est-il mauvais?"},{"@type":"BreadcrumbList","@id":"https:\/\/vieassociative.be\/actualites\/quest-ce-que-les-gens-se-trompent-cette-semaine-tom-hanks-est-il-mauvais\/#breadcrumb","itemListElement":[{"@type":"ListItem","position":1,"name":"Accueil","item":"https:\/\/vieassociative.be\/actualites\/"},{"@type":"ListItem","position":2,"name":"Qu&rsquo;est-ce que les gens se trompent cette semaine: Tom Hanks est-il mauvais?"}]},{"@type":"WebSite","@id":"https:\/\/vieassociative.be\/actualites\/#website","url":"https:\/\/vieassociative.be\/actualites\/","name":"Vie Associative","description":"","publisher":{"@id":"https:\/\/vieassociative.be\/actualites\/#organization"},"potentialAction":[{"@type":"SearchAction","target":{"@type":"EntryPoint","urlTemplate":"https:\/\/vieassociative.be\/actualites\/?s={search_term_string}"},"query-input":{"@type":"PropertyValueSpecification","valueRequired":true,"valueName":"search_term_string"}}],"inLanguage":"fr-BE"},{"@type":"Organization","@id":"https:\/\/vieassociative.be\/actualites\/#organization","name":"Vie Associative","url":"https:\/\/vieassociative.be\/actualites\/","logo":{"@type":"ImageObject","inLanguage":"fr-BE","@id":"https:\/\/vieassociative.be\/actualites\/#\/schema\/logo\/image\/","url":"https:\/\/vieassociative.be\/actualites\/wp-content\/uploads\/2024\/09\/cropped-vieassociative_favicon.ico.png","contentUrl":"https:\/\/vieassociative.be\/actualites\/wp-content\/uploads\/2024\/09\/cropped-vieassociative_favicon.ico.png","width":512,"height":512,"caption":"Vie Associative"},"image":{"@id":"https:\/\/vieassociative.be\/actualites\/#\/schema\/logo\/image\/"}},{"@type":"Person","@id":"https:\/\/vieassociative.be\/actualites\/#\/schema\/person\/b87ac4f82f9d4e7b7cec7395b679edc4","name":"Julien","image":{"@type":"ImageObject","inLanguage":"fr-BE","@id":"https:\/\/vieassociative.be\/actualites\/#\/schema\/person\/image\/","url":"https:\/\/vieassociative.be\/actualites\/wp-content\/uploads\/2024\/09\/vie-associative-1-150x150.jpg","contentUrl":"https:\/\/vieassociative.be\/actualites\/wp-content\/uploads\/2024\/09\/vie-associative-1-150x150.jpg","caption":"Julien"},"description":"Je suis Julien, r\u00e9dacteur pour Vie Associative. Passionn\u00e9 par le monde associatif depuis plus de 10 ans, j'ai \u00e0 c\u0153ur de partager des histoires inspirantes et de mettre en lumi\u00e8re les initiatives locales. Mon objectif est de sensibiliser et d'encourager l'engagement communautaire \u00e0 travers mes articles.","sameAs":["https:\/\/vieassociative.be\/"]}]}},"_links":{"self":[{"href":"https:\/\/vieassociative.be\/actualites\/wp-json\/wp\/v2\/posts\/5494"}],"collection":[{"href":"https:\/\/vieassociative.be\/actualites\/wp-json\/wp\/v2\/posts"}],"about":[{"href":"https:\/\/vieassociative.be\/actualites\/wp-json\/wp\/v2\/types\/post"}],"author":[{"embeddable":true,"href":"https:\/\/vieassociative.be\/actualites\/wp-json\/wp\/v2\/users\/1"}],"replies":[{"embeddable":true,"href":"https:\/\/vieassociative.be\/actualites\/wp-json\/wp\/v2\/comments?post=5494"}],"version-history":[{"count":0,"href":"https:\/\/vieassociative.be\/actualites\/wp-json\/wp\/v2\/posts\/5494\/revisions"}],"wp:featuredmedia":[{"embeddable":true,"href":"https:\/\/vieassociative.be\/actualites\/wp-json\/wp\/v2\/media\/5495"}],"wp:attachment":[{"href":"https:\/\/vieassociative.be\/actualites\/wp-json\/wp\/v2\/media?parent=5494"}],"wp:term":[{"taxonomy":"category","embeddable":true,"href":"https:\/\/vieassociative.be\/actualites\/wp-json\/wp\/v2\/categories?post=5494"},{"taxonomy":"post_tag","embeddable":true,"href":"https:\/\/vieassociative.be\/actualites\/wp-json\/wp\/v2\/tags?post=5494"}],"curies":[{"name":"wp","href":"https:\/\/api.w.org\/{rel}","templated":true}]}}